{"id":2256,"date":"2019-12-09T22:52:36","date_gmt":"2019-12-09T21:52:36","guid":{"rendered":"https:\/\/www.welovecycling.com\/se\/?p=2256"},"modified":"2019-12-09T22:52:36","modified_gmt":"2019-12-09T21:52:36","slug":"fuskas-det-verkligen-mindre","status":"publish","type":"post","link":"https:\/\/www.welovecycling.com\/se\/2019\/12\/09\/fuskas-det-verkligen-mindre\/","title":{"rendered":"Fuskas det verkligen mindre?"},"content":{"rendered":"<p><strong>Cykelv\u00e4rlden, fans och cykelpress blir mer och mer medvetna om fusk. N\u00e4r dopingtesterna \u00e4r h\u00e5rdare \u00e4n n\u00e5gonsin verkar det medicinska fusket faktiskt ha avtagit. Men det finns andra s\u00e4tt att fuska.\u00a0<\/strong><!--more--><\/p>\n<h2><strong>Vassa armb\u00e5gar<\/strong><\/h2>\n<p>2017, \u00a0blev Sagan diskad p\u00e5 TdF och kommisarien h\u00e4nvisade till paragraf 12. 104, Sagans h\u00f6gra armb\u00e5ge skulle enligt beslutet ha orsakat Mark Cavendishs vurpa, upps\u00e5tligt eller inte. Sagan fick \u00e5ka hem. En o\u00e4ndlig m\u00e4ngd videoanalys p\u00e5b\u00f6rjades, b\u00e5de riktigt proffsiga klipp med utf\u00f6rlig analys av varje ruta och en hel del amat\u00f6rer med massor av tyckande.<\/p>\n<lite-youtube videoid=ci6P69_T4p8 params=\"enablejsapi=1\" style=\"background-image: url('https:\/\/i.ytimg.com\/vi_webp\/ci6P69_T4p8\/maxresdefault.webp');\"><\/lite-youtube>\n<p>Det vi kan se i den h\u00e4r analysen \u00e4r att det inte g\u00e5r att bed\u00f6ma huruvida Sagan var medveten om var Cavendish befann sig. Det g\u00e5r inte heller att bed\u00f6ma n\u00e5gon form av upps\u00e5t. Kan man ens p\u00e5st\u00e5 att n\u00e5gon av cyklisterna hade upps\u00e5t, att skada den andre? Det h\u00e4r klippet \u00e4r en av de b\u00e4ttre analyserna. En sak kan vi s\u00e4ga och det \u00e4r att det g\u00e5r hett till n\u00e4r det spurtas.<\/p>\n<lite-youtube videoid=Ya5wNG2ELzg params=\"enablejsapi=1\" style=\"background-image: url('https:\/\/i.ytimg.com\/vi_webp\/Ya5wNG2ELzg\/maxresdefault.webp');\"><\/lite-youtube>\n<h2><strong>Skallen<\/strong><\/h2>\n<p>Under Touren 2010 blev Mark Renshaw diskad och utplockad fr\u00e5n t\u00e4vlingen. Juryn ans\u00e5g att Renshaw hade skallat Julian Dean och efter att ha kollat p\u00e5 klippet s\u00e5 \u00e4r det mycket som tyder p\u00e5 att s\u00e5 var fallet. Julian Dean s\u00e5g ut att just p\u00e5 den etappen kunna utmana Cavendish, men Mark Renshaws vinnarskalle verkade vara f\u00f6r h\u00e5rd, \u00e4ven lite f\u00f6r h\u00e5rd f\u00f6r Mark Renshaws b\u00e4sta tydligen.<\/p>\n<lite-youtube videoid=xz4oc7H1hKc params=\"enablejsapi=1\" style=\"background-image: url('https:\/\/i.ytimg.com\/vi_webp\/xz4oc7H1hKc\/maxresdefault.webp');\"><\/lite-youtube>\n<p>\u00c4ven i somras blev det lite st\u00f6kigt i klungan, b\u00e5de Luke Rowe och Tony Martin fick \u00e5ka hem med svansen mellan benen. Videon visar den h\u00e4ndelse som ledde till diskvalificering men det blir ocks\u00e5 tydligt hur osportsligt vissa cyklister kan agera, det kan m\u00e5nga fans ocks\u00e5 se som fusk. Vem som gjorde mest fel blir i det h\u00e4r l\u00e4get ointressant, b\u00e5da hade ett tydligt upps\u00e5t.<\/p>\n<h2><strong>Spiondrama i den alternativa sanningens tid<\/strong><\/h2>\n<p>Bryan Fogels fantastiska dokument\u00e4r Icarus tydliggjorde hur internationella n\u00e4tverk p\u00e5verkade cykelsporten och resten av all idrott. Dopingproblematiken p\u00e5verkar en stor del av all idrott och filmen visar upp metoder f\u00f6r att manipulera dopingprover som k\u00e4nns som tagna ur en spionfilm fr\u00e5n \u00e5ttiotalet. Metoder f\u00f6r att manipulera tester \u00e4ven n\u00e4r de f\u00f6rvaras i &#8221;s\u00e4kra&#8221; beh\u00e5llare kombineras med hemliga ing\u00e5ngar till labbet.<\/p>\n<lite-youtube videoid=OkKqMhdnZRo params=\"enablejsapi=1\" style=\"background-image: url('https:\/\/i.ytimg.com\/vi_webp\/OkKqMhdnZRo\/maxresdefault.webp');\"><\/lite-youtube>\n<p>Efter att m\u00e5nga politiker anammat den alternativa sanningen kanske testandet blir ointressant om f\u00f6rtroendet f\u00f6r testlabben f\u00f6rsvinner. Om man inte litar p\u00e5 den som utf\u00f6r testet spelar inte Heller resultatet s\u00e4rskilt stor roll.<\/p>\n<h2><strong>Vetenskapsf\u00f6rakt<\/strong><\/h2>\n<p>Kolla in det h\u00e4r klippet fr\u00e5n <a href=\"https:\/\/youtu.be\/kLmzxmRcUTo\">TEDtal<\/a>k\u00a0det handlar om v\u00e5r of\u00f6rm\u00e5ga att f\u00f6rst\u00e5 statistik, och \u00e4n mindre f\u00f6rst\u00e5 medicinska termer och vetenskap. Om nu WADA helt s\u00e4kert kommer att hitta alla f\u00f6rbjudna substanser som finns i ett prov, varf\u00f6r har vi fortfarande problem med doping?<\/p>\n<lite-youtube videoid=2Z9Z83GbQN0 params=\"enablejsapi=1\" style=\"background-image: url('https:\/\/i.ytimg.com\/vi_webp\/2Z9Z83GbQN0\/maxresdefault.webp');\"><\/lite-youtube>\n<p>Det \u00e4r l\u00e4tt att h\u00e5lla med Wiggins om att det enda vi vet om Froomes Salbutamol-fall \u00e4r att han friats fr\u00e5n de misstankar som fanns efter ett test d\u00e4r han hade f\u00f6r h\u00f6ga halter av en astmamedicin som han fick ta. Det verkar som om de fans som inte vill se Froome t\u00e4vla inte heller f\u00f6rst\u00e5r de regler som UCI har. Dessutom litar dom inte p\u00e5 WADAs vetenskapliga bed\u00f6mning. Innan man b\u00f6rjar fundera p\u00e5 att skaffa sig en egen \u00e5sikt i fr\u00e5gan kan den<a href=\"https:\/\/www.cyclist.co.uk\/in-depth\/3924\/into-the-detail-looking-deeper-into-the-froome-salbutamol-case\"> h\u00e4r<\/a> artikeln vara ett bra st\u00e4lle att b\u00f6rja sin f\u00f6rkovran.<\/p>\n","protected":false},"excerpt":{"rendered":"<p>Cykelv\u00e4rlden, fans och cykelpress blir mer och mer medvetna om fusk. N\u00e4r dopingtesterna \u00e4r h\u00e5rdare \u00e4n n\u00e5gonsin verkar det medicinska [&hellip;]<\/p>\n","protected":false},"author":80,"featured_media":2270,"comment_status":"open","ping_status":"open","sticky":false,"template":"","format":"standard","meta":{"footnotes":""},"categories":[5],"tags":[],"global-categories":[],"class_list":["post-2256","post","type-post","status-publish","format-standard","has-post-thumbnail","hentry","category-nyheter"],"yoast_head":"<!-- This site is optimized with the Yoast SEO Premium plugin v25.3 (Yoast SEO v25.9) - https:\/\/yoast.com\/wordpress\/plugins\/seo\/ -->\n<title>Fuskas det verkligen mindre? - \u0160koda - We Love Cycling - Sweden<\/title>\n<meta name=\"robots\" content=\"index, follow, max-snippet:-1, max-image-preview:large, max-video-preview:-1\" \/>\n<link rel=\"canonical\" href=\"https:\/\/www.welovecycling.com\/se\/2019\/12\/09\/fuskas-det-verkligen-mindre\/\" \/>\n<meta property=\"og:locale\" content=\"sv_SE\" \/>\n<meta property=\"og:type\" content=\"article\" \/>\n<meta property=\"og:title\" content=\"Fuskas det verkligen mindre?\" \/>\n<meta property=\"og:description\" content=\"Cykelv\u00e4rlden, fans och cykelpress blir mer och mer medvetna om fusk. N\u00e4r dopingtesterna \u00e4r h\u00e5rdare \u00e4n n\u00e5gonsin verkar det medicinska [&hellip;]\" \/>\n<meta property=\"og:url\" content=\"https:\/\/www.welovecycling.com\/se\/2019\/12\/09\/fuskas-det-verkligen-mindre\/\" \/>\n<meta property=\"og:site_name\" content=\"\u0160koda - We Love Cycling - Sweden\" \/>\n<meta property=\"article:published_time\" content=\"2019-12-09T21:52:36+00:00\" \/>\n<meta property=\"og:image\" content=\"https:\/\/d2p6e6u75xmxt8.cloudfront.net\/9\/2019\/08\/Peter-Sagan-Mark-Cavendish-CVR-profimedia-0340747368-1.jpg\" \/>\n\t<meta property=\"og:image:width\" content=\"1366\" \/>\n\t<meta property=\"og:image:height\" content=\"600\" \/>\n\t<meta property=\"og:image:type\" content=\"image\/jpeg\" \/>\n<meta name=\"author\" content=\"kallebern\" \/>\n<meta name=\"twitter:card\" content=\"summary_large_image\" \/>\n<meta name=\"twitter:label1\" content=\"Written by\" \/>\n\t<meta name=\"twitter:data1\" content=\"Christopher Ashley\" \/>\n\t<meta name=\"twitter:label2\" content=\"Est. reading time\" \/>\n\t<meta name=\"twitter:data2\" content=\"7\" \/>\n<script type=\"application\/ld+json\" class=\"yoast-schema-graph\">{\"@context\":\"https:\/\/schema.org\",\"@graph\":[{\"@type\":\"WebPage\",\"@id\":\"https:\/\/www.welovecycling.com\/se\/2019\/12\/09\/fuskas-det-verkligen-mindre\/\",\"url\":\"https:\/\/www.welovecycling.com\/se\/2019\/12\/09\/fuskas-det-verkligen-mindre\/\",\"name\":\"Fuskas det verkligen mindre? - \u0160koda - We Love Cycling - Sweden\",\"isPartOf\":{\"@id\":\"https:\/\/www.welovecycling.com\/se\/#website\"},\"primaryImageOfPage\":{\"@id\":\"https:\/\/www.welovecycling.com\/se\/2019\/12\/09\/fuskas-det-verkligen-mindre\/#primaryimage\"},\"image\":{\"@id\":\"https:\/\/www.welovecycling.com\/se\/2019\/12\/09\/fuskas-det-verkligen-mindre\/#primaryimage\"},\"thumbnailUrl\":\"https:\/\/d2p6e6u75xmxt8.cloudfront.net\/9\/2019\/08\/Peter-Sagan-Mark-Cavendish-CVR-profimedia-0340747368-1.jpg\",\"datePublished\":\"2019-12-09T21:52:36+00:00\",\"author\":{\"@id\":\"https:\/\/www.welovecycling.com\/se\/#\/schema\/person\/cf0db6969fc5aa4e230760e09dde1f45\"},\"breadcrumb\":{\"@id\":\"https:\/\/www.welovecycling.com\/se\/2019\/12\/09\/fuskas-det-verkligen-mindre\/#breadcrumb\"},\"inLanguage\":\"sv-SE\",\"potentialAction\":[{\"@type\":\"ReadAction\",\"target\":[\"https:\/\/www.welovecycling.com\/se\/2019\/12\/09\/fuskas-det-verkligen-mindre\/\"]}]},{\"@type\":\"ImageObject\",\"inLanguage\":\"sv-SE\",\"@id\":\"https:\/\/www.welovecycling.com\/se\/2019\/12\/09\/fuskas-det-verkligen-mindre\/#primaryimage\",\"url\":\"https:\/\/d2p6e6u75xmxt8.cloudfront.net\/9\/2019\/08\/Peter-Sagan-Mark-Cavendish-CVR-profimedia-0340747368-1.jpg\",\"contentUrl\":\"https:\/\/d2p6e6u75xmxt8.cloudfront.net\/9\/2019\/08\/Peter-Sagan-Mark-Cavendish-CVR-profimedia-0340747368-1.jpg\",\"width\":1366,\"height\":600},{\"@type\":\"BreadcrumbList\",\"@id\":\"https:\/\/www.welovecycling.com\/se\/2019\/12\/09\/fuskas-det-verkligen-mindre\/#breadcrumb\",\"itemListElement\":[{\"@type\":\"ListItem\",\"position\":1,\"name\":\"Home\",\"item\":\"https:\/\/www.welovecycling.com\/se\/\"},{\"@type\":\"ListItem\",\"position\":2,\"name\":\"Fuskas det verkligen mindre?\"}]},{\"@type\":\"WebSite\",\"@id\":\"https:\/\/www.welovecycling.com\/se\/#website\",\"url\":\"https:\/\/www.welovecycling.com\/se\/\",\"name\":\"\u0160koda - We Love Cycling - Sweden\",\"description\":\"\u0160koda We Love Cycling - Sweden\",\"potentialAction\":[{\"@type\":\"SearchAction\",\"target\":{\"@type\":\"EntryPoint\",\"urlTemplate\":\"https:\/\/www.welovecycling.com\/se\/?s={search_term_string}\"},\"query-input\":{\"@type\":\"PropertyValueSpecification\",\"valueRequired\":true,\"valueName\":\"search_term_string\"}}],\"inLanguage\":\"sv-SE\"},{\"@type\":\"Person\",\"@id\":\"https:\/\/www.welovecycling.com\/se\/#\/schema\/person\/cf0db6969fc5aa4e230760e09dde1f45\",\"name\":\"kallebern\",\"image\":{\"@type\":\"ImageObject\",\"inLanguage\":\"sv-SE\",\"@id\":\"https:\/\/www.welovecycling.com\/se\/#\/schema\/person\/image\/\",\"url\":\"https:\/\/secure.gravatar.com\/avatar\/aa7179ed680d67575eb51f63c5b61904173a0d3f6f176fe19385d5dbb376c145?s=96&d=mm&r=g\",\"contentUrl\":\"https:\/\/secure.gravatar.com\/avatar\/aa7179ed680d67575eb51f63c5b61904173a0d3f6f176fe19385d5dbb376c145?s=96&d=mm&r=g\",\"caption\":\"kallebern\"},\"url\":\"https:\/\/www.welovecycling.com\/se\/author\/kallebern\/\"}]}<\/script>\n<!-- \/ Yoast SEO Premium plugin. -->","yoast_head_json":{"title":"Fuskas det verkligen mindre? - \u0160koda - We Love Cycling - Sweden","robots":{"index":"index","follow":"follow","max-snippet":"max-snippet:-1","max-image-preview":"max-image-preview:large","max-video-preview":"max-video-preview:-1"},"canonical":"https:\/\/www.welovecycling.com\/se\/2019\/12\/09\/fuskas-det-verkligen-mindre\/","og_locale":"sv_SE","og_type":"article","og_title":"Fuskas det verkligen mindre?","og_description":"Cykelv\u00e4rlden, fans och cykelpress blir mer och mer medvetna om fusk. N\u00e4r dopingtesterna \u00e4r h\u00e5rdare \u00e4n n\u00e5gonsin verkar det medicinska [&hellip;]","og_url":"https:\/\/www.welovecycling.com\/se\/2019\/12\/09\/fuskas-det-verkligen-mindre\/","og_site_name":"\u0160koda - We Love Cycling - Sweden","article_published_time":"2019-12-09T21:52:36+00:00","og_image":[{"width":1366,"height":600,"url":"https:\/\/d2p6e6u75xmxt8.cloudfront.net\/9\/2019\/08\/Peter-Sagan-Mark-Cavendish-CVR-profimedia-0340747368-1.jpg","type":"image\/jpeg"}],"author":"kallebern","twitter_card":"summary_large_image","twitter_misc":{"Written by":"Christopher Ashley","Est. reading time":"7"},"schema":{"@context":"https:\/\/schema.org","@graph":[{"@type":"WebPage","@id":"https:\/\/www.welovecycling.com\/se\/2019\/12\/09\/fuskas-det-verkligen-mindre\/","url":"https:\/\/www.welovecycling.com\/se\/2019\/12\/09\/fuskas-det-verkligen-mindre\/","name":"Fuskas det verkligen mindre? - \u0160koda - We Love Cycling - Sweden","isPartOf":{"@id":"https:\/\/www.welovecycling.com\/se\/#website"},"primaryImageOfPage":{"@id":"https:\/\/www.welovecycling.com\/se\/2019\/12\/09\/fuskas-det-verkligen-mindre\/#primaryimage"},"image":{"@id":"https:\/\/www.welovecycling.com\/se\/2019\/12\/09\/fuskas-det-verkligen-mindre\/#primaryimage"},"thumbnailUrl":"https:\/\/d2p6e6u75xmxt8.cloudfront.net\/9\/2019\/08\/Peter-Sagan-Mark-Cavendish-CVR-profimedia-0340747368-1.jpg","datePublished":"2019-12-09T21:52:36+00:00","author":{"@id":"https:\/\/www.welovecycling.com\/se\/#\/schema\/person\/cf0db6969fc5aa4e230760e09dde1f45"},"breadcrumb":{"@id":"https:\/\/www.welovecycling.com\/se\/2019\/12\/09\/fuskas-det-verkligen-mindre\/#breadcrumb"},"inLanguage":"sv-SE","potentialAction":[{"@type":"ReadAction","target":["https:\/\/www.welovecycling.com\/se\/2019\/12\/09\/fuskas-det-verkligen-mindre\/"]}]},{"@type":"ImageObject","inLanguage":"sv-SE","@id":"https:\/\/www.welovecycling.com\/se\/2019\/12\/09\/fuskas-det-verkligen-mindre\/#primaryimage","url":"https:\/\/d2p6e6u75xmxt8.cloudfront.net\/9\/2019\/08\/Peter-Sagan-Mark-Cavendish-CVR-profimedia-0340747368-1.jpg","contentUrl":"https:\/\/d2p6e6u75xmxt8.cloudfront.net\/9\/2019\/08\/Peter-Sagan-Mark-Cavendish-CVR-profimedia-0340747368-1.jpg","width":1366,"height":600},{"@type":"BreadcrumbList","@id":"https:\/\/www.welovecycling.com\/se\/2019\/12\/09\/fuskas-det-verkligen-mindre\/#breadcrumb","itemListElement":[{"@type":"ListItem","position":1,"name":"Home","item":"https:\/\/www.welovecycling.com\/se\/"},{"@type":"ListItem","position":2,"name":"Fuskas det verkligen mindre?"}]},{"@type":"WebSite","@id":"https:\/\/www.welovecycling.com\/se\/#website","url":"https:\/\/www.welovecycling.com\/se\/","name":"\u0160koda - We Love Cycling - Sweden","description":"\u0160koda We Love Cycling - Sweden","potentialAction":[{"@type":"SearchAction","target":{"@type":"EntryPoint","urlTemplate":"https:\/\/www.welovecycling.com\/se\/?s={search_term_string}"},"query-input":{"@type":"PropertyValueSpecification","valueRequired":true,"valueName":"search_term_string"}}],"inLanguage":"sv-SE"},{"@type":"Person","@id":"https:\/\/www.welovecycling.com\/se\/#\/schema\/person\/cf0db6969fc5aa4e230760e09dde1f45","name":"kallebern","image":{"@type":"ImageObject","inLanguage":"sv-SE","@id":"https:\/\/www.welovecycling.com\/se\/#\/schema\/person\/image\/","url":"https:\/\/secure.gravatar.com\/avatar\/aa7179ed680d67575eb51f63c5b61904173a0d3f6f176fe19385d5dbb376c145?s=96&d=mm&r=g","contentUrl":"https:\/\/secure.gravatar.com\/avatar\/aa7179ed680d67575eb51f63c5b61904173a0d3f6f176fe19385d5dbb376c145?s=96&d=mm&r=g","caption":"kallebern"},"url":"https:\/\/www.welovecycling.com\/se\/author\/kallebern\/"}]}},"_links":{"self":[{"href":"https:\/\/www.welovecycling.com\/se\/wp-json\/wp\/v2\/posts\/2256","targetHints":{"allow":["GET"]}}],"collection":[{"href":"https:\/\/www.welovecycling.com\/se\/wp-json\/wp\/v2\/posts"}],"about":[{"href":"https:\/\/www.welovecycling.com\/se\/wp-json\/wp\/v2\/types\/post"}],"author":[{"embeddable":true,"href":"https:\/\/www.welovecycling.com\/se\/wp-json\/wp\/v2\/users\/80"}],"replies":[{"embeddable":true,"href":"https:\/\/www.welovecycling.com\/se\/wp-json\/wp\/v2\/comments?post=2256"}],"version-history":[{"count":2,"href":"https:\/\/www.welovecycling.com\/se\/wp-json\/wp\/v2\/posts\/2256\/revisions"}],"predecessor-version":[{"id":2468,"href":"https:\/\/www.welovecycling.com\/se\/wp-json\/wp\/v2\/posts\/2256\/revisions\/2468"}],"wp:featuredmedia":[{"embeddable":true,"href":"https:\/\/www.welovecycling.com\/se\/wp-json\/wp\/v2\/media\/2270"}],"wp:attachment":[{"href":"https:\/\/www.welovecycling.com\/se\/wp-json\/wp\/v2\/media?parent=2256"}],"wp:term":[{"taxonomy":"category","embeddable":true,"href":"https:\/\/www.welovecycling.com\/se\/wp-json\/wp\/v2\/categories?post=2256"},{"taxonomy":"post_tag","embeddable":true,"href":"https:\/\/www.welovecycling.com\/se\/wp-json\/wp\/v2\/tags?post=2256"},{"taxonomy":"global-categories","embeddable":true,"href":"https:\/\/www.welovecycling.com\/se\/wp-json\/wp\/v2\/global-categories?post=2256"}],"curies":[{"name":"wp","href":"https:\/\/api.w.org\/{rel}","templated":true}]}}