{"id":2179,"date":"2019-03-29T19:30:07","date_gmt":"2019-03-29T18:30:07","guid":{"rendered":"https:\/\/www.welovecycling.com\/se\/?p=2179"},"modified":"2019-05-29T19:35:05","modified_gmt":"2019-05-29T18:35:05","slug":"valkommen-till-skoda-cykeltraffar","status":"publish","type":"post","link":"https:\/\/www.welovecycling.com\/se\/2019\/03\/29\/valkommen-till-skoda-cykeltraffar\/","title":{"rendered":"V\u00e4lkommen till \u0160koda Cykeltr\u00e4ffar"},"content":{"rendered":"<p>&nbsp;<\/p>\n<p><span style=\"font-weight: 400;\">V\u00e4lkommen till en kv\u00e4ll p\u00e5 temat cykling och V\u00e4tternrundan. Tillsammans med partners ger vi dig v\u00e4rdefulla tips inf\u00f6r cykels\u00e4songen och V\u00e4tternrundan. L\u00e4r dig mer om hur du kan maximera tr\u00e4ningen, tekniken och utrustningen f\u00f6r att utvecklas som cyklist, klara V\u00e4tternrundan och f\u00e5 \u00e4nnu roligare cykelrundor. <\/span><\/p>\n<p><span style=\"font-weight: 400;\">Dessutom finns \u0160koda Cycling Team p\u00e5 plats som ber\u00e4ttar om hur man g\u00f6r f\u00f6r att cykla riktigt snabbt runt V\u00e4ttern. Kv\u00e4llen inneh\u00e5ller korta och praktiska f\u00f6rel\u00e4sningar i v\u00e5r bilhall om bland annat tr\u00e4ning, kost och utrustning &#8211; den perfekta uppladdningen inf\u00f6r V\u00e4tternrundan!<\/span><\/p>\n<p><b>Cykel\u00e4ventyraren Fredrika Ek<\/b><\/p>\n<p><span style=\"font-weight: 400;\">P\u00e5 plats finns \u00e4ven \u201dEuropean Adventurer of the Year\u201d \u00e4ventyraren och f\u00f6rfattaren Fredrika Ek. H\u00f6r henne ber\u00e4tta om sin otroliga solocykling runt jorden p\u00e5 1000 dagar. Just nu \u00e4r Fredrika aktuell med boken \u201dJorden runt \u00a0p\u00e5 1000 dagar\u201d, en bok hon f\u00e5tt mycket uppm\u00e4rksamhet f\u00f6r i TV och media.<\/span><\/p>\n<p><span style=\"font-weight: 400;\">Vi \u00f6ppnar d\u00f6rrarna 17:30, startar f\u00f6rel\u00e4sningarna 18:00 och avslutar senast 21:00.<\/span><\/p>\n<p><span style=\"font-weight: 400;\">Under kv\u00e4llen bjuder vi p\u00e5 enklare mat och dryck.<\/span><\/p>\n<p><img loading=\"lazy\" decoding=\"async\" class=\"alignleft size-large wp-image-2108\" src=\"https:\/\/d2p6e6u75xmxt8.cloudfront.net\/9\/2019\/04\/Fredrika-1024x683.jpg\" alt=\"\" width=\"1024\" height=\"683\" srcset=\"https:\/\/d2p6e6u75xmxt8.cloudfront.net\/9\/2019\/04\/Fredrika.jpg 1024w, https:\/\/d2p6e6u75xmxt8.cloudfront.net\/9\/2019\/04\/Fredrika-300x200.jpg 300w, https:\/\/d2p6e6u75xmxt8.cloudfront.net\/9\/2019\/04\/Fredrika-768x512.jpg 768w, https:\/\/d2p6e6u75xmxt8.cloudfront.net\/9\/2019\/04\/Fredrika-272x182.jpg 272w\" sizes=\"auto, (max-width: 1024px) 100vw, 1024px\" \/><\/p>\n<p>&nbsp;<\/p>\n<h2><\/h2>\n<h2><\/h2>\n<h2><\/h2>\n<h2>Anm\u00e4l dig<\/h2>\n<div>Motala 23\/4<\/div>\n<div>V\u00e4ster\u00e5s 24\/4<\/div>\n<div>Stockholm, T\u00e4by 29\/4<\/div>\n<div>Stockholm, Haninge 2\/5<\/div>\n<div>Helsingborg 6\/5<\/div>\n<div>Malm\u00f6 7\/5<\/div>\n<div>Kristianstad 8\/5<\/div>\n<div>Kalmar 13\/5<\/div>\n<div>Sk\u00f6vde 14\/5<\/div>\n<div>Norrk\u00f6ping 15\/5<\/div>\n<div>V\u00e4xj\u00f6 20\/5<\/div>\n<div>Halmstad 21\/5<\/div>\n<div>Alings\u00e5s 22\/5<\/div>\n<div>J\u00f6nk\u00f6ping 23\/5<\/div>\n<div>Borl\u00e4nge 27\/5<\/div>\n<div>Ume\u00e5 28\/5<\/div>\n<div>\u00d6rnsk\u00f6ldsvik 29\/5<\/div>\n<div><a href=\"https:\/\/events.skoda.se\/rsvp\/40148\/cykelkvallorebro\">\u00d6rebro 3\/6<\/a><\/div>\n<div><a href=\"https:\/\/events.skoda.se\/rsvp\/40665\/cykelkvalluppsala\">Uppsala 4\/6<\/a><\/div>\n<div><a href=\"https:\/\/events.skoda.se\/rsvp\/40104\/cykelkvallsatra\">Stockholm, S\u00e4tra 5\/6<\/a><\/div>\n","protected":false},"excerpt":{"rendered":"<p>&nbsp; V\u00e4lkommen till en kv\u00e4ll p\u00e5 temat cykling och V\u00e4tternrundan. Tillsammans med partners ger vi dig v\u00e4rdefulla tips inf\u00f6r cykels\u00e4songen [&hellip;]<\/p>\n","protected":false},"author":52,"featured_media":843,"comment_status":"open","ping_status":"open","sticky":false,"template":"","format":"standard","meta":{"footnotes":""},"categories":[5],"tags":[],"global-categories":[],"class_list":["post-2179","post","type-post","status-publish","format-standard","has-post-thumbnail","hentry","category-nyheter"],"yoast_head":"<!-- This site is optimized with the Yoast SEO Premium plugin v25.3 (Yoast SEO v25.9) - https:\/\/yoast.com\/wordpress\/plugins\/seo\/ -->\n<title>V\u00e4lkommen till \u0160koda Cykeltr\u00e4ffar - \u0160koda - We Love Cycling - Sweden<\/title>\n<meta name=\"robots\" content=\"index, follow, max-snippet:-1, max-image-preview:large, max-video-preview:-1\" \/>\n<link rel=\"canonical\" href=\"https:\/\/www.welovecycling.com\/se\/2019\/03\/29\/valkommen-till-skoda-cykeltraffar\/\" \/>\n<meta property=\"og:locale\" content=\"sv_SE\" \/>\n<meta property=\"og:type\" content=\"article\" \/>\n<meta property=\"og:title\" content=\"V\u00e4lkommen till \u0160koda Cykeltr\u00e4ffar\" \/>\n<meta property=\"og:description\" content=\"&nbsp; V\u00e4lkommen till en kv\u00e4ll p\u00e5 temat cykling och V\u00e4tternrundan. Tillsammans med partners ger vi dig v\u00e4rdefulla tips inf\u00f6r cykels\u00e4songen [&hellip;]\" \/>\n<meta property=\"og:url\" content=\"https:\/\/www.welovecycling.com\/se\/2019\/03\/29\/valkommen-till-skoda-cykeltraffar\/\" \/>\n<meta property=\"og:site_name\" content=\"\u0160koda - We Love Cycling - Sweden\" \/>\n<meta property=\"article:published_time\" content=\"2019-03-29T18:30:07+00:00\" \/>\n<meta property=\"article:modified_time\" content=\"2019-05-29T18:35:05+00:00\" \/>\n<meta property=\"og:image\" content=\"https:\/\/d2p6e6u75xmxt8.cloudfront.net\/9\/2018\/04\/Bildexport-1.jpg\" \/>\n\t<meta property=\"og:image:width\" content=\"1200\" \/>\n\t<meta property=\"og:image:height\" content=\"690\" \/>\n\t<meta property=\"og:image:type\" content=\"image\/jpeg\" \/>\n<meta name=\"author\" content=\"erikleonsson\" \/>\n<meta name=\"twitter:card\" content=\"summary_large_image\" \/>\n<meta name=\"twitter:label1\" content=\"Written by\" \/>\n\t<meta name=\"twitter:data1\" content=\"erikleonsson\" \/>\n\t<meta name=\"twitter:label2\" content=\"Est. reading time\" \/>\n\t<meta name=\"twitter:data2\" content=\"1 minute\" \/>\n<script type=\"application\/ld+json\" class=\"yoast-schema-graph\">{\"@context\":\"https:\/\/schema.org\",\"@graph\":[{\"@type\":\"WebPage\",\"@id\":\"https:\/\/www.welovecycling.com\/se\/2019\/03\/29\/valkommen-till-skoda-cykeltraffar\/\",\"url\":\"https:\/\/www.welovecycling.com\/se\/2019\/03\/29\/valkommen-till-skoda-cykeltraffar\/\",\"name\":\"V\u00e4lkommen till \u0160koda Cykeltr\u00e4ffar - \u0160koda - We Love Cycling - Sweden\",\"isPartOf\":{\"@id\":\"https:\/\/www.welovecycling.com\/se\/#website\"},\"primaryImageOfPage\":{\"@id\":\"https:\/\/www.welovecycling.com\/se\/2019\/03\/29\/valkommen-till-skoda-cykeltraffar\/#primaryimage\"},\"image\":{\"@id\":\"https:\/\/www.welovecycling.com\/se\/2019\/03\/29\/valkommen-till-skoda-cykeltraffar\/#primaryimage\"},\"thumbnailUrl\":\"https:\/\/d2p6e6u75xmxt8.cloudfront.net\/9\/2018\/04\/Bildexport-1.jpg\",\"datePublished\":\"2019-03-29T18:30:07+00:00\",\"dateModified\":\"2019-05-29T18:35:05+00:00\",\"author\":{\"@id\":\"https:\/\/www.welovecycling.com\/se\/#\/schema\/person\/037f34ad5d6e77accab8a3eff6ad7a0c\"},\"breadcrumb\":{\"@id\":\"https:\/\/www.welovecycling.com\/se\/2019\/03\/29\/valkommen-till-skoda-cykeltraffar\/#breadcrumb\"},\"inLanguage\":\"sv-SE\",\"potentialAction\":[{\"@type\":\"ReadAction\",\"target\":[\"https:\/\/www.welovecycling.com\/se\/2019\/03\/29\/valkommen-till-skoda-cykeltraffar\/\"]}]},{\"@type\":\"ImageObject\",\"inLanguage\":\"sv-SE\",\"@id\":\"https:\/\/www.welovecycling.com\/se\/2019\/03\/29\/valkommen-till-skoda-cykeltraffar\/#primaryimage\",\"url\":\"https:\/\/d2p6e6u75xmxt8.cloudfront.net\/9\/2018\/04\/Bildexport-1.jpg\",\"contentUrl\":\"https:\/\/d2p6e6u75xmxt8.cloudfront.net\/9\/2018\/04\/Bildexport-1.jpg\",\"width\":1200,\"height\":690},{\"@type\":\"BreadcrumbList\",\"@id\":\"https:\/\/www.welovecycling.com\/se\/2019\/03\/29\/valkommen-till-skoda-cykeltraffar\/#breadcrumb\",\"itemListElement\":[{\"@type\":\"ListItem\",\"position\":1,\"name\":\"Home\",\"item\":\"https:\/\/www.welovecycling.com\/se\/\"},{\"@type\":\"ListItem\",\"position\":2,\"name\":\"V\u00e4lkommen till \u0160koda Cykeltr\u00e4ffar\"}]},{\"@type\":\"WebSite\",\"@id\":\"https:\/\/www.welovecycling.com\/se\/#website\",\"url\":\"https:\/\/www.welovecycling.com\/se\/\",\"name\":\"\u0160koda - We Love Cycling - Sweden\",\"description\":\"\u0160koda We Love Cycling - Sweden\",\"potentialAction\":[{\"@type\":\"SearchAction\",\"target\":{\"@type\":\"EntryPoint\",\"urlTemplate\":\"https:\/\/www.welovecycling.com\/se\/?s={search_term_string}\"},\"query-input\":{\"@type\":\"PropertyValueSpecification\",\"valueRequired\":true,\"valueName\":\"search_term_string\"}}],\"inLanguage\":\"sv-SE\"},{\"@type\":\"Person\",\"@id\":\"https:\/\/www.welovecycling.com\/se\/#\/schema\/person\/037f34ad5d6e77accab8a3eff6ad7a0c\",\"name\":\"erikleonsson\",\"image\":{\"@type\":\"ImageObject\",\"inLanguage\":\"sv-SE\",\"@id\":\"https:\/\/www.welovecycling.com\/se\/#\/schema\/person\/image\/\",\"url\":\"https:\/\/secure.gravatar.com\/avatar\/788a593b0a657d6864c271709722f9cd586caa5a645e77f71fe625396b02677c?s=96&d=mm&r=g\",\"contentUrl\":\"https:\/\/secure.gravatar.com\/avatar\/788a593b0a657d6864c271709722f9cd586caa5a645e77f71fe625396b02677c?s=96&d=mm&r=g\",\"caption\":\"erikleonsson\"},\"url\":\"https:\/\/www.welovecycling.com\/se\/author\/erikleonsson\/\"}]}<\/script>\n<!-- \/ Yoast SEO Premium plugin. -->","yoast_head_json":{"title":"V\u00e4lkommen till \u0160koda Cykeltr\u00e4ffar - \u0160koda - We Love Cycling - Sweden","robots":{"index":"index","follow":"follow","max-snippet":"max-snippet:-1","max-image-preview":"max-image-preview:large","max-video-preview":"max-video-preview:-1"},"canonical":"https:\/\/www.welovecycling.com\/se\/2019\/03\/29\/valkommen-till-skoda-cykeltraffar\/","og_locale":"sv_SE","og_type":"article","og_title":"V\u00e4lkommen till \u0160koda Cykeltr\u00e4ffar","og_description":"&nbsp; V\u00e4lkommen till en kv\u00e4ll p\u00e5 temat cykling och V\u00e4tternrundan. Tillsammans med partners ger vi dig v\u00e4rdefulla tips inf\u00f6r cykels\u00e4songen [&hellip;]","og_url":"https:\/\/www.welovecycling.com\/se\/2019\/03\/29\/valkommen-till-skoda-cykeltraffar\/","og_site_name":"\u0160koda - We Love Cycling - Sweden","article_published_time":"2019-03-29T18:30:07+00:00","article_modified_time":"2019-05-29T18:35:05+00:00","og_image":[{"width":1200,"height":690,"url":"https:\/\/d2p6e6u75xmxt8.cloudfront.net\/9\/2018\/04\/Bildexport-1.jpg","type":"image\/jpeg"}],"author":"erikleonsson","twitter_card":"summary_large_image","twitter_misc":{"Written by":"erikleonsson","Est. reading time":"1 minute"},"schema":{"@context":"https:\/\/schema.org","@graph":[{"@type":"WebPage","@id":"https:\/\/www.welovecycling.com\/se\/2019\/03\/29\/valkommen-till-skoda-cykeltraffar\/","url":"https:\/\/www.welovecycling.com\/se\/2019\/03\/29\/valkommen-till-skoda-cykeltraffar\/","name":"V\u00e4lkommen till \u0160koda Cykeltr\u00e4ffar - \u0160koda - We Love Cycling - Sweden","isPartOf":{"@id":"https:\/\/www.welovecycling.com\/se\/#website"},"primaryImageOfPage":{"@id":"https:\/\/www.welovecycling.com\/se\/2019\/03\/29\/valkommen-till-skoda-cykeltraffar\/#primaryimage"},"image":{"@id":"https:\/\/www.welovecycling.com\/se\/2019\/03\/29\/valkommen-till-skoda-cykeltraffar\/#primaryimage"},"thumbnailUrl":"https:\/\/d2p6e6u75xmxt8.cloudfront.net\/9\/2018\/04\/Bildexport-1.jpg","datePublished":"2019-03-29T18:30:07+00:00","dateModified":"2019-05-29T18:35:05+00:00","author":{"@id":"https:\/\/www.welovecycling.com\/se\/#\/schema\/person\/037f34ad5d6e77accab8a3eff6ad7a0c"},"breadcrumb":{"@id":"https:\/\/www.welovecycling.com\/se\/2019\/03\/29\/valkommen-till-skoda-cykeltraffar\/#breadcrumb"},"inLanguage":"sv-SE","potentialAction":[{"@type":"ReadAction","target":["https:\/\/www.welovecycling.com\/se\/2019\/03\/29\/valkommen-till-skoda-cykeltraffar\/"]}]},{"@type":"ImageObject","inLanguage":"sv-SE","@id":"https:\/\/www.welovecycling.com\/se\/2019\/03\/29\/valkommen-till-skoda-cykeltraffar\/#primaryimage","url":"https:\/\/d2p6e6u75xmxt8.cloudfront.net\/9\/2018\/04\/Bildexport-1.jpg","contentUrl":"https:\/\/d2p6e6u75xmxt8.cloudfront.net\/9\/2018\/04\/Bildexport-1.jpg","width":1200,"height":690},{"@type":"BreadcrumbList","@id":"https:\/\/www.welovecycling.com\/se\/2019\/03\/29\/valkommen-till-skoda-cykeltraffar\/#breadcrumb","itemListElement":[{"@type":"ListItem","position":1,"name":"Home","item":"https:\/\/www.welovecycling.com\/se\/"},{"@type":"ListItem","position":2,"name":"V\u00e4lkommen till \u0160koda Cykeltr\u00e4ffar"}]},{"@type":"WebSite","@id":"https:\/\/www.welovecycling.com\/se\/#website","url":"https:\/\/www.welovecycling.com\/se\/","name":"\u0160koda - We Love Cycling - Sweden","description":"\u0160koda We Love Cycling - Sweden","potentialAction":[{"@type":"SearchAction","target":{"@type":"EntryPoint","urlTemplate":"https:\/\/www.welovecycling.com\/se\/?s={search_term_string}"},"query-input":{"@type":"PropertyValueSpecification","valueRequired":true,"valueName":"search_term_string"}}],"inLanguage":"sv-SE"},{"@type":"Person","@id":"https:\/\/www.welovecycling.com\/se\/#\/schema\/person\/037f34ad5d6e77accab8a3eff6ad7a0c","name":"erikleonsson","image":{"@type":"ImageObject","inLanguage":"sv-SE","@id":"https:\/\/www.welovecycling.com\/se\/#\/schema\/person\/image\/","url":"https:\/\/secure.gravatar.com\/avatar\/788a593b0a657d6864c271709722f9cd586caa5a645e77f71fe625396b02677c?s=96&d=mm&r=g","contentUrl":"https:\/\/secure.gravatar.com\/avatar\/788a593b0a657d6864c271709722f9cd586caa5a645e77f71fe625396b02677c?s=96&d=mm&r=g","caption":"erikleonsson"},"url":"https:\/\/www.welovecycling.com\/se\/author\/erikleonsson\/"}]}},"_links":{"self":[{"href":"https:\/\/www.welovecycling.com\/se\/wp-json\/wp\/v2\/posts\/2179","targetHints":{"allow":["GET"]}}],"collection":[{"href":"https:\/\/www.welovecycling.com\/se\/wp-json\/wp\/v2\/posts"}],"about":[{"href":"https:\/\/www.welovecycling.com\/se\/wp-json\/wp\/v2\/types\/post"}],"author":[{"embeddable":true,"href":"https:\/\/www.welovecycling.com\/se\/wp-json\/wp\/v2\/users\/52"}],"replies":[{"embeddable":true,"href":"https:\/\/www.welovecycling.com\/se\/wp-json\/wp\/v2\/comments?post=2179"}],"version-history":[{"count":2,"href":"https:\/\/www.welovecycling.com\/se\/wp-json\/wp\/v2\/posts\/2179\/revisions"}],"predecessor-version":[{"id":2184,"href":"https:\/\/www.welovecycling.com\/se\/wp-json\/wp\/v2\/posts\/2179\/revisions\/2184"}],"wp:featuredmedia":[{"embeddable":true,"href":"https:\/\/www.welovecycling.com\/se\/wp-json\/wp\/v2\/media\/843"}],"wp:attachment":[{"href":"https:\/\/www.welovecycling.com\/se\/wp-json\/wp\/v2\/media?parent=2179"}],"wp:term":[{"taxonomy":"category","embeddable":true,"href":"https:\/\/www.welovecycling.com\/se\/wp-json\/wp\/v2\/categories?post=2179"},{"taxonomy":"post_tag","embeddable":true,"href":"https:\/\/www.welovecycling.com\/se\/wp-json\/wp\/v2\/tags?post=2179"},{"taxonomy":"global-categories","embeddable":true,"href":"https:\/\/www.welovecycling.com\/se\/wp-json\/wp\/v2\/global-categories?post=2179"}],"curies":[{"name":"wp","href":"https:\/\/api.w.org\/{rel}","templated":true}]}}