{"id":1801,"date":"2019-02-19T12:43:54","date_gmt":"2019-02-19T11:43:54","guid":{"rendered":"https:\/\/www.welovecycling.com\/se\/?p=1801"},"modified":"2019-02-19T12:46:24","modified_gmt":"2019-02-19T11:46:24","slug":"de-tar-plats-i-skoda-cycling-team-2019","status":"publish","type":"post","link":"https:\/\/www.welovecycling.com\/se\/2019\/02\/19\/de-tar-plats-i-skoda-cycling-team-2019\/","title":{"rendered":"De tar plats i \u0160koda Cycling Team 2019"},"content":{"rendered":"<p><strong>\u00c4n en g\u00e5ng var intresset f\u00f6r att vara med i SKODA Cycling Team rekordstort, i \u00e5r s\u00f6kte hela 2 779 cyklister till teamet.<\/strong><\/p>\n<p dir=\"ltr\">Bland de utvalda motion\u00e4rer som tar plats i \u00e5ret team finns allt fr\u00e5n en konstn\u00e4r fr\u00e5n Ume\u00e5, bilbyggare fr\u00e5n R\u00e4ttvik, pension\u00e4r fr\u00e5n V\u00e4stervik, mellanstadiel\u00e4rare fr\u00e5n V\u00e4ster\u00e5s samt komikern M\u00e5ns M\u00f6ller fr\u00e5n Stockholm.<\/p>\n<p>\u2013 Uttagningen har varit extra tuff men ocks\u00e5 v\u00e4ldigt kul. Landet \u00e4r fullt av starka cyklister och h\u00e4rliga personligheter som skulle platsa i laget. Men nu har vi hittat fram till ett v\u00e4ldigt bra g\u00e4ng med olika bakgrund och h\u00e4rkomst som f\u00f6renas i sin motivation f\u00f6r lagets m\u00e5l p\u00e5 V\u00e4tternrundan men ocks\u00e5 i sin k\u00e4rlek till cyklingen, s\u00e4ger teamledaren Erik Leonsson.<\/p>\n<p dir=\"ltr\">F\u00f6rutom de 15 rekryterna best\u00e5r <a href=\"https:\/\/www.welovecycling.com\/se\/skoda-cycling-team\/\">\u0160koda Cycling Team<\/a> \u00e4ven av 15 erfarna ambassad\u00f6rer, d\u00e4ribland ex-proffsen Fredrik Kessiakoff och Michel Lafis som ska bidra med s\u00e5v\u00e4l inspiration som erfarenhet och kunskap. Nytt f\u00f6r i \u00e5r \u00e4r att tre av f\u00f6rra \u00e5rets rekryterade cyklister tar plats som ambassad\u00f6rer.<\/p>\n<p dir=\"ltr\">\u2013\u00a0Det \u00e4r tre personer som gjort en fantastisk resa under \u00e5ret och p\u00e5 flera plan bidragit till att vi fick en s\u00e5 fantastisk \u00a0s\u00e4song f\u00f6rra \u00e5ret, s\u00e4ger Erik Leonsson. Det \u00e4r Nathalie Eklund, Payman Hazheer och artisten Daniel Adams Ray.<\/p>\n<p>Det stora m\u00e5let \u00e4r att laget i sommar ska ta sig i m\u00e5l under \u00e5tta timmar p\u00e5 V\u00e4tternrundan. F\u00f6r att lyckas kommer deltagarna att f\u00e5 hj\u00e4lp med sin tr\u00e4ning, bland annat genom ett fystest och d\u00e4refter individuella tr\u00e4ningsprogram utformade av proffstr\u00e4naren Mattias Reck. De f\u00e5r \u00e4ven all utrustning som beh\u00f6vs s\u00e5som cykel, hj\u00e4lm, cykeldator, kl\u00e4der och energidryck.<br \/>\n<br class=\"x_kix-line-break\" \/>\u2013 Vi \u00e4r oerh\u00f6rt glada \u00f6ver det v\u00e4xande intresset f\u00f6r \u0160koda Cycling Team och det genuina cykelintresset som finns i hela v\u00e5rt land. \u00c4ven om konkurrensen \u00e4r stentuff vill jag uppmana de som inte blev uttagna i \u00e5r att s\u00f6ka igen till n\u00e4sta \u00e5r. Vi f\u00f6rs\u00f6ker varje \u00e5r variera gruppens dynamik och de personer som inte blev antagna i \u00e5r kan mycket v\u00e4l bli det n\u00e4sta, s\u00e4ger Veronica Nilsson, press- och sponsoransvarig f\u00f6r \u0160koda Sverige.<\/p>\n<p><strong>\u00c5RETS REKRYTER I \u0160koda CYCLING TEAM:<\/strong><\/p>\n<p>Peter Algeb\u00e4ck, Varberg<br \/>\nM\u00e5ns M\u00f6ller, Stockholm<br \/>\nNatalie Nyberg, Grums<br \/>\nSara R\u00f6nnberg, Fr\u00f6s\u00f6n<br \/>\nPatrik Viklund, Stockholm<br \/>\nDavid Gunnars, R\u00e4ttvik<br \/>\nKlas Wir\u00e9hn, Ume\u00e5<br \/>\nDavid Alledal, Stockholm<br \/>\nRodolfo Vera, V\u00e4ster\u00e5s<br \/>\nJohanna Palmqvist, Link\u00f6ping<br \/>\nLena Bernstr\u00f6m, Huddinge<br \/>\nGustav Svensson, \u00c5re<br \/>\nBengt Backman, V\u00e4stervik<br \/>\nPetra Dolejsova, Stockholm<br \/>\nKarl Edenroth, Pite\u00e5<\/p>\n<p><strong>\u00c5RETS AMBASSAD\u00d6RER:<\/strong><\/p>\n<p>Fredrik Kessiakoff<br \/>\nJukka Kuusela<br \/>\nRasmus Brenter<br \/>\nDaniel Jansson<br \/>\nKarl Pamp<br \/>\nDaniel Rytz<br \/>\nZoltan Darvas<br \/>\nNathalie Eklund<br \/>\nDaniel Adams Ray<br \/>\nPayman Hazeer<br \/>\nHanna Johansson<br \/>\nCecilia Widegren<br \/>\nPierre Moncorg\u00e9<br \/>\nSara Hedberg<br \/>\nMichel Lafis<br \/>\nMagnus Gustavsson<\/p>\n<p><strong>PARTNER- OCH MEDIAPLATSER<\/strong><\/p>\n<p dir=\"ltr\">Damian Phillips, POC<br \/>\nChristian L\u00f6fstrand, Maurten<br \/>\nDaniel Breece, tidningen Bicycling<\/p>\n","protected":false},"excerpt":{"rendered":"<p>\u00c4n en g\u00e5ng var intresset f\u00f6r att vara med i SKODA Cycling Team rekordstort, i \u00e5r s\u00f6kte hela 2 779 [&hellip;]<\/p>\n","protected":false},"author":52,"featured_media":1802,"comment_status":"open","ping_status":"open","sticky":false,"template":"","format":"standard","meta":{"footnotes":""},"categories":[5],"tags":[],"global-categories":[],"class_list":["post-1801","post","type-post","status-publish","format-standard","has-post-thumbnail","hentry","category-nyheter"],"yoast_head":"<!-- This site is optimized with the Yoast SEO Premium plugin v25.3 (Yoast SEO v25.9) - https:\/\/yoast.com\/wordpress\/plugins\/seo\/ -->\n<title>De tar plats i \u0160koda Cycling Team 2019 - \u0160koda - We Love Cycling - Sweden<\/title>\n<meta name=\"robots\" content=\"index, follow, max-snippet:-1, max-image-preview:large, max-video-preview:-1\" \/>\n<link rel=\"canonical\" href=\"https:\/\/www.welovecycling.com\/se\/2019\/02\/19\/de-tar-plats-i-skoda-cycling-team-2019\/\" \/>\n<meta property=\"og:locale\" content=\"sv_SE\" \/>\n<meta property=\"og:type\" content=\"article\" \/>\n<meta property=\"og:title\" content=\"De tar plats i \u0160koda Cycling Team 2019\" \/>\n<meta property=\"og:description\" content=\"\u00c4n en g\u00e5ng var intresset f\u00f6r att vara med i SKODA Cycling Team rekordstort, i \u00e5r s\u00f6kte hela 2 779 [&hellip;]\" \/>\n<meta property=\"og:url\" content=\"https:\/\/www.welovecycling.com\/se\/2019\/02\/19\/de-tar-plats-i-skoda-cycling-team-2019\/\" \/>\n<meta property=\"og:site_name\" content=\"\u0160koda - We Love Cycling - Sweden\" \/>\n<meta property=\"article:published_time\" content=\"2019-02-19T11:43:54+00:00\" \/>\n<meta property=\"article:modified_time\" content=\"2019-02-19T11:46:24+00:00\" \/>\n<meta property=\"og:image\" content=\"https:\/\/d2p6e6u75xmxt8.cloudfront.net\/9\/2019\/02\/SKODA_Camp_Bike_180511__1128.jpg\" \/>\n\t<meta property=\"og:image:width\" content=\"2048\" \/>\n\t<meta property=\"og:image:height\" content=\"1365\" \/>\n\t<meta property=\"og:image:type\" content=\"image\/jpeg\" \/>\n<meta name=\"author\" content=\"erikleonsson\" \/>\n<meta name=\"twitter:card\" content=\"summary_large_image\" \/>\n<meta name=\"twitter:label1\" content=\"Written by\" \/>\n\t<meta name=\"twitter:data1\" content=\"erikleonsson\" \/>\n\t<meta name=\"twitter:label2\" content=\"Est. reading time\" \/>\n\t<meta name=\"twitter:data2\" content=\"3 minutes\" \/>\n<script type=\"application\/ld+json\" class=\"yoast-schema-graph\">{\"@context\":\"https:\/\/schema.org\",\"@graph\":[{\"@type\":\"WebPage\",\"@id\":\"https:\/\/www.welovecycling.com\/se\/2019\/02\/19\/de-tar-plats-i-skoda-cycling-team-2019\/\",\"url\":\"https:\/\/www.welovecycling.com\/se\/2019\/02\/19\/de-tar-plats-i-skoda-cycling-team-2019\/\",\"name\":\"De tar plats i \u0160koda Cycling Team 2019 - \u0160koda - We Love Cycling - Sweden\",\"isPartOf\":{\"@id\":\"https:\/\/www.welovecycling.com\/se\/#website\"},\"primaryImageOfPage\":{\"@id\":\"https:\/\/www.welovecycling.com\/se\/2019\/02\/19\/de-tar-plats-i-skoda-cycling-team-2019\/#primaryimage\"},\"image\":{\"@id\":\"https:\/\/www.welovecycling.com\/se\/2019\/02\/19\/de-tar-plats-i-skoda-cycling-team-2019\/#primaryimage\"},\"thumbnailUrl\":\"https:\/\/d2p6e6u75xmxt8.cloudfront.net\/9\/2019\/02\/SKODA_Camp_Bike_180511__1128.jpg\",\"datePublished\":\"2019-02-19T11:43:54+00:00\",\"dateModified\":\"2019-02-19T11:46:24+00:00\",\"author\":{\"@id\":\"https:\/\/www.welovecycling.com\/se\/#\/schema\/person\/037f34ad5d6e77accab8a3eff6ad7a0c\"},\"breadcrumb\":{\"@id\":\"https:\/\/www.welovecycling.com\/se\/2019\/02\/19\/de-tar-plats-i-skoda-cycling-team-2019\/#breadcrumb\"},\"inLanguage\":\"sv-SE\",\"potentialAction\":[{\"@type\":\"ReadAction\",\"target\":[\"https:\/\/www.welovecycling.com\/se\/2019\/02\/19\/de-tar-plats-i-skoda-cycling-team-2019\/\"]}]},{\"@type\":\"ImageObject\",\"inLanguage\":\"sv-SE\",\"@id\":\"https:\/\/www.welovecycling.com\/se\/2019\/02\/19\/de-tar-plats-i-skoda-cycling-team-2019\/#primaryimage\",\"url\":\"https:\/\/d2p6e6u75xmxt8.cloudfront.net\/9\/2019\/02\/SKODA_Camp_Bike_180511__1128.jpg\",\"contentUrl\":\"https:\/\/d2p6e6u75xmxt8.cloudfront.net\/9\/2019\/02\/SKODA_Camp_Bike_180511__1128.jpg\",\"width\":2048,\"height\":1365},{\"@type\":\"BreadcrumbList\",\"@id\":\"https:\/\/www.welovecycling.com\/se\/2019\/02\/19\/de-tar-plats-i-skoda-cycling-team-2019\/#breadcrumb\",\"itemListElement\":[{\"@type\":\"ListItem\",\"position\":1,\"name\":\"Home\",\"item\":\"https:\/\/www.welovecycling.com\/se\/\"},{\"@type\":\"ListItem\",\"position\":2,\"name\":\"De tar plats i \u0160koda Cycling Team 2019\"}]},{\"@type\":\"WebSite\",\"@id\":\"https:\/\/www.welovecycling.com\/se\/#website\",\"url\":\"https:\/\/www.welovecycling.com\/se\/\",\"name\":\"\u0160koda - We Love Cycling - Sweden\",\"description\":\"\u0160koda We Love Cycling - Sweden\",\"potentialAction\":[{\"@type\":\"SearchAction\",\"target\":{\"@type\":\"EntryPoint\",\"urlTemplate\":\"https:\/\/www.welovecycling.com\/se\/?s={search_term_string}\"},\"query-input\":{\"@type\":\"PropertyValueSpecification\",\"valueRequired\":true,\"valueName\":\"search_term_string\"}}],\"inLanguage\":\"sv-SE\"},{\"@type\":\"Person\",\"@id\":\"https:\/\/www.welovecycling.com\/se\/#\/schema\/person\/037f34ad5d6e77accab8a3eff6ad7a0c\",\"name\":\"erikleonsson\",\"image\":{\"@type\":\"ImageObject\",\"inLanguage\":\"sv-SE\",\"@id\":\"https:\/\/www.welovecycling.com\/se\/#\/schema\/person\/image\/\",\"url\":\"https:\/\/secure.gravatar.com\/avatar\/788a593b0a657d6864c271709722f9cd586caa5a645e77f71fe625396b02677c?s=96&d=mm&r=g\",\"contentUrl\":\"https:\/\/secure.gravatar.com\/avatar\/788a593b0a657d6864c271709722f9cd586caa5a645e77f71fe625396b02677c?s=96&d=mm&r=g\",\"caption\":\"erikleonsson\"},\"url\":\"https:\/\/www.welovecycling.com\/se\/author\/erikleonsson\/\"}]}<\/script>\n<!-- \/ Yoast SEO Premium plugin. -->","yoast_head_json":{"title":"De tar plats i \u0160koda Cycling Team 2019 - \u0160koda - We Love Cycling - Sweden","robots":{"index":"index","follow":"follow","max-snippet":"max-snippet:-1","max-image-preview":"max-image-preview:large","max-video-preview":"max-video-preview:-1"},"canonical":"https:\/\/www.welovecycling.com\/se\/2019\/02\/19\/de-tar-plats-i-skoda-cycling-team-2019\/","og_locale":"sv_SE","og_type":"article","og_title":"De tar plats i \u0160koda Cycling Team 2019","og_description":"\u00c4n en g\u00e5ng var intresset f\u00f6r att vara med i SKODA Cycling Team rekordstort, i \u00e5r s\u00f6kte hela 2 779 [&hellip;]","og_url":"https:\/\/www.welovecycling.com\/se\/2019\/02\/19\/de-tar-plats-i-skoda-cycling-team-2019\/","og_site_name":"\u0160koda - We Love Cycling - Sweden","article_published_time":"2019-02-19T11:43:54+00:00","article_modified_time":"2019-02-19T11:46:24+00:00","og_image":[{"width":2048,"height":1365,"url":"https:\/\/d2p6e6u75xmxt8.cloudfront.net\/9\/2019\/02\/SKODA_Camp_Bike_180511__1128.jpg","type":"image\/jpeg"}],"author":"erikleonsson","twitter_card":"summary_large_image","twitter_misc":{"Written by":"erikleonsson","Est. reading time":"3 minutes"},"schema":{"@context":"https:\/\/schema.org","@graph":[{"@type":"WebPage","@id":"https:\/\/www.welovecycling.com\/se\/2019\/02\/19\/de-tar-plats-i-skoda-cycling-team-2019\/","url":"https:\/\/www.welovecycling.com\/se\/2019\/02\/19\/de-tar-plats-i-skoda-cycling-team-2019\/","name":"De tar plats i \u0160koda Cycling Team 2019 - \u0160koda - We Love Cycling - Sweden","isPartOf":{"@id":"https:\/\/www.welovecycling.com\/se\/#website"},"primaryImageOfPage":{"@id":"https:\/\/www.welovecycling.com\/se\/2019\/02\/19\/de-tar-plats-i-skoda-cycling-team-2019\/#primaryimage"},"image":{"@id":"https:\/\/www.welovecycling.com\/se\/2019\/02\/19\/de-tar-plats-i-skoda-cycling-team-2019\/#primaryimage"},"thumbnailUrl":"https:\/\/d2p6e6u75xmxt8.cloudfront.net\/9\/2019\/02\/SKODA_Camp_Bike_180511__1128.jpg","datePublished":"2019-02-19T11:43:54+00:00","dateModified":"2019-02-19T11:46:24+00:00","author":{"@id":"https:\/\/www.welovecycling.com\/se\/#\/schema\/person\/037f34ad5d6e77accab8a3eff6ad7a0c"},"breadcrumb":{"@id":"https:\/\/www.welovecycling.com\/se\/2019\/02\/19\/de-tar-plats-i-skoda-cycling-team-2019\/#breadcrumb"},"inLanguage":"sv-SE","potentialAction":[{"@type":"ReadAction","target":["https:\/\/www.welovecycling.com\/se\/2019\/02\/19\/de-tar-plats-i-skoda-cycling-team-2019\/"]}]},{"@type":"ImageObject","inLanguage":"sv-SE","@id":"https:\/\/www.welovecycling.com\/se\/2019\/02\/19\/de-tar-plats-i-skoda-cycling-team-2019\/#primaryimage","url":"https:\/\/d2p6e6u75xmxt8.cloudfront.net\/9\/2019\/02\/SKODA_Camp_Bike_180511__1128.jpg","contentUrl":"https:\/\/d2p6e6u75xmxt8.cloudfront.net\/9\/2019\/02\/SKODA_Camp_Bike_180511__1128.jpg","width":2048,"height":1365},{"@type":"BreadcrumbList","@id":"https:\/\/www.welovecycling.com\/se\/2019\/02\/19\/de-tar-plats-i-skoda-cycling-team-2019\/#breadcrumb","itemListElement":[{"@type":"ListItem","position":1,"name":"Home","item":"https:\/\/www.welovecycling.com\/se\/"},{"@type":"ListItem","position":2,"name":"De tar plats i \u0160koda Cycling Team 2019"}]},{"@type":"WebSite","@id":"https:\/\/www.welovecycling.com\/se\/#website","url":"https:\/\/www.welovecycling.com\/se\/","name":"\u0160koda - We Love Cycling - Sweden","description":"\u0160koda We Love Cycling - Sweden","potentialAction":[{"@type":"SearchAction","target":{"@type":"EntryPoint","urlTemplate":"https:\/\/www.welovecycling.com\/se\/?s={search_term_string}"},"query-input":{"@type":"PropertyValueSpecification","valueRequired":true,"valueName":"search_term_string"}}],"inLanguage":"sv-SE"},{"@type":"Person","@id":"https:\/\/www.welovecycling.com\/se\/#\/schema\/person\/037f34ad5d6e77accab8a3eff6ad7a0c","name":"erikleonsson","image":{"@type":"ImageObject","inLanguage":"sv-SE","@id":"https:\/\/www.welovecycling.com\/se\/#\/schema\/person\/image\/","url":"https:\/\/secure.gravatar.com\/avatar\/788a593b0a657d6864c271709722f9cd586caa5a645e77f71fe625396b02677c?s=96&d=mm&r=g","contentUrl":"https:\/\/secure.gravatar.com\/avatar\/788a593b0a657d6864c271709722f9cd586caa5a645e77f71fe625396b02677c?s=96&d=mm&r=g","caption":"erikleonsson"},"url":"https:\/\/www.welovecycling.com\/se\/author\/erikleonsson\/"}]}},"_links":{"self":[{"href":"https:\/\/www.welovecycling.com\/se\/wp-json\/wp\/v2\/posts\/1801","targetHints":{"allow":["GET"]}}],"collection":[{"href":"https:\/\/www.welovecycling.com\/se\/wp-json\/wp\/v2\/posts"}],"about":[{"href":"https:\/\/www.welovecycling.com\/se\/wp-json\/wp\/v2\/types\/post"}],"author":[{"embeddable":true,"href":"https:\/\/www.welovecycling.com\/se\/wp-json\/wp\/v2\/users\/52"}],"replies":[{"embeddable":true,"href":"https:\/\/www.welovecycling.com\/se\/wp-json\/wp\/v2\/comments?post=1801"}],"version-history":[{"count":2,"href":"https:\/\/www.welovecycling.com\/se\/wp-json\/wp\/v2\/posts\/1801\/revisions"}],"predecessor-version":[{"id":1805,"href":"https:\/\/www.welovecycling.com\/se\/wp-json\/wp\/v2\/posts\/1801\/revisions\/1805"}],"wp:featuredmedia":[{"embeddable":true,"href":"https:\/\/www.welovecycling.com\/se\/wp-json\/wp\/v2\/media\/1802"}],"wp:attachment":[{"href":"https:\/\/www.welovecycling.com\/se\/wp-json\/wp\/v2\/media?parent=1801"}],"wp:term":[{"taxonomy":"category","embeddable":true,"href":"https:\/\/www.welovecycling.com\/se\/wp-json\/wp\/v2\/categories?post=1801"},{"taxonomy":"post_tag","embeddable":true,"href":"https:\/\/www.welovecycling.com\/se\/wp-json\/wp\/v2\/tags?post=1801"},{"taxonomy":"global-categories","embeddable":true,"href":"https:\/\/www.welovecycling.com\/se\/wp-json\/wp\/v2\/global-categories?post=1801"}],"curies":[{"name":"wp","href":"https:\/\/api.w.org\/{rel}","templated":true}]}}