{"id":1749,"date":"2018-12-22T12:57:21","date_gmt":"2018-12-22T11:57:21","guid":{"rendered":"https:\/\/www.welovecycling.com\/se\/?p=1749"},"modified":"2018-12-20T23:03:12","modified_gmt":"2018-12-20T22:03:12","slug":"bli-en-stravakonstnar-som-kanadensiska-stephen-lund","status":"publish","type":"post","link":"https:\/\/www.welovecycling.com\/se\/2018\/12\/22\/bli-en-stravakonstnar-som-kanadensiska-stephen-lund\/","title":{"rendered":"Bli en Stravakonstn\u00e4r som kanadensiska Stephen Lund"},"content":{"rendered":"<p><strong>Vissa kanske ritar in sina rutter p\u00e5 en papperskarta. Andra drar ut p\u00e5 cykeln och ritar figurativt med sitt GPS-sp\u00e5r, Steven Lund i Kanada har tagit konstcykling till en helt ny niv\u00e5!<\/strong><!--more--><\/p>\n<p>Stephen Lund fr\u00e5n Victoria I British Columbia, \u00e4r en GPS-konstn\u00e4r som skapar m\u00e4sterverk p\u00e5 sin cykel I appen Strava. Med v\u00e4l planerade cykelturer ritar Hans GPS-sp\u00e5r allt mellan Ninja turtles och dinosaurier.<\/p>\n<p><a href=\"https:\/\/d2p6e6u75xmxt8.cloudfront.net\/9\/2018\/12\/strava_art3.jpg\"><img loading=\"lazy\" decoding=\"async\" class=\"alignnone size-full wp-image-1750\" src=\"https:\/\/d2p6e6u75xmxt8.cloudfront.net\/9\/2018\/12\/strava_art3.jpg\" alt=\"\" width=\"700\" height=\"538\" srcset=\"https:\/\/d2p6e6u75xmxt8.cloudfront.net\/9\/2018\/12\/strava_art3.jpg 700w, https:\/\/d2p6e6u75xmxt8.cloudfront.net\/9\/2018\/12\/strava_art3-300x231.jpg 300w\" sizes=\"auto, (max-width: 700px) 100vw, 700px\" \/><\/a><\/p>\n<p>Kollar du in Stephens Stravakonto ser du att han cyklat en 1800 mil under \u00e5ret och ritat b\u00e5de en sj\u00f6jungfru och f\u00f6delsedagsgratulationer. Sj\u00f6jungfrun kr\u00e4vde en cykeltur p\u00e5 \u00f6ver 22 mil.<\/p>\n<div id='gallery-1' class='gallery galleryid-1749 gallery-columns-2 gallery-size-large'><figure class='gallery-item'>\n\t\t\t<div class='gallery-icon landscape'>\n\t\t\t\t<a href='https:\/\/d2p6e6u75xmxt8.cloudfront.net\/9\/2018\/12\/strava_art10.jpg'><img loading=\"lazy\" decoding=\"async\" width=\"700\" height=\"546\" src=\"https:\/\/d2p6e6u75xmxt8.cloudfront.net\/9\/2018\/12\/strava_art10.jpg\" class=\"attachment-large size-large\" alt=\"\" srcset=\"https:\/\/d2p6e6u75xmxt8.cloudfront.net\/9\/2018\/12\/strava_art10.jpg 700w, https:\/\/d2p6e6u75xmxt8.cloudfront.net\/9\/2018\/12\/strava_art10-300x234.jpg 300w\" sizes=\"auto, (max-width: 700px) 100vw, 700px\" \/><\/a>\n\t\t\t<\/div><\/figure><figure class='gallery-item'>\n\t\t\t<div class='gallery-icon landscape'>\n\t\t\t\t<a href='https:\/\/d2p6e6u75xmxt8.cloudfront.net\/9\/2018\/12\/strava_art4.jpg'><img loading=\"lazy\" decoding=\"async\" width=\"700\" height=\"564\" src=\"https:\/\/d2p6e6u75xmxt8.cloudfront.net\/9\/2018\/12\/strava_art4.jpg\" class=\"attachment-large size-large\" alt=\"\" srcset=\"https:\/\/d2p6e6u75xmxt8.cloudfront.net\/9\/2018\/12\/strava_art4.jpg 700w, https:\/\/d2p6e6u75xmxt8.cloudfront.net\/9\/2018\/12\/strava_art4-300x242.jpg 300w\" sizes=\"auto, (max-width: 700px) 100vw, 700px\" \/><\/a>\n\t\t\t<\/div><\/figure>\n\t\t<\/div>\n\n<p>N\u00e5gra andra m\u00e4sterverk i galleriet p\u00e5 Strava \u00e4r en Stegosaurus, en T-rex, Darth Vader och en gigantisk rocka.<\/p>\n<p>I snitt har han cyklat runt 1500 mil om \u00e5ret de senaste tre \u00e5ren, och de allra flesta turerna har resulterat i n\u00e5gon form av figur.<\/p>\n<div id='gallery-2' class='gallery galleryid-1749 gallery-columns-2 gallery-size-large'><figure class='gallery-item'>\n\t\t\t<div class='gallery-icon portrait'>\n\t\t\t\t<a href='https:\/\/d2p6e6u75xmxt8.cloudfront.net\/9\/2018\/12\/strava_art16.png'><img loading=\"lazy\" decoding=\"async\" width=\"861\" height=\"1024\" src=\"https:\/\/d2p6e6u75xmxt8.cloudfront.net\/9\/2018\/12\/strava_art16-861x1024.png\" class=\"attachment-large size-large\" alt=\"\" srcset=\"https:\/\/d2p6e6u75xmxt8.cloudfront.net\/9\/2018\/12\/strava_art16-861x1024.png 861w, https:\/\/d2p6e6u75xmxt8.cloudfront.net\/9\/2018\/12\/strava_art16-252x300.png 252w, https:\/\/d2p6e6u75xmxt8.cloudfront.net\/9\/2018\/12\/strava_art16-768x914.png 768w, https:\/\/d2p6e6u75xmxt8.cloudfront.net\/9\/2018\/12\/strava_art16.png 1280w\" sizes=\"auto, (max-width: 861px) 100vw, 861px\" \/><\/a>\n\t\t\t<\/div><\/figure><figure class='gallery-item'>\n\t\t\t<div class='gallery-icon landscape'>\n\t\t\t\t<a href='https:\/\/d2p6e6u75xmxt8.cloudfront.net\/9\/2018\/12\/strava_art14.jpg'><img loading=\"lazy\" decoding=\"async\" width=\"1024\" height=\"1024\" src=\"https:\/\/d2p6e6u75xmxt8.cloudfront.net\/9\/2018\/12\/strava_art14-1024x1024.jpg\" class=\"attachment-large size-large\" alt=\"\" srcset=\"https:\/\/d2p6e6u75xmxt8.cloudfront.net\/9\/2018\/12\/strava_art14-1024x1024.jpg 1024w, https:\/\/d2p6e6u75xmxt8.cloudfront.net\/9\/2018\/12\/strava_art14-150x150.jpg 150w, https:\/\/d2p6e6u75xmxt8.cloudfront.net\/9\/2018\/12\/strava_art14-300x300.jpg 300w, https:\/\/d2p6e6u75xmxt8.cloudfront.net\/9\/2018\/12\/strava_art14-768x768.jpg 768w, https:\/\/d2p6e6u75xmxt8.cloudfront.net\/9\/2018\/12\/strava_art14.jpg 1280w\" sizes=\"auto, (max-width: 1024px) 100vw, 1024px\" \/><\/a>\n\t\t\t<\/div><\/figure>\n\t\t<\/div>\n\n<p>Den Ninja turtle han ritade 2017 d\u00f6pte han till Michelangelo by Cycleangelo, den kr\u00e4vde 10 mil.<\/p>\n<p>Inspirationen hittar han genom att studera kartan, &#8221;det bara opera fram&#8221; ber\u00e4ttar Stephen. &#8221;N\u00e4r jag var barn brukade jag i timme efter timme titta p\u00e5 molnen och se vilka former jag kunde fantisera fram&#8221; ber\u00e4ttar han. Idag ser han p\u00e5 samma s\u00e4tt figurer i en karta. N\u00e4r han planerar en rutt s\u00e5 m\u00e5ste han se till att det blir ett kontinuerligt flow i GPS-sp\u00e5ret. Det g\u00e5r att trixa med avst\u00e4ngd GPS men Stephen vill rita sina figurer med ett obrutet streck.<\/p>\n<div id='gallery-3' class='gallery galleryid-1749 gallery-columns-2 gallery-size-large'><figure class='gallery-item'>\n\t\t\t<div class='gallery-icon landscape'>\n\t\t\t\t<a href='https:\/\/d2p6e6u75xmxt8.cloudfront.net\/9\/2018\/12\/strava_art7.jpg'><img loading=\"lazy\" decoding=\"async\" width=\"700\" height=\"433\" src=\"https:\/\/d2p6e6u75xmxt8.cloudfront.net\/9\/2018\/12\/strava_art7.jpg\" class=\"attachment-large size-large\" alt=\"\" srcset=\"https:\/\/d2p6e6u75xmxt8.cloudfront.net\/9\/2018\/12\/strava_art7.jpg 700w, https:\/\/d2p6e6u75xmxt8.cloudfront.net\/9\/2018\/12\/strava_art7-300x186.jpg 300w\" sizes=\"auto, (max-width: 700px) 100vw, 700px\" \/><\/a>\n\t\t\t<\/div><\/figure><figure class='gallery-item'>\n\t\t\t<div class='gallery-icon portrait'>\n\t\t\t\t<a href='https:\/\/d2p6e6u75xmxt8.cloudfront.net\/9\/2018\/12\/strava_art11.jpg'><img loading=\"lazy\" decoding=\"async\" width=\"700\" height=\"742\" src=\"https:\/\/d2p6e6u75xmxt8.cloudfront.net\/9\/2018\/12\/strava_art11.jpg\" class=\"attachment-large size-large\" alt=\"\" srcset=\"https:\/\/d2p6e6u75xmxt8.cloudfront.net\/9\/2018\/12\/strava_art11.jpg 700w, https:\/\/d2p6e6u75xmxt8.cloudfront.net\/9\/2018\/12\/strava_art11-283x300.jpg 283w\" sizes=\"auto, (max-width: 700px) 100vw, 700px\" \/><\/a>\n\t\t\t<\/div><\/figure>\n\t\t<\/div>\n\n<p><a href=\"https:\/\/d2p6e6u75xmxt8.cloudfront.net\/9\/2018\/12\/marry_me.jpg\"><img loading=\"lazy\" decoding=\"async\" class=\"alignnone size-full wp-image-1751\" src=\"https:\/\/d2p6e6u75xmxt8.cloudfront.net\/9\/2018\/12\/marry_me.jpg\" alt=\"\" width=\"578\" height=\"353\" srcset=\"https:\/\/d2p6e6u75xmxt8.cloudfront.net\/9\/2018\/12\/marry_me.jpg 578w, https:\/\/d2p6e6u75xmxt8.cloudfront.net\/9\/2018\/12\/marry_me-300x183.jpg 300w\" sizes=\"auto, (max-width: 578px) 100vw, 578px\" \/><\/a><\/p>\n<p>Han \u00e4r inte ensam om att rita med GPS. Den st\u00f6rsta &#8221;m\u00e5lningen&#8221; med GPS borde japanen Yasushi Takahashi vara ansvarig f\u00f6r. 2010 skrev han Marry me \u00f6ver hela Japan, den resan blev 716 mil men till skillnad mot Stephen s\u00e5 anv\u00e4nde Yasushi inte bara cykel utan ocks\u00e5 t\u00e5g och b\u00e5t. Om hon sa ja? Det vet vi inte.<\/p>\n<p>Som du kanske m\u00e4rker \u00e4r m\u00f6jligheterna obegr\u00e4nsade, helgens cykling kanske har ett nytt m\u00e5l? Jultomten \u00e4r redan ritad.<\/p>\n<p><a href=\"https:\/\/d2p6e6u75xmxt8.cloudfront.net\/9\/2018\/12\/Sk\u00e4rmavbild-2018-12-20-kl.-23.00.09.png\"><img loading=\"lazy\" decoding=\"async\" class=\"alignnone size-full wp-image-1755\" src=\"https:\/\/d2p6e6u75xmxt8.cloudfront.net\/9\/2018\/12\/Sk\u00e4rmavbild-2018-12-20-kl.-23.00.09.png\" alt=\"\" width=\"1274\" height=\"1266\" srcset=\"https:\/\/d2p6e6u75xmxt8.cloudfront.net\/9\/2018\/12\/Sk\u00e4rmavbild-2018-12-20-kl.-23.00.09.png 1274w, https:\/\/d2p6e6u75xmxt8.cloudfront.net\/9\/2018\/12\/Sk\u00e4rmavbild-2018-12-20-kl.-23.00.09-150x150.png 150w, https:\/\/d2p6e6u75xmxt8.cloudfront.net\/9\/2018\/12\/Sk\u00e4rmavbild-2018-12-20-kl.-23.00.09-300x298.png 300w, https:\/\/d2p6e6u75xmxt8.cloudfront.net\/9\/2018\/12\/Sk\u00e4rmavbild-2018-12-20-kl.-23.00.09-768x763.png 768w, https:\/\/d2p6e6u75xmxt8.cloudfront.net\/9\/2018\/12\/Sk\u00e4rmavbild-2018-12-20-kl.-23.00.09-1024x1018.png 1024w\" sizes=\"auto, (max-width: 1274px) 100vw, 1274px\" \/><\/a><\/p>\n<p>Kolla in fler av Stephens alster\u00a0<a href=\"https:\/\/gpsdoodles.com\">H\u00c4R<\/a>.<\/p>\n","protected":false},"excerpt":{"rendered":"<p>Vissa kanske ritar in sina rutter p\u00e5 en papperskarta. Andra drar ut p\u00e5 cykeln och ritar figurativt med sitt GPS-sp\u00e5r, [&hellip;]<\/p>\n","protected":false},"author":80,"featured_media":1753,"comment_status":"open","ping_status":"open","sticky":false,"template":"","format":"standard","meta":{"footnotes":""},"categories":[5],"tags":[],"global-categories":[],"class_list":["post-1749","post","type-post","status-publish","format-standard","has-post-thumbnail","hentry","category-nyheter"],"yoast_head":"<!-- This site is optimized with the Yoast SEO Premium plugin v25.3 (Yoast SEO v25.9) - https:\/\/yoast.com\/wordpress\/plugins\/seo\/ -->\n<title>Bli en Stravakonstn\u00e4r som kanadensiska Stephen Lund - \u0160koda - We Love Cycling - Sweden<\/title>\n<meta name=\"robots\" content=\"index, follow, max-snippet:-1, max-image-preview:large, max-video-preview:-1\" \/>\n<link rel=\"canonical\" href=\"https:\/\/www.welovecycling.com\/se\/2018\/12\/22\/bli-en-stravakonstnar-som-kanadensiska-stephen-lund\/\" \/>\n<meta property=\"og:locale\" content=\"sv_SE\" \/>\n<meta property=\"og:type\" content=\"article\" \/>\n<meta property=\"og:title\" content=\"Bli en Stravakonstn\u00e4r som kanadensiska Stephen Lund\" \/>\n<meta property=\"og:description\" content=\"Vissa kanske ritar in sina rutter p\u00e5 en papperskarta. Andra drar ut p\u00e5 cykeln och ritar figurativt med sitt GPS-sp\u00e5r, [&hellip;]\" \/>\n<meta property=\"og:url\" content=\"https:\/\/www.welovecycling.com\/se\/2018\/12\/22\/bli-en-stravakonstnar-som-kanadensiska-stephen-lund\/\" \/>\n<meta property=\"og:site_name\" content=\"\u0160koda - We Love Cycling - Sweden\" \/>\n<meta property=\"article:published_time\" content=\"2018-12-22T11:57:21+00:00\" \/>\n<meta property=\"og:image\" content=\"https:\/\/d2p6e6u75xmxt8.cloudfront.net\/9\/2018\/12\/covermap.jpg\" \/>\n\t<meta property=\"og:image:width\" content=\"1366\" \/>\n\t<meta property=\"og:image:height\" content=\"600\" \/>\n\t<meta property=\"og:image:type\" content=\"image\/jpeg\" \/>\n<meta name=\"author\" content=\"kallebern\" \/>\n<meta name=\"twitter:card\" content=\"summary_large_image\" \/>\n<meta name=\"twitter:label1\" content=\"Written by\" \/>\n\t<meta name=\"twitter:data1\" content=\"Adam Marsal\" \/>\n\t<meta name=\"twitter:label2\" content=\"Est. reading time\" \/>\n\t<meta name=\"twitter:data2\" content=\"2 minutes\" \/>\n<script type=\"application\/ld+json\" class=\"yoast-schema-graph\">{\"@context\":\"https:\/\/schema.org\",\"@graph\":[{\"@type\":\"WebPage\",\"@id\":\"https:\/\/www.welovecycling.com\/se\/2018\/12\/22\/bli-en-stravakonstnar-som-kanadensiska-stephen-lund\/\",\"url\":\"https:\/\/www.welovecycling.com\/se\/2018\/12\/22\/bli-en-stravakonstnar-som-kanadensiska-stephen-lund\/\",\"name\":\"Bli en Stravakonstn\u00e4r som kanadensiska Stephen Lund - \u0160koda - We Love Cycling - Sweden\",\"isPartOf\":{\"@id\":\"https:\/\/www.welovecycling.com\/se\/#website\"},\"primaryImageOfPage\":{\"@id\":\"https:\/\/www.welovecycling.com\/se\/2018\/12\/22\/bli-en-stravakonstnar-som-kanadensiska-stephen-lund\/#primaryimage\"},\"image\":{\"@id\":\"https:\/\/www.welovecycling.com\/se\/2018\/12\/22\/bli-en-stravakonstnar-som-kanadensiska-stephen-lund\/#primaryimage\"},\"thumbnailUrl\":\"https:\/\/d2p6e6u75xmxt8.cloudfront.net\/9\/2018\/12\/covermap.jpg\",\"datePublished\":\"2018-12-22T11:57:21+00:00\",\"author\":{\"@id\":\"https:\/\/www.welovecycling.com\/se\/#\/schema\/person\/cf0db6969fc5aa4e230760e09dde1f45\"},\"breadcrumb\":{\"@id\":\"https:\/\/www.welovecycling.com\/se\/2018\/12\/22\/bli-en-stravakonstnar-som-kanadensiska-stephen-lund\/#breadcrumb\"},\"inLanguage\":\"sv-SE\",\"potentialAction\":[{\"@type\":\"ReadAction\",\"target\":[\"https:\/\/www.welovecycling.com\/se\/2018\/12\/22\/bli-en-stravakonstnar-som-kanadensiska-stephen-lund\/\"]}]},{\"@type\":\"ImageObject\",\"inLanguage\":\"sv-SE\",\"@id\":\"https:\/\/www.welovecycling.com\/se\/2018\/12\/22\/bli-en-stravakonstnar-som-kanadensiska-stephen-lund\/#primaryimage\",\"url\":\"https:\/\/d2p6e6u75xmxt8.cloudfront.net\/9\/2018\/12\/covermap.jpg\",\"contentUrl\":\"https:\/\/d2p6e6u75xmxt8.cloudfront.net\/9\/2018\/12\/covermap.jpg\",\"width\":1366,\"height\":600},{\"@type\":\"BreadcrumbList\",\"@id\":\"https:\/\/www.welovecycling.com\/se\/2018\/12\/22\/bli-en-stravakonstnar-som-kanadensiska-stephen-lund\/#breadcrumb\",\"itemListElement\":[{\"@type\":\"ListItem\",\"position\":1,\"name\":\"Home\",\"item\":\"https:\/\/www.welovecycling.com\/se\/\"},{\"@type\":\"ListItem\",\"position\":2,\"name\":\"Bli en Stravakonstn\u00e4r som kanadensiska Stephen Lund\"}]},{\"@type\":\"WebSite\",\"@id\":\"https:\/\/www.welovecycling.com\/se\/#website\",\"url\":\"https:\/\/www.welovecycling.com\/se\/\",\"name\":\"\u0160koda - We Love Cycling - Sweden\",\"description\":\"\u0160koda We Love Cycling - Sweden\",\"potentialAction\":[{\"@type\":\"SearchAction\",\"target\":{\"@type\":\"EntryPoint\",\"urlTemplate\":\"https:\/\/www.welovecycling.com\/se\/?s={search_term_string}\"},\"query-input\":{\"@type\":\"PropertyValueSpecification\",\"valueRequired\":true,\"valueName\":\"search_term_string\"}}],\"inLanguage\":\"sv-SE\"},{\"@type\":\"Person\",\"@id\":\"https:\/\/www.welovecycling.com\/se\/#\/schema\/person\/cf0db6969fc5aa4e230760e09dde1f45\",\"name\":\"kallebern\",\"image\":{\"@type\":\"ImageObject\",\"inLanguage\":\"sv-SE\",\"@id\":\"https:\/\/www.welovecycling.com\/se\/#\/schema\/person\/image\/\",\"url\":\"https:\/\/secure.gravatar.com\/avatar\/aa7179ed680d67575eb51f63c5b61904173a0d3f6f176fe19385d5dbb376c145?s=96&d=mm&r=g\",\"contentUrl\":\"https:\/\/secure.gravatar.com\/avatar\/aa7179ed680d67575eb51f63c5b61904173a0d3f6f176fe19385d5dbb376c145?s=96&d=mm&r=g\",\"caption\":\"kallebern\"},\"url\":\"https:\/\/www.welovecycling.com\/se\/author\/kallebern\/\"}]}<\/script>\n<!-- \/ Yoast SEO Premium plugin. -->","yoast_head_json":{"title":"Bli en Stravakonstn\u00e4r som kanadensiska Stephen Lund - \u0160koda - We Love Cycling - Sweden","robots":{"index":"index","follow":"follow","max-snippet":"max-snippet:-1","max-image-preview":"max-image-preview:large","max-video-preview":"max-video-preview:-1"},"canonical":"https:\/\/www.welovecycling.com\/se\/2018\/12\/22\/bli-en-stravakonstnar-som-kanadensiska-stephen-lund\/","og_locale":"sv_SE","og_type":"article","og_title":"Bli en Stravakonstn\u00e4r som kanadensiska Stephen Lund","og_description":"Vissa kanske ritar in sina rutter p\u00e5 en papperskarta. Andra drar ut p\u00e5 cykeln och ritar figurativt med sitt GPS-sp\u00e5r, [&hellip;]","og_url":"https:\/\/www.welovecycling.com\/se\/2018\/12\/22\/bli-en-stravakonstnar-som-kanadensiska-stephen-lund\/","og_site_name":"\u0160koda - We Love Cycling - Sweden","article_published_time":"2018-12-22T11:57:21+00:00","og_image":[{"width":1366,"height":600,"url":"https:\/\/d2p6e6u75xmxt8.cloudfront.net\/9\/2018\/12\/covermap.jpg","type":"image\/jpeg"}],"author":"kallebern","twitter_card":"summary_large_image","twitter_misc":{"Written by":"Adam Marsal","Est. reading time":"2 minutes"},"schema":{"@context":"https:\/\/schema.org","@graph":[{"@type":"WebPage","@id":"https:\/\/www.welovecycling.com\/se\/2018\/12\/22\/bli-en-stravakonstnar-som-kanadensiska-stephen-lund\/","url":"https:\/\/www.welovecycling.com\/se\/2018\/12\/22\/bli-en-stravakonstnar-som-kanadensiska-stephen-lund\/","name":"Bli en Stravakonstn\u00e4r som kanadensiska Stephen Lund - \u0160koda - We Love Cycling - Sweden","isPartOf":{"@id":"https:\/\/www.welovecycling.com\/se\/#website"},"primaryImageOfPage":{"@id":"https:\/\/www.welovecycling.com\/se\/2018\/12\/22\/bli-en-stravakonstnar-som-kanadensiska-stephen-lund\/#primaryimage"},"image":{"@id":"https:\/\/www.welovecycling.com\/se\/2018\/12\/22\/bli-en-stravakonstnar-som-kanadensiska-stephen-lund\/#primaryimage"},"thumbnailUrl":"https:\/\/d2p6e6u75xmxt8.cloudfront.net\/9\/2018\/12\/covermap.jpg","datePublished":"2018-12-22T11:57:21+00:00","author":{"@id":"https:\/\/www.welovecycling.com\/se\/#\/schema\/person\/cf0db6969fc5aa4e230760e09dde1f45"},"breadcrumb":{"@id":"https:\/\/www.welovecycling.com\/se\/2018\/12\/22\/bli-en-stravakonstnar-som-kanadensiska-stephen-lund\/#breadcrumb"},"inLanguage":"sv-SE","potentialAction":[{"@type":"ReadAction","target":["https:\/\/www.welovecycling.com\/se\/2018\/12\/22\/bli-en-stravakonstnar-som-kanadensiska-stephen-lund\/"]}]},{"@type":"ImageObject","inLanguage":"sv-SE","@id":"https:\/\/www.welovecycling.com\/se\/2018\/12\/22\/bli-en-stravakonstnar-som-kanadensiska-stephen-lund\/#primaryimage","url":"https:\/\/d2p6e6u75xmxt8.cloudfront.net\/9\/2018\/12\/covermap.jpg","contentUrl":"https:\/\/d2p6e6u75xmxt8.cloudfront.net\/9\/2018\/12\/covermap.jpg","width":1366,"height":600},{"@type":"BreadcrumbList","@id":"https:\/\/www.welovecycling.com\/se\/2018\/12\/22\/bli-en-stravakonstnar-som-kanadensiska-stephen-lund\/#breadcrumb","itemListElement":[{"@type":"ListItem","position":1,"name":"Home","item":"https:\/\/www.welovecycling.com\/se\/"},{"@type":"ListItem","position":2,"name":"Bli en Stravakonstn\u00e4r som kanadensiska Stephen Lund"}]},{"@type":"WebSite","@id":"https:\/\/www.welovecycling.com\/se\/#website","url":"https:\/\/www.welovecycling.com\/se\/","name":"\u0160koda - We Love Cycling - Sweden","description":"\u0160koda We Love Cycling - Sweden","potentialAction":[{"@type":"SearchAction","target":{"@type":"EntryPoint","urlTemplate":"https:\/\/www.welovecycling.com\/se\/?s={search_term_string}"},"query-input":{"@type":"PropertyValueSpecification","valueRequired":true,"valueName":"search_term_string"}}],"inLanguage":"sv-SE"},{"@type":"Person","@id":"https:\/\/www.welovecycling.com\/se\/#\/schema\/person\/cf0db6969fc5aa4e230760e09dde1f45","name":"kallebern","image":{"@type":"ImageObject","inLanguage":"sv-SE","@id":"https:\/\/www.welovecycling.com\/se\/#\/schema\/person\/image\/","url":"https:\/\/secure.gravatar.com\/avatar\/aa7179ed680d67575eb51f63c5b61904173a0d3f6f176fe19385d5dbb376c145?s=96&d=mm&r=g","contentUrl":"https:\/\/secure.gravatar.com\/avatar\/aa7179ed680d67575eb51f63c5b61904173a0d3f6f176fe19385d5dbb376c145?s=96&d=mm&r=g","caption":"kallebern"},"url":"https:\/\/www.welovecycling.com\/se\/author\/kallebern\/"}]}},"_links":{"self":[{"href":"https:\/\/www.welovecycling.com\/se\/wp-json\/wp\/v2\/posts\/1749","targetHints":{"allow":["GET"]}}],"collection":[{"href":"https:\/\/www.welovecycling.com\/se\/wp-json\/wp\/v2\/posts"}],"about":[{"href":"https:\/\/www.welovecycling.com\/se\/wp-json\/wp\/v2\/types\/post"}],"author":[{"embeddable":true,"href":"https:\/\/www.welovecycling.com\/se\/wp-json\/wp\/v2\/users\/80"}],"replies":[{"embeddable":true,"href":"https:\/\/www.welovecycling.com\/se\/wp-json\/wp\/v2\/comments?post=1749"}],"version-history":[{"count":2,"href":"https:\/\/www.welovecycling.com\/se\/wp-json\/wp\/v2\/posts\/1749\/revisions"}],"predecessor-version":[{"id":1806,"href":"https:\/\/www.welovecycling.com\/se\/wp-json\/wp\/v2\/posts\/1749\/revisions\/1806"}],"wp:featuredmedia":[{"embeddable":true,"href":"https:\/\/www.welovecycling.com\/se\/wp-json\/wp\/v2\/media\/1753"}],"wp:attachment":[{"href":"https:\/\/www.welovecycling.com\/se\/wp-json\/wp\/v2\/media?parent=1749"}],"wp:term":[{"taxonomy":"category","embeddable":true,"href":"https:\/\/www.welovecycling.com\/se\/wp-json\/wp\/v2\/categories?post=1749"},{"taxonomy":"post_tag","embeddable":true,"href":"https:\/\/www.welovecycling.com\/se\/wp-json\/wp\/v2\/tags?post=1749"},{"taxonomy":"global-categories","embeddable":true,"href":"https:\/\/www.welovecycling.com\/se\/wp-json\/wp\/v2\/global-categories?post=1749"}],"curies":[{"name":"wp","href":"https:\/\/api.w.org\/{rel}","templated":true}]}}