{"id":1736,"date":"2019-08-02T20:27:09","date_gmt":"2019-08-02T19:27:09","guid":{"rendered":"https:\/\/www.welovecycling.com\/se\/?p=1736"},"modified":"2019-08-02T20:27:09","modified_gmt":"2019-08-02T19:27:09","slug":"5-dyraste-cyklarna","status":"publish","type":"post","link":"https:\/\/www.welovecycling.com\/se\/2019\/08\/02\/5-dyraste-cyklarna\/","title":{"rendered":"5 dyraste cyklarna!"},"content":{"rendered":"<p><strong>Det spelar ingen roll vilken som \u00e4r din dr\u00f6mcykel. Den \u00e4r troligtvis inte lika dyr som\u00a0n\u00e5gon av cyklarna p\u00e5 v\u00e5r lista \u00f6ver de fem dyraste cyklarna som s\u00e5lts. Att dom tv\u00e5 dyraste cyklarna s\u00e5ldes p\u00e5 auktion med hj\u00e4lp av Lance Armstrongs namn kan ha f\u00f6r\u00e4ndrat i v\u00e4rde ganska snabbt efter\u00a0f\u00f6rs\u00e4ljningen, dom s\u00e5ldes innan han \u00e5kte fast! Konstigt nog har trenden med svindyra cyklar avtagit de senaste \u00e5ren.<\/strong><!--more--><\/p>\n<h2><strong>Trek Butterfly Madone<\/strong><\/h2>\n<p>Trek Madone var den cykel som Lance Armstrong cyklade p\u00e5 mot slutet av sin karri\u00e4r. I butik kostade standardversioner av cykeln mellan. 30 000 och 100 000 kronor. Inga j\u00e4ttebilliga cyklar direkt men i j\u00e4mf\u00f6relse med den Trek Butterfly Madone som Lance anv\u00e4nde under touren 2009 och som sen auktionerades ut p\u00e5 Sothebys \u00e4r det sm\u00e5pengar. Cykeln auktionerades ut f\u00f6r att samla in pengar till Livestrong, den organisation Lance startade f\u00f6r att samla pengar till cancerforskning, det kan ha varit en anledning till att pl\u00e5nb\u00f6cker \u00f6ppnades lite extra. Cykeln hade dekorerats av konstn\u00e4ren Damien Hirst med bland annat \u00e4kta fj\u00e4rilsvingar. N\u00e4r klubban slog i auktionshusets pulpet var h\u00f6gsta budet n\u00e4rmare 5 miljoner kronor. Konstverket provocerade m\u00e5nga som ans\u00e5g att fj\u00e4rilarna d\u00f6dats bara f\u00f6r att dekorera en cykel men \u00e5tminstone gick pengarna till ett gott \u00e4ndam\u00e5l.<\/p>\n<p><a href=\"https:\/\/d2p6e6u75xmxt8.cloudfront.net\/9\/2018\/12\/trek-butterfly-madone.jpg\"><img loading=\"lazy\" decoding=\"async\" class=\"alignnone size-full wp-image-1737\" src=\"https:\/\/d2p6e6u75xmxt8.cloudfront.net\/9\/2018\/12\/trek-butterfly-madone.jpg\" alt=\"\" width=\"1200\" height=\"1200\" srcset=\"https:\/\/d2p6e6u75xmxt8.cloudfront.net\/9\/2018\/12\/trek-butterfly-madone.jpg 1200w, https:\/\/d2p6e6u75xmxt8.cloudfront.net\/9\/2018\/12\/trek-butterfly-madone-150x150.jpg 150w, https:\/\/d2p6e6u75xmxt8.cloudfront.net\/9\/2018\/12\/trek-butterfly-madone-300x300.jpg 300w, https:\/\/d2p6e6u75xmxt8.cloudfront.net\/9\/2018\/12\/trek-butterfly-madone-768x768.jpg 768w, https:\/\/d2p6e6u75xmxt8.cloudfront.net\/9\/2018\/12\/trek-butterfly-madone-1024x1024.jpg 1024w\" sizes=\"auto, (max-width: 1200px) 100vw, 1200px\" \/><\/a><\/p>\n<h2><strong>Trek Yoshimoto Nara<\/strong><\/h2>\n<p>\u00c4nnu en cykel s\u00e5ld med Lance Armstrongs namn och en konstn\u00e4r som lockbete. Konstn\u00e4ren Yoshimoto Nara gick loss p\u00e5 en Trek tempocykel. Cykeln var vid tillf\u00e4llet dessutom en konceptcykel. N\u00e4r Sothebys tog hand om cykeln lyckades den klubbas f\u00f6r runt tv\u00e5 miljoner som gick till Livestrong Foundation. Det var 2009.<\/p>\n<p><a href=\"https:\/\/d2p6e6u75xmxt8.cloudfront.net\/9\/2018\/12\/Trek-Yoshitomo-Nara-Speed-Concept.png\"><img loading=\"lazy\" decoding=\"async\" class=\"alignnone size-full wp-image-1738\" src=\"https:\/\/d2p6e6u75xmxt8.cloudfront.net\/9\/2018\/12\/Trek-Yoshitomo-Nara-Speed-Concept.png\" alt=\"\" width=\"506\" height=\"330\" srcset=\"https:\/\/d2p6e6u75xmxt8.cloudfront.net\/9\/2018\/12\/Trek-Yoshitomo-Nara-Speed-Concept.png 506w, https:\/\/d2p6e6u75xmxt8.cloudfront.net\/9\/2018\/12\/Trek-Yoshitomo-Nara-Speed-Concept-300x196.png 300w\" sizes=\"auto, (max-width: 506px) 100vw, 506px\" \/><\/a><\/p>\n<h2><strong>Auramania Crystal Edition Gold Bike<\/strong><\/h2>\n<p>En cykel vars v\u00e4rde kanske i st\u00f6rre utstr\u00e4cknings skapas av egna meriter. Billig i j\u00e4mf\u00f6relse med de tv\u00e5 tidigare n\u00e4mnda cyklarna men rej\u00e4lt blingad. Auramania Crystal Edition Gold Bike har ett pris satt helt utan inblandade k\u00e4ndisar. Men nog med guld och glitter f\u00f6r att bli en k\u00e4ndis, 600 kristaller fr\u00e5n Swarovski och guldpl\u00e4terade metalldelar. Givetvis \u00e4r sadeln fr\u00e5n Brooks och cykeln har tio \u00e5rs garanti. \u00c4r du sugen s\u00e5 kostar den strax under miljonen. Ett fynd!<\/p>\n<p><a href=\"https:\/\/d2p6e6u75xmxt8.cloudfront.net\/9\/2018\/12\/aurumania-bike-1.jpg\"><img loading=\"lazy\" decoding=\"async\" class=\"alignnone size-full wp-image-1739\" src=\"https:\/\/d2p6e6u75xmxt8.cloudfront.net\/9\/2018\/12\/aurumania-bike-1.jpg\" alt=\"\" width=\"1140\" height=\"713\" srcset=\"https:\/\/d2p6e6u75xmxt8.cloudfront.net\/9\/2018\/12\/aurumania-bike-1.jpg 1140w, https:\/\/d2p6e6u75xmxt8.cloudfront.net\/9\/2018\/12\/aurumania-bike-1-300x188.jpg 300w, https:\/\/d2p6e6u75xmxt8.cloudfront.net\/9\/2018\/12\/aurumania-bike-1-768x480.jpg 768w, https:\/\/d2p6e6u75xmxt8.cloudfront.net\/9\/2018\/12\/aurumania-bike-1-1024x640.jpg 1024w\" sizes=\"auto, (max-width: 1140px) 100vw, 1140px\" \/><\/a><\/p>\n<h2><strong>Chrome Hearts X Cervelo Mountain Bike<\/strong><\/h2>\n<p>En omarbetad version av Cervelos triathloncykel, f\u00f6r 600 000 kronor. Nu var det tio \u00e5r sedan den s\u00e5ldes men dyrt \u00e4nd\u00e5. Allts\u00e5 ungef\u00e4r tio g\u00e5nger s\u00e5 dyrt som originalet. Chrome Hearts edition \u00e4r inget annat \u00e4n en sjukt pimpad tri-cykel. Sadeln \u00e4r custom och i riktigt l\u00e4der. Att det i Cervelos garanti uttryckligen st\u00e5r att en omlackerad cykel saknar garanti verkar inte p\u00e5verka priset. Hur mycket den \u00e4r v\u00e4rd idag v\u00e5gar vi inte gissa p\u00e5 men troligtvis har den inte \u00f6kat i v\u00e4rde.<\/p>\n<div id='gallery-1' class='gallery galleryid-1736 gallery-columns-3 gallery-size-large'><figure class='gallery-item'>\n\t\t\t<div class='gallery-icon '>\n\t\t\t\t<a href='https:\/\/d2p6e6u75xmxt8.cloudfront.net\/9\/2018\/12\/ChromeHeartsBike4.0.jpg'><img loading=\"lazy\" decoding=\"async\" width=\"1\" height=\"1\" src=\"https:\/\/d2p6e6u75xmxt8.cloudfront.net\/9\/2018\/12\/ChromeHeartsBike4.0.jpg\" class=\"attachment-large size-large\" alt=\"\" \/><\/a>\n\t\t\t<\/div><\/figure><figure class='gallery-item'>\n\t\t\t<div class='gallery-icon '>\n\t\t\t\t<a href='https:\/\/d2p6e6u75xmxt8.cloudfront.net\/9\/2018\/12\/ChromeHeartsBike2.0.jpg'><img loading=\"lazy\" decoding=\"async\" width=\"1\" height=\"1\" src=\"https:\/\/d2p6e6u75xmxt8.cloudfront.net\/9\/2018\/12\/ChromeHeartsBike2.0.jpg\" class=\"attachment-large size-large\" alt=\"\" \/><\/a>\n\t\t\t<\/div><\/figure><figure class='gallery-item'>\n\t\t\t<div class='gallery-icon landscape'>\n\t\t\t\t<a href='https:\/\/d2p6e6u75xmxt8.cloudfront.net\/9\/2018\/12\/ChromeHeartsBike1.0.jpg'><img loading=\"lazy\" decoding=\"async\" width=\"1024\" height=\"683\" src=\"https:\/\/d2p6e6u75xmxt8.cloudfront.net\/9\/2018\/12\/ChromeHeartsBike1.0-1024x683.jpg\" class=\"attachment-large size-large\" alt=\"\" srcset=\"https:\/\/d2p6e6u75xmxt8.cloudfront.net\/9\/2018\/12\/ChromeHeartsBike1.0-1024x683.jpg 1024w, https:\/\/d2p6e6u75xmxt8.cloudfront.net\/9\/2018\/12\/ChromeHeartsBike1.0-300x200.jpg 300w, https:\/\/d2p6e6u75xmxt8.cloudfront.net\/9\/2018\/12\/ChromeHeartsBike1.0-768x512.jpg 768w, https:\/\/d2p6e6u75xmxt8.cloudfront.net\/9\/2018\/12\/ChromeHeartsBike1.0-272x182.jpg 272w, https:\/\/d2p6e6u75xmxt8.cloudfront.net\/9\/2018\/12\/ChromeHeartsBike1.0.jpg 1200w\" sizes=\"auto, (max-width: 1024px) 100vw, 1024px\" \/><\/a>\n\t\t\t<\/div><\/figure>\n\t\t<\/div>\n\n<h2><strong>eRockit&#8217;s Electric Assist Bicycle<\/strong><\/h2>\n<p>2008 var det v\u00e4rldens dyraste elcykel. Och enligt det svenska regelverket \u00e4r det inte ens en cykel. maxhastigheten p\u00e5 80 kilometer i timmen kanske lockar men priset var \u00e4nnu h\u00f6gre \u00e4n maxhastigheten cirka 350 000 kronor. 2008 kostade de mer avancerade elcyklarna runt 50 000 kronor men d\u00e5 var eRockits version var s\u00e5 hightech att den blev skitdyr. Idag skulle den nog inte anses vara s\u00e4rskilt avancerad, men ful skulle den fortfarande vara.\u00a0<a href=\"https:\/\/d2p6e6u75xmxt8.cloudfront.net\/9\/2018\/12\/erockit1.jpg\"><img loading=\"lazy\" decoding=\"async\" class=\"alignnone size-full wp-image-1740\" src=\"https:\/\/d2p6e6u75xmxt8.cloudfront.net\/9\/2018\/12\/erockit1.jpg\" alt=\"\" width=\"585\" height=\"400\" srcset=\"https:\/\/d2p6e6u75xmxt8.cloudfront.net\/9\/2018\/12\/erockit1.jpg 585w, https:\/\/d2p6e6u75xmxt8.cloudfront.net\/9\/2018\/12\/erockit1-300x205.jpg 300w\" sizes=\"auto, (max-width: 585px) 100vw, 585px\" \/><\/a><\/p>\n","protected":false},"excerpt":{"rendered":"<p>Det spelar ingen roll vilken som \u00e4r din dr\u00f6mcykel. Den \u00e4r troligtvis inte lika dyr som\u00a0n\u00e5gon av cyklarna p\u00e5 v\u00e5r [&hellip;]<\/p>\n","protected":false},"author":80,"featured_media":1742,"comment_status":"open","ping_status":"open","sticky":false,"template":"","format":"standard","meta":{"footnotes":""},"categories":[5],"tags":[],"global-categories":[],"class_list":["post-1736","post","type-post","status-publish","format-standard","has-post-thumbnail","hentry","category-nyheter"],"yoast_head":"<!-- This site is optimized with the Yoast SEO Premium plugin v25.3 (Yoast SEO v25.9) - https:\/\/yoast.com\/wordpress\/plugins\/seo\/ -->\n<title>5 dyraste cyklarna! - \u0160koda - We Love Cycling - Sweden<\/title>\n<meta name=\"robots\" content=\"index, follow, max-snippet:-1, max-image-preview:large, max-video-preview:-1\" \/>\n<link rel=\"canonical\" href=\"https:\/\/www.welovecycling.com\/se\/2019\/08\/02\/5-dyraste-cyklarna\/\" \/>\n<meta property=\"og:locale\" content=\"sv_SE\" \/>\n<meta property=\"og:type\" content=\"article\" \/>\n<meta property=\"og:title\" content=\"5 dyraste cyklarna!\" \/>\n<meta property=\"og:description\" content=\"Det spelar ingen roll vilken som \u00e4r din dr\u00f6mcykel. Den \u00e4r troligtvis inte lika dyr som\u00a0n\u00e5gon av cyklarna p\u00e5 v\u00e5r [&hellip;]\" \/>\n<meta property=\"og:url\" content=\"https:\/\/www.welovecycling.com\/se\/2019\/08\/02\/5-dyraste-cyklarna\/\" \/>\n<meta property=\"og:site_name\" content=\"\u0160koda - We Love Cycling - Sweden\" \/>\n<meta property=\"article:published_time\" content=\"2019-08-02T19:27:09+00:00\" \/>\n<meta property=\"og:image\" content=\"https:\/\/d2p6e6u75xmxt8.cloudfront.net\/9\/2018\/12\/5Bikes-1.jpg\" \/>\n\t<meta property=\"og:image:width\" content=\"1366\" \/>\n\t<meta property=\"og:image:height\" content=\"600\" \/>\n\t<meta property=\"og:image:type\" content=\"image\/jpeg\" \/>\n<meta name=\"author\" content=\"kallebern\" \/>\n<meta name=\"twitter:card\" content=\"summary_large_image\" \/>\n<meta name=\"twitter:label1\" content=\"Written by\" \/>\n\t<meta name=\"twitter:data1\" content=\"Bonnie Friend\" \/>\n\t<meta name=\"twitter:label2\" content=\"Est. reading time\" \/>\n\t<meta name=\"twitter:data2\" content=\"5\" \/>\n<script type=\"application\/ld+json\" class=\"yoast-schema-graph\">{\"@context\":\"https:\/\/schema.org\",\"@graph\":[{\"@type\":\"WebPage\",\"@id\":\"https:\/\/www.welovecycling.com\/se\/2019\/08\/02\/5-dyraste-cyklarna\/\",\"url\":\"https:\/\/www.welovecycling.com\/se\/2019\/08\/02\/5-dyraste-cyklarna\/\",\"name\":\"5 dyraste cyklarna! - \u0160koda - We Love Cycling - Sweden\",\"isPartOf\":{\"@id\":\"https:\/\/www.welovecycling.com\/se\/#website\"},\"primaryImageOfPage\":{\"@id\":\"https:\/\/www.welovecycling.com\/se\/2019\/08\/02\/5-dyraste-cyklarna\/#primaryimage\"},\"image\":{\"@id\":\"https:\/\/www.welovecycling.com\/se\/2019\/08\/02\/5-dyraste-cyklarna\/#primaryimage\"},\"thumbnailUrl\":\"https:\/\/d2p6e6u75xmxt8.cloudfront.net\/9\/2018\/12\/5Bikes-1.jpg\",\"datePublished\":\"2019-08-02T19:27:09+00:00\",\"author\":{\"@id\":\"https:\/\/www.welovecycling.com\/se\/#\/schema\/person\/cf0db6969fc5aa4e230760e09dde1f45\"},\"breadcrumb\":{\"@id\":\"https:\/\/www.welovecycling.com\/se\/2019\/08\/02\/5-dyraste-cyklarna\/#breadcrumb\"},\"inLanguage\":\"sv-SE\",\"potentialAction\":[{\"@type\":\"ReadAction\",\"target\":[\"https:\/\/www.welovecycling.com\/se\/2019\/08\/02\/5-dyraste-cyklarna\/\"]}]},{\"@type\":\"ImageObject\",\"inLanguage\":\"sv-SE\",\"@id\":\"https:\/\/www.welovecycling.com\/se\/2019\/08\/02\/5-dyraste-cyklarna\/#primaryimage\",\"url\":\"https:\/\/d2p6e6u75xmxt8.cloudfront.net\/9\/2018\/12\/5Bikes-1.jpg\",\"contentUrl\":\"https:\/\/d2p6e6u75xmxt8.cloudfront.net\/9\/2018\/12\/5Bikes-1.jpg\",\"width\":1366,\"height\":600},{\"@type\":\"BreadcrumbList\",\"@id\":\"https:\/\/www.welovecycling.com\/se\/2019\/08\/02\/5-dyraste-cyklarna\/#breadcrumb\",\"itemListElement\":[{\"@type\":\"ListItem\",\"position\":1,\"name\":\"Home\",\"item\":\"https:\/\/www.welovecycling.com\/se\/\"},{\"@type\":\"ListItem\",\"position\":2,\"name\":\"5 dyraste cyklarna!\"}]},{\"@type\":\"WebSite\",\"@id\":\"https:\/\/www.welovecycling.com\/se\/#website\",\"url\":\"https:\/\/www.welovecycling.com\/se\/\",\"name\":\"\u0160koda - We Love Cycling - Sweden\",\"description\":\"\u0160koda We Love Cycling - Sweden\",\"potentialAction\":[{\"@type\":\"SearchAction\",\"target\":{\"@type\":\"EntryPoint\",\"urlTemplate\":\"https:\/\/www.welovecycling.com\/se\/?s={search_term_string}\"},\"query-input\":{\"@type\":\"PropertyValueSpecification\",\"valueRequired\":true,\"valueName\":\"search_term_string\"}}],\"inLanguage\":\"sv-SE\"},{\"@type\":\"Person\",\"@id\":\"https:\/\/www.welovecycling.com\/se\/#\/schema\/person\/cf0db6969fc5aa4e230760e09dde1f45\",\"name\":\"kallebern\",\"image\":{\"@type\":\"ImageObject\",\"inLanguage\":\"sv-SE\",\"@id\":\"https:\/\/www.welovecycling.com\/se\/#\/schema\/person\/image\/\",\"url\":\"https:\/\/secure.gravatar.com\/avatar\/aa7179ed680d67575eb51f63c5b61904173a0d3f6f176fe19385d5dbb376c145?s=96&d=mm&r=g\",\"contentUrl\":\"https:\/\/secure.gravatar.com\/avatar\/aa7179ed680d67575eb51f63c5b61904173a0d3f6f176fe19385d5dbb376c145?s=96&d=mm&r=g\",\"caption\":\"kallebern\"},\"url\":\"https:\/\/www.welovecycling.com\/se\/author\/kallebern\/\"}]}<\/script>\n<!-- \/ Yoast SEO Premium plugin. -->","yoast_head_json":{"title":"5 dyraste cyklarna! - \u0160koda - We Love Cycling - Sweden","robots":{"index":"index","follow":"follow","max-snippet":"max-snippet:-1","max-image-preview":"max-image-preview:large","max-video-preview":"max-video-preview:-1"},"canonical":"https:\/\/www.welovecycling.com\/se\/2019\/08\/02\/5-dyraste-cyklarna\/","og_locale":"sv_SE","og_type":"article","og_title":"5 dyraste cyklarna!","og_description":"Det spelar ingen roll vilken som \u00e4r din dr\u00f6mcykel. Den \u00e4r troligtvis inte lika dyr som\u00a0n\u00e5gon av cyklarna p\u00e5 v\u00e5r [&hellip;]","og_url":"https:\/\/www.welovecycling.com\/se\/2019\/08\/02\/5-dyraste-cyklarna\/","og_site_name":"\u0160koda - We Love Cycling - Sweden","article_published_time":"2019-08-02T19:27:09+00:00","og_image":[{"width":1366,"height":600,"url":"https:\/\/d2p6e6u75xmxt8.cloudfront.net\/9\/2018\/12\/5Bikes-1.jpg","type":"image\/jpeg"}],"author":"kallebern","twitter_card":"summary_large_image","twitter_misc":{"Written by":"Bonnie Friend","Est. reading time":"5"},"schema":{"@context":"https:\/\/schema.org","@graph":[{"@type":"WebPage","@id":"https:\/\/www.welovecycling.com\/se\/2019\/08\/02\/5-dyraste-cyklarna\/","url":"https:\/\/www.welovecycling.com\/se\/2019\/08\/02\/5-dyraste-cyklarna\/","name":"5 dyraste cyklarna! - \u0160koda - We Love Cycling - Sweden","isPartOf":{"@id":"https:\/\/www.welovecycling.com\/se\/#website"},"primaryImageOfPage":{"@id":"https:\/\/www.welovecycling.com\/se\/2019\/08\/02\/5-dyraste-cyklarna\/#primaryimage"},"image":{"@id":"https:\/\/www.welovecycling.com\/se\/2019\/08\/02\/5-dyraste-cyklarna\/#primaryimage"},"thumbnailUrl":"https:\/\/d2p6e6u75xmxt8.cloudfront.net\/9\/2018\/12\/5Bikes-1.jpg","datePublished":"2019-08-02T19:27:09+00:00","author":{"@id":"https:\/\/www.welovecycling.com\/se\/#\/schema\/person\/cf0db6969fc5aa4e230760e09dde1f45"},"breadcrumb":{"@id":"https:\/\/www.welovecycling.com\/se\/2019\/08\/02\/5-dyraste-cyklarna\/#breadcrumb"},"inLanguage":"sv-SE","potentialAction":[{"@type":"ReadAction","target":["https:\/\/www.welovecycling.com\/se\/2019\/08\/02\/5-dyraste-cyklarna\/"]}]},{"@type":"ImageObject","inLanguage":"sv-SE","@id":"https:\/\/www.welovecycling.com\/se\/2019\/08\/02\/5-dyraste-cyklarna\/#primaryimage","url":"https:\/\/d2p6e6u75xmxt8.cloudfront.net\/9\/2018\/12\/5Bikes-1.jpg","contentUrl":"https:\/\/d2p6e6u75xmxt8.cloudfront.net\/9\/2018\/12\/5Bikes-1.jpg","width":1366,"height":600},{"@type":"BreadcrumbList","@id":"https:\/\/www.welovecycling.com\/se\/2019\/08\/02\/5-dyraste-cyklarna\/#breadcrumb","itemListElement":[{"@type":"ListItem","position":1,"name":"Home","item":"https:\/\/www.welovecycling.com\/se\/"},{"@type":"ListItem","position":2,"name":"5 dyraste cyklarna!"}]},{"@type":"WebSite","@id":"https:\/\/www.welovecycling.com\/se\/#website","url":"https:\/\/www.welovecycling.com\/se\/","name":"\u0160koda - We Love Cycling - Sweden","description":"\u0160koda We Love Cycling - Sweden","potentialAction":[{"@type":"SearchAction","target":{"@type":"EntryPoint","urlTemplate":"https:\/\/www.welovecycling.com\/se\/?s={search_term_string}"},"query-input":{"@type":"PropertyValueSpecification","valueRequired":true,"valueName":"search_term_string"}}],"inLanguage":"sv-SE"},{"@type":"Person","@id":"https:\/\/www.welovecycling.com\/se\/#\/schema\/person\/cf0db6969fc5aa4e230760e09dde1f45","name":"kallebern","image":{"@type":"ImageObject","inLanguage":"sv-SE","@id":"https:\/\/www.welovecycling.com\/se\/#\/schema\/person\/image\/","url":"https:\/\/secure.gravatar.com\/avatar\/aa7179ed680d67575eb51f63c5b61904173a0d3f6f176fe19385d5dbb376c145?s=96&d=mm&r=g","contentUrl":"https:\/\/secure.gravatar.com\/avatar\/aa7179ed680d67575eb51f63c5b61904173a0d3f6f176fe19385d5dbb376c145?s=96&d=mm&r=g","caption":"kallebern"},"url":"https:\/\/www.welovecycling.com\/se\/author\/kallebern\/"}]}},"_links":{"self":[{"href":"https:\/\/www.welovecycling.com\/se\/wp-json\/wp\/v2\/posts\/1736","targetHints":{"allow":["GET"]}}],"collection":[{"href":"https:\/\/www.welovecycling.com\/se\/wp-json\/wp\/v2\/posts"}],"about":[{"href":"https:\/\/www.welovecycling.com\/se\/wp-json\/wp\/v2\/types\/post"}],"author":[{"embeddable":true,"href":"https:\/\/www.welovecycling.com\/se\/wp-json\/wp\/v2\/users\/80"}],"replies":[{"embeddable":true,"href":"https:\/\/www.welovecycling.com\/se\/wp-json\/wp\/v2\/comments?post=1736"}],"version-history":[{"count":2,"href":"https:\/\/www.welovecycling.com\/se\/wp-json\/wp\/v2\/posts\/1736\/revisions"}],"predecessor-version":[{"id":2255,"href":"https:\/\/www.welovecycling.com\/se\/wp-json\/wp\/v2\/posts\/1736\/revisions\/2255"}],"wp:featuredmedia":[{"embeddable":true,"href":"https:\/\/www.welovecycling.com\/se\/wp-json\/wp\/v2\/media\/1742"}],"wp:attachment":[{"href":"https:\/\/www.welovecycling.com\/se\/wp-json\/wp\/v2\/media?parent=1736"}],"wp:term":[{"taxonomy":"category","embeddable":true,"href":"https:\/\/www.welovecycling.com\/se\/wp-json\/wp\/v2\/categories?post=1736"},{"taxonomy":"post_tag","embeddable":true,"href":"https:\/\/www.welovecycling.com\/se\/wp-json\/wp\/v2\/tags?post=1736"},{"taxonomy":"global-categories","embeddable":true,"href":"https:\/\/www.welovecycling.com\/se\/wp-json\/wp\/v2\/global-categories?post=1736"}],"curies":[{"name":"wp","href":"https:\/\/api.w.org\/{rel}","templated":true}]}}