{"id":1719,"date":"2019-02-03T22:07:44","date_gmt":"2019-02-03T21:07:44","guid":{"rendered":"https:\/\/www.welovecycling.com\/se\/?p=1719"},"modified":"2019-02-19T12:26:32","modified_gmt":"2019-02-19T11:26:32","slug":"att-dricka-pa-ratt-satt","status":"publish","type":"post","link":"https:\/\/www.welovecycling.com\/se\/2019\/02\/03\/att-dricka-pa-ratt-satt\/","title":{"rendered":"Att dricka p\u00e5 r\u00e4tt s\u00e4tt"},"content":{"rendered":"<p><b>Din v\u00e4tskebalans p\u00e5verkar din prestation och din mentala styrka. \u00c4r du uttorkad tappar du b\u00e5de kraft och f\u00f6rm\u00e5gan att k\u00e4mpa p\u00e5. Kroppen f\u00e5r ocks\u00e5 problem att reglera sin temperatur. Men det finns s\u00e4tt att f\u00f6rebygga uttorkning och h\u00e5lla energiniv\u00e5erna uppe.<\/b><\/p>\n<p><!--more--><\/p>\n<h2><strong>Vatten, kaffe och te<\/strong><\/h2>\n<p>Den b\u00e4sta dryckestaktiken n\u00e4r du inte tr\u00e4nar \u00e4r att alltid dricka n\u00e4r du \u00e4r t\u00f6rstig och d\u00e5 v\u00e4lja vatten. T\u00e4nk ocks\u00e5 p\u00e5 att soppor, gr\u00f6nsaker, frukter och annan v\u00e4tskerik mat hj\u00e4lper till att h\u00e5lla v\u00e4tskebalansen. Kaffe och te \u00e4r inte heller s\u00e5 d\u00e5ligt som det ofta beskrivs.<\/p>\n<figure id=\"attachment_1730\" aria-describedby=\"caption-attachment-1730\" style=\"width: 640px\" class=\"wp-caption alignnone\"><a href=\"https:\/\/d2p6e6u75xmxt8.cloudfront.net\/9\/2018\/12\/Tea-pexels-photo-230477.jpeg\"><img loading=\"lazy\" decoding=\"async\" class=\"wp-image-1730 size-full\" src=\"https:\/\/d2p6e6u75xmxt8.cloudfront.net\/9\/2018\/12\/Tea-pexels-photo-230477.jpeg\" alt=\"\" width=\"640\" height=\"426\" srcset=\"https:\/\/d2p6e6u75xmxt8.cloudfront.net\/9\/2018\/12\/Tea-pexels-photo-230477.jpeg 640w, https:\/\/d2p6e6u75xmxt8.cloudfront.net\/9\/2018\/12\/Tea-pexels-photo-230477-300x200.jpeg 300w, https:\/\/d2p6e6u75xmxt8.cloudfront.net\/9\/2018\/12\/Tea-pexels-photo-230477-272x182.jpeg 272w\" sizes=\"auto, (max-width: 640px) 100vw, 640px\" \/><\/a><figcaption id=\"caption-attachment-1730\" class=\"wp-caption-text\">Os\u00f6tat gr\u00f6nt te \u00e4r ett bra val om man ska dricka n\u00e5got varmt.<\/figcaption><\/figure>\n<h2><strong>V\u00e4lj r\u00e4tt sportdryck<\/strong><\/h2>\n<p>N\u00e4r du tr\u00e4nar kan du med f\u00f6rdel dricka sockerhaltiga drycker. Vanligt vatten \u00e4r inte optimalt f\u00f6r att ge kroppen v\u00e4tska och vetenskapliga studier visar att v\u00e4tskeupptaget kan f\u00f6rb\u00e4ttras om du kombinerar vatten, salt och kolhydrater. Och det kr\u00e4vs inte mycket f\u00f6r att ge effekt. Redan vid n\u00e5gra procent kolhydrater p\u00e5verkas upptaget positivt.<span class=\"Apple-converted-space\">\u00a0 <\/span>Men det finns \u00e4ven drycker med h\u00f6gre energikoncentrationer. Flera faktorer avg\u00f6r vad du ska satsa p\u00e5 att f\u00e5 i dig i samband med tr\u00e4ning eller t\u00e4vling. Hur l\u00e4nge du ska h\u00e5lla p\u00e5, temperatur och intensitet \u00e4r n\u00e5gra av nyckelfaktorerna som avg\u00f6r. F\u00f6renklat finns det tre olika typer av sportdrycker:<\/p>\n<p><b>L\u00e5gt kolhydratsinneh\u00e5ll, f\u00f6r hydrering<\/b> \u2013 <span class=\"Apple-converted-space\">F<\/span>orskning visar att en l\u00e5g kolhydratsm\u00e4ngd (under 4% kolhydrater) kombinerat med natrium och vatten \u00f6kar kroppens upptag av v\u00e4tskan. Under riktigt varma pass, eller n\u00e4r aktivitetstiden \u00e4r l\u00e5ng och du svettas riktigt mycket l\u00e4mpar sig denna kategori av drycker v\u00e4l. Lite energi men ocks\u00e5 l\u00e4gre risk f\u00f6r magproblem.<\/p>\n<p><b>Traditionell sportdryck, en kompromiss<\/b> \u2013 De flesta drycker som du hittar tillh\u00f6r denna kategorin. Kolhydratsniv\u00e5erna varierar, men ligger p\u00e5 mellan fyra till \u00e5tta procent. Dessa \u00e4r utformade f\u00f6r att m\u00f6ta b\u00e5de energi- och v\u00e4tskebehovet. Mer energi men st\u00f6rre risk f\u00f6r magproblem.<\/p>\n<p><b>H\u00f6gt kolhydratsinneh\u00e5ll, med fokus p\u00e5 energi<\/b> \u2013 En kategori som historiskt inte funnits, till stor del p\u00e5 grund av magproblemen som h\u00f6ga koncentrationerna av kolhydrater (\u00f6ver \u00e5tta procent) kan medf\u00f6ra. Men de senaste \u00e5ren har det skett stora framsteg p\u00e5 utvecklingssidan och det svenska f\u00f6retaget Maurten har lyckats l\u00f6sa magproblemet. Idag finns drycker med h\u00f6gt energiinneh\u00e5ll, som l\u00e4mpar sig v\u00e4l f\u00f6r h\u00f6g intensitet, med l\u00e5g risk f\u00f6r magproblem.<\/p>\n<p>https:\/\/www.instagram.com\/p\/BQlNSdZBCOH\/<\/p>\n<h2><strong>F\u00e5 i dig salt<\/strong><\/h2>\n<p>N\u00e4r du planerar din tr\u00e4ningsdryck \u00e4r elektrolyter en viktig komponent. Stora delar av ditt mineralbehov t\u00e4cks av din kost och forskning visar att den enda elektrolyt som du f\u00f6rlorar i betydande grad n\u00e4r du svettas \u00e4r natrium. S\u00e5 se d\u00e4rf\u00f6r till att dricka n\u00e5got med salt i n\u00e4r du tr\u00e4nar eller r\u00f6r p\u00e5 dig. Mer eller mindre alla sportdrycker ers\u00e4tter saltf\u00f6rlusten som uppst\u00e5r n\u00e4r du svettas.<span class=\"Apple-converted-space\">\u00a0<\/span><\/p>\n<h2><strong>Hur mycket?<\/strong><\/h2>\n<p>F\u00f6r tr\u00e4ningspass p\u00e5 under en timme beh\u00f6ver du inte fundera s\u00e5 mycket p\u00e5 vad du dricker om det inte \u00e4r extremt varmt. Generella riktlinjer f\u00f6r hur mycket du b\u00f6r dricka \u00e4r sv\u00e5rt att ge \u2013 det \u00e4r m\u00e5nga faktorer som avg\u00f6r hur mycket v\u00e4tska och energi som du beh\u00f6ver. Men en tumregel f\u00f6r l\u00e4ngre pass \u00e4r att se till att du f\u00e5r i dig runt 80 gram kolhydrater per timma. Sportdryckstillverkarna deklarerar alltid m\u00e4ngden kolhydraterna p\u00e5 f\u00f6rpackningen. R\u00e4kna bakl\u00e4nges hur mycket dryck du b\u00f6r f\u00e5 i dig f\u00f6r att uppn\u00e5 m\u00e4ngden energi. B\u00f6rja testa strategin i tr\u00e4ning och f\u00f6rs\u00f6k utarbeta en plan f\u00f6r hur mycket du b\u00f6r f\u00e5 i dig varje g\u00e5ng du dricker. Det \u00e4r alltid viktigt att testa din strategi under tr\u00e4ning s\u00e5 du har utrymme att b\u00e5de testa och justera intaget efter din kropp och olika f\u00f6ruts\u00e4ttningar. Och gl\u00f6m inte att fylla p\u00e5 efter passen s\u00e5 du kompensera f\u00f6rlorad energi och hj\u00e4lper kroppen att \u00e5terh\u00e4mta sig.<\/p>\n<p>&nbsp;<\/p>\n","protected":false},"excerpt":{"rendered":"<p>Din v\u00e4tskebalans p\u00e5verkar din prestation och din mentala styrka. \u00c4r du uttorkad tappar du b\u00e5de kraft och f\u00f6rm\u00e5gan att k\u00e4mpa [&hellip;]<\/p>\n","protected":false},"author":80,"featured_media":1792,"comment_status":"open","ping_status":"open","sticky":false,"template":"","format":"standard","meta":{"footnotes":""},"categories":[5],"tags":[],"global-categories":[],"class_list":["post-1719","post","type-post","status-publish","format-standard","has-post-thumbnail","hentry","category-nyheter"],"yoast_head":"<!-- This site is optimized with the Yoast SEO Premium plugin v25.3 (Yoast SEO v25.9) - https:\/\/yoast.com\/wordpress\/plugins\/seo\/ -->\n<title>Att dricka p\u00e5 r\u00e4tt s\u00e4tt - \u0160koda - We Love Cycling - Sweden<\/title>\n<meta name=\"description\" content=\"Dehydration affects your body as well as your brain. Let\u2019s look at what to \u2615, how much, and when to prevent dehydration.\" \/>\n<meta name=\"robots\" content=\"index, follow, max-snippet:-1, max-image-preview:large, max-video-preview:-1\" \/>\n<link rel=\"canonical\" href=\"https:\/\/www.welovecycling.com\/se\/2019\/02\/03\/att-dricka-pa-ratt-satt\/\" \/>\n<meta property=\"og:locale\" content=\"sv_SE\" \/>\n<meta property=\"og:type\" content=\"article\" \/>\n<meta property=\"og:title\" content=\"Att dricka p\u00e5 r\u00e4tt s\u00e4tt\" \/>\n<meta property=\"og:description\" content=\"Dehydration affects your body as well as your brain. Let\u2019s look at what to \u2615, how much, and when to prevent dehydration.\" \/>\n<meta property=\"og:url\" content=\"https:\/\/www.welovecycling.com\/se\/2019\/02\/03\/att-dricka-pa-ratt-satt\/\" \/>\n<meta property=\"og:site_name\" content=\"\u0160koda - We Love Cycling - Sweden\" \/>\n<meta property=\"article:published_time\" content=\"2019-02-03T21:07:44+00:00\" \/>\n<meta property=\"article:modified_time\" content=\"2019-02-19T11:26:32+00:00\" \/>\n<meta property=\"og:image\" content=\"https:\/\/d2p6e6u75xmxt8.cloudfront.net\/9\/2019\/02\/Skoda-Cycling-Team-7493-copy_bw-1024x683.jpg\" \/>\n\t<meta property=\"og:image:width\" content=\"1024\" \/>\n\t<meta property=\"og:image:height\" content=\"683\" \/>\n\t<meta property=\"og:image:type\" content=\"image\/jpeg\" \/>\n<meta name=\"author\" content=\"kallebern\" \/>\n<meta name=\"twitter:card\" content=\"summary_large_image\" \/>\n<meta name=\"twitter:label1\" content=\"Written by\" \/>\n\t<meta name=\"twitter:data1\" content=\"Jiri Kaloc\" \/>\n\t<meta name=\"twitter:label2\" content=\"Est. reading time\" \/>\n\t<meta name=\"twitter:data2\" content=\"4\" \/>\n<script type=\"application\/ld+json\" class=\"yoast-schema-graph\">{\"@context\":\"https:\/\/schema.org\",\"@graph\":[{\"@type\":\"WebPage\",\"@id\":\"https:\/\/www.welovecycling.com\/se\/2019\/02\/03\/att-dricka-pa-ratt-satt\/\",\"url\":\"https:\/\/www.welovecycling.com\/se\/2019\/02\/03\/att-dricka-pa-ratt-satt\/\",\"name\":\"Att dricka p\u00e5 r\u00e4tt s\u00e4tt - \u0160koda - We Love Cycling - Sweden\",\"isPartOf\":{\"@id\":\"https:\/\/www.welovecycling.com\/se\/#website\"},\"primaryImageOfPage\":{\"@id\":\"https:\/\/www.welovecycling.com\/se\/2019\/02\/03\/att-dricka-pa-ratt-satt\/#primaryimage\"},\"image\":{\"@id\":\"https:\/\/www.welovecycling.com\/se\/2019\/02\/03\/att-dricka-pa-ratt-satt\/#primaryimage\"},\"thumbnailUrl\":\"https:\/\/d2p6e6u75xmxt8.cloudfront.net\/9\/2019\/02\/Skoda-Cycling-Team-7493-copy_bw.jpg\",\"datePublished\":\"2019-02-03T21:07:44+00:00\",\"dateModified\":\"2019-02-19T11:26:32+00:00\",\"author\":{\"@id\":\"https:\/\/www.welovecycling.com\/se\/#\/schema\/person\/cf0db6969fc5aa4e230760e09dde1f45\"},\"description\":\"Dehydration affects your body as well as your brain. Let\u2019s look at what to \u2615, how much, and when to prevent dehydration.\",\"breadcrumb\":{\"@id\":\"https:\/\/www.welovecycling.com\/se\/2019\/02\/03\/att-dricka-pa-ratt-satt\/#breadcrumb\"},\"inLanguage\":\"sv-SE\",\"potentialAction\":[{\"@type\":\"ReadAction\",\"target\":[\"https:\/\/www.welovecycling.com\/se\/2019\/02\/03\/att-dricka-pa-ratt-satt\/\"]}]},{\"@type\":\"ImageObject\",\"inLanguage\":\"sv-SE\",\"@id\":\"https:\/\/www.welovecycling.com\/se\/2019\/02\/03\/att-dricka-pa-ratt-satt\/#primaryimage\",\"url\":\"https:\/\/d2p6e6u75xmxt8.cloudfront.net\/9\/2019\/02\/Skoda-Cycling-Team-7493-copy_bw.jpg\",\"contentUrl\":\"https:\/\/d2p6e6u75xmxt8.cloudfront.net\/9\/2019\/02\/Skoda-Cycling-Team-7493-copy_bw.jpg\",\"width\":2901,\"height\":1934},{\"@type\":\"BreadcrumbList\",\"@id\":\"https:\/\/www.welovecycling.com\/se\/2019\/02\/03\/att-dricka-pa-ratt-satt\/#breadcrumb\",\"itemListElement\":[{\"@type\":\"ListItem\",\"position\":1,\"name\":\"Home\",\"item\":\"https:\/\/www.welovecycling.com\/se\/\"},{\"@type\":\"ListItem\",\"position\":2,\"name\":\"Att dricka p\u00e5 r\u00e4tt s\u00e4tt\"}]},{\"@type\":\"WebSite\",\"@id\":\"https:\/\/www.welovecycling.com\/se\/#website\",\"url\":\"https:\/\/www.welovecycling.com\/se\/\",\"name\":\"\u0160koda - We Love Cycling - Sweden\",\"description\":\"\u0160koda We Love Cycling - Sweden\",\"potentialAction\":[{\"@type\":\"SearchAction\",\"target\":{\"@type\":\"EntryPoint\",\"urlTemplate\":\"https:\/\/www.welovecycling.com\/se\/?s={search_term_string}\"},\"query-input\":{\"@type\":\"PropertyValueSpecification\",\"valueRequired\":true,\"valueName\":\"search_term_string\"}}],\"inLanguage\":\"sv-SE\"},{\"@type\":\"Person\",\"@id\":\"https:\/\/www.welovecycling.com\/se\/#\/schema\/person\/cf0db6969fc5aa4e230760e09dde1f45\",\"name\":\"kallebern\",\"image\":{\"@type\":\"ImageObject\",\"inLanguage\":\"sv-SE\",\"@id\":\"https:\/\/www.welovecycling.com\/se\/#\/schema\/person\/image\/\",\"url\":\"https:\/\/secure.gravatar.com\/avatar\/aa7179ed680d67575eb51f63c5b61904173a0d3f6f176fe19385d5dbb376c145?s=96&d=mm&r=g\",\"contentUrl\":\"https:\/\/secure.gravatar.com\/avatar\/aa7179ed680d67575eb51f63c5b61904173a0d3f6f176fe19385d5dbb376c145?s=96&d=mm&r=g\",\"caption\":\"kallebern\"},\"url\":\"https:\/\/www.welovecycling.com\/se\/author\/kallebern\/\"}]}<\/script>\n<!-- \/ Yoast SEO Premium plugin. -->","yoast_head_json":{"title":"Att dricka p\u00e5 r\u00e4tt s\u00e4tt - \u0160koda - We Love Cycling - Sweden","description":"Dehydration affects your body as well as your brain. Let\u2019s look at what to \u2615, how much, and when to prevent dehydration.","robots":{"index":"index","follow":"follow","max-snippet":"max-snippet:-1","max-image-preview":"max-image-preview:large","max-video-preview":"max-video-preview:-1"},"canonical":"https:\/\/www.welovecycling.com\/se\/2019\/02\/03\/att-dricka-pa-ratt-satt\/","og_locale":"sv_SE","og_type":"article","og_title":"Att dricka p\u00e5 r\u00e4tt s\u00e4tt","og_description":"Dehydration affects your body as well as your brain. Let\u2019s look at what to \u2615, how much, and when to prevent dehydration.","og_url":"https:\/\/www.welovecycling.com\/se\/2019\/02\/03\/att-dricka-pa-ratt-satt\/","og_site_name":"\u0160koda - We Love Cycling - Sweden","article_published_time":"2019-02-03T21:07:44+00:00","article_modified_time":"2019-02-19T11:26:32+00:00","og_image":[{"width":1024,"height":683,"url":"https:\/\/d2p6e6u75xmxt8.cloudfront.net\/9\/2019\/02\/Skoda-Cycling-Team-7493-copy_bw-1024x683.jpg","type":"image\/jpeg"}],"author":"kallebern","twitter_card":"summary_large_image","twitter_misc":{"Written by":"Jiri Kaloc","Est. reading time":"4"},"schema":{"@context":"https:\/\/schema.org","@graph":[{"@type":"WebPage","@id":"https:\/\/www.welovecycling.com\/se\/2019\/02\/03\/att-dricka-pa-ratt-satt\/","url":"https:\/\/www.welovecycling.com\/se\/2019\/02\/03\/att-dricka-pa-ratt-satt\/","name":"Att dricka p\u00e5 r\u00e4tt s\u00e4tt - \u0160koda - We Love Cycling - Sweden","isPartOf":{"@id":"https:\/\/www.welovecycling.com\/se\/#website"},"primaryImageOfPage":{"@id":"https:\/\/www.welovecycling.com\/se\/2019\/02\/03\/att-dricka-pa-ratt-satt\/#primaryimage"},"image":{"@id":"https:\/\/www.welovecycling.com\/se\/2019\/02\/03\/att-dricka-pa-ratt-satt\/#primaryimage"},"thumbnailUrl":"https:\/\/d2p6e6u75xmxt8.cloudfront.net\/9\/2019\/02\/Skoda-Cycling-Team-7493-copy_bw.jpg","datePublished":"2019-02-03T21:07:44+00:00","dateModified":"2019-02-19T11:26:32+00:00","author":{"@id":"https:\/\/www.welovecycling.com\/se\/#\/schema\/person\/cf0db6969fc5aa4e230760e09dde1f45"},"description":"Dehydration affects your body as well as your brain. Let\u2019s look at what to \u2615, how much, and when to prevent dehydration.","breadcrumb":{"@id":"https:\/\/www.welovecycling.com\/se\/2019\/02\/03\/att-dricka-pa-ratt-satt\/#breadcrumb"},"inLanguage":"sv-SE","potentialAction":[{"@type":"ReadAction","target":["https:\/\/www.welovecycling.com\/se\/2019\/02\/03\/att-dricka-pa-ratt-satt\/"]}]},{"@type":"ImageObject","inLanguage":"sv-SE","@id":"https:\/\/www.welovecycling.com\/se\/2019\/02\/03\/att-dricka-pa-ratt-satt\/#primaryimage","url":"https:\/\/d2p6e6u75xmxt8.cloudfront.net\/9\/2019\/02\/Skoda-Cycling-Team-7493-copy_bw.jpg","contentUrl":"https:\/\/d2p6e6u75xmxt8.cloudfront.net\/9\/2019\/02\/Skoda-Cycling-Team-7493-copy_bw.jpg","width":2901,"height":1934},{"@type":"BreadcrumbList","@id":"https:\/\/www.welovecycling.com\/se\/2019\/02\/03\/att-dricka-pa-ratt-satt\/#breadcrumb","itemListElement":[{"@type":"ListItem","position":1,"name":"Home","item":"https:\/\/www.welovecycling.com\/se\/"},{"@type":"ListItem","position":2,"name":"Att dricka p\u00e5 r\u00e4tt s\u00e4tt"}]},{"@type":"WebSite","@id":"https:\/\/www.welovecycling.com\/se\/#website","url":"https:\/\/www.welovecycling.com\/se\/","name":"\u0160koda - We Love Cycling - Sweden","description":"\u0160koda We Love Cycling - Sweden","potentialAction":[{"@type":"SearchAction","target":{"@type":"EntryPoint","urlTemplate":"https:\/\/www.welovecycling.com\/se\/?s={search_term_string}"},"query-input":{"@type":"PropertyValueSpecification","valueRequired":true,"valueName":"search_term_string"}}],"inLanguage":"sv-SE"},{"@type":"Person","@id":"https:\/\/www.welovecycling.com\/se\/#\/schema\/person\/cf0db6969fc5aa4e230760e09dde1f45","name":"kallebern","image":{"@type":"ImageObject","inLanguage":"sv-SE","@id":"https:\/\/www.welovecycling.com\/se\/#\/schema\/person\/image\/","url":"https:\/\/secure.gravatar.com\/avatar\/aa7179ed680d67575eb51f63c5b61904173a0d3f6f176fe19385d5dbb376c145?s=96&d=mm&r=g","contentUrl":"https:\/\/secure.gravatar.com\/avatar\/aa7179ed680d67575eb51f63c5b61904173a0d3f6f176fe19385d5dbb376c145?s=96&d=mm&r=g","caption":"kallebern"},"url":"https:\/\/www.welovecycling.com\/se\/author\/kallebern\/"}]}},"_links":{"self":[{"href":"https:\/\/www.welovecycling.com\/se\/wp-json\/wp\/v2\/posts\/1719","targetHints":{"allow":["GET"]}}],"collection":[{"href":"https:\/\/www.welovecycling.com\/se\/wp-json\/wp\/v2\/posts"}],"about":[{"href":"https:\/\/www.welovecycling.com\/se\/wp-json\/wp\/v2\/types\/post"}],"author":[{"embeddable":true,"href":"https:\/\/www.welovecycling.com\/se\/wp-json\/wp\/v2\/users\/80"}],"replies":[{"embeddable":true,"href":"https:\/\/www.welovecycling.com\/se\/wp-json\/wp\/v2\/comments?post=1719"}],"version-history":[{"count":2,"href":"https:\/\/www.welovecycling.com\/se\/wp-json\/wp\/v2\/posts\/1719\/revisions"}],"predecessor-version":[{"id":1800,"href":"https:\/\/www.welovecycling.com\/se\/wp-json\/wp\/v2\/posts\/1719\/revisions\/1800"}],"wp:featuredmedia":[{"embeddable":true,"href":"https:\/\/www.welovecycling.com\/se\/wp-json\/wp\/v2\/media\/1792"}],"wp:attachment":[{"href":"https:\/\/www.welovecycling.com\/se\/wp-json\/wp\/v2\/media?parent=1719"}],"wp:term":[{"taxonomy":"category","embeddable":true,"href":"https:\/\/www.welovecycling.com\/se\/wp-json\/wp\/v2\/categories?post=1719"},{"taxonomy":"post_tag","embeddable":true,"href":"https:\/\/www.welovecycling.com\/se\/wp-json\/wp\/v2\/tags?post=1719"},{"taxonomy":"global-categories","embeddable":true,"href":"https:\/\/www.welovecycling.com\/se\/wp-json\/wp\/v2\/global-categories?post=1719"}],"curies":[{"name":"wp","href":"https:\/\/api.w.org\/{rel}","templated":true}]}}