{"id":1666,"date":"2018-10-30T10:25:50","date_gmt":"2018-10-30T09:25:50","guid":{"rendered":"https:\/\/www.welovecycling.com\/se\/?p=1666"},"modified":"2018-12-21T07:13:43","modified_gmt":"2018-12-21T06:13:43","slug":"snart-oppnar-ansokan-till-skoda-cycling-team-2019","status":"publish","type":"post","link":"https:\/\/www.welovecycling.com\/se\/2018\/10\/30\/snart-oppnar-ansokan-till-skoda-cycling-team-2019\/","title":{"rendered":"\u0160koda Cycling Team 2019"},"content":{"rendered":"<p>Nu \u00e4r ans\u00f6kningen till n\u00e4sta \u00e5rs \u0160koda Cycling Team st\u00e4ngd. Intresset har varit v\u00e4ldigt stort och nu g\u00e5r vi igenom alla ans\u00f6kningar. Vi r\u00e4knar att ha det nya laget klart senast i slutet av januari. Tack till alla f\u00f6r ert intresse och engagemang!<\/p>\n<p><a href=\"https:\/\/www.welovecycling.com\/se\/skoda-cycling-team\/teamet-2018\/\">L\u00e4s mer om 2018 \u00e5rs team h\u00e4r.\u00a0<\/a><\/p>\n<p>L\u00e4s mer om <a href=\"https:\/\/www.welovecycling.com\/se\/skoda-cycling-team\/\">\u0160koda Cycling team<\/a><\/p>\n<p>F\u00f6lj teamet p\u00e5 <a href=\"https:\/\/www.instagram.com\/skodacyclingteam\/\">Instagram<\/a> och <a href=\"https:\/\/www.youtube.com\/channel\/UCrtn795gsbY2CfV5lkwz4hA\">Youtube.<\/a><\/p>\n","protected":false},"excerpt":{"rendered":"<p>Nu \u00e4r ans\u00f6kningen till n\u00e4sta \u00e5rs \u0160koda Cycling Team st\u00e4ngd. Intresset har varit v\u00e4ldigt stort och nu g\u00e5r vi igenom [&hellip;]<\/p>\n","protected":false},"author":52,"featured_media":1678,"comment_status":"open","ping_status":"open","sticky":false,"template":"","format":"standard","meta":{"footnotes":""},"categories":[7],"tags":[12],"global-categories":[],"class_list":["post-1666","post","type-post","status-publish","format-standard","has-post-thumbnail","hentry","category-cyclingteam","tag-skoda-cycling-team"],"yoast_head":"<!-- This site is optimized with the Yoast SEO Premium plugin v25.3 (Yoast SEO v25.9) - https:\/\/yoast.com\/wordpress\/plugins\/seo\/ -->\n<title>\u0160koda Cycling Team 2019 - \u0160koda - We Love Cycling - Sweden<\/title>\n<meta name=\"robots\" content=\"index, follow, max-snippet:-1, max-image-preview:large, max-video-preview:-1\" \/>\n<link rel=\"canonical\" href=\"https:\/\/www.welovecycling.com\/se\/2018\/10\/30\/snart-oppnar-ansokan-till-skoda-cycling-team-2019\/\" \/>\n<meta property=\"og:locale\" content=\"sv_SE\" \/>\n<meta property=\"og:type\" content=\"article\" \/>\n<meta property=\"og:title\" content=\"\u0160koda Cycling Team 2019\" \/>\n<meta property=\"og:description\" content=\"Nu \u00e4r ans\u00f6kningen till n\u00e4sta \u00e5rs \u0160koda Cycling Team st\u00e4ngd. Intresset har varit v\u00e4ldigt stort och nu g\u00e5r vi igenom [&hellip;]\" \/>\n<meta property=\"og:url\" content=\"https:\/\/www.welovecycling.com\/se\/2018\/10\/30\/snart-oppnar-ansokan-till-skoda-cycling-team-2019\/\" \/>\n<meta property=\"og:site_name\" content=\"\u0160koda - We Love Cycling - Sweden\" \/>\n<meta property=\"article:published_time\" content=\"2018-10-30T09:25:50+00:00\" \/>\n<meta property=\"article:modified_time\" content=\"2018-12-21T06:13:43+00:00\" \/>\n<meta property=\"og:image\" content=\"https:\/\/d2p6e6u75xmxt8.cloudfront.net\/9\/2018\/11\/SKODA_Camp_Bike_180511__0459-1024x683.jpg\" \/>\n\t<meta property=\"og:image:width\" content=\"1024\" \/>\n\t<meta property=\"og:image:height\" content=\"683\" \/>\n\t<meta property=\"og:image:type\" content=\"image\/jpeg\" \/>\n<meta name=\"author\" content=\"erikleonsson\" \/>\n<meta name=\"twitter:card\" content=\"summary_large_image\" \/>\n<meta name=\"twitter:label1\" content=\"Written by\" \/>\n\t<meta name=\"twitter:data1\" content=\"erikleonsson\" \/>\n<script type=\"application\/ld+json\" class=\"yoast-schema-graph\">{\"@context\":\"https:\/\/schema.org\",\"@graph\":[{\"@type\":\"WebPage\",\"@id\":\"https:\/\/www.welovecycling.com\/se\/2018\/10\/30\/snart-oppnar-ansokan-till-skoda-cycling-team-2019\/\",\"url\":\"https:\/\/www.welovecycling.com\/se\/2018\/10\/30\/snart-oppnar-ansokan-till-skoda-cycling-team-2019\/\",\"name\":\"\u0160koda Cycling Team 2019 - \u0160koda - We Love Cycling - Sweden\",\"isPartOf\":{\"@id\":\"https:\/\/www.welovecycling.com\/se\/#website\"},\"primaryImageOfPage\":{\"@id\":\"https:\/\/www.welovecycling.com\/se\/2018\/10\/30\/snart-oppnar-ansokan-till-skoda-cycling-team-2019\/#primaryimage\"},\"image\":{\"@id\":\"https:\/\/www.welovecycling.com\/se\/2018\/10\/30\/snart-oppnar-ansokan-till-skoda-cycling-team-2019\/#primaryimage\"},\"thumbnailUrl\":\"https:\/\/d2p6e6u75xmxt8.cloudfront.net\/9\/2018\/11\/SKODA_Camp_Bike_180511__0459.jpg\",\"datePublished\":\"2018-10-30T09:25:50+00:00\",\"dateModified\":\"2018-12-21T06:13:43+00:00\",\"author\":{\"@id\":\"https:\/\/www.welovecycling.com\/se\/#\/schema\/person\/037f34ad5d6e77accab8a3eff6ad7a0c\"},\"breadcrumb\":{\"@id\":\"https:\/\/www.welovecycling.com\/se\/2018\/10\/30\/snart-oppnar-ansokan-till-skoda-cycling-team-2019\/#breadcrumb\"},\"inLanguage\":\"sv-SE\",\"potentialAction\":[{\"@type\":\"ReadAction\",\"target\":[\"https:\/\/www.welovecycling.com\/se\/2018\/10\/30\/snart-oppnar-ansokan-till-skoda-cycling-team-2019\/\"]}]},{\"@type\":\"ImageObject\",\"inLanguage\":\"sv-SE\",\"@id\":\"https:\/\/www.welovecycling.com\/se\/2018\/10\/30\/snart-oppnar-ansokan-till-skoda-cycling-team-2019\/#primaryimage\",\"url\":\"https:\/\/d2p6e6u75xmxt8.cloudfront.net\/9\/2018\/11\/SKODA_Camp_Bike_180511__0459.jpg\",\"contentUrl\":\"https:\/\/d2p6e6u75xmxt8.cloudfront.net\/9\/2018\/11\/SKODA_Camp_Bike_180511__0459.jpg\",\"width\":7658,\"height\":5105},{\"@type\":\"BreadcrumbList\",\"@id\":\"https:\/\/www.welovecycling.com\/se\/2018\/10\/30\/snart-oppnar-ansokan-till-skoda-cycling-team-2019\/#breadcrumb\",\"itemListElement\":[{\"@type\":\"ListItem\",\"position\":1,\"name\":\"Home\",\"item\":\"https:\/\/www.welovecycling.com\/se\/\"},{\"@type\":\"ListItem\",\"position\":2,\"name\":\"\u0160koda Cycling Team 2019\"}]},{\"@type\":\"WebSite\",\"@id\":\"https:\/\/www.welovecycling.com\/se\/#website\",\"url\":\"https:\/\/www.welovecycling.com\/se\/\",\"name\":\"\u0160koda - We Love Cycling - Sweden\",\"description\":\"\u0160koda We Love Cycling - Sweden\",\"potentialAction\":[{\"@type\":\"SearchAction\",\"target\":{\"@type\":\"EntryPoint\",\"urlTemplate\":\"https:\/\/www.welovecycling.com\/se\/?s={search_term_string}\"},\"query-input\":{\"@type\":\"PropertyValueSpecification\",\"valueRequired\":true,\"valueName\":\"search_term_string\"}}],\"inLanguage\":\"sv-SE\"},{\"@type\":\"Person\",\"@id\":\"https:\/\/www.welovecycling.com\/se\/#\/schema\/person\/037f34ad5d6e77accab8a3eff6ad7a0c\",\"name\":\"erikleonsson\",\"image\":{\"@type\":\"ImageObject\",\"inLanguage\":\"sv-SE\",\"@id\":\"https:\/\/www.welovecycling.com\/se\/#\/schema\/person\/image\/\",\"url\":\"https:\/\/secure.gravatar.com\/avatar\/788a593b0a657d6864c271709722f9cd586caa5a645e77f71fe625396b02677c?s=96&d=mm&r=g\",\"contentUrl\":\"https:\/\/secure.gravatar.com\/avatar\/788a593b0a657d6864c271709722f9cd586caa5a645e77f71fe625396b02677c?s=96&d=mm&r=g\",\"caption\":\"erikleonsson\"},\"url\":\"https:\/\/www.welovecycling.com\/se\/author\/erikleonsson\/\"}]}<\/script>\n<!-- \/ Yoast SEO Premium plugin. -->","yoast_head_json":{"title":"\u0160koda Cycling Team 2019 - \u0160koda - We Love Cycling - Sweden","robots":{"index":"index","follow":"follow","max-snippet":"max-snippet:-1","max-image-preview":"max-image-preview:large","max-video-preview":"max-video-preview:-1"},"canonical":"https:\/\/www.welovecycling.com\/se\/2018\/10\/30\/snart-oppnar-ansokan-till-skoda-cycling-team-2019\/","og_locale":"sv_SE","og_type":"article","og_title":"\u0160koda Cycling Team 2019","og_description":"Nu \u00e4r ans\u00f6kningen till n\u00e4sta \u00e5rs \u0160koda Cycling Team st\u00e4ngd. Intresset har varit v\u00e4ldigt stort och nu g\u00e5r vi igenom [&hellip;]","og_url":"https:\/\/www.welovecycling.com\/se\/2018\/10\/30\/snart-oppnar-ansokan-till-skoda-cycling-team-2019\/","og_site_name":"\u0160koda - We Love Cycling - Sweden","article_published_time":"2018-10-30T09:25:50+00:00","article_modified_time":"2018-12-21T06:13:43+00:00","og_image":[{"width":1024,"height":683,"url":"https:\/\/d2p6e6u75xmxt8.cloudfront.net\/9\/2018\/11\/SKODA_Camp_Bike_180511__0459-1024x683.jpg","type":"image\/jpeg"}],"author":"erikleonsson","twitter_card":"summary_large_image","twitter_misc":{"Written by":"erikleonsson"},"schema":{"@context":"https:\/\/schema.org","@graph":[{"@type":"WebPage","@id":"https:\/\/www.welovecycling.com\/se\/2018\/10\/30\/snart-oppnar-ansokan-till-skoda-cycling-team-2019\/","url":"https:\/\/www.welovecycling.com\/se\/2018\/10\/30\/snart-oppnar-ansokan-till-skoda-cycling-team-2019\/","name":"\u0160koda Cycling Team 2019 - \u0160koda - We Love Cycling - Sweden","isPartOf":{"@id":"https:\/\/www.welovecycling.com\/se\/#website"},"primaryImageOfPage":{"@id":"https:\/\/www.welovecycling.com\/se\/2018\/10\/30\/snart-oppnar-ansokan-till-skoda-cycling-team-2019\/#primaryimage"},"image":{"@id":"https:\/\/www.welovecycling.com\/se\/2018\/10\/30\/snart-oppnar-ansokan-till-skoda-cycling-team-2019\/#primaryimage"},"thumbnailUrl":"https:\/\/d2p6e6u75xmxt8.cloudfront.net\/9\/2018\/11\/SKODA_Camp_Bike_180511__0459.jpg","datePublished":"2018-10-30T09:25:50+00:00","dateModified":"2018-12-21T06:13:43+00:00","author":{"@id":"https:\/\/www.welovecycling.com\/se\/#\/schema\/person\/037f34ad5d6e77accab8a3eff6ad7a0c"},"breadcrumb":{"@id":"https:\/\/www.welovecycling.com\/se\/2018\/10\/30\/snart-oppnar-ansokan-till-skoda-cycling-team-2019\/#breadcrumb"},"inLanguage":"sv-SE","potentialAction":[{"@type":"ReadAction","target":["https:\/\/www.welovecycling.com\/se\/2018\/10\/30\/snart-oppnar-ansokan-till-skoda-cycling-team-2019\/"]}]},{"@type":"ImageObject","inLanguage":"sv-SE","@id":"https:\/\/www.welovecycling.com\/se\/2018\/10\/30\/snart-oppnar-ansokan-till-skoda-cycling-team-2019\/#primaryimage","url":"https:\/\/d2p6e6u75xmxt8.cloudfront.net\/9\/2018\/11\/SKODA_Camp_Bike_180511__0459.jpg","contentUrl":"https:\/\/d2p6e6u75xmxt8.cloudfront.net\/9\/2018\/11\/SKODA_Camp_Bike_180511__0459.jpg","width":7658,"height":5105},{"@type":"BreadcrumbList","@id":"https:\/\/www.welovecycling.com\/se\/2018\/10\/30\/snart-oppnar-ansokan-till-skoda-cycling-team-2019\/#breadcrumb","itemListElement":[{"@type":"ListItem","position":1,"name":"Home","item":"https:\/\/www.welovecycling.com\/se\/"},{"@type":"ListItem","position":2,"name":"\u0160koda Cycling Team 2019"}]},{"@type":"WebSite","@id":"https:\/\/www.welovecycling.com\/se\/#website","url":"https:\/\/www.welovecycling.com\/se\/","name":"\u0160koda - We Love Cycling - Sweden","description":"\u0160koda We Love Cycling - Sweden","potentialAction":[{"@type":"SearchAction","target":{"@type":"EntryPoint","urlTemplate":"https:\/\/www.welovecycling.com\/se\/?s={search_term_string}"},"query-input":{"@type":"PropertyValueSpecification","valueRequired":true,"valueName":"search_term_string"}}],"inLanguage":"sv-SE"},{"@type":"Person","@id":"https:\/\/www.welovecycling.com\/se\/#\/schema\/person\/037f34ad5d6e77accab8a3eff6ad7a0c","name":"erikleonsson","image":{"@type":"ImageObject","inLanguage":"sv-SE","@id":"https:\/\/www.welovecycling.com\/se\/#\/schema\/person\/image\/","url":"https:\/\/secure.gravatar.com\/avatar\/788a593b0a657d6864c271709722f9cd586caa5a645e77f71fe625396b02677c?s=96&d=mm&r=g","contentUrl":"https:\/\/secure.gravatar.com\/avatar\/788a593b0a657d6864c271709722f9cd586caa5a645e77f71fe625396b02677c?s=96&d=mm&r=g","caption":"erikleonsson"},"url":"https:\/\/www.welovecycling.com\/se\/author\/erikleonsson\/"}]}},"_links":{"self":[{"href":"https:\/\/www.welovecycling.com\/se\/wp-json\/wp\/v2\/posts\/1666","targetHints":{"allow":["GET"]}}],"collection":[{"href":"https:\/\/www.welovecycling.com\/se\/wp-json\/wp\/v2\/posts"}],"about":[{"href":"https:\/\/www.welovecycling.com\/se\/wp-json\/wp\/v2\/types\/post"}],"author":[{"embeddable":true,"href":"https:\/\/www.welovecycling.com\/se\/wp-json\/wp\/v2\/users\/52"}],"replies":[{"embeddable":true,"href":"https:\/\/www.welovecycling.com\/se\/wp-json\/wp\/v2\/comments?post=1666"}],"version-history":[{"count":2,"href":"https:\/\/www.welovecycling.com\/se\/wp-json\/wp\/v2\/posts\/1666\/revisions"}],"predecessor-version":[{"id":1758,"href":"https:\/\/www.welovecycling.com\/se\/wp-json\/wp\/v2\/posts\/1666\/revisions\/1758"}],"wp:featuredmedia":[{"embeddable":true,"href":"https:\/\/www.welovecycling.com\/se\/wp-json\/wp\/v2\/media\/1678"}],"wp:attachment":[{"href":"https:\/\/www.welovecycling.com\/se\/wp-json\/wp\/v2\/media?parent=1666"}],"wp:term":[{"taxonomy":"category","embeddable":true,"href":"https:\/\/www.welovecycling.com\/se\/wp-json\/wp\/v2\/categories?post=1666"},{"taxonomy":"post_tag","embeddable":true,"href":"https:\/\/www.welovecycling.com\/se\/wp-json\/wp\/v2\/tags?post=1666"},{"taxonomy":"global-categories","embeddable":true,"href":"https:\/\/www.welovecycling.com\/se\/wp-json\/wp\/v2\/global-categories?post=1666"}],"curies":[{"name":"wp","href":"https:\/\/api.w.org\/{rel}","templated":true}]}}