{"id":1181,"date":"2018-03-10T08:19:45","date_gmt":"2018-03-10T07:19:45","guid":{"rendered":"https:\/\/www.welovecycling.com\/se\/?p=1181"},"modified":"2018-05-08T10:37:02","modified_gmt":"2018-05-08T09:37:02","slug":"teamtraff-med-arets-skoda-cycling-team","status":"publish","type":"post","link":"https:\/\/www.welovecycling.com\/se\/2018\/03\/10\/teamtraff-med-arets-skoda-cycling-team\/","title":{"rendered":"Teamtr\u00e4ff med \u00e5rets \u0160koda Cycling Team"},"content":{"rendered":"<p>M\u00f6t nya\u00a0\u0160koda Cycling Team d\u00e5 laget tr\u00e4ffades f\u00f6r f\u00f6rsta g\u00e5ngen i Stockholm. F\u00f6lj dem p\u00e5 deras resa mot V\u00e4tternrundan.<\/p>\n<div class=\"embed-controller-wrapper\">\n<div class=\"embed-wrapper\"><iframe title=\"M\u00f6t SKODA Cycling Team 2018\" width=\"500\" height=\"281\" data-src=\"https:\/\/www.youtube.com\/embed\/ghpb5wXICp8?feature=oembed\" frameborder=\"0\" allow=\"accelerometer; autoplay; clipboard-write; encrypted-media; gyroscope; picture-in-picture; web-share\" referrerpolicy=\"strict-origin-when-cross-origin\" allowfullscreen><\/iframe><\/div>\n<\/div>\n<p>&nbsp;<\/p>\n","protected":false},"excerpt":{"rendered":"<p>M\u00f6t nya\u00a0\u0160koda Cycling Team d\u00e5 laget tr\u00e4ffades f\u00f6r f\u00f6rsta g\u00e5ngen i Stockholm. F\u00f6lj dem p\u00e5 deras resa mot V\u00e4tternrundan. &nbsp;<\/p>\n","protected":false},"author":52,"featured_media":1187,"comment_status":"open","ping_status":"open","sticky":false,"template":"","format":"video","meta":{"footnotes":""},"categories":[7],"tags":[],"global-categories":[],"class_list":["post-1181","post","type-post","status-publish","format-video","has-post-thumbnail","hentry","category-cyclingteam","post_format-post-format-video"],"yoast_head":"<!-- This site is optimized with the Yoast SEO Premium plugin v25.3 (Yoast SEO v25.9) - https:\/\/yoast.com\/wordpress\/plugins\/seo\/ -->\n<title>Teamtr\u00e4ff med \u00e5rets \u0160koda Cycling Team - \u0160koda - We Love Cycling - Sweden<\/title>\n<meta name=\"robots\" content=\"index, follow, max-snippet:-1, max-image-preview:large, max-video-preview:-1\" \/>\n<link rel=\"canonical\" href=\"https:\/\/www.welovecycling.com\/se\/2018\/03\/10\/teamtraff-med-arets-skoda-cycling-team\/\" \/>\n<meta property=\"og:locale\" content=\"sv_SE\" \/>\n<meta property=\"og:type\" content=\"article\" \/>\n<meta property=\"og:title\" content=\"Teamtr\u00e4ff med \u00e5rets \u0160koda Cycling Team\" \/>\n<meta property=\"og:description\" content=\"M\u00f6t nya\u00a0\u0160koda Cycling Team d\u00e5 laget tr\u00e4ffades f\u00f6r f\u00f6rsta g\u00e5ngen i Stockholm. F\u00f6lj dem p\u00e5 deras resa mot V\u00e4tternrundan. &nbsp;\" \/>\n<meta property=\"og:url\" content=\"https:\/\/www.welovecycling.com\/se\/2018\/03\/10\/teamtraff-med-arets-skoda-cycling-team\/\" \/>\n<meta property=\"og:site_name\" content=\"\u0160koda - We Love Cycling - Sweden\" \/>\n<meta property=\"article:published_time\" content=\"2018-03-10T07:19:45+00:00\" \/>\n<meta property=\"article:modified_time\" content=\"2018-05-08T09:37:02+00:00\" \/>\n<meta property=\"og:image\" content=\"https:\/\/d2p6e6u75xmxt8.cloudfront.net\/9\/2018\/05\/Sk\u00e4rmavbild-2018-05-08-kl.-10.38.20-1024x480.png\" \/>\n\t<meta property=\"og:image:width\" content=\"1024\" \/>\n\t<meta property=\"og:image:height\" content=\"480\" \/>\n\t<meta property=\"og:image:type\" content=\"image\/png\" \/>\n<meta name=\"author\" content=\"erikleonsson\" \/>\n<meta name=\"twitter:card\" content=\"summary_large_image\" \/>\n<meta name=\"twitter:label1\" content=\"Written by\" \/>\n\t<meta name=\"twitter:data1\" content=\"erikleonsson\" \/>\n<script type=\"application\/ld+json\" class=\"yoast-schema-graph\">{\"@context\":\"https:\/\/schema.org\",\"@graph\":[{\"@type\":\"WebPage\",\"@id\":\"https:\/\/www.welovecycling.com\/se\/2018\/03\/10\/teamtraff-med-arets-skoda-cycling-team\/\",\"url\":\"https:\/\/www.welovecycling.com\/se\/2018\/03\/10\/teamtraff-med-arets-skoda-cycling-team\/\",\"name\":\"Teamtr\u00e4ff med \u00e5rets \u0160koda Cycling Team - \u0160koda - We Love Cycling - Sweden\",\"isPartOf\":{\"@id\":\"https:\/\/www.welovecycling.com\/se\/#website\"},\"primaryImageOfPage\":{\"@id\":\"https:\/\/www.welovecycling.com\/se\/2018\/03\/10\/teamtraff-med-arets-skoda-cycling-team\/#primaryimage\"},\"image\":{\"@id\":\"https:\/\/www.welovecycling.com\/se\/2018\/03\/10\/teamtraff-med-arets-skoda-cycling-team\/#primaryimage\"},\"thumbnailUrl\":\"https:\/\/d2p6e6u75xmxt8.cloudfront.net\/9\/2018\/05\/Sk\u00e4rmavbild-2018-05-08-kl.-10.38.20.png\",\"datePublished\":\"2018-03-10T07:19:45+00:00\",\"dateModified\":\"2018-05-08T09:37:02+00:00\",\"author\":{\"@id\":\"https:\/\/www.welovecycling.com\/se\/#\/schema\/person\/037f34ad5d6e77accab8a3eff6ad7a0c\"},\"breadcrumb\":{\"@id\":\"https:\/\/www.welovecycling.com\/se\/2018\/03\/10\/teamtraff-med-arets-skoda-cycling-team\/#breadcrumb\"},\"inLanguage\":\"sv-SE\",\"potentialAction\":[{\"@type\":\"ReadAction\",\"target\":[\"https:\/\/www.welovecycling.com\/se\/2018\/03\/10\/teamtraff-med-arets-skoda-cycling-team\/\"]}]},{\"@type\":\"ImageObject\",\"inLanguage\":\"sv-SE\",\"@id\":\"https:\/\/www.welovecycling.com\/se\/2018\/03\/10\/teamtraff-med-arets-skoda-cycling-team\/#primaryimage\",\"url\":\"https:\/\/d2p6e6u75xmxt8.cloudfront.net\/9\/2018\/05\/Sk\u00e4rmavbild-2018-05-08-kl.-10.38.20.png\",\"contentUrl\":\"https:\/\/d2p6e6u75xmxt8.cloudfront.net\/9\/2018\/05\/Sk\u00e4rmavbild-2018-05-08-kl.-10.38.20.png\",\"width\":3802,\"height\":1784},{\"@type\":\"BreadcrumbList\",\"@id\":\"https:\/\/www.welovecycling.com\/se\/2018\/03\/10\/teamtraff-med-arets-skoda-cycling-team\/#breadcrumb\",\"itemListElement\":[{\"@type\":\"ListItem\",\"position\":1,\"name\":\"Home\",\"item\":\"https:\/\/www.welovecycling.com\/se\/\"},{\"@type\":\"ListItem\",\"position\":2,\"name\":\"Teamtr\u00e4ff med \u00e5rets \u0160koda Cycling Team\"}]},{\"@type\":\"WebSite\",\"@id\":\"https:\/\/www.welovecycling.com\/se\/#website\",\"url\":\"https:\/\/www.welovecycling.com\/se\/\",\"name\":\"\u0160koda - We Love Cycling - Sweden\",\"description\":\"\u0160koda We Love Cycling - Sweden\",\"potentialAction\":[{\"@type\":\"SearchAction\",\"target\":{\"@type\":\"EntryPoint\",\"urlTemplate\":\"https:\/\/www.welovecycling.com\/se\/?s={search_term_string}\"},\"query-input\":{\"@type\":\"PropertyValueSpecification\",\"valueRequired\":true,\"valueName\":\"search_term_string\"}}],\"inLanguage\":\"sv-SE\"},{\"@type\":\"Person\",\"@id\":\"https:\/\/www.welovecycling.com\/se\/#\/schema\/person\/037f34ad5d6e77accab8a3eff6ad7a0c\",\"name\":\"erikleonsson\",\"image\":{\"@type\":\"ImageObject\",\"inLanguage\":\"sv-SE\",\"@id\":\"https:\/\/www.welovecycling.com\/se\/#\/schema\/person\/image\/\",\"url\":\"https:\/\/secure.gravatar.com\/avatar\/788a593b0a657d6864c271709722f9cd586caa5a645e77f71fe625396b02677c?s=96&d=mm&r=g\",\"contentUrl\":\"https:\/\/secure.gravatar.com\/avatar\/788a593b0a657d6864c271709722f9cd586caa5a645e77f71fe625396b02677c?s=96&d=mm&r=g\",\"caption\":\"erikleonsson\"},\"url\":\"https:\/\/www.welovecycling.com\/se\/author\/erikleonsson\/\"}]}<\/script>\n<!-- \/ Yoast SEO Premium plugin. -->","yoast_head_json":{"title":"Teamtr\u00e4ff med \u00e5rets \u0160koda Cycling Team - \u0160koda - We Love Cycling - Sweden","robots":{"index":"index","follow":"follow","max-snippet":"max-snippet:-1","max-image-preview":"max-image-preview:large","max-video-preview":"max-video-preview:-1"},"canonical":"https:\/\/www.welovecycling.com\/se\/2018\/03\/10\/teamtraff-med-arets-skoda-cycling-team\/","og_locale":"sv_SE","og_type":"article","og_title":"Teamtr\u00e4ff med \u00e5rets \u0160koda Cycling Team","og_description":"M\u00f6t nya\u00a0\u0160koda Cycling Team d\u00e5 laget tr\u00e4ffades f\u00f6r f\u00f6rsta g\u00e5ngen i Stockholm. F\u00f6lj dem p\u00e5 deras resa mot V\u00e4tternrundan. &nbsp;","og_url":"https:\/\/www.welovecycling.com\/se\/2018\/03\/10\/teamtraff-med-arets-skoda-cycling-team\/","og_site_name":"\u0160koda - We Love Cycling - Sweden","article_published_time":"2018-03-10T07:19:45+00:00","article_modified_time":"2018-05-08T09:37:02+00:00","og_image":[{"width":1024,"height":480,"url":"https:\/\/d2p6e6u75xmxt8.cloudfront.net\/9\/2018\/05\/Sk\u00e4rmavbild-2018-05-08-kl.-10.38.20-1024x480.png","type":"image\/png"}],"author":"erikleonsson","twitter_card":"summary_large_image","twitter_misc":{"Written by":"erikleonsson"},"schema":{"@context":"https:\/\/schema.org","@graph":[{"@type":"WebPage","@id":"https:\/\/www.welovecycling.com\/se\/2018\/03\/10\/teamtraff-med-arets-skoda-cycling-team\/","url":"https:\/\/www.welovecycling.com\/se\/2018\/03\/10\/teamtraff-med-arets-skoda-cycling-team\/","name":"Teamtr\u00e4ff med \u00e5rets \u0160koda Cycling Team - \u0160koda - We Love Cycling - Sweden","isPartOf":{"@id":"https:\/\/www.welovecycling.com\/se\/#website"},"primaryImageOfPage":{"@id":"https:\/\/www.welovecycling.com\/se\/2018\/03\/10\/teamtraff-med-arets-skoda-cycling-team\/#primaryimage"},"image":{"@id":"https:\/\/www.welovecycling.com\/se\/2018\/03\/10\/teamtraff-med-arets-skoda-cycling-team\/#primaryimage"},"thumbnailUrl":"https:\/\/d2p6e6u75xmxt8.cloudfront.net\/9\/2018\/05\/Sk\u00e4rmavbild-2018-05-08-kl.-10.38.20.png","datePublished":"2018-03-10T07:19:45+00:00","dateModified":"2018-05-08T09:37:02+00:00","author":{"@id":"https:\/\/www.welovecycling.com\/se\/#\/schema\/person\/037f34ad5d6e77accab8a3eff6ad7a0c"},"breadcrumb":{"@id":"https:\/\/www.welovecycling.com\/se\/2018\/03\/10\/teamtraff-med-arets-skoda-cycling-team\/#breadcrumb"},"inLanguage":"sv-SE","potentialAction":[{"@type":"ReadAction","target":["https:\/\/www.welovecycling.com\/se\/2018\/03\/10\/teamtraff-med-arets-skoda-cycling-team\/"]}]},{"@type":"ImageObject","inLanguage":"sv-SE","@id":"https:\/\/www.welovecycling.com\/se\/2018\/03\/10\/teamtraff-med-arets-skoda-cycling-team\/#primaryimage","url":"https:\/\/d2p6e6u75xmxt8.cloudfront.net\/9\/2018\/05\/Sk\u00e4rmavbild-2018-05-08-kl.-10.38.20.png","contentUrl":"https:\/\/d2p6e6u75xmxt8.cloudfront.net\/9\/2018\/05\/Sk\u00e4rmavbild-2018-05-08-kl.-10.38.20.png","width":3802,"height":1784},{"@type":"BreadcrumbList","@id":"https:\/\/www.welovecycling.com\/se\/2018\/03\/10\/teamtraff-med-arets-skoda-cycling-team\/#breadcrumb","itemListElement":[{"@type":"ListItem","position":1,"name":"Home","item":"https:\/\/www.welovecycling.com\/se\/"},{"@type":"ListItem","position":2,"name":"Teamtr\u00e4ff med \u00e5rets \u0160koda Cycling Team"}]},{"@type":"WebSite","@id":"https:\/\/www.welovecycling.com\/se\/#website","url":"https:\/\/www.welovecycling.com\/se\/","name":"\u0160koda - We Love Cycling - Sweden","description":"\u0160koda We Love Cycling - Sweden","potentialAction":[{"@type":"SearchAction","target":{"@type":"EntryPoint","urlTemplate":"https:\/\/www.welovecycling.com\/se\/?s={search_term_string}"},"query-input":{"@type":"PropertyValueSpecification","valueRequired":true,"valueName":"search_term_string"}}],"inLanguage":"sv-SE"},{"@type":"Person","@id":"https:\/\/www.welovecycling.com\/se\/#\/schema\/person\/037f34ad5d6e77accab8a3eff6ad7a0c","name":"erikleonsson","image":{"@type":"ImageObject","inLanguage":"sv-SE","@id":"https:\/\/www.welovecycling.com\/se\/#\/schema\/person\/image\/","url":"https:\/\/secure.gravatar.com\/avatar\/788a593b0a657d6864c271709722f9cd586caa5a645e77f71fe625396b02677c?s=96&d=mm&r=g","contentUrl":"https:\/\/secure.gravatar.com\/avatar\/788a593b0a657d6864c271709722f9cd586caa5a645e77f71fe625396b02677c?s=96&d=mm&r=g","caption":"erikleonsson"},"url":"https:\/\/www.welovecycling.com\/se\/author\/erikleonsson\/"}]}},"_links":{"self":[{"href":"https:\/\/www.welovecycling.com\/se\/wp-json\/wp\/v2\/posts\/1181","targetHints":{"allow":["GET"]}}],"collection":[{"href":"https:\/\/www.welovecycling.com\/se\/wp-json\/wp\/v2\/posts"}],"about":[{"href":"https:\/\/www.welovecycling.com\/se\/wp-json\/wp\/v2\/types\/post"}],"author":[{"embeddable":true,"href":"https:\/\/www.welovecycling.com\/se\/wp-json\/wp\/v2\/users\/52"}],"replies":[{"embeddable":true,"href":"https:\/\/www.welovecycling.com\/se\/wp-json\/wp\/v2\/comments?post=1181"}],"version-history":[{"count":2,"href":"https:\/\/www.welovecycling.com\/se\/wp-json\/wp\/v2\/posts\/1181\/revisions"}],"predecessor-version":[{"id":1186,"href":"https:\/\/www.welovecycling.com\/se\/wp-json\/wp\/v2\/posts\/1181\/revisions\/1186"}],"wp:featuredmedia":[{"embeddable":true,"href":"https:\/\/www.welovecycling.com\/se\/wp-json\/wp\/v2\/media\/1187"}],"wp:attachment":[{"href":"https:\/\/www.welovecycling.com\/se\/wp-json\/wp\/v2\/media?parent=1181"}],"wp:term":[{"taxonomy":"category","embeddable":true,"href":"https:\/\/www.welovecycling.com\/se\/wp-json\/wp\/v2\/categories?post=1181"},{"taxonomy":"post_tag","embeddable":true,"href":"https:\/\/www.welovecycling.com\/se\/wp-json\/wp\/v2\/tags?post=1181"},{"taxonomy":"global-categories","embeddable":true,"href":"https:\/\/www.welovecycling.com\/se\/wp-json\/wp\/v2\/global-categories?post=1181"}],"curies":[{"name":"wp","href":"https:\/\/api.w.org\/{rel}","templated":true}]}}