{"id":111,"date":"2017-11-22T13:53:21","date_gmt":"2017-11-22T13:53:21","guid":{"rendered":"https:\/\/www.welovecycling.com\/se\/?p=111"},"modified":"2022-07-01T15:12:11","modified_gmt":"2022-07-01T14:12:11","slug":"a-day-of-eating-for-a-tour-de-france-cyclist","status":"publish","type":"post","link":"https:\/\/www.welovecycling.com\/se\/2017\/11\/22\/a-day-of-eating-for-a-tour-de-france-cyclist\/","title":{"rendered":"En dag av \u00e4tande f\u00f6r en Tour de France-cyklist"},"content":{"rendered":"<p><span style=\"font-size: 14pt;\"><strong>Vad kr\u00e4vs f\u00f6r att slutf\u00f6ra en tuff etapp i Tour de France p\u00e5 en bra tid? Grundf\u00f6ruts\u00e4ttningarna \u00e4r att atleten har sin formtopp, med st\u00f6d fr\u00e5n ett proffsstall, en extremt dyr landsv\u00e4gscykel (eller fler), och en \u00f6verraskande stor m\u00e4ngd av mat och dryck. Den sistn\u00e4mnda \u00e4r f\u00f6rmodligen den enklaste men \u00e4nd\u00e5 l\u00e5ngt ifr\u00e5n l\u00e4tt. L\u00e5t oss ta en n\u00e4rmare titt p\u00e5 den n\u00e4ring en Tour de France-cyklist beh\u00f6ver p\u00e5 t\u00e4vlingsdagen.<\/strong><\/span><br \/>\n<!--more--><\/p>\n<p><span style=\"font-weight: 400;\">En cyklist som slutf\u00f6r Tour de France kommer att br\u00e4nna cirka 140 000 kcal under 21 dagars t\u00e4vlande. Den m\u00e4ngd kalorier motsvarar ungef\u00e4r 275 Big Macs, 114kg biff eller 56kg glass &#8211; v\u00e4lj sj\u00e4lv. Varje etapp kr\u00e4ver cirka 5 000-8000 kcal per dag, beroende p\u00e5 sv\u00e5righetsgraden. F\u00f6r att s\u00e4tta det i perspektiv br\u00e4nner en genomsnittlig person som cyklar f\u00f6r n\u00f6jes skull bara 2500 &#8211; 3000 kcal per dag. Majoriteten av kalorierna p\u00e5 t\u00e4vlingsdagen intas i form av kolhydrater. F\u00f6r en 70kg atlet kan det vara s\u00e5 mycket som 1 400 gram. Du skulle beh\u00f6va \u00e4ta cirka 55 bananer p\u00e5 en dag f\u00f6r att f\u00e5 i dig motsvarande m\u00e4ngd kolhydrater. Och de beh\u00f6ver \u00e4ven h\u00e5lla v\u00e4tskebalansen, vilket kan inneb\u00e4ra upp till 10 liter v\u00e4tska om dagen. Detta \u00e4r imponerande m\u00e4ngder, men vad \u00e4r det egentligen f\u00f6r mat som de st\u00f6rsta namnen p\u00e5 Tour de France \u00e4ter? Enligt Henrik Orre, kock p\u00e5 Team Sky, kan det se ut ungef\u00e4r s\u00e5 h\u00e4r:<\/span><\/p>\n<h2><strong>09:00 <b>Frukost<\/b><\/strong><\/h2>\n<p><span style=\"font-weight: 400;\">En sk\u00e5l med havregrynsgr\u00f6t och n\u00f6tter, en stor omelett, tre sm\u00f6rg\u00e5sar med ost och skinka, 100 g pasta, 1 sk\u00e5l med yoghurt, 500 ml fruktsmoothie, 1 glas \u00e4ppeljuice, 1 kopp kaffe. Nej, det h\u00e4r \u00e4r inte de alternativen som finns. Allt detta utg\u00f6r en frukost f\u00f6r en enda Tour de France-cyklist.<\/span><\/p>\n<p><img loading=\"lazy\" decoding=\"async\" class=\"alignnone size-full wp-image-112\" src=\"https:\/\/d2p6e6u75xmxt8.cloudfront.net\/9\/2017\/11\/Screen-Shot-2016-07-07-at-12.54.11.png\" alt=\"Screen Shot 2016-07-07 at 12.54.11\" width=\"679\" height=\"620\" srcset=\"https:\/\/d2p6e6u75xmxt8.cloudfront.net\/9\/2017\/11\/Screen-Shot-2016-07-07-at-12.54.11.png 679w, https:\/\/d2p6e6u75xmxt8.cloudfront.net\/9\/2017\/11\/Screen-Shot-2016-07-07-at-12.54.11-300x274.png 300w\" sizes=\"auto, (max-width: 679px) 100vw, 679px\" \/><\/p>\n<h2><strong>10:30 <b>Mellanm\u00e5l innan t\u00e4vling<\/b><\/strong><\/h2>\n<p><span style=\"font-weight: 400;\">\u00c4pple, banan, en handfull n\u00f6tter, 2 energibars, massor med vatten och 1 kopp kaffe. Syftet med frukosten och mellanm\u00e5let \u00e4r att f\u00f6rs\u00f6ka f\u00e5 i sig s\u00e5 mycket kalorier som m\u00f6jligt f\u00f6re loppet, f\u00f6r att minska behovet av kalorier p\u00e5 cykeln.<\/span><\/p>\n<h2><strong>12:00 <b>N\u00e4ring under t\u00e4vling<\/b><\/strong><\/h2>\n<p><span style=\"font-weight: 400;\">Tv\u00e5 croissanter med sylt och skinka, 7 energibars, 2 isotoniska gels, 2 burkar Coca Cola och 6 flaskor elektrolytdryck. Energibars \u00e4r effektiva n\u00e4r det g\u00e4ller att fylla p\u00e5 med energi, men nutritionister inneh\u00e5ller vanligtvis n\u00e5gon riktig mat med tuggmotst\u00e5nd som till exempel croissanter, s\u00e5 att cyklisterna l\u00e4ttare f\u00e5r i sig kalorierna.<\/span><\/p>\n<p><img loading=\"lazy\" decoding=\"async\" class=\"alignnone size-full wp-image-114\" src=\"https:\/\/d2p6e6u75xmxt8.cloudfront.net\/9\/2017\/11\/giphy.gif\" alt=\"giphy\" width=\"400\" height=\"225\" \/><\/p>\n<h2><strong>17:00 <b>\u00c5terh\u00e4mtning efter t\u00e4vling<\/b><\/strong><\/h2>\n<p><span style=\"font-weight: 400;\">Kyckling, 200g ris, 500ml frukt- och gr\u00f6nsakssmoothie och 2 koppar kaffe. En n\u00e4ringst\u00e4t m\u00e5ltid med en bra proteink\u00e4lla efter loppet \u00e4r otroligt viktigt f\u00f6r att hj\u00e4lpa cyklisterna att komma ur katabolism och \u00e5terh\u00e4mta sig snabbt. <\/span><\/p>\n<h2><strong>20:00 Middag<\/strong><\/h2>\n<p><span style=\"font-weight: 400;\">En stor biff, 150 g pasta, 1 kopp med yoghurt, 500 ml gr\u00f6nsaksjuice och 2 koppar kaffe. Ja, de dricker mycket kaffe. Det kan f\u00f6rb\u00e4ttra prestanda och \u00e4r inte en f\u00f6rbjuden substans.<\/span><\/p>\n<p><img loading=\"lazy\" decoding=\"async\" class=\"alignnone wp-image-116\" src=\"https:\/\/d2p6e6u75xmxt8.cloudfront.net\/9\/2017\/11\/infografika-02-1024x1024.png\" alt=\"infografika-02\" width=\"800\" height=\"800\" srcset=\"https:\/\/d2p6e6u75xmxt8.cloudfront.net\/9\/2017\/11\/infografika-02-1024x1024.png 1024w, https:\/\/d2p6e6u75xmxt8.cloudfront.net\/9\/2017\/11\/infografika-02-150x150.png 150w, https:\/\/d2p6e6u75xmxt8.cloudfront.net\/9\/2017\/11\/infografika-02-300x300.png 300w, https:\/\/d2p6e6u75xmxt8.cloudfront.net\/9\/2017\/11\/infografika-02-768x768.png 768w, https:\/\/d2p6e6u75xmxt8.cloudfront.net\/9\/2017\/11\/infografika-02.png 1080w\" sizes=\"auto, (max-width: 800px) 100vw, 800px\" \/><\/p>\n<h2><strong>23:00\u00a0K<b>v\u00e4llsm\u00e5l<\/b><\/strong><\/h2>\n<p><span style=\"font-weight: 400;\">En sk\u00e5l yoghurt med flingor, en handfull n\u00f6tter och lite frukt. Idrottarens kropp forts\u00e4tter att br\u00e4nna kalorier timmar efter en h\u00e5rd etapp i Tour de France. D\u00e4rf\u00f6r \u00e4r det viktigt att forts\u00e4tta fylla p\u00e5 med n\u00e4ring, \u00e4ven sent p\u00e5 kv\u00e4llen.<\/span><\/p>\n<p><span style=\"font-weight: 400;\">Skulle du kunna \u00e4ta allt detta? Den h\u00e4r killen lyckades inte:<\/span><\/p>\n<lite-youtube videoid=jWgsLGJUOc0 params=\"enablejsapi=1\" style=\"background-image: url('https:\/\/i.ytimg.com\/vi_webp\/jWgsLGJUOc0\/maxresdefault.webp');\"><\/lite-youtube>\n","protected":false},"excerpt":{"rendered":"<p>Vad kr\u00e4vs f\u00f6r att slutf\u00f6ra en tuff etapp i Tour de France p\u00e5 en bra tid? Grundf\u00f6ruts\u00e4ttningarna \u00e4r att atleten [&hellip;]<\/p>\n","protected":false},"author":52,"featured_media":118,"comment_status":"open","ping_status":"open","sticky":false,"template":"","format":"standard","meta":{"footnotes":""},"categories":[26,5,11,10],"tags":[20],"global-categories":[],"class_list":["post-111","post","type-post","status-publish","format-standard","has-post-thumbnail","hentry","category-kost","category-nyheter","category-tdf","category-traning","tag-tour-de-france"],"yoast_head":"<!-- This site is optimized with the Yoast SEO Premium plugin v25.3 (Yoast SEO v25.9) - https:\/\/yoast.com\/wordpress\/plugins\/seo\/ -->\n<title>En dag av \u00e4tande f\u00f6r en Tour de France-cyklist - \u0160koda - We Love Cycling - Sweden<\/title>\n<meta name=\"robots\" content=\"index, follow, max-snippet:-1, max-image-preview:large, max-video-preview:-1\" \/>\n<link rel=\"canonical\" href=\"https:\/\/www.welovecycling.com\/se\/2017\/11\/22\/a-day-of-eating-for-a-tour-de-france-cyclist\/\" \/>\n<meta property=\"og:locale\" content=\"sv_SE\" \/>\n<meta property=\"og:type\" content=\"article\" \/>\n<meta property=\"og:title\" content=\"En dag av \u00e4tande f\u00f6r en Tour de France-cyklist\" \/>\n<meta property=\"og:description\" content=\"Vad kr\u00e4vs f\u00f6r att slutf\u00f6ra en tuff etapp i Tour de France p\u00e5 en bra tid? Grundf\u00f6ruts\u00e4ttningarna \u00e4r att atleten [&hellip;]\" \/>\n<meta property=\"og:url\" content=\"https:\/\/www.welovecycling.com\/se\/2017\/11\/22\/a-day-of-eating-for-a-tour-de-france-cyclist\/\" \/>\n<meta property=\"og:site_name\" content=\"\u0160koda - We Love Cycling - Sweden\" \/>\n<meta property=\"article:published_time\" content=\"2017-11-22T13:53:21+00:00\" \/>\n<meta property=\"article:modified_time\" content=\"2022-07-01T14:12:11+00:00\" \/>\n<meta property=\"og:image\" content=\"https:\/\/d2p6e6u75xmxt8.cloudfront.net\/9\/2017\/11\/841841851_741871874.jpg\" \/>\n\t<meta property=\"og:image:width\" content=\"1375\" \/>\n\t<meta property=\"og:image:height\" content=\"600\" \/>\n\t<meta property=\"og:image:type\" content=\"image\/jpeg\" \/>\n<meta name=\"author\" content=\"erikleonsson\" \/>\n<meta name=\"twitter:card\" content=\"summary_large_image\" \/>\n<meta name=\"twitter:label1\" content=\"Written by\" \/>\n\t<meta name=\"twitter:data1\" content=\"Ji\u0159\u00ed Kalo\u010d\" \/>\n\t<meta name=\"twitter:label2\" content=\"Est. reading time\" \/>\n\t<meta name=\"twitter:data2\" content=\"3 minutes\" \/>\n<script type=\"application\/ld+json\" class=\"yoast-schema-graph\">{\"@context\":\"https:\/\/schema.org\",\"@graph\":[{\"@type\":\"WebPage\",\"@id\":\"https:\/\/www.welovecycling.com\/se\/2017\/11\/22\/a-day-of-eating-for-a-tour-de-france-cyclist\/\",\"url\":\"https:\/\/www.welovecycling.com\/se\/2017\/11\/22\/a-day-of-eating-for-a-tour-de-france-cyclist\/\",\"name\":\"En dag av \u00e4tande f\u00f6r en Tour de France-cyklist - \u0160koda - We Love Cycling - Sweden\",\"isPartOf\":{\"@id\":\"https:\/\/www.welovecycling.com\/se\/#website\"},\"primaryImageOfPage\":{\"@id\":\"https:\/\/www.welovecycling.com\/se\/2017\/11\/22\/a-day-of-eating-for-a-tour-de-france-cyclist\/#primaryimage\"},\"image\":{\"@id\":\"https:\/\/www.welovecycling.com\/se\/2017\/11\/22\/a-day-of-eating-for-a-tour-de-france-cyclist\/#primaryimage\"},\"thumbnailUrl\":\"https:\/\/d2p6e6u75xmxt8.cloudfront.net\/9\/2017\/11\/841841851_741871874.jpg\",\"datePublished\":\"2017-11-22T13:53:21+00:00\",\"dateModified\":\"2022-07-01T14:12:11+00:00\",\"author\":{\"@id\":\"https:\/\/www.welovecycling.com\/se\/#\/schema\/person\/037f34ad5d6e77accab8a3eff6ad7a0c\"},\"breadcrumb\":{\"@id\":\"https:\/\/www.welovecycling.com\/se\/2017\/11\/22\/a-day-of-eating-for-a-tour-de-france-cyclist\/#breadcrumb\"},\"inLanguage\":\"sv-SE\",\"potentialAction\":[{\"@type\":\"ReadAction\",\"target\":[\"https:\/\/www.welovecycling.com\/se\/2017\/11\/22\/a-day-of-eating-for-a-tour-de-france-cyclist\/\"]}]},{\"@type\":\"ImageObject\",\"inLanguage\":\"sv-SE\",\"@id\":\"https:\/\/www.welovecycling.com\/se\/2017\/11\/22\/a-day-of-eating-for-a-tour-de-france-cyclist\/#primaryimage\",\"url\":\"https:\/\/d2p6e6u75xmxt8.cloudfront.net\/9\/2017\/11\/841841851_741871874.jpg\",\"contentUrl\":\"https:\/\/d2p6e6u75xmxt8.cloudfront.net\/9\/2017\/11\/841841851_741871874.jpg\",\"width\":1375,\"height\":600},{\"@type\":\"BreadcrumbList\",\"@id\":\"https:\/\/www.welovecycling.com\/se\/2017\/11\/22\/a-day-of-eating-for-a-tour-de-france-cyclist\/#breadcrumb\",\"itemListElement\":[{\"@type\":\"ListItem\",\"position\":1,\"name\":\"Home\",\"item\":\"https:\/\/www.welovecycling.com\/se\/\"},{\"@type\":\"ListItem\",\"position\":2,\"name\":\"En dag av \u00e4tande f\u00f6r en Tour de France-cyklist\"}]},{\"@type\":\"WebSite\",\"@id\":\"https:\/\/www.welovecycling.com\/se\/#website\",\"url\":\"https:\/\/www.welovecycling.com\/se\/\",\"name\":\"\u0160koda - We Love Cycling - Sweden\",\"description\":\"\u0160koda We Love Cycling - Sweden\",\"potentialAction\":[{\"@type\":\"SearchAction\",\"target\":{\"@type\":\"EntryPoint\",\"urlTemplate\":\"https:\/\/www.welovecycling.com\/se\/?s={search_term_string}\"},\"query-input\":{\"@type\":\"PropertyValueSpecification\",\"valueRequired\":true,\"valueName\":\"search_term_string\"}}],\"inLanguage\":\"sv-SE\"},{\"@type\":\"Person\",\"@id\":\"https:\/\/www.welovecycling.com\/se\/#\/schema\/person\/037f34ad5d6e77accab8a3eff6ad7a0c\",\"name\":\"erikleonsson\",\"image\":{\"@type\":\"ImageObject\",\"inLanguage\":\"sv-SE\",\"@id\":\"https:\/\/www.welovecycling.com\/se\/#\/schema\/person\/image\/\",\"url\":\"https:\/\/secure.gravatar.com\/avatar\/788a593b0a657d6864c271709722f9cd586caa5a645e77f71fe625396b02677c?s=96&d=mm&r=g\",\"contentUrl\":\"https:\/\/secure.gravatar.com\/avatar\/788a593b0a657d6864c271709722f9cd586caa5a645e77f71fe625396b02677c?s=96&d=mm&r=g\",\"caption\":\"erikleonsson\"},\"url\":\"https:\/\/www.welovecycling.com\/se\/author\/erikleonsson\/\"}]}<\/script>\n<!-- \/ Yoast SEO Premium plugin. -->","yoast_head_json":{"title":"En dag av \u00e4tande f\u00f6r en Tour de France-cyklist - \u0160koda - We Love Cycling - Sweden","robots":{"index":"index","follow":"follow","max-snippet":"max-snippet:-1","max-image-preview":"max-image-preview:large","max-video-preview":"max-video-preview:-1"},"canonical":"https:\/\/www.welovecycling.com\/se\/2017\/11\/22\/a-day-of-eating-for-a-tour-de-france-cyclist\/","og_locale":"sv_SE","og_type":"article","og_title":"En dag av \u00e4tande f\u00f6r en Tour de France-cyklist","og_description":"Vad kr\u00e4vs f\u00f6r att slutf\u00f6ra en tuff etapp i Tour de France p\u00e5 en bra tid? Grundf\u00f6ruts\u00e4ttningarna \u00e4r att atleten [&hellip;]","og_url":"https:\/\/www.welovecycling.com\/se\/2017\/11\/22\/a-day-of-eating-for-a-tour-de-france-cyclist\/","og_site_name":"\u0160koda - We Love Cycling - Sweden","article_published_time":"2017-11-22T13:53:21+00:00","article_modified_time":"2022-07-01T14:12:11+00:00","og_image":[{"width":1375,"height":600,"url":"https:\/\/d2p6e6u75xmxt8.cloudfront.net\/9\/2017\/11\/841841851_741871874.jpg","type":"image\/jpeg"}],"author":"erikleonsson","twitter_card":"summary_large_image","twitter_misc":{"Written by":"Ji\u0159\u00ed Kalo\u010d","Est. reading time":"3 minutes"},"schema":{"@context":"https:\/\/schema.org","@graph":[{"@type":"WebPage","@id":"https:\/\/www.welovecycling.com\/se\/2017\/11\/22\/a-day-of-eating-for-a-tour-de-france-cyclist\/","url":"https:\/\/www.welovecycling.com\/se\/2017\/11\/22\/a-day-of-eating-for-a-tour-de-france-cyclist\/","name":"En dag av \u00e4tande f\u00f6r en Tour de France-cyklist - \u0160koda - We Love Cycling - Sweden","isPartOf":{"@id":"https:\/\/www.welovecycling.com\/se\/#website"},"primaryImageOfPage":{"@id":"https:\/\/www.welovecycling.com\/se\/2017\/11\/22\/a-day-of-eating-for-a-tour-de-france-cyclist\/#primaryimage"},"image":{"@id":"https:\/\/www.welovecycling.com\/se\/2017\/11\/22\/a-day-of-eating-for-a-tour-de-france-cyclist\/#primaryimage"},"thumbnailUrl":"https:\/\/d2p6e6u75xmxt8.cloudfront.net\/9\/2017\/11\/841841851_741871874.jpg","datePublished":"2017-11-22T13:53:21+00:00","dateModified":"2022-07-01T14:12:11+00:00","author":{"@id":"https:\/\/www.welovecycling.com\/se\/#\/schema\/person\/037f34ad5d6e77accab8a3eff6ad7a0c"},"breadcrumb":{"@id":"https:\/\/www.welovecycling.com\/se\/2017\/11\/22\/a-day-of-eating-for-a-tour-de-france-cyclist\/#breadcrumb"},"inLanguage":"sv-SE","potentialAction":[{"@type":"ReadAction","target":["https:\/\/www.welovecycling.com\/se\/2017\/11\/22\/a-day-of-eating-for-a-tour-de-france-cyclist\/"]}]},{"@type":"ImageObject","inLanguage":"sv-SE","@id":"https:\/\/www.welovecycling.com\/se\/2017\/11\/22\/a-day-of-eating-for-a-tour-de-france-cyclist\/#primaryimage","url":"https:\/\/d2p6e6u75xmxt8.cloudfront.net\/9\/2017\/11\/841841851_741871874.jpg","contentUrl":"https:\/\/d2p6e6u75xmxt8.cloudfront.net\/9\/2017\/11\/841841851_741871874.jpg","width":1375,"height":600},{"@type":"BreadcrumbList","@id":"https:\/\/www.welovecycling.com\/se\/2017\/11\/22\/a-day-of-eating-for-a-tour-de-france-cyclist\/#breadcrumb","itemListElement":[{"@type":"ListItem","position":1,"name":"Home","item":"https:\/\/www.welovecycling.com\/se\/"},{"@type":"ListItem","position":2,"name":"En dag av \u00e4tande f\u00f6r en Tour de France-cyklist"}]},{"@type":"WebSite","@id":"https:\/\/www.welovecycling.com\/se\/#website","url":"https:\/\/www.welovecycling.com\/se\/","name":"\u0160koda - We Love Cycling - Sweden","description":"\u0160koda We Love Cycling - Sweden","potentialAction":[{"@type":"SearchAction","target":{"@type":"EntryPoint","urlTemplate":"https:\/\/www.welovecycling.com\/se\/?s={search_term_string}"},"query-input":{"@type":"PropertyValueSpecification","valueRequired":true,"valueName":"search_term_string"}}],"inLanguage":"sv-SE"},{"@type":"Person","@id":"https:\/\/www.welovecycling.com\/se\/#\/schema\/person\/037f34ad5d6e77accab8a3eff6ad7a0c","name":"erikleonsson","image":{"@type":"ImageObject","inLanguage":"sv-SE","@id":"https:\/\/www.welovecycling.com\/se\/#\/schema\/person\/image\/","url":"https:\/\/secure.gravatar.com\/avatar\/788a593b0a657d6864c271709722f9cd586caa5a645e77f71fe625396b02677c?s=96&d=mm&r=g","contentUrl":"https:\/\/secure.gravatar.com\/avatar\/788a593b0a657d6864c271709722f9cd586caa5a645e77f71fe625396b02677c?s=96&d=mm&r=g","caption":"erikleonsson"},"url":"https:\/\/www.welovecycling.com\/se\/author\/erikleonsson\/"}]}},"_links":{"self":[{"href":"https:\/\/www.welovecycling.com\/se\/wp-json\/wp\/v2\/posts\/111","targetHints":{"allow":["GET"]}}],"collection":[{"href":"https:\/\/www.welovecycling.com\/se\/wp-json\/wp\/v2\/posts"}],"about":[{"href":"https:\/\/www.welovecycling.com\/se\/wp-json\/wp\/v2\/types\/post"}],"author":[{"embeddable":true,"href":"https:\/\/www.welovecycling.com\/se\/wp-json\/wp\/v2\/users\/52"}],"replies":[{"embeddable":true,"href":"https:\/\/www.welovecycling.com\/se\/wp-json\/wp\/v2\/comments?post=111"}],"version-history":[{"count":2,"href":"https:\/\/www.welovecycling.com\/se\/wp-json\/wp\/v2\/posts\/111\/revisions"}],"predecessor-version":[{"id":347,"href":"https:\/\/www.welovecycling.com\/se\/wp-json\/wp\/v2\/posts\/111\/revisions\/347"}],"wp:featuredmedia":[{"embeddable":true,"href":"https:\/\/www.welovecycling.com\/se\/wp-json\/wp\/v2\/media\/118"}],"wp:attachment":[{"href":"https:\/\/www.welovecycling.com\/se\/wp-json\/wp\/v2\/media?parent=111"}],"wp:term":[{"taxonomy":"category","embeddable":true,"href":"https:\/\/www.welovecycling.com\/se\/wp-json\/wp\/v2\/categories?post=111"},{"taxonomy":"post_tag","embeddable":true,"href":"https:\/\/www.welovecycling.com\/se\/wp-json\/wp\/v2\/tags?post=111"},{"taxonomy":"global-categories","embeddable":true,"href":"https:\/\/www.welovecycling.com\/se\/wp-json\/wp\/v2\/global-categories?post=111"}],"curies":[{"name":"wp","href":"https:\/\/api.w.org\/{rel}","templated":true}]}}