{"id":9990,"date":"2019-11-21T09:09:48","date_gmt":"2019-11-21T09:09:48","guid":{"rendered":"https:\/\/www.welovecycling.com\/pl\/?p=9990"},"modified":"2019-11-22T07:17:32","modified_gmt":"2019-11-22T07:17:32","slug":"jeze-na-rowerze-czy-warto-wymieniac-opony-na-zime","status":"publish","type":"post","link":"https:\/\/www.welovecycling.com\/pl\/2019\/11\/21\/jeze-na-rowerze-czy-warto-wymieniac-opony-na-zime\/","title":{"rendered":"Je\u017ce na rowerze! Czy warto wymienia\u0107 opony na zim\u0119?"},"content":{"rendered":"<p><strong>Wymienia\u0107? A mo\u017ce nie wymienia\u0107? A je\u015bli wymienia\u0107, to na jakie? \u2013 pyta\u0144 dotycz\u0105cych zimowych opon rowerowych jest sporo, a odpowiedzi jeszcze wi\u0119cej. Poni\u017cej pr\u00f3bujemy rozwia\u0107 Wasze w\u0105tpliwo\u015bci.<\/strong><\/p>\n<p>Szukaj\u0105c opon na zim\u0119, w praktyce mo\u017ce zdecydowa\u0107 si\u0119 na dwa rozwi\u0105zania: opony ze specyficznym bie\u017cnikiem lub z kolcami.<\/p>\n<p>Te pierwsze powinny zda\u0107 egzamin podczas mniejszych opad\u00f3w \u015bniegu i mniej srogich zim. Co je wyr\u00f3\u017cnia? Wysoki i do\u015b\u0107 rzadki bie\u017cnik. Taka konstrukcja opony sprawia, \u017ce klocki s\u0105 w stanie wbi\u0107 si\u0119 w \u015bnieg, co zdecydowanie poprawia przyczepno\u015b\u0107. Z kolei du\u017ce odst\u0119py mi\u0119dzy klockami sprawiaj\u0105, \u017ce bie\u017cnik trudniej zalepia si\u0119 bia\u0142ym puchem lub po\u015bniegowym b\u0142otem.<\/p>\n<p>Je\u015bli nie b\u0119dziemy mieli zimy stulecia, to takie opony zdecydowanie powinny wystarczy\u0107 do jazdy po mie\u015bcie. Szczeg\u00f3lnie, \u017ce z nimi mo\u017cna przemieszcza\u0107 si\u0119 r\u00f3wnie\u017c po suchym asfalcie, cho\u0107 specyficzny bie\u017cnik na pewno nie b\u0119dzie poprawia\u0142 w\u0142a\u015bciwo\u015bci jezdnych.<\/p>\n<p><span style=\"font-size: 18pt;\"><strong>A mo\u017ce kolce?<\/strong><\/span><\/p>\n<p>Innym wyj\u015bciem jest zainstalowanie opon z kolcami (czasem zwanymi te\u017c \u201eje\u017cami\u201d), kt\u00f3re maj\u0105 dzia\u0142a\u0107 podobnie jak \u0142a\u0144cuchy na ko\u0142ach samochodowych. To rozwi\u0105zanie dedykowane jest jednak dla os\u00f3b, kt\u00f3re s\u0105 niemal pewne, \u017ce ca\u0142\u0105 zim\u0119 b\u0119d\u0105 je\u017adzi\u0142y w \u015bniegu lub po lodzie.<\/p>\n<p>Dlaczego? Poniewa\u017c zar\u00f3wno samochody z \u0142a\u0144cuchami, jak i rowery z kolcami nie powinny je\u017adzi\u0107 si\u0119 po suchym asfalcie, poniewa\u017c wtedy gumy szybko niszcz\u0105 si\u0119. A to oznacza, \u017ce opony z kolcami nie s\u0105 gumami do codziennego u\u017cywania w mie\u015bcie, gdzie wraz z pierwszymi opadami \u015bniegu na drogi wyje\u017cd\u017caj\u0105 dziesi\u0105tki p\u0142ug\u00f3w i piaskarek.<\/p>\n<p>Opony z kolcami przeznaczone s\u0105 raczej do jazdy w terenie, gdzie panuje sroga zima, czyli w przypadku Polski g\u0142\u00f3wnie w g\u00f3rach, ew. po lasach i grz\u0105skich nawierzchniach.<\/p>\n<p><span style=\"font-size: 18pt;\"><strong>Opona w\u0142asnej produkcji<\/strong><\/span><\/p>\n<p>Jak wygl\u0105da opona z kolcami? Jej konstrukcja nie jest bardzo skomplikowana, bo po prostu posiada bie\u017cnik, w kt\u00f3rym umieszczone s\u0105 malutkie metalowe kolce poprawiaj\u0105ce przyczepno\u015b\u0107 na twardym i \u015bliskim pod\u0142o\u017cu.<\/p>\n<p>Co wi\u0119cej, nawet \u015bredniozaawansowani majsterkowicze mog\u0105 takie opony wykona\u0107 sami. Nale\u017cy od \u015brodka gumy (mo\u017ce to by\u0107 u\u017cywana opona) nawierci\u0107 wybrane klocki bie\u017cnika i zamontowa\u0107 w nich wkr\u0119ty np. przeznaczone do stali lub te\u017c specjalne kolce do roweru (koszt jednego to ok. 1 z\u0142).<\/p>\n<p>Zrobienie swojej opony to na og\u00f3\u0142 ta\u0144sze rozwi\u0105zanie, bo guma z kolcami renomowanej firmy kosztuje od 100 do nawet ponad 300 z\u0142.<\/p>\n<p><span style=\"font-size: 18pt;\"><strong>To nie Alaska<\/strong><\/span><\/p>\n<p>Zanim jednak zaczniesz zastanawia\u0107 si\u0119 jakie opony rowerowe kupi\u0107 na zim\u0119, to dobrze przemy\u015bl, czy na pewno ich potrzebujesz. Nie mieszkamy bowiem na Alasce, Syberii, czy nawet w Skandynawii, gdzie zimy s\u0105 srogie i takie gumy zdaj\u0105 egzamin.<\/p>\n<p>W Polsce, a szczeg\u00f3lnie w miastach, dni z jazd\u0105 po \u015bniegu mo\u017ce by\u0107 raptem kilka w roku, a przy mniejszych opadach sporo pomo\u017ce ju\u017c tak prosty zabieg, jak zmniejszenie ci\u015bnienia w oponie.<\/p>\n<style type=\"text\/css\"><!--td {border: 1px solid #ccc;}br {mso-data-placement:same-cell;}--><\/style>\n<p><span data-sheets-value=\"{&quot;1&quot;:2,&quot;2&quot;:&quot;Artyku\u0142 powsta\u0142 we wsp\u00f3\u0142pracy ze skoda-auto.pl&quot;}\" data-sheets-userformat=\"{&quot;2&quot;:1,&quot;3&quot;:{&quot;1&quot;:0}}\"><a class=\"in-cell-link\" href=\"http:\/\/www.skoda-auto.pl\/\" target=\"_blank\" rel=\"noopener\">Artyku\u0142 powsta\u0142 we wsp\u00f3\u0142pracy ze skoda-auto.pl<\/a><\/span><\/p>\n<p><img loading=\"lazy\" decoding=\"async\" class=\"aligncenter size-full wp-image-9608\" src=\"https:\/\/d2p6e6u75xmxt8.cloudfront.net\/5\/2019\/08\/baner_WLC_640x350_3.png\" alt=\"\" width=\"640\" height=\"350\" srcset=\"https:\/\/d2p6e6u75xmxt8.cloudfront.net\/5\/2019\/08\/baner_WLC_640x350_3.png 640w, https:\/\/d2p6e6u75xmxt8.cloudfront.net\/5\/2019\/08\/baner_WLC_640x350_3-300x164.png 300w\" sizes=\"auto, (max-width: 640px) 100vw, 640px\" \/><\/p>\n","protected":false},"excerpt":{"rendered":"<p>Wymienia\u0107? A mo\u017ce nie wymienia\u0107? A je\u015bli wymienia\u0107, to na jakie? \u2013 pyta\u0144 dotycz\u0105cych zimowych opon rowerowych jest sporo, a [&hellip;]<\/p>\n","protected":false},"author":76,"featured_media":8224,"comment_status":"open","ping_status":"open","sticky":false,"template":"","format":"standard","meta":{"footnotes":""},"categories":[7],"tags":[],"global-categories":[303],"class_list":["post-9990","post","type-post","status-publish","format-standard","has-post-thumbnail","hentry","category-bezpieczenstwo","global-categories-cycling"],"yoast_head":"<!-- This site is optimized with the Yoast SEO Premium plugin v25.3 (Yoast SEO v25.9) - https:\/\/yoast.com\/wordpress\/plugins\/seo\/ -->\n<title>Je\u017ce na rowerze! Czy warto wymienia\u0107 opony na zim\u0119? - \u0160koda We Love Cycling - Poland<\/title>\n<meta name=\"robots\" content=\"index, follow, max-snippet:-1, max-image-preview:large, max-video-preview:-1\" \/>\n<link rel=\"canonical\" href=\"https:\/\/www.welovecycling.com\/pl\/2019\/11\/21\/jeze-na-rowerze-czy-warto-wymieniac-opony-na-zime\/\" \/>\n<meta property=\"og:locale\" content=\"pl_PL\" \/>\n<meta property=\"og:type\" content=\"article\" \/>\n<meta property=\"og:title\" content=\"Je\u017ce na rowerze! Czy warto wymienia\u0107 opony na zim\u0119?\" \/>\n<meta property=\"og:description\" content=\"Wymienia\u0107? A mo\u017ce nie wymienia\u0107? A je\u015bli wymienia\u0107, to na jakie? \u2013 pyta\u0144 dotycz\u0105cych zimowych opon rowerowych jest sporo, a [&hellip;]\" \/>\n<meta property=\"og:url\" content=\"https:\/\/www.welovecycling.com\/pl\/2019\/11\/21\/jeze-na-rowerze-czy-warto-wymieniac-opony-na-zime\/\" \/>\n<meta property=\"og:site_name\" content=\"\u0160koda We Love Cycling - Poland\" \/>\n<meta property=\"article:published_time\" content=\"2019-11-21T09:09:48+00:00\" \/>\n<meta property=\"article:modified_time\" content=\"2019-11-22T07:17:32+00:00\" \/>\n<meta property=\"og:image\" content=\"https:\/\/d2p6e6u75xmxt8.cloudfront.net\/5\/2018\/12\/coverwinter.jpg\" \/>\n\t<meta property=\"og:image:width\" content=\"1366\" \/>\n\t<meta property=\"og:image:height\" content=\"600\" \/>\n\t<meta property=\"og:image:type\" content=\"image\/jpeg\" \/>\n<meta name=\"author\" content=\"piotrboczkowski\" \/>\n<meta name=\"twitter:card\" content=\"summary_large_image\" \/>\n<meta name=\"twitter:label1\" content=\"Written by\" \/>\n\t<meta name=\"twitter:data1\" content=\"Piotr Nowik\" \/>\n\t<meta name=\"twitter:label2\" content=\"Est. reading time\" \/>\n\t<meta name=\"twitter:data2\" content=\"3 minutes\" \/>\n<script type=\"application\/ld+json\" class=\"yoast-schema-graph\">{\"@context\":\"https:\/\/schema.org\",\"@graph\":[{\"@type\":\"WebPage\",\"@id\":\"https:\/\/www.welovecycling.com\/pl\/2019\/11\/21\/jeze-na-rowerze-czy-warto-wymieniac-opony-na-zime\/\",\"url\":\"https:\/\/www.welovecycling.com\/pl\/2019\/11\/21\/jeze-na-rowerze-czy-warto-wymieniac-opony-na-zime\/\",\"name\":\"Je\u017ce na rowerze! Czy warto wymienia\u0107 opony na zim\u0119? - \u0160koda We Love Cycling - Poland\",\"isPartOf\":{\"@id\":\"https:\/\/www.welovecycling.com\/pl\/#website\"},\"primaryImageOfPage\":{\"@id\":\"https:\/\/www.welovecycling.com\/pl\/2019\/11\/21\/jeze-na-rowerze-czy-warto-wymieniac-opony-na-zime\/#primaryimage\"},\"image\":{\"@id\":\"https:\/\/www.welovecycling.com\/pl\/2019\/11\/21\/jeze-na-rowerze-czy-warto-wymieniac-opony-na-zime\/#primaryimage\"},\"thumbnailUrl\":\"https:\/\/d2p6e6u75xmxt8.cloudfront.net\/5\/2018\/12\/coverwinter.jpg\",\"datePublished\":\"2019-11-21T09:09:48+00:00\",\"dateModified\":\"2019-11-22T07:17:32+00:00\",\"author\":{\"@id\":\"https:\/\/www.welovecycling.com\/pl\/#\/schema\/person\/0dba2d39da943db9df3fd8f4687e7f23\"},\"breadcrumb\":{\"@id\":\"https:\/\/www.welovecycling.com\/pl\/2019\/11\/21\/jeze-na-rowerze-czy-warto-wymieniac-opony-na-zime\/#breadcrumb\"},\"inLanguage\":\"pl-PL\",\"potentialAction\":[{\"@type\":\"ReadAction\",\"target\":[\"https:\/\/www.welovecycling.com\/pl\/2019\/11\/21\/jeze-na-rowerze-czy-warto-wymieniac-opony-na-zime\/\"]}]},{\"@type\":\"ImageObject\",\"inLanguage\":\"pl-PL\",\"@id\":\"https:\/\/www.welovecycling.com\/pl\/2019\/11\/21\/jeze-na-rowerze-czy-warto-wymieniac-opony-na-zime\/#primaryimage\",\"url\":\"https:\/\/d2p6e6u75xmxt8.cloudfront.net\/5\/2018\/12\/coverwinter.jpg\",\"contentUrl\":\"https:\/\/d2p6e6u75xmxt8.cloudfront.net\/5\/2018\/12\/coverwinter.jpg\",\"width\":1366,\"height\":600},{\"@type\":\"BreadcrumbList\",\"@id\":\"https:\/\/www.welovecycling.com\/pl\/2019\/11\/21\/jeze-na-rowerze-czy-warto-wymieniac-opony-na-zime\/#breadcrumb\",\"itemListElement\":[{\"@type\":\"ListItem\",\"position\":1,\"name\":\"Home\",\"item\":\"https:\/\/www.welovecycling.com\/pl\/\"},{\"@type\":\"ListItem\",\"position\":2,\"name\":\"Je\u017ce na rowerze! Czy warto wymienia\u0107 opony na zim\u0119?\"}]},{\"@type\":\"WebSite\",\"@id\":\"https:\/\/www.welovecycling.com\/pl\/#website\",\"url\":\"https:\/\/www.welovecycling.com\/pl\/\",\"name\":\"\u0160koda We Love Cycling - Poland\",\"description\":\"\",\"potentialAction\":[{\"@type\":\"SearchAction\",\"target\":{\"@type\":\"EntryPoint\",\"urlTemplate\":\"https:\/\/www.welovecycling.com\/pl\/?s={search_term_string}\"},\"query-input\":{\"@type\":\"PropertyValueSpecification\",\"valueRequired\":true,\"valueName\":\"search_term_string\"}}],\"inLanguage\":\"pl-PL\"},{\"@type\":\"Person\",\"@id\":\"https:\/\/www.welovecycling.com\/pl\/#\/schema\/person\/0dba2d39da943db9df3fd8f4687e7f23\",\"name\":\"piotrboczkowski\",\"image\":{\"@type\":\"ImageObject\",\"inLanguage\":\"pl-PL\",\"@id\":\"https:\/\/www.welovecycling.com\/pl\/#\/schema\/person\/image\/\",\"url\":\"https:\/\/secure.gravatar.com\/avatar\/533caccae14752e03a2ce2d3fd62d1b98b93e1393c3195c27819e53344ca1ace?s=96&d=mm&r=g\",\"contentUrl\":\"https:\/\/secure.gravatar.com\/avatar\/533caccae14752e03a2ce2d3fd62d1b98b93e1393c3195c27819e53344ca1ace?s=96&d=mm&r=g\",\"caption\":\"piotrboczkowski\"},\"url\":\"https:\/\/www.welovecycling.com\/pl\/author\/piotrboczkowski\/\"}]}<\/script>\n<!-- \/ Yoast SEO Premium plugin. -->","yoast_head_json":{"title":"Je\u017ce na rowerze! Czy warto wymienia\u0107 opony na zim\u0119? - \u0160koda We Love Cycling - Poland","robots":{"index":"index","follow":"follow","max-snippet":"max-snippet:-1","max-image-preview":"max-image-preview:large","max-video-preview":"max-video-preview:-1"},"canonical":"https:\/\/www.welovecycling.com\/pl\/2019\/11\/21\/jeze-na-rowerze-czy-warto-wymieniac-opony-na-zime\/","og_locale":"pl_PL","og_type":"article","og_title":"Je\u017ce na rowerze! Czy warto wymienia\u0107 opony na zim\u0119?","og_description":"Wymienia\u0107? A mo\u017ce nie wymienia\u0107? A je\u015bli wymienia\u0107, to na jakie? \u2013 pyta\u0144 dotycz\u0105cych zimowych opon rowerowych jest sporo, a [&hellip;]","og_url":"https:\/\/www.welovecycling.com\/pl\/2019\/11\/21\/jeze-na-rowerze-czy-warto-wymieniac-opony-na-zime\/","og_site_name":"\u0160koda We Love Cycling - Poland","article_published_time":"2019-11-21T09:09:48+00:00","article_modified_time":"2019-11-22T07:17:32+00:00","og_image":[{"width":1366,"height":600,"url":"https:\/\/d2p6e6u75xmxt8.cloudfront.net\/5\/2018\/12\/coverwinter.jpg","type":"image\/jpeg"}],"author":"piotrboczkowski","twitter_card":"summary_large_image","twitter_misc":{"Written by":"Piotr Nowik","Est. reading time":"3 minutes"},"schema":{"@context":"https:\/\/schema.org","@graph":[{"@type":"WebPage","@id":"https:\/\/www.welovecycling.com\/pl\/2019\/11\/21\/jeze-na-rowerze-czy-warto-wymieniac-opony-na-zime\/","url":"https:\/\/www.welovecycling.com\/pl\/2019\/11\/21\/jeze-na-rowerze-czy-warto-wymieniac-opony-na-zime\/","name":"Je\u017ce na rowerze! Czy warto wymienia\u0107 opony na zim\u0119? - \u0160koda We Love Cycling - Poland","isPartOf":{"@id":"https:\/\/www.welovecycling.com\/pl\/#website"},"primaryImageOfPage":{"@id":"https:\/\/www.welovecycling.com\/pl\/2019\/11\/21\/jeze-na-rowerze-czy-warto-wymieniac-opony-na-zime\/#primaryimage"},"image":{"@id":"https:\/\/www.welovecycling.com\/pl\/2019\/11\/21\/jeze-na-rowerze-czy-warto-wymieniac-opony-na-zime\/#primaryimage"},"thumbnailUrl":"https:\/\/d2p6e6u75xmxt8.cloudfront.net\/5\/2018\/12\/coverwinter.jpg","datePublished":"2019-11-21T09:09:48+00:00","dateModified":"2019-11-22T07:17:32+00:00","author":{"@id":"https:\/\/www.welovecycling.com\/pl\/#\/schema\/person\/0dba2d39da943db9df3fd8f4687e7f23"},"breadcrumb":{"@id":"https:\/\/www.welovecycling.com\/pl\/2019\/11\/21\/jeze-na-rowerze-czy-warto-wymieniac-opony-na-zime\/#breadcrumb"},"inLanguage":"pl-PL","potentialAction":[{"@type":"ReadAction","target":["https:\/\/www.welovecycling.com\/pl\/2019\/11\/21\/jeze-na-rowerze-czy-warto-wymieniac-opony-na-zime\/"]}]},{"@type":"ImageObject","inLanguage":"pl-PL","@id":"https:\/\/www.welovecycling.com\/pl\/2019\/11\/21\/jeze-na-rowerze-czy-warto-wymieniac-opony-na-zime\/#primaryimage","url":"https:\/\/d2p6e6u75xmxt8.cloudfront.net\/5\/2018\/12\/coverwinter.jpg","contentUrl":"https:\/\/d2p6e6u75xmxt8.cloudfront.net\/5\/2018\/12\/coverwinter.jpg","width":1366,"height":600},{"@type":"BreadcrumbList","@id":"https:\/\/www.welovecycling.com\/pl\/2019\/11\/21\/jeze-na-rowerze-czy-warto-wymieniac-opony-na-zime\/#breadcrumb","itemListElement":[{"@type":"ListItem","position":1,"name":"Home","item":"https:\/\/www.welovecycling.com\/pl\/"},{"@type":"ListItem","position":2,"name":"Je\u017ce na rowerze! Czy warto wymienia\u0107 opony na zim\u0119?"}]},{"@type":"WebSite","@id":"https:\/\/www.welovecycling.com\/pl\/#website","url":"https:\/\/www.welovecycling.com\/pl\/","name":"\u0160koda We Love Cycling - Poland","description":"","potentialAction":[{"@type":"SearchAction","target":{"@type":"EntryPoint","urlTemplate":"https:\/\/www.welovecycling.com\/pl\/?s={search_term_string}"},"query-input":{"@type":"PropertyValueSpecification","valueRequired":true,"valueName":"search_term_string"}}],"inLanguage":"pl-PL"},{"@type":"Person","@id":"https:\/\/www.welovecycling.com\/pl\/#\/schema\/person\/0dba2d39da943db9df3fd8f4687e7f23","name":"piotrboczkowski","image":{"@type":"ImageObject","inLanguage":"pl-PL","@id":"https:\/\/www.welovecycling.com\/pl\/#\/schema\/person\/image\/","url":"https:\/\/secure.gravatar.com\/avatar\/533caccae14752e03a2ce2d3fd62d1b98b93e1393c3195c27819e53344ca1ace?s=96&d=mm&r=g","contentUrl":"https:\/\/secure.gravatar.com\/avatar\/533caccae14752e03a2ce2d3fd62d1b98b93e1393c3195c27819e53344ca1ace?s=96&d=mm&r=g","caption":"piotrboczkowski"},"url":"https:\/\/www.welovecycling.com\/pl\/author\/piotrboczkowski\/"}]}},"_links":{"self":[{"href":"https:\/\/www.welovecycling.com\/pl\/wp-json\/wp\/v2\/posts\/9990","targetHints":{"allow":["GET"]}}],"collection":[{"href":"https:\/\/www.welovecycling.com\/pl\/wp-json\/wp\/v2\/posts"}],"about":[{"href":"https:\/\/www.welovecycling.com\/pl\/wp-json\/wp\/v2\/types\/post"}],"author":[{"embeddable":true,"href":"https:\/\/www.welovecycling.com\/pl\/wp-json\/wp\/v2\/users\/76"}],"replies":[{"embeddable":true,"href":"https:\/\/www.welovecycling.com\/pl\/wp-json\/wp\/v2\/comments?post=9990"}],"version-history":[{"count":1,"href":"https:\/\/www.welovecycling.com\/pl\/wp-json\/wp\/v2\/posts\/9990\/revisions"}],"predecessor-version":[{"id":9991,"href":"https:\/\/www.welovecycling.com\/pl\/wp-json\/wp\/v2\/posts\/9990\/revisions\/9991"}],"wp:featuredmedia":[{"embeddable":true,"href":"https:\/\/www.welovecycling.com\/pl\/wp-json\/wp\/v2\/media\/8224"}],"wp:attachment":[{"href":"https:\/\/www.welovecycling.com\/pl\/wp-json\/wp\/v2\/media?parent=9990"}],"wp:term":[{"taxonomy":"category","embeddable":true,"href":"https:\/\/www.welovecycling.com\/pl\/wp-json\/wp\/v2\/categories?post=9990"},{"taxonomy":"post_tag","embeddable":true,"href":"https:\/\/www.welovecycling.com\/pl\/wp-json\/wp\/v2\/tags?post=9990"},{"taxonomy":"global-categories","embeddable":true,"href":"https:\/\/www.welovecycling.com\/pl\/wp-json\/wp\/v2\/global-categories?post=9990"}],"curies":[{"name":"wp","href":"https:\/\/api.w.org\/{rel}","templated":true}]}}