{"id":9985,"date":"2019-11-20T16:46:18","date_gmt":"2019-11-20T16:46:18","guid":{"rendered":"https:\/\/www.welovecycling.com\/pl\/?p=9985"},"modified":"2019-11-20T22:53:12","modified_gmt":"2019-11-20T22:53:12","slug":"czy-znasz-tych-wplywowych-rowerowych-rzecznikow","status":"publish","type":"post","link":"https:\/\/www.welovecycling.com\/pl\/2019\/11\/20\/czy-znasz-tych-wplywowych-rowerowych-rzecznikow\/","title":{"rendered":"Czy znasz tych wp\u0142ywowych rowerowych rzecznik\u00f3w?"},"content":{"rendered":"<p><strong>Z okazji obchodzonego niedawno \u015awiatowego Dnia Roweru mieli\u015bmy okazj\u0119 przypomnie\u0107 sobie profesora Leszka Sibilskiego ze Stan\u00f3w Zjednoczonych, kt\u00f3ry prowadzi\u0142 kampani\u0119 na rzecz ustanowienia dnia, kt\u00f3ry sta\u0142by si\u0119 \u015bwi\u0119tem wszystkich fan\u00f3w dw\u00f3ch k\u00f3\u0142ek. Profesor odni\u00f3s\u0142 sukces \u2013 ONZ przyj\u0119\u0142a rezolucj\u0119, w kt\u00f3rej 3 czerwca og\u0142oszono oficjalnie \u015bwi\u0119tem roweru. Sibilski nie by\u0142 jedynym, kt\u00f3ry pom\u00f3g\u0142 nada\u0107 je\u017adzie na rowerze wysok\u0105 rang\u0119. Takich ludzi nazwali\u015bmy rowerowymi adwokatami.<\/strong><\/p>\n<p>&nbsp;<\/p>\n<p>Promowanie roweru jako jednego z najwa\u017cniejszych \u015brodk\u00f3w transportu w miastach i budowa odpowiedniej infrastruktury rowerowej to tylko jedno z wyzwa\u0144. Niewiele by\u0142o silnych osobowo\u015bci i lider\u00f3w opinii, kt\u00f3rzy od lat 70. do dzi\u015b bronili praw rowerzyst\u00f3w przed opresyjn\u0105 i dyskryminuj\u0105c\u0105 polityk\u0105 wielu europejskich i p\u00f3\u0142nocnoameryka\u0144skich miast. Du\u017co im zawdzi\u0119czamy, poniewa\u017c jazda na rowerze po ulicach nigdy nie by\u0142a bezpieczniejsza ni\u017c dzisiaj.<\/p>\n<p><span style=\"font-size: 18pt;\"><strong>Richard Ballantine<\/strong><\/span><\/p>\n<figure id=\"attachment_174117\" aria-describedby=\"caption-attachment-174117\" style=\"width: 590px\" class=\"wp-caption alignnone\"><img loading=\"lazy\" decoding=\"async\" class=\"loading wp-image-174117 size-full\" src=\"https:\/\/d2p6e6u75xmxt8.cloudfront.net\/2\/2019\/06\/ballantine-405908.jpg\" sizes=\"auto, (max-width: 590px) 100vw, 590px\" srcset=\"https:\/\/d2p6e6u75xmxt8.cloudfront.net\/2\/2019\/06\/ballantine-405908.jpg 590w, https:\/\/d2p6e6u75xmxt8.cloudfront.net\/2\/2019\/06\/ballantine-405908-300x178.jpg 300w\" alt=\"\" width=\"590\" height=\"350\" data-was-processed=\"true\" \/><figcaption id=\"caption-attachment-174117\" class=\"wp-caption-text\">Nazwany ojcem chrzestnym kolarstwa Richard Ballantine sta\u0142 si\u0119 niezwykle wp\u0142ywow\u0105 postaci\u0105 w tym sporcie dzi\u0119ki opublikowanej w 1972 roku ksi\u0105\u017cce Richard&#8217;s Bicycle Book<\/figcaption><\/figure>\n<p><em>\u00a0<\/em><\/p>\n<p>Kiedy Ballantine w 1972 roku po raz pierwszy opublikowa\u0142 <em>Richard&#8217;s Bicycle Book<\/em>, opinie zawarte w jego ksi\u0105\u017cce by\u0142y rewolucyjne. Urodzony w 1940 r. autor sta\u0142 si\u0119 pionierem w zakresie codziennego transportu rowerowego po tym, jak pierwszy kryzys naftowy uderzy\u0142 w \u015bwiat na pocz\u0105tku lat 70. Jego ksi\u0105\u017cka zawiera\u0142a nie tylko pe\u0142ny opis wszystkich rodzaj\u00f3w rower\u00f3w i r\u00f3\u017cnic pomi\u0119dzy nimi, u\u017cyteczne informacje dotycz\u0105ce konserwacji rower\u00f3w i porady zwi\u0105zane z dostosowaniem pojazdu do konkretnego rowerzysty, ale tak\u017ce podkre\u015bla\u0142a, \u017ce \u200b\u200browerzy\u015bci maj\u0105 niezbywalne prawa do korzystania z istniej\u0105cych dr\u00f3g. Aby zwi\u0119kszy\u0107 bezpiecze\u0144stwo na rowerze, Ballantine zaproponowa\u0142 budow\u0119 nowych rodzaj\u00f3w ulic i dr\u00f3g rowerowych. Chocia\u017c nie ma go ju\u017c z nami, nie ma w\u0105tpliwo\u015bci, \u017ce z rado\u015bci\u0105 patrzy\u0142by, jak rozwija si\u0119 transport rowerowy w takich krajach jak Dania czy Holandia.<\/p>\n<p><strong><span style=\"font-size: 18pt;\">David Byrne<\/span><\/strong><\/p>\n<figure id=\"attachment_174118\" aria-describedby=\"caption-attachment-174118\" style=\"width: 1221px\" class=\"wp-caption alignnone\"><img loading=\"lazy\" decoding=\"async\" class=\"loading wp-image-174118 size-full\" src=\"https:\/\/d2p6e6u75xmxt8.cloudfront.net\/2\/2019\/06\/David-Byrne-profimedia-0008307179.jpg\" sizes=\"auto, (max-width: 1221px) 100vw, 1221px\" srcset=\"https:\/\/d2p6e6u75xmxt8.cloudfront.net\/2\/2019\/06\/David-Byrne-profimedia-0008307179.jpg 1221w, https:\/\/d2p6e6u75xmxt8.cloudfront.net\/2\/2019\/06\/David-Byrne-profimedia-0008307179-293x300.jpg 293w, https:\/\/d2p6e6u75xmxt8.cloudfront.net\/2\/2019\/06\/David-Byrne-profimedia-0008307179-768x786.jpg 768w, https:\/\/d2p6e6u75xmxt8.cloudfront.net\/2\/2019\/06\/David-Byrne-profimedia-0008307179-1000x1024.jpg 1000w\" alt=\"\" width=\"1221\" height=\"1250\" data-was-processed=\"true\" \/><figcaption id=\"caption-attachment-174118\" class=\"wp-caption-text\">Byrne lubi wolno\u015b\u0107 i czerpie rado\u015b\u0107 z jazdy na rowerze. Napisa\u0142 wiele na ten temat, w tym w 2009 roku ksi\u0105\u017ck\u0119 Dzienniki rowerowe. \u00a9Profimedia, Alamy<\/figcaption><\/figure>\n<p>David Byrne, szkocko-ameryka\u0144ski autor piosenek, producent muzyczny, pisarz, aktor, wokalista i gitarzysta zespo\u0142u Talking Heads, jest tak\u017ce aktywist\u0105 rowerowym. Gdy mieszka\u0142 w Nowym Jorku, zawsze u\u017cywa\u0142 roweru jako g\u0142\u00f3wnego \u015brodka transportu. Byrne zara\u017ca swoim entuzjazmem, chwal\u0105c wolno\u015b\u0107 i rado\u015b\u0107, kt\u00f3rych do\u015bwiadcza podczas jazdy na rowerze. W 2009 roku opublikowa\u0142 ksi\u0105\u017ck\u0119 zatytu\u0142owan\u0105 <em>Dzienniki rowerowe<\/em>, w tym samym roku wystawi\u0142 te\u017c na aukcj\u0119 sw\u00f3j sk\u0142adany rower, \u017ceby zebra\u0107 pieni\u0105dze na Londy\u0144sk\u0105 Kampani\u0119 Rowerow\u0105, kt\u00f3ra od 1978 roku walczy o lepsze warunki rowerowe w stolicy Wielkiej Brytanii. Byrne jest r\u00f3wnie\u017c znany z projektowania stojak\u00f3w rowerowych o kszta\u0142tach odpowiadaj\u0105cych lokalizacjom, w kt\u00f3rych s\u0105 umieszczone, takich jak symbol dolara na Wall Street czy gitara elektryczna na Brooklynie.<\/p>\n<p><span style=\"font-size: 18pt;\"><strong>Mikael Colville-Andersen<\/strong><\/span><\/p>\n<figure id=\"attachment_174119\" aria-describedby=\"caption-attachment-174119\" style=\"width: 1250px\" class=\"wp-caption alignnone\"><img loading=\"lazy\" decoding=\"async\" class=\"loading wp-image-174119 size-full\" src=\"https:\/\/d2p6e6u75xmxt8.cloudfront.net\/2\/2019\/06\/Mikael-Colville-Andersen-profimedia-0431237568.jpg\" sizes=\"auto, (max-width: 1250px) 100vw, 1250px\" srcset=\"https:\/\/d2p6e6u75xmxt8.cloudfront.net\/2\/2019\/06\/Mikael-Colville-Andersen-profimedia-0431237568.jpg 1250w, https:\/\/d2p6e6u75xmxt8.cloudfront.net\/2\/2019\/06\/Mikael-Colville-Andersen-profimedia-0431237568-300x217.jpg 300w, https:\/\/d2p6e6u75xmxt8.cloudfront.net\/2\/2019\/06\/Mikael-Colville-Andersen-profimedia-0431237568-768x555.jpg 768w, https:\/\/d2p6e6u75xmxt8.cloudfront.net\/2\/2019\/06\/Mikael-Colville-Andersen-profimedia-0431237568-1024x740.jpg 1024w\" alt=\"\" width=\"1250\" height=\"903\" data-was-processed=\"true\" \/><figcaption id=\"caption-attachment-174119\" class=\"wp-caption-text\">Mikael Colville-Andersen przemawia na konferencji internetowej \u201ere:publica\u201d. \u00a9 Profimedia, AFP<\/figcaption><\/figure>\n<p>Gdyby\u015bmy mieli wskaza\u0107 jedn\u0105 osob\u0119, kt\u00f3ra promowa\u0142a jazd\u0119 na rowerze jako dominuj\u0105cy \u015brodek transportu w kilku miastach europejskich, to by\u0142by to Mikael Colville-Andersen, projektant miejski i ekspert ds. mobilno\u015bci z kanadyjsko-du\u0144skimi korzeniami. W 2009 roku w stolicy Danii za\u0142o\u017cy\u0142 Copenhagenize Design Company, kt\u00f3re ustanowi\u0142o now\u0105 wizj\u0119 jazdy na rowerze miejskim w XXI wieku. Colville-Andersen znany jest z wyrafinowanych technik obserwacyjnych, kt\u00f3re umo\u017cliwiaj\u0105 zrozumienie potrzeb i po\u017c\u0105danych przez rowerzyst\u00f3w tras w Kopenhadze. U\u017cywaj\u0105c metod naukowych, swoje przemy\u015blenia opublikowa\u0142 w prze\u0142omowej ksi\u0105\u017cce <em>Choreografia miejskiego skrzy\u017cowania<\/em>. Dziennikarze nazywali go papie\u017cem lub Bieberem (na cze\u015b\u0107 s\u0142ynnego piosenkarza) kolarstwa miejskiego. Colville-Andersen, oddany zwolennik codziennego transportu rowerowego, uwa\u017cany jest za autora terminu \u201erowerowy szyk\u201d, kt\u00f3ry odnosi si\u0119 do jazdy na rowerze w zwyczajnych, modnych ubraniach zamiast w praktycznej, ale brzydkiej odzie\u017cy sportowej. Pod\u0105\u017ca za spu\u015bcizn\u0105 ideologiczn\u0105 swojego poprzednika, Jana Gehla, i jest wymieniany jako jeden z najbardziej wp\u0142ywowych urbanist\u00f3w dzisiejszych czas\u00f3w. Colville-Andersen stwierdzi\u0142 dobitnie, \u017ce masowa jazda na rowerze mo\u017ce poprawi\u0107 \u017cycie w miastach. Na szcz\u0119\u015bcie jeste\u015bmy tego \u015bwiadkami.<\/p>\n<style type=\"text\/css\"><!--td {border: 1px solid #ccc;}br {mso-data-placement:same-cell;}--><\/style>\n<p><span data-sheets-value=\"{&quot;1&quot;:2,&quot;2&quot;:&quot;Artyku\u0142 powsta\u0142 we wsp\u00f3\u0142pracy ze skoda-auto.pl&quot;}\" data-sheets-userformat=\"{&quot;2&quot;:1,&quot;3&quot;:{&quot;1&quot;:0}}\"><a class=\"in-cell-link\" href=\"http:\/\/www.skoda-auto.pl\/\" target=\"_blank\" rel=\"noopener\">Artyku\u0142 powsta\u0142 we wsp\u00f3\u0142pracy ze skoda-auto.p<\/a><\/span><\/p>\n<p><img loading=\"lazy\" decoding=\"async\" class=\"aligncenter size-full wp-image-9608\" src=\"https:\/\/d2p6e6u75xmxt8.cloudfront.net\/5\/2019\/08\/baner_WLC_640x350_3.png\" alt=\"\" width=\"640\" height=\"350\" srcset=\"https:\/\/d2p6e6u75xmxt8.cloudfront.net\/5\/2019\/08\/baner_WLC_640x350_3.png 640w, https:\/\/d2p6e6u75xmxt8.cloudfront.net\/5\/2019\/08\/baner_WLC_640x350_3-300x164.png 300w\" sizes=\"auto, (max-width: 640px) 100vw, 640px\" \/><\/p>\n","protected":false},"excerpt":{"rendered":"<p>Z okazji obchodzonego niedawno \u015awiatowego Dnia Roweru mieli\u015bmy okazj\u0119 przypomnie\u0107 sobie profesora Leszka Sibilskiego ze Stan\u00f3w Zjednoczonych, kt\u00f3ry prowadzi\u0142 kampani\u0119 [&hellip;]<\/p>\n","protected":false},"author":76,"featured_media":9986,"comment_status":"open","ping_status":"open","sticky":false,"template":"","format":"standard","meta":{"footnotes":""},"categories":[226],"tags":[],"global-categories":[303],"class_list":["post-9985","post","type-post","status-publish","format-standard","has-post-thumbnail","hentry","category-ciekawostki","global-categories-cycling"],"yoast_head":"<!-- This site is optimized with the Yoast SEO Premium plugin v25.3 (Yoast SEO v25.9) - https:\/\/yoast.com\/wordpress\/plugins\/seo\/ -->\n<title>Czy znasz tych wp\u0142ywowych rowerowych rzecznik\u00f3w?<\/title>\n<meta name=\"robots\" content=\"index, follow, max-snippet:-1, max-image-preview:large, max-video-preview:-1\" \/>\n<link rel=\"canonical\" href=\"https:\/\/www.welovecycling.com\/pl\/2019\/11\/20\/czy-znasz-tych-wplywowych-rowerowych-rzecznikow\/\" \/>\n<meta property=\"og:locale\" content=\"pl_PL\" \/>\n<meta property=\"og:type\" content=\"article\" \/>\n<meta property=\"og:title\" content=\"Czy znasz tych wp\u0142ywowych rowerowych rzecznik\u00f3w?\" \/>\n<meta property=\"og:description\" content=\"Z okazji obchodzonego niedawno \u015awiatowego Dnia Roweru mieli\u015bmy okazj\u0119 przypomnie\u0107 sobie profesora Leszka Sibilskiego ze Stan\u00f3w Zjednoczonych, kt\u00f3ry prowadzi\u0142 kampani\u0119 [&hellip;]\" \/>\n<meta property=\"og:url\" content=\"https:\/\/www.welovecycling.com\/pl\/2019\/11\/20\/czy-znasz-tych-wplywowych-rowerowych-rzecznikow\/\" \/>\n<meta property=\"og:site_name\" content=\"\u0160koda We Love Cycling - Poland\" \/>\n<meta property=\"article:published_time\" content=\"2019-11-20T16:46:18+00:00\" \/>\n<meta property=\"article:modified_time\" content=\"2019-11-20T22:53:12+00:00\" \/>\n<meta property=\"og:image\" content=\"https:\/\/d2p6e6u75xmxt8.cloudfront.net\/5\/2019\/11\/David-Byrne-profimedia-0419217063-1024x450.jpg\" \/>\n\t<meta property=\"og:image:width\" content=\"1024\" \/>\n\t<meta property=\"og:image:height\" content=\"450\" \/>\n\t<meta property=\"og:image:type\" content=\"image\/jpeg\" \/>\n<meta name=\"author\" content=\"piotrboczkowski\" \/>\n<meta name=\"twitter:card\" content=\"summary_large_image\" \/>\n<meta name=\"twitter:label1\" content=\"Written by\" \/>\n\t<meta name=\"twitter:data1\" content=\"Monica Buck\" \/>\n\t<meta name=\"twitter:label2\" content=\"Est. reading time\" \/>\n\t<meta name=\"twitter:data2\" content=\"4\" \/>\n<script type=\"application\/ld+json\" class=\"yoast-schema-graph\">{\"@context\":\"https:\/\/schema.org\",\"@graph\":[{\"@type\":\"WebPage\",\"@id\":\"https:\/\/www.welovecycling.com\/pl\/2019\/11\/20\/czy-znasz-tych-wplywowych-rowerowych-rzecznikow\/\",\"url\":\"https:\/\/www.welovecycling.com\/pl\/2019\/11\/20\/czy-znasz-tych-wplywowych-rowerowych-rzecznikow\/\",\"name\":\"Czy znasz tych wp\u0142ywowych rowerowych rzecznik\u00f3w?\",\"isPartOf\":{\"@id\":\"https:\/\/www.welovecycling.com\/pl\/#website\"},\"primaryImageOfPage\":{\"@id\":\"https:\/\/www.welovecycling.com\/pl\/2019\/11\/20\/czy-znasz-tych-wplywowych-rowerowych-rzecznikow\/#primaryimage\"},\"image\":{\"@id\":\"https:\/\/www.welovecycling.com\/pl\/2019\/11\/20\/czy-znasz-tych-wplywowych-rowerowych-rzecznikow\/#primaryimage\"},\"thumbnailUrl\":\"https:\/\/d2p6e6u75xmxt8.cloudfront.net\/5\/2019\/11\/David-Byrne-profimedia-0419217063-1024x450.jpg\",\"datePublished\":\"2019-11-20T16:46:18+00:00\",\"dateModified\":\"2019-11-20T22:53:12+00:00\",\"author\":{\"@id\":\"https:\/\/www.welovecycling.com\/pl\/#\/schema\/person\/0dba2d39da943db9df3fd8f4687e7f23\"},\"breadcrumb\":{\"@id\":\"https:\/\/www.welovecycling.com\/pl\/2019\/11\/20\/czy-znasz-tych-wplywowych-rowerowych-rzecznikow\/#breadcrumb\"},\"inLanguage\":\"pl-PL\",\"potentialAction\":[{\"@type\":\"ReadAction\",\"target\":[\"https:\/\/www.welovecycling.com\/pl\/2019\/11\/20\/czy-znasz-tych-wplywowych-rowerowych-rzecznikow\/\"]}]},{\"@type\":\"ImageObject\",\"inLanguage\":\"pl-PL\",\"@id\":\"https:\/\/www.welovecycling.com\/pl\/2019\/11\/20\/czy-znasz-tych-wplywowych-rowerowych-rzecznikow\/#primaryimage\",\"url\":\"https:\/\/d2p6e6u75xmxt8.cloudfront.net\/5\/2019\/11\/David-Byrne-profimedia-0419217063-1024x450.jpg\",\"contentUrl\":\"https:\/\/d2p6e6u75xmxt8.cloudfront.net\/5\/2019\/11\/David-Byrne-profimedia-0419217063-1024x450.jpg\",\"width\":1024,\"height\":450},{\"@type\":\"BreadcrumbList\",\"@id\":\"https:\/\/www.welovecycling.com\/pl\/2019\/11\/20\/czy-znasz-tych-wplywowych-rowerowych-rzecznikow\/#breadcrumb\",\"itemListElement\":[{\"@type\":\"ListItem\",\"position\":1,\"name\":\"Home\",\"item\":\"https:\/\/www.welovecycling.com\/pl\/\"},{\"@type\":\"ListItem\",\"position\":2,\"name\":\"Czy znasz tych wp\u0142ywowych rowerowych rzecznik\u00f3w?\"}]},{\"@type\":\"WebSite\",\"@id\":\"https:\/\/www.welovecycling.com\/pl\/#website\",\"url\":\"https:\/\/www.welovecycling.com\/pl\/\",\"name\":\"\u0160koda We Love Cycling - Poland\",\"description\":\"\",\"potentialAction\":[{\"@type\":\"SearchAction\",\"target\":{\"@type\":\"EntryPoint\",\"urlTemplate\":\"https:\/\/www.welovecycling.com\/pl\/?s={search_term_string}\"},\"query-input\":{\"@type\":\"PropertyValueSpecification\",\"valueRequired\":true,\"valueName\":\"search_term_string\"}}],\"inLanguage\":\"pl-PL\"},{\"@type\":\"Person\",\"@id\":\"https:\/\/www.welovecycling.com\/pl\/#\/schema\/person\/0dba2d39da943db9df3fd8f4687e7f23\",\"name\":\"piotrboczkowski\",\"image\":{\"@type\":\"ImageObject\",\"inLanguage\":\"pl-PL\",\"@id\":\"https:\/\/www.welovecycling.com\/pl\/#\/schema\/person\/image\/\",\"url\":\"https:\/\/secure.gravatar.com\/avatar\/533caccae14752e03a2ce2d3fd62d1b98b93e1393c3195c27819e53344ca1ace?s=96&d=mm&r=g\",\"contentUrl\":\"https:\/\/secure.gravatar.com\/avatar\/533caccae14752e03a2ce2d3fd62d1b98b93e1393c3195c27819e53344ca1ace?s=96&d=mm&r=g\",\"caption\":\"piotrboczkowski\"},\"url\":\"https:\/\/www.welovecycling.com\/pl\/author\/piotrboczkowski\/\"}]}<\/script>\n<!-- \/ Yoast SEO Premium plugin. -->","yoast_head_json":{"title":"Czy znasz tych wp\u0142ywowych rowerowych rzecznik\u00f3w?","robots":{"index":"index","follow":"follow","max-snippet":"max-snippet:-1","max-image-preview":"max-image-preview:large","max-video-preview":"max-video-preview:-1"},"canonical":"https:\/\/www.welovecycling.com\/pl\/2019\/11\/20\/czy-znasz-tych-wplywowych-rowerowych-rzecznikow\/","og_locale":"pl_PL","og_type":"article","og_title":"Czy znasz tych wp\u0142ywowych rowerowych rzecznik\u00f3w?","og_description":"Z okazji obchodzonego niedawno \u015awiatowego Dnia Roweru mieli\u015bmy okazj\u0119 przypomnie\u0107 sobie profesora Leszka Sibilskiego ze Stan\u00f3w Zjednoczonych, kt\u00f3ry prowadzi\u0142 kampani\u0119 [&hellip;]","og_url":"https:\/\/www.welovecycling.com\/pl\/2019\/11\/20\/czy-znasz-tych-wplywowych-rowerowych-rzecznikow\/","og_site_name":"\u0160koda We Love Cycling - Poland","article_published_time":"2019-11-20T16:46:18+00:00","article_modified_time":"2019-11-20T22:53:12+00:00","og_image":[{"width":1024,"height":450,"url":"https:\/\/d2p6e6u75xmxt8.cloudfront.net\/5\/2019\/11\/David-Byrne-profimedia-0419217063-1024x450.jpg","type":"image\/jpeg"}],"author":"piotrboczkowski","twitter_card":"summary_large_image","twitter_misc":{"Written by":"Monica Buck","Est. reading time":"4"},"schema":{"@context":"https:\/\/schema.org","@graph":[{"@type":"WebPage","@id":"https:\/\/www.welovecycling.com\/pl\/2019\/11\/20\/czy-znasz-tych-wplywowych-rowerowych-rzecznikow\/","url":"https:\/\/www.welovecycling.com\/pl\/2019\/11\/20\/czy-znasz-tych-wplywowych-rowerowych-rzecznikow\/","name":"Czy znasz tych wp\u0142ywowych rowerowych rzecznik\u00f3w?","isPartOf":{"@id":"https:\/\/www.welovecycling.com\/pl\/#website"},"primaryImageOfPage":{"@id":"https:\/\/www.welovecycling.com\/pl\/2019\/11\/20\/czy-znasz-tych-wplywowych-rowerowych-rzecznikow\/#primaryimage"},"image":{"@id":"https:\/\/www.welovecycling.com\/pl\/2019\/11\/20\/czy-znasz-tych-wplywowych-rowerowych-rzecznikow\/#primaryimage"},"thumbnailUrl":"https:\/\/d2p6e6u75xmxt8.cloudfront.net\/5\/2019\/11\/David-Byrne-profimedia-0419217063-1024x450.jpg","datePublished":"2019-11-20T16:46:18+00:00","dateModified":"2019-11-20T22:53:12+00:00","author":{"@id":"https:\/\/www.welovecycling.com\/pl\/#\/schema\/person\/0dba2d39da943db9df3fd8f4687e7f23"},"breadcrumb":{"@id":"https:\/\/www.welovecycling.com\/pl\/2019\/11\/20\/czy-znasz-tych-wplywowych-rowerowych-rzecznikow\/#breadcrumb"},"inLanguage":"pl-PL","potentialAction":[{"@type":"ReadAction","target":["https:\/\/www.welovecycling.com\/pl\/2019\/11\/20\/czy-znasz-tych-wplywowych-rowerowych-rzecznikow\/"]}]},{"@type":"ImageObject","inLanguage":"pl-PL","@id":"https:\/\/www.welovecycling.com\/pl\/2019\/11\/20\/czy-znasz-tych-wplywowych-rowerowych-rzecznikow\/#primaryimage","url":"https:\/\/d2p6e6u75xmxt8.cloudfront.net\/5\/2019\/11\/David-Byrne-profimedia-0419217063-1024x450.jpg","contentUrl":"https:\/\/d2p6e6u75xmxt8.cloudfront.net\/5\/2019\/11\/David-Byrne-profimedia-0419217063-1024x450.jpg","width":1024,"height":450},{"@type":"BreadcrumbList","@id":"https:\/\/www.welovecycling.com\/pl\/2019\/11\/20\/czy-znasz-tych-wplywowych-rowerowych-rzecznikow\/#breadcrumb","itemListElement":[{"@type":"ListItem","position":1,"name":"Home","item":"https:\/\/www.welovecycling.com\/pl\/"},{"@type":"ListItem","position":2,"name":"Czy znasz tych wp\u0142ywowych rowerowych rzecznik\u00f3w?"}]},{"@type":"WebSite","@id":"https:\/\/www.welovecycling.com\/pl\/#website","url":"https:\/\/www.welovecycling.com\/pl\/","name":"\u0160koda We Love Cycling - Poland","description":"","potentialAction":[{"@type":"SearchAction","target":{"@type":"EntryPoint","urlTemplate":"https:\/\/www.welovecycling.com\/pl\/?s={search_term_string}"},"query-input":{"@type":"PropertyValueSpecification","valueRequired":true,"valueName":"search_term_string"}}],"inLanguage":"pl-PL"},{"@type":"Person","@id":"https:\/\/www.welovecycling.com\/pl\/#\/schema\/person\/0dba2d39da943db9df3fd8f4687e7f23","name":"piotrboczkowski","image":{"@type":"ImageObject","inLanguage":"pl-PL","@id":"https:\/\/www.welovecycling.com\/pl\/#\/schema\/person\/image\/","url":"https:\/\/secure.gravatar.com\/avatar\/533caccae14752e03a2ce2d3fd62d1b98b93e1393c3195c27819e53344ca1ace?s=96&d=mm&r=g","contentUrl":"https:\/\/secure.gravatar.com\/avatar\/533caccae14752e03a2ce2d3fd62d1b98b93e1393c3195c27819e53344ca1ace?s=96&d=mm&r=g","caption":"piotrboczkowski"},"url":"https:\/\/www.welovecycling.com\/pl\/author\/piotrboczkowski\/"}]}},"_links":{"self":[{"href":"https:\/\/www.welovecycling.com\/pl\/wp-json\/wp\/v2\/posts\/9985","targetHints":{"allow":["GET"]}}],"collection":[{"href":"https:\/\/www.welovecycling.com\/pl\/wp-json\/wp\/v2\/posts"}],"about":[{"href":"https:\/\/www.welovecycling.com\/pl\/wp-json\/wp\/v2\/types\/post"}],"author":[{"embeddable":true,"href":"https:\/\/www.welovecycling.com\/pl\/wp-json\/wp\/v2\/users\/76"}],"replies":[{"embeddable":true,"href":"https:\/\/www.welovecycling.com\/pl\/wp-json\/wp\/v2\/comments?post=9985"}],"version-history":[{"count":1,"href":"https:\/\/www.welovecycling.com\/pl\/wp-json\/wp\/v2\/posts\/9985\/revisions"}],"predecessor-version":[{"id":9987,"href":"https:\/\/www.welovecycling.com\/pl\/wp-json\/wp\/v2\/posts\/9985\/revisions\/9987"}],"wp:featuredmedia":[{"embeddable":true,"href":"https:\/\/www.welovecycling.com\/pl\/wp-json\/wp\/v2\/media\/9986"}],"wp:attachment":[{"href":"https:\/\/www.welovecycling.com\/pl\/wp-json\/wp\/v2\/media?parent=9985"}],"wp:term":[{"taxonomy":"category","embeddable":true,"href":"https:\/\/www.welovecycling.com\/pl\/wp-json\/wp\/v2\/categories?post=9985"},{"taxonomy":"post_tag","embeddable":true,"href":"https:\/\/www.welovecycling.com\/pl\/wp-json\/wp\/v2\/tags?post=9985"},{"taxonomy":"global-categories","embeddable":true,"href":"https:\/\/www.welovecycling.com\/pl\/wp-json\/wp\/v2\/global-categories?post=9985"}],"curies":[{"name":"wp","href":"https:\/\/api.w.org\/{rel}","templated":true}]}}