{"id":9981,"date":"2019-11-19T15:42:54","date_gmt":"2019-11-19T15:42:54","guid":{"rendered":"https:\/\/www.welovecycling.com\/pl\/?p=9981"},"modified":"2019-11-19T15:42:54","modified_gmt":"2019-11-19T15:42:54","slug":"jazda-na-rowerze-i-zdrowie-psychiczne-jak-sie-ze-soba-lacza","status":"publish","type":"post","link":"https:\/\/www.welovecycling.com\/pl\/2019\/11\/19\/jazda-na-rowerze-i-zdrowie-psychiczne-jak-sie-ze-soba-lacza\/","title":{"rendered":"Jazda na rowerze i zdrowie psychiczne \u2013 jak si\u0119 ze sob\u0105 \u0142\u0105cz\u0105?"},"content":{"rendered":"<p><strong>Du\u017co m\u00f3wimy o zaletach jazdy na rowerze i jest ich faktycznie sporo: poprawia og\u00f3ln\u0105 sprawno\u015b\u0107 fizyczn\u0105 i korzystnie wp\u0142ywa na prac\u0119 serca, buduje mi\u0119\u015bnie, zmniejsza stres, a nawet pomaga walczy\u0107 z zespo\u0142em stresu pourazowego. Kiedy jednak anga\u017cujesz si\u0119 w sport publicznie, pojawia si\u0119 ogromna presja, kt\u00f3ra mo\u017ce si\u0119 odbi\u0107 na pewno\u015bci siebie. Par\u0119 miesi\u0119cy temu spo\u0142eczno\u015b\u0107 rowerowa by\u0142a zszokowana tragiczn\u0105 \u015bmierci\u0105 Kelly Catlin. Ta utalentowana zawodniczka olimpijska mia\u0142a zaledwie 23 lata. Chocia\u017c okoliczno\u015bci, kt\u00f3re doprowadzi\u0142y j\u0105 do stanu, w kt\u00f3rym poczu\u0142a, \u017ce jedynym wyj\u015bciem jest samob\u00f3jstwo, nigdy nie b\u0119d\u0105 znane wi\u0119kszo\u015bci z nas, to istniej\u0105 pewne aspekty jej zmaga\u0144, z kt\u00f3rymi wiele os\u00f3b mo\u017ce si\u0119 uto\u017csami\u0107.<\/strong><\/p>\n<p>&nbsp;<\/p>\n<p>Opr\u00f3cz doceniania zalet kolarstwa wa\u017cne jest, \u017ceby rozmawia\u0107 r\u00f3wnie\u017c o mentalnych kosztach, kt\u00f3rych mo\u017ce przysporzy\u0107 jazda na rowerze, oraz o tym, jak stawi\u0107 czo\u0142a negatywnym skutkom, kiedy si\u0119 pojawi\u0105. Rowerzy\u015bci niezale\u017cnie od wieku, poziomu umiej\u0119tno\u015bci i rodzaju kolarstwa, kt\u00f3ry uprawiaj\u0105, napotykaj\u0105 wiele trudno\u015bci na \u015bcie\u017cce swojego sportowego rozwoju. Porozmawiali\u015bmy z trzema kobietami na temat zwi\u0105zku pomi\u0119dzy jazd\u0105 na rowerze a samopoczuciem psychicznym oraz o tym, co robi\u0105, aby zachowa\u0107 pomi\u0119dzy nimi odpowiedni\u0105 r\u00f3wnowag\u0119.<\/p>\n<p><img loading=\"lazy\" decoding=\"async\" class=\"size-full wp-image-152313 loading\" src=\"https:\/\/d2p6e6u75xmxt8.cloudfront.net\/2\/2017\/06\/profimedia-0002853590.jpg\" sizes=\"auto, (max-width: 1250px) 100vw, 1250px\" srcset=\"https:\/\/d2p6e6u75xmxt8.cloudfront.net\/2\/2017\/06\/profimedia-0002853590.jpg 1250w, https:\/\/d2p6e6u75xmxt8.cloudfront.net\/2\/2017\/06\/profimedia-0002853590-300x197.jpg 300w, https:\/\/d2p6e6u75xmxt8.cloudfront.net\/2\/2017\/06\/profimedia-0002853590-768x504.jpg 768w, https:\/\/d2p6e6u75xmxt8.cloudfront.net\/2\/2017\/06\/profimedia-0002853590-1024x673.jpg 1024w\" alt=\"\" width=\"1250\" height=\"821\" data-was-processed=\"true\" \/><\/p>\n<p>&nbsp;<\/p>\n<p><span style=\"font-size: 18pt;\"><strong>Zacz\u0119\u0142am mie\u0107 obsesj\u0119 na punkcie danych<\/strong><\/span><\/p>\n<p>&nbsp;<\/p>\n<p>Emma W. jest piel\u0119gniark\u0105, matk\u0105 i rowerzystk\u0105. Od ponad dekady je\u017adzi regularnie i ceni rower za to, \u017ce pomaga jej utrzyma\u0107 form\u0119 i ustabilizowa\u0107 nastr\u00f3j.<\/p>\n<p><strong><em>Zalety jazdy na rowerze s\u0105 niepodwa\u017calne, ale czy mia\u0142a ona jakikolwiek negatywny wp\u0142yw na Twoje zdrowie psychiczne?<\/em><\/strong><\/p>\n<p>\u2013 Tak. By\u0142 czas, kiedy zacz\u0119\u0142am mie\u0107 obsesj\u0119 na punkcie danych. Zwraca\u0142am wi\u0119ksz\u0105 uwag\u0119 na aplikacje Strava i Garmin ni\u017c na cudowne otoczenie. Powiedzia\u0142abym, \u017ce je\u015bli ma\u0142o rywalizujesz, ale osi\u0105gasz dobre wyniki, jak ja, to naprawd\u0119 \u0142atwo jest wci\u0105gn\u0105\u0107 si\u0119 w obsesj\u0119 na punkcie danych na temat w\u0142asnych osi\u0105g\u00f3w i zapomnie\u0107 o tym, dlaczego przede wszystkim je\u017adzisz.<\/p>\n<p><em><strong>Co zrobi\u0142a\u015b, \u017ceby rozwi\u0105za\u0107 te problemy?<\/strong><\/em><\/p>\n<p>\u2013 Teraz mam rowerowy team, kt\u00f3ry je\u017adzi wy\u0142\u0105cznie w celach charytatywnych. Nie interesuj\u0105 mnie kluby kolarskie, poniewa\u017c nie mam dobrych do\u015bwiadcze\u0144 z jazdy w takim t\u0142umie. Jestem r\u00f3wnie\u017c cz\u0142onkini\u0105 organizacji People For Bikes, w kt\u00f3rej opowiadam, jak jazda na rowerze pomog\u0142a mi w walce z depresj\u0105. Zauwa\u017cam, \u017ce istnieje ogromna presja na konkurowanie ze sob\u0105, jestem naprawd\u0119 zasmucona utrat\u0105 Kelly Catlin. My\u015bl\u0119, \u017ce je\u015bli ka\u017cdy odnajdzie swoje prawdziwe powo\u0142anie i b\u0119dzie robi\u0142 co\u015b, co sprawia mu przyjemno\u015b\u0107, to pozwoli to nam, ludziom, utrzyma\u0107 si\u0119 na tej ziemi. Zachowanie r\u00f3wnowagi pomi\u0119dzy prac\u0105 a \u017cyciem jest trudne, ale teraz wiem, \u017ce wa\u017cne jest, aby otacza\u0107 si\u0119 lud\u017ami, kt\u00f3rzy ci\u0119 wspieraj\u0105 i nie boj\u0105 si\u0119 do ciebie dzwoni\u0107, gdy jeste\u015b dla siebie zbyt surowy. Je\u015bli chodzi o zdrowie psychiczne, to cisza jest najbardziej zab\u00f3jcza.<\/p>\n<p><img loading=\"lazy\" decoding=\"async\" class=\"alignnone size-full wp-image-172816 loading\" src=\"https:\/\/d2p6e6u75xmxt8.cloudfront.net\/2\/2019\/03\/bike-bird-s-eye-view-clouds-1466493.jpg\" sizes=\"auto, (max-width: 1280px) 100vw, 1280px\" srcset=\"https:\/\/d2p6e6u75xmxt8.cloudfront.net\/2\/2019\/03\/bike-bird-s-eye-view-clouds-1466493.jpg 1280w, https:\/\/d2p6e6u75xmxt8.cloudfront.net\/2\/2019\/03\/bike-bird-s-eye-view-clouds-1466493-300x169.jpg 300w, https:\/\/d2p6e6u75xmxt8.cloudfront.net\/2\/2019\/03\/bike-bird-s-eye-view-clouds-1466493-768x432.jpg 768w, https:\/\/d2p6e6u75xmxt8.cloudfront.net\/2\/2019\/03\/bike-bird-s-eye-view-clouds-1466493-1024x576.jpg 1024w\" alt=\"\" width=\"1280\" height=\"720\" data-was-processed=\"true\" \/><\/p>\n<p><span style=\"font-size: 18pt;\"><strong>Wywieram na siebie presj\u0119, \u017ceby mie\u0107 lepsze wyniki, i nie wierz\u0119 w siebie<\/strong><\/span><\/p>\n<p>Avril A. jest ksi\u0119gow\u0105 ze Szkocji i je\u017adzi na rowerze przez ca\u0142e \u017cycie. Jest zapalon\u0105 kolark\u0105 g\u00f3rsk\u0105, a nieco ponad cztery lata temu zacz\u0119\u0142a uprawia\u0107 kolarstwo szosowe. W tym czasie do\u0142\u0105czy\u0142a do lokalnego klubu i poprawi\u0142a swoje wyniki, wygra\u0142a TT klubu w 2018 roku.<\/p>\n<p><em><strong>Czy zacz\u0119\u0142a\u015b stawia\u0142a\u015b czo\u0142a wyzwaniom, odk\u0105d sta\u0142a\u015b si\u0119 bardziej rywalizuj\u0105ca?<\/strong><\/em><\/p>\n<p>\u2013 Nadal wywieram na siebie du\u017c\u0105 presj\u0119, \u017ceby mie\u0107 wyniki, i cz\u0119sto stwierdzam, \u017ce brakuje mi pewno\u015bci siebie, jednak powoli si\u0119 to poprawia. Kiedy zaczyna\u0142am, je\u017adzi\u0142am tylko z moim m\u0119\u017cem i dzie\u0107mi, teraz mam zupe\u0142nie now\u0105 grup\u0119 przyjaci\u00f3\u0142, kt\u00f3rzy mnie wspieraj\u0105 \u2013 wspaniale jest dzieli\u0107 swoj\u0105 pasj\u0119 z lud\u017ami o podobnych pogl\u0105dach.<\/p>\n<p><em><strong>Jakie masz rady dla innych rowerzyst\u00f3w, kt\u00f3rzy zaczynaj\u0105 odczuwa\u0107 negatywne skutki presji?<\/strong><\/em><\/p>\n<p>\u2013 Uwierz w siebie i swoje umiej\u0119tno\u015bci, do\u0142\u0105cz do lokalnego klubu rowerowego i nawi\u0105\u017c kontakty z lud\u017ami. Z mojego do\u015bwiadczenia wynika, \u017ce \u200browerzy\u015bci s\u0105 entuzjastyczni, otwarci na innych i pomocni na drodze. Do\u0142\u0105czenie do klubu by\u0142o najlepsz\u0105 rzecz\u0105, jak\u0105 zrobi\u0142am. By\u0142am zdenerwowana i przestraszona, zastanawia\u0142am si\u0119, czy b\u0119d\u0119 wystarczaj\u0105co dobra i czy b\u0119d\u0119 w stanie dotrzyma\u0107 kroku pozosta\u0142ym. Jazda w grupie by\u0142a bardzo zniech\u0119caj\u0105ca, ale teraz korzy\u015bci znacznie przewy\u017cszaj\u0105 wszelkie moje obawy. Reasumuj\u0105c: przede wszystkim ciesz si\u0119 i pami\u0119taj, \u017ce ka\u017cdy musia\u0142 kiedy\u015b zrobi\u0107 pierwszy krok.<\/p>\n<p><img loading=\"lazy\" decoding=\"async\" class=\"alignnone size-full wp-image-172817 loading\" src=\"https:\/\/d2p6e6u75xmxt8.cloudfront.net\/2\/2019\/03\/Cycling-Woods-profimedia-0297436025-CVR.jpg\" sizes=\"auto, (max-width: 1366px) 100vw, 1366px\" srcset=\"https:\/\/d2p6e6u75xmxt8.cloudfront.net\/2\/2019\/03\/Cycling-Woods-profimedia-0297436025-CVR.jpg 1366w, https:\/\/d2p6e6u75xmxt8.cloudfront.net\/2\/2019\/03\/Cycling-Woods-profimedia-0297436025-CVR-300x132.jpg 300w, https:\/\/d2p6e6u75xmxt8.cloudfront.net\/2\/2019\/03\/Cycling-Woods-profimedia-0297436025-CVR-768x337.jpg 768w, https:\/\/d2p6e6u75xmxt8.cloudfront.net\/2\/2019\/03\/Cycling-Woods-profimedia-0297436025-CVR-1024x450.jpg 1024w\" alt=\"\" width=\"1366\" height=\"600\" data-was-processed=\"true\" \/><\/p>\n<p><span style=\"font-size: 18pt;\"><strong>Moja zdolno\u015b\u0107 do post\u0119p\u00f3w w treningu spad\u0142a<\/strong><\/span><\/p>\n<p>Sara Z. zacz\u0119\u0142a \u0107wiczy\u0107 na rowerze stacjonarnym ponad 20 lat temu i wa\u017cy\u0142a w\u00f3wczas 107 kg. Przez dwa lata schud\u0142a do 79 kg i to ona prowadzi\u0142a zaj\u0119cia. Obecnie ma na swoim koncie uczestnictwo w wielu wydarzeniach i wycieczkach rowerowych, prowadzi tak\u017ce zaj\u0119cia jazdy na rowerze stacjonarnym trzy razy w tygodniu.<\/p>\n<p><em><strong>Jakie by\u0142o najwi\u0119ksze wyzwanie mentalne, kt\u00f3re napotka\u0142a\u015b podczas swojej przygody z rowerem?<\/strong><\/em><\/p>\n<p>\u2013 Moje cia\u0142o si\u0119 starzeje, a moja zdolno\u015b\u0107 do post\u0119p\u00f3w w treningu os\u0142ab\u0142a. Nie wiem, czy to z powodu zmian hormonalnych, skumulowanych obra\u017ce\u0144 czy stresu. Moje postrzeganie spadku formy wp\u0142ywa na m\u00f3j nastr\u00f3j. Ostatnie miesi\u0105ce by\u0142y szczeg\u00f3lnie trudne, poniewa\u017c w listopadzie z\u0142ama\u0142am r\u0119k\u0119, a b\u00f3l nerw\u00f3w ogranicza\u0142 treningi w pomieszczeniu. Przyty\u0142am w miejscach, z kt\u00f3rymi nie mia\u0142am problem\u00f3w w poprzednich latach, a to, co widz\u0119 w lustrze, nie pasuje do tego, jak wygl\u0105da\u0142am w zesz\u0142ym roku. Obecnie nie czuj\u0119 si\u0119 silna i nie lubi\u0119 s\u0142ysze\u0107, \u017ce powr\u00f3t do formy zajmie miesi\u0105ce. Frustruj\u0105ce i przygn\u0119biaj\u0105ce jest to, \u017ce po\u017cegna\u0142am ju\u017c t\u0119 grub\u0105 kobiet\u0119, kt\u00f3r\u0105 by\u0142am w okolicy trzydziestki, aby sta\u0107 si\u0119 fit w wieku 40 lat, a teraz, zbli\u017caj\u0105c si\u0119 do pi\u0119\u0107dziesi\u0105tki, czuj\u0119 si\u0119 tak samo bez formy jak podczas pierwszej lekcji jazdy na rowerze w 2000 roku.<\/p>\n<p><em><strong>Pokonanie kontuzji jest zdecydowanie du\u017cym wyzwaniem. Co jeszcze robi\u0142a\u015b, \u017ceby sobie poradzi\u0107?<\/strong><\/em><\/p>\n<p>\u2013 Ka\u017cdego dnia m\u00f3wi\u0119 sobie, \u017ceby po prostu peda\u0142owa\u0107 dalej. Nawet profesjonali\u015bci potrzebuj\u0105 miesi\u0119cy, \u017ceby doj\u015b\u0107 do siebie. (To nie zawsze dzia\u0142a, ale wsiadanie na rower treningowy, nawet na p\u00f3\u0142 godziny, dostarcza mi endorfin). Pami\u0119tam, jak zakocha\u0142am si\u0119 w rowerze i jak zainspirowa\u0142o mnie to do dzielenia si\u0119 t\u0105 pasj\u0105.<\/p>\n<p><em><strong>A jaka jest twoja motywacja do jazdy na rowerze, kt\u00f3r\u0105 chcesz si\u0119 podzieli\u0107?<\/strong><\/em><\/p>\n<p>Dziewczyno, w\u0142a\u015bnie kupi\u0142a\u015b rower \u2013 wsiadaj na niego i ruszaj w drog\u0119. Zauwa\u017c, jak porusza si\u0119 twoje cia\u0142o i jak silna jeste\u015b, kiedy dajesz z siebie wszystko. Poczuj wiatr we w\u0142osach i wolno\u015b\u0107. Oddychaj, a nast\u0119pnie przyspieszaj. Szukaj swojego potencja\u0142u, dowiedz si\u0119, kim jeste\u015b, a potem wykorzystaj t\u0119 wiedz\u0119 w ka\u017cdym aspekcie swojego \u017cycia.<\/p>\n<p><img loading=\"lazy\" decoding=\"async\" class=\"alignnone size-full wp-image-171968 loading\" src=\"https:\/\/d2p6e6u75xmxt8.cloudfront.net\/2\/2019\/01\/Woman-Cycling-Komoot-CVR.jpg\" sizes=\"auto, (max-width: 1366px) 100vw, 1366px\" srcset=\"https:\/\/d2p6e6u75xmxt8.cloudfront.net\/2\/2019\/01\/Woman-Cycling-Komoot-CVR.jpg 1366w, https:\/\/d2p6e6u75xmxt8.cloudfront.net\/2\/2019\/01\/Woman-Cycling-Komoot-CVR-300x132.jpg 300w, https:\/\/d2p6e6u75xmxt8.cloudfront.net\/2\/2019\/01\/Woman-Cycling-Komoot-CVR-768x337.jpg 768w, https:\/\/d2p6e6u75xmxt8.cloudfront.net\/2\/2019\/01\/Woman-Cycling-Komoot-CVR-1024x450.jpg 1024w\" alt=\"\" width=\"1366\" height=\"600\" data-was-processed=\"true\" \/><\/p>\n<p><span style=\"font-size: 18pt;\"><strong>Pokonywanie przeszk\u00f3d psychicznych<\/strong><\/span><\/p>\n<p>Podczas jazdy na rowerze cz\u0119sto wraca si\u0119 do tego, za co si\u0119 go pokocha\u0142o. Jak pokazuj\u0105 historie tych trzech kobiet, dzielenie pasji ze spo\u0142eczno\u015bci\u0105, pozytywne rozmowy i przeja\u017cd\u017cka ka\u017cdego dnia cz\u0119sto wystarczaj\u0105, \u017ceby przezwyci\u0119\u017cy\u0107 obni\u017cony nastr\u00f3j. Ale czasami trzeba si\u0119 cofn\u0105\u0107 i zrobi\u0107 sobie przerw\u0119. S\u0142uchaj swojego umys\u0142u i cia\u0142a i nigdy nie b\u00f3j si\u0119 prosi\u0107 o pomoc i wsparcie. Jedn\u0105 z najwi\u0119kszych zalet kolarstwa jest bycie cz\u0119\u015bci\u0105 du\u017cej, troskliwej spo\u0142eczno\u015bci. B\u0105d\u017amy dla siebie \u017cyczliwi i pomagajmy sobie, \u017ceby jazda rowerem by\u0142a pozytywnym do\u015bwiadczeniem dla wszystkich rowerzyst\u00f3w.<\/p>\n<style type=\"text\/css\"><!--td {border: 1px solid #ccc;}br {mso-data-placement:same-cell;}--><\/style>\n<p><span data-sheets-value=\"{&quot;1&quot;:2,&quot;2&quot;:&quot;Artyku\u0142 powsta\u0142 we wsp\u00f3\u0142pracy ze skoda-auto.pl&quot;}\" data-sheets-userformat=\"{&quot;2&quot;:1,&quot;3&quot;:{&quot;1&quot;:0}}\"><a class=\"in-cell-link\" href=\"http:\/\/www.skoda-auto.pl\/\" target=\"_blank\" rel=\"noopener\">Artyku\u0142 powsta\u0142 we wsp\u00f3\u0142pracy ze skoda-auto.pl<\/a><\/span><\/p>\n<p><img loading=\"lazy\" decoding=\"async\" class=\"aligncenter size-full wp-image-9607\" src=\"https:\/\/d2p6e6u75xmxt8.cloudfront.net\/5\/2019\/08\/baner_WLC_640x350_2.png\" alt=\"\" width=\"640\" height=\"350\" srcset=\"https:\/\/d2p6e6u75xmxt8.cloudfront.net\/5\/2019\/08\/baner_WLC_640x350_2.png 640w, https:\/\/d2p6e6u75xmxt8.cloudfront.net\/5\/2019\/08\/baner_WLC_640x350_2-300x164.png 300w\" sizes=\"auto, (max-width: 640px) 100vw, 640px\" \/><\/p>\n","protected":false},"excerpt":{"rendered":"<p>Du\u017co m\u00f3wimy o zaletach jazdy na rowerze i jest ich faktycznie sporo: poprawia og\u00f3ln\u0105 sprawno\u015b\u0107 fizyczn\u0105 i korzystnie wp\u0142ywa na [&hellip;]<\/p>\n","protected":false},"author":76,"featured_media":9982,"comment_status":"open","ping_status":"open","sticky":false,"template":"","format":"standard","meta":{"footnotes":""},"categories":[4],"tags":[],"global-categories":[303],"class_list":["post-9981","post","type-post","status-publish","format-standard","has-post-thumbnail","hentry","category-zdrowie-i-trening","global-categories-cycling"],"yoast_head":"<!-- This site is optimized with the Yoast SEO Premium plugin v25.3 (Yoast SEO v25.9) - https:\/\/yoast.com\/wordpress\/plugins\/seo\/ -->\n<title>Jazda na rowerze i zdrowie psychiczne \u2013 jak si\u0119 ze sob\u0105 \u0142\u0105cz\u0105? - \u0160koda We Love Cycling - Poland<\/title>\n<meta name=\"robots\" content=\"index, follow, max-snippet:-1, max-image-preview:large, max-video-preview:-1\" \/>\n<link rel=\"canonical\" href=\"https:\/\/www.welovecycling.com\/pl\/2019\/11\/19\/jazda-na-rowerze-i-zdrowie-psychiczne-jak-sie-ze-soba-lacza\/\" \/>\n<meta property=\"og:locale\" content=\"pl_PL\" \/>\n<meta property=\"og:type\" content=\"article\" \/>\n<meta property=\"og:title\" content=\"Jazda na rowerze i zdrowie psychiczne \u2013 jak si\u0119 ze sob\u0105 \u0142\u0105cz\u0105?\" \/>\n<meta property=\"og:description\" content=\"Du\u017co m\u00f3wimy o zaletach jazdy na rowerze i jest ich faktycznie sporo: poprawia og\u00f3ln\u0105 sprawno\u015b\u0107 fizyczn\u0105 i korzystnie wp\u0142ywa na [&hellip;]\" \/>\n<meta property=\"og:url\" content=\"https:\/\/www.welovecycling.com\/pl\/2019\/11\/19\/jazda-na-rowerze-i-zdrowie-psychiczne-jak-sie-ze-soba-lacza\/\" \/>\n<meta property=\"og:site_name\" content=\"\u0160koda We Love Cycling - Poland\" \/>\n<meta property=\"article:published_time\" content=\"2019-11-19T15:42:54+00:00\" \/>\n<meta property=\"og:image\" content=\"https:\/\/d2p6e6u75xmxt8.cloudfront.net\/5\/2019\/11\/active-adventure-bicycle-pexels-1208777-CVR-1024x450.jpg\" \/>\n\t<meta property=\"og:image:width\" content=\"1024\" \/>\n\t<meta property=\"og:image:height\" content=\"450\" \/>\n\t<meta property=\"og:image:type\" content=\"image\/jpeg\" \/>\n<meta name=\"author\" content=\"piotrboczkowski\" \/>\n<meta name=\"twitter:card\" content=\"summary_large_image\" \/>\n<meta name=\"twitter:label1\" content=\"Written by\" \/>\n\t<meta name=\"twitter:data1\" content=\"Megan Flottorp\" \/>\n\t<meta name=\"twitter:label2\" content=\"Est. reading time\" \/>\n\t<meta name=\"twitter:data2\" content=\"5\" \/>\n<script type=\"application\/ld+json\" class=\"yoast-schema-graph\">{\"@context\":\"https:\/\/schema.org\",\"@graph\":[{\"@type\":\"WebPage\",\"@id\":\"https:\/\/www.welovecycling.com\/pl\/2019\/11\/19\/jazda-na-rowerze-i-zdrowie-psychiczne-jak-sie-ze-soba-lacza\/\",\"url\":\"https:\/\/www.welovecycling.com\/pl\/2019\/11\/19\/jazda-na-rowerze-i-zdrowie-psychiczne-jak-sie-ze-soba-lacza\/\",\"name\":\"Jazda na rowerze i zdrowie psychiczne \u2013 jak si\u0119 ze sob\u0105 \u0142\u0105cz\u0105? - \u0160koda We Love Cycling - Poland\",\"isPartOf\":{\"@id\":\"https:\/\/www.welovecycling.com\/pl\/#website\"},\"primaryImageOfPage\":{\"@id\":\"https:\/\/www.welovecycling.com\/pl\/2019\/11\/19\/jazda-na-rowerze-i-zdrowie-psychiczne-jak-sie-ze-soba-lacza\/#primaryimage\"},\"image\":{\"@id\":\"https:\/\/www.welovecycling.com\/pl\/2019\/11\/19\/jazda-na-rowerze-i-zdrowie-psychiczne-jak-sie-ze-soba-lacza\/#primaryimage\"},\"thumbnailUrl\":\"https:\/\/d2p6e6u75xmxt8.cloudfront.net\/5\/2019\/11\/active-adventure-bicycle-pexels-1208777-CVR-1024x450.jpg\",\"datePublished\":\"2019-11-19T15:42:54+00:00\",\"author\":{\"@id\":\"https:\/\/www.welovecycling.com\/pl\/#\/schema\/person\/0dba2d39da943db9df3fd8f4687e7f23\"},\"breadcrumb\":{\"@id\":\"https:\/\/www.welovecycling.com\/pl\/2019\/11\/19\/jazda-na-rowerze-i-zdrowie-psychiczne-jak-sie-ze-soba-lacza\/#breadcrumb\"},\"inLanguage\":\"pl-PL\",\"potentialAction\":[{\"@type\":\"ReadAction\",\"target\":[\"https:\/\/www.welovecycling.com\/pl\/2019\/11\/19\/jazda-na-rowerze-i-zdrowie-psychiczne-jak-sie-ze-soba-lacza\/\"]}]},{\"@type\":\"ImageObject\",\"inLanguage\":\"pl-PL\",\"@id\":\"https:\/\/www.welovecycling.com\/pl\/2019\/11\/19\/jazda-na-rowerze-i-zdrowie-psychiczne-jak-sie-ze-soba-lacza\/#primaryimage\",\"url\":\"https:\/\/d2p6e6u75xmxt8.cloudfront.net\/5\/2019\/11\/active-adventure-bicycle-pexels-1208777-CVR-1024x450.jpg\",\"contentUrl\":\"https:\/\/d2p6e6u75xmxt8.cloudfront.net\/5\/2019\/11\/active-adventure-bicycle-pexels-1208777-CVR-1024x450.jpg\",\"width\":1024,\"height\":450},{\"@type\":\"BreadcrumbList\",\"@id\":\"https:\/\/www.welovecycling.com\/pl\/2019\/11\/19\/jazda-na-rowerze-i-zdrowie-psychiczne-jak-sie-ze-soba-lacza\/#breadcrumb\",\"itemListElement\":[{\"@type\":\"ListItem\",\"position\":1,\"name\":\"Home\",\"item\":\"https:\/\/www.welovecycling.com\/pl\/\"},{\"@type\":\"ListItem\",\"position\":2,\"name\":\"Jazda na rowerze i zdrowie psychiczne \u2013 jak si\u0119 ze sob\u0105 \u0142\u0105cz\u0105?\"}]},{\"@type\":\"WebSite\",\"@id\":\"https:\/\/www.welovecycling.com\/pl\/#website\",\"url\":\"https:\/\/www.welovecycling.com\/pl\/\",\"name\":\"\u0160koda We Love Cycling - Poland\",\"description\":\"\",\"potentialAction\":[{\"@type\":\"SearchAction\",\"target\":{\"@type\":\"EntryPoint\",\"urlTemplate\":\"https:\/\/www.welovecycling.com\/pl\/?s={search_term_string}\"},\"query-input\":{\"@type\":\"PropertyValueSpecification\",\"valueRequired\":true,\"valueName\":\"search_term_string\"}}],\"inLanguage\":\"pl-PL\"},{\"@type\":\"Person\",\"@id\":\"https:\/\/www.welovecycling.com\/pl\/#\/schema\/person\/0dba2d39da943db9df3fd8f4687e7f23\",\"name\":\"piotrboczkowski\",\"image\":{\"@type\":\"ImageObject\",\"inLanguage\":\"pl-PL\",\"@id\":\"https:\/\/www.welovecycling.com\/pl\/#\/schema\/person\/image\/\",\"url\":\"https:\/\/secure.gravatar.com\/avatar\/533caccae14752e03a2ce2d3fd62d1b98b93e1393c3195c27819e53344ca1ace?s=96&d=mm&r=g\",\"contentUrl\":\"https:\/\/secure.gravatar.com\/avatar\/533caccae14752e03a2ce2d3fd62d1b98b93e1393c3195c27819e53344ca1ace?s=96&d=mm&r=g\",\"caption\":\"piotrboczkowski\"},\"url\":\"https:\/\/www.welovecycling.com\/pl\/author\/piotrboczkowski\/\"}]}<\/script>\n<!-- \/ Yoast SEO Premium plugin. -->","yoast_head_json":{"title":"Jazda na rowerze i zdrowie psychiczne \u2013 jak si\u0119 ze sob\u0105 \u0142\u0105cz\u0105? - \u0160koda We Love Cycling - Poland","robots":{"index":"index","follow":"follow","max-snippet":"max-snippet:-1","max-image-preview":"max-image-preview:large","max-video-preview":"max-video-preview:-1"},"canonical":"https:\/\/www.welovecycling.com\/pl\/2019\/11\/19\/jazda-na-rowerze-i-zdrowie-psychiczne-jak-sie-ze-soba-lacza\/","og_locale":"pl_PL","og_type":"article","og_title":"Jazda na rowerze i zdrowie psychiczne \u2013 jak si\u0119 ze sob\u0105 \u0142\u0105cz\u0105?","og_description":"Du\u017co m\u00f3wimy o zaletach jazdy na rowerze i jest ich faktycznie sporo: poprawia og\u00f3ln\u0105 sprawno\u015b\u0107 fizyczn\u0105 i korzystnie wp\u0142ywa na [&hellip;]","og_url":"https:\/\/www.welovecycling.com\/pl\/2019\/11\/19\/jazda-na-rowerze-i-zdrowie-psychiczne-jak-sie-ze-soba-lacza\/","og_site_name":"\u0160koda We Love Cycling - Poland","article_published_time":"2019-11-19T15:42:54+00:00","og_image":[{"width":1024,"height":450,"url":"https:\/\/d2p6e6u75xmxt8.cloudfront.net\/5\/2019\/11\/active-adventure-bicycle-pexels-1208777-CVR-1024x450.jpg","type":"image\/jpeg"}],"author":"piotrboczkowski","twitter_card":"summary_large_image","twitter_misc":{"Written by":"Megan Flottorp","Est. reading time":"5"},"schema":{"@context":"https:\/\/schema.org","@graph":[{"@type":"WebPage","@id":"https:\/\/www.welovecycling.com\/pl\/2019\/11\/19\/jazda-na-rowerze-i-zdrowie-psychiczne-jak-sie-ze-soba-lacza\/","url":"https:\/\/www.welovecycling.com\/pl\/2019\/11\/19\/jazda-na-rowerze-i-zdrowie-psychiczne-jak-sie-ze-soba-lacza\/","name":"Jazda na rowerze i zdrowie psychiczne \u2013 jak si\u0119 ze sob\u0105 \u0142\u0105cz\u0105? - \u0160koda We Love Cycling - Poland","isPartOf":{"@id":"https:\/\/www.welovecycling.com\/pl\/#website"},"primaryImageOfPage":{"@id":"https:\/\/www.welovecycling.com\/pl\/2019\/11\/19\/jazda-na-rowerze-i-zdrowie-psychiczne-jak-sie-ze-soba-lacza\/#primaryimage"},"image":{"@id":"https:\/\/www.welovecycling.com\/pl\/2019\/11\/19\/jazda-na-rowerze-i-zdrowie-psychiczne-jak-sie-ze-soba-lacza\/#primaryimage"},"thumbnailUrl":"https:\/\/d2p6e6u75xmxt8.cloudfront.net\/5\/2019\/11\/active-adventure-bicycle-pexels-1208777-CVR-1024x450.jpg","datePublished":"2019-11-19T15:42:54+00:00","author":{"@id":"https:\/\/www.welovecycling.com\/pl\/#\/schema\/person\/0dba2d39da943db9df3fd8f4687e7f23"},"breadcrumb":{"@id":"https:\/\/www.welovecycling.com\/pl\/2019\/11\/19\/jazda-na-rowerze-i-zdrowie-psychiczne-jak-sie-ze-soba-lacza\/#breadcrumb"},"inLanguage":"pl-PL","potentialAction":[{"@type":"ReadAction","target":["https:\/\/www.welovecycling.com\/pl\/2019\/11\/19\/jazda-na-rowerze-i-zdrowie-psychiczne-jak-sie-ze-soba-lacza\/"]}]},{"@type":"ImageObject","inLanguage":"pl-PL","@id":"https:\/\/www.welovecycling.com\/pl\/2019\/11\/19\/jazda-na-rowerze-i-zdrowie-psychiczne-jak-sie-ze-soba-lacza\/#primaryimage","url":"https:\/\/d2p6e6u75xmxt8.cloudfront.net\/5\/2019\/11\/active-adventure-bicycle-pexels-1208777-CVR-1024x450.jpg","contentUrl":"https:\/\/d2p6e6u75xmxt8.cloudfront.net\/5\/2019\/11\/active-adventure-bicycle-pexels-1208777-CVR-1024x450.jpg","width":1024,"height":450},{"@type":"BreadcrumbList","@id":"https:\/\/www.welovecycling.com\/pl\/2019\/11\/19\/jazda-na-rowerze-i-zdrowie-psychiczne-jak-sie-ze-soba-lacza\/#breadcrumb","itemListElement":[{"@type":"ListItem","position":1,"name":"Home","item":"https:\/\/www.welovecycling.com\/pl\/"},{"@type":"ListItem","position":2,"name":"Jazda na rowerze i zdrowie psychiczne \u2013 jak si\u0119 ze sob\u0105 \u0142\u0105cz\u0105?"}]},{"@type":"WebSite","@id":"https:\/\/www.welovecycling.com\/pl\/#website","url":"https:\/\/www.welovecycling.com\/pl\/","name":"\u0160koda We Love Cycling - Poland","description":"","potentialAction":[{"@type":"SearchAction","target":{"@type":"EntryPoint","urlTemplate":"https:\/\/www.welovecycling.com\/pl\/?s={search_term_string}"},"query-input":{"@type":"PropertyValueSpecification","valueRequired":true,"valueName":"search_term_string"}}],"inLanguage":"pl-PL"},{"@type":"Person","@id":"https:\/\/www.welovecycling.com\/pl\/#\/schema\/person\/0dba2d39da943db9df3fd8f4687e7f23","name":"piotrboczkowski","image":{"@type":"ImageObject","inLanguage":"pl-PL","@id":"https:\/\/www.welovecycling.com\/pl\/#\/schema\/person\/image\/","url":"https:\/\/secure.gravatar.com\/avatar\/533caccae14752e03a2ce2d3fd62d1b98b93e1393c3195c27819e53344ca1ace?s=96&d=mm&r=g","contentUrl":"https:\/\/secure.gravatar.com\/avatar\/533caccae14752e03a2ce2d3fd62d1b98b93e1393c3195c27819e53344ca1ace?s=96&d=mm&r=g","caption":"piotrboczkowski"},"url":"https:\/\/www.welovecycling.com\/pl\/author\/piotrboczkowski\/"}]}},"_links":{"self":[{"href":"https:\/\/www.welovecycling.com\/pl\/wp-json\/wp\/v2\/posts\/9981","targetHints":{"allow":["GET"]}}],"collection":[{"href":"https:\/\/www.welovecycling.com\/pl\/wp-json\/wp\/v2\/posts"}],"about":[{"href":"https:\/\/www.welovecycling.com\/pl\/wp-json\/wp\/v2\/types\/post"}],"author":[{"embeddable":true,"href":"https:\/\/www.welovecycling.com\/pl\/wp-json\/wp\/v2\/users\/76"}],"replies":[{"embeddable":true,"href":"https:\/\/www.welovecycling.com\/pl\/wp-json\/wp\/v2\/comments?post=9981"}],"version-history":[{"count":1,"href":"https:\/\/www.welovecycling.com\/pl\/wp-json\/wp\/v2\/posts\/9981\/revisions"}],"predecessor-version":[{"id":9983,"href":"https:\/\/www.welovecycling.com\/pl\/wp-json\/wp\/v2\/posts\/9981\/revisions\/9983"}],"wp:featuredmedia":[{"embeddable":true,"href":"https:\/\/www.welovecycling.com\/pl\/wp-json\/wp\/v2\/media\/9982"}],"wp:attachment":[{"href":"https:\/\/www.welovecycling.com\/pl\/wp-json\/wp\/v2\/media?parent=9981"}],"wp:term":[{"taxonomy":"category","embeddable":true,"href":"https:\/\/www.welovecycling.com\/pl\/wp-json\/wp\/v2\/categories?post=9981"},{"taxonomy":"post_tag","embeddable":true,"href":"https:\/\/www.welovecycling.com\/pl\/wp-json\/wp\/v2\/tags?post=9981"},{"taxonomy":"global-categories","embeddable":true,"href":"https:\/\/www.welovecycling.com\/pl\/wp-json\/wp\/v2\/global-categories?post=9981"}],"curies":[{"name":"wp","href":"https:\/\/api.w.org\/{rel}","templated":true}]}}