{"id":9968,"date":"2019-11-15T15:19:44","date_gmt":"2019-11-15T15:19:44","guid":{"rendered":"https:\/\/www.welovecycling.com\/pl\/?p=9968"},"modified":"2019-11-17T22:20:53","modified_gmt":"2019-11-17T22:20:53","slug":"bartosz-huzarski-rowerem-o-zmroku","status":"publish","type":"post","link":"https:\/\/www.welovecycling.com\/pl\/2019\/11\/15\/bartosz-huzarski-rowerem-o-zmroku\/","title":{"rendered":"Bartosz Huzarski: Rowerem o zmroku"},"content":{"rendered":"<p><strong>W dobie coraz wi\u0119kszej dost\u0119pno\u015bci i r\u00f3\u017cnorodno\u015bci sprz\u0119tu oraz stroj\u00f3w kolarskich nie trzeba si\u0119 ogranicza\u0107 tylko do jazdy za dnia. Ale jak trenowa\u0107 o zmroku i noc\u0105, by co\u015b widzie\u0107 oraz \u2013 co jest du\u017co wa\u017cniejsze \u2013 by\u0107 widzianym? W\u0142a\u015bnie o tym w dzisiejszym materiale.\u00a0<\/strong><\/p>\n<p>Aktualnie \u015brodowisko jest podzielone na dwa obozy. Jeden uparcie twierdzi, \u017ce wszelkie inteligentne trena\u017cery spokojnie zast\u0119puj\u0105 i wype\u0142niaj\u0105 luk\u0119 po treningu w terenie. Druga za\u015b strona stawia odwa\u017cne tezy, \u017ce trenowa\u0107 mo\u017cna 24 godziny na dob\u0119. Jako zawodowy kolarz nigdy nie wyje\u017cd\u017ca\u0142em rowerem p\u00f3\u017ano wieczorem \u2013 z wielu wzgl\u0119d\u00f3w nie musia\u0142em, gdy\u017c zazwyczaj mia\u0142em ca\u0142y dzie\u0144 na zrobienie treningu. Ale po zako\u0144czeniu kariery, kiedy wbrew pozorom mam mniej czasu za dnia na realizacj\u0119 pasji, cz\u0119sto zdarza mi si\u0119 takie urozmaicenie. S\u0142owo tu u\u017cyte nie jest \u017cadnym przejaskrawieniem, gdy\u017c naprawd\u0119 wci\u0105gn\u0119\u0142a mnie jazda po ciemku.<\/p>\n<figure id=\"attachment_9972\" aria-describedby=\"caption-attachment-9972\" style=\"width: 1534px\" class=\"wp-caption aligncenter\"><img loading=\"lazy\" decoding=\"async\" class=\"wp-image-9972 size-full\" src=\"https:\/\/d2p6e6u75xmxt8.cloudfront.net\/5\/2019\/11\/DSC4983.jpg\" alt=\"\" width=\"1534\" height=\"1024\" srcset=\"https:\/\/d2p6e6u75xmxt8.cloudfront.net\/5\/2019\/11\/DSC4983.jpg 1534w, https:\/\/d2p6e6u75xmxt8.cloudfront.net\/5\/2019\/11\/DSC4983-300x200.jpg 300w, https:\/\/d2p6e6u75xmxt8.cloudfront.net\/5\/2019\/11\/DSC4983-768x513.jpg 768w, https:\/\/d2p6e6u75xmxt8.cloudfront.net\/5\/2019\/11\/DSC4983-1024x684.jpg 1024w, https:\/\/d2p6e6u75xmxt8.cloudfront.net\/5\/2019\/11\/DSC4983-272x182.jpg 272w\" sizes=\"auto, (max-width: 1534px) 100vw, 1534px\" \/><figcaption id=\"caption-attachment-9972\" class=\"wp-caption-text\">\u00a9Fotoprzerzutka.pl<\/figcaption><\/figure>\n<p>Co i jak pogodzi\u0107, by by\u0142o to bezpieczne dla nas samych, ale r\u00f3wnie\u017c dla innych uczestnik\u00f3w dr\u00f3g? Najgorsza pora na przebywanie w ruchu otwartym to zmierzch, kiedy s\u0142o\u0144ce chowa si\u0119 za horyzont i dzie\u0144 powoli przechodzi w noc. Tak zwana szar\u00f3wka, po\u0142\u0105czona z najwi\u0119kszym nat\u0119\u017ceniem ruchu, wyst\u0119puj\u0105cym w godzinach 16:00\u201316:30, to zdecydowanie najbardziej niebezpieczna pora dnia. Wtedy wi\u0119kszo\u015b\u0107 z uczestnik\u00f3w dr\u00f3g publicznych spieszy si\u0119 po pracy do domu, ludzie s\u0105 zm\u0119czeni i rozkojarzeni. Do tego na drodze jest szaro, czasem o\u015blepia s\u0142o\u0144ce chyl\u0105ce si\u0119 ku zachodowi, wszystko wydaje si\u0119 jakie\u015b takie zamazane i ma\u0142o widoczne. I to w\u0142a\u015bnie wtedy rowerzy\u015bci powinni by\u0107 szczeg\u00f3lnie ostro\u017cni \u2013 z oczami dooko\u0142a g\u0142owy. To jest ten moment, kiedy musimy jeszcze bardziej zadba\u0107 o nasz\u0105 widoczno\u015b\u0107. Za dnia nie potrzeba wiele, jasna kurtka i mo\u017ce jaka\u015b lampka wystarczy. Ale na prze\u0142omie dnia i nocy u\u017cywajmy zawsze o\u015bwietlenia. Z do\u015bwiadczenia wiem, \u017ce \u015bwiat\u0142o pulsacyjne jest du\u017co lepiej widoczne z du\u017cej odleg\u0142o\u015bci, zar\u00f3wno przednie bia\u0142e, jak i tylne czerwone. Zmie\u0144my wi\u0119c ustawienia w naszych lampkach a\u017c do momentu, kiedy to my b\u0119dziemy potrzebowali \u015bwiat\u0142a ci\u0105g\u0142ego, by do\u015bwietli\u0107 drog\u0119 przed nami. Ja osobi\u015bcie cz\u0119sto stosuj\u0119 dwie lampy przednie, ale ja je\u017cd\u017c\u0119 g\u0142\u00f3wnie w terenie, a dr\u00f3g asfaltowych u\u017cywam tylko na przejazd przez miasto. Ale i na szosie podw\u00f3jne o\u015bwietlenie przednie zda egzamin \u2013 jedna lampka pulsuj\u0105ca, druga \u015bwi\u0119c\u0105ca \u015bwiat\u0142em ci\u0105g\u0142ym bezpo\u015brednio pod ko\u0142o roweru. Pami\u0119tajcie te\u017c o rzeczy niezmiernie wa\u017cnej \u2013 przed ka\u017cdym wyjazdem w tras\u0119, maj\u0105c w planie powr\u00f3t po zmroku, \u0142adujcie wasze rowerowe lampki. Odblaskowe cz\u0119\u015bci roweru lub stroju, wszelkie elementy wp\u0142ywaj\u0105ce na nasz\u0105 widoczno\u015b\u0107, a co za tym idzie \u2013 bezpiecze\u0144stwo \u2013 s\u0105 niezwykle istotne.<\/p>\n<figure id=\"attachment_9973\" aria-describedby=\"caption-attachment-9973\" style=\"width: 1534px\" class=\"wp-caption aligncenter\"><img loading=\"lazy\" decoding=\"async\" class=\"wp-image-9973 size-full\" src=\"https:\/\/d2p6e6u75xmxt8.cloudfront.net\/5\/2019\/11\/DSC5026.jpg\" alt=\"\" width=\"1534\" height=\"1024\" srcset=\"https:\/\/d2p6e6u75xmxt8.cloudfront.net\/5\/2019\/11\/DSC5026.jpg 1534w, https:\/\/d2p6e6u75xmxt8.cloudfront.net\/5\/2019\/11\/DSC5026-300x200.jpg 300w, https:\/\/d2p6e6u75xmxt8.cloudfront.net\/5\/2019\/11\/DSC5026-768x513.jpg 768w, https:\/\/d2p6e6u75xmxt8.cloudfront.net\/5\/2019\/11\/DSC5026-1024x684.jpg 1024w, https:\/\/d2p6e6u75xmxt8.cloudfront.net\/5\/2019\/11\/DSC5026-272x182.jpg 272w\" sizes=\"auto, (max-width: 1534px) 100vw, 1534px\" \/><figcaption id=\"caption-attachment-9973\" class=\"wp-caption-text\">\u00a9Fotoprzerzutka.pl<\/figcaption><\/figure>\n<p>Rower w terenie to inna sprawa ni\u017c na szosie. Tutaj musimy si\u0119 ju\u017c martwi\u0107 tylko o siebie i swoje bezpiecze\u0144stwo. Korzenie, kamienie, li\u015bcie i dziury to najwi\u0119ksze przeszkody, na jakie mo\u017cemy si\u0119 nagle natkn\u0105\u0107. Ale z drugiej strony noc\u0105 w terenie je\u017adzimy jednak du\u017co wolniej, las zmienia si\u0119, rzeczy oczywiste i znane staj\u0105 si\u0119 zagadkowe i cz\u0119sto odkrywane na nowo. Jazda przez las noc\u0105 przy odrobinie oleju w g\u0142owie mo\u017ce da\u0107 bardzo, ale to bardzo du\u017co frajdy. Jak ju\u017c spr\u00f3bujecie, zobaczycie, jaki to \u015bwietny trening dla naszych zmys\u0142\u00f3w wzroku, s\u0142uchu oraz r\u00f3wnowagi. Tylko dla bezpiecze\u0144stwa nie r\u00f3bcie takich nocnych wypad\u00f3w sami. Na jazd\u0119 po zmroku w terenie warto doposa\u017cy\u0107 si\u0119 w czo\u0142\u00f3wk\u0119 mocowan\u0105 do kasku, wtedy jeden strumie\u0144 \u015bwiat\u0142a b\u0119dzie pod\u0105\u017ca\u0142 za naszym wzrokiem, pozosta\u0142e o\u015bwietl\u0105 drog\u0119. To dobra opcja, kt\u00f3r\u0105 sam stosuj\u0119 i jestem zadowolony.<\/p>\n<div id='gallery-1' class='gallery galleryid-9968 gallery-columns-2 gallery-size-full'><figure class='gallery-item'>\n\t\t\t<div class='gallery-icon landscape'>\n\t\t\t\t<a href='https:\/\/d2p6e6u75xmxt8.cloudfront.net\/5\/2019\/11\/giphy1980873854.gif'><img loading=\"lazy\" decoding=\"async\" width=\"320\" height=\"320\" src=\"https:\/\/d2p6e6u75xmxt8.cloudfront.net\/5\/2019\/11\/giphy1980873854.gif\" class=\"attachment-full size-full\" alt=\"\" \/><\/a>\n\t\t\t<\/div><\/figure><figure class='gallery-item'>\n\t\t\t<div class='gallery-icon landscape'>\n\t\t\t\t<a href='https:\/\/d2p6e6u75xmxt8.cloudfront.net\/5\/2019\/11\/giphy830890398.gif'><img loading=\"lazy\" decoding=\"async\" width=\"320\" height=\"320\" src=\"https:\/\/d2p6e6u75xmxt8.cloudfront.net\/5\/2019\/11\/giphy830890398.gif\" class=\"attachment-full size-full\" alt=\"\" \/><\/a>\n\t\t\t<\/div><\/figure>\n\t\t<\/div>\n\n<p>&nbsp;<\/p>\n<p>Zdarze\u0144 drogowych z udzia\u0142em rowerzyst\u00f3w jest coraz wi\u0119cej. Szybciej zapadaj\u0105cy zmrok bez dw\u00f3ch zda\u0144 mo\u017ce mie\u0107 na to wp\u0142yw. Ale z drugiej strony, tak jak pisa\u0142em wcze\u015bniej, po ciemku jeste\u015bmy przy dobrym o\u015bwietleniu doskonale widoczni z daleka. Migaj\u0105ce bia\u0142e \u015bwiat\u0142o du\u017co wy\u017cej ni\u017c standardowy reflektor samochodu wyzwala w kierowcach ciekawo\u015b\u0107, a ta automatycznie ka\u017ce troch\u0119 zwolni\u0107, by zapozna\u0107 si\u0119 z tym \u201edziwnym zjawiskiem\u201d. Najgorzej, gdy dzie\u0144 zamienia si\u0119 w noc. To ten okres oko\u0142o 30 minut, kiedy trzeba by\u0107 bardzo dobrze o\u015bwietlonym i widocznym. Warto te\u017c zainwestowa\u0107 w radar, kt\u00f3ry na ekranie komputerka b\u0119dzie wy\u015bwietla\u0142 alert o nadje\u017cd\u017caj\u0105cym z ty\u0142u samochodzie.<\/p>\n<p>Nie oszcz\u0119dzajcie na bezpiecze\u0144stwie i korzystajcie z dnia i nocy, by peda\u0142owa\u0107 na powietrzu. P\u00f3ki nie ma siarczystych mroz\u00f3w, da si\u0119 w miar\u0119 zdrowo oddycha\u0107, a przy okazji mo\u017cna si\u0119 bardzo fajnie pobawi\u0107. Stali mieszka\u0144cy lasu podkr\u0119caj\u0105 potencjometr stresu. Gdy raz z prawej, a raz z lewej strony szele\u015bci co\u015b w krzakach, serce bije szybciej, wi\u0119c ci\u0119\u017cko przy tym zmarzn\u0105\u0107.<\/p>\n<p>&nbsp;<\/p>\n<p>Rozwaga i koncentracja, dobre o\u015bwietlenie i w\u0142a\u015bciwe wyregulowanie lampek wzgl\u0119dem poziomu drogi, a tak\u017ce odpowiednie stroje wyposa\u017cone w odblaski zapewni\u0105 nam wi\u0119ksze bezpiecze\u0144stwo. Nie namawiam nikogo na trenowanie noc\u0105, ale z rozm\u00f3w ze znajomymi wiem, \u017ce niejednokrotnie na drodze czuj\u0105 si\u0119 du\u017co bardziej komfortowo i bezpiecznie wieczorow\u0105 por\u0105 ni\u017c za dnia. Ja r\u00f3wnie\u017c, cho\u0107 mieszkam w bardzo spokojnej okolicy, mam podobne zdanie. Trzeba si\u0119 tylko prze\u0142ama\u0107 i przyzwyczai\u0107 do niestandardowych godzin wsiadania na rower, zabezpieczy\u0107 w porz\u0105dne o\u015bwietlenie i dobre stroje.<\/p>\n<p>Zdj\u0119cia: \u00a9Fotoprzerzutka.pl<\/p>\n<style type=\"text\/css\"><!--td {border: 1px solid #ccc;}br {mso-data-placement:same-cell;}--><\/style>\n<p><span data-sheets-value=\"{&quot;1&quot;:2,&quot;2&quot;:&quot;Artyku\u0142 powsta\u0142 we wsp\u00f3\u0142pracy ze skoda-auto.pl&quot;}\" data-sheets-userformat=\"{&quot;2&quot;:1,&quot;3&quot;:{&quot;1&quot;:0}}\"><a class=\"in-cell-link\" href=\"http:\/\/www.skoda-auto.pl\/\" target=\"_blank\" rel=\"noopener\">Artyku\u0142 powsta\u0142 we wsp\u00f3\u0142pracy ze skoda-auto.pl<\/a><\/span><\/p>\n<p><img loading=\"lazy\" decoding=\"async\" class=\"size-full wp-image-9608 alignnone\" src=\"https:\/\/d2p6e6u75xmxt8.cloudfront.net\/5\/2019\/08\/baner_WLC_640x350_3.png\" alt=\"\" width=\"640\" height=\"350\" srcset=\"https:\/\/d2p6e6u75xmxt8.cloudfront.net\/5\/2019\/08\/baner_WLC_640x350_3.png 640w, https:\/\/d2p6e6u75xmxt8.cloudfront.net\/5\/2019\/08\/baner_WLC_640x350_3-300x164.png 300w\" sizes=\"auto, (max-width: 640px) 100vw, 640px\" \/><\/p>\n","protected":false},"excerpt":{"rendered":"<p>W dobie coraz wi\u0119kszej dost\u0119pno\u015bci i r\u00f3\u017cnorodno\u015bci sprz\u0119tu oraz stroj\u00f3w kolarskich nie trzeba si\u0119 ogranicza\u0107 tylko do jazdy za dnia. [&hellip;]<\/p>\n","protected":false},"author":76,"featured_media":9971,"comment_status":"open","ping_status":"open","sticky":false,"template":"","format":"standard","meta":{"footnotes":""},"categories":[203,7],"tags":[],"global-categories":[303],"class_list":["post-9968","post","type-post","status-publish","format-standard","has-post-thumbnail","hentry","category-bartosz-huzarski","category-bezpieczenstwo","global-categories-cycling"],"yoast_head":"<!-- This site is optimized with the Yoast SEO Premium plugin v25.3 (Yoast SEO v25.9) - https:\/\/yoast.com\/wordpress\/plugins\/seo\/ -->\n<title>Bartosz Huzarski: Rowerem o zmroku - \u0160koda We Love Cycling - Poland<\/title>\n<meta name=\"robots\" content=\"index, follow, max-snippet:-1, max-image-preview:large, max-video-preview:-1\" \/>\n<link rel=\"canonical\" href=\"https:\/\/www.welovecycling.com\/pl\/2019\/11\/15\/bartosz-huzarski-rowerem-o-zmroku\/\" \/>\n<meta property=\"og:locale\" content=\"pl_PL\" \/>\n<meta property=\"og:type\" content=\"article\" \/>\n<meta property=\"og:title\" content=\"Bartosz Huzarski: Rowerem o zmroku\" \/>\n<meta property=\"og:description\" content=\"W dobie coraz wi\u0119kszej dost\u0119pno\u015bci i r\u00f3\u017cnorodno\u015bci sprz\u0119tu oraz stroj\u00f3w kolarskich nie trzeba si\u0119 ogranicza\u0107 tylko do jazdy za dnia. [&hellip;]\" \/>\n<meta property=\"og:url\" content=\"https:\/\/www.welovecycling.com\/pl\/2019\/11\/15\/bartosz-huzarski-rowerem-o-zmroku\/\" \/>\n<meta property=\"og:site_name\" content=\"\u0160koda We Love Cycling - Poland\" \/>\n<meta property=\"article:published_time\" content=\"2019-11-15T15:19:44+00:00\" \/>\n<meta property=\"article:modified_time\" content=\"2019-11-17T22:20:53+00:00\" \/>\n<meta property=\"og:image\" content=\"https:\/\/d2p6e6u75xmxt8.cloudfront.net\/5\/2019\/11\/DSC4902.jpg\" \/>\n\t<meta property=\"og:image:width\" content=\"1534\" \/>\n\t<meta property=\"og:image:height\" content=\"1024\" \/>\n\t<meta property=\"og:image:type\" content=\"image\/jpeg\" \/>\n<meta name=\"author\" content=\"piotrboczkowski\" \/>\n<meta name=\"twitter:card\" content=\"summary_large_image\" \/>\n<meta name=\"twitter:label1\" content=\"Written by\" \/>\n\t<meta name=\"twitter:data1\" content=\"Bartosz Huzarski\" \/>\n\t<meta name=\"twitter:label2\" content=\"Est. reading time\" \/>\n\t<meta name=\"twitter:data2\" content=\"5 minutes\" \/>\n<script type=\"application\/ld+json\" class=\"yoast-schema-graph\">{\"@context\":\"https:\/\/schema.org\",\"@graph\":[{\"@type\":\"WebPage\",\"@id\":\"https:\/\/www.welovecycling.com\/pl\/2019\/11\/15\/bartosz-huzarski-rowerem-o-zmroku\/\",\"url\":\"https:\/\/www.welovecycling.com\/pl\/2019\/11\/15\/bartosz-huzarski-rowerem-o-zmroku\/\",\"name\":\"Bartosz Huzarski: Rowerem o zmroku - \u0160koda We Love Cycling - Poland\",\"isPartOf\":{\"@id\":\"https:\/\/www.welovecycling.com\/pl\/#website\"},\"primaryImageOfPage\":{\"@id\":\"https:\/\/www.welovecycling.com\/pl\/2019\/11\/15\/bartosz-huzarski-rowerem-o-zmroku\/#primaryimage\"},\"image\":{\"@id\":\"https:\/\/www.welovecycling.com\/pl\/2019\/11\/15\/bartosz-huzarski-rowerem-o-zmroku\/#primaryimage\"},\"thumbnailUrl\":\"https:\/\/d2p6e6u75xmxt8.cloudfront.net\/5\/2019\/11\/DSC4902.jpg\",\"datePublished\":\"2019-11-15T15:19:44+00:00\",\"dateModified\":\"2019-11-17T22:20:53+00:00\",\"author\":{\"@id\":\"https:\/\/www.welovecycling.com\/pl\/#\/schema\/person\/0dba2d39da943db9df3fd8f4687e7f23\"},\"breadcrumb\":{\"@id\":\"https:\/\/www.welovecycling.com\/pl\/2019\/11\/15\/bartosz-huzarski-rowerem-o-zmroku\/#breadcrumb\"},\"inLanguage\":\"pl-PL\",\"potentialAction\":[{\"@type\":\"ReadAction\",\"target\":[\"https:\/\/www.welovecycling.com\/pl\/2019\/11\/15\/bartosz-huzarski-rowerem-o-zmroku\/\"]}]},{\"@type\":\"ImageObject\",\"inLanguage\":\"pl-PL\",\"@id\":\"https:\/\/www.welovecycling.com\/pl\/2019\/11\/15\/bartosz-huzarski-rowerem-o-zmroku\/#primaryimage\",\"url\":\"https:\/\/d2p6e6u75xmxt8.cloudfront.net\/5\/2019\/11\/DSC4902.jpg\",\"contentUrl\":\"https:\/\/d2p6e6u75xmxt8.cloudfront.net\/5\/2019\/11\/DSC4902.jpg\",\"width\":1534,\"height\":1024},{\"@type\":\"BreadcrumbList\",\"@id\":\"https:\/\/www.welovecycling.com\/pl\/2019\/11\/15\/bartosz-huzarski-rowerem-o-zmroku\/#breadcrumb\",\"itemListElement\":[{\"@type\":\"ListItem\",\"position\":1,\"name\":\"Home\",\"item\":\"https:\/\/www.welovecycling.com\/pl\/\"},{\"@type\":\"ListItem\",\"position\":2,\"name\":\"Bartosz Huzarski: Rowerem o zmroku\"}]},{\"@type\":\"WebSite\",\"@id\":\"https:\/\/www.welovecycling.com\/pl\/#website\",\"url\":\"https:\/\/www.welovecycling.com\/pl\/\",\"name\":\"\u0160koda We Love Cycling - Poland\",\"description\":\"\",\"potentialAction\":[{\"@type\":\"SearchAction\",\"target\":{\"@type\":\"EntryPoint\",\"urlTemplate\":\"https:\/\/www.welovecycling.com\/pl\/?s={search_term_string}\"},\"query-input\":{\"@type\":\"PropertyValueSpecification\",\"valueRequired\":true,\"valueName\":\"search_term_string\"}}],\"inLanguage\":\"pl-PL\"},{\"@type\":\"Person\",\"@id\":\"https:\/\/www.welovecycling.com\/pl\/#\/schema\/person\/0dba2d39da943db9df3fd8f4687e7f23\",\"name\":\"piotrboczkowski\",\"image\":{\"@type\":\"ImageObject\",\"inLanguage\":\"pl-PL\",\"@id\":\"https:\/\/www.welovecycling.com\/pl\/#\/schema\/person\/image\/\",\"url\":\"https:\/\/secure.gravatar.com\/avatar\/533caccae14752e03a2ce2d3fd62d1b98b93e1393c3195c27819e53344ca1ace?s=96&d=mm&r=g\",\"contentUrl\":\"https:\/\/secure.gravatar.com\/avatar\/533caccae14752e03a2ce2d3fd62d1b98b93e1393c3195c27819e53344ca1ace?s=96&d=mm&r=g\",\"caption\":\"piotrboczkowski\"},\"url\":\"https:\/\/www.welovecycling.com\/pl\/author\/piotrboczkowski\/\"}]}<\/script>\n<!-- \/ Yoast SEO Premium plugin. -->","yoast_head_json":{"title":"Bartosz Huzarski: Rowerem o zmroku - \u0160koda We Love Cycling - Poland","robots":{"index":"index","follow":"follow","max-snippet":"max-snippet:-1","max-image-preview":"max-image-preview:large","max-video-preview":"max-video-preview:-1"},"canonical":"https:\/\/www.welovecycling.com\/pl\/2019\/11\/15\/bartosz-huzarski-rowerem-o-zmroku\/","og_locale":"pl_PL","og_type":"article","og_title":"Bartosz Huzarski: Rowerem o zmroku","og_description":"W dobie coraz wi\u0119kszej dost\u0119pno\u015bci i r\u00f3\u017cnorodno\u015bci sprz\u0119tu oraz stroj\u00f3w kolarskich nie trzeba si\u0119 ogranicza\u0107 tylko do jazdy za dnia. [&hellip;]","og_url":"https:\/\/www.welovecycling.com\/pl\/2019\/11\/15\/bartosz-huzarski-rowerem-o-zmroku\/","og_site_name":"\u0160koda We Love Cycling - Poland","article_published_time":"2019-11-15T15:19:44+00:00","article_modified_time":"2019-11-17T22:20:53+00:00","og_image":[{"width":1534,"height":1024,"url":"https:\/\/d2p6e6u75xmxt8.cloudfront.net\/5\/2019\/11\/DSC4902.jpg","type":"image\/jpeg"}],"author":"piotrboczkowski","twitter_card":"summary_large_image","twitter_misc":{"Written by":"Bartosz Huzarski","Est. reading time":"5 minutes"},"schema":{"@context":"https:\/\/schema.org","@graph":[{"@type":"WebPage","@id":"https:\/\/www.welovecycling.com\/pl\/2019\/11\/15\/bartosz-huzarski-rowerem-o-zmroku\/","url":"https:\/\/www.welovecycling.com\/pl\/2019\/11\/15\/bartosz-huzarski-rowerem-o-zmroku\/","name":"Bartosz Huzarski: Rowerem o zmroku - \u0160koda We Love Cycling - Poland","isPartOf":{"@id":"https:\/\/www.welovecycling.com\/pl\/#website"},"primaryImageOfPage":{"@id":"https:\/\/www.welovecycling.com\/pl\/2019\/11\/15\/bartosz-huzarski-rowerem-o-zmroku\/#primaryimage"},"image":{"@id":"https:\/\/www.welovecycling.com\/pl\/2019\/11\/15\/bartosz-huzarski-rowerem-o-zmroku\/#primaryimage"},"thumbnailUrl":"https:\/\/d2p6e6u75xmxt8.cloudfront.net\/5\/2019\/11\/DSC4902.jpg","datePublished":"2019-11-15T15:19:44+00:00","dateModified":"2019-11-17T22:20:53+00:00","author":{"@id":"https:\/\/www.welovecycling.com\/pl\/#\/schema\/person\/0dba2d39da943db9df3fd8f4687e7f23"},"breadcrumb":{"@id":"https:\/\/www.welovecycling.com\/pl\/2019\/11\/15\/bartosz-huzarski-rowerem-o-zmroku\/#breadcrumb"},"inLanguage":"pl-PL","potentialAction":[{"@type":"ReadAction","target":["https:\/\/www.welovecycling.com\/pl\/2019\/11\/15\/bartosz-huzarski-rowerem-o-zmroku\/"]}]},{"@type":"ImageObject","inLanguage":"pl-PL","@id":"https:\/\/www.welovecycling.com\/pl\/2019\/11\/15\/bartosz-huzarski-rowerem-o-zmroku\/#primaryimage","url":"https:\/\/d2p6e6u75xmxt8.cloudfront.net\/5\/2019\/11\/DSC4902.jpg","contentUrl":"https:\/\/d2p6e6u75xmxt8.cloudfront.net\/5\/2019\/11\/DSC4902.jpg","width":1534,"height":1024},{"@type":"BreadcrumbList","@id":"https:\/\/www.welovecycling.com\/pl\/2019\/11\/15\/bartosz-huzarski-rowerem-o-zmroku\/#breadcrumb","itemListElement":[{"@type":"ListItem","position":1,"name":"Home","item":"https:\/\/www.welovecycling.com\/pl\/"},{"@type":"ListItem","position":2,"name":"Bartosz Huzarski: Rowerem o zmroku"}]},{"@type":"WebSite","@id":"https:\/\/www.welovecycling.com\/pl\/#website","url":"https:\/\/www.welovecycling.com\/pl\/","name":"\u0160koda We Love Cycling - Poland","description":"","potentialAction":[{"@type":"SearchAction","target":{"@type":"EntryPoint","urlTemplate":"https:\/\/www.welovecycling.com\/pl\/?s={search_term_string}"},"query-input":{"@type":"PropertyValueSpecification","valueRequired":true,"valueName":"search_term_string"}}],"inLanguage":"pl-PL"},{"@type":"Person","@id":"https:\/\/www.welovecycling.com\/pl\/#\/schema\/person\/0dba2d39da943db9df3fd8f4687e7f23","name":"piotrboczkowski","image":{"@type":"ImageObject","inLanguage":"pl-PL","@id":"https:\/\/www.welovecycling.com\/pl\/#\/schema\/person\/image\/","url":"https:\/\/secure.gravatar.com\/avatar\/533caccae14752e03a2ce2d3fd62d1b98b93e1393c3195c27819e53344ca1ace?s=96&d=mm&r=g","contentUrl":"https:\/\/secure.gravatar.com\/avatar\/533caccae14752e03a2ce2d3fd62d1b98b93e1393c3195c27819e53344ca1ace?s=96&d=mm&r=g","caption":"piotrboczkowski"},"url":"https:\/\/www.welovecycling.com\/pl\/author\/piotrboczkowski\/"}]}},"_links":{"self":[{"href":"https:\/\/www.welovecycling.com\/pl\/wp-json\/wp\/v2\/posts\/9968","targetHints":{"allow":["GET"]}}],"collection":[{"href":"https:\/\/www.welovecycling.com\/pl\/wp-json\/wp\/v2\/posts"}],"about":[{"href":"https:\/\/www.welovecycling.com\/pl\/wp-json\/wp\/v2\/types\/post"}],"author":[{"embeddable":true,"href":"https:\/\/www.welovecycling.com\/pl\/wp-json\/wp\/v2\/users\/76"}],"replies":[{"embeddable":true,"href":"https:\/\/www.welovecycling.com\/pl\/wp-json\/wp\/v2\/comments?post=9968"}],"version-history":[{"count":2,"href":"https:\/\/www.welovecycling.com\/pl\/wp-json\/wp\/v2\/posts\/9968\/revisions"}],"predecessor-version":[{"id":9977,"href":"https:\/\/www.welovecycling.com\/pl\/wp-json\/wp\/v2\/posts\/9968\/revisions\/9977"}],"wp:featuredmedia":[{"embeddable":true,"href":"https:\/\/www.welovecycling.com\/pl\/wp-json\/wp\/v2\/media\/9971"}],"wp:attachment":[{"href":"https:\/\/www.welovecycling.com\/pl\/wp-json\/wp\/v2\/media?parent=9968"}],"wp:term":[{"taxonomy":"category","embeddable":true,"href":"https:\/\/www.welovecycling.com\/pl\/wp-json\/wp\/v2\/categories?post=9968"},{"taxonomy":"post_tag","embeddable":true,"href":"https:\/\/www.welovecycling.com\/pl\/wp-json\/wp\/v2\/tags?post=9968"},{"taxonomy":"global-categories","embeddable":true,"href":"https:\/\/www.welovecycling.com\/pl\/wp-json\/wp\/v2\/global-categories?post=9968"}],"curies":[{"name":"wp","href":"https:\/\/api.w.org\/{rel}","templated":true}]}}