{"id":9961,"date":"2019-11-14T17:44:46","date_gmt":"2019-11-14T17:44:46","guid":{"rendered":"https:\/\/www.welovecycling.com\/pl\/?p=9961"},"modified":"2019-11-15T07:58:57","modified_gmt":"2019-11-15T07:58:57","slug":"13-zdan-ktore-uslyszysz-tylko-od-rowerzystow","status":"publish","type":"post","link":"https:\/\/www.welovecycling.com\/pl\/2019\/11\/14\/13-zdan-ktore-uslyszysz-tylko-od-rowerzystow\/","title":{"rendered":"13 zda\u0144, kt\u00f3re us\u0142yszysz tylko od rowerzyst\u00f3w"},"content":{"rendered":"<p><strong>Z ust rowerzyst\u00f3w padaj\u0105 czasami dziwne stwierdzenia. Wybrali\u015bmy kilkana\u015bcie takich, kt\u00f3re wypowiedzia\u0142by lub w pe\u0142ni zrozumia\u0142 tylko fan kolarstwa.<\/strong><\/p>\n<p>&nbsp;<\/p>\n<ol>\n<li>\n<h4>Przez ca\u0142\u0105 drog\u0119 niepokoi\u0142y mnie dziwne odg\u0142osy dochodz\u0105ce z suportu.<\/h4>\n<\/li>\n<li>\n<h4>Cierpia\u0142em przez wiele godzin, ale ostatnie pi\u0119\u0107 minut zrobi\u0142o mi dzie\u0144.<\/h4>\n<\/li>\n<li>\n<h4>Przeja\u017cd\u017cka trwaj\u0105ca p\u00f3\u0142 dnia sprawia, \u017ce \u200b\u200bczuj\u0119 si\u0119 mniej winny, kiedy jem deser przed obiadem.<\/h4>\n<\/li>\n<li>\n<h4>Czy pr\u00f3bowa\u0142e\u015b ju\u017c nowego \u017celu energetycznego o smaku \u015bwierku? Jest bardzo smaczny!<\/h4>\n<\/li>\n<li>\n<h4>Zwykle budz\u0119 si\u0119 o 4:30, aby mie\u0107 czas na kr\u00f3tk\u0105, 80-kilometrow\u0105 przeja\u017cd\u017ck\u0119, zanim udam si\u0119 do pracy.<\/h4>\n<\/li>\n<li>\n<h4>Odchudzi\u0142em sw\u00f3j rower o 15 gram\u00f3w za jedyne 490 euro, zast\u0119puj\u0105c baranka tymi pi\u0119knymi cz\u0119\u015bciami z w\u0142\u00f3kna w\u0119glowego pochodz\u0105cymi z Niemiec!<\/h4>\n<\/li>\n<li>\n<h4>Kochanie, czy mog\u0142aby\u015b pot\u0119skni\u0107 za mn\u0105 przez tydzie\u0144? Rozmawia\u0142em z kumplami o tym, \u017ce powinni\u015bmy zorganizowa\u0107 wycieczk\u0119 rowerow\u0105 do Gda\u0144ska i z powrotem.<\/h4>\n<\/li>\n<li>\n<h4>Daleki jestem od posiadania zbyt wielu rower\u00f3w. W gara\u017cu mam tylko rower szosowy, oldskulowy z W\u0142och, do dojazd\u00f3w do pracy i g\u00f3rski.<\/h4>\n<\/li>\n<li>\n<h4>Chusteczki nie s\u0105 mi potrzebne, mog\u0119 wydmucha\u0107 nos go\u0142ymi r\u0119kami.<\/h4>\n<\/li>\n<li>\n<h4>Kochanie, czy mo\u017cesz zabra\u0107 naszego psa nad morze samochodem? Dojad\u0119 do Was troch\u0119 p\u00f3\u017aniej rowerem.<\/h4>\n<\/li>\n<li>\n<h4>W\u0142a\u015bnie sprawdzam, czy baga\u017cnik samochodowy pomie\u015bci wszystkie moje rowery.<\/h4>\n<\/li>\n<li>\n<h4>Co jest nie tak z pomys\u0142em wsp\u00f3lnego zwiedzania Berlina na rowerach?<\/h4>\n<\/li>\n<li>\n<h4>Ch\u0142opaki, to jest ju\u017c moje ostatnie piwo, bo musz\u0119 wsta\u0107 o 6:00 rano, \u017ceby si\u0119 przejecha\u0107.<\/h4>\n<\/li>\n<\/ol>\n<p>&nbsp;<\/p>\n<style type=\"text\/css\"><!--td {border: 1px solid #ccc;}br {mso-data-placement:same-cell;}--><\/style>\n<p><span data-sheets-value=\"{&quot;1&quot;:2,&quot;2&quot;:&quot;Artyku\u0142 powsta\u0142 we wsp\u00f3\u0142pracy ze skoda-auto.pl&quot;}\" data-sheets-userformat=\"{&quot;2&quot;:1,&quot;3&quot;:{&quot;1&quot;:0}}\"><a class=\"in-cell-link\" href=\"http:\/\/www.skoda-auto.pl\/\" target=\"_blank\" rel=\"noopener\">Artyku\u0142 powsta\u0142 we wsp\u00f3\u0142pracy ze skoda-auto.pl<\/a><\/span><\/p>\n<p><img loading=\"lazy\" decoding=\"async\" class=\"size-full wp-image-9614 alignleft\" src=\"https:\/\/d2p6e6u75xmxt8.cloudfront.net\/5\/2019\/06\/0aea037f-0313-431e-8895-743781c08721.jpg\" alt=\"\" width=\"640\" height=\"300\" srcset=\"https:\/\/d2p6e6u75xmxt8.cloudfront.net\/5\/2019\/06\/0aea037f-0313-431e-8895-743781c08721.jpg 640w, https:\/\/d2p6e6u75xmxt8.cloudfront.net\/5\/2019\/06\/0aea037f-0313-431e-8895-743781c08721-300x141.jpg 300w\" sizes=\"auto, (max-width: 640px) 100vw, 640px\" \/><\/p>\n<p>&nbsp;<\/p>\n<p>&nbsp;<\/p>\n","protected":false},"excerpt":{"rendered":"<p>Z ust rowerzyst\u00f3w padaj\u0105 czasami dziwne stwierdzenia. Wybrali\u015bmy kilkana\u015bcie takich, kt\u00f3re wypowiedzia\u0142by lub w pe\u0142ni zrozumia\u0142 tylko fan kolarstwa. &nbsp; [&hellip;]<\/p>\n","protected":false},"author":76,"featured_media":9962,"comment_status":"open","ping_status":"open","sticky":false,"template":"","format":"standard","meta":{"footnotes":""},"categories":[226],"tags":[],"global-categories":[303],"class_list":["post-9961","post","type-post","status-publish","format-standard","has-post-thumbnail","hentry","category-ciekawostki","global-categories-cycling"],"yoast_head":"<!-- This site is optimized with the Yoast SEO Premium plugin v25.3 (Yoast SEO v25.9) - https:\/\/yoast.com\/wordpress\/plugins\/seo\/ -->\n<title>13 zda\u0144, kt\u00f3re us\u0142yszysz tylko od rowerzyst\u00f3w - \u0160koda We Love Cycling - Poland<\/title>\n<meta name=\"robots\" content=\"index, follow, max-snippet:-1, max-image-preview:large, max-video-preview:-1\" \/>\n<link rel=\"canonical\" href=\"https:\/\/www.welovecycling.com\/pl\/2019\/11\/14\/13-zdan-ktore-uslyszysz-tylko-od-rowerzystow\/\" \/>\n<meta property=\"og:locale\" content=\"pl_PL\" \/>\n<meta property=\"og:type\" content=\"article\" \/>\n<meta property=\"og:title\" content=\"13 zda\u0144, kt\u00f3re us\u0142yszysz tylko od rowerzyst\u00f3w\" \/>\n<meta property=\"og:description\" content=\"Z ust rowerzyst\u00f3w padaj\u0105 czasami dziwne stwierdzenia. Wybrali\u015bmy kilkana\u015bcie takich, kt\u00f3re wypowiedzia\u0142by lub w pe\u0142ni zrozumia\u0142 tylko fan kolarstwa. &nbsp; [&hellip;]\" \/>\n<meta property=\"og:url\" content=\"https:\/\/www.welovecycling.com\/pl\/2019\/11\/14\/13-zdan-ktore-uslyszysz-tylko-od-rowerzystow\/\" \/>\n<meta property=\"og:site_name\" content=\"\u0160koda We Love Cycling - Poland\" \/>\n<meta property=\"article:published_time\" content=\"2019-11-14T17:44:46+00:00\" \/>\n<meta property=\"article:modified_time\" content=\"2019-11-15T07:58:57+00:00\" \/>\n<meta property=\"og:image\" content=\"https:\/\/d2p6e6u75xmxt8.cloudfront.net\/5\/2019\/11\/Peter-Sagan-Mark-Cavendish-CVR-profimedia-0305245116-1024x450.jpg\" \/>\n\t<meta property=\"og:image:width\" content=\"1024\" \/>\n\t<meta property=\"og:image:height\" content=\"450\" \/>\n\t<meta property=\"og:image:type\" content=\"image\/jpeg\" \/>\n<meta name=\"author\" content=\"piotrboczkowski\" \/>\n<meta name=\"twitter:card\" content=\"summary_large_image\" \/>\n<meta name=\"twitter:label1\" content=\"Written by\" \/>\n\t<meta name=\"twitter:data1\" content=\"Adam Marsal\" \/>\n\t<meta name=\"twitter:label2\" content=\"Est. reading time\" \/>\n\t<meta name=\"twitter:data2\" content=\"2\" \/>\n<script type=\"application\/ld+json\" class=\"yoast-schema-graph\">{\"@context\":\"https:\/\/schema.org\",\"@graph\":[{\"@type\":\"WebPage\",\"@id\":\"https:\/\/www.welovecycling.com\/pl\/2019\/11\/14\/13-zdan-ktore-uslyszysz-tylko-od-rowerzystow\/\",\"url\":\"https:\/\/www.welovecycling.com\/pl\/2019\/11\/14\/13-zdan-ktore-uslyszysz-tylko-od-rowerzystow\/\",\"name\":\"13 zda\u0144, kt\u00f3re us\u0142yszysz tylko od rowerzyst\u00f3w - \u0160koda We Love Cycling - Poland\",\"isPartOf\":{\"@id\":\"https:\/\/www.welovecycling.com\/pl\/#website\"},\"primaryImageOfPage\":{\"@id\":\"https:\/\/www.welovecycling.com\/pl\/2019\/11\/14\/13-zdan-ktore-uslyszysz-tylko-od-rowerzystow\/#primaryimage\"},\"image\":{\"@id\":\"https:\/\/www.welovecycling.com\/pl\/2019\/11\/14\/13-zdan-ktore-uslyszysz-tylko-od-rowerzystow\/#primaryimage\"},\"thumbnailUrl\":\"https:\/\/d2p6e6u75xmxt8.cloudfront.net\/5\/2019\/11\/Peter-Sagan-Mark-Cavendish-CVR-profimedia-0305245116-1024x450.jpg\",\"datePublished\":\"2019-11-14T17:44:46+00:00\",\"dateModified\":\"2019-11-15T07:58:57+00:00\",\"author\":{\"@id\":\"https:\/\/www.welovecycling.com\/pl\/#\/schema\/person\/0dba2d39da943db9df3fd8f4687e7f23\"},\"breadcrumb\":{\"@id\":\"https:\/\/www.welovecycling.com\/pl\/2019\/11\/14\/13-zdan-ktore-uslyszysz-tylko-od-rowerzystow\/#breadcrumb\"},\"inLanguage\":\"pl-PL\",\"potentialAction\":[{\"@type\":\"ReadAction\",\"target\":[\"https:\/\/www.welovecycling.com\/pl\/2019\/11\/14\/13-zdan-ktore-uslyszysz-tylko-od-rowerzystow\/\"]}]},{\"@type\":\"ImageObject\",\"inLanguage\":\"pl-PL\",\"@id\":\"https:\/\/www.welovecycling.com\/pl\/2019\/11\/14\/13-zdan-ktore-uslyszysz-tylko-od-rowerzystow\/#primaryimage\",\"url\":\"https:\/\/d2p6e6u75xmxt8.cloudfront.net\/5\/2019\/11\/Peter-Sagan-Mark-Cavendish-CVR-profimedia-0305245116-1024x450.jpg\",\"contentUrl\":\"https:\/\/d2p6e6u75xmxt8.cloudfront.net\/5\/2019\/11\/Peter-Sagan-Mark-Cavendish-CVR-profimedia-0305245116-1024x450.jpg\",\"width\":1024,\"height\":450},{\"@type\":\"BreadcrumbList\",\"@id\":\"https:\/\/www.welovecycling.com\/pl\/2019\/11\/14\/13-zdan-ktore-uslyszysz-tylko-od-rowerzystow\/#breadcrumb\",\"itemListElement\":[{\"@type\":\"ListItem\",\"position\":1,\"name\":\"Home\",\"item\":\"https:\/\/www.welovecycling.com\/pl\/\"},{\"@type\":\"ListItem\",\"position\":2,\"name\":\"13 zda\u0144, kt\u00f3re us\u0142yszysz tylko od rowerzyst\u00f3w\"}]},{\"@type\":\"WebSite\",\"@id\":\"https:\/\/www.welovecycling.com\/pl\/#website\",\"url\":\"https:\/\/www.welovecycling.com\/pl\/\",\"name\":\"\u0160koda We Love Cycling - Poland\",\"description\":\"\",\"potentialAction\":[{\"@type\":\"SearchAction\",\"target\":{\"@type\":\"EntryPoint\",\"urlTemplate\":\"https:\/\/www.welovecycling.com\/pl\/?s={search_term_string}\"},\"query-input\":{\"@type\":\"PropertyValueSpecification\",\"valueRequired\":true,\"valueName\":\"search_term_string\"}}],\"inLanguage\":\"pl-PL\"},{\"@type\":\"Person\",\"@id\":\"https:\/\/www.welovecycling.com\/pl\/#\/schema\/person\/0dba2d39da943db9df3fd8f4687e7f23\",\"name\":\"piotrboczkowski\",\"image\":{\"@type\":\"ImageObject\",\"inLanguage\":\"pl-PL\",\"@id\":\"https:\/\/www.welovecycling.com\/pl\/#\/schema\/person\/image\/\",\"url\":\"https:\/\/secure.gravatar.com\/avatar\/533caccae14752e03a2ce2d3fd62d1b98b93e1393c3195c27819e53344ca1ace?s=96&d=mm&r=g\",\"contentUrl\":\"https:\/\/secure.gravatar.com\/avatar\/533caccae14752e03a2ce2d3fd62d1b98b93e1393c3195c27819e53344ca1ace?s=96&d=mm&r=g\",\"caption\":\"piotrboczkowski\"},\"url\":\"https:\/\/www.welovecycling.com\/pl\/author\/piotrboczkowski\/\"}]}<\/script>\n<!-- \/ Yoast SEO Premium plugin. -->","yoast_head_json":{"title":"13 zda\u0144, kt\u00f3re us\u0142yszysz tylko od rowerzyst\u00f3w - \u0160koda We Love Cycling - Poland","robots":{"index":"index","follow":"follow","max-snippet":"max-snippet:-1","max-image-preview":"max-image-preview:large","max-video-preview":"max-video-preview:-1"},"canonical":"https:\/\/www.welovecycling.com\/pl\/2019\/11\/14\/13-zdan-ktore-uslyszysz-tylko-od-rowerzystow\/","og_locale":"pl_PL","og_type":"article","og_title":"13 zda\u0144, kt\u00f3re us\u0142yszysz tylko od rowerzyst\u00f3w","og_description":"Z ust rowerzyst\u00f3w padaj\u0105 czasami dziwne stwierdzenia. Wybrali\u015bmy kilkana\u015bcie takich, kt\u00f3re wypowiedzia\u0142by lub w pe\u0142ni zrozumia\u0142 tylko fan kolarstwa. &nbsp; [&hellip;]","og_url":"https:\/\/www.welovecycling.com\/pl\/2019\/11\/14\/13-zdan-ktore-uslyszysz-tylko-od-rowerzystow\/","og_site_name":"\u0160koda We Love Cycling - Poland","article_published_time":"2019-11-14T17:44:46+00:00","article_modified_time":"2019-11-15T07:58:57+00:00","og_image":[{"width":1024,"height":450,"url":"https:\/\/d2p6e6u75xmxt8.cloudfront.net\/5\/2019\/11\/Peter-Sagan-Mark-Cavendish-CVR-profimedia-0305245116-1024x450.jpg","type":"image\/jpeg"}],"author":"piotrboczkowski","twitter_card":"summary_large_image","twitter_misc":{"Written by":"Adam Marsal","Est. reading time":"2"},"schema":{"@context":"https:\/\/schema.org","@graph":[{"@type":"WebPage","@id":"https:\/\/www.welovecycling.com\/pl\/2019\/11\/14\/13-zdan-ktore-uslyszysz-tylko-od-rowerzystow\/","url":"https:\/\/www.welovecycling.com\/pl\/2019\/11\/14\/13-zdan-ktore-uslyszysz-tylko-od-rowerzystow\/","name":"13 zda\u0144, kt\u00f3re us\u0142yszysz tylko od rowerzyst\u00f3w - \u0160koda We Love Cycling - Poland","isPartOf":{"@id":"https:\/\/www.welovecycling.com\/pl\/#website"},"primaryImageOfPage":{"@id":"https:\/\/www.welovecycling.com\/pl\/2019\/11\/14\/13-zdan-ktore-uslyszysz-tylko-od-rowerzystow\/#primaryimage"},"image":{"@id":"https:\/\/www.welovecycling.com\/pl\/2019\/11\/14\/13-zdan-ktore-uslyszysz-tylko-od-rowerzystow\/#primaryimage"},"thumbnailUrl":"https:\/\/d2p6e6u75xmxt8.cloudfront.net\/5\/2019\/11\/Peter-Sagan-Mark-Cavendish-CVR-profimedia-0305245116-1024x450.jpg","datePublished":"2019-11-14T17:44:46+00:00","dateModified":"2019-11-15T07:58:57+00:00","author":{"@id":"https:\/\/www.welovecycling.com\/pl\/#\/schema\/person\/0dba2d39da943db9df3fd8f4687e7f23"},"breadcrumb":{"@id":"https:\/\/www.welovecycling.com\/pl\/2019\/11\/14\/13-zdan-ktore-uslyszysz-tylko-od-rowerzystow\/#breadcrumb"},"inLanguage":"pl-PL","potentialAction":[{"@type":"ReadAction","target":["https:\/\/www.welovecycling.com\/pl\/2019\/11\/14\/13-zdan-ktore-uslyszysz-tylko-od-rowerzystow\/"]}]},{"@type":"ImageObject","inLanguage":"pl-PL","@id":"https:\/\/www.welovecycling.com\/pl\/2019\/11\/14\/13-zdan-ktore-uslyszysz-tylko-od-rowerzystow\/#primaryimage","url":"https:\/\/d2p6e6u75xmxt8.cloudfront.net\/5\/2019\/11\/Peter-Sagan-Mark-Cavendish-CVR-profimedia-0305245116-1024x450.jpg","contentUrl":"https:\/\/d2p6e6u75xmxt8.cloudfront.net\/5\/2019\/11\/Peter-Sagan-Mark-Cavendish-CVR-profimedia-0305245116-1024x450.jpg","width":1024,"height":450},{"@type":"BreadcrumbList","@id":"https:\/\/www.welovecycling.com\/pl\/2019\/11\/14\/13-zdan-ktore-uslyszysz-tylko-od-rowerzystow\/#breadcrumb","itemListElement":[{"@type":"ListItem","position":1,"name":"Home","item":"https:\/\/www.welovecycling.com\/pl\/"},{"@type":"ListItem","position":2,"name":"13 zda\u0144, kt\u00f3re us\u0142yszysz tylko od rowerzyst\u00f3w"}]},{"@type":"WebSite","@id":"https:\/\/www.welovecycling.com\/pl\/#website","url":"https:\/\/www.welovecycling.com\/pl\/","name":"\u0160koda We Love Cycling - Poland","description":"","potentialAction":[{"@type":"SearchAction","target":{"@type":"EntryPoint","urlTemplate":"https:\/\/www.welovecycling.com\/pl\/?s={search_term_string}"},"query-input":{"@type":"PropertyValueSpecification","valueRequired":true,"valueName":"search_term_string"}}],"inLanguage":"pl-PL"},{"@type":"Person","@id":"https:\/\/www.welovecycling.com\/pl\/#\/schema\/person\/0dba2d39da943db9df3fd8f4687e7f23","name":"piotrboczkowski","image":{"@type":"ImageObject","inLanguage":"pl-PL","@id":"https:\/\/www.welovecycling.com\/pl\/#\/schema\/person\/image\/","url":"https:\/\/secure.gravatar.com\/avatar\/533caccae14752e03a2ce2d3fd62d1b98b93e1393c3195c27819e53344ca1ace?s=96&d=mm&r=g","contentUrl":"https:\/\/secure.gravatar.com\/avatar\/533caccae14752e03a2ce2d3fd62d1b98b93e1393c3195c27819e53344ca1ace?s=96&d=mm&r=g","caption":"piotrboczkowski"},"url":"https:\/\/www.welovecycling.com\/pl\/author\/piotrboczkowski\/"}]}},"_links":{"self":[{"href":"https:\/\/www.welovecycling.com\/pl\/wp-json\/wp\/v2\/posts\/9961","targetHints":{"allow":["GET"]}}],"collection":[{"href":"https:\/\/www.welovecycling.com\/pl\/wp-json\/wp\/v2\/posts"}],"about":[{"href":"https:\/\/www.welovecycling.com\/pl\/wp-json\/wp\/v2\/types\/post"}],"author":[{"embeddable":true,"href":"https:\/\/www.welovecycling.com\/pl\/wp-json\/wp\/v2\/users\/76"}],"replies":[{"embeddable":true,"href":"https:\/\/www.welovecycling.com\/pl\/wp-json\/wp\/v2\/comments?post=9961"}],"version-history":[{"count":2,"href":"https:\/\/www.welovecycling.com\/pl\/wp-json\/wp\/v2\/posts\/9961\/revisions"}],"predecessor-version":[{"id":9967,"href":"https:\/\/www.welovecycling.com\/pl\/wp-json\/wp\/v2\/posts\/9961\/revisions\/9967"}],"wp:featuredmedia":[{"embeddable":true,"href":"https:\/\/www.welovecycling.com\/pl\/wp-json\/wp\/v2\/media\/9962"}],"wp:attachment":[{"href":"https:\/\/www.welovecycling.com\/pl\/wp-json\/wp\/v2\/media?parent=9961"}],"wp:term":[{"taxonomy":"category","embeddable":true,"href":"https:\/\/www.welovecycling.com\/pl\/wp-json\/wp\/v2\/categories?post=9961"},{"taxonomy":"post_tag","embeddable":true,"href":"https:\/\/www.welovecycling.com\/pl\/wp-json\/wp\/v2\/tags?post=9961"},{"taxonomy":"global-categories","embeddable":true,"href":"https:\/\/www.welovecycling.com\/pl\/wp-json\/wp\/v2\/global-categories?post=9961"}],"curies":[{"name":"wp","href":"https:\/\/api.w.org\/{rel}","templated":true}]}}