{"id":9958,"date":"2019-11-13T14:19:17","date_gmt":"2019-11-13T14:19:17","guid":{"rendered":"https:\/\/www.welovecycling.com\/pl\/?p=9958"},"modified":"2019-11-14T14:19:33","modified_gmt":"2019-11-14T14:19:33","slug":"eurovelo-12-niezwykla-trasa-rowerowa-tu-mozna-spodziewac-sie-wszystkiego","status":"publish","type":"post","link":"https:\/\/www.welovecycling.com\/pl\/2019\/11\/13\/eurovelo-12-niezwykla-trasa-rowerowa-tu-mozna-spodziewac-sie-wszystkiego\/","title":{"rendered":"EuroVelo 12: Niezwyk\u0142a trasa rowerowa! \u201eTu mo\u017cna spodziewa\u0107 si\u0119 wszystkiego\u201d"},"content":{"rendered":"<p><strong>Nie znajdziecie prostszego sposobu na pogodzie mi\u0142o\u015bci do roweru z mi\u0142o\u015bci\u0105 do morza. Trasa Eurovelo 12 nie do\u015b\u0107, \u017ce prowadzi wybrze\u017cem Morza P\u00f3\u0142nocnego, to jeszcze funduje niezapomniane przeprawy promowe. To co, jedziemy\/p\u0142yniemy?<\/strong><\/p>\n<p>Trzeba przyzna\u0107, \u017ce tw\u00f3rcy tego szlaku maj\u0105 spor\u0105 wyobra\u017ani\u0119: zaproponowali cykli\u015bcie, by sporo podr\u00f3\u017cowa\u0142 promami, a do tego zach\u0119caj\u0105, by w poszczeg\u00f3lnych portach na chwil\u0119 zapomnia\u0142 o obowi\u0105zkach rowerzysty i odda\u0142 si\u0119 \u015bwietnej zabawie.<\/p>\n<p>\u201eMo\u017cesz spr\u00f3bowa\u0107 szkockiej whisky, przeta\u0144czy\u0107 ca\u0142\u0105 noc w tysi\u0105cletnich portowych miastach jak Hamburg czy Goeteborg lub zrelaksowa\u0107 si\u0119 na holenderskich pla\u017cach\u201d \u2013 reklamuj\u0105 tw\u00f3rcy Eurovelo 12.<\/p>\n<p><img decoding=\"async\" src=\"https:\/\/upload.wikimedia.org\/wikipedia\/commons\/thumb\/7\/7a\/EuroVelo_Route_12.svg\/1200px-EuroVelo_Route_12.svg.png\" \/><br \/>\n<strong><span style=\"font-size: 18pt;\">Bajkowe trasy bezpo\u015brednio z Polski<\/span><\/strong><\/p>\n<p>By jednak dotrze\u0107 do miejsc daj\u0105cych odpoczynek i wytchnienie, nale\u017cy najpierw sporo si\u0119 nakr\u0119ci\u0107. Trasa startuje z pi\u0119knego nadmorskiego Bergen, gdzie dwa lat temu odby\u0142y si\u0119 mistrzostwa \u015bwiata w kolarstwie szosowym. Mo\u017cna si\u0119 tam sporo powspina\u0107, ale przede wszystkim ma si\u0119 pewno\u015b\u0107, \u017ce krajobrazy wryj\u0105 si\u0119 w pami\u0119\u0107 do ko\u0144ca \u017cycia. No bo kto nie chcia\u0142by przemierzy\u0107 przepi\u0119knych fiord\u00f3w, startuj\u0105cych z miejsca, kt\u00f3re nazywane jest ich stolic\u0105?<\/p>\n<p>Ju\u017c samo Bergen jest bardzo ciekawym miastem: mo\u017cna tu spacerowa\u0107 w\u0105skimi uliczkami, je\u015b\u0107 ryby niemal prosto z kutra, a wieczorami zanurzy\u0107 si\u0119 w morzu\u2026 relaksu i atrakcji. Dlatego dobrym pomys\u0142em jest ju\u017c kilkudniowy wypad na rower w\u0142a\u015bnie w tamt\u0105 okolic\u0119, szczeg\u00f3lnie \u017ce do Bergen bezpo\u015brednio samolotem mo\u017cna dosta\u0107 si\u0119 m.in. z Warszawy, Krakowa, Szczecina, Gda\u0144ska czy Katowic.<\/p>\n<p><strong><span style=\"font-size: 18pt;\">A mo\u017ce przejazd najlepsz\u0105 tras\u0105 2018 roku?<\/span><\/strong><\/p>\n<p>Z kolei w Szwecji pojedziemy 380-kilometrowym szlakiem rowerowym wzd\u0142u\u017c wybrze\u017ca, kt\u00f3ry tak\u017ce jest \u015bwietnym pomys\u0142em na kr\u00f3tsz\u0105 wypraw\u0119. To bardzo urokliwy przejazd z Goeteborga do Helsingborga. Nazywa si\u0119 Kattegattleden, a w 2018 r. zosta\u0142 wybrany Tras\u0105 Rowerow\u0105 Roku w Europie!<\/p>\n<p>\u201eTen szlak to nasz wielki sukces. Ci\u0105gle ro\u015bnie jego popularno\u015b\u0107 zar\u00f3wno w\u015br\u00f3d Szwed\u00f3w, jak i zagranicznych turyst\u00f3w. Teraz skupiamy si\u0119 w\u0142a\u015bnie na marketingu mi\u0119dzynarodowym, bo trasa w du\u017cym stopniu przyczyni\u0142a si\u0119 do rozwoju bran\u017cy turystycznej\u201d \u2013 przyzna\u0142 podczas odbierania nagrody Dag Hultefors, jeden ze szwedzkich urz\u0119dnik\u00f3w odpowiedzialnych za rozw\u00f3j Kattegattleden.<\/p>\n<p><span style=\"font-size: 18pt;\"><strong>A mo\u017ce zaskakuj\u0105cy deser?<\/strong><\/span><\/p>\n<p>Nast\u0119pnie Eurovelo 12 przecina Dani\u0119, Niemcy i Holandi\u0119, czyli krainy stworzone dla rowerzyst\u00f3w. Nienagannie przygotowane trasy (cho\u0107 cz\u0119\u015b\u0107 oczywi\u015bcie jest jeszcze w budowie) sprawiaj\u0105, \u017ce podr\u00f3\u017c jest nie tylko niesamowita pod wzgl\u0119dem widokowym, ale r\u00f3wnie\u017c bezpieczna.<\/p>\n<p>Z kolei w Belgii, tu\u017c przed granic\u0105 z Francj\u0105, czeka nas kolejne przeprawa promowa, bo Eurovelo postanowi\u0142o zn\u00f3w zawita\u0107 do Wielkiej Brytanii. To tutaj rozpoczyna si\u0119 podr\u00f3\u017c najd\u0142u\u017cszym fragmentem wzd\u0142u\u017c Morza P\u00f3\u0142nocnego.<\/p>\n<p>Przeje\u017cd\u017camy wspania\u0142ym szlakiem artystycznym, a tak\u017ce zapieraj\u0105cymi dech w piersiach wybrze\u017cami Yorkshire i Northumberland, kt\u00f3re oferuj\u0105 zwiedzanie zamk\u00f3w, wysp, klif\u00f3w oraz dzikich i szerokich pla\u017c.<\/p>\n<p>Eurovelo 12 ko\u0144czy si\u0119 w Szkocji. \u201eSzlak prowadzi do stolicy kraju &#8211; Edynburga, t\u0119tni\u0105cego \u017cyciem uniwersyteckiego miasta Dundee i Aberdeen, nazywanego \u201eGranitowym Miastem\u201d \u2013 wymieniaj\u0105 tw\u00f3rcy trasy.<\/p>\n<p>Gdyby jednak komu\u015b by\u0142o ma\u0142o, to po raz kolejny mo\u017ce wsi\u0105\u015b\u0107 na prom i w ramach deseru pop\u0142yn\u0105\u0107 na Wyspy Szetlandzkie. Niesamowite widoki i kolejna przeprawa morska to idealne podsumowanie Eurovelo 12.<\/p>\n<p>\u201eTa trasa zaskoczy Was r\u00f3\u017cnorodno\u015bci\u0105. Podczas przejazdy licz\u0105cego 5900 km nale\u017cy spodziewa\u0107 si\u0119 wszystkiego, ale przede wszystkim trzeba sprawdzi\u0107 rozk\u0142ad prom\u00f3w!\u201d \u2013 podkre\u015blaj\u0105 tw\u00f3rcy Eurovelo 12.<\/p>\n<p>******************************************<\/p>\n<p>Eurovelo to og\u00f3lnoeuropejska sie\u0107 tras rowerowych. Wiod\u0105 one przez 43 pa\u0144stwa i \u0142\u0105cznie maj\u0105 ponad 70 tys. km d\u0142ugo\u015bci. To projekt Europejskiej Federacji Cyklist\u00f3w, wsp\u00f3\u0142finansowany przez Uni\u0119 Europejsk\u0105. Ca\u0142o\u015b\u0107 ma by\u0107 uko\u0144czona w 2020 r.<\/p>\n","protected":false},"excerpt":{"rendered":"<p>Nie znajdziecie prostszego sposobu na pogodzie mi\u0142o\u015bci do roweru z mi\u0142o\u015bci\u0105 do morza. Trasa Eurovelo 12 nie do\u015b\u0107, \u017ce prowadzi [&hellip;]<\/p>\n","protected":false},"author":76,"featured_media":9959,"comment_status":"open","ping_status":"open","sticky":false,"template":"","format":"standard","meta":{"footnotes":""},"categories":[226],"tags":[],"global-categories":[303],"class_list":["post-9958","post","type-post","status-publish","format-standard","has-post-thumbnail","hentry","category-ciekawostki","global-categories-cycling"],"yoast_head":"<!-- This site is optimized with the Yoast SEO Premium plugin v25.3 (Yoast SEO v25.9) - https:\/\/yoast.com\/wordpress\/plugins\/seo\/ -->\n<title>EuroVelo 12: Niezwyk\u0142a trasa rowerowa! \u201eTu mo\u017cna spodziewa\u0107 si\u0119 wszystkiego\u201d - \u0160koda We Love Cycling - Poland<\/title>\n<meta name=\"robots\" content=\"index, follow, max-snippet:-1, max-image-preview:large, max-video-preview:-1\" \/>\n<link rel=\"canonical\" href=\"https:\/\/www.welovecycling.com\/pl\/2019\/11\/13\/eurovelo-12-niezwykla-trasa-rowerowa-tu-mozna-spodziewac-sie-wszystkiego\/\" \/>\n<meta property=\"og:locale\" content=\"pl_PL\" \/>\n<meta property=\"og:type\" content=\"article\" \/>\n<meta property=\"og:title\" content=\"EuroVelo 12: Niezwyk\u0142a trasa rowerowa! \u201eTu mo\u017cna spodziewa\u0107 si\u0119 wszystkiego\u201d\" \/>\n<meta property=\"og:description\" content=\"Nie znajdziecie prostszego sposobu na pogodzie mi\u0142o\u015bci do roweru z mi\u0142o\u015bci\u0105 do morza. Trasa Eurovelo 12 nie do\u015b\u0107, \u017ce prowadzi [&hellip;]\" \/>\n<meta property=\"og:url\" content=\"https:\/\/www.welovecycling.com\/pl\/2019\/11\/13\/eurovelo-12-niezwykla-trasa-rowerowa-tu-mozna-spodziewac-sie-wszystkiego\/\" \/>\n<meta property=\"og:site_name\" content=\"\u0160koda We Love Cycling - Poland\" \/>\n<meta property=\"article:published_time\" content=\"2019-11-13T14:19:17+00:00\" \/>\n<meta property=\"article:modified_time\" content=\"2019-11-14T14:19:33+00:00\" \/>\n<meta property=\"og:image\" content=\"https:\/\/d2p6e6u75xmxt8.cloudfront.net\/5\/2019\/11\/1207220_1200x260.jpg\" \/>\n\t<meta property=\"og:image:width\" content=\"1024\" \/>\n\t<meta property=\"og:image:height\" content=\"260\" \/>\n\t<meta property=\"og:image:type\" content=\"image\/jpeg\" \/>\n<meta name=\"author\" content=\"piotrboczkowski\" \/>\n<meta name=\"twitter:card\" content=\"summary_large_image\" \/>\n<meta name=\"twitter:label1\" content=\"Written by\" \/>\n\t<meta name=\"twitter:data1\" content=\"Piotr Nowik\" \/>\n\t<meta name=\"twitter:label2\" content=\"Est. reading time\" \/>\n\t<meta name=\"twitter:data2\" content=\"4\" \/>\n<script type=\"application\/ld+json\" class=\"yoast-schema-graph\">{\"@context\":\"https:\/\/schema.org\",\"@graph\":[{\"@type\":\"WebPage\",\"@id\":\"https:\/\/www.welovecycling.com\/pl\/2019\/11\/13\/eurovelo-12-niezwykla-trasa-rowerowa-tu-mozna-spodziewac-sie-wszystkiego\/\",\"url\":\"https:\/\/www.welovecycling.com\/pl\/2019\/11\/13\/eurovelo-12-niezwykla-trasa-rowerowa-tu-mozna-spodziewac-sie-wszystkiego\/\",\"name\":\"EuroVelo 12: Niezwyk\u0142a trasa rowerowa! \u201eTu mo\u017cna spodziewa\u0107 si\u0119 wszystkiego\u201d - \u0160koda We Love Cycling - Poland\",\"isPartOf\":{\"@id\":\"https:\/\/www.welovecycling.com\/pl\/#website\"},\"primaryImageOfPage\":{\"@id\":\"https:\/\/www.welovecycling.com\/pl\/2019\/11\/13\/eurovelo-12-niezwykla-trasa-rowerowa-tu-mozna-spodziewac-sie-wszystkiego\/#primaryimage\"},\"image\":{\"@id\":\"https:\/\/www.welovecycling.com\/pl\/2019\/11\/13\/eurovelo-12-niezwykla-trasa-rowerowa-tu-mozna-spodziewac-sie-wszystkiego\/#primaryimage\"},\"thumbnailUrl\":\"https:\/\/d2p6e6u75xmxt8.cloudfront.net\/5\/2019\/11\/1207220_1200x260.jpg\",\"datePublished\":\"2019-11-13T14:19:17+00:00\",\"dateModified\":\"2019-11-14T14:19:33+00:00\",\"author\":{\"@id\":\"https:\/\/www.welovecycling.com\/pl\/#\/schema\/person\/0dba2d39da943db9df3fd8f4687e7f23\"},\"breadcrumb\":{\"@id\":\"https:\/\/www.welovecycling.com\/pl\/2019\/11\/13\/eurovelo-12-niezwykla-trasa-rowerowa-tu-mozna-spodziewac-sie-wszystkiego\/#breadcrumb\"},\"inLanguage\":\"pl-PL\",\"potentialAction\":[{\"@type\":\"ReadAction\",\"target\":[\"https:\/\/www.welovecycling.com\/pl\/2019\/11\/13\/eurovelo-12-niezwykla-trasa-rowerowa-tu-mozna-spodziewac-sie-wszystkiego\/\"]}]},{\"@type\":\"ImageObject\",\"inLanguage\":\"pl-PL\",\"@id\":\"https:\/\/www.welovecycling.com\/pl\/2019\/11\/13\/eurovelo-12-niezwykla-trasa-rowerowa-tu-mozna-spodziewac-sie-wszystkiego\/#primaryimage\",\"url\":\"https:\/\/d2p6e6u75xmxt8.cloudfront.net\/5\/2019\/11\/1207220_1200x260.jpg\",\"contentUrl\":\"https:\/\/d2p6e6u75xmxt8.cloudfront.net\/5\/2019\/11\/1207220_1200x260.jpg\",\"width\":1024,\"height\":260},{\"@type\":\"BreadcrumbList\",\"@id\":\"https:\/\/www.welovecycling.com\/pl\/2019\/11\/13\/eurovelo-12-niezwykla-trasa-rowerowa-tu-mozna-spodziewac-sie-wszystkiego\/#breadcrumb\",\"itemListElement\":[{\"@type\":\"ListItem\",\"position\":1,\"name\":\"Home\",\"item\":\"https:\/\/www.welovecycling.com\/pl\/\"},{\"@type\":\"ListItem\",\"position\":2,\"name\":\"EuroVelo 12: Niezwyk\u0142a trasa rowerowa! \u201eTu mo\u017cna spodziewa\u0107 si\u0119 wszystkiego\u201d\"}]},{\"@type\":\"WebSite\",\"@id\":\"https:\/\/www.welovecycling.com\/pl\/#website\",\"url\":\"https:\/\/www.welovecycling.com\/pl\/\",\"name\":\"\u0160koda We Love Cycling - Poland\",\"description\":\"\",\"potentialAction\":[{\"@type\":\"SearchAction\",\"target\":{\"@type\":\"EntryPoint\",\"urlTemplate\":\"https:\/\/www.welovecycling.com\/pl\/?s={search_term_string}\"},\"query-input\":{\"@type\":\"PropertyValueSpecification\",\"valueRequired\":true,\"valueName\":\"search_term_string\"}}],\"inLanguage\":\"pl-PL\"},{\"@type\":\"Person\",\"@id\":\"https:\/\/www.welovecycling.com\/pl\/#\/schema\/person\/0dba2d39da943db9df3fd8f4687e7f23\",\"name\":\"piotrboczkowski\",\"image\":{\"@type\":\"ImageObject\",\"inLanguage\":\"pl-PL\",\"@id\":\"https:\/\/www.welovecycling.com\/pl\/#\/schema\/person\/image\/\",\"url\":\"https:\/\/secure.gravatar.com\/avatar\/533caccae14752e03a2ce2d3fd62d1b98b93e1393c3195c27819e53344ca1ace?s=96&d=mm&r=g\",\"contentUrl\":\"https:\/\/secure.gravatar.com\/avatar\/533caccae14752e03a2ce2d3fd62d1b98b93e1393c3195c27819e53344ca1ace?s=96&d=mm&r=g\",\"caption\":\"piotrboczkowski\"},\"url\":\"https:\/\/www.welovecycling.com\/pl\/author\/piotrboczkowski\/\"}]}<\/script>\n<!-- \/ Yoast SEO Premium plugin. -->","yoast_head_json":{"title":"EuroVelo 12: Niezwyk\u0142a trasa rowerowa! \u201eTu mo\u017cna spodziewa\u0107 si\u0119 wszystkiego\u201d - \u0160koda We Love Cycling - Poland","robots":{"index":"index","follow":"follow","max-snippet":"max-snippet:-1","max-image-preview":"max-image-preview:large","max-video-preview":"max-video-preview:-1"},"canonical":"https:\/\/www.welovecycling.com\/pl\/2019\/11\/13\/eurovelo-12-niezwykla-trasa-rowerowa-tu-mozna-spodziewac-sie-wszystkiego\/","og_locale":"pl_PL","og_type":"article","og_title":"EuroVelo 12: Niezwyk\u0142a trasa rowerowa! \u201eTu mo\u017cna spodziewa\u0107 si\u0119 wszystkiego\u201d","og_description":"Nie znajdziecie prostszego sposobu na pogodzie mi\u0142o\u015bci do roweru z mi\u0142o\u015bci\u0105 do morza. Trasa Eurovelo 12 nie do\u015b\u0107, \u017ce prowadzi [&hellip;]","og_url":"https:\/\/www.welovecycling.com\/pl\/2019\/11\/13\/eurovelo-12-niezwykla-trasa-rowerowa-tu-mozna-spodziewac-sie-wszystkiego\/","og_site_name":"\u0160koda We Love Cycling - Poland","article_published_time":"2019-11-13T14:19:17+00:00","article_modified_time":"2019-11-14T14:19:33+00:00","og_image":[{"width":1024,"height":260,"url":"https:\/\/d2p6e6u75xmxt8.cloudfront.net\/5\/2019\/11\/1207220_1200x260.jpg","type":"image\/jpeg"}],"author":"piotrboczkowski","twitter_card":"summary_large_image","twitter_misc":{"Written by":"Piotr Nowik","Est. reading time":"4"},"schema":{"@context":"https:\/\/schema.org","@graph":[{"@type":"WebPage","@id":"https:\/\/www.welovecycling.com\/pl\/2019\/11\/13\/eurovelo-12-niezwykla-trasa-rowerowa-tu-mozna-spodziewac-sie-wszystkiego\/","url":"https:\/\/www.welovecycling.com\/pl\/2019\/11\/13\/eurovelo-12-niezwykla-trasa-rowerowa-tu-mozna-spodziewac-sie-wszystkiego\/","name":"EuroVelo 12: Niezwyk\u0142a trasa rowerowa! \u201eTu mo\u017cna spodziewa\u0107 si\u0119 wszystkiego\u201d - \u0160koda We Love Cycling - Poland","isPartOf":{"@id":"https:\/\/www.welovecycling.com\/pl\/#website"},"primaryImageOfPage":{"@id":"https:\/\/www.welovecycling.com\/pl\/2019\/11\/13\/eurovelo-12-niezwykla-trasa-rowerowa-tu-mozna-spodziewac-sie-wszystkiego\/#primaryimage"},"image":{"@id":"https:\/\/www.welovecycling.com\/pl\/2019\/11\/13\/eurovelo-12-niezwykla-trasa-rowerowa-tu-mozna-spodziewac-sie-wszystkiego\/#primaryimage"},"thumbnailUrl":"https:\/\/d2p6e6u75xmxt8.cloudfront.net\/5\/2019\/11\/1207220_1200x260.jpg","datePublished":"2019-11-13T14:19:17+00:00","dateModified":"2019-11-14T14:19:33+00:00","author":{"@id":"https:\/\/www.welovecycling.com\/pl\/#\/schema\/person\/0dba2d39da943db9df3fd8f4687e7f23"},"breadcrumb":{"@id":"https:\/\/www.welovecycling.com\/pl\/2019\/11\/13\/eurovelo-12-niezwykla-trasa-rowerowa-tu-mozna-spodziewac-sie-wszystkiego\/#breadcrumb"},"inLanguage":"pl-PL","potentialAction":[{"@type":"ReadAction","target":["https:\/\/www.welovecycling.com\/pl\/2019\/11\/13\/eurovelo-12-niezwykla-trasa-rowerowa-tu-mozna-spodziewac-sie-wszystkiego\/"]}]},{"@type":"ImageObject","inLanguage":"pl-PL","@id":"https:\/\/www.welovecycling.com\/pl\/2019\/11\/13\/eurovelo-12-niezwykla-trasa-rowerowa-tu-mozna-spodziewac-sie-wszystkiego\/#primaryimage","url":"https:\/\/d2p6e6u75xmxt8.cloudfront.net\/5\/2019\/11\/1207220_1200x260.jpg","contentUrl":"https:\/\/d2p6e6u75xmxt8.cloudfront.net\/5\/2019\/11\/1207220_1200x260.jpg","width":1024,"height":260},{"@type":"BreadcrumbList","@id":"https:\/\/www.welovecycling.com\/pl\/2019\/11\/13\/eurovelo-12-niezwykla-trasa-rowerowa-tu-mozna-spodziewac-sie-wszystkiego\/#breadcrumb","itemListElement":[{"@type":"ListItem","position":1,"name":"Home","item":"https:\/\/www.welovecycling.com\/pl\/"},{"@type":"ListItem","position":2,"name":"EuroVelo 12: Niezwyk\u0142a trasa rowerowa! \u201eTu mo\u017cna spodziewa\u0107 si\u0119 wszystkiego\u201d"}]},{"@type":"WebSite","@id":"https:\/\/www.welovecycling.com\/pl\/#website","url":"https:\/\/www.welovecycling.com\/pl\/","name":"\u0160koda We Love Cycling - Poland","description":"","potentialAction":[{"@type":"SearchAction","target":{"@type":"EntryPoint","urlTemplate":"https:\/\/www.welovecycling.com\/pl\/?s={search_term_string}"},"query-input":{"@type":"PropertyValueSpecification","valueRequired":true,"valueName":"search_term_string"}}],"inLanguage":"pl-PL"},{"@type":"Person","@id":"https:\/\/www.welovecycling.com\/pl\/#\/schema\/person\/0dba2d39da943db9df3fd8f4687e7f23","name":"piotrboczkowski","image":{"@type":"ImageObject","inLanguage":"pl-PL","@id":"https:\/\/www.welovecycling.com\/pl\/#\/schema\/person\/image\/","url":"https:\/\/secure.gravatar.com\/avatar\/533caccae14752e03a2ce2d3fd62d1b98b93e1393c3195c27819e53344ca1ace?s=96&d=mm&r=g","contentUrl":"https:\/\/secure.gravatar.com\/avatar\/533caccae14752e03a2ce2d3fd62d1b98b93e1393c3195c27819e53344ca1ace?s=96&d=mm&r=g","caption":"piotrboczkowski"},"url":"https:\/\/www.welovecycling.com\/pl\/author\/piotrboczkowski\/"}]}},"_links":{"self":[{"href":"https:\/\/www.welovecycling.com\/pl\/wp-json\/wp\/v2\/posts\/9958","targetHints":{"allow":["GET"]}}],"collection":[{"href":"https:\/\/www.welovecycling.com\/pl\/wp-json\/wp\/v2\/posts"}],"about":[{"href":"https:\/\/www.welovecycling.com\/pl\/wp-json\/wp\/v2\/types\/post"}],"author":[{"embeddable":true,"href":"https:\/\/www.welovecycling.com\/pl\/wp-json\/wp\/v2\/users\/76"}],"replies":[{"embeddable":true,"href":"https:\/\/www.welovecycling.com\/pl\/wp-json\/wp\/v2\/comments?post=9958"}],"version-history":[{"count":1,"href":"https:\/\/www.welovecycling.com\/pl\/wp-json\/wp\/v2\/posts\/9958\/revisions"}],"predecessor-version":[{"id":9960,"href":"https:\/\/www.welovecycling.com\/pl\/wp-json\/wp\/v2\/posts\/9958\/revisions\/9960"}],"wp:featuredmedia":[{"embeddable":true,"href":"https:\/\/www.welovecycling.com\/pl\/wp-json\/wp\/v2\/media\/9959"}],"wp:attachment":[{"href":"https:\/\/www.welovecycling.com\/pl\/wp-json\/wp\/v2\/media?parent=9958"}],"wp:term":[{"taxonomy":"category","embeddable":true,"href":"https:\/\/www.welovecycling.com\/pl\/wp-json\/wp\/v2\/categories?post=9958"},{"taxonomy":"post_tag","embeddable":true,"href":"https:\/\/www.welovecycling.com\/pl\/wp-json\/wp\/v2\/tags?post=9958"},{"taxonomy":"global-categories","embeddable":true,"href":"https:\/\/www.welovecycling.com\/pl\/wp-json\/wp\/v2\/global-categories?post=9958"}],"curies":[{"name":"wp","href":"https:\/\/api.w.org\/{rel}","templated":true}]}}