{"id":9933,"date":"2019-11-06T16:10:59","date_gmt":"2019-11-06T16:10:59","guid":{"rendered":"https:\/\/www.welovecycling.com\/pl\/?p=9933"},"modified":"2019-11-07T07:16:17","modified_gmt":"2019-11-07T07:16:17","slug":"miesiac-miodowy-na-rowerze-ciezkie-zycie-zawodowego-kolarza","status":"publish","type":"post","link":"https:\/\/www.welovecycling.com\/pl\/2019\/11\/06\/miesiac-miodowy-na-rowerze-ciezkie-zycie-zawodowego-kolarza\/","title":{"rendered":"Miesi\u0105c miodowy na rowerze\u2026 Ci\u0119\u017ckie \u017cycie zawodowego kolarza"},"content":{"rendered":"<p><strong>Niespodzianki, pi\u0119kne triumfy i wielkie rozczarowania \u2013 UCI World Tour 2019 by\u0142 jak przeja\u017cd\u017cka na rollercoasterze. Teraz powoli przychodzi czas na odpoczynek, cho\u0107 najlepsi kolarze spokoju nie zaznali nawet podczas miesi\u0105ca miodowego!<\/strong><\/p>\n<p><strong>Sk\u0142ada\u0142 si\u0119 z 38 wy\u015bcig\u00f3w, zago\u015bci\u0142 na czterech kontynentach i przyni\u00f3s\u0142 niesamowite emocje. Sezon UCI World Tour 2019 zosta\u0142 oficjalnie zamkni\u0119ty, cho\u0107 b\u0119dzie si\u0119 o nim m\u00f3wi\u0142o jeszcze miesi\u0105cami.<\/strong><\/p>\n<p>Zacz\u0119\u0142o si\u0119 w po\u0142owie stycznia w Australii, a zako\u0144czy\u0142o kilkana\u015bcie dni temu w Chinach. Azjatycki Tour of Guangxi wygra\u0142 Hiszpan Enric Mas z Deceuninck-Quick Step (Tomasz Marczy\u0144ski zwyci\u0119\u017cy\u0142 w klasyfikacji g\u00f3rskiej), cho\u0107 to zapewne nie o nim w tym roku najg\u0142o\u015bniej m\u00f3wi\u0142o si\u0119 w peletonie.<\/p>\n<p><span style=\"font-size: 18pt;\"><strong>Wielki zwyci\u0119stwa i dramaty<\/strong><\/span><\/p>\n<p>W 2019 roku do czo\u0142\u00f3wki szturmem wdarli si\u0119 m\u0142odzi i mniej do\u015bwiadczeni kolarze. 26-letni Richard Carapaz (Movistar) sprawi\u0142, \u017ce ludzie w Ekwadorze wyszli na ulice, by \u015bwi\u0119towa\u0107 jego wygran\u0105 w Giro d\u2019Italia.<\/p>\n<p>Kilka miesi\u0119cy p\u00f3\u017aniej w Ameryce Po\u0142udniowej zn\u00f3w wybuch\u0142 kolarski sza\u0142, bo tym razem to 22-letni Kolumbijczyk Egan Bernal (Ineos) pokaza\u0142 si\u0142\u0119 i to w najwi\u0119kszym wy\u015bcigu \u015bwiata \u2013 Tour de France.<\/p>\n<p>Honor Europejczyk\u00f3w obroni\u0142 Primo\u017c Roglicz (Jumbo-Visma), kt\u00f3ry nie mia\u0142 sobie r\u00f3wnych w Vuelta a Espana.<\/p>\n<p>Nie by\u0142y to mo\u017ce kolarskie sensacje, ale u bukmacher\u00f3w ci zawodnicy nie mieli najwy\u017cszych notowa\u0144. Tegoroczny peleton w du\u017cej mierze przetrzebi\u0142y jednak kontuzje.<\/p>\n<p>Najg\u0142o\u015bniejsz\u0105 odni\u00f3s\u0142 Christopher Froome. Brytyjczyk w Tour de France mia\u0142 walczy\u0107 o przej\u015bcie do historii (zapewni\u0142by to sobie pi\u0105tym triumfem), ale podczas treningu upad\u0142 i zamiast na starcie, zameldowa\u0142 si\u0119 w szpitalu.<\/p>\n<p>Spekulowano, \u017ce Froome mo\u017ce jednak zdo\u0142a si\u0119 wykurowa\u0107 na Wielk\u0105 P\u0119tl\u0119, ale w tej kwestii ponios\u0142o chyba nawet najwi\u0119kszych optymist\u00f3w, bo do pe\u0142nej sprawno\u015bci Brytyjczyk wr\u00f3ci\u0142 dopiero niedawno<\/p>\n<div class=\"embed-controller-wrapper\">\n<blockquote class=\"twitter-tweet\" data-width=\"500\" data-dnt=\"true\">\n<p lang=\"en\" dir=\"ltr\">Back in my first race since my crash with <a href=\"https:\/\/twitter.com\/Eganbernal?ref_src=twsrc%5Etfw\">@Eganbernal<\/a> at the <a href=\"https:\/\/twitter.com\/saitamacrite?ref_src=twsrc%5Etfw\">@saitamacrite<\/a> Happy day \ud83d\ude01\u2764\ufe0f\ud83c\uddef\ud83c\uddf5 <a href=\"https:\/\/twitter.com\/hashtag\/mondaymotivation?src=hash&amp;ref_src=twsrc%5Etfw\">#mondaymotivation<\/a> <a href=\"https:\/\/twitter.com\/hashtag\/cycling?src=hash&amp;ref_src=twsrc%5Etfw\">#cycling<\/a> <a href=\"https:\/\/twitter.com\/hashtag\/saitama?src=hash&amp;ref_src=twsrc%5Etfw\">#saitama<\/a> <a href=\"https:\/\/twitter.com\/hashtag\/saitamacriterium?src=hash&amp;ref_src=twsrc%5Etfw\">#saitamacriterium<\/a>\ud83d\udeb4\ud83c\udffb\u200d\u2642\ufe0f\ud83d\udca8<br \/>\ud83d\udcf8 <a href=\"https:\/\/twitter.com\/knob_twitt?ref_src=twsrc%5Etfw\">@knob_twitt<\/a> <a href=\"https:\/\/t.co\/EN5txhB7vV\">pic.twitter.com\/EN5txhB7vV<\/a><\/p>\n<p>&mdash; Chris Froome (@chrisfroome) <a href=\"https:\/\/twitter.com\/chrisfroome\/status\/1188740182851444736?ref_src=twsrc%5Etfw\">October 28, 2019<\/a><\/p><\/blockquote>\n<p><script async data-src=\"https:\/\/platform.twitter.com\/widgets.js\" charset=\"utf-8\"><\/script><\/div>\n<p>Kontuzja, z walki o wygranie TdF, wyeliminowa\u0142a tez faworyta gospodarzy &#8211; Thibauta Pinot.<\/p>\n<div class=\"embed-controller-wrapper\">\n<blockquote class=\"twitter-tweet\" data-width=\"500\" data-dnt=\"true\">\n<p lang=\"fr\" dir=\"ltr\">\ud83d\ude22 It\u2019s over for Thibaut Pinot who suffers too much. Extremely sad.<\/p>\n<p>\ud83d\ude22 C\u2019est fini pour <a href=\"https:\/\/twitter.com\/ThibautPinot?ref_src=twsrc%5Etfw\">@ThibautPinot<\/a> qui souffre trop pour continuer. Un moment tr\u00e8s difficile pour lui et son \u00e9quipe.<a href=\"https:\/\/twitter.com\/hashtag\/TDF2019?src=hash&amp;ref_src=twsrc%5Etfw\">#TDF2019<\/a> <a href=\"https:\/\/t.co\/qr7Bab0iPk\">pic.twitter.com\/qr7Bab0iPk<\/a><\/p>\n<p>&mdash; Tour de France\u2122 (@LeTour) <a href=\"https:\/\/twitter.com\/LeTour\/status\/1154739227713818625?ref_src=twsrc%5Etfw\">July 26, 2019<\/a><\/p><\/blockquote>\n<p><script async data-src=\"https:\/\/platform.twitter.com\/widgets.js\" charset=\"utf-8\"><\/script><\/div>\n<p>A gdy wydawa\u0142o si\u0119, \u017ce w tym roku pech odpu\u015bci ju\u017c najwi\u0119kszym zawodnikom \u015bwiata, to w szpitalu zameldowa\u0142 si\u0119 Alberto Cantador. Hiszpan cieszy\u0142 si\u0119, \u017ce b\u0119dzie m\u00f3g\u0142 pojecha\u0107 w wy\u015bcigu w Kolumbii, gdzie zaprosi\u0142 go Rigoberto Uran, ale zamiast na starcie, wyl\u0105dowa\u0142 w \u0142\u00f3\u017cku. Pow\u00f3d? Problemy gastryczne i wysoka gor\u0105czka. Na szcz\u0119\u015bcie wszystko ju\u017c jest dobrze i Hiszpan wr\u00f3ci\u0142 do domu.<\/p>\n<p>\u201eDzi\u0119kuj\u0119 wszystkim za zainteresowanie i trosk\u0119 podczas tych trudnych dni\u201d \u2013 m\u00f3wi\u0142 Conrador.<\/p>\n<p>https:\/\/www.instagram.com\/p\/B4aVzXvgK9y\/?igshid=1wif0qjyjsqx4<\/p>\n<p><span style=\"font-size: 18pt;\"><strong>Miesi\u0105c miodowy z mistrzem, ale bez \u017cony<\/strong><\/span><\/p>\n<p>Kolarze powoli zaczynaj\u0105 zapada\u0107 w zimowy sen, cho\u0107 w ich przypadku jest on bardzo kr\u00f3tki. Zako\u0144czy\u0142 si\u0119 sezon UCI World Tour 2019, ale na ca\u0142ym \u015bwiecie ci\u0105gle rozgrywane b\u0119d\u0105 mniej znacz\u0105ce wy\u015bcigi.<\/p>\n<p>Zawodnicy teraz jednak b\u0119d\u0105 pr\u00f3bowali pod\u0142adowa\u0107 akumulatory, a bardzo dobr\u0105 okazj\u0119 ku temu mia\u0142 Primo\u017c Rogli\u0107<\/p>\n<p>https:\/\/www.instagram.com\/p\/B4aVzXvgK9y\/?igshid=1wif0qjyjsqx4<\/p>\n<p>Je\u015bli chodzi o oryginalne, a czasem wr\u0119cz dziwaczne sposoby sp\u0119dzania wolnego czasu, to zawsze mo\u017cna liczy\u0107 na Petera Sagana<\/p>\n<div class=\"embed-controller-wrapper\">\n<blockquote class=\"twitter-tweet\" data-width=\"500\" data-dnt=\"true\">\n<p lang=\"en\" dir=\"ltr\">My axe-throwing skills are quite good but sack racing isn&#39;t my strong point. Congratulations to <a href=\"https:\/\/twitter.com\/BORAhansgrohe?ref_src=twsrc%5Etfw\">@BORAhansgrohe<\/a> soigneur Marina Gindhart for beating me with such ease in our team-building activities in @tvb_osttirol. I have to copy her style and technique! <a href=\"https:\/\/twitter.com\/GoPro?ref_src=twsrc%5Etfw\">@gopro<\/a> <a href=\"https:\/\/twitter.com\/hashtag\/GoProHERO8?src=hash&amp;ref_src=twsrc%5Etfw\">#GoProHERO8<\/a> <a href=\"https:\/\/t.co\/vW7ZcLSv5O\">pic.twitter.com\/vW7ZcLSv5O<\/a><\/p>\n<p>&mdash; Peter Sagan (@petosagan) <a href=\"https:\/\/twitter.com\/petosagan\/status\/1189230494359138306?ref_src=twsrc%5Etfw\">October 29, 2019<\/a><\/p><\/blockquote>\n<p><script async data-src=\"https:\/\/platform.twitter.com\/widgets.js\" charset=\"utf-8\"><\/script><\/div>\n<div class=\"embed-controller-wrapper\">\n<blockquote class=\"twitter-tweet\" data-width=\"500\" data-dnt=\"true\">\n<p lang=\"en\" dir=\"ltr\">Well, it seems I&#39;m not that bad in axe throwing, @tvb_osttirol style. It even looks more impressive in slow motion&#8230; <a href=\"https:\/\/twitter.com\/GoPro?ref_src=twsrc%5Etfw\">@gopro<\/a> <a href=\"https:\/\/twitter.com\/hashtag\/GoProHERO8?src=hash&amp;ref_src=twsrc%5Etfw\">#GoProHERO8<\/a> <a href=\"https:\/\/t.co\/UAlMqhyXtF\">pic.twitter.com\/UAlMqhyXtF<\/a><\/p>\n<p>&mdash; Peter Sagan (@petosagan) <a href=\"https:\/\/twitter.com\/petosagan\/status\/1188881027395129345?ref_src=twsrc%5Etfw\">October 28, 2019<\/a><\/p><\/blockquote>\n<p><script async data-src=\"https:\/\/platform.twitter.com\/widgets.js\" charset=\"utf-8\"><\/script><\/div>\n<p>S\u0142owak jednak roweru g\u0142\u0119boko do gara\u017cu nie chowa, bo przed nim jeszcze jego trzydniowa impreza rowerowa w San Diego.<\/p>\n<p>Wiele z kolei zmieni\u0142o si\u0119 w \u017cyciu Micha\u0142a Kwiatkowskiego.<\/p>\n<div class=\"embed-controller-wrapper\">\n<blockquote class=\"twitter-tweet\" data-width=\"500\" data-dnt=\"true\">\n<p lang=\"pl\" dir=\"ltr\">Mrs. &amp; Mr. Kwiatkowski \u2764\ufe0f<a href=\"https:\/\/twitter.com\/hashtag\/bestday?src=hash&amp;ref_src=twsrc%5Etfw\">#bestday<\/a> <a href=\"https:\/\/twitter.com\/hashtag\/foreveryours?src=hash&amp;ref_src=twsrc%5Etfw\">#foreveryours<\/a> <a href=\"https:\/\/t.co\/nI5cgf8zFR\">pic.twitter.com\/nI5cgf8zFR<\/a><\/p>\n<p>&mdash; Micha\u0142 Kwiatkowski (@kwiato) <a href=\"https:\/\/twitter.com\/kwiato\/status\/1185567485216591874?ref_src=twsrc%5Etfw\">October 19, 2019<\/a><\/p><\/blockquote>\n<p><script async data-src=\"https:\/\/platform.twitter.com\/widgets.js\" charset=\"utf-8\"><\/script><\/div>\n<p>Trzy tygodnie temu jeden z najlepszych polskich zawodnik\u00f3w o\u017ceni\u0142 si\u0119 z Agat\u0105 Laskowsk\u0105, ale miesi\u0105c miodowy sp\u0119dzi\u0142\u2026 tak:<\/p>\n<div class=\"embed-controller-wrapper\">\n<blockquote class=\"twitter-tweet\" data-width=\"500\" data-dnt=\"true\">\n<p lang=\"en\" dir=\"ltr\">Time to learn some new moves\ud83e\udd4b<a href=\"https:\/\/twitter.com\/hashtag\/gottalovejapan?src=hash&amp;ref_src=twsrc%5Etfw\">#gottalovejapan<\/a>\ud83c\uddef\ud83c\uddf5<a href=\"https:\/\/twitter.com\/saitamacrite?ref_src=twsrc%5Etfw\">@saitamacrite<\/a> <a href=\"https:\/\/twitter.com\/LeTour?ref_src=twsrc%5Etfw\">@LeTour<\/a><br \/>\ud83d\udcf7 <a href=\"https:\/\/twitter.com\/GettySports?ref_src=twsrc%5Etfw\">@GettySports<\/a> <a href=\"https:\/\/t.co\/0NTaTcgF1s\">pic.twitter.com\/0NTaTcgF1s<\/a><\/p>\n<p>&mdash; Micha\u0142 Kwiatkowski (@kwiato) <a href=\"https:\/\/twitter.com\/kwiato\/status\/1188021010194456576?ref_src=twsrc%5Etfw\">October 26, 2019<\/a><\/p><\/blockquote>\n<p><script async data-src=\"https:\/\/platform.twitter.com\/widgets.js\" charset=\"utf-8\"><\/script><\/div>\n<p>Jak wida\u0107 \u2013 zamiast podr\u00f3\u017cy po\u015blubnej, by\u0142a wyprawa do Japonii. Tam Kwiatkowski poznawa\u0142 trasy, na kt\u00f3rych w przysz\u0142ym roku kolarze b\u0119d\u0105 walczyli o medale olimpijskie. Zamiast ukochanej u boku, Kwiatkowski mia\u0142 wi\u0119c\u2026 Christophera Froome\u2019a<\/p>\n<div class=\"embed-controller-wrapper\">\n<blockquote class=\"twitter-tweet\" data-width=\"500\" data-dnt=\"true\">\n<p lang=\"en\" dir=\"ltr\">Honeymoon \ud83d\ude02 <a href=\"https:\/\/twitter.com\/chrisfroome?ref_src=twsrc%5Etfw\">@chrisfroome<\/a> <a href=\"https:\/\/twitter.com\/hashtag\/Tokio2020?src=hash&amp;ref_src=twsrc%5Etfw\">#Tokio2020<\/a> <a href=\"https:\/\/twitter.com\/Olympics?ref_src=twsrc%5Etfw\">@Olympics<\/a> <a href=\"https:\/\/t.co\/npbNCRs9gj\">pic.twitter.com\/npbNCRs9gj<\/a><\/p>\n<p>&mdash; Micha\u0142 Kwiatkowski (@kwiato) <a href=\"https:\/\/twitter.com\/kwiato\/status\/1187617806331842561?ref_src=twsrc%5Etfw\">October 25, 2019<\/a><\/p><\/blockquote>\n<p><script async data-src=\"https:\/\/platform.twitter.com\/widgets.js\" charset=\"utf-8\"><\/script><\/div>\n<p>Jednak nawet zawodowcy nie \u017cyj\u0105 tylko kolarstwem, lecz \u2013 szczeg\u00f3lnie teraz \u2013 znajduj\u0105 te\u017c czas dla najbli\u017cszych<\/p>\n<div class=\"embed-controller-wrapper\">\n<blockquote class=\"twitter-tweet\" data-width=\"500\" data-dnt=\"true\">\n<p lang=\"qme\" dir=\"ltr\"><a href=\"https:\/\/twitter.com\/hashtag\/trickortreat?src=hash&amp;ref_src=twsrc%5Etfw\">#trickortreat<\/a> <a href=\"https:\/\/twitter.com\/hashtag\/HappyHalloween?src=hash&amp;ref_src=twsrc%5Etfw\">#HappyHalloween<\/a> \ud83c\udf83\ud83d\udc7b <a href=\"https:\/\/t.co\/7N4TuPJJXl\">pic.twitter.com\/7N4TuPJJXl<\/a><\/p>\n<p>&mdash; Chris Froome (@chrisfroome) <a href=\"https:\/\/twitter.com\/chrisfroome\/status\/1189881350414852096?ref_src=twsrc%5Etfw\">October 31, 2019<\/a><\/p><\/blockquote>\n<p><script async data-src=\"https:\/\/platform.twitter.com\/widgets.js\" charset=\"utf-8\"><\/script><\/div>\n<p>Teraz zawodnik\u00f3w czekaj\u0105 treningi i kr\u00f3tkie urlopy, a pierwszy wy\u015bcig z UCI World Tour 2020 wystartuje 21 stycznia w Australii.<\/p>\n<p>&nbsp;<\/p>\n<p>&nbsp;<\/p>\n<p>&nbsp;<\/p>\n","protected":false},"excerpt":{"rendered":"<p>Niespodzianki, pi\u0119kne triumfy i wielkie rozczarowania \u2013 UCI World Tour 2019 by\u0142 jak przeja\u017cd\u017cka na rollercoasterze. Teraz powoli przychodzi czas [&hellip;]<\/p>\n","protected":false},"author":76,"featured_media":9156,"comment_status":"open","ping_status":"open","sticky":false,"template":"","format":"standard","meta":{"footnotes":""},"categories":[226],"tags":[],"global-categories":[303],"class_list":["post-9933","post","type-post","status-publish","format-standard","has-post-thumbnail","hentry","category-ciekawostki","global-categories-cycling"],"yoast_head":"<!-- This site is optimized with the Yoast SEO Premium plugin v25.3 (Yoast SEO v25.9) - https:\/\/yoast.com\/wordpress\/plugins\/seo\/ -->\n<title>Miesi\u0105c miodowy na rowerze\u2026 Ci\u0119\u017ckie \u017cycie zawodowego kolarza - \u0160koda We Love Cycling - Poland<\/title>\n<meta name=\"robots\" content=\"index, follow, max-snippet:-1, max-image-preview:large, max-video-preview:-1\" \/>\n<link rel=\"canonical\" href=\"https:\/\/www.welovecycling.com\/pl\/2019\/11\/06\/miesiac-miodowy-na-rowerze-ciezkie-zycie-zawodowego-kolarza\/\" \/>\n<meta property=\"og:locale\" content=\"pl_PL\" \/>\n<meta property=\"og:type\" content=\"article\" \/>\n<meta property=\"og:title\" content=\"Miesi\u0105c miodowy na rowerze\u2026 Ci\u0119\u017ckie \u017cycie zawodowego kolarza\" \/>\n<meta property=\"og:description\" content=\"Niespodzianki, pi\u0119kne triumfy i wielkie rozczarowania \u2013 UCI World Tour 2019 by\u0142 jak przeja\u017cd\u017cka na rollercoasterze. Teraz powoli przychodzi czas [&hellip;]\" \/>\n<meta property=\"og:url\" content=\"https:\/\/www.welovecycling.com\/pl\/2019\/11\/06\/miesiac-miodowy-na-rowerze-ciezkie-zycie-zawodowego-kolarza\/\" \/>\n<meta property=\"og:site_name\" content=\"\u0160koda We Love Cycling - Poland\" \/>\n<meta property=\"article:published_time\" content=\"2019-11-06T16:10:59+00:00\" \/>\n<meta property=\"article:modified_time\" content=\"2019-11-07T07:16:17+00:00\" \/>\n<meta property=\"og:image\" content=\"https:\/\/d2p6e6u75xmxt8.cloudfront.net\/5\/2019\/06\/sunset-cycling-pexels-287398-CVR-1024x450.jpg\" \/>\n\t<meta property=\"og:image:width\" content=\"1024\" \/>\n\t<meta property=\"og:image:height\" content=\"450\" \/>\n\t<meta property=\"og:image:type\" content=\"image\/jpeg\" \/>\n<meta name=\"author\" content=\"piotrboczkowski\" \/>\n<meta name=\"twitter:card\" content=\"summary_large_image\" \/>\n<meta name=\"twitter:label1\" content=\"Written by\" \/>\n\t<meta name=\"twitter:data1\" content=\"Piotr Nowik\" \/>\n\t<meta name=\"twitter:label2\" content=\"Est. reading time\" \/>\n\t<meta name=\"twitter:data2\" content=\"4 minutes\" \/>\n<script type=\"application\/ld+json\" class=\"yoast-schema-graph\">{\"@context\":\"https:\/\/schema.org\",\"@graph\":[{\"@type\":\"WebPage\",\"@id\":\"https:\/\/www.welovecycling.com\/pl\/2019\/11\/06\/miesiac-miodowy-na-rowerze-ciezkie-zycie-zawodowego-kolarza\/\",\"url\":\"https:\/\/www.welovecycling.com\/pl\/2019\/11\/06\/miesiac-miodowy-na-rowerze-ciezkie-zycie-zawodowego-kolarza\/\",\"name\":\"Miesi\u0105c miodowy na rowerze\u2026 Ci\u0119\u017ckie \u017cycie zawodowego kolarza - \u0160koda We Love Cycling - Poland\",\"isPartOf\":{\"@id\":\"https:\/\/www.welovecycling.com\/pl\/#website\"},\"primaryImageOfPage\":{\"@id\":\"https:\/\/www.welovecycling.com\/pl\/2019\/11\/06\/miesiac-miodowy-na-rowerze-ciezkie-zycie-zawodowego-kolarza\/#primaryimage\"},\"image\":{\"@id\":\"https:\/\/www.welovecycling.com\/pl\/2019\/11\/06\/miesiac-miodowy-na-rowerze-ciezkie-zycie-zawodowego-kolarza\/#primaryimage\"},\"thumbnailUrl\":\"https:\/\/d2p6e6u75xmxt8.cloudfront.net\/5\/2019\/06\/sunset-cycling-pexels-287398-CVR-1024x450.jpg\",\"datePublished\":\"2019-11-06T16:10:59+00:00\",\"dateModified\":\"2019-11-07T07:16:17+00:00\",\"author\":{\"@id\":\"https:\/\/www.welovecycling.com\/pl\/#\/schema\/person\/0dba2d39da943db9df3fd8f4687e7f23\"},\"breadcrumb\":{\"@id\":\"https:\/\/www.welovecycling.com\/pl\/2019\/11\/06\/miesiac-miodowy-na-rowerze-ciezkie-zycie-zawodowego-kolarza\/#breadcrumb\"},\"inLanguage\":\"pl-PL\",\"potentialAction\":[{\"@type\":\"ReadAction\",\"target\":[\"https:\/\/www.welovecycling.com\/pl\/2019\/11\/06\/miesiac-miodowy-na-rowerze-ciezkie-zycie-zawodowego-kolarza\/\"]}]},{\"@type\":\"ImageObject\",\"inLanguage\":\"pl-PL\",\"@id\":\"https:\/\/www.welovecycling.com\/pl\/2019\/11\/06\/miesiac-miodowy-na-rowerze-ciezkie-zycie-zawodowego-kolarza\/#primaryimage\",\"url\":\"https:\/\/d2p6e6u75xmxt8.cloudfront.net\/5\/2019\/06\/sunset-cycling-pexels-287398-CVR-1024x450.jpg\",\"contentUrl\":\"https:\/\/d2p6e6u75xmxt8.cloudfront.net\/5\/2019\/06\/sunset-cycling-pexels-287398-CVR-1024x450.jpg\",\"width\":1024,\"height\":450},{\"@type\":\"BreadcrumbList\",\"@id\":\"https:\/\/www.welovecycling.com\/pl\/2019\/11\/06\/miesiac-miodowy-na-rowerze-ciezkie-zycie-zawodowego-kolarza\/#breadcrumb\",\"itemListElement\":[{\"@type\":\"ListItem\",\"position\":1,\"name\":\"Home\",\"item\":\"https:\/\/www.welovecycling.com\/pl\/\"},{\"@type\":\"ListItem\",\"position\":2,\"name\":\"Miesi\u0105c miodowy na rowerze\u2026 Ci\u0119\u017ckie \u017cycie zawodowego kolarza\"}]},{\"@type\":\"WebSite\",\"@id\":\"https:\/\/www.welovecycling.com\/pl\/#website\",\"url\":\"https:\/\/www.welovecycling.com\/pl\/\",\"name\":\"\u0160koda We Love Cycling - Poland\",\"description\":\"\",\"potentialAction\":[{\"@type\":\"SearchAction\",\"target\":{\"@type\":\"EntryPoint\",\"urlTemplate\":\"https:\/\/www.welovecycling.com\/pl\/?s={search_term_string}\"},\"query-input\":{\"@type\":\"PropertyValueSpecification\",\"valueRequired\":true,\"valueName\":\"search_term_string\"}}],\"inLanguage\":\"pl-PL\"},{\"@type\":\"Person\",\"@id\":\"https:\/\/www.welovecycling.com\/pl\/#\/schema\/person\/0dba2d39da943db9df3fd8f4687e7f23\",\"name\":\"piotrboczkowski\",\"image\":{\"@type\":\"ImageObject\",\"inLanguage\":\"pl-PL\",\"@id\":\"https:\/\/www.welovecycling.com\/pl\/#\/schema\/person\/image\/\",\"url\":\"https:\/\/secure.gravatar.com\/avatar\/533caccae14752e03a2ce2d3fd62d1b98b93e1393c3195c27819e53344ca1ace?s=96&d=mm&r=g\",\"contentUrl\":\"https:\/\/secure.gravatar.com\/avatar\/533caccae14752e03a2ce2d3fd62d1b98b93e1393c3195c27819e53344ca1ace?s=96&d=mm&r=g\",\"caption\":\"piotrboczkowski\"},\"url\":\"https:\/\/www.welovecycling.com\/pl\/author\/piotrboczkowski\/\"}]}<\/script>\n<!-- \/ Yoast SEO Premium plugin. -->","yoast_head_json":{"title":"Miesi\u0105c miodowy na rowerze\u2026 Ci\u0119\u017ckie \u017cycie zawodowego kolarza - \u0160koda We Love Cycling - Poland","robots":{"index":"index","follow":"follow","max-snippet":"max-snippet:-1","max-image-preview":"max-image-preview:large","max-video-preview":"max-video-preview:-1"},"canonical":"https:\/\/www.welovecycling.com\/pl\/2019\/11\/06\/miesiac-miodowy-na-rowerze-ciezkie-zycie-zawodowego-kolarza\/","og_locale":"pl_PL","og_type":"article","og_title":"Miesi\u0105c miodowy na rowerze\u2026 Ci\u0119\u017ckie \u017cycie zawodowego kolarza","og_description":"Niespodzianki, pi\u0119kne triumfy i wielkie rozczarowania \u2013 UCI World Tour 2019 by\u0142 jak przeja\u017cd\u017cka na rollercoasterze. Teraz powoli przychodzi czas [&hellip;]","og_url":"https:\/\/www.welovecycling.com\/pl\/2019\/11\/06\/miesiac-miodowy-na-rowerze-ciezkie-zycie-zawodowego-kolarza\/","og_site_name":"\u0160koda We Love Cycling - Poland","article_published_time":"2019-11-06T16:10:59+00:00","article_modified_time":"2019-11-07T07:16:17+00:00","og_image":[{"width":1024,"height":450,"url":"https:\/\/d2p6e6u75xmxt8.cloudfront.net\/5\/2019\/06\/sunset-cycling-pexels-287398-CVR-1024x450.jpg","type":"image\/jpeg"}],"author":"piotrboczkowski","twitter_card":"summary_large_image","twitter_misc":{"Written by":"Piotr Nowik","Est. reading time":"4 minutes"},"schema":{"@context":"https:\/\/schema.org","@graph":[{"@type":"WebPage","@id":"https:\/\/www.welovecycling.com\/pl\/2019\/11\/06\/miesiac-miodowy-na-rowerze-ciezkie-zycie-zawodowego-kolarza\/","url":"https:\/\/www.welovecycling.com\/pl\/2019\/11\/06\/miesiac-miodowy-na-rowerze-ciezkie-zycie-zawodowego-kolarza\/","name":"Miesi\u0105c miodowy na rowerze\u2026 Ci\u0119\u017ckie \u017cycie zawodowego kolarza - \u0160koda We Love Cycling - Poland","isPartOf":{"@id":"https:\/\/www.welovecycling.com\/pl\/#website"},"primaryImageOfPage":{"@id":"https:\/\/www.welovecycling.com\/pl\/2019\/11\/06\/miesiac-miodowy-na-rowerze-ciezkie-zycie-zawodowego-kolarza\/#primaryimage"},"image":{"@id":"https:\/\/www.welovecycling.com\/pl\/2019\/11\/06\/miesiac-miodowy-na-rowerze-ciezkie-zycie-zawodowego-kolarza\/#primaryimage"},"thumbnailUrl":"https:\/\/d2p6e6u75xmxt8.cloudfront.net\/5\/2019\/06\/sunset-cycling-pexels-287398-CVR-1024x450.jpg","datePublished":"2019-11-06T16:10:59+00:00","dateModified":"2019-11-07T07:16:17+00:00","author":{"@id":"https:\/\/www.welovecycling.com\/pl\/#\/schema\/person\/0dba2d39da943db9df3fd8f4687e7f23"},"breadcrumb":{"@id":"https:\/\/www.welovecycling.com\/pl\/2019\/11\/06\/miesiac-miodowy-na-rowerze-ciezkie-zycie-zawodowego-kolarza\/#breadcrumb"},"inLanguage":"pl-PL","potentialAction":[{"@type":"ReadAction","target":["https:\/\/www.welovecycling.com\/pl\/2019\/11\/06\/miesiac-miodowy-na-rowerze-ciezkie-zycie-zawodowego-kolarza\/"]}]},{"@type":"ImageObject","inLanguage":"pl-PL","@id":"https:\/\/www.welovecycling.com\/pl\/2019\/11\/06\/miesiac-miodowy-na-rowerze-ciezkie-zycie-zawodowego-kolarza\/#primaryimage","url":"https:\/\/d2p6e6u75xmxt8.cloudfront.net\/5\/2019\/06\/sunset-cycling-pexels-287398-CVR-1024x450.jpg","contentUrl":"https:\/\/d2p6e6u75xmxt8.cloudfront.net\/5\/2019\/06\/sunset-cycling-pexels-287398-CVR-1024x450.jpg","width":1024,"height":450},{"@type":"BreadcrumbList","@id":"https:\/\/www.welovecycling.com\/pl\/2019\/11\/06\/miesiac-miodowy-na-rowerze-ciezkie-zycie-zawodowego-kolarza\/#breadcrumb","itemListElement":[{"@type":"ListItem","position":1,"name":"Home","item":"https:\/\/www.welovecycling.com\/pl\/"},{"@type":"ListItem","position":2,"name":"Miesi\u0105c miodowy na rowerze\u2026 Ci\u0119\u017ckie \u017cycie zawodowego kolarza"}]},{"@type":"WebSite","@id":"https:\/\/www.welovecycling.com\/pl\/#website","url":"https:\/\/www.welovecycling.com\/pl\/","name":"\u0160koda We Love Cycling - Poland","description":"","potentialAction":[{"@type":"SearchAction","target":{"@type":"EntryPoint","urlTemplate":"https:\/\/www.welovecycling.com\/pl\/?s={search_term_string}"},"query-input":{"@type":"PropertyValueSpecification","valueRequired":true,"valueName":"search_term_string"}}],"inLanguage":"pl-PL"},{"@type":"Person","@id":"https:\/\/www.welovecycling.com\/pl\/#\/schema\/person\/0dba2d39da943db9df3fd8f4687e7f23","name":"piotrboczkowski","image":{"@type":"ImageObject","inLanguage":"pl-PL","@id":"https:\/\/www.welovecycling.com\/pl\/#\/schema\/person\/image\/","url":"https:\/\/secure.gravatar.com\/avatar\/533caccae14752e03a2ce2d3fd62d1b98b93e1393c3195c27819e53344ca1ace?s=96&d=mm&r=g","contentUrl":"https:\/\/secure.gravatar.com\/avatar\/533caccae14752e03a2ce2d3fd62d1b98b93e1393c3195c27819e53344ca1ace?s=96&d=mm&r=g","caption":"piotrboczkowski"},"url":"https:\/\/www.welovecycling.com\/pl\/author\/piotrboczkowski\/"}]}},"_links":{"self":[{"href":"https:\/\/www.welovecycling.com\/pl\/wp-json\/wp\/v2\/posts\/9933","targetHints":{"allow":["GET"]}}],"collection":[{"href":"https:\/\/www.welovecycling.com\/pl\/wp-json\/wp\/v2\/posts"}],"about":[{"href":"https:\/\/www.welovecycling.com\/pl\/wp-json\/wp\/v2\/types\/post"}],"author":[{"embeddable":true,"href":"https:\/\/www.welovecycling.com\/pl\/wp-json\/wp\/v2\/users\/76"}],"replies":[{"embeddable":true,"href":"https:\/\/www.welovecycling.com\/pl\/wp-json\/wp\/v2\/comments?post=9933"}],"version-history":[{"count":1,"href":"https:\/\/www.welovecycling.com\/pl\/wp-json\/wp\/v2\/posts\/9933\/revisions"}],"predecessor-version":[{"id":9943,"href":"https:\/\/www.welovecycling.com\/pl\/wp-json\/wp\/v2\/posts\/9933\/revisions\/9943"}],"wp:featuredmedia":[{"embeddable":true,"href":"https:\/\/www.welovecycling.com\/pl\/wp-json\/wp\/v2\/media\/9156"}],"wp:attachment":[{"href":"https:\/\/www.welovecycling.com\/pl\/wp-json\/wp\/v2\/media?parent=9933"}],"wp:term":[{"taxonomy":"category","embeddable":true,"href":"https:\/\/www.welovecycling.com\/pl\/wp-json\/wp\/v2\/categories?post=9933"},{"taxonomy":"post_tag","embeddable":true,"href":"https:\/\/www.welovecycling.com\/pl\/wp-json\/wp\/v2\/tags?post=9933"},{"taxonomy":"global-categories","embeddable":true,"href":"https:\/\/www.welovecycling.com\/pl\/wp-json\/wp\/v2\/global-categories?post=9933"}],"curies":[{"name":"wp","href":"https:\/\/api.w.org\/{rel}","templated":true}]}}