{"id":9897,"date":"2019-10-24T15:12:48","date_gmt":"2019-10-24T15:12:48","guid":{"rendered":"https:\/\/www.welovecycling.com\/pl\/?p=9897"},"modified":"2019-10-25T07:19:42","modified_gmt":"2019-10-25T07:19:42","slug":"4-powody-zebys-i-ty-cieszyl-sie-z-istnienia-e-rowerow","status":"publish","type":"post","link":"https:\/\/www.welovecycling.com\/pl\/2019\/10\/24\/4-powody-zebys-i-ty-cieszyl-sie-z-istnienia-e-rowerow\/","title":{"rendered":"4 powody, \u017ceby\u015b i Ty cieszy\u0142 si\u0119 z istnienia e-rower\u00f3w"},"content":{"rendered":"<ul>\n<li><strong>Czy znasz to uczucie, gdy intensywnie peda\u0142ujesz na swoim nowym rowerze szosowym z ram\u0105 z w\u0142\u00f3kna w\u0119glowego, a starszy go\u015b\u0107 z nadwag\u0105 i w spodenkach do koszyk\u00f3wki mknie obok ciebie na elektrycznym rowerze g\u00f3rskim, jakby to by\u0142o dla niego pestk\u0105? Ten facet nie jest prawdziwym rowerzyst\u0105. Nie docenia, jak trudno jest utrzyma\u0107 szybkie tempo bez silnika elektrycznego! Nie ma poj\u0119cia, co to znaczy by\u0107 oddanym temu sportowi! Chocia\u017c prawdopodobnie wszystko, co zosta\u0142o powiedziane powy\u017cej, jest prawd\u0105, to fakt, \u017ce ten cz\u0142owiek w og\u00f3le je\u017adzi na rowerze, jest korzystny dla ca\u0142ej spo\u0142eczno\u015bci rowerzyst\u00f3w, r\u00f3wnie\u017c dla ciebie. Jeste\u015b zaskoczony? Przeczytaj do ko\u0144ca ten artyku\u0142.<\/strong><\/li>\n<\/ul>\n<p>&nbsp;<\/p>\n<p><span style=\"font-size: 18pt;\"><strong>Rowery elektryczne pomagaj\u0105 wi\u0119kszej liczbie os\u00f3b zachowa\u0107 aktywno\u015b\u0107<\/strong><\/span><\/p>\n<p>Rowery elektryczne sprawiaj\u0105, \u017ce nowicjuszom jest \u0142atwiej w og\u00f3le wsi\u0105\u015b\u0107 na dwa k\u00f3\u0142ka. Niezale\u017cnie od tego, czy s\u0105 to ludzie, kt\u00f3rzy nie uwa\u017caj\u0105 si\u0119 za sportowc\u00f3w, kt\u00f3rzy s\u0105dz\u0105, \u017ce s\u0105 za starzy, aby je\u017adzi\u0107 na rowerze lub nie s\u0105 wystarczaj\u0105co sprawni, nie b\u0119d\u0105 mieli \u0142atwego startu. Niemniej jednak e-rowery rozwiewaj\u0105 kilka powszechnych obaw, kt\u00f3re maj\u0105 niedo\u015bwiadczeni rowerzy\u015bci.<\/p>\n<ul>\n<li>E-rowery usuwaj\u0105 strach przed wzg\u00f3rzami, bo teraz ka\u017cdy mo\u017ce dosta\u0107 si\u0119 na szczyt.<\/li>\n<li>E-rowery sprawiaj\u0105, \u017ce d\u0142u\u017csze trasy staj\u0105 si\u0119 bardziej atrakcyjne. Jazda jest przyjemniejsza, gdy mo\u017cna wybra\u0107 si\u0119 daleko i odkrywa\u0107 nowe miejsca bez obawy o nag\u0142\u0105 utrat\u0119 si\u0142.<\/li>\n<li>E-rowery sprawiaj\u0105, \u017ce dojazdy do pracy s\u0105 bardziej realne: mniej potu, brak potrzeby zmiany ubrania.<\/li>\n<li><\/li>\n<\/ul>\n<p>Co to oznacza dla reszty z nas, kt\u00f3rzy korzystamy ze zwyk\u0142ych dw\u00f3ch k\u00f3\u0142ek? Rowery elektryczne to nadal ruch i \u0107wiczenia, pomagaj\u0105 by\u0107 bardziej aktywnymi, zdrowszymi i szcz\u0119\u015bliwszymi, a to, \u017ceby takich ludzi by\u0142o coraz wi\u0119cej, jest w interesie nas wszystkich.<\/p>\n<figure id=\"attachment_175569\" aria-describedby=\"caption-attachment-175569\" style=\"width: 1250px\" class=\"wp-caption alignnone\"><img loading=\"lazy\" decoding=\"async\" class=\"initial loaded wp-image-175569 size-full\" src=\"https:\/\/d2p6e6u75xmxt8.cloudfront.net\/2\/2019\/09\/E-Bike-Senior-profimedia-0463020027.jpg\" sizes=\"auto, (max-width: 1250px) 100vw, 1250px\" srcset=\"https:\/\/d2p6e6u75xmxt8.cloudfront.net\/2\/2019\/09\/E-Bike-Senior-profimedia-0463020027.jpg 1250w, https:\/\/d2p6e6u75xmxt8.cloudfront.net\/2\/2019\/09\/E-Bike-Senior-profimedia-0463020027-300x200.jpg 300w, https:\/\/d2p6e6u75xmxt8.cloudfront.net\/2\/2019\/09\/E-Bike-Senior-profimedia-0463020027-768x512.jpg 768w, https:\/\/d2p6e6u75xmxt8.cloudfront.net\/2\/2019\/09\/E-Bike-Senior-profimedia-0463020027-1024x682.jpg 1024w, https:\/\/d2p6e6u75xmxt8.cloudfront.net\/2\/2019\/09\/E-Bike-Senior-profimedia-0463020027-272x182.jpg 272w\" alt=\"\" width=\"1250\" height=\"833\" data-was-processed=\"true\" \/><figcaption id=\"caption-attachment-175569\" class=\"wp-caption-text\">Rowery elektryczne pomagaj\u0105 wi\u0119kszej liczbie os\u00f3b zachowa\u0107 aktywno\u015b\u0107. \u00a9 Profimedia, Alamy<\/figcaption><\/figure>\n<p><strong><span style=\"font-size: 18pt;\"><br \/>\nE-rowery mog\u0105 uratowa\u0107 Tw\u00f3j ulubiony sklep rowerowy<\/span><\/strong><\/p>\n<p>Rowery elektryczne to jedyny segment w kolarstwie, kt\u00f3ry odnotowuje ogromny wzrost sprzeda\u017cy. Jest to kolejna korzy\u015b\u0107, kt\u00f3ra \u0142\u0105czy si\u0119 z t\u0105 opisan\u0105 w pierwszym punkcie. Mo\u017ce ci si\u0119 nie podoba\u0107, \u017ce tw\u00f3j ulubiony sklep rowerowy przeznacza wi\u0119cej miejsca na rowery elektryczne ni\u017c szosowe, ale ich sprzeda\u017c i serwisowanie mo\u017ce by\u0107 tym, co uratuje lokalne sklepy przed bankructwem.<\/p>\n<p><strong><span style=\"font-size: 18pt;\">Rowery elektryczne zwi\u0119kszaj\u0105 bezpiecze\u0144stwo wszystkich rowerzyst\u00f3w<\/span><\/strong><\/p>\n<p>Obecno\u015b\u0107 nowych cyklist\u00f3w, kt\u00f3rzy decyduj\u0105 si\u0119 na jazd\u0119 ze wzgl\u0119du na e-rowery, oznacza zwi\u0119kszenie og\u00f3lnej liczby rowerzyst\u00f3w. To sprawia, \u017ce \u200bs\u0105 oni bardziej widoczni, poniewa\u017c kierowcy samochod\u00f3w cz\u0119\u015bciej si\u0119 z nimi spotykaj\u0105. Je\u015bli teoria \u201ebezpiecze\u0144stwa w liczbach\u201d jest s\u0142uszna, to wi\u0119ksza widoczno\u015b\u0107 rowerzyst\u00f3w na drogach powinna prowadzi\u0107 do poprawy bezpiecze\u0144stwa ich wszystkich.<\/p>\n<figure id=\"attachment_175571\" aria-describedby=\"caption-attachment-175571\" style=\"width: 999px\" class=\"wp-caption alignnone\"><img loading=\"lazy\" decoding=\"async\" class=\"loading wp-image-175571 size-full\" src=\"https:\/\/d2p6e6u75xmxt8.cloudfront.net\/2\/2019\/09\/E-Bike-profimedia-0461337678.jpg\" sizes=\"auto, (max-width: 999px) 100vw, 999px\" srcset=\"https:\/\/d2p6e6u75xmxt8.cloudfront.net\/2\/2019\/09\/E-Bike-profimedia-0461337678.jpg 999w, https:\/\/d2p6e6u75xmxt8.cloudfront.net\/2\/2019\/09\/E-Bike-profimedia-0461337678-300x117.jpg 300w, https:\/\/d2p6e6u75xmxt8.cloudfront.net\/2\/2019\/09\/E-Bike-profimedia-0461337678-768x300.jpg 768w\" alt=\"\" width=\"999\" height=\"390\" data-was-processed=\"true\" \/><figcaption id=\"caption-attachment-175571\" class=\"wp-caption-text\">\u00a9 Profimedia, DPphoto, Gorilla<\/figcaption><\/figure>\n<p><strong><span style=\"font-size: 18pt;\">Rowery elektryczne sprawiaj\u0105, \u017ce infrastruktura rowerowa jest priorytetem<\/span><\/strong><\/p>\n<p>Wi\u0119cej rowerzyst\u00f3w na drodze mo\u017ce mie\u0107 kolejn\u0105 potencjaln\u0105 d\u0142ugoterminow\u0105 korzy\u015b\u0107. Zwi\u0119ksza liczb\u0119 os\u00f3b, kt\u00f3re mog\u0142yby skorzysta\u0107 z lepszej infrastruktury rowerowej. Z kolei wi\u0119ksza liczba mi\u0142o\u015bnik\u00f3w dw\u00f3ch k\u00f3\u0142ek to szansa, \u017ce w\u0142a\u015bciwy polityk lub urbanista b\u0119dzie mia\u0142 osobiste do\u015bwiadczenia z tym, jak trudno jest je\u017adzi\u0107 bez odpowiednich znak\u00f3w i \u015bcie\u017cek rowerowych.<\/p>\n<p>Korzystanie coraz wi\u0119kszej liczby ludzi z e-rower\u00f3w niesie za sob\u0105 same zalety. Jest dobre dla zaczynaj\u0105cych jazd\u0119, korzystne dla \u015brodowiska w przypadku doje\u017cd\u017cania do pracy rowerem zamiast samochodem, stanowi bardzo potrzebny impuls dla bran\u017cy rowerowej i w ko\u0144cu niesie korzy\u015bci dla wszystkich entuzjast\u00f3w kolarstwa.<\/p>\n<style type=\"text\/css\"><!--td {border: 1px solid #ccc;}br {mso-data-placement:same-cell;}--><\/style>\n<p><span data-sheets-value=\"{&quot;1&quot;:2,&quot;2&quot;:&quot;Artyku\u0142 powsta\u0142 we wsp\u00f3\u0142pracy ze skoda-auto.pl&quot;}\" data-sheets-userformat=\"{&quot;2&quot;:1,&quot;3&quot;:{&quot;1&quot;:0}}\"><a class=\"in-cell-link\" href=\"http:\/\/www.skoda-auto.pl\/\" target=\"_blank\" rel=\"noopener\">Artyku\u0142 powsta\u0142 we wsp\u00f3\u0142pracy ze skoda-auto.pl<\/a><\/span><img loading=\"lazy\" decoding=\"async\" class=\"size-full wp-image-9608 alignleft\" src=\"https:\/\/d2p6e6u75xmxt8.cloudfront.net\/5\/2019\/08\/baner_WLC_640x350_3.png\" alt=\"\" width=\"640\" height=\"350\" srcset=\"https:\/\/d2p6e6u75xmxt8.cloudfront.net\/5\/2019\/08\/baner_WLC_640x350_3.png 640w, https:\/\/d2p6e6u75xmxt8.cloudfront.net\/5\/2019\/08\/baner_WLC_640x350_3-300x164.png 300w\" sizes=\"auto, (max-width: 640px) 100vw, 640px\" \/><\/p>\n<p>&nbsp;<\/p>\n<p>&nbsp;<\/p>\n<p>&nbsp;<\/p>\n<p>&nbsp;<\/p>\n<p>&nbsp;<\/p>\n","protected":false},"excerpt":{"rendered":"<p>Czy znasz to uczucie, gdy intensywnie peda\u0142ujesz na swoim nowym rowerze szosowym z ram\u0105 z w\u0142\u00f3kna w\u0119glowego, a starszy go\u015b\u0107 [&hellip;]<\/p>\n","protected":false},"author":76,"featured_media":9898,"comment_status":"open","ping_status":"open","sticky":false,"template":"","format":"standard","meta":{"footnotes":""},"categories":[226],"tags":[],"global-categories":[303],"class_list":["post-9897","post","type-post","status-publish","format-standard","has-post-thumbnail","hentry","category-ciekawostki","global-categories-cycling"],"yoast_head":"<!-- This site is optimized with the Yoast SEO Premium plugin v25.3 (Yoast SEO v25.9) - https:\/\/yoast.com\/wordpress\/plugins\/seo\/ -->\n<title>4 powody, \u017ceby\u015b i Ty cieszy\u0142 si\u0119 z istnienia e-rower\u00f3w - \u0160koda We Love Cycling - Poland<\/title>\n<meta name=\"robots\" content=\"index, follow, max-snippet:-1, max-image-preview:large, max-video-preview:-1\" \/>\n<link rel=\"canonical\" href=\"https:\/\/www.welovecycling.com\/pl\/2019\/10\/24\/4-powody-zebys-i-ty-cieszyl-sie-z-istnienia-e-rowerow\/\" \/>\n<meta property=\"og:locale\" content=\"pl_PL\" \/>\n<meta property=\"og:type\" content=\"article\" \/>\n<meta property=\"og:title\" content=\"4 powody, \u017ceby\u015b i Ty cieszy\u0142 si\u0119 z istnienia e-rower\u00f3w\" \/>\n<meta property=\"og:description\" content=\"Czy znasz to uczucie, gdy intensywnie peda\u0142ujesz na swoim nowym rowerze szosowym z ram\u0105 z w\u0142\u00f3kna w\u0119glowego, a starszy go\u015b\u0107 [&hellip;]\" \/>\n<meta property=\"og:url\" content=\"https:\/\/www.welovecycling.com\/pl\/2019\/10\/24\/4-powody-zebys-i-ty-cieszyl-sie-z-istnienia-e-rowerow\/\" \/>\n<meta property=\"og:site_name\" content=\"\u0160koda We Love Cycling - Poland\" \/>\n<meta property=\"article:published_time\" content=\"2019-10-24T15:12:48+00:00\" \/>\n<meta property=\"article:modified_time\" content=\"2019-10-25T07:19:42+00:00\" \/>\n<meta property=\"og:image\" content=\"https:\/\/d2p6e6u75xmxt8.cloudfront.net\/5\/2019\/10\/E-Bike-Trailer-profimedia-0469804335-1024x450.jpg\" \/>\n\t<meta property=\"og:image:width\" content=\"1024\" \/>\n\t<meta property=\"og:image:height\" content=\"450\" \/>\n\t<meta property=\"og:image:type\" content=\"image\/jpeg\" \/>\n<meta name=\"author\" content=\"piotrboczkowski\" \/>\n<meta name=\"twitter:card\" content=\"summary_large_image\" \/>\n<meta name=\"twitter:label1\" content=\"Written by\" \/>\n\t<meta name=\"twitter:data1\" content=\"Jiri Kaloc\" \/>\n\t<meta name=\"twitter:label2\" content=\"Est. reading time\" \/>\n\t<meta name=\"twitter:data2\" content=\"4\" \/>\n<script type=\"application\/ld+json\" class=\"yoast-schema-graph\">{\"@context\":\"https:\/\/schema.org\",\"@graph\":[{\"@type\":\"WebPage\",\"@id\":\"https:\/\/www.welovecycling.com\/pl\/2019\/10\/24\/4-powody-zebys-i-ty-cieszyl-sie-z-istnienia-e-rowerow\/\",\"url\":\"https:\/\/www.welovecycling.com\/pl\/2019\/10\/24\/4-powody-zebys-i-ty-cieszyl-sie-z-istnienia-e-rowerow\/\",\"name\":\"4 powody, \u017ceby\u015b i Ty cieszy\u0142 si\u0119 z istnienia e-rower\u00f3w - \u0160koda We Love Cycling - Poland\",\"isPartOf\":{\"@id\":\"https:\/\/www.welovecycling.com\/pl\/#website\"},\"primaryImageOfPage\":{\"@id\":\"https:\/\/www.welovecycling.com\/pl\/2019\/10\/24\/4-powody-zebys-i-ty-cieszyl-sie-z-istnienia-e-rowerow\/#primaryimage\"},\"image\":{\"@id\":\"https:\/\/www.welovecycling.com\/pl\/2019\/10\/24\/4-powody-zebys-i-ty-cieszyl-sie-z-istnienia-e-rowerow\/#primaryimage\"},\"thumbnailUrl\":\"https:\/\/d2p6e6u75xmxt8.cloudfront.net\/5\/2019\/10\/E-Bike-Trailer-profimedia-0469804335-1024x450.jpg\",\"datePublished\":\"2019-10-24T15:12:48+00:00\",\"dateModified\":\"2019-10-25T07:19:42+00:00\",\"author\":{\"@id\":\"https:\/\/www.welovecycling.com\/pl\/#\/schema\/person\/0dba2d39da943db9df3fd8f4687e7f23\"},\"breadcrumb\":{\"@id\":\"https:\/\/www.welovecycling.com\/pl\/2019\/10\/24\/4-powody-zebys-i-ty-cieszyl-sie-z-istnienia-e-rowerow\/#breadcrumb\"},\"inLanguage\":\"pl-PL\",\"potentialAction\":[{\"@type\":\"ReadAction\",\"target\":[\"https:\/\/www.welovecycling.com\/pl\/2019\/10\/24\/4-powody-zebys-i-ty-cieszyl-sie-z-istnienia-e-rowerow\/\"]}]},{\"@type\":\"ImageObject\",\"inLanguage\":\"pl-PL\",\"@id\":\"https:\/\/www.welovecycling.com\/pl\/2019\/10\/24\/4-powody-zebys-i-ty-cieszyl-sie-z-istnienia-e-rowerow\/#primaryimage\",\"url\":\"https:\/\/d2p6e6u75xmxt8.cloudfront.net\/5\/2019\/10\/E-Bike-Trailer-profimedia-0469804335-1024x450.jpg\",\"contentUrl\":\"https:\/\/d2p6e6u75xmxt8.cloudfront.net\/5\/2019\/10\/E-Bike-Trailer-profimedia-0469804335-1024x450.jpg\",\"width\":1024,\"height\":450},{\"@type\":\"BreadcrumbList\",\"@id\":\"https:\/\/www.welovecycling.com\/pl\/2019\/10\/24\/4-powody-zebys-i-ty-cieszyl-sie-z-istnienia-e-rowerow\/#breadcrumb\",\"itemListElement\":[{\"@type\":\"ListItem\",\"position\":1,\"name\":\"Home\",\"item\":\"https:\/\/www.welovecycling.com\/pl\/\"},{\"@type\":\"ListItem\",\"position\":2,\"name\":\"4 powody, \u017ceby\u015b i Ty cieszy\u0142 si\u0119 z istnienia e-rower\u00f3w\"}]},{\"@type\":\"WebSite\",\"@id\":\"https:\/\/www.welovecycling.com\/pl\/#website\",\"url\":\"https:\/\/www.welovecycling.com\/pl\/\",\"name\":\"\u0160koda We Love Cycling - Poland\",\"description\":\"\",\"potentialAction\":[{\"@type\":\"SearchAction\",\"target\":{\"@type\":\"EntryPoint\",\"urlTemplate\":\"https:\/\/www.welovecycling.com\/pl\/?s={search_term_string}\"},\"query-input\":{\"@type\":\"PropertyValueSpecification\",\"valueRequired\":true,\"valueName\":\"search_term_string\"}}],\"inLanguage\":\"pl-PL\"},{\"@type\":\"Person\",\"@id\":\"https:\/\/www.welovecycling.com\/pl\/#\/schema\/person\/0dba2d39da943db9df3fd8f4687e7f23\",\"name\":\"piotrboczkowski\",\"image\":{\"@type\":\"ImageObject\",\"inLanguage\":\"pl-PL\",\"@id\":\"https:\/\/www.welovecycling.com\/pl\/#\/schema\/person\/image\/\",\"url\":\"https:\/\/secure.gravatar.com\/avatar\/533caccae14752e03a2ce2d3fd62d1b98b93e1393c3195c27819e53344ca1ace?s=96&d=mm&r=g\",\"contentUrl\":\"https:\/\/secure.gravatar.com\/avatar\/533caccae14752e03a2ce2d3fd62d1b98b93e1393c3195c27819e53344ca1ace?s=96&d=mm&r=g\",\"caption\":\"piotrboczkowski\"},\"url\":\"https:\/\/www.welovecycling.com\/pl\/author\/piotrboczkowski\/\"}]}<\/script>\n<!-- \/ Yoast SEO Premium plugin. -->","yoast_head_json":{"title":"4 powody, \u017ceby\u015b i Ty cieszy\u0142 si\u0119 z istnienia e-rower\u00f3w - \u0160koda We Love Cycling - Poland","robots":{"index":"index","follow":"follow","max-snippet":"max-snippet:-1","max-image-preview":"max-image-preview:large","max-video-preview":"max-video-preview:-1"},"canonical":"https:\/\/www.welovecycling.com\/pl\/2019\/10\/24\/4-powody-zebys-i-ty-cieszyl-sie-z-istnienia-e-rowerow\/","og_locale":"pl_PL","og_type":"article","og_title":"4 powody, \u017ceby\u015b i Ty cieszy\u0142 si\u0119 z istnienia e-rower\u00f3w","og_description":"Czy znasz to uczucie, gdy intensywnie peda\u0142ujesz na swoim nowym rowerze szosowym z ram\u0105 z w\u0142\u00f3kna w\u0119glowego, a starszy go\u015b\u0107 [&hellip;]","og_url":"https:\/\/www.welovecycling.com\/pl\/2019\/10\/24\/4-powody-zebys-i-ty-cieszyl-sie-z-istnienia-e-rowerow\/","og_site_name":"\u0160koda We Love Cycling - Poland","article_published_time":"2019-10-24T15:12:48+00:00","article_modified_time":"2019-10-25T07:19:42+00:00","og_image":[{"width":1024,"height":450,"url":"https:\/\/d2p6e6u75xmxt8.cloudfront.net\/5\/2019\/10\/E-Bike-Trailer-profimedia-0469804335-1024x450.jpg","type":"image\/jpeg"}],"author":"piotrboczkowski","twitter_card":"summary_large_image","twitter_misc":{"Written by":"Jiri Kaloc","Est. reading time":"4"},"schema":{"@context":"https:\/\/schema.org","@graph":[{"@type":"WebPage","@id":"https:\/\/www.welovecycling.com\/pl\/2019\/10\/24\/4-powody-zebys-i-ty-cieszyl-sie-z-istnienia-e-rowerow\/","url":"https:\/\/www.welovecycling.com\/pl\/2019\/10\/24\/4-powody-zebys-i-ty-cieszyl-sie-z-istnienia-e-rowerow\/","name":"4 powody, \u017ceby\u015b i Ty cieszy\u0142 si\u0119 z istnienia e-rower\u00f3w - \u0160koda We Love Cycling - Poland","isPartOf":{"@id":"https:\/\/www.welovecycling.com\/pl\/#website"},"primaryImageOfPage":{"@id":"https:\/\/www.welovecycling.com\/pl\/2019\/10\/24\/4-powody-zebys-i-ty-cieszyl-sie-z-istnienia-e-rowerow\/#primaryimage"},"image":{"@id":"https:\/\/www.welovecycling.com\/pl\/2019\/10\/24\/4-powody-zebys-i-ty-cieszyl-sie-z-istnienia-e-rowerow\/#primaryimage"},"thumbnailUrl":"https:\/\/d2p6e6u75xmxt8.cloudfront.net\/5\/2019\/10\/E-Bike-Trailer-profimedia-0469804335-1024x450.jpg","datePublished":"2019-10-24T15:12:48+00:00","dateModified":"2019-10-25T07:19:42+00:00","author":{"@id":"https:\/\/www.welovecycling.com\/pl\/#\/schema\/person\/0dba2d39da943db9df3fd8f4687e7f23"},"breadcrumb":{"@id":"https:\/\/www.welovecycling.com\/pl\/2019\/10\/24\/4-powody-zebys-i-ty-cieszyl-sie-z-istnienia-e-rowerow\/#breadcrumb"},"inLanguage":"pl-PL","potentialAction":[{"@type":"ReadAction","target":["https:\/\/www.welovecycling.com\/pl\/2019\/10\/24\/4-powody-zebys-i-ty-cieszyl-sie-z-istnienia-e-rowerow\/"]}]},{"@type":"ImageObject","inLanguage":"pl-PL","@id":"https:\/\/www.welovecycling.com\/pl\/2019\/10\/24\/4-powody-zebys-i-ty-cieszyl-sie-z-istnienia-e-rowerow\/#primaryimage","url":"https:\/\/d2p6e6u75xmxt8.cloudfront.net\/5\/2019\/10\/E-Bike-Trailer-profimedia-0469804335-1024x450.jpg","contentUrl":"https:\/\/d2p6e6u75xmxt8.cloudfront.net\/5\/2019\/10\/E-Bike-Trailer-profimedia-0469804335-1024x450.jpg","width":1024,"height":450},{"@type":"BreadcrumbList","@id":"https:\/\/www.welovecycling.com\/pl\/2019\/10\/24\/4-powody-zebys-i-ty-cieszyl-sie-z-istnienia-e-rowerow\/#breadcrumb","itemListElement":[{"@type":"ListItem","position":1,"name":"Home","item":"https:\/\/www.welovecycling.com\/pl\/"},{"@type":"ListItem","position":2,"name":"4 powody, \u017ceby\u015b i Ty cieszy\u0142 si\u0119 z istnienia e-rower\u00f3w"}]},{"@type":"WebSite","@id":"https:\/\/www.welovecycling.com\/pl\/#website","url":"https:\/\/www.welovecycling.com\/pl\/","name":"\u0160koda We Love Cycling - Poland","description":"","potentialAction":[{"@type":"SearchAction","target":{"@type":"EntryPoint","urlTemplate":"https:\/\/www.welovecycling.com\/pl\/?s={search_term_string}"},"query-input":{"@type":"PropertyValueSpecification","valueRequired":true,"valueName":"search_term_string"}}],"inLanguage":"pl-PL"},{"@type":"Person","@id":"https:\/\/www.welovecycling.com\/pl\/#\/schema\/person\/0dba2d39da943db9df3fd8f4687e7f23","name":"piotrboczkowski","image":{"@type":"ImageObject","inLanguage":"pl-PL","@id":"https:\/\/www.welovecycling.com\/pl\/#\/schema\/person\/image\/","url":"https:\/\/secure.gravatar.com\/avatar\/533caccae14752e03a2ce2d3fd62d1b98b93e1393c3195c27819e53344ca1ace?s=96&d=mm&r=g","contentUrl":"https:\/\/secure.gravatar.com\/avatar\/533caccae14752e03a2ce2d3fd62d1b98b93e1393c3195c27819e53344ca1ace?s=96&d=mm&r=g","caption":"piotrboczkowski"},"url":"https:\/\/www.welovecycling.com\/pl\/author\/piotrboczkowski\/"}]}},"_links":{"self":[{"href":"https:\/\/www.welovecycling.com\/pl\/wp-json\/wp\/v2\/posts\/9897","targetHints":{"allow":["GET"]}}],"collection":[{"href":"https:\/\/www.welovecycling.com\/pl\/wp-json\/wp\/v2\/posts"}],"about":[{"href":"https:\/\/www.welovecycling.com\/pl\/wp-json\/wp\/v2\/types\/post"}],"author":[{"embeddable":true,"href":"https:\/\/www.welovecycling.com\/pl\/wp-json\/wp\/v2\/users\/76"}],"replies":[{"embeddable":true,"href":"https:\/\/www.welovecycling.com\/pl\/wp-json\/wp\/v2\/comments?post=9897"}],"version-history":[{"count":1,"href":"https:\/\/www.welovecycling.com\/pl\/wp-json\/wp\/v2\/posts\/9897\/revisions"}],"predecessor-version":[{"id":9899,"href":"https:\/\/www.welovecycling.com\/pl\/wp-json\/wp\/v2\/posts\/9897\/revisions\/9899"}],"wp:featuredmedia":[{"embeddable":true,"href":"https:\/\/www.welovecycling.com\/pl\/wp-json\/wp\/v2\/media\/9898"}],"wp:attachment":[{"href":"https:\/\/www.welovecycling.com\/pl\/wp-json\/wp\/v2\/media?parent=9897"}],"wp:term":[{"taxonomy":"category","embeddable":true,"href":"https:\/\/www.welovecycling.com\/pl\/wp-json\/wp\/v2\/categories?post=9897"},{"taxonomy":"post_tag","embeddable":true,"href":"https:\/\/www.welovecycling.com\/pl\/wp-json\/wp\/v2\/tags?post=9897"},{"taxonomy":"global-categories","embeddable":true,"href":"https:\/\/www.welovecycling.com\/pl\/wp-json\/wp\/v2\/global-categories?post=9897"}],"curies":[{"name":"wp","href":"https:\/\/api.w.org\/{rel}","templated":true}]}}