{"id":9890,"date":"2019-10-22T10:03:16","date_gmt":"2019-10-22T10:03:16","guid":{"rendered":"https:\/\/www.welovecycling.com\/pl\/?p=9890"},"modified":"2019-10-22T10:03:16","modified_gmt":"2019-10-22T10:03:16","slug":"jesienna-jazda-rowerem","status":"publish","type":"post","link":"https:\/\/www.welovecycling.com\/pl\/2019\/10\/22\/jesienna-jazda-rowerem\/","title":{"rendered":"Jesienna jazda rowerem"},"content":{"rendered":"<p>Wszystkim uzale\u017cnionym od roweru trudno jest pogodzi\u0107 si\u0119 z tym, \u017ce mamy ju\u017c jesie\u0144. Ch\u0142odny wiatr, przeszywaj\u0105cy deszcz i przygn\u0119biaj\u0105ca ciemno\u015b\u0107 sprawiaj\u0105, \u017ce jazda mo\u017ce si\u0119 wydawa\u0107 rozrywk\u0105 dla masochist\u00f3w. Jednak kiedy to pokonasz, wra\u017cenia mog\u0105 by\u0107 jeszcze lepsze ni\u017c podczas letnich dni, niewymagaj\u0105cych wielkiego wysi\u0142ku. Jak je\u017adzi\u0107 na rowerze jesieni\u0105 i nie zachorowa\u0107?<\/p>\n<p>&nbsp;<\/p>\n<ol>\n<li><strong><span style=\"font-size: 18pt;\">We\u017a pod uwag\u0119 czas<\/span><\/strong><\/li>\n<\/ol>\n<p>Latem, gdy s\u0142o\u0144ce \u015bwieci do 19 godzin dziennie, nie musisz niczego planowa\u0107, poniewa\u017c je\u017adzi\u0107 mo\u017cesz niemal przez ca\u0142y dzie\u0144, czy to przed prac\u0105, czy po niej, ale gdy jesie\u0144 zago\u015bci na dobre, warto zastanowi\u0107 si\u0119 nad dostosowaniem czasu wycieczek do tej pory roku. Wiele wypadk\u00f3w zdarza si\u0119 jesieni\u0105, poniewa\u017c rowerzy\u015bci przyzwyczajeni do jazdy a\u017c do zmroku, nagle s\u0105 zaskoczeni wczesnym zmierzchem w drodze do domu. Ka\u017cdego, kto nie chce rezygnowa\u0107 z jazdy, zach\u0119camy do zmiany swojego harmonogramu trening\u00f3w na weekendowe poranki lub zadbania o odpowiednie o\u015bwietlenie.<\/p>\n<figure id=\"attachment_175651\" aria-describedby=\"caption-attachment-175651\" style=\"width: 1250px\" class=\"wp-caption alignnone\"><img loading=\"lazy\" decoding=\"async\" class=\"initial loaded wp-image-175651 size-full\" src=\"https:\/\/d2p6e6u75xmxt8.cloudfront.net\/2\/2019\/10\/Autumn-Cycling-profimedia-0234717188.jpg\" sizes=\"auto, (max-width: 1250px) 100vw, 1250px\" srcset=\"https:\/\/d2p6e6u75xmxt8.cloudfront.net\/2\/2019\/10\/Autumn-Cycling-profimedia-0234717188.jpg 1250w, https:\/\/d2p6e6u75xmxt8.cloudfront.net\/2\/2019\/10\/Autumn-Cycling-profimedia-0234717188-300x136.jpg 300w, https:\/\/d2p6e6u75xmxt8.cloudfront.net\/2\/2019\/10\/Autumn-Cycling-profimedia-0234717188-768x349.jpg 768w, https:\/\/d2p6e6u75xmxt8.cloudfront.net\/2\/2019\/10\/Autumn-Cycling-profimedia-0234717188-1024x465.jpg 1024w\" alt=\"\" width=\"1250\" height=\"568\" data-was-processed=\"true\" \/><figcaption id=\"caption-attachment-175651\" class=\"wp-caption-text\">\u00a9 SEBASTIAN KAHNERT \/ EPA \/ Profimedia<\/figcaption><\/figure>\n<ol start=\"2\">\n<li><strong><span style=\"font-size: 18pt;\">B\u0105d\u017a widoczny<\/span><\/strong><\/li>\n<\/ol>\n<p>Najwy\u017cszej jako\u015bci o\u015bwietlenie rowerowe to konieczno\u015b\u0107 \u2013 bia\u0142e z przodu i czerwone z ty\u0142u, zar\u00f3wno migaj\u0105ce, jak i to o wysokiej liczbie lumen\u00f3w. Je\u015bli chcesz mie\u0107 pewno\u015b\u0107, \u017ce b\u0119dziesz widoczny z bezpiecznej odleg\u0142o\u015bci, mo\u017cesz kupi\u0107 innowacyjny kask ze zintegrowanymi \u015bwiat\u0142ami LED, o kt\u00f3rym pisali\u015bmy niedawno. Jasne, a nawet refleksywne kolory pomog\u0105 kierowcy samochodu zobaczy\u0107 Ci\u0119 pod r\u00f3\u017cnymi k\u0105tami i tam, gdzie \u015bwiat\u0142a wydaj\u0105 si\u0119 s\u0142abe.<\/p>\n<p>&nbsp;<\/p>\n<ol start=\"3\">\n<li><span style=\"font-size: 18pt;\"><strong>Przyzwyczaj organizm do zimna<\/strong><\/span><\/li>\n<\/ol>\n<p>Rowerzy\u015bci, kt\u00f3rzy je\u017cd\u017c\u0105 regularnie, poradz\u0105 sobie z ka\u017cd\u0105 pogod\u0105, jednak zimna jesienna aura wraz z powszechnymi przypadkami grypy i b\u00f3lu gard\u0142a mog\u0105 doprowadzi\u0107 do porzucenia roweru na jaki\u015b czas. Poranne zimne prysznice pomog\u0105 wzmocni\u0107 odporno\u015b\u0107 i naucz\u0105 cia\u0142o lepszego pos\u0142ugiwania si\u0119 samoregulacj\u0105. Po kilku tygodniach poczujesz si\u0119 bardziej komfortowo nawet przy z\u0142ej pogodzie, a dzi\u0119ki d\u0142ugoterminowemu budowaniu odporno\u015bci mo\u017cesz ca\u0142kowicie zapobiec przezi\u0119bieniom.<\/p>\n<p>&nbsp;<\/p>\n<ol start=\"4\">\n<li><span style=\"font-size: 18pt;\"><strong>Za\u0142\u00f3\u017c b\u0142otniki<\/strong><\/span><\/li>\n<\/ol>\n<p>Niekt\u00f3rzy uwa\u017caj\u0105 b\u0142otniki za najbrzydszy element roweru, ale pomagaj\u0105 one je\u017adzi\u0107 przez ca\u0142\u0105 zim\u0119. Je\u015bli chcesz zachowa\u0107 sportowy charakter swoich dw\u00f3ch k\u00f3\u0142ek, mo\u017cesz kupi\u0107 cienkie b\u0142otniki, kt\u00f3re \u015bci\u015ble przylegaj\u0105 do opon.<\/p>\n<p><img loading=\"lazy\" decoding=\"async\" class=\"size-full wp-image-175652 loading\" src=\"https:\/\/d2p6e6u75xmxt8.cloudfront.net\/2\/2019\/10\/Autumn-Cycling-profimedia-0315996236.jpg\" sizes=\"auto, (max-width: 1250px) 100vw, 1250px\" srcset=\"https:\/\/d2p6e6u75xmxt8.cloudfront.net\/2\/2019\/10\/Autumn-Cycling-profimedia-0315996236.jpg 1250w, https:\/\/d2p6e6u75xmxt8.cloudfront.net\/2\/2019\/10\/Autumn-Cycling-profimedia-0315996236-300x200.jpg 300w, https:\/\/d2p6e6u75xmxt8.cloudfront.net\/2\/2019\/10\/Autumn-Cycling-profimedia-0315996236-768x512.jpg 768w, https:\/\/d2p6e6u75xmxt8.cloudfront.net\/2\/2019\/10\/Autumn-Cycling-profimedia-0315996236-1024x683.jpg 1024w, https:\/\/d2p6e6u75xmxt8.cloudfront.net\/2\/2019\/10\/Autumn-Cycling-profimedia-0315996236-272x182.jpg 272w\" alt=\"\" width=\"1250\" height=\"834\" data-was-processed=\"true\" \/><\/p>\n<ol start=\"5\">\n<li><span style=\"font-size: 18pt;\"><strong>We\u017a dodatkowe ubrania<\/strong><\/span><\/li>\n<\/ol>\n<p>Zabranie cieplejszych ubra\u0144 na przeja\u017cd\u017ck\u0119 o tej porze roku jest oczywisto\u015bci\u0105. Przemys\u0142 rowerowy opracowa\u0142 niewiarygodn\u0105 liczb\u0119 zaawansowanych technologicznie stroj\u00f3w sportowych, kt\u00f3re mo\u017cna dowolnie ze sob\u0105 zestawia\u0107, dzi\u0119ki czemu nad\u0105\u017cysz za niemal ka\u017cd\u0105, nawet najgorsz\u0105 pogod\u0105. Na pewno radzimy mie\u0107 przy sobie dodatkow\u0105 wodoszczeln\u0105 i wiatroodporn\u0105 sk\u0142adan\u0105 kamizelk\u0119 w tylnej kieszeni, na wypadek gdyby z\u0142apa\u0142 ci\u0119 deszcz lub nagle spad\u0142a temperatura.<\/p>\n<p>&nbsp;<\/p>\n<ol start=\"6\">\n<li><span style=\"font-size: 18pt;\"><strong>Omijaj ka\u0142u\u017ce<\/strong><\/span><\/li>\n<\/ol>\n<p>Po deszczu niekt\u00f3re drogi wygl\u0105daj\u0105 jak Finlandia z kosmosu \u2013 ma\u0142e jeziora s\u0105 rozrzucone wsz\u0119dzie dooko\u0142a. Niekt\u00f3re ka\u0142u\u017ce nie przeszkadzaj\u0105 podczas jazdy, ale mo\u017cesz te\u017c uderzy\u0107 w ukryty pod wod\u0105 kamie\u0144 lub wjecha\u0107 na kraw\u0119d\u017a, kt\u00f3ra mo\u017ce uszkodzi\u0107 d\u0119tk\u0119 lub nawet gorzej \u2013 z\u0142ama\u0107 obr\u0119cz i zrzuci\u0107 Ci\u0119 z roweru. Ka\u0142u\u017ce potrafi\u0105 by\u0107 naprawd\u0119 gro\u017ane, wi\u0119c omijaj je szerokim \u0142ukiem, \u017ceby unikn\u0105\u0107 niebezpiecznych wypadk\u00f3w, kt\u00f3re widzieli\u015bmy podczas ostatnich mistrzostw \u015bwiata w deszczowej Wielkiej Brytanii.<\/p>\n<div class=\"embed-controller-wrapper\">\n<div class=\"embed-wrapper\"><iframe title=\"Torrential Rain Causes Bike Crashes at Road World Championships\" width=\"500\" height=\"281\" data-src=\"https:\/\/www.youtube.com\/embed\/tuYz18avkX0?feature=oembed\" frameborder=\"0\" allow=\"accelerometer; autoplay; clipboard-write; encrypted-media; gyroscope; picture-in-picture; web-share\" referrerpolicy=\"strict-origin-when-cross-origin\" allowfullscreen><\/iframe><\/div>\n<\/div>\n<style type=\"text\/css\"><!--td {border: 1px solid #ccc;}br {mso-data-placement:same-cell;}--><\/style>\n<p><span data-sheets-value=\"{&quot;1&quot;:2,&quot;2&quot;:&quot;Artyku\u0142 powsta\u0142 we wsp\u00f3\u0142pracy ze skoda-auto.pl&quot;}\" data-sheets-userformat=\"{&quot;2&quot;:1,&quot;3&quot;:{&quot;1&quot;:0}}\"><a class=\"in-cell-link\" href=\"http:\/\/www.skoda-auto.pl\/\" target=\"_blank\" rel=\"noopener\">Artyku\u0142 powsta\u0142 we wsp\u00f3\u0142pracy ze skoda-auto.pl<\/a><\/span><\/p>\n<p><img loading=\"lazy\" decoding=\"async\" class=\"size-full wp-image-9610 alignleft\" src=\"https:\/\/d2p6e6u75xmxt8.cloudfront.net\/5\/2019\/08\/65968bac-cbb2-4a25-a3e8-672e5e888fe0.jpg\" alt=\"\" width=\"640\" height=\"300\" srcset=\"https:\/\/d2p6e6u75xmxt8.cloudfront.net\/5\/2019\/08\/65968bac-cbb2-4a25-a3e8-672e5e888fe0.jpg 640w, https:\/\/d2p6e6u75xmxt8.cloudfront.net\/5\/2019\/08\/65968bac-cbb2-4a25-a3e8-672e5e888fe0-300x141.jpg 300w\" sizes=\"auto, (max-width: 640px) 100vw, 640px\" \/><\/p>\n<p>&nbsp;<\/p>\n","protected":false},"excerpt":{"rendered":"<p>Wszystkim uzale\u017cnionym od roweru trudno jest pogodzi\u0107 si\u0119 z tym, \u017ce mamy ju\u017c jesie\u0144. Ch\u0142odny wiatr, przeszywaj\u0105cy deszcz i przygn\u0119biaj\u0105ca [&hellip;]<\/p>\n","protected":false},"author":76,"featured_media":9891,"comment_status":"open","ping_status":"open","sticky":false,"template":"","format":"standard","meta":{"footnotes":""},"categories":[7,299,6,5],"tags":[],"global-categories":[303],"class_list":["post-9890","post","type-post","status-publish","format-standard","has-post-thumbnail","hentry","category-bezpieczenstwo","category-jesien","category-kolarstwo-szosowe","category-outdoormtb","global-categories-cycling"],"yoast_head":"<!-- This site is optimized with the Yoast SEO Premium plugin v25.3 (Yoast SEO v25.9) - https:\/\/yoast.com\/wordpress\/plugins\/seo\/ -->\n<title>Jesienna jazda rowerem - \u0160koda We Love Cycling - Poland<\/title>\n<meta name=\"robots\" content=\"index, follow, max-snippet:-1, max-image-preview:large, max-video-preview:-1\" \/>\n<link rel=\"canonical\" href=\"https:\/\/www.welovecycling.com\/pl\/2019\/10\/22\/jesienna-jazda-rowerem\/\" \/>\n<meta property=\"og:locale\" content=\"pl_PL\" \/>\n<meta property=\"og:type\" content=\"article\" \/>\n<meta property=\"og:title\" content=\"Jesienna jazda rowerem\" \/>\n<meta property=\"og:description\" content=\"Wszystkim uzale\u017cnionym od roweru trudno jest pogodzi\u0107 si\u0119 z tym, \u017ce mamy ju\u017c jesie\u0144. Ch\u0142odny wiatr, przeszywaj\u0105cy deszcz i przygn\u0119biaj\u0105ca [&hellip;]\" \/>\n<meta property=\"og:url\" content=\"https:\/\/www.welovecycling.com\/pl\/2019\/10\/22\/jesienna-jazda-rowerem\/\" \/>\n<meta property=\"og:site_name\" content=\"\u0160koda We Love Cycling - Poland\" \/>\n<meta property=\"article:published_time\" content=\"2019-10-22T10:03:16+00:00\" \/>\n<meta property=\"og:image\" content=\"https:\/\/d2p6e6u75xmxt8.cloudfront.net\/5\/2019\/10\/Autumn-Cycling-CVR-profimedia-0221155480-1024x450.jpg\" \/>\n\t<meta property=\"og:image:width\" content=\"1024\" \/>\n\t<meta property=\"og:image:height\" content=\"450\" \/>\n\t<meta property=\"og:image:type\" content=\"image\/jpeg\" \/>\n<meta name=\"author\" content=\"piotrboczkowski\" \/>\n<meta name=\"twitter:card\" content=\"summary_large_image\" \/>\n<meta name=\"twitter:label1\" content=\"Written by\" \/>\n\t<meta name=\"twitter:data1\" content=\"Adam Marsal\" \/>\n\t<meta name=\"twitter:label2\" content=\"Est. reading time\" \/>\n\t<meta name=\"twitter:data2\" content=\"4\" \/>\n<script type=\"application\/ld+json\" class=\"yoast-schema-graph\">{\"@context\":\"https:\/\/schema.org\",\"@graph\":[{\"@type\":\"WebPage\",\"@id\":\"https:\/\/www.welovecycling.com\/pl\/2019\/10\/22\/jesienna-jazda-rowerem\/\",\"url\":\"https:\/\/www.welovecycling.com\/pl\/2019\/10\/22\/jesienna-jazda-rowerem\/\",\"name\":\"Jesienna jazda rowerem - \u0160koda We Love Cycling - Poland\",\"isPartOf\":{\"@id\":\"https:\/\/www.welovecycling.com\/pl\/#website\"},\"primaryImageOfPage\":{\"@id\":\"https:\/\/www.welovecycling.com\/pl\/2019\/10\/22\/jesienna-jazda-rowerem\/#primaryimage\"},\"image\":{\"@id\":\"https:\/\/www.welovecycling.com\/pl\/2019\/10\/22\/jesienna-jazda-rowerem\/#primaryimage\"},\"thumbnailUrl\":\"https:\/\/d2p6e6u75xmxt8.cloudfront.net\/5\/2019\/10\/Autumn-Cycling-CVR-profimedia-0221155480-1024x450.jpg\",\"datePublished\":\"2019-10-22T10:03:16+00:00\",\"author\":{\"@id\":\"https:\/\/www.welovecycling.com\/pl\/#\/schema\/person\/0dba2d39da943db9df3fd8f4687e7f23\"},\"breadcrumb\":{\"@id\":\"https:\/\/www.welovecycling.com\/pl\/2019\/10\/22\/jesienna-jazda-rowerem\/#breadcrumb\"},\"inLanguage\":\"pl-PL\",\"potentialAction\":[{\"@type\":\"ReadAction\",\"target\":[\"https:\/\/www.welovecycling.com\/pl\/2019\/10\/22\/jesienna-jazda-rowerem\/\"]}]},{\"@type\":\"ImageObject\",\"inLanguage\":\"pl-PL\",\"@id\":\"https:\/\/www.welovecycling.com\/pl\/2019\/10\/22\/jesienna-jazda-rowerem\/#primaryimage\",\"url\":\"https:\/\/d2p6e6u75xmxt8.cloudfront.net\/5\/2019\/10\/Autumn-Cycling-CVR-profimedia-0221155480-1024x450.jpg\",\"contentUrl\":\"https:\/\/d2p6e6u75xmxt8.cloudfront.net\/5\/2019\/10\/Autumn-Cycling-CVR-profimedia-0221155480-1024x450.jpg\",\"width\":1024,\"height\":450},{\"@type\":\"BreadcrumbList\",\"@id\":\"https:\/\/www.welovecycling.com\/pl\/2019\/10\/22\/jesienna-jazda-rowerem\/#breadcrumb\",\"itemListElement\":[{\"@type\":\"ListItem\",\"position\":1,\"name\":\"Home\",\"item\":\"https:\/\/www.welovecycling.com\/pl\/\"},{\"@type\":\"ListItem\",\"position\":2,\"name\":\"Jesienna jazda rowerem\"}]},{\"@type\":\"WebSite\",\"@id\":\"https:\/\/www.welovecycling.com\/pl\/#website\",\"url\":\"https:\/\/www.welovecycling.com\/pl\/\",\"name\":\"\u0160koda We Love Cycling - Poland\",\"description\":\"\",\"potentialAction\":[{\"@type\":\"SearchAction\",\"target\":{\"@type\":\"EntryPoint\",\"urlTemplate\":\"https:\/\/www.welovecycling.com\/pl\/?s={search_term_string}\"},\"query-input\":{\"@type\":\"PropertyValueSpecification\",\"valueRequired\":true,\"valueName\":\"search_term_string\"}}],\"inLanguage\":\"pl-PL\"},{\"@type\":\"Person\",\"@id\":\"https:\/\/www.welovecycling.com\/pl\/#\/schema\/person\/0dba2d39da943db9df3fd8f4687e7f23\",\"name\":\"piotrboczkowski\",\"image\":{\"@type\":\"ImageObject\",\"inLanguage\":\"pl-PL\",\"@id\":\"https:\/\/www.welovecycling.com\/pl\/#\/schema\/person\/image\/\",\"url\":\"https:\/\/secure.gravatar.com\/avatar\/533caccae14752e03a2ce2d3fd62d1b98b93e1393c3195c27819e53344ca1ace?s=96&d=mm&r=g\",\"contentUrl\":\"https:\/\/secure.gravatar.com\/avatar\/533caccae14752e03a2ce2d3fd62d1b98b93e1393c3195c27819e53344ca1ace?s=96&d=mm&r=g\",\"caption\":\"piotrboczkowski\"},\"url\":\"https:\/\/www.welovecycling.com\/pl\/author\/piotrboczkowski\/\"}]}<\/script>\n<!-- \/ Yoast SEO Premium plugin. -->","yoast_head_json":{"title":"Jesienna jazda rowerem - \u0160koda We Love Cycling - Poland","robots":{"index":"index","follow":"follow","max-snippet":"max-snippet:-1","max-image-preview":"max-image-preview:large","max-video-preview":"max-video-preview:-1"},"canonical":"https:\/\/www.welovecycling.com\/pl\/2019\/10\/22\/jesienna-jazda-rowerem\/","og_locale":"pl_PL","og_type":"article","og_title":"Jesienna jazda rowerem","og_description":"Wszystkim uzale\u017cnionym od roweru trudno jest pogodzi\u0107 si\u0119 z tym, \u017ce mamy ju\u017c jesie\u0144. Ch\u0142odny wiatr, przeszywaj\u0105cy deszcz i przygn\u0119biaj\u0105ca [&hellip;]","og_url":"https:\/\/www.welovecycling.com\/pl\/2019\/10\/22\/jesienna-jazda-rowerem\/","og_site_name":"\u0160koda We Love Cycling - Poland","article_published_time":"2019-10-22T10:03:16+00:00","og_image":[{"width":1024,"height":450,"url":"https:\/\/d2p6e6u75xmxt8.cloudfront.net\/5\/2019\/10\/Autumn-Cycling-CVR-profimedia-0221155480-1024x450.jpg","type":"image\/jpeg"}],"author":"piotrboczkowski","twitter_card":"summary_large_image","twitter_misc":{"Written by":"Adam Marsal","Est. reading time":"4"},"schema":{"@context":"https:\/\/schema.org","@graph":[{"@type":"WebPage","@id":"https:\/\/www.welovecycling.com\/pl\/2019\/10\/22\/jesienna-jazda-rowerem\/","url":"https:\/\/www.welovecycling.com\/pl\/2019\/10\/22\/jesienna-jazda-rowerem\/","name":"Jesienna jazda rowerem - \u0160koda We Love Cycling - Poland","isPartOf":{"@id":"https:\/\/www.welovecycling.com\/pl\/#website"},"primaryImageOfPage":{"@id":"https:\/\/www.welovecycling.com\/pl\/2019\/10\/22\/jesienna-jazda-rowerem\/#primaryimage"},"image":{"@id":"https:\/\/www.welovecycling.com\/pl\/2019\/10\/22\/jesienna-jazda-rowerem\/#primaryimage"},"thumbnailUrl":"https:\/\/d2p6e6u75xmxt8.cloudfront.net\/5\/2019\/10\/Autumn-Cycling-CVR-profimedia-0221155480-1024x450.jpg","datePublished":"2019-10-22T10:03:16+00:00","author":{"@id":"https:\/\/www.welovecycling.com\/pl\/#\/schema\/person\/0dba2d39da943db9df3fd8f4687e7f23"},"breadcrumb":{"@id":"https:\/\/www.welovecycling.com\/pl\/2019\/10\/22\/jesienna-jazda-rowerem\/#breadcrumb"},"inLanguage":"pl-PL","potentialAction":[{"@type":"ReadAction","target":["https:\/\/www.welovecycling.com\/pl\/2019\/10\/22\/jesienna-jazda-rowerem\/"]}]},{"@type":"ImageObject","inLanguage":"pl-PL","@id":"https:\/\/www.welovecycling.com\/pl\/2019\/10\/22\/jesienna-jazda-rowerem\/#primaryimage","url":"https:\/\/d2p6e6u75xmxt8.cloudfront.net\/5\/2019\/10\/Autumn-Cycling-CVR-profimedia-0221155480-1024x450.jpg","contentUrl":"https:\/\/d2p6e6u75xmxt8.cloudfront.net\/5\/2019\/10\/Autumn-Cycling-CVR-profimedia-0221155480-1024x450.jpg","width":1024,"height":450},{"@type":"BreadcrumbList","@id":"https:\/\/www.welovecycling.com\/pl\/2019\/10\/22\/jesienna-jazda-rowerem\/#breadcrumb","itemListElement":[{"@type":"ListItem","position":1,"name":"Home","item":"https:\/\/www.welovecycling.com\/pl\/"},{"@type":"ListItem","position":2,"name":"Jesienna jazda rowerem"}]},{"@type":"WebSite","@id":"https:\/\/www.welovecycling.com\/pl\/#website","url":"https:\/\/www.welovecycling.com\/pl\/","name":"\u0160koda We Love Cycling - Poland","description":"","potentialAction":[{"@type":"SearchAction","target":{"@type":"EntryPoint","urlTemplate":"https:\/\/www.welovecycling.com\/pl\/?s={search_term_string}"},"query-input":{"@type":"PropertyValueSpecification","valueRequired":true,"valueName":"search_term_string"}}],"inLanguage":"pl-PL"},{"@type":"Person","@id":"https:\/\/www.welovecycling.com\/pl\/#\/schema\/person\/0dba2d39da943db9df3fd8f4687e7f23","name":"piotrboczkowski","image":{"@type":"ImageObject","inLanguage":"pl-PL","@id":"https:\/\/www.welovecycling.com\/pl\/#\/schema\/person\/image\/","url":"https:\/\/secure.gravatar.com\/avatar\/533caccae14752e03a2ce2d3fd62d1b98b93e1393c3195c27819e53344ca1ace?s=96&d=mm&r=g","contentUrl":"https:\/\/secure.gravatar.com\/avatar\/533caccae14752e03a2ce2d3fd62d1b98b93e1393c3195c27819e53344ca1ace?s=96&d=mm&r=g","caption":"piotrboczkowski"},"url":"https:\/\/www.welovecycling.com\/pl\/author\/piotrboczkowski\/"}]}},"_links":{"self":[{"href":"https:\/\/www.welovecycling.com\/pl\/wp-json\/wp\/v2\/posts\/9890","targetHints":{"allow":["GET"]}}],"collection":[{"href":"https:\/\/www.welovecycling.com\/pl\/wp-json\/wp\/v2\/posts"}],"about":[{"href":"https:\/\/www.welovecycling.com\/pl\/wp-json\/wp\/v2\/types\/post"}],"author":[{"embeddable":true,"href":"https:\/\/www.welovecycling.com\/pl\/wp-json\/wp\/v2\/users\/76"}],"replies":[{"embeddable":true,"href":"https:\/\/www.welovecycling.com\/pl\/wp-json\/wp\/v2\/comments?post=9890"}],"version-history":[{"count":1,"href":"https:\/\/www.welovecycling.com\/pl\/wp-json\/wp\/v2\/posts\/9890\/revisions"}],"predecessor-version":[{"id":9893,"href":"https:\/\/www.welovecycling.com\/pl\/wp-json\/wp\/v2\/posts\/9890\/revisions\/9893"}],"wp:featuredmedia":[{"embeddable":true,"href":"https:\/\/www.welovecycling.com\/pl\/wp-json\/wp\/v2\/media\/9891"}],"wp:attachment":[{"href":"https:\/\/www.welovecycling.com\/pl\/wp-json\/wp\/v2\/media?parent=9890"}],"wp:term":[{"taxonomy":"category","embeddable":true,"href":"https:\/\/www.welovecycling.com\/pl\/wp-json\/wp\/v2\/categories?post=9890"},{"taxonomy":"post_tag","embeddable":true,"href":"https:\/\/www.welovecycling.com\/pl\/wp-json\/wp\/v2\/tags?post=9890"},{"taxonomy":"global-categories","embeddable":true,"href":"https:\/\/www.welovecycling.com\/pl\/wp-json\/wp\/v2\/global-categories?post=9890"}],"curies":[{"name":"wp","href":"https:\/\/api.w.org\/{rel}","templated":true}]}}