{"id":9887,"date":"2019-10-21T15:07:31","date_gmt":"2019-10-21T15:07:31","guid":{"rendered":"https:\/\/www.welovecycling.com\/pl\/?p=9887"},"modified":"2019-10-21T15:07:31","modified_gmt":"2019-10-21T15:07:31","slug":"7-znakow-ze-masz-niewystarczajaca-ilosc-energii-do-jazdy","status":"publish","type":"post","link":"https:\/\/www.welovecycling.com\/pl\/2019\/10\/21\/7-znakow-ze-masz-niewystarczajaca-ilosc-energii-do-jazdy\/","title":{"rendered":"7 znak\u00f3w, \u017ce masz niewystarczaj\u0105c\u0105 ilo\u015b\u0107 energii do jazdy"},"content":{"rendered":"<p><strong>Niedostateczna ilo\u015b\u0107 nap\u0119du oraz niezaspokajanie wymaga\u0144 energetycznych organizmu maj\u0105 znacz\u0105cy wp\u0142yw na wydajno\u015b\u0107 rowerzysty, a nawet jego zdrowie. Stosunkowo cz\u0119sto zdarza si\u0119, \u017ce kolarze jedz\u0105 mniej, ni\u017c potrzebuj\u0105, i nie zdaj\u0105 sobie nawet z tego sprawy. Sp\u00f3jrzmy na typowe przyczyny takiego stanu rzeczy i wa\u017cne symptomy, na kt\u00f3re powiniene\u015b uwa\u017ca\u0107, je\u015bli podejrzewasz, \u017ce jeste\u015b nara\u017cony na niedostateczne zaopatrzenie w energi\u0119.<\/strong><\/p>\n<p>&nbsp;<\/p>\n<p><strong><span style=\"font-size: 18pt;\">Dlaczego kolarze maj\u0105 za ma\u0142o energii?<\/span><\/strong><\/p>\n<p>Niedostateczne zaopatrzenie w nap\u0119d to sytuacja, w kt\u00f3rej spo\u017cycie pokarmu jest niewystarczaj\u0105ce, aby pokry\u0107 zapotrzebowanie na energi\u0119 \u2013 zar\u00f3wno podczas treningu, jak i do pe\u0142nienia przez organizm podstawowych funkcji. Mo\u017cna by\u0107 tego \u015bwiadomym lub nie. W kolarstwie zawodowym niedobory energetyczne s\u0105 zwykle cz\u0119\u015bci\u0105 strategii utrzymywania niskiej masy cia\u0142a w celu poprawy stosunku mocy do masy. Ostatnie badanie wykaza\u0142o, \u017ce do 28% wyczynowych kolarzy p\u0142ci m\u0119skiej mia\u0142o nisk\u0105 dost\u0119pno\u015b\u0107 energii, a 44% nisk\u0105 g\u0119sto\u015b\u0107 ko\u015bci (co cz\u0119sto wynika z tego pierwszego).<\/p>\n<p>&nbsp;<\/p>\n<p>Zawodowcy robi\u0105 to specjalnie, by uzyska\u0107 zamierzony efekt, natomiast amatorzy s\u0105 szczeg\u00f3lnie podatni na niedob\u00f3r energii i cz\u0119sto nie s\u0105 tego \u015bwiadomi. Wystarczy, \u017ce zwi\u0119ksz\u0105 obci\u0105\u017cenie treningowe lub liczb\u0119 wy\u015bcig\u00f3w, w kt\u00f3rych bior\u0105 udzia\u0142, bez dostosowania do tego odpowiedniej ilo\u015bci spo\u017cywanych kalorii. Mog\u0105 te\u017c nie wzi\u0105\u0107 pod uwag\u0119 wymaga\u0144 energetycznych potrzebnych do aktywno\u015bci poza planowymi sesjami treningowymi, takich jak jazda na rowerze do pracy lub z pracy, na basen lub na sam trening \u2013 wszystko to wymaga energii.<\/p>\n<figure id=\"attachment_146613\" aria-describedby=\"caption-attachment-146613\" style=\"width: 500px\" class=\"wp-caption alignnone\"><a class=\"colorbox-initialized cboxElement\" href=\"https:\/\/d2p6e6u75xmxt8.cloudfront.net\/2\/2017\/02\/nutrition-is-important.jpg\"><img loading=\"lazy\" decoding=\"async\" class=\"initial loading wp-image-146613 size-full\" src=\"https:\/\/d2p6e6u75xmxt8.cloudfront.net\/2\/2017\/02\/nutrition-is-important.jpg\" sizes=\"auto, (max-width: 500px) 100vw, 500px\" srcset=\"https:\/\/d2p6e6u75xmxt8.cloudfront.net\/2\/2017\/02\/nutrition-is-important.jpg 500w, https:\/\/d2p6e6u75xmxt8.cloudfront.net\/2\/2017\/02\/nutrition-is-important-251x300.jpg 251w\" alt=\"\" width=\"500\" height=\"598\" data-was-processed=\"true\" \/><\/a><figcaption id=\"caption-attachment-146613\" class=\"wp-caption-text\">Dostarczanie jedzenia jest wa\u017cne (1936)]<\/figcaption><\/figure>\n<p>&nbsp;<\/p>\n<p><span style=\"font-size: 18pt;\"><strong>Sk\u0105d wiesz, \u017ce brakuje Ci paliwa?<\/strong><\/span><\/p>\n<p>Pierwszym krokiem do zwalczenia niedobor\u00f3w energii jest ustalenie, czy w og\u00f3le istnieje takie ryzyko. Jest kilka objaw\u00f3w, na kt\u00f3re trzeba zwr\u00f3\u0107 uwag\u0119. U ka\u017cdego wygl\u0105da to inaczej, ale je\u015bli masz niekt\u00f3re z poni\u017cszych problem\u00f3w i nie mo\u017cesz ich wyja\u015bni\u0107 w \u017caden inny spos\u00f3b, to istnieje prawdopodobie\u0144stwo, \u017ce Twoje zasoby energetyczne s\u0105 na wyczerpaniu.<\/p>\n<p>&nbsp;<\/p>\n<p><strong>P\u0142odno\u015b\u0107<\/strong> \u2013 u kobiet objawem numer jeden jest nieregularny cykl menstruacyjny lub jego ca\u0142kowity zanik, ale nale\u017cy pami\u0119ta\u0107, \u017ce hormonalna antykoncepcja maskuje le\u017c\u0105ce u podstaw problemy z miesi\u0105czk\u0105 i nie chroni przed niekorzystnymi skutkami niedostatecznego zaopatrzenia w energi\u0119. U m\u0119\u017cczyzn niepokoj\u0105cym objawem jest brak porannej erekcji.<\/p>\n<p>&nbsp;<\/p>\n<p><strong>Zmiany masy cia\u0142a<\/strong> \u2013 je\u015bli planowan\u0105 utrat\u0119 masy cia\u0142a osi\u0105gasz zbyt szybko (ponad 1% tygodniowo) lub tracisz na wadze, cho\u0107 wcale tego nie chcesz, masz problem. Pami\u0119taj, \u017ce organizmy niekt\u00f3rych rowerzyst\u00f3w mog\u0105 przystosowa\u0107 si\u0119 do niskiego zu\u017cycia energii poprzez ograniczenie metabolizmu spoczynkowego, ale to nie znaczy, \u017ce unikn\u0105 innych negatywnych skutk\u00f3w niedostatecznego nap\u0119du.<\/p>\n<p>&nbsp;<\/p>\n<p><strong>Zmiany nastroju<\/strong> \u2013 niedob\u00f3r energii cz\u0119sto objawia si\u0119 niepokojem i irytacj\u0105 bez uzasadnionego powodu. Niekt\u00f3rzy rowerzy\u015bci do\u015bwiadczaj\u0105 r\u00f3wnie\u017c depresji i braku motywacji.<\/p>\n<p>&nbsp;<\/p>\n<p><strong>Urazy i choroby<\/strong> \u2013 powtarzaj\u0105ce si\u0119 urazy lub choroby trwaj\u0105ce d\u0142u\u017cej ni\u017c trzy miesi\u0105ce i wymagaj\u0105ce przerwy w treningach mog\u0105 by\u0107 konsekwencj\u0105 niskiej dost\u0119pno\u015bci energii.<\/p>\n<p>&nbsp;<\/p>\n<p><strong>S\u0142aby sen<\/strong> \u2013 trudno\u015bci ze snem pomimo du\u017cego zm\u0119czenia lub budzenie si\u0119 w nocy mog\u0105 by\u0107 oznakami niedoboru energii, zw\u0142aszcza je\u015bli rano czujesz si\u0119 ospa\u0142y i powolny.<\/p>\n<p>&nbsp;<\/p>\n<p><strong>Problemy z trawieniem<\/strong> \u2013 je\u015bli cz\u0119sto masz zaparcia i wzd\u0119cia, przyczyn\u0105 mo\u017ce by\u0107 nieodpowiednie spo\u017cywanie pokarmu.<\/p>\n<p>&nbsp;<\/p>\n<p><strong>Pogorszenie wydajno\u015bci<\/strong> \u2013 i wreszcie, je\u015bli Twoja wydajno\u015b\u0107 nie wzrasta, nie poprawiasz swoich osi\u0105g\u00f3w lub nawet je\u017adzisz wolniej, to wyra\u017any sygna\u0142, \u017ce mo\u017cesz by\u0107 niedo\u017cywiony.<\/p>\n<p>&nbsp;<\/p>\n<style type=\"text\/css\"><!--td {border: 1px solid #ccc;}br {mso-data-placement:same-cell;}--><\/style>\n<p><span data-sheets-value=\"{&quot;1&quot;:2,&quot;2&quot;:&quot;Artyku\u0142 powsta\u0142 we wsp\u00f3\u0142pracy ze skoda-auto.pl&quot;}\" data-sheets-userformat=\"{&quot;2&quot;:1,&quot;3&quot;:{&quot;1&quot;:0}}\"><a class=\"in-cell-link\" href=\"http:\/\/www.skoda-auto.pl\/\" target=\"_blank\" rel=\"noopener\">Artyku\u0142 powsta\u0142 we wsp\u00f3\u0142pracy ze skoda-auto.pl<\/a><\/span><\/p>\n<p><img loading=\"lazy\" decoding=\"async\" class=\"size-full wp-image-9611 alignleft\" src=\"https:\/\/d2p6e6u75xmxt8.cloudfront.net\/5\/2019\/08\/8e38441b-4310-449e-9620-f70670ba05c9.jpg\" alt=\"\" width=\"640\" height=\"300\" srcset=\"https:\/\/d2p6e6u75xmxt8.cloudfront.net\/5\/2019\/08\/8e38441b-4310-449e-9620-f70670ba05c9.jpg 640w, https:\/\/d2p6e6u75xmxt8.cloudfront.net\/5\/2019\/08\/8e38441b-4310-449e-9620-f70670ba05c9-300x141.jpg 300w\" sizes=\"auto, (max-width: 640px) 100vw, 640px\" \/><\/p>\n<p>&nbsp;<\/p>\n<p>&nbsp;<\/p>\n","protected":false},"excerpt":{"rendered":"<p>Niedostateczna ilo\u015b\u0107 nap\u0119du oraz niezaspokajanie wymaga\u0144 energetycznych organizmu maj\u0105 znacz\u0105cy wp\u0142yw na wydajno\u015b\u0107 rowerzysty, a nawet jego zdrowie. Stosunkowo cz\u0119sto [&hellip;]<\/p>\n","protected":false},"author":76,"featured_media":9888,"comment_status":"open","ping_status":"open","sticky":false,"template":"","format":"standard","meta":{"footnotes":""},"categories":[4],"tags":[],"global-categories":[303],"class_list":["post-9887","post","type-post","status-publish","format-standard","has-post-thumbnail","hentry","category-zdrowie-i-trening","global-categories-cycling"],"yoast_head":"<!-- This site is optimized with the Yoast SEO Premium plugin v25.3 (Yoast SEO v25.9) - https:\/\/yoast.com\/wordpress\/plugins\/seo\/ -->\n<title>7 znak\u00f3w, \u017ce masz niewystarczaj\u0105c\u0105 ilo\u015b\u0107 energii do jazdy - \u0160koda We Love Cycling - Poland<\/title>\n<meta name=\"robots\" content=\"index, follow, max-snippet:-1, max-image-preview:large, max-video-preview:-1\" \/>\n<link rel=\"canonical\" href=\"https:\/\/www.welovecycling.com\/pl\/2019\/10\/21\/7-znakow-ze-masz-niewystarczajaca-ilosc-energii-do-jazdy\/\" \/>\n<meta property=\"og:locale\" content=\"pl_PL\" \/>\n<meta property=\"og:type\" content=\"article\" \/>\n<meta property=\"og:title\" content=\"7 znak\u00f3w, \u017ce masz niewystarczaj\u0105c\u0105 ilo\u015b\u0107 energii do jazdy\" \/>\n<meta property=\"og:description\" content=\"Niedostateczna ilo\u015b\u0107 nap\u0119du oraz niezaspokajanie wymaga\u0144 energetycznych organizmu maj\u0105 znacz\u0105cy wp\u0142yw na wydajno\u015b\u0107 rowerzysty, a nawet jego zdrowie. Stosunkowo cz\u0119sto [&hellip;]\" \/>\n<meta property=\"og:url\" content=\"https:\/\/www.welovecycling.com\/pl\/2019\/10\/21\/7-znakow-ze-masz-niewystarczajaca-ilosc-energii-do-jazdy\/\" \/>\n<meta property=\"og:site_name\" content=\"\u0160koda We Love Cycling - Poland\" \/>\n<meta property=\"article:published_time\" content=\"2019-10-21T15:07:31+00:00\" \/>\n<meta property=\"og:image\" content=\"https:\/\/d2p6e6u75xmxt8.cloudfront.net\/5\/2019\/10\/Cavendish-Banana-CVR-profimedia-0240086721-1024x450.jpg\" \/>\n\t<meta property=\"og:image:width\" content=\"1024\" \/>\n\t<meta property=\"og:image:height\" content=\"450\" \/>\n\t<meta property=\"og:image:type\" content=\"image\/jpeg\" \/>\n<meta name=\"author\" content=\"piotrboczkowski\" \/>\n<meta name=\"twitter:card\" content=\"summary_large_image\" \/>\n<meta name=\"twitter:label1\" content=\"Written by\" \/>\n\t<meta name=\"twitter:data1\" content=\"Jiri Kaloc\" \/>\n\t<meta name=\"twitter:label2\" content=\"Est. reading time\" \/>\n\t<meta name=\"twitter:data2\" content=\"4\" \/>\n<script type=\"application\/ld+json\" class=\"yoast-schema-graph\">{\"@context\":\"https:\/\/schema.org\",\"@graph\":[{\"@type\":\"WebPage\",\"@id\":\"https:\/\/www.welovecycling.com\/pl\/2019\/10\/21\/7-znakow-ze-masz-niewystarczajaca-ilosc-energii-do-jazdy\/\",\"url\":\"https:\/\/www.welovecycling.com\/pl\/2019\/10\/21\/7-znakow-ze-masz-niewystarczajaca-ilosc-energii-do-jazdy\/\",\"name\":\"7 znak\u00f3w, \u017ce masz niewystarczaj\u0105c\u0105 ilo\u015b\u0107 energii do jazdy - \u0160koda We Love Cycling - Poland\",\"isPartOf\":{\"@id\":\"https:\/\/www.welovecycling.com\/pl\/#website\"},\"primaryImageOfPage\":{\"@id\":\"https:\/\/www.welovecycling.com\/pl\/2019\/10\/21\/7-znakow-ze-masz-niewystarczajaca-ilosc-energii-do-jazdy\/#primaryimage\"},\"image\":{\"@id\":\"https:\/\/www.welovecycling.com\/pl\/2019\/10\/21\/7-znakow-ze-masz-niewystarczajaca-ilosc-energii-do-jazdy\/#primaryimage\"},\"thumbnailUrl\":\"https:\/\/d2p6e6u75xmxt8.cloudfront.net\/5\/2019\/10\/Cavendish-Banana-CVR-profimedia-0240086721-1024x450.jpg\",\"datePublished\":\"2019-10-21T15:07:31+00:00\",\"author\":{\"@id\":\"https:\/\/www.welovecycling.com\/pl\/#\/schema\/person\/0dba2d39da943db9df3fd8f4687e7f23\"},\"breadcrumb\":{\"@id\":\"https:\/\/www.welovecycling.com\/pl\/2019\/10\/21\/7-znakow-ze-masz-niewystarczajaca-ilosc-energii-do-jazdy\/#breadcrumb\"},\"inLanguage\":\"pl-PL\",\"potentialAction\":[{\"@type\":\"ReadAction\",\"target\":[\"https:\/\/www.welovecycling.com\/pl\/2019\/10\/21\/7-znakow-ze-masz-niewystarczajaca-ilosc-energii-do-jazdy\/\"]}]},{\"@type\":\"ImageObject\",\"inLanguage\":\"pl-PL\",\"@id\":\"https:\/\/www.welovecycling.com\/pl\/2019\/10\/21\/7-znakow-ze-masz-niewystarczajaca-ilosc-energii-do-jazdy\/#primaryimage\",\"url\":\"https:\/\/d2p6e6u75xmxt8.cloudfront.net\/5\/2019\/10\/Cavendish-Banana-CVR-profimedia-0240086721-1024x450.jpg\",\"contentUrl\":\"https:\/\/d2p6e6u75xmxt8.cloudfront.net\/5\/2019\/10\/Cavendish-Banana-CVR-profimedia-0240086721-1024x450.jpg\",\"width\":1024,\"height\":450},{\"@type\":\"BreadcrumbList\",\"@id\":\"https:\/\/www.welovecycling.com\/pl\/2019\/10\/21\/7-znakow-ze-masz-niewystarczajaca-ilosc-energii-do-jazdy\/#breadcrumb\",\"itemListElement\":[{\"@type\":\"ListItem\",\"position\":1,\"name\":\"Home\",\"item\":\"https:\/\/www.welovecycling.com\/pl\/\"},{\"@type\":\"ListItem\",\"position\":2,\"name\":\"7 znak\u00f3w, \u017ce masz niewystarczaj\u0105c\u0105 ilo\u015b\u0107 energii do jazdy\"}]},{\"@type\":\"WebSite\",\"@id\":\"https:\/\/www.welovecycling.com\/pl\/#website\",\"url\":\"https:\/\/www.welovecycling.com\/pl\/\",\"name\":\"\u0160koda We Love Cycling - Poland\",\"description\":\"\",\"potentialAction\":[{\"@type\":\"SearchAction\",\"target\":{\"@type\":\"EntryPoint\",\"urlTemplate\":\"https:\/\/www.welovecycling.com\/pl\/?s={search_term_string}\"},\"query-input\":{\"@type\":\"PropertyValueSpecification\",\"valueRequired\":true,\"valueName\":\"search_term_string\"}}],\"inLanguage\":\"pl-PL\"},{\"@type\":\"Person\",\"@id\":\"https:\/\/www.welovecycling.com\/pl\/#\/schema\/person\/0dba2d39da943db9df3fd8f4687e7f23\",\"name\":\"piotrboczkowski\",\"image\":{\"@type\":\"ImageObject\",\"inLanguage\":\"pl-PL\",\"@id\":\"https:\/\/www.welovecycling.com\/pl\/#\/schema\/person\/image\/\",\"url\":\"https:\/\/secure.gravatar.com\/avatar\/533caccae14752e03a2ce2d3fd62d1b98b93e1393c3195c27819e53344ca1ace?s=96&d=mm&r=g\",\"contentUrl\":\"https:\/\/secure.gravatar.com\/avatar\/533caccae14752e03a2ce2d3fd62d1b98b93e1393c3195c27819e53344ca1ace?s=96&d=mm&r=g\",\"caption\":\"piotrboczkowski\"},\"url\":\"https:\/\/www.welovecycling.com\/pl\/author\/piotrboczkowski\/\"}]}<\/script>\n<!-- \/ Yoast SEO Premium plugin. -->","yoast_head_json":{"title":"7 znak\u00f3w, \u017ce masz niewystarczaj\u0105c\u0105 ilo\u015b\u0107 energii do jazdy - \u0160koda We Love Cycling - Poland","robots":{"index":"index","follow":"follow","max-snippet":"max-snippet:-1","max-image-preview":"max-image-preview:large","max-video-preview":"max-video-preview:-1"},"canonical":"https:\/\/www.welovecycling.com\/pl\/2019\/10\/21\/7-znakow-ze-masz-niewystarczajaca-ilosc-energii-do-jazdy\/","og_locale":"pl_PL","og_type":"article","og_title":"7 znak\u00f3w, \u017ce masz niewystarczaj\u0105c\u0105 ilo\u015b\u0107 energii do jazdy","og_description":"Niedostateczna ilo\u015b\u0107 nap\u0119du oraz niezaspokajanie wymaga\u0144 energetycznych organizmu maj\u0105 znacz\u0105cy wp\u0142yw na wydajno\u015b\u0107 rowerzysty, a nawet jego zdrowie. Stosunkowo cz\u0119sto [&hellip;]","og_url":"https:\/\/www.welovecycling.com\/pl\/2019\/10\/21\/7-znakow-ze-masz-niewystarczajaca-ilosc-energii-do-jazdy\/","og_site_name":"\u0160koda We Love Cycling - Poland","article_published_time":"2019-10-21T15:07:31+00:00","og_image":[{"width":1024,"height":450,"url":"https:\/\/d2p6e6u75xmxt8.cloudfront.net\/5\/2019\/10\/Cavendish-Banana-CVR-profimedia-0240086721-1024x450.jpg","type":"image\/jpeg"}],"author":"piotrboczkowski","twitter_card":"summary_large_image","twitter_misc":{"Written by":"Jiri Kaloc","Est. reading time":"4"},"schema":{"@context":"https:\/\/schema.org","@graph":[{"@type":"WebPage","@id":"https:\/\/www.welovecycling.com\/pl\/2019\/10\/21\/7-znakow-ze-masz-niewystarczajaca-ilosc-energii-do-jazdy\/","url":"https:\/\/www.welovecycling.com\/pl\/2019\/10\/21\/7-znakow-ze-masz-niewystarczajaca-ilosc-energii-do-jazdy\/","name":"7 znak\u00f3w, \u017ce masz niewystarczaj\u0105c\u0105 ilo\u015b\u0107 energii do jazdy - \u0160koda We Love Cycling - Poland","isPartOf":{"@id":"https:\/\/www.welovecycling.com\/pl\/#website"},"primaryImageOfPage":{"@id":"https:\/\/www.welovecycling.com\/pl\/2019\/10\/21\/7-znakow-ze-masz-niewystarczajaca-ilosc-energii-do-jazdy\/#primaryimage"},"image":{"@id":"https:\/\/www.welovecycling.com\/pl\/2019\/10\/21\/7-znakow-ze-masz-niewystarczajaca-ilosc-energii-do-jazdy\/#primaryimage"},"thumbnailUrl":"https:\/\/d2p6e6u75xmxt8.cloudfront.net\/5\/2019\/10\/Cavendish-Banana-CVR-profimedia-0240086721-1024x450.jpg","datePublished":"2019-10-21T15:07:31+00:00","author":{"@id":"https:\/\/www.welovecycling.com\/pl\/#\/schema\/person\/0dba2d39da943db9df3fd8f4687e7f23"},"breadcrumb":{"@id":"https:\/\/www.welovecycling.com\/pl\/2019\/10\/21\/7-znakow-ze-masz-niewystarczajaca-ilosc-energii-do-jazdy\/#breadcrumb"},"inLanguage":"pl-PL","potentialAction":[{"@type":"ReadAction","target":["https:\/\/www.welovecycling.com\/pl\/2019\/10\/21\/7-znakow-ze-masz-niewystarczajaca-ilosc-energii-do-jazdy\/"]}]},{"@type":"ImageObject","inLanguage":"pl-PL","@id":"https:\/\/www.welovecycling.com\/pl\/2019\/10\/21\/7-znakow-ze-masz-niewystarczajaca-ilosc-energii-do-jazdy\/#primaryimage","url":"https:\/\/d2p6e6u75xmxt8.cloudfront.net\/5\/2019\/10\/Cavendish-Banana-CVR-profimedia-0240086721-1024x450.jpg","contentUrl":"https:\/\/d2p6e6u75xmxt8.cloudfront.net\/5\/2019\/10\/Cavendish-Banana-CVR-profimedia-0240086721-1024x450.jpg","width":1024,"height":450},{"@type":"BreadcrumbList","@id":"https:\/\/www.welovecycling.com\/pl\/2019\/10\/21\/7-znakow-ze-masz-niewystarczajaca-ilosc-energii-do-jazdy\/#breadcrumb","itemListElement":[{"@type":"ListItem","position":1,"name":"Home","item":"https:\/\/www.welovecycling.com\/pl\/"},{"@type":"ListItem","position":2,"name":"7 znak\u00f3w, \u017ce masz niewystarczaj\u0105c\u0105 ilo\u015b\u0107 energii do jazdy"}]},{"@type":"WebSite","@id":"https:\/\/www.welovecycling.com\/pl\/#website","url":"https:\/\/www.welovecycling.com\/pl\/","name":"\u0160koda We Love Cycling - Poland","description":"","potentialAction":[{"@type":"SearchAction","target":{"@type":"EntryPoint","urlTemplate":"https:\/\/www.welovecycling.com\/pl\/?s={search_term_string}"},"query-input":{"@type":"PropertyValueSpecification","valueRequired":true,"valueName":"search_term_string"}}],"inLanguage":"pl-PL"},{"@type":"Person","@id":"https:\/\/www.welovecycling.com\/pl\/#\/schema\/person\/0dba2d39da943db9df3fd8f4687e7f23","name":"piotrboczkowski","image":{"@type":"ImageObject","inLanguage":"pl-PL","@id":"https:\/\/www.welovecycling.com\/pl\/#\/schema\/person\/image\/","url":"https:\/\/secure.gravatar.com\/avatar\/533caccae14752e03a2ce2d3fd62d1b98b93e1393c3195c27819e53344ca1ace?s=96&d=mm&r=g","contentUrl":"https:\/\/secure.gravatar.com\/avatar\/533caccae14752e03a2ce2d3fd62d1b98b93e1393c3195c27819e53344ca1ace?s=96&d=mm&r=g","caption":"piotrboczkowski"},"url":"https:\/\/www.welovecycling.com\/pl\/author\/piotrboczkowski\/"}]}},"_links":{"self":[{"href":"https:\/\/www.welovecycling.com\/pl\/wp-json\/wp\/v2\/posts\/9887","targetHints":{"allow":["GET"]}}],"collection":[{"href":"https:\/\/www.welovecycling.com\/pl\/wp-json\/wp\/v2\/posts"}],"about":[{"href":"https:\/\/www.welovecycling.com\/pl\/wp-json\/wp\/v2\/types\/post"}],"author":[{"embeddable":true,"href":"https:\/\/www.welovecycling.com\/pl\/wp-json\/wp\/v2\/users\/76"}],"replies":[{"embeddable":true,"href":"https:\/\/www.welovecycling.com\/pl\/wp-json\/wp\/v2\/comments?post=9887"}],"version-history":[{"count":1,"href":"https:\/\/www.welovecycling.com\/pl\/wp-json\/wp\/v2\/posts\/9887\/revisions"}],"predecessor-version":[{"id":9889,"href":"https:\/\/www.welovecycling.com\/pl\/wp-json\/wp\/v2\/posts\/9887\/revisions\/9889"}],"wp:featuredmedia":[{"embeddable":true,"href":"https:\/\/www.welovecycling.com\/pl\/wp-json\/wp\/v2\/media\/9888"}],"wp:attachment":[{"href":"https:\/\/www.welovecycling.com\/pl\/wp-json\/wp\/v2\/media?parent=9887"}],"wp:term":[{"taxonomy":"category","embeddable":true,"href":"https:\/\/www.welovecycling.com\/pl\/wp-json\/wp\/v2\/categories?post=9887"},{"taxonomy":"post_tag","embeddable":true,"href":"https:\/\/www.welovecycling.com\/pl\/wp-json\/wp\/v2\/tags?post=9887"},{"taxonomy":"global-categories","embeddable":true,"href":"https:\/\/www.welovecycling.com\/pl\/wp-json\/wp\/v2\/global-categories?post=9887"}],"curies":[{"name":"wp","href":"https:\/\/api.w.org\/{rel}","templated":true}]}}