{"id":9884,"date":"2019-10-18T18:52:30","date_gmt":"2019-10-18T18:52:30","guid":{"rendered":"https:\/\/www.welovecycling.com\/pl\/?p=9884"},"modified":"2019-10-18T18:52:30","modified_gmt":"2019-10-18T18:52:30","slug":"od-najbardziej-utalentowanej-zawodniczki-ameryki-po-bycie-bezdomna","status":"publish","type":"post","link":"https:\/\/www.welovecycling.com\/pl\/2019\/10\/18\/od-najbardziej-utalentowanej-zawodniczki-ameryki-po-bycie-bezdomna\/","title":{"rendered":"Od najbardziej utalentowanej zawodniczki Ameryki po bycie bezdomn\u0105"},"content":{"rendered":"<p><strong>Kiedy\u015b uwa\u017cana by\u0142a za najlepsz\u0105 kolark\u0119 Ameryki. Je\u015bli dzi\u015b chcesz j\u0105 znale\u017a\u0107, sprawd\u017a jedn\u0105 z noclegowni w Seattle lub Woman\u2019s Day Center, poniewa\u017c tam aktualnie przebywa Rebecca Twigg, posiadaczka sze\u015bciu medali mistrzostw \u015bwiata. Jej biografia to historia wielkiego sukcesu i obiecuj\u0105cej przysz\u0142o\u015bci oraz mrocznej strony profesjonalnego kolarstwa.<\/strong><\/p>\n<p>Becca by\u0142a uzdolnionym dzieckiem. W wieku 14 lat wst\u0105pi\u0142a na uniwersytet w Waszyngtonie, aby studiowa\u0107 biologi\u0119 i informatyk\u0119, a jednocze\u015bnie trenowa\u0142a kolarstwo i wygrywa\u0142a mistrzostwa narodowe zaledwie po roku od wej\u015bcia do \u015bwiata sportu.<\/p>\n<p>Niestety, przysz\u0142o\u015b\u0107 Rebeki nie by\u0142a ju\u017c tak jasna. Zanim sko\u0144czy\u0142a 16 lat, matka wyrzuci\u0142a j\u0105 z domu. Nastolatka sp\u0119dzi\u0142a ca\u0142\u0105 noc na dworcu kolejowym i nast\u0119pnego ranka zadzwoni\u0142a do swojego kierownika zespo\u0142u, pytaj\u0105c, czy mo\u017ce rozbi\u0107 si\u0119 u niego. Nast\u0119pne lata up\u0142yn\u0119\u0142y pod znakiem podobnego scenariusza. Becca nie mia\u0142a prawdziwego domu, zatrzymywa\u0142a si\u0119 w przydro\u017cnych hotelach podczas podr\u00f3\u017cy na wy\u015bcigi lub u znajomych, kiedy wraca\u0142a do Seattle.<\/p>\n<figure id=\"attachment_175615\" aria-describedby=\"caption-attachment-175615\" style=\"width: 1250px\" class=\"wp-caption alignnone\"><img loading=\"lazy\" decoding=\"async\" class=\"loading wp-image-175615 size-full\" src=\"https:\/\/d2p6e6u75xmxt8.cloudfront.net\/2\/2019\/10\/Rebecca-Twigg-profimedia-0395049880.jpg\" sizes=\"auto, (max-width: 1250px) 100vw, 1250px\" srcset=\"https:\/\/d2p6e6u75xmxt8.cloudfront.net\/2\/2019\/10\/Rebecca-Twigg-profimedia-0395049880.jpg 1250w, https:\/\/d2p6e6u75xmxt8.cloudfront.net\/2\/2019\/10\/Rebecca-Twigg-profimedia-0395049880-300x225.jpg 300w, https:\/\/d2p6e6u75xmxt8.cloudfront.net\/2\/2019\/10\/Rebecca-Twigg-profimedia-0395049880-768x576.jpg 768w, https:\/\/d2p6e6u75xmxt8.cloudfront.net\/2\/2019\/10\/Rebecca-Twigg-profimedia-0395049880-1024x768.jpg 1024w\" alt=\"\" width=\"1250\" height=\"938\" data-was-processed=\"true\" \/><figcaption id=\"caption-attachment-175615\" class=\"wp-caption-text\">Zdj\u0119cie zrobione 26 sierpnia 1987 roku z okazji Mistrzostw \u015awiata w Kolarstwie Halowym w Wiedniu. Widzimy na nim Rebecc\u0119 Twigg, kt\u00f3ra ustanowi\u0142a nowy rekord \u015bwiata. \u00a9 Klaus Titzer \/AFP\/Profimedia]<\/figcaption><\/figure>\n<p>&nbsp;<\/p>\n<p>S\u0142ynny polsko-ameryka\u0144ski trener Eddie Borysewicz wzi\u0105\u0142 Becc\u0119 pod swoje skrzyd\u0142a. By\u0142 pocz\u0105tek lat 80., czas prze\u0142omu w kolarstwie damskim \u2013 nadchodz\u0105ce igrzyska olimpijskie w 1984 roku b\u0119d\u0105 pierwszymi, kt\u00f3re obejm\u0105 wy\u015bcig kolarski kobiet. W 1982 roku Becca triumfuje na mistrzostwach \u015bwiata, Eddie zaprasza j\u0105 do swojego \u017cycia i trenowania w Olympic Training Center w Colorado Springs, a Becca na to przystaje.<\/p>\n<p>&nbsp;<\/p>\n<p>Twigg zdobywa srebrny medal, ko\u0144cz\u0105c zaledwie kilka centymetr\u00f3w za swoj\u0105 kole\u017cank\u0105, Connie Carpenter-Phinney. Ten wyczyn otworzy\u0142 jej drzwi do obiecuj\u0105cej przysz\u0142o\u015bci. W kolejnych latach Rebecca sta\u0142a si\u0119 ameryka\u0144sk\u0105 gwiazd\u0105 kolarstwa, zdoby\u0142a liczne mistrzostwa krajowe i \u015bwiatowe, go\u015bci\u0142a na ok\u0142adkach magazyn\u00f3w kolarskich i ustanawia\u0142a rekordy \u015bwiata.<\/p>\n<p>&nbsp;<\/p>\n<p>Niestety, w wieku 25 lat Twigg rozbi\u0142a si\u0119 na rowerze w Teksasie i za\u0142o\u017cono jej a\u017c 13 szw\u00f3w na g\u0142owie. Powr\u00f3t do zdrowia zaj\u0105\u0142 jej troch\u0119 czasu i Becca zda\u0142a sobie spraw\u0119, \u017ce poprzednie lata sprawi\u0142y, \u017ce czu\u0142a si\u0119 wypalona. Postanowi\u0142a zrobi\u0107 sobie przerw\u0119 i uko\u0144czy\u0107 studia. Po uzyskaniu stopnia naukowego w dziedzinie informatyki ta znakomita zawodniczka zosta\u0142a programistk\u0105.<\/p>\n<figure id=\"attachment_175617\" aria-describedby=\"caption-attachment-175617\" style=\"width: 1250px\" class=\"wp-caption alignnone\"><img loading=\"lazy\" decoding=\"async\" class=\"loading wp-image-175617 size-full\" src=\"https:\/\/d2p6e6u75xmxt8.cloudfront.net\/2\/2019\/10\/profimedia-0395049891.jpg\" sizes=\"auto, (max-width: 1250px) 100vw, 1250px\" srcset=\"https:\/\/d2p6e6u75xmxt8.cloudfront.net\/2\/2019\/10\/profimedia-0395049891.jpg 1250w, https:\/\/d2p6e6u75xmxt8.cloudfront.net\/2\/2019\/10\/profimedia-0395049891-300x194.jpg 300w, https:\/\/d2p6e6u75xmxt8.cloudfront.net\/2\/2019\/10\/profimedia-0395049891-768x498.jpg 768w, https:\/\/d2p6e6u75xmxt8.cloudfront.net\/2\/2019\/10\/profimedia-0395049891-1024x664.jpg 1024w\" alt=\"\" width=\"1250\" height=\"810\" data-was-processed=\"true\" \/><figcaption id=\"caption-attachment-175617\" class=\"wp-caption-text\">Rebecca Twigg triumfuje podczas Mistrzostw \u015awiata w Kolarstwie Halowym w Wiedniu. \u00a9 M. Leckel \/AFP\/Profimedia<\/figcaption><\/figure>\n<p>&nbsp;<\/p>\n<p>Trzy lata p\u00f3\u017aniej Becca wr\u00f3ci\u0142a do jazdy na rowerze. Dziewi\u0119ciomiesi\u0119czny trening do igrzysk olimpijskich w 1992 roku przyni\u00f3s\u0142 jej br\u0105zowy medal w wy\u015bcigu na 3000 metr\u00f3w \u2013 ostatni sukces, je\u015bli liczymy go w medalach. Ostatecznym prze\u0142omem okaza\u0142y si\u0119 igrzyska olimpijskie w 1996 roku, kt\u00f3re Becca opu\u015bci\u0142a po nieudanym starcie. W 1997 roku \u015bciga\u0142a si\u0119 w mistrzostwach \u015bwiata, ale zaj\u0119\u0142a \u00f3sme miejsce. To po\u0142o\u017cy\u0142o kres jej karierze rowerowej.<\/p>\n<p>Becca podj\u0119\u0142a prac\u0119 programistki, co nie by\u0142o dla niej najlepszym rozwi\u0105zaniem. Ustalone godziny pracy, ograniczona elastyczno\u015b\u0107 i poczucie samotno\u015bci za biurkiem negatywnie wp\u0142yn\u0119\u0142y na stan jej umys\u0142u. Po pi\u0119\u0107dziesi\u0105tce Twigg zrezygnowa\u0142a z ostatniej pracy w IT i przesta\u0142a szuka\u0107 innej. L\u0119ki i niepokoje zajmowa\u0142y jej umys\u0142 wystarczaj\u0105co. Po raz drugi w \u017cyciu sta\u0142a si\u0119 bezdomna.<\/p>\n<p>Historia Rebeki zaskoczy\u0142a wielu, w tym pracownik\u00f3w Centrum Dziennego Kobiet, przyjaci\u00f3\u0142 i rodzin\u0119. Jej osza\u0142amiaj\u0105ca inteligencja i przyjazna, cho\u0107 introwertyczna osobowo\u015b\u0107 w po\u0142\u0105czeniu z obiecuj\u0105c\u0105 histori\u0105 \u017cycia sprawi\u0142y, \u017ce wszyscy si\u0119 zastanawiali, dlaczego i jak do tego dosz\u0142o.<\/p>\n<figure id=\"attachment_175614\" aria-describedby=\"caption-attachment-175614\" style=\"width: 986px\" class=\"wp-caption alignnone\"><img loading=\"lazy\" decoding=\"async\" class=\"loading wp-image-175614 size-full\" src=\"https:\/\/d2p6e6u75xmxt8.cloudfront.net\/2\/2019\/10\/Rebecca-Twigg-profimedia-0017421783.jpg\" sizes=\"auto, (max-width: 986px) 100vw, 986px\" srcset=\"https:\/\/d2p6e6u75xmxt8.cloudfront.net\/2\/2019\/10\/Rebecca-Twigg-profimedia-0017421783.jpg 986w, https:\/\/d2p6e6u75xmxt8.cloudfront.net\/2\/2019\/10\/Rebecca-Twigg-profimedia-0017421783-237x300.jpg 237w, https:\/\/d2p6e6u75xmxt8.cloudfront.net\/2\/2019\/10\/Rebecca-Twigg-profimedia-0017421783-768x974.jpg 768w, https:\/\/d2p6e6u75xmxt8.cloudfront.net\/2\/2019\/10\/Rebecca-Twigg-profimedia-0017421783-808x1024.jpg 808w\" alt=\"\" width=\"986\" height=\"1250\" data-was-processed=\"true\" \/><figcaption id=\"caption-attachment-175614\" class=\"wp-caption-text\">Rebecca Twigg macha do t\u0142umu po uko\u0144czeniu na pierwszym miejscu trzykilometrowego wy\u015bcigu indywidualnego i ustanowieniu nowego rekordu \u015bwiata w tej kategorii. Jej czas to 3:36:081 minuty. \u00a9ROBERTO SCHMIDT\/AFP\/Profimedia<\/figcaption><\/figure>\n<p>Sama Becca twierdzi, \u017ce ma poczucie winy, co uniemo\u017cliwia jej przyj\u0119cie oferty pomocy lub sta\u0142ego mieszkania. Nie zaakceptuje \u017cadnego z nich, poniewa\u017c uwa\u017ca, \u017ce \u200b\u200bmia\u0142a w \u017cyciu fory, na kt\u00f3re nie zas\u0142ugiwa\u0142a. Dlaczego mia\u0142abym mie\u0107 \u0142\u00f3\u017cko i dom, skoro inni nie maj\u0105?<\/p>\n<p>Rebecca Twigg (wraz z Tamar\u0105 Garkuchin\u0105) jest najbardziej utytu\u0142owan\u0105 zawodniczk\u0105 w historii mistrzostw \u015bwiata w kolarstwie torowym UCI oraz posiadaczk\u0105 sze\u015bciu z\u0142otych medali, ale przez ostatnie pi\u0119\u0107 lat by\u0142a osob\u0105 bezdomn\u0105. Mo\u017ce to by\u0107 przestroga dla nas wszystkich: nie ma pewno\u015bci, \u017ce wielki sukces, kt\u00f3ry osi\u0105gniemy na pewnym etapie \u017cycia, zagwarantuje nam szcz\u0119\u015bcie do samego ko\u0144ca.<\/p>\n<style type=\"text\/css\"><!--td {border: 1px solid #ccc;}br {mso-data-placement:same-cell;}--><\/style>\n<p><span data-sheets-value=\"{&quot;1&quot;:2,&quot;2&quot;:&quot;Artyku\u0142 powsta\u0142 we wsp\u00f3\u0142pracy ze skoda-auto.pl&quot;}\" data-sheets-userformat=\"{&quot;2&quot;:1,&quot;3&quot;:{&quot;1&quot;:0}}\"><a class=\"in-cell-link\" href=\"http:\/\/www.skoda-auto.pl\/\" target=\"_blank\" rel=\"noopener\">Artyku\u0142 powsta\u0142 we wsp\u00f3\u0142pracy ze skoda-auto.pl<\/a><\/span><\/p>\n<p><img loading=\"lazy\" decoding=\"async\" class=\"aligncenter size-full wp-image-9608\" src=\"https:\/\/d2p6e6u75xmxt8.cloudfront.net\/5\/2019\/08\/baner_WLC_640x350_3.png\" alt=\"\" width=\"640\" height=\"350\" srcset=\"https:\/\/d2p6e6u75xmxt8.cloudfront.net\/5\/2019\/08\/baner_WLC_640x350_3.png 640w, https:\/\/d2p6e6u75xmxt8.cloudfront.net\/5\/2019\/08\/baner_WLC_640x350_3-300x164.png 300w\" sizes=\"auto, (max-width: 640px) 100vw, 640px\" \/><\/p>\n","protected":false},"excerpt":{"rendered":"<p>Kiedy\u015b uwa\u017cana by\u0142a za najlepsz\u0105 kolark\u0119 Ameryki. Je\u015bli dzi\u015b chcesz j\u0105 znale\u017a\u0107, sprawd\u017a jedn\u0105 z noclegowni w Seattle lub Woman\u2019s [&hellip;]<\/p>\n","protected":false},"author":76,"featured_media":9885,"comment_status":"open","ping_status":"open","sticky":false,"template":"","format":"standard","meta":{"footnotes":""},"categories":[226],"tags":[],"global-categories":[303],"class_list":["post-9884","post","type-post","status-publish","format-standard","has-post-thumbnail","hentry","category-ciekawostki","global-categories-cycling"],"yoast_head":"<!-- This site is optimized with the Yoast SEO Premium plugin v25.3 (Yoast SEO v25.9) - https:\/\/yoast.com\/wordpress\/plugins\/seo\/ -->\n<title>Od najbardziej utalentowanej zawodniczki Ameryki po bycie bezdomn\u0105 - \u0160koda We Love Cycling - Poland<\/title>\n<meta name=\"robots\" content=\"index, follow, max-snippet:-1, max-image-preview:large, max-video-preview:-1\" \/>\n<link rel=\"canonical\" href=\"https:\/\/www.welovecycling.com\/pl\/2019\/10\/18\/od-najbardziej-utalentowanej-zawodniczki-ameryki-po-bycie-bezdomna\/\" \/>\n<meta property=\"og:locale\" content=\"pl_PL\" \/>\n<meta property=\"og:type\" content=\"article\" \/>\n<meta property=\"og:title\" content=\"Od najbardziej utalentowanej zawodniczki Ameryki po bycie bezdomn\u0105\" \/>\n<meta property=\"og:description\" content=\"Kiedy\u015b uwa\u017cana by\u0142a za najlepsz\u0105 kolark\u0119 Ameryki. Je\u015bli dzi\u015b chcesz j\u0105 znale\u017a\u0107, sprawd\u017a jedn\u0105 z noclegowni w Seattle lub Woman\u2019s [&hellip;]\" \/>\n<meta property=\"og:url\" content=\"https:\/\/www.welovecycling.com\/pl\/2019\/10\/18\/od-najbardziej-utalentowanej-zawodniczki-ameryki-po-bycie-bezdomna\/\" \/>\n<meta property=\"og:site_name\" content=\"\u0160koda We Love Cycling - Poland\" \/>\n<meta property=\"article:published_time\" content=\"2019-10-18T18:52:30+00:00\" \/>\n<meta property=\"og:image\" content=\"https:\/\/d2p6e6u75xmxt8.cloudfront.net\/5\/2019\/10\/Rebecca-Twigg-CVR-profimedia-0017421781-1024x450.jpg\" \/>\n\t<meta property=\"og:image:width\" content=\"1024\" \/>\n\t<meta property=\"og:image:height\" content=\"450\" \/>\n\t<meta property=\"og:image:type\" content=\"image\/jpeg\" \/>\n<meta name=\"author\" content=\"piotrboczkowski\" \/>\n<meta name=\"twitter:card\" content=\"summary_large_image\" \/>\n<meta name=\"twitter:label1\" content=\"Written by\" \/>\n\t<meta name=\"twitter:data1\" content=\"Tereza Antonova\" \/>\n\t<meta name=\"twitter:label2\" content=\"Est. reading time\" \/>\n\t<meta name=\"twitter:data2\" content=\"4\" \/>\n<script type=\"application\/ld+json\" class=\"yoast-schema-graph\">{\"@context\":\"https:\/\/schema.org\",\"@graph\":[{\"@type\":\"WebPage\",\"@id\":\"https:\/\/www.welovecycling.com\/pl\/2019\/10\/18\/od-najbardziej-utalentowanej-zawodniczki-ameryki-po-bycie-bezdomna\/\",\"url\":\"https:\/\/www.welovecycling.com\/pl\/2019\/10\/18\/od-najbardziej-utalentowanej-zawodniczki-ameryki-po-bycie-bezdomna\/\",\"name\":\"Od najbardziej utalentowanej zawodniczki Ameryki po bycie bezdomn\u0105 - \u0160koda We Love Cycling - Poland\",\"isPartOf\":{\"@id\":\"https:\/\/www.welovecycling.com\/pl\/#website\"},\"primaryImageOfPage\":{\"@id\":\"https:\/\/www.welovecycling.com\/pl\/2019\/10\/18\/od-najbardziej-utalentowanej-zawodniczki-ameryki-po-bycie-bezdomna\/#primaryimage\"},\"image\":{\"@id\":\"https:\/\/www.welovecycling.com\/pl\/2019\/10\/18\/od-najbardziej-utalentowanej-zawodniczki-ameryki-po-bycie-bezdomna\/#primaryimage\"},\"thumbnailUrl\":\"https:\/\/d2p6e6u75xmxt8.cloudfront.net\/5\/2019\/10\/Rebecca-Twigg-CVR-profimedia-0017421781-1024x450.jpg\",\"datePublished\":\"2019-10-18T18:52:30+00:00\",\"author\":{\"@id\":\"https:\/\/www.welovecycling.com\/pl\/#\/schema\/person\/0dba2d39da943db9df3fd8f4687e7f23\"},\"breadcrumb\":{\"@id\":\"https:\/\/www.welovecycling.com\/pl\/2019\/10\/18\/od-najbardziej-utalentowanej-zawodniczki-ameryki-po-bycie-bezdomna\/#breadcrumb\"},\"inLanguage\":\"pl-PL\",\"potentialAction\":[{\"@type\":\"ReadAction\",\"target\":[\"https:\/\/www.welovecycling.com\/pl\/2019\/10\/18\/od-najbardziej-utalentowanej-zawodniczki-ameryki-po-bycie-bezdomna\/\"]}]},{\"@type\":\"ImageObject\",\"inLanguage\":\"pl-PL\",\"@id\":\"https:\/\/www.welovecycling.com\/pl\/2019\/10\/18\/od-najbardziej-utalentowanej-zawodniczki-ameryki-po-bycie-bezdomna\/#primaryimage\",\"url\":\"https:\/\/d2p6e6u75xmxt8.cloudfront.net\/5\/2019\/10\/Rebecca-Twigg-CVR-profimedia-0017421781-1024x450.jpg\",\"contentUrl\":\"https:\/\/d2p6e6u75xmxt8.cloudfront.net\/5\/2019\/10\/Rebecca-Twigg-CVR-profimedia-0017421781-1024x450.jpg\",\"width\":1024,\"height\":450},{\"@type\":\"BreadcrumbList\",\"@id\":\"https:\/\/www.welovecycling.com\/pl\/2019\/10\/18\/od-najbardziej-utalentowanej-zawodniczki-ameryki-po-bycie-bezdomna\/#breadcrumb\",\"itemListElement\":[{\"@type\":\"ListItem\",\"position\":1,\"name\":\"Home\",\"item\":\"https:\/\/www.welovecycling.com\/pl\/\"},{\"@type\":\"ListItem\",\"position\":2,\"name\":\"Od najbardziej utalentowanej zawodniczki Ameryki po bycie bezdomn\u0105\"}]},{\"@type\":\"WebSite\",\"@id\":\"https:\/\/www.welovecycling.com\/pl\/#website\",\"url\":\"https:\/\/www.welovecycling.com\/pl\/\",\"name\":\"\u0160koda We Love Cycling - Poland\",\"description\":\"\",\"potentialAction\":[{\"@type\":\"SearchAction\",\"target\":{\"@type\":\"EntryPoint\",\"urlTemplate\":\"https:\/\/www.welovecycling.com\/pl\/?s={search_term_string}\"},\"query-input\":{\"@type\":\"PropertyValueSpecification\",\"valueRequired\":true,\"valueName\":\"search_term_string\"}}],\"inLanguage\":\"pl-PL\"},{\"@type\":\"Person\",\"@id\":\"https:\/\/www.welovecycling.com\/pl\/#\/schema\/person\/0dba2d39da943db9df3fd8f4687e7f23\",\"name\":\"piotrboczkowski\",\"image\":{\"@type\":\"ImageObject\",\"inLanguage\":\"pl-PL\",\"@id\":\"https:\/\/www.welovecycling.com\/pl\/#\/schema\/person\/image\/\",\"url\":\"https:\/\/secure.gravatar.com\/avatar\/533caccae14752e03a2ce2d3fd62d1b98b93e1393c3195c27819e53344ca1ace?s=96&d=mm&r=g\",\"contentUrl\":\"https:\/\/secure.gravatar.com\/avatar\/533caccae14752e03a2ce2d3fd62d1b98b93e1393c3195c27819e53344ca1ace?s=96&d=mm&r=g\",\"caption\":\"piotrboczkowski\"},\"url\":\"https:\/\/www.welovecycling.com\/pl\/author\/piotrboczkowski\/\"}]}<\/script>\n<!-- \/ Yoast SEO Premium plugin. -->","yoast_head_json":{"title":"Od najbardziej utalentowanej zawodniczki Ameryki po bycie bezdomn\u0105 - \u0160koda We Love Cycling - Poland","robots":{"index":"index","follow":"follow","max-snippet":"max-snippet:-1","max-image-preview":"max-image-preview:large","max-video-preview":"max-video-preview:-1"},"canonical":"https:\/\/www.welovecycling.com\/pl\/2019\/10\/18\/od-najbardziej-utalentowanej-zawodniczki-ameryki-po-bycie-bezdomna\/","og_locale":"pl_PL","og_type":"article","og_title":"Od najbardziej utalentowanej zawodniczki Ameryki po bycie bezdomn\u0105","og_description":"Kiedy\u015b uwa\u017cana by\u0142a za najlepsz\u0105 kolark\u0119 Ameryki. Je\u015bli dzi\u015b chcesz j\u0105 znale\u017a\u0107, sprawd\u017a jedn\u0105 z noclegowni w Seattle lub Woman\u2019s [&hellip;]","og_url":"https:\/\/www.welovecycling.com\/pl\/2019\/10\/18\/od-najbardziej-utalentowanej-zawodniczki-ameryki-po-bycie-bezdomna\/","og_site_name":"\u0160koda We Love Cycling - Poland","article_published_time":"2019-10-18T18:52:30+00:00","og_image":[{"width":1024,"height":450,"url":"https:\/\/d2p6e6u75xmxt8.cloudfront.net\/5\/2019\/10\/Rebecca-Twigg-CVR-profimedia-0017421781-1024x450.jpg","type":"image\/jpeg"}],"author":"piotrboczkowski","twitter_card":"summary_large_image","twitter_misc":{"Written by":"Tereza Antonova","Est. reading time":"4"},"schema":{"@context":"https:\/\/schema.org","@graph":[{"@type":"WebPage","@id":"https:\/\/www.welovecycling.com\/pl\/2019\/10\/18\/od-najbardziej-utalentowanej-zawodniczki-ameryki-po-bycie-bezdomna\/","url":"https:\/\/www.welovecycling.com\/pl\/2019\/10\/18\/od-najbardziej-utalentowanej-zawodniczki-ameryki-po-bycie-bezdomna\/","name":"Od najbardziej utalentowanej zawodniczki Ameryki po bycie bezdomn\u0105 - \u0160koda We Love Cycling - Poland","isPartOf":{"@id":"https:\/\/www.welovecycling.com\/pl\/#website"},"primaryImageOfPage":{"@id":"https:\/\/www.welovecycling.com\/pl\/2019\/10\/18\/od-najbardziej-utalentowanej-zawodniczki-ameryki-po-bycie-bezdomna\/#primaryimage"},"image":{"@id":"https:\/\/www.welovecycling.com\/pl\/2019\/10\/18\/od-najbardziej-utalentowanej-zawodniczki-ameryki-po-bycie-bezdomna\/#primaryimage"},"thumbnailUrl":"https:\/\/d2p6e6u75xmxt8.cloudfront.net\/5\/2019\/10\/Rebecca-Twigg-CVR-profimedia-0017421781-1024x450.jpg","datePublished":"2019-10-18T18:52:30+00:00","author":{"@id":"https:\/\/www.welovecycling.com\/pl\/#\/schema\/person\/0dba2d39da943db9df3fd8f4687e7f23"},"breadcrumb":{"@id":"https:\/\/www.welovecycling.com\/pl\/2019\/10\/18\/od-najbardziej-utalentowanej-zawodniczki-ameryki-po-bycie-bezdomna\/#breadcrumb"},"inLanguage":"pl-PL","potentialAction":[{"@type":"ReadAction","target":["https:\/\/www.welovecycling.com\/pl\/2019\/10\/18\/od-najbardziej-utalentowanej-zawodniczki-ameryki-po-bycie-bezdomna\/"]}]},{"@type":"ImageObject","inLanguage":"pl-PL","@id":"https:\/\/www.welovecycling.com\/pl\/2019\/10\/18\/od-najbardziej-utalentowanej-zawodniczki-ameryki-po-bycie-bezdomna\/#primaryimage","url":"https:\/\/d2p6e6u75xmxt8.cloudfront.net\/5\/2019\/10\/Rebecca-Twigg-CVR-profimedia-0017421781-1024x450.jpg","contentUrl":"https:\/\/d2p6e6u75xmxt8.cloudfront.net\/5\/2019\/10\/Rebecca-Twigg-CVR-profimedia-0017421781-1024x450.jpg","width":1024,"height":450},{"@type":"BreadcrumbList","@id":"https:\/\/www.welovecycling.com\/pl\/2019\/10\/18\/od-najbardziej-utalentowanej-zawodniczki-ameryki-po-bycie-bezdomna\/#breadcrumb","itemListElement":[{"@type":"ListItem","position":1,"name":"Home","item":"https:\/\/www.welovecycling.com\/pl\/"},{"@type":"ListItem","position":2,"name":"Od najbardziej utalentowanej zawodniczki Ameryki po bycie bezdomn\u0105"}]},{"@type":"WebSite","@id":"https:\/\/www.welovecycling.com\/pl\/#website","url":"https:\/\/www.welovecycling.com\/pl\/","name":"\u0160koda We Love Cycling - Poland","description":"","potentialAction":[{"@type":"SearchAction","target":{"@type":"EntryPoint","urlTemplate":"https:\/\/www.welovecycling.com\/pl\/?s={search_term_string}"},"query-input":{"@type":"PropertyValueSpecification","valueRequired":true,"valueName":"search_term_string"}}],"inLanguage":"pl-PL"},{"@type":"Person","@id":"https:\/\/www.welovecycling.com\/pl\/#\/schema\/person\/0dba2d39da943db9df3fd8f4687e7f23","name":"piotrboczkowski","image":{"@type":"ImageObject","inLanguage":"pl-PL","@id":"https:\/\/www.welovecycling.com\/pl\/#\/schema\/person\/image\/","url":"https:\/\/secure.gravatar.com\/avatar\/533caccae14752e03a2ce2d3fd62d1b98b93e1393c3195c27819e53344ca1ace?s=96&d=mm&r=g","contentUrl":"https:\/\/secure.gravatar.com\/avatar\/533caccae14752e03a2ce2d3fd62d1b98b93e1393c3195c27819e53344ca1ace?s=96&d=mm&r=g","caption":"piotrboczkowski"},"url":"https:\/\/www.welovecycling.com\/pl\/author\/piotrboczkowski\/"}]}},"_links":{"self":[{"href":"https:\/\/www.welovecycling.com\/pl\/wp-json\/wp\/v2\/posts\/9884","targetHints":{"allow":["GET"]}}],"collection":[{"href":"https:\/\/www.welovecycling.com\/pl\/wp-json\/wp\/v2\/posts"}],"about":[{"href":"https:\/\/www.welovecycling.com\/pl\/wp-json\/wp\/v2\/types\/post"}],"author":[{"embeddable":true,"href":"https:\/\/www.welovecycling.com\/pl\/wp-json\/wp\/v2\/users\/76"}],"replies":[{"embeddable":true,"href":"https:\/\/www.welovecycling.com\/pl\/wp-json\/wp\/v2\/comments?post=9884"}],"version-history":[{"count":1,"href":"https:\/\/www.welovecycling.com\/pl\/wp-json\/wp\/v2\/posts\/9884\/revisions"}],"predecessor-version":[{"id":9886,"href":"https:\/\/www.welovecycling.com\/pl\/wp-json\/wp\/v2\/posts\/9884\/revisions\/9886"}],"wp:featuredmedia":[{"embeddable":true,"href":"https:\/\/www.welovecycling.com\/pl\/wp-json\/wp\/v2\/media\/9885"}],"wp:attachment":[{"href":"https:\/\/www.welovecycling.com\/pl\/wp-json\/wp\/v2\/media?parent=9884"}],"wp:term":[{"taxonomy":"category","embeddable":true,"href":"https:\/\/www.welovecycling.com\/pl\/wp-json\/wp\/v2\/categories?post=9884"},{"taxonomy":"post_tag","embeddable":true,"href":"https:\/\/www.welovecycling.com\/pl\/wp-json\/wp\/v2\/tags?post=9884"},{"taxonomy":"global-categories","embeddable":true,"href":"https:\/\/www.welovecycling.com\/pl\/wp-json\/wp\/v2\/global-categories?post=9884"}],"curies":[{"name":"wp","href":"https:\/\/api.w.org\/{rel}","templated":true}]}}