{"id":9878,"date":"2019-10-17T15:42:24","date_gmt":"2019-10-17T15:42:24","guid":{"rendered":"https:\/\/www.welovecycling.com\/pl\/?p=9878"},"modified":"2019-10-18T06:50:03","modified_gmt":"2019-10-18T06:50:03","slug":"krew-pot-i-lzy-zaprezentowano-trase-tour-de-france-2020","status":"publish","type":"post","link":"https:\/\/www.welovecycling.com\/pl\/2019\/10\/17\/krew-pot-i-lzy-zaprezentowano-trase-tour-de-france-2020\/","title":{"rendered":"Krew, pot i \u0142zy. Zaprezentowano tras\u0119 Tour de France 2020"},"content":{"rendered":"<p><strong>Kibice zacierali r\u0119ce, a zawodnicy tylko porozumiewawczo kiwali g\u0142owami. W Pary\u017cu przedstawiono tras\u0119 Tour de France 2020! \u2013 Tak trudnej dawno nie by\u0142o \u2013 przyzna\u0142 Christopher Froome.<\/strong><\/p>\n<p>Zestawienie poszczeg\u00f3lnych etap\u00f3w wygl\u0105da jak wykres EKG. Chwil\u0119 p\u0142asko, za moment wyskok, p\u00f3\u017aniej p\u0142asko i zn\u00f3w wyskok. Tyle \u017ce podczas Wielkiej P\u0119tli 2020 tych wyskok\u00f3w b\u0119dzie wyj\u0105tkowo du\u017co.<\/p>\n<div class=\"embed-controller-wrapper\">\n<div class=\"embed-wrapper\"><iframe title=\"Parcours \/ Route - Tour de France 2020\" width=\"500\" height=\"281\" data-src=\"https:\/\/www.youtube.com\/embed\/iqIyUV0mat8?feature=oembed\" frameborder=\"0\" allow=\"accelerometer; autoplay; clipboard-write; encrypted-media; gyroscope; picture-in-picture; web-share\" referrerpolicy=\"strict-origin-when-cross-origin\" allowfullscreen><\/iframe><\/div>\n<\/div>\n<p>Organizatorzy zdecydowanie postawili na g\u00f3ry i pag\u00f3rki, a zrezygnowali m.in. z dru\u017cynowej jazdy na czas. Zacznie si\u0119 w Nicei i to nietypowo, bo ju\u017c 27 czerwca. Pow\u00f3d? Igrzyska olimpijskie w Tokio, kt\u00f3re zaczynaj\u0105 si\u0119 24 lipca. Zreszt\u0105 ostatni etap Tour de France zako\u0144czy si\u0119 zaledwie sze\u015b\u0107 dni przed olimpijsk\u0105 walk\u0105 o medale w wy\u015bcigu ze startu wsp\u00f3lnego.<\/p>\n<p>To w\u0142a\u015bnie dlatego cz\u0119\u015b\u0107 zawodnik\u00f3w by\u0142a niepocieszona tak trudn\u0105 tras\u0105 Tour de France, poniewa\u017c do czasu igrzysk olimpijskich trudno b\u0119dzie im si\u0119 zregenerowa\u0107. A to daje szans\u0119 zawodnikom, kt\u00f3rzy w tym roku Wielk\u0105 P\u0119tl\u0119 odpuszcz\u0105.<\/p>\n<p>Jednym z nich mo\u017ce by\u0107 Julian Alaphilippe z Deceuninck-Quick-Step. &#8211; Podoba mi si\u0119 trasa Tour de France 2020. Sporo jest nowych podjazd\u00f3w, dzi\u0119ki czemu wy\u015bcig b\u0119dzie bardziej interesuj\u0105cy i trudniejszy. Na razie jednak nie zanosi si\u0119, \u017cebym mia\u0142 jecha\u0107 po sukces w klasyfikacji generalnej, bo planuj\u0119 inne cele \u2013 podkre\u015bla pi\u0105ty zawodnik tegorocznej Wielkiej P\u0119tli.<\/p>\n<p><span style=\"font-size: 18pt;\"><strong>Trasa pod kibic\u00f3w<\/strong><\/span><\/p>\n<p>Przysz\u0142oroczne Tour de France b\u0119dzie liczy\u0142o 21 etap\u00f3w, a zawodnicy \u0142\u0105cznie przejad\u0105 3470 km.<\/p>\n<p>Peleton zacznie \u015bciganie w po\u0142udniowo-wschodniej Francji, a nast\u0119pnie b\u0119dzie przesuwa\u0142 si\u0119 ku zachodniej granicy. Pod koniec pierwszego tygodnia zawodnicy zahacz\u0105 o Pireneje, a nast\u0119pnie b\u0119d\u0105 przemierzali Masyw Centralny. Na koniec oczywi\u015bcie deser, czyli Alpy.<\/p>\n<div class=\"embed-controller-wrapper\">\n<blockquote class=\"twitter-tweet\" data-width=\"500\" data-dnt=\"true\">\n<p lang=\"en\" dir=\"ltr\">\ud83e\udd29 Here it is, the route of the <a href=\"https:\/\/twitter.com\/hashtag\/TDF2020?src=hash&amp;ref_src=twsrc%5Etfw\">#TDF2020<\/a> \ud83e\udd29<\/p>\n<p>\ud83e\udd29 Voici le parcours du <a href=\"https:\/\/twitter.com\/hashtag\/TDF2020?src=hash&amp;ref_src=twsrc%5Etfw\">#TDF2020<\/a> \ud83e\udd29 <a href=\"https:\/\/t.co\/Npe3u3FYJl\">pic.twitter.com\/Npe3u3FYJl<\/a><\/p>\n<p>&mdash; Tour de France\u2122 (@LeTour) <a href=\"https:\/\/twitter.com\/LeTour\/status\/1184045751208415234?ref_src=twsrc%5Etfw\">October 15, 2019<\/a><\/p><\/blockquote>\n<p><script async data-src=\"https:\/\/platform.twitter.com\/widgets.js\" charset=\"utf-8\"><\/script><\/div>\n<p>Tylko jednego dnia zawodnicy przejad\u0105 ponad 200 km (dok\u0142adnie 218 km z Chauvigny do Sarran), a najkr\u00f3tsza, ale te\u017c zapewne najbardziej m\u0119cz\u0105ca b\u0119dzie g\u00f3rska czas\u00f3wka z Lure do La Planche des Belles Filles. To tam zapadn\u0105 ostateczne rozstrzygni\u0119cia, bo dzie\u0144 p\u00f3\u017aniej kolarze b\u0119d\u0105 paradowali ju\u017c po Polach Elizejskich.<\/p>\n<p>&#8211; Zapowiada si\u0119 trudne \u015bciganie, trasa jest zupe\u0142nie inna ni\u017c w tym roku. Za to kibicom pewnie spodobaj\u0105 si\u0119 liczne ataki, kt\u00f3rych mo\u017cna spodziewa\u0107 si\u0119 na podjazdach \u2013 ocenia\u0142 Egan Bernal, zwyci\u0119zca Tour de France 2019.<\/p>\n<p><span style=\"font-size: 18pt;\"><strong>\u201eTego nie by\u0142o od lat\u201d<\/strong><\/span><\/p>\n<p>Kolumbijczyk marzy o obronieniu trofeum, ale taki sam plan ma jego kolega z Team Ineos \u2013 Christopher Chroome. Brytyjczyk w poprzednim roku mia\u0142 walczy\u0107 o wej\u015bcie do historii, czyli wygranie Wielkiej P\u0119tli po raz pi\u0105ty, ale jeszcze przed startem wy\u015bcigu upad\u0142 i marzenia musia\u0142 prze\u0142o\u017cy\u0107 o co najmniej rok.<\/p>\n<div class=\"embed-controller-wrapper\">\n<blockquote class=\"twitter-tweet\" data-width=\"500\" data-dnt=\"true\">\n<p lang=\"en\" dir=\"ltr\">What do you think of <a href=\"https:\/\/twitter.com\/hashtag\/TDF2020?src=hash&amp;ref_src=twsrc%5Etfw\">#TDF2020<\/a> <a href=\"https:\/\/twitter.com\/Eganbernal?ref_src=twsrc%5Etfw\">@eganbernal<\/a> ? \ud83d\ude02 <a href=\"https:\/\/twitter.com\/LeTour?ref_src=twsrc%5Etfw\">@LeTour<\/a> <a href=\"https:\/\/t.co\/i2DCgvlpVE\">pic.twitter.com\/i2DCgvlpVE<\/a><\/p>\n<p>&mdash; Chris Froome (@chrisfroome) <a href=\"https:\/\/twitter.com\/chrisfroome\/status\/1184054240618135552?ref_src=twsrc%5Etfw\">October 15, 2019<\/a><\/p><\/blockquote>\n<p><script async data-src=\"https:\/\/platform.twitter.com\/widgets.js\" charset=\"utf-8\"><\/script><\/div>\n<p>&nbsp;<\/p>\n<p>Podczas Tour de France 2020 o ich realizacj\u0119 b\u0119dzie jednak bardzo trudno. &#8211; Trasa jest ci\u0119\u017cka, prawdopodobnie najci\u0119\u017csza od 5-6 lat. B\u0119dzie sporo wspinaczek i przewy\u017csze\u0144. To da wiele okazji do walki o klasyfikacj\u0119 generaln\u0105. Tego nie by\u0142o od lat \u2013 uwa\u017ca Froome.<\/p>\n<p>Tour de France 2020 rozpocznie si\u0119 27 czerwca, a zako\u0144czy 19 lipca.<\/p>\n<p><strong>\u00a0<\/strong><\/p>\n<p><strong>Trasa Tour de France 2020:<\/strong><\/p>\n<p>27 czerwca, 1. etap: Nicea \u2013 Nicea (156 km)<\/p>\n<p>28 czerwca, 2. etap: Nicea \u2013 Nicea (187 km)<\/p>\n<p>29 czerwca, 3. etap: Nicea \u2013 Sisteron (198 km)<\/p>\n<p>30 czerwca, 4. etap: Sisteron \u2013 Orci\u00e8res-Merlette (157 km)<\/p>\n<p>1 lipca, 5. etap: Gap \u2013 Privas (183 km)<\/p>\n<p>2 lipca, 6. etap: Le Teil \u2013 Mont Aigoual (191 km)<\/p>\n<p>3 lipca, 7. etap: Millau \u2013 Lavaur (168 km)<\/p>\n<p>4 lipca, 8. etap: Caz\u00e8res-sur-Garonne \u2013 Loudenville (140 km)<\/p>\n<p>5 lipca, 9. etap: Pau \u2013 Laruns (154 km)<\/p>\n<p>6 lipca: Przerwa<\/p>\n<p>7 lipca, 10. etap: \u00cele d&#8217;Ol\u00e9ron \u2013 \u00cele de R\u00e9 (170 km)<\/p>\n<p>8 lipca, 11. etap: Ch\u00e2telaillon-Plage \u2013 Poitiers (167 km)<\/p>\n<p>9 lipca, 12. etap: Chauvigny \u2013 Sarran Correze (218 km)<\/p>\n<p>10 lipca, 13. etap: Ch\u00e2tel-Guyon \u2013 Puy Mary Cantal (191 km)<\/p>\n<p>11 lipca, 14. etap: Clermont-Ferrand \u2013 Lyon (197 km)<\/p>\n<p>12 lipca, 15. etap: Lyon \u2013 Grand Colombier (175 km)<\/p>\n<p>13 lipca: Przerwa<\/p>\n<p>14 lipca, 16. etap: La Tour-du-Pin \u2013 Villard-de-Lans (164 km)<\/p>\n<p>15 lipca, 17. etap: Grenoble \u2013 M\u00e9ribel \/ Col de la Loze (168 km)<\/p>\n<p>16 lipca, 18. etap: M\u00e9ribel \u2013 La Roche-sur-Foron (168 km)<\/p>\n<p>17 lipca, 19. etap: Bourg-en-Bresse \u2013 Champagnole (160 km)<\/p>\n<p>18 lipca, 20. etap: Lure \u2013 La Planche des Belles Filles (36 km)<\/p>\n<p>19 lipca, 21. etap: Mantes-La-Jolie \u2013 Pary\u017c (122 km)<\/p>\n<style type=\"text\/css\"><!--td {border: 1px solid #ccc;}br {mso-data-placement:same-cell;}--><\/style>\n<p><span data-sheets-value=\"{&quot;1&quot;:2,&quot;2&quot;:&quot;Artyku\u0142 powsta\u0142 we wsp\u00f3\u0142pracy ze skoda-auto.pl&quot;}\" data-sheets-userformat=\"{&quot;2&quot;:1,&quot;3&quot;:{&quot;1&quot;:0}}\"><a class=\"in-cell-link\" href=\"http:\/\/www.skoda-auto.pl\/\" target=\"_blank\" rel=\"noopener\">Artyku\u0142 powsta\u0142 we wsp\u00f3\u0142pracy ze skoda-auto.pl<\/a><\/span><\/p>\n<p><img loading=\"lazy\" decoding=\"async\" class=\"size-full wp-image-9606 alignleft\" src=\"https:\/\/d2p6e6u75xmxt8.cloudfront.net\/5\/2019\/08\/baner_WLC_640x350_1.png\" alt=\"\" width=\"640\" height=\"350\" srcset=\"https:\/\/d2p6e6u75xmxt8.cloudfront.net\/5\/2019\/08\/baner_WLC_640x350_1.png 640w, https:\/\/d2p6e6u75xmxt8.cloudfront.net\/5\/2019\/08\/baner_WLC_640x350_1-300x164.png 300w\" sizes=\"auto, (max-width: 640px) 100vw, 640px\" \/><\/p>\n","protected":false},"excerpt":{"rendered":"<p>Kibice zacierali r\u0119ce, a zawodnicy tylko porozumiewawczo kiwali g\u0142owami. W Pary\u017cu przedstawiono tras\u0119 Tour de France 2020! \u2013 Tak trudnej [&hellip;]<\/p>\n","protected":false},"author":76,"featured_media":9879,"comment_status":"open","ping_status":"open","sticky":false,"template":"","format":"standard","meta":{"footnotes":""},"categories":[321],"tags":[],"global-categories":[303],"class_list":["post-9878","post","type-post","status-publish","format-standard","has-post-thumbnail","hentry","category-tour-de-france-2020","global-categories-cycling"],"yoast_head":"<!-- This site is optimized with the Yoast SEO Premium plugin v25.3 (Yoast SEO v25.9) - https:\/\/yoast.com\/wordpress\/plugins\/seo\/ -->\n<title>Krew, pot i \u0142zy. Zaprezentowano tras\u0119 Tour de France 2020 - \u0160koda We Love Cycling - Poland<\/title>\n<meta name=\"robots\" content=\"index, follow, max-snippet:-1, max-image-preview:large, max-video-preview:-1\" \/>\n<link rel=\"canonical\" href=\"https:\/\/www.welovecycling.com\/pl\/2019\/10\/17\/krew-pot-i-lzy-zaprezentowano-trase-tour-de-france-2020\/\" \/>\n<meta property=\"og:locale\" content=\"pl_PL\" \/>\n<meta property=\"og:type\" content=\"article\" \/>\n<meta property=\"og:title\" content=\"Krew, pot i \u0142zy. Zaprezentowano tras\u0119 Tour de France 2020\" \/>\n<meta property=\"og:description\" content=\"Kibice zacierali r\u0119ce, a zawodnicy tylko porozumiewawczo kiwali g\u0142owami. W Pary\u017cu przedstawiono tras\u0119 Tour de France 2020! \u2013 Tak trudnej [&hellip;]\" \/>\n<meta property=\"og:url\" content=\"https:\/\/www.welovecycling.com\/pl\/2019\/10\/17\/krew-pot-i-lzy-zaprezentowano-trase-tour-de-france-2020\/\" \/>\n<meta property=\"og:site_name\" content=\"\u0160koda We Love Cycling - Poland\" \/>\n<meta property=\"article:published_time\" content=\"2019-10-17T15:42:24+00:00\" \/>\n<meta property=\"article:modified_time\" content=\"2019-10-18T06:50:03+00:00\" \/>\n<meta property=\"og:image\" content=\"https:\/\/d2p6e6u75xmxt8.cloudfront.net\/5\/2019\/10\/5da79bed9b344.jpg\" \/>\n\t<meta property=\"og:image:width\" content=\"680\" \/>\n\t<meta property=\"og:image:height\" content=\"382\" \/>\n\t<meta property=\"og:image:type\" content=\"image\/jpeg\" \/>\n<meta name=\"author\" content=\"piotrboczkowski\" \/>\n<meta name=\"twitter:card\" content=\"summary_large_image\" \/>\n<meta name=\"twitter:label1\" content=\"Written by\" \/>\n\t<meta name=\"twitter:data1\" content=\"Piotr Nowik\" \/>\n\t<meta name=\"twitter:label2\" content=\"Est. reading time\" \/>\n\t<meta name=\"twitter:data2\" content=\"4\" \/>\n<script type=\"application\/ld+json\" class=\"yoast-schema-graph\">{\"@context\":\"https:\/\/schema.org\",\"@graph\":[{\"@type\":\"WebPage\",\"@id\":\"https:\/\/www.welovecycling.com\/pl\/2019\/10\/17\/krew-pot-i-lzy-zaprezentowano-trase-tour-de-france-2020\/\",\"url\":\"https:\/\/www.welovecycling.com\/pl\/2019\/10\/17\/krew-pot-i-lzy-zaprezentowano-trase-tour-de-france-2020\/\",\"name\":\"Krew, pot i \u0142zy. Zaprezentowano tras\u0119 Tour de France 2020 - \u0160koda We Love Cycling - Poland\",\"isPartOf\":{\"@id\":\"https:\/\/www.welovecycling.com\/pl\/#website\"},\"primaryImageOfPage\":{\"@id\":\"https:\/\/www.welovecycling.com\/pl\/2019\/10\/17\/krew-pot-i-lzy-zaprezentowano-trase-tour-de-france-2020\/#primaryimage\"},\"image\":{\"@id\":\"https:\/\/www.welovecycling.com\/pl\/2019\/10\/17\/krew-pot-i-lzy-zaprezentowano-trase-tour-de-france-2020\/#primaryimage\"},\"thumbnailUrl\":\"https:\/\/d2p6e6u75xmxt8.cloudfront.net\/5\/2019\/10\/5da79bed9b344.jpg\",\"datePublished\":\"2019-10-17T15:42:24+00:00\",\"dateModified\":\"2019-10-18T06:50:03+00:00\",\"author\":{\"@id\":\"https:\/\/www.welovecycling.com\/pl\/#\/schema\/person\/0dba2d39da943db9df3fd8f4687e7f23\"},\"breadcrumb\":{\"@id\":\"https:\/\/www.welovecycling.com\/pl\/2019\/10\/17\/krew-pot-i-lzy-zaprezentowano-trase-tour-de-france-2020\/#breadcrumb\"},\"inLanguage\":\"pl-PL\",\"potentialAction\":[{\"@type\":\"ReadAction\",\"target\":[\"https:\/\/www.welovecycling.com\/pl\/2019\/10\/17\/krew-pot-i-lzy-zaprezentowano-trase-tour-de-france-2020\/\"]}]},{\"@type\":\"ImageObject\",\"inLanguage\":\"pl-PL\",\"@id\":\"https:\/\/www.welovecycling.com\/pl\/2019\/10\/17\/krew-pot-i-lzy-zaprezentowano-trase-tour-de-france-2020\/#primaryimage\",\"url\":\"https:\/\/d2p6e6u75xmxt8.cloudfront.net\/5\/2019\/10\/5da79bed9b344.jpg\",\"contentUrl\":\"https:\/\/d2p6e6u75xmxt8.cloudfront.net\/5\/2019\/10\/5da79bed9b344.jpg\",\"width\":680,\"height\":382},{\"@type\":\"BreadcrumbList\",\"@id\":\"https:\/\/www.welovecycling.com\/pl\/2019\/10\/17\/krew-pot-i-lzy-zaprezentowano-trase-tour-de-france-2020\/#breadcrumb\",\"itemListElement\":[{\"@type\":\"ListItem\",\"position\":1,\"name\":\"Home\",\"item\":\"https:\/\/www.welovecycling.com\/pl\/\"},{\"@type\":\"ListItem\",\"position\":2,\"name\":\"Krew, pot i \u0142zy. Zaprezentowano tras\u0119 Tour de France 2020\"}]},{\"@type\":\"WebSite\",\"@id\":\"https:\/\/www.welovecycling.com\/pl\/#website\",\"url\":\"https:\/\/www.welovecycling.com\/pl\/\",\"name\":\"\u0160koda We Love Cycling - Poland\",\"description\":\"\",\"potentialAction\":[{\"@type\":\"SearchAction\",\"target\":{\"@type\":\"EntryPoint\",\"urlTemplate\":\"https:\/\/www.welovecycling.com\/pl\/?s={search_term_string}\"},\"query-input\":{\"@type\":\"PropertyValueSpecification\",\"valueRequired\":true,\"valueName\":\"search_term_string\"}}],\"inLanguage\":\"pl-PL\"},{\"@type\":\"Person\",\"@id\":\"https:\/\/www.welovecycling.com\/pl\/#\/schema\/person\/0dba2d39da943db9df3fd8f4687e7f23\",\"name\":\"piotrboczkowski\",\"image\":{\"@type\":\"ImageObject\",\"inLanguage\":\"pl-PL\",\"@id\":\"https:\/\/www.welovecycling.com\/pl\/#\/schema\/person\/image\/\",\"url\":\"https:\/\/secure.gravatar.com\/avatar\/533caccae14752e03a2ce2d3fd62d1b98b93e1393c3195c27819e53344ca1ace?s=96&d=mm&r=g\",\"contentUrl\":\"https:\/\/secure.gravatar.com\/avatar\/533caccae14752e03a2ce2d3fd62d1b98b93e1393c3195c27819e53344ca1ace?s=96&d=mm&r=g\",\"caption\":\"piotrboczkowski\"},\"url\":\"https:\/\/www.welovecycling.com\/pl\/author\/piotrboczkowski\/\"}]}<\/script>\n<!-- \/ Yoast SEO Premium plugin. -->","yoast_head_json":{"title":"Krew, pot i \u0142zy. Zaprezentowano tras\u0119 Tour de France 2020 - \u0160koda We Love Cycling - Poland","robots":{"index":"index","follow":"follow","max-snippet":"max-snippet:-1","max-image-preview":"max-image-preview:large","max-video-preview":"max-video-preview:-1"},"canonical":"https:\/\/www.welovecycling.com\/pl\/2019\/10\/17\/krew-pot-i-lzy-zaprezentowano-trase-tour-de-france-2020\/","og_locale":"pl_PL","og_type":"article","og_title":"Krew, pot i \u0142zy. Zaprezentowano tras\u0119 Tour de France 2020","og_description":"Kibice zacierali r\u0119ce, a zawodnicy tylko porozumiewawczo kiwali g\u0142owami. W Pary\u017cu przedstawiono tras\u0119 Tour de France 2020! \u2013 Tak trudnej [&hellip;]","og_url":"https:\/\/www.welovecycling.com\/pl\/2019\/10\/17\/krew-pot-i-lzy-zaprezentowano-trase-tour-de-france-2020\/","og_site_name":"\u0160koda We Love Cycling - Poland","article_published_time":"2019-10-17T15:42:24+00:00","article_modified_time":"2019-10-18T06:50:03+00:00","og_image":[{"width":680,"height":382,"url":"https:\/\/d2p6e6u75xmxt8.cloudfront.net\/5\/2019\/10\/5da79bed9b344.jpg","type":"image\/jpeg"}],"author":"piotrboczkowski","twitter_card":"summary_large_image","twitter_misc":{"Written by":"Piotr Nowik","Est. reading time":"4"},"schema":{"@context":"https:\/\/schema.org","@graph":[{"@type":"WebPage","@id":"https:\/\/www.welovecycling.com\/pl\/2019\/10\/17\/krew-pot-i-lzy-zaprezentowano-trase-tour-de-france-2020\/","url":"https:\/\/www.welovecycling.com\/pl\/2019\/10\/17\/krew-pot-i-lzy-zaprezentowano-trase-tour-de-france-2020\/","name":"Krew, pot i \u0142zy. Zaprezentowano tras\u0119 Tour de France 2020 - \u0160koda We Love Cycling - Poland","isPartOf":{"@id":"https:\/\/www.welovecycling.com\/pl\/#website"},"primaryImageOfPage":{"@id":"https:\/\/www.welovecycling.com\/pl\/2019\/10\/17\/krew-pot-i-lzy-zaprezentowano-trase-tour-de-france-2020\/#primaryimage"},"image":{"@id":"https:\/\/www.welovecycling.com\/pl\/2019\/10\/17\/krew-pot-i-lzy-zaprezentowano-trase-tour-de-france-2020\/#primaryimage"},"thumbnailUrl":"https:\/\/d2p6e6u75xmxt8.cloudfront.net\/5\/2019\/10\/5da79bed9b344.jpg","datePublished":"2019-10-17T15:42:24+00:00","dateModified":"2019-10-18T06:50:03+00:00","author":{"@id":"https:\/\/www.welovecycling.com\/pl\/#\/schema\/person\/0dba2d39da943db9df3fd8f4687e7f23"},"breadcrumb":{"@id":"https:\/\/www.welovecycling.com\/pl\/2019\/10\/17\/krew-pot-i-lzy-zaprezentowano-trase-tour-de-france-2020\/#breadcrumb"},"inLanguage":"pl-PL","potentialAction":[{"@type":"ReadAction","target":["https:\/\/www.welovecycling.com\/pl\/2019\/10\/17\/krew-pot-i-lzy-zaprezentowano-trase-tour-de-france-2020\/"]}]},{"@type":"ImageObject","inLanguage":"pl-PL","@id":"https:\/\/www.welovecycling.com\/pl\/2019\/10\/17\/krew-pot-i-lzy-zaprezentowano-trase-tour-de-france-2020\/#primaryimage","url":"https:\/\/d2p6e6u75xmxt8.cloudfront.net\/5\/2019\/10\/5da79bed9b344.jpg","contentUrl":"https:\/\/d2p6e6u75xmxt8.cloudfront.net\/5\/2019\/10\/5da79bed9b344.jpg","width":680,"height":382},{"@type":"BreadcrumbList","@id":"https:\/\/www.welovecycling.com\/pl\/2019\/10\/17\/krew-pot-i-lzy-zaprezentowano-trase-tour-de-france-2020\/#breadcrumb","itemListElement":[{"@type":"ListItem","position":1,"name":"Home","item":"https:\/\/www.welovecycling.com\/pl\/"},{"@type":"ListItem","position":2,"name":"Krew, pot i \u0142zy. Zaprezentowano tras\u0119 Tour de France 2020"}]},{"@type":"WebSite","@id":"https:\/\/www.welovecycling.com\/pl\/#website","url":"https:\/\/www.welovecycling.com\/pl\/","name":"\u0160koda We Love Cycling - Poland","description":"","potentialAction":[{"@type":"SearchAction","target":{"@type":"EntryPoint","urlTemplate":"https:\/\/www.welovecycling.com\/pl\/?s={search_term_string}"},"query-input":{"@type":"PropertyValueSpecification","valueRequired":true,"valueName":"search_term_string"}}],"inLanguage":"pl-PL"},{"@type":"Person","@id":"https:\/\/www.welovecycling.com\/pl\/#\/schema\/person\/0dba2d39da943db9df3fd8f4687e7f23","name":"piotrboczkowski","image":{"@type":"ImageObject","inLanguage":"pl-PL","@id":"https:\/\/www.welovecycling.com\/pl\/#\/schema\/person\/image\/","url":"https:\/\/secure.gravatar.com\/avatar\/533caccae14752e03a2ce2d3fd62d1b98b93e1393c3195c27819e53344ca1ace?s=96&d=mm&r=g","contentUrl":"https:\/\/secure.gravatar.com\/avatar\/533caccae14752e03a2ce2d3fd62d1b98b93e1393c3195c27819e53344ca1ace?s=96&d=mm&r=g","caption":"piotrboczkowski"},"url":"https:\/\/www.welovecycling.com\/pl\/author\/piotrboczkowski\/"}]}},"_links":{"self":[{"href":"https:\/\/www.welovecycling.com\/pl\/wp-json\/wp\/v2\/posts\/9878","targetHints":{"allow":["GET"]}}],"collection":[{"href":"https:\/\/www.welovecycling.com\/pl\/wp-json\/wp\/v2\/posts"}],"about":[{"href":"https:\/\/www.welovecycling.com\/pl\/wp-json\/wp\/v2\/types\/post"}],"author":[{"embeddable":true,"href":"https:\/\/www.welovecycling.com\/pl\/wp-json\/wp\/v2\/users\/76"}],"replies":[{"embeddable":true,"href":"https:\/\/www.welovecycling.com\/pl\/wp-json\/wp\/v2\/comments?post=9878"}],"version-history":[{"count":1,"href":"https:\/\/www.welovecycling.com\/pl\/wp-json\/wp\/v2\/posts\/9878\/revisions"}],"predecessor-version":[{"id":9880,"href":"https:\/\/www.welovecycling.com\/pl\/wp-json\/wp\/v2\/posts\/9878\/revisions\/9880"}],"wp:featuredmedia":[{"embeddable":true,"href":"https:\/\/www.welovecycling.com\/pl\/wp-json\/wp\/v2\/media\/9879"}],"wp:attachment":[{"href":"https:\/\/www.welovecycling.com\/pl\/wp-json\/wp\/v2\/media?parent=9878"}],"wp:term":[{"taxonomy":"category","embeddable":true,"href":"https:\/\/www.welovecycling.com\/pl\/wp-json\/wp\/v2\/categories?post=9878"},{"taxonomy":"post_tag","embeddable":true,"href":"https:\/\/www.welovecycling.com\/pl\/wp-json\/wp\/v2\/tags?post=9878"},{"taxonomy":"global-categories","embeddable":true,"href":"https:\/\/www.welovecycling.com\/pl\/wp-json\/wp\/v2\/global-categories?post=9878"}],"curies":[{"name":"wp","href":"https:\/\/api.w.org\/{rel}","templated":true}]}}