{"id":9866,"date":"2019-10-15T15:58:14","date_gmt":"2019-10-15T15:58:14","guid":{"rendered":"https:\/\/www.welovecycling.com\/pl\/?p=9866"},"modified":"2019-10-16T07:10:55","modified_gmt":"2019-10-16T07:10:55","slug":"eddy-merckx-mial-wypadek-legendarny-kolarz-przebywa-w-szpitalu","status":"publish","type":"post","link":"https:\/\/www.welovecycling.com\/pl\/2019\/10\/15\/eddy-merckx-mial-wypadek-legendarny-kolarz-przebywa-w-szpitalu\/","title":{"rendered":"Eddy Merckx mia\u0142 wypadek! Legendarny kolarz przebywa w szpitalu"},"content":{"rendered":"<p><strong>Legendarny Eddy Merckx upad\u0142 podczas przeja\u017cd\u017cki rowerowej i trafi\u0142 do szpitala. Pocz\u0105tkowo informowano, \u017ce jego stan jest ci\u0119\u017cki, ale wygl\u0105da na to, \u017ce sytuacja zosta\u0142a opanowana. To mia\u0142a by\u0107 zwyk\u0142a niedzielna przeja\u017cd\u017cka w gronie znajomych. 74-letni kolarz, przez wielu uwa\u017cany za najwybitniejszego w historii tej dyscypliny, z niewiadomych przyczyn mia\u0142 si\u0119 przewr\u00f3ci\u0107 i uderzy\u0107 w g\u0142ow\u0119. Pocz\u0105tkowo belgijska gazeta \u201eHet Nieuwsblad\u201d podawa\u0142a, \u017ce sytuacja wygl\u0105da na skomplikowan\u0105, ale nikt nie chcia\u0142 ani potwierdzi\u0107, ani zaprzeczy\u0107 tej informacji.<\/strong><\/p>\n<p><span style=\"font-size: 18pt;\"><strong>Przyjaciel uspokaja<\/strong><\/span><\/p>\n<p>Tysi\u0105ce kibic\u00f3w nie tylko w Belgii, ale te\u017c na ca\u0142ym \u015bwiecie, uspokoi\u0142 dopiero Paul Van Himst, by\u0142y pi\u0142karz, a tak\u017ce przyjaciel Merckxa. &#8211; Kontaktowa\u0142em si\u0119 z \u017con\u0105 Eddy\u2019ego i m\u00f3wi, \u017ce wszystko jest w porz\u0105dku. Teraz planowane s\u0105 kolejne badania \u2013 powiedzia\u0142.<\/p>\n<p>Hospitalizacja pi\u0119ciokrotnego zwyci\u0119zcy Tour de France jest o tyle specyficzna, \u017ce kilka lat temu zdiagnozowano u niego arytmi\u0119 serca, kt\u00f3ra wymaga u\u017cywania rozrusznika.<\/p>\n<p>Mimo to Merckx ostatnio wydawa\u0142 si\u0119 by\u0107 w \u015bwietnej formie, a tegoroczny Tour de France w du\u017cej mierze kr\u0119ci\u0142 si\u0119 w\u0142a\u015bnie wok\u00f3\u0142 niego. To on by\u0142 go\u015bciem honorowym podczas prezentacji trasy, to tak\u017ce ze wzgl\u0119du na jego fantastyczne osi\u0105gni\u0119cia Tour de France 2019 zaczyna\u0142o si\u0119 w Belgii. Pow\u00f3d? W 2019 roku min\u0119\u0142o 50 lat od pierwszego triumfu Merckxa w Wielkiej P\u0119tli.<\/p>\n<p><span style=\"font-size: 18pt;\"><strong>\u201eKanibal\u201d rekordzista<\/strong><\/span><\/p>\n<p>Merckx Tour de France wygrywa\u0142 pi\u0119ciokrotnie (w latach 1969 \u2013 1972 i w 1974 r.), jest te\u017c rekordzist\u0105 pod wzgl\u0119dem zwyci\u0119stw etapowych (96), a jako jedyny zawodnik w historii, w trakcie jednego wy\u015bcigu wygra\u0142 klasyfikacj\u0119 generaln\u0105, punktow\u0105, sprintersk\u0105 oraz g\u00f3rsk\u0105 (w 1969 r.).<\/p>\n<p>\u2013 Eddy Merckx by\u0142 wyj\u0105tkowym kolarzem, a dzi\u015b jest po prostu legend\u0105 \u2013 podkre\u015bla\u0142 Christian Prudhomme, dyrektor Wielkiej P\u0119tli.<\/p>\n<p>\u201eBy\u0142 jak Anita W\u0142odarczyk w rzucie m\u0142otem czy Michael Phelps w p\u0142ywaniu \u2013 gdy stawa\u0142 na starcie, rywale w wi\u0119kszo\u015bci wiedzieli, \u017ce walka toczy si\u0119 ju\u017c tylko o drugie miejsce. Nieprzypadkowo Belg nazywany by\u0142 \u201eKanibalem\u201d, bo zwyci\u0119stwa bra\u0142 z marszu \u2013 wygrywa\u0142 jak chcia\u0142 i kiedy chcia\u0142. A gdy by\u0142 w s\u0142abszej dyspozycji, to dopisywa\u0142o mu szcz\u0119\u015bcie. Na og\u00f3\u0142 jednak przeszkodzi\u0107 m\u00f3g\u0142 mu tylko on sam\u201d \u2013 pisali\u015bmy o Mercksie na We Love Cycling<\/p>\n<div class=\"shortcode-ys-post-pinup\"><article class=\"loop-simple post-8160 post type-post status-publish format-standard has-post-thumbnail hentry category-ciekawostki\" data-postid=\"8160\" role=\"article\" data-post-id=\"8160\" data-word-count=\"435\" data-headline-length=\"91\" data-category=\"Ciekawostki\" data-author=\"Piotr Jawor\" data-published=\"2018-11-29T16:45:26+00:00\" data-published-day=\"Thursday\">\n    <div class=\"entry-thumbnail article-thumbnail\" content=\"https:\/\/d2p6e6u75xmxt8.cloudfront.net\/5\/2018\/12\/Eddy_Merckx_Canada_1974_WK-150x150.jpg\"><a href=\"https:\/\/www.welovecycling.com\/pl\/2018\/11\/29\/eddy-merckx-mogl-zostac-rekordzista-wszech-czasow-tour-de-france-co-poszlo-nie-tak\/\" class=\"image-holder\" target=\"_self\"><img decoding=\"async\" loading=\"lazy\" class=\"\" src=\"https:\/\/d2p6e6u75xmxt8.cloudfront.net\/5\/2018\/12\/Eddy_Merckx_Canada_1974_WK.jpg\" srcset=\"https:\/\/d2p6e6u75xmxt8.cloudfront.net\/5\/2018\/12\/Eddy_Merckx_Canada_1974_WK.jpg 629w, https:\/\/d2p6e6u75xmxt8.cloudfront.net\/5\/2018\/12\/Eddy_Merckx_Canada_1974_WK-300x207.jpg 300w\" width=\"629\" height=\"433\" sizes=\"auto, (min-width: 1200px) 300px, (min-width: 768px) 25vw, 100vw\" alt=\"eddy-merckx-mogl-zostac-rekordzista-wszech-czasow-tour-de-france-co-poszlo-nie-tak\"\/><\/a><\/div>    <div class=\"entry-meta\">\n        <a class=\"label label-secondary post-category\" href=\"https:\/\/www.welovecycling.com\/pl\/category\/ciekawostki\/\" title=\"Ciekawostki\">Ciekawostki<\/a>\n    <\/div>\n    <div class=\"entry-details\">\n        <a href=\"https:\/\/www.welovecycling.com\/pl\/2018\/11\/29\/eddy-merckx-mogl-zostac-rekordzista-wszech-czasow-tour-de-france-co-poszlo-nie-tak\/\" class='entry-title-wrapper'>\n            <h3 class=\"entry-title\"><span>Eddy Merckx: M\u00f3g\u0142 zosta\u0107 rekordzist\u0105 wszech czas\u00f3w Tour de France. Co posz\u0142o nie tak?<\/span><\/h3>\n        <\/a>\n    <\/div>\n    <\/article>\n<\/div>\n<p><span style=\"font-size: 18pt;\"><strong>Kolejna smutna wiadomo\u015b\u0107<\/strong><\/span><\/p>\n<p>Teraz ca\u0142y kolarski \u015bwiat czeka na informacje o zdrowiu kolarza wszechczas\u00f3w. Jego wypadek to jednak nie jest jedyna z\u0142a informacja ostatnich dni, bo w weekend do szpitala trafi\u0142 inny wybitny belgijski kolarz &#8211; Roger De Vlaeminck, kt\u00f3ry w latach 70. by\u0142 jednym z najlepiej je\u017cd\u017c\u0105cych klasyki zawodnik\u00f3w na \u015bwiecie.<\/p>\n<p>Z powodu ci\u0105g\u0142ych dreszczy znalaz\u0142 si\u0119 on na oddziale intensywnej terapii, gdzie lekarze centymetr po centymetrze prze\u015bwietlaj\u0105 jego cia\u0142o, by znale\u017a\u0107 przyczyn\u0119 z\u0142ego samopoczucia.<\/p>\n<p>&#8211; Rozmawia\u0142em te\u017c z \u017con\u0105 Eddy\u2019ego Mercksa. W sumie wyl\u0105dowali\u015bmy w szpitalu w tym samym czasie, ale m\u00f3j pobyt tutaj ma potrwa\u0107 ok. 14 dni, bo tyle czasu lekarze potrzebuj\u0105 na zlokalizowanie \u017ar\u00f3d\u0142a dreszczy \u2013 powiedzia\u0142 De Vlaeminck na \u0142amach \u201eHet Nieuwsblad\u201d.<\/p>\n<style type=\"text\/css\"><!--td {border: 1px solid #ccc;}br {mso-data-placement:same-cell;}--><\/style>\n<p><span data-sheets-value=\"{&quot;1&quot;:2,&quot;2&quot;:&quot;Artyku\u0142 powsta\u0142 we wsp\u00f3\u0142pracy ze skoda-auto.pl&quot;}\" data-sheets-userformat=\"{&quot;2&quot;:1,&quot;3&quot;:{&quot;1&quot;:0}}\"><a class=\"in-cell-link\" href=\"http:\/\/www.skoda-auto.pl\/\" target=\"_blank\" rel=\"noopener\">Artyku\u0142 powsta\u0142 we wsp\u00f3\u0142pracy ze skoda-auto.pl<\/a><\/span><\/p>\n<p><img loading=\"lazy\" decoding=\"async\" class=\"size-full wp-image-9612 alignleft\" src=\"https:\/\/d2p6e6u75xmxt8.cloudfront.net\/5\/2019\/08\/87720f92-4dfc-41d3-bf89-feaa801ffc62.jpg\" alt=\"\" width=\"640\" height=\"300\" srcset=\"https:\/\/d2p6e6u75xmxt8.cloudfront.net\/5\/2019\/08\/87720f92-4dfc-41d3-bf89-feaa801ffc62.jpg 640w, https:\/\/d2p6e6u75xmxt8.cloudfront.net\/5\/2019\/08\/87720f92-4dfc-41d3-bf89-feaa801ffc62-300x141.jpg 300w\" sizes=\"auto, (max-width: 640px) 100vw, 640px\" \/><\/p>\n","protected":false},"excerpt":{"rendered":"<p>Legendarny Eddy Merckx upad\u0142 podczas przeja\u017cd\u017cki rowerowej i trafi\u0142 do szpitala. Pocz\u0105tkowo informowano, \u017ce jego stan jest ci\u0119\u017cki, ale wygl\u0105da [&hellip;]<\/p>\n","protected":false},"author":76,"featured_media":9867,"comment_status":"open","ping_status":"open","sticky":false,"template":"","format":"standard","meta":{"footnotes":""},"categories":[6],"tags":[],"global-categories":[303],"class_list":["post-9866","post","type-post","status-publish","format-standard","has-post-thumbnail","hentry","category-kolarstwo-szosowe","global-categories-cycling"],"yoast_head":"<!-- This site is optimized with the Yoast SEO Premium plugin v25.3 (Yoast SEO v25.9) - https:\/\/yoast.com\/wordpress\/plugins\/seo\/ -->\n<title>Eddy Merckx mia\u0142 wypadek! Legendarny kolarz przebywa w szpitalu - \u0160koda We Love Cycling - Poland<\/title>\n<meta name=\"robots\" content=\"index, follow, max-snippet:-1, max-image-preview:large, max-video-preview:-1\" \/>\n<link rel=\"canonical\" href=\"https:\/\/www.welovecycling.com\/pl\/2019\/10\/15\/eddy-merckx-mial-wypadek-legendarny-kolarz-przebywa-w-szpitalu\/\" \/>\n<meta property=\"og:locale\" content=\"pl_PL\" \/>\n<meta property=\"og:type\" content=\"article\" \/>\n<meta property=\"og:title\" content=\"Eddy Merckx mia\u0142 wypadek! Legendarny kolarz przebywa w szpitalu\" \/>\n<meta property=\"og:description\" content=\"Legendarny Eddy Merckx upad\u0142 podczas przeja\u017cd\u017cki rowerowej i trafi\u0142 do szpitala. Pocz\u0105tkowo informowano, \u017ce jego stan jest ci\u0119\u017cki, ale wygl\u0105da [&hellip;]\" \/>\n<meta property=\"og:url\" content=\"https:\/\/www.welovecycling.com\/pl\/2019\/10\/15\/eddy-merckx-mial-wypadek-legendarny-kolarz-przebywa-w-szpitalu\/\" \/>\n<meta property=\"og:site_name\" content=\"\u0160koda We Love Cycling - Poland\" \/>\n<meta property=\"article:published_time\" content=\"2019-10-15T15:58:14+00:00\" \/>\n<meta property=\"article:modified_time\" content=\"2019-10-16T07:10:55+00:00\" \/>\n<meta property=\"og:image\" content=\"https:\/\/d2p6e6u75xmxt8.cloudfront.net\/5\/2019\/10\/D9QwpvOXkAImkMy.jpg\" \/>\n\t<meta property=\"og:image:width\" content=\"1199\" \/>\n\t<meta property=\"og:image:height\" content=\"798\" \/>\n\t<meta property=\"og:image:type\" content=\"image\/jpeg\" \/>\n<meta name=\"author\" content=\"piotrboczkowski\" \/>\n<meta name=\"twitter:card\" content=\"summary_large_image\" \/>\n<meta name=\"twitter:label1\" content=\"Written by\" \/>\n\t<meta name=\"twitter:data1\" content=\"Piotr Jawor\" \/>\n\t<meta name=\"twitter:label2\" content=\"Est. reading time\" \/>\n\t<meta name=\"twitter:data2\" content=\"3 minutes\" \/>\n<script type=\"application\/ld+json\" class=\"yoast-schema-graph\">{\"@context\":\"https:\/\/schema.org\",\"@graph\":[{\"@type\":\"WebPage\",\"@id\":\"https:\/\/www.welovecycling.com\/pl\/2019\/10\/15\/eddy-merckx-mial-wypadek-legendarny-kolarz-przebywa-w-szpitalu\/\",\"url\":\"https:\/\/www.welovecycling.com\/pl\/2019\/10\/15\/eddy-merckx-mial-wypadek-legendarny-kolarz-przebywa-w-szpitalu\/\",\"name\":\"Eddy Merckx mia\u0142 wypadek! Legendarny kolarz przebywa w szpitalu - \u0160koda We Love Cycling - Poland\",\"isPartOf\":{\"@id\":\"https:\/\/www.welovecycling.com\/pl\/#website\"},\"primaryImageOfPage\":{\"@id\":\"https:\/\/www.welovecycling.com\/pl\/2019\/10\/15\/eddy-merckx-mial-wypadek-legendarny-kolarz-przebywa-w-szpitalu\/#primaryimage\"},\"image\":{\"@id\":\"https:\/\/www.welovecycling.com\/pl\/2019\/10\/15\/eddy-merckx-mial-wypadek-legendarny-kolarz-przebywa-w-szpitalu\/#primaryimage\"},\"thumbnailUrl\":\"https:\/\/d2p6e6u75xmxt8.cloudfront.net\/5\/2019\/10\/D9QwpvOXkAImkMy.jpg\",\"datePublished\":\"2019-10-15T15:58:14+00:00\",\"dateModified\":\"2019-10-16T07:10:55+00:00\",\"author\":{\"@id\":\"https:\/\/www.welovecycling.com\/pl\/#\/schema\/person\/0dba2d39da943db9df3fd8f4687e7f23\"},\"breadcrumb\":{\"@id\":\"https:\/\/www.welovecycling.com\/pl\/2019\/10\/15\/eddy-merckx-mial-wypadek-legendarny-kolarz-przebywa-w-szpitalu\/#breadcrumb\"},\"inLanguage\":\"pl-PL\",\"potentialAction\":[{\"@type\":\"ReadAction\",\"target\":[\"https:\/\/www.welovecycling.com\/pl\/2019\/10\/15\/eddy-merckx-mial-wypadek-legendarny-kolarz-przebywa-w-szpitalu\/\"]}]},{\"@type\":\"ImageObject\",\"inLanguage\":\"pl-PL\",\"@id\":\"https:\/\/www.welovecycling.com\/pl\/2019\/10\/15\/eddy-merckx-mial-wypadek-legendarny-kolarz-przebywa-w-szpitalu\/#primaryimage\",\"url\":\"https:\/\/d2p6e6u75xmxt8.cloudfront.net\/5\/2019\/10\/D9QwpvOXkAImkMy.jpg\",\"contentUrl\":\"https:\/\/d2p6e6u75xmxt8.cloudfront.net\/5\/2019\/10\/D9QwpvOXkAImkMy.jpg\",\"width\":1199,\"height\":798,\"caption\":\"https:\/\/twitter.com\/giroditalia\/status\/1140590101766070274\/photo\/1\"},{\"@type\":\"BreadcrumbList\",\"@id\":\"https:\/\/www.welovecycling.com\/pl\/2019\/10\/15\/eddy-merckx-mial-wypadek-legendarny-kolarz-przebywa-w-szpitalu\/#breadcrumb\",\"itemListElement\":[{\"@type\":\"ListItem\",\"position\":1,\"name\":\"Home\",\"item\":\"https:\/\/www.welovecycling.com\/pl\/\"},{\"@type\":\"ListItem\",\"position\":2,\"name\":\"Eddy Merckx mia\u0142 wypadek! Legendarny kolarz przebywa w szpitalu\"}]},{\"@type\":\"WebSite\",\"@id\":\"https:\/\/www.welovecycling.com\/pl\/#website\",\"url\":\"https:\/\/www.welovecycling.com\/pl\/\",\"name\":\"\u0160koda We Love Cycling - Poland\",\"description\":\"\",\"potentialAction\":[{\"@type\":\"SearchAction\",\"target\":{\"@type\":\"EntryPoint\",\"urlTemplate\":\"https:\/\/www.welovecycling.com\/pl\/?s={search_term_string}\"},\"query-input\":{\"@type\":\"PropertyValueSpecification\",\"valueRequired\":true,\"valueName\":\"search_term_string\"}}],\"inLanguage\":\"pl-PL\"},{\"@type\":\"Person\",\"@id\":\"https:\/\/www.welovecycling.com\/pl\/#\/schema\/person\/0dba2d39da943db9df3fd8f4687e7f23\",\"name\":\"piotrboczkowski\",\"image\":{\"@type\":\"ImageObject\",\"inLanguage\":\"pl-PL\",\"@id\":\"https:\/\/www.welovecycling.com\/pl\/#\/schema\/person\/image\/\",\"url\":\"https:\/\/secure.gravatar.com\/avatar\/533caccae14752e03a2ce2d3fd62d1b98b93e1393c3195c27819e53344ca1ace?s=96&d=mm&r=g\",\"contentUrl\":\"https:\/\/secure.gravatar.com\/avatar\/533caccae14752e03a2ce2d3fd62d1b98b93e1393c3195c27819e53344ca1ace?s=96&d=mm&r=g\",\"caption\":\"piotrboczkowski\"},\"url\":\"https:\/\/www.welovecycling.com\/pl\/author\/piotrboczkowski\/\"}]}<\/script>\n<!-- \/ Yoast SEO Premium plugin. -->","yoast_head_json":{"title":"Eddy Merckx mia\u0142 wypadek! Legendarny kolarz przebywa w szpitalu - \u0160koda We Love Cycling - Poland","robots":{"index":"index","follow":"follow","max-snippet":"max-snippet:-1","max-image-preview":"max-image-preview:large","max-video-preview":"max-video-preview:-1"},"canonical":"https:\/\/www.welovecycling.com\/pl\/2019\/10\/15\/eddy-merckx-mial-wypadek-legendarny-kolarz-przebywa-w-szpitalu\/","og_locale":"pl_PL","og_type":"article","og_title":"Eddy Merckx mia\u0142 wypadek! Legendarny kolarz przebywa w szpitalu","og_description":"Legendarny Eddy Merckx upad\u0142 podczas przeja\u017cd\u017cki rowerowej i trafi\u0142 do szpitala. Pocz\u0105tkowo informowano, \u017ce jego stan jest ci\u0119\u017cki, ale wygl\u0105da [&hellip;]","og_url":"https:\/\/www.welovecycling.com\/pl\/2019\/10\/15\/eddy-merckx-mial-wypadek-legendarny-kolarz-przebywa-w-szpitalu\/","og_site_name":"\u0160koda We Love Cycling - Poland","article_published_time":"2019-10-15T15:58:14+00:00","article_modified_time":"2019-10-16T07:10:55+00:00","og_image":[{"width":1199,"height":798,"url":"https:\/\/d2p6e6u75xmxt8.cloudfront.net\/5\/2019\/10\/D9QwpvOXkAImkMy.jpg","type":"image\/jpeg"}],"author":"piotrboczkowski","twitter_card":"summary_large_image","twitter_misc":{"Written by":"Piotr Jawor","Est. reading time":"3 minutes"},"schema":{"@context":"https:\/\/schema.org","@graph":[{"@type":"WebPage","@id":"https:\/\/www.welovecycling.com\/pl\/2019\/10\/15\/eddy-merckx-mial-wypadek-legendarny-kolarz-przebywa-w-szpitalu\/","url":"https:\/\/www.welovecycling.com\/pl\/2019\/10\/15\/eddy-merckx-mial-wypadek-legendarny-kolarz-przebywa-w-szpitalu\/","name":"Eddy Merckx mia\u0142 wypadek! Legendarny kolarz przebywa w szpitalu - \u0160koda We Love Cycling - Poland","isPartOf":{"@id":"https:\/\/www.welovecycling.com\/pl\/#website"},"primaryImageOfPage":{"@id":"https:\/\/www.welovecycling.com\/pl\/2019\/10\/15\/eddy-merckx-mial-wypadek-legendarny-kolarz-przebywa-w-szpitalu\/#primaryimage"},"image":{"@id":"https:\/\/www.welovecycling.com\/pl\/2019\/10\/15\/eddy-merckx-mial-wypadek-legendarny-kolarz-przebywa-w-szpitalu\/#primaryimage"},"thumbnailUrl":"https:\/\/d2p6e6u75xmxt8.cloudfront.net\/5\/2019\/10\/D9QwpvOXkAImkMy.jpg","datePublished":"2019-10-15T15:58:14+00:00","dateModified":"2019-10-16T07:10:55+00:00","author":{"@id":"https:\/\/www.welovecycling.com\/pl\/#\/schema\/person\/0dba2d39da943db9df3fd8f4687e7f23"},"breadcrumb":{"@id":"https:\/\/www.welovecycling.com\/pl\/2019\/10\/15\/eddy-merckx-mial-wypadek-legendarny-kolarz-przebywa-w-szpitalu\/#breadcrumb"},"inLanguage":"pl-PL","potentialAction":[{"@type":"ReadAction","target":["https:\/\/www.welovecycling.com\/pl\/2019\/10\/15\/eddy-merckx-mial-wypadek-legendarny-kolarz-przebywa-w-szpitalu\/"]}]},{"@type":"ImageObject","inLanguage":"pl-PL","@id":"https:\/\/www.welovecycling.com\/pl\/2019\/10\/15\/eddy-merckx-mial-wypadek-legendarny-kolarz-przebywa-w-szpitalu\/#primaryimage","url":"https:\/\/d2p6e6u75xmxt8.cloudfront.net\/5\/2019\/10\/D9QwpvOXkAImkMy.jpg","contentUrl":"https:\/\/d2p6e6u75xmxt8.cloudfront.net\/5\/2019\/10\/D9QwpvOXkAImkMy.jpg","width":1199,"height":798,"caption":"https:\/\/twitter.com\/giroditalia\/status\/1140590101766070274\/photo\/1"},{"@type":"BreadcrumbList","@id":"https:\/\/www.welovecycling.com\/pl\/2019\/10\/15\/eddy-merckx-mial-wypadek-legendarny-kolarz-przebywa-w-szpitalu\/#breadcrumb","itemListElement":[{"@type":"ListItem","position":1,"name":"Home","item":"https:\/\/www.welovecycling.com\/pl\/"},{"@type":"ListItem","position":2,"name":"Eddy Merckx mia\u0142 wypadek! Legendarny kolarz przebywa w szpitalu"}]},{"@type":"WebSite","@id":"https:\/\/www.welovecycling.com\/pl\/#website","url":"https:\/\/www.welovecycling.com\/pl\/","name":"\u0160koda We Love Cycling - Poland","description":"","potentialAction":[{"@type":"SearchAction","target":{"@type":"EntryPoint","urlTemplate":"https:\/\/www.welovecycling.com\/pl\/?s={search_term_string}"},"query-input":{"@type":"PropertyValueSpecification","valueRequired":true,"valueName":"search_term_string"}}],"inLanguage":"pl-PL"},{"@type":"Person","@id":"https:\/\/www.welovecycling.com\/pl\/#\/schema\/person\/0dba2d39da943db9df3fd8f4687e7f23","name":"piotrboczkowski","image":{"@type":"ImageObject","inLanguage":"pl-PL","@id":"https:\/\/www.welovecycling.com\/pl\/#\/schema\/person\/image\/","url":"https:\/\/secure.gravatar.com\/avatar\/533caccae14752e03a2ce2d3fd62d1b98b93e1393c3195c27819e53344ca1ace?s=96&d=mm&r=g","contentUrl":"https:\/\/secure.gravatar.com\/avatar\/533caccae14752e03a2ce2d3fd62d1b98b93e1393c3195c27819e53344ca1ace?s=96&d=mm&r=g","caption":"piotrboczkowski"},"url":"https:\/\/www.welovecycling.com\/pl\/author\/piotrboczkowski\/"}]}},"_links":{"self":[{"href":"https:\/\/www.welovecycling.com\/pl\/wp-json\/wp\/v2\/posts\/9866","targetHints":{"allow":["GET"]}}],"collection":[{"href":"https:\/\/www.welovecycling.com\/pl\/wp-json\/wp\/v2\/posts"}],"about":[{"href":"https:\/\/www.welovecycling.com\/pl\/wp-json\/wp\/v2\/types\/post"}],"author":[{"embeddable":true,"href":"https:\/\/www.welovecycling.com\/pl\/wp-json\/wp\/v2\/users\/76"}],"replies":[{"embeddable":true,"href":"https:\/\/www.welovecycling.com\/pl\/wp-json\/wp\/v2\/comments?post=9866"}],"version-history":[{"count":1,"href":"https:\/\/www.welovecycling.com\/pl\/wp-json\/wp\/v2\/posts\/9866\/revisions"}],"predecessor-version":[{"id":9868,"href":"https:\/\/www.welovecycling.com\/pl\/wp-json\/wp\/v2\/posts\/9866\/revisions\/9868"}],"wp:featuredmedia":[{"embeddable":true,"href":"https:\/\/www.welovecycling.com\/pl\/wp-json\/wp\/v2\/media\/9867"}],"wp:attachment":[{"href":"https:\/\/www.welovecycling.com\/pl\/wp-json\/wp\/v2\/media?parent=9866"}],"wp:term":[{"taxonomy":"category","embeddable":true,"href":"https:\/\/www.welovecycling.com\/pl\/wp-json\/wp\/v2\/categories?post=9866"},{"taxonomy":"post_tag","embeddable":true,"href":"https:\/\/www.welovecycling.com\/pl\/wp-json\/wp\/v2\/tags?post=9866"},{"taxonomy":"global-categories","embeddable":true,"href":"https:\/\/www.welovecycling.com\/pl\/wp-json\/wp\/v2\/global-categories?post=9866"}],"curies":[{"name":"wp","href":"https:\/\/api.w.org\/{rel}","templated":true}]}}