{"id":9826,"date":"2019-10-04T13:24:44","date_gmt":"2019-10-04T13:24:44","guid":{"rendered":"https:\/\/www.welovecycling.com\/pl\/?p=9826"},"modified":"2019-10-05T13:27:59","modified_gmt":"2019-10-05T13:27:59","slug":"bartosz-huzarski-mistrzostwa-na-tarczy","status":"publish","type":"post","link":"https:\/\/www.welovecycling.com\/pl\/2019\/10\/04\/bartosz-huzarski-mistrzostwa-na-tarczy\/","title":{"rendered":"Bartosz Huzarski: Mistrzostwa na tarczy"},"content":{"rendered":"<p><img loading=\"lazy\" decoding=\"async\" class=\"wp-image-9828 alignnone size-full\" src=\"https:\/\/d2p6e6u75xmxt8.cloudfront.net\/5\/2019\/10\/AGA_2371-1-kopia.jpg\" width=\"2833\" height=\"1891\" srcset=\"https:\/\/d2p6e6u75xmxt8.cloudfront.net\/5\/2019\/10\/AGA_2371-1-kopia.jpg 2833w, https:\/\/d2p6e6u75xmxt8.cloudfront.net\/5\/2019\/10\/AGA_2371-1-kopia-300x200.jpg 300w, https:\/\/d2p6e6u75xmxt8.cloudfront.net\/5\/2019\/10\/AGA_2371-1-kopia-768x513.jpg 768w, https:\/\/d2p6e6u75xmxt8.cloudfront.net\/5\/2019\/10\/AGA_2371-1-kopia-1024x684.jpg 1024w, https:\/\/d2p6e6u75xmxt8.cloudfront.net\/5\/2019\/10\/AGA_2371-1-kopia-1920x1282.jpg 1920w, https:\/\/d2p6e6u75xmxt8.cloudfront.net\/5\/2019\/10\/AGA_2371-1-kopia-272x182.jpg 272w, https:\/\/d2p6e6u75xmxt8.cloudfront.net\/5\/2019\/10\/AGA_2371-1-kopia-1920x1282.jpg 1920w\" sizes=\"auto, (max-width: 2833px) 100vw, 2833px\" \/><\/p>\n<p>Kolarskie mistrzostwa \u015bwiata oznaczaj\u0105 tylko jedno \u2013 oto nadchodzi jesie\u0144 r\u00f3wnie\u017c w tej dyscyplinie sportu. Zorganizowany w hrabstwie Yorkshire tegoroczny czempionat globu by\u0142 dla bia\u0142o-czerwonych \u015brednio udany, by nie powiedzie\u0107, \u017ce najgorszy od kilku dobrych lat. Ale zanim podsumuj\u0119 te osiem dni od strony sportowej \u2013 kilka zda\u0144 o samej organizacji i pomy\u015ble na poprowadzenie tras.<\/p>\n<p>Organizatorzy, kt\u00f3rzy do zrobienia tegorocznych mistrzostw szykowali si\u0119 dobre pi\u0119\u0107 lat, nap\u0119dzani udanym startem Tour de France w roku 2014 i stale rosn\u0105c\u0105 popularno\u015bci\u0105 kolarstwa na wyspach, mieli g\u0142owy pe\u0142ne pomys\u0142\u00f3w. St\u0105d pewnie tak nowatorska, rzadko spotykana formu\u0142a: sze\u015b\u0107 r\u00f3\u017cnych miast startowych oraz przer\u00f3\u017cne kombinacje trasy przejazdu poszczeg\u00f3lnych kategorii wiekowych pozwoli\u0142y wytrwa\u0142ym kibicom pozna\u0107 spory kawa\u0142ek tego hrabstwa. Nie oby\u0142o si\u0119 bez perypetii, o kt\u00f3rych poni\u017cej, ale za to widoki by\u0142y ciekawe i wyj\u0105tkowe. Miejsce jest urokliwe, bardzo zakorzenione w swojej tradycji oraz pe\u0142ne \u015bwietnie zachowanej historii, przepi\u0119knych opactw i ruin zamk\u00f3w, katedr, park\u00f3w narodowych. Bajeczne widoki po raz kolejny u\u015bwiadomi\u0142y mi, \u017ce nie trzeba wysokich g\u00f3r, by odetchn\u0105\u0107 pe\u0142n\u0105 piersi\u0105 i nacieszy\u0107 oko. Samo miasto mety, czyli Harrogate, kt\u00f3re w latach 2013, 2014 i 2015 wybierano najprzyjemniejszym miastem do \u017cycia w Wielkiej Brytanii, by\u0142o doskonale przygotowane na przyj\u0119cie kibic\u00f3w, dziennikarzy i zawodnik\u00f3w z ca\u0142ego \u015bwiata. Wielu wolontariuszy, blisko\u015b\u0107 najwa\u017cniejszych punkt\u00f3w organizacyjnych, czyli biura zawod\u00f3w, centrum kongresowego, stanowisk komentatorskich, podium g\u0142\u00f3wnego i sali konferencyjnej, napawa\u0142o optymizmem i szybko pozwoli\u0142o znale\u017a\u0107 swoje \u015bcie\u017cki pomi\u0119dzy interesuj\u0105cymi punktami. Nie zabrak\u0142o tutaj r\u00f3wnie\u017c pewnych odwa\u017cnych innowacji. Ot\u00f3\u017c sala konferencyjna, o kt\u00f3rej przed chwil\u0105 wspomina\u0142em, zlokalizowana by\u0142a w ponad stupi\u0119\u0107dziesi\u0119cioletnim ko\u015bciele.<\/p>\n<p>Ale nie wszystko z\u0142oto, co si\u0119 \u015bwieci, i r\u00f3wnie\u017c na tych mistrzostwach by\u0142o sporo niedoci\u0105gni\u0119\u0107. Po pierwsze, sama lokalizacja o tej porze roku dawa\u0142a spore obawy co do pogody. Oczywi\u015bcie miejscowi niewiele sobie z tego robili, przyzwyczajeni do regularnych opad\u00f3w deszczu, nawet gdy nic ich nie zapowiada. Niemniej jednak dla przyjezdnych kibic\u00f3w by\u0142o to spore utrudnienie, bo nie ka\u017cdy by\u0142 wyposa\u017cony w odpowiedni str\u00f3j, czyli kalosze, palto i parasol. Pogoda namiesza\u0142a r\u00f3wnie\u017c w wynikach \u2013 cho\u0107by podczas jazdy indywidualnej na czas orlik\u00f3w, kiedy wskutek opiesza\u0142o\u015bci organizator\u00f3w i braku zdecydowania dzia\u0142y si\u0119 rzeczy niespotykane na wy\u015bcigach tej rangi. Karygodne jest puszczenie kolarzy na tras\u0119, po kt\u00f3rej p\u0142yn\u0105 rw\u0105ce strumienie albo, na kt\u00f3rej znajduj\u0105 si\u0119 g\u0142\u0119bokie ka\u0142u\u017ce. Nie m\u00f3wi\u0119 tutaj o przerwaniu wy\u015bcigu, ale podj\u0119ciu dzia\u0142a\u0144 maj\u0105cych na celu oczyszczenie drogi i przeprowadzenie zawod\u00f3w bezpiecznie i zgodnie z zasad\u0105 fair play. Miern\u0105 ocen\u0119 wystawi\u0142bym r\u00f3wnie\u017c za decyzj\u0119 zmiany trasy wy\u015bcigu elity m\u0119\u017cczyzn, kt\u00f3ra zosta\u0142a og\u0142oszona oko\u0142o godziny przed startem. M\u00f3wi si\u0119, \u017ce lepiej p\u00f3\u017ano ni\u017c wcale, ale to zawody rangi mistrzostw \u015bwiata, wi\u0119c pewne standardy powinny by\u0107 zachowane, tym bardziej \u017ce Yorkshire mo\u017ce si\u0119 pochwali\u0107 baz\u0105 satelitarn\u0105 na potrzeby RA, kt\u00f3ra idealnie prognozuje pogod\u0119. Najwi\u0119ksz\u0105 wpadk\u0105 by\u0142 jednak prawie dwugodzinny zanik sygna\u0142u z motor\u00f3w podczas wy\u015bcigu elity m\u0119\u017cczyzn. Pow\u00f3d? Prozaiczny \u2013 samolot przekazuj\u0105cy sygna\u0142 do satelity musia\u0142 zatankowa\u0107! Czyta\u0142em ten komunikat z niedowierzaniem, ale jednak to by\u0142 fakt. Z powodu s\u0142abych warunk\u00f3w pogodowych helikopter uda\u0142o si\u0119 poderwa\u0107 na ostatnie kilkadziesi\u0105t kilometr\u00f3w niedzielnej rywalizacji. Niestety zbyt wiele tych niedoci\u0105gni\u0119\u0107 jak na, wydawa\u0107 by si\u0119 mog\u0142o, tak zgrany team. Zw\u0142aszcza \u017ce tak jak pisa\u0142em wcze\u015bniej \u2013 cz\u0119\u015bci mo\u017cna by\u0142o unikn\u0105\u0107, podejmuj\u0105c szybkie decyzje.<\/p>\n<p>Najlepiej trafi\u0142a elita kobiet. By\u0142o ciep\u0142o, s\u0142onecznie, a na trasie by\u0142o wielu kibic\u00f3w. Z helikoptera mieli\u015bmy wspania\u0142e widoki, chocia\u017c przez nisko zawieszone chmury nie mieli\u015bmy okazji zobaczy\u0107 ich tak du\u017co, jakby\u015bmy chcieli. Najgorzej za\u015b mia\u0142a elita m\u0119\u017cczyzn, kt\u00f3ra wystartowa\u0142a chwil\u0119 po godzinie 9 z Leeds na tras\u0119 o d\u0142ugo\u015bci 260 km. Praktycznie od pocz\u0105tku do ko\u0144ca w deszczu i temperaturze oko\u0142o 10\u00b0C.<br \/>\nZdawa\u0107 by si\u0119 mog\u0142o, \u017ce b\u0119d\u0105 to najlepsze mistrzostwa ostatnich lat. Poprowadzenie tras z nastawieniem na ukazanie pi\u0119kna hrabstwa Yorkshire, ze \u015bwietnie przygotowanymi na przejazd kolarzy miejscowo\u015bciami. Niestety wielu kibic\u00f3w odstraszy\u0142a pogoda. Pami\u0119tam jak dzi\u015b TDF w 2014 roku i dziesi\u0105tki tysi\u0119cy kibic\u00f3w przy trasie. Tutaj zabrak\u0142o chyba klimatu mistrzostw \u015bwiata. Co\u015b ewidentnie nie zagra\u0142o, a mo\u017ce to w\u0142a\u015bnie ta specyficzna aura stworzy\u0142a tak dziwny nastr\u00f3j. Cho\u0107 po zako\u0144czeniu ka\u017cdego z wy\u015bcig\u00f3w bary i restauracje w Harrogate p\u0119ka\u0142y w szwach, to wpadki organizator\u00f3w i komisji s\u0119dziowskiej zmuszaj\u0105 do szybkiego zapomnienia o tych mistrzostwach.<\/p>\n<p>R\u00f3wnie szybko o wyje\u017adzie na wyspy chc\u0105 zapewne zapomnie\u0107 bia\u0142o-czerwoni, kt\u00f3rzy zanotowali jeden z gorszych wyst\u0119p\u00f3w w historii wsp\u00f3\u0142czesnego kolarstwa. Id\u0105c od do\u0142u, czyli kategorii juniorskich, win\u0119 mo\u017cna zrzuci\u0107 na marazm w Polskim Zwi\u0105zku Kolarskim, kt\u00f3ry zamiast pomaga\u0107 w szkoleniu, rozwija\u0107 kadr\u0119 i organizowa\u0107 wyjazdy na wy\u015bcigi i zgrupowania zagraniczne, bawi si\u0119 w kotka i myszk\u0119 z wierzycielami i Ministerstwem Sportu. Starsze kategorie, czyli elita kobiet i m\u0119\u017cczyzn, nie mo\u017ce si\u0119 w ten spos\u00f3b usprawiedliwia\u0107. Najwa\u017cniejszy odjazd przejecha\u0142 Kasi Niewiadomskiej sprzed nosa na 105. km do mety, cho\u0107 przyznaj\u0119 jej racj\u0119 w prze\u015bwiadczeniu, \u017ce czo\u0142\u00f3wka kobiecego kolarstwa dopiero si\u0119 zjedzie \u2013 tym razem si\u0119 nie uda\u0142o, kolejna okazja b\u0119dzie za rok w Szwajcarii. Panowie przyjechali bez Micha\u0142a Kwiatkowskiego, jedynego polskiego kolarza mog\u0105cego na tej trasie zrobi\u0107 dobry wynik. Po bardzo mocnym 2018 roku i \u015bwietnej wio\u015bnie opad\u0142 z si\u0142 podczas Tour de France i nie zd\u0105\u017cy\u0142 si\u0119 zregenerowa\u0107. A szkoda, bo to by\u0142a dla niego idealna trasa. Reszcie nie posz\u0142o. Smutno mi to pisa\u0107, bo sam wielokrotnie startowa\u0142em w mistrzostwach \u015bwiata i wiem, z czym to si\u0119 je. Chcia\u0142bym jednak oceni\u0107 te zawody obiektywnie i nie krytykowa\u0107 wyst\u0119pu naszej kadry, bo by\u0142y to mistrzostwa wyj\u0105tkowe pod kilkoma wzgl\u0119dami. Jazd\u0119 indywidualn\u0105 na czas m\u0119\u017cczyzn wygra\u0142 facet bez przypisanej oficjalnie dru\u017cyny, kt\u00f3ry w atmosferze skandalu wycofa\u0142 si\u0119 z tegorocznej edycji Tour de France i ju\u017c wi\u0119cej si\u0119 nie \u015bciga\u0142. Drugie miejsce zaj\u0105\u0142 troch\u0119 bu\u0144czuczny, ale niesamowicie utytu\u0142owany Remco Evenepoel, kt\u00f3ry ma zaledwie 19 lat i jak sam stwierdzi\u0142 \u2013 powinien by\u0142 wygra\u0107. Wy\u015bcig elity kobiet wygra\u0142a samotnie po ataku na 106. km do mety Annemiek van Vleuten, a ja czego\u015b takiego w \u017cyciu nie widzia\u0142em. M\u0142odzie\u017c po raz kolejny da\u0142a bardzo mocn\u0105 zmian\u0119, a mistrzem \u015bwiata zosta\u0142 Du\u0144czyk, 23-letni Mads Pedersen. Dyskwalifikacja 30 minut po mecie zwyci\u0119zcy wy\u015bcigu orlik\u00f3w, Holendra Nils Eekhoffa, zszokowa\u0142a ca\u0142e \u015brodowisko i by\u0142a bardzo sporn\u0105 i \u017ale taktycznie rozegran\u0105 decyzj\u0105 jury. \u015awietnie przygotowana by\u0142a reprezentacja USA, w kt\u00f3rej medale zdobyli: juniorka Megan Jastrab, juniorzy Quinn Simmons oraz Magnus Sheffield, w elicie kobiet na czas Chloe Dygert Owen, a w U23 na czas Ian Garrison oraz Brandon McNulty. Pora\u017ck\u0119 ponios\u0142y reprezentacje Belgii, Francji, Holandii i Wielkiej Brytanii w wy\u015bcigu elity m\u0119\u017cczyzn, kt\u00f3ry sko\u0144czy\u0142o tylko 46 ze 197 zawodnik\u00f3w. Na tym tle bardzo s\u0142abo wypadaj\u0105 nasi reprezentanci. Najlepsz\u0105 pozycj\u0119 zaj\u0105\u0142 Szymon Sajnok, kt\u00f3ry \u015bwietnie walczy\u0142 i do ostatnich 6 km wy\u015bcigu bra\u0142 udzia\u0142 w akcjach decyduj\u0105cych o medalu, lecz w \u015bwiat idzie wynik z mety. Ostatecznie w wy\u015bcigu orlik\u00f3w, czyli zawodnik\u00f3w do 23 lat, zaj\u0105\u0142 17. miejsce. Pocieszaj\u0105ce jest to, \u017ce wszystkie startuj\u0105ce w swoim wy\u015bcigu juniorki dojecha\u0142y do mety. Ale konkluzja jest jedna \u2013 w profesjonalnym sporcie \u015bwiat nam odje\u017cd\u017ca.<\/p>\n<p><img loading=\"lazy\" decoding=\"async\" class=\"aligncenter size-full wp-image-9614\" src=\"https:\/\/d2p6e6u75xmxt8.cloudfront.net\/5\/2019\/06\/0aea037f-0313-431e-8895-743781c08721.jpg\" alt=\"\" width=\"640\" height=\"300\" srcset=\"https:\/\/d2p6e6u75xmxt8.cloudfront.net\/5\/2019\/06\/0aea037f-0313-431e-8895-743781c08721.jpg 640w, https:\/\/d2p6e6u75xmxt8.cloudfront.net\/5\/2019\/06\/0aea037f-0313-431e-8895-743781c08721-300x141.jpg 300w\" sizes=\"auto, (max-width: 640px) 100vw, 640px\" \/><\/p>\n","protected":false},"excerpt":{"rendered":"<p>Kolarskie mistrzostwa \u015bwiata oznaczaj\u0105 tylko jedno \u2013 oto nadchodzi jesie\u0144 r\u00f3wnie\u017c w tej dyscyplinie sportu. Zorganizowany w hrabstwie Yorkshire tegoroczny [&hellip;]<\/p>\n","protected":false},"author":76,"featured_media":9830,"comment_status":"open","ping_status":"open","sticky":false,"template":"","format":"standard","meta":{"footnotes":""},"categories":[203],"tags":[],"global-categories":[],"class_list":["post-9826","post","type-post","status-publish","format-standard","has-post-thumbnail","hentry","category-bartosz-huzarski"],"yoast_head":"<!-- This site is optimized with the Yoast SEO Premium plugin v25.3 (Yoast SEO v25.9) - https:\/\/yoast.com\/wordpress\/plugins\/seo\/ -->\n<title>Bartosz Huzarski: Mistrzostwa na tarczy - \u0160koda We Love Cycling - Poland<\/title>\n<meta name=\"robots\" content=\"index, follow, max-snippet:-1, max-image-preview:large, max-video-preview:-1\" \/>\n<link rel=\"canonical\" href=\"https:\/\/www.welovecycling.com\/pl\/2019\/10\/04\/bartosz-huzarski-mistrzostwa-na-tarczy\/\" \/>\n<meta property=\"og:locale\" content=\"pl_PL\" \/>\n<meta property=\"og:type\" content=\"article\" \/>\n<meta property=\"og:title\" content=\"Bartosz Huzarski: Mistrzostwa na tarczy\" \/>\n<meta property=\"og:description\" content=\"Kolarskie mistrzostwa \u015bwiata oznaczaj\u0105 tylko jedno \u2013 oto nadchodzi jesie\u0144 r\u00f3wnie\u017c w tej dyscyplinie sportu. Zorganizowany w hrabstwie Yorkshire tegoroczny [&hellip;]\" \/>\n<meta property=\"og:url\" content=\"https:\/\/www.welovecycling.com\/pl\/2019\/10\/04\/bartosz-huzarski-mistrzostwa-na-tarczy\/\" \/>\n<meta property=\"og:site_name\" content=\"\u0160koda We Love Cycling - Poland\" \/>\n<meta property=\"article:published_time\" content=\"2019-10-04T13:24:44+00:00\" \/>\n<meta property=\"article:modified_time\" content=\"2019-10-05T13:27:59+00:00\" \/>\n<meta property=\"og:image\" content=\"https:\/\/d2p6e6u75xmxt8.cloudfront.net\/5\/2019\/10\/huzar-5-1024x768.jpg\" \/>\n\t<meta property=\"og:image:width\" content=\"1024\" \/>\n\t<meta property=\"og:image:height\" content=\"768\" \/>\n\t<meta property=\"og:image:type\" content=\"image\/jpeg\" \/>\n<meta name=\"author\" content=\"piotrboczkowski\" \/>\n<meta name=\"twitter:card\" content=\"summary_large_image\" \/>\n<meta name=\"twitter:label1\" content=\"Written by\" \/>\n\t<meta name=\"twitter:data1\" content=\"Bartosz Huzarski\" \/>\n\t<meta name=\"twitter:label2\" content=\"Est. reading time\" \/>\n\t<meta name=\"twitter:data2\" content=\"5\" \/>\n<script type=\"application\/ld+json\" class=\"yoast-schema-graph\">{\"@context\":\"https:\/\/schema.org\",\"@graph\":[{\"@type\":\"WebPage\",\"@id\":\"https:\/\/www.welovecycling.com\/pl\/2019\/10\/04\/bartosz-huzarski-mistrzostwa-na-tarczy\/\",\"url\":\"https:\/\/www.welovecycling.com\/pl\/2019\/10\/04\/bartosz-huzarski-mistrzostwa-na-tarczy\/\",\"name\":\"Bartosz Huzarski: Mistrzostwa na tarczy - \u0160koda We Love Cycling - Poland\",\"isPartOf\":{\"@id\":\"https:\/\/www.welovecycling.com\/pl\/#website\"},\"primaryImageOfPage\":{\"@id\":\"https:\/\/www.welovecycling.com\/pl\/2019\/10\/04\/bartosz-huzarski-mistrzostwa-na-tarczy\/#primaryimage\"},\"image\":{\"@id\":\"https:\/\/www.welovecycling.com\/pl\/2019\/10\/04\/bartosz-huzarski-mistrzostwa-na-tarczy\/#primaryimage\"},\"thumbnailUrl\":\"https:\/\/d2p6e6u75xmxt8.cloudfront.net\/5\/2019\/10\/huzar-5.jpg\",\"datePublished\":\"2019-10-04T13:24:44+00:00\",\"dateModified\":\"2019-10-05T13:27:59+00:00\",\"author\":{\"@id\":\"https:\/\/www.welovecycling.com\/pl\/#\/schema\/person\/0dba2d39da943db9df3fd8f4687e7f23\"},\"breadcrumb\":{\"@id\":\"https:\/\/www.welovecycling.com\/pl\/2019\/10\/04\/bartosz-huzarski-mistrzostwa-na-tarczy\/#breadcrumb\"},\"inLanguage\":\"pl-PL\",\"potentialAction\":[{\"@type\":\"ReadAction\",\"target\":[\"https:\/\/www.welovecycling.com\/pl\/2019\/10\/04\/bartosz-huzarski-mistrzostwa-na-tarczy\/\"]}]},{\"@type\":\"ImageObject\",\"inLanguage\":\"pl-PL\",\"@id\":\"https:\/\/www.welovecycling.com\/pl\/2019\/10\/04\/bartosz-huzarski-mistrzostwa-na-tarczy\/#primaryimage\",\"url\":\"https:\/\/d2p6e6u75xmxt8.cloudfront.net\/5\/2019\/10\/huzar-5.jpg\",\"contentUrl\":\"https:\/\/d2p6e6u75xmxt8.cloudfront.net\/5\/2019\/10\/huzar-5.jpg\",\"width\":4000,\"height\":3000,\"caption\":\"DCIM107GOPROGOPR1370.JPG\"},{\"@type\":\"BreadcrumbList\",\"@id\":\"https:\/\/www.welovecycling.com\/pl\/2019\/10\/04\/bartosz-huzarski-mistrzostwa-na-tarczy\/#breadcrumb\",\"itemListElement\":[{\"@type\":\"ListItem\",\"position\":1,\"name\":\"Home\",\"item\":\"https:\/\/www.welovecycling.com\/pl\/\"},{\"@type\":\"ListItem\",\"position\":2,\"name\":\"Bartosz Huzarski: Mistrzostwa na tarczy\"}]},{\"@type\":\"WebSite\",\"@id\":\"https:\/\/www.welovecycling.com\/pl\/#website\",\"url\":\"https:\/\/www.welovecycling.com\/pl\/\",\"name\":\"\u0160koda We Love Cycling - Poland\",\"description\":\"\",\"potentialAction\":[{\"@type\":\"SearchAction\",\"target\":{\"@type\":\"EntryPoint\",\"urlTemplate\":\"https:\/\/www.welovecycling.com\/pl\/?s={search_term_string}\"},\"query-input\":{\"@type\":\"PropertyValueSpecification\",\"valueRequired\":true,\"valueName\":\"search_term_string\"}}],\"inLanguage\":\"pl-PL\"},{\"@type\":\"Person\",\"@id\":\"https:\/\/www.welovecycling.com\/pl\/#\/schema\/person\/0dba2d39da943db9df3fd8f4687e7f23\",\"name\":\"piotrboczkowski\",\"image\":{\"@type\":\"ImageObject\",\"inLanguage\":\"pl-PL\",\"@id\":\"https:\/\/www.welovecycling.com\/pl\/#\/schema\/person\/image\/\",\"url\":\"https:\/\/secure.gravatar.com\/avatar\/533caccae14752e03a2ce2d3fd62d1b98b93e1393c3195c27819e53344ca1ace?s=96&d=mm&r=g\",\"contentUrl\":\"https:\/\/secure.gravatar.com\/avatar\/533caccae14752e03a2ce2d3fd62d1b98b93e1393c3195c27819e53344ca1ace?s=96&d=mm&r=g\",\"caption\":\"piotrboczkowski\"},\"url\":\"https:\/\/www.welovecycling.com\/pl\/author\/piotrboczkowski\/\"}]}<\/script>\n<!-- \/ Yoast SEO Premium plugin. -->","yoast_head_json":{"title":"Bartosz Huzarski: Mistrzostwa na tarczy - \u0160koda We Love Cycling - Poland","robots":{"index":"index","follow":"follow","max-snippet":"max-snippet:-1","max-image-preview":"max-image-preview:large","max-video-preview":"max-video-preview:-1"},"canonical":"https:\/\/www.welovecycling.com\/pl\/2019\/10\/04\/bartosz-huzarski-mistrzostwa-na-tarczy\/","og_locale":"pl_PL","og_type":"article","og_title":"Bartosz Huzarski: Mistrzostwa na tarczy","og_description":"Kolarskie mistrzostwa \u015bwiata oznaczaj\u0105 tylko jedno \u2013 oto nadchodzi jesie\u0144 r\u00f3wnie\u017c w tej dyscyplinie sportu. Zorganizowany w hrabstwie Yorkshire tegoroczny [&hellip;]","og_url":"https:\/\/www.welovecycling.com\/pl\/2019\/10\/04\/bartosz-huzarski-mistrzostwa-na-tarczy\/","og_site_name":"\u0160koda We Love Cycling - Poland","article_published_time":"2019-10-04T13:24:44+00:00","article_modified_time":"2019-10-05T13:27:59+00:00","og_image":[{"width":1024,"height":768,"url":"https:\/\/d2p6e6u75xmxt8.cloudfront.net\/5\/2019\/10\/huzar-5-1024x768.jpg","type":"image\/jpeg"}],"author":"piotrboczkowski","twitter_card":"summary_large_image","twitter_misc":{"Written by":"Bartosz Huzarski","Est. reading time":"5"},"schema":{"@context":"https:\/\/schema.org","@graph":[{"@type":"WebPage","@id":"https:\/\/www.welovecycling.com\/pl\/2019\/10\/04\/bartosz-huzarski-mistrzostwa-na-tarczy\/","url":"https:\/\/www.welovecycling.com\/pl\/2019\/10\/04\/bartosz-huzarski-mistrzostwa-na-tarczy\/","name":"Bartosz Huzarski: Mistrzostwa na tarczy - \u0160koda We Love Cycling - Poland","isPartOf":{"@id":"https:\/\/www.welovecycling.com\/pl\/#website"},"primaryImageOfPage":{"@id":"https:\/\/www.welovecycling.com\/pl\/2019\/10\/04\/bartosz-huzarski-mistrzostwa-na-tarczy\/#primaryimage"},"image":{"@id":"https:\/\/www.welovecycling.com\/pl\/2019\/10\/04\/bartosz-huzarski-mistrzostwa-na-tarczy\/#primaryimage"},"thumbnailUrl":"https:\/\/d2p6e6u75xmxt8.cloudfront.net\/5\/2019\/10\/huzar-5.jpg","datePublished":"2019-10-04T13:24:44+00:00","dateModified":"2019-10-05T13:27:59+00:00","author":{"@id":"https:\/\/www.welovecycling.com\/pl\/#\/schema\/person\/0dba2d39da943db9df3fd8f4687e7f23"},"breadcrumb":{"@id":"https:\/\/www.welovecycling.com\/pl\/2019\/10\/04\/bartosz-huzarski-mistrzostwa-na-tarczy\/#breadcrumb"},"inLanguage":"pl-PL","potentialAction":[{"@type":"ReadAction","target":["https:\/\/www.welovecycling.com\/pl\/2019\/10\/04\/bartosz-huzarski-mistrzostwa-na-tarczy\/"]}]},{"@type":"ImageObject","inLanguage":"pl-PL","@id":"https:\/\/www.welovecycling.com\/pl\/2019\/10\/04\/bartosz-huzarski-mistrzostwa-na-tarczy\/#primaryimage","url":"https:\/\/d2p6e6u75xmxt8.cloudfront.net\/5\/2019\/10\/huzar-5.jpg","contentUrl":"https:\/\/d2p6e6u75xmxt8.cloudfront.net\/5\/2019\/10\/huzar-5.jpg","width":4000,"height":3000,"caption":"DCIM107GOPROGOPR1370.JPG"},{"@type":"BreadcrumbList","@id":"https:\/\/www.welovecycling.com\/pl\/2019\/10\/04\/bartosz-huzarski-mistrzostwa-na-tarczy\/#breadcrumb","itemListElement":[{"@type":"ListItem","position":1,"name":"Home","item":"https:\/\/www.welovecycling.com\/pl\/"},{"@type":"ListItem","position":2,"name":"Bartosz Huzarski: Mistrzostwa na tarczy"}]},{"@type":"WebSite","@id":"https:\/\/www.welovecycling.com\/pl\/#website","url":"https:\/\/www.welovecycling.com\/pl\/","name":"\u0160koda We Love Cycling - Poland","description":"","potentialAction":[{"@type":"SearchAction","target":{"@type":"EntryPoint","urlTemplate":"https:\/\/www.welovecycling.com\/pl\/?s={search_term_string}"},"query-input":{"@type":"PropertyValueSpecification","valueRequired":true,"valueName":"search_term_string"}}],"inLanguage":"pl-PL"},{"@type":"Person","@id":"https:\/\/www.welovecycling.com\/pl\/#\/schema\/person\/0dba2d39da943db9df3fd8f4687e7f23","name":"piotrboczkowski","image":{"@type":"ImageObject","inLanguage":"pl-PL","@id":"https:\/\/www.welovecycling.com\/pl\/#\/schema\/person\/image\/","url":"https:\/\/secure.gravatar.com\/avatar\/533caccae14752e03a2ce2d3fd62d1b98b93e1393c3195c27819e53344ca1ace?s=96&d=mm&r=g","contentUrl":"https:\/\/secure.gravatar.com\/avatar\/533caccae14752e03a2ce2d3fd62d1b98b93e1393c3195c27819e53344ca1ace?s=96&d=mm&r=g","caption":"piotrboczkowski"},"url":"https:\/\/www.welovecycling.com\/pl\/author\/piotrboczkowski\/"}]}},"_links":{"self":[{"href":"https:\/\/www.welovecycling.com\/pl\/wp-json\/wp\/v2\/posts\/9826","targetHints":{"allow":["GET"]}}],"collection":[{"href":"https:\/\/www.welovecycling.com\/pl\/wp-json\/wp\/v2\/posts"}],"about":[{"href":"https:\/\/www.welovecycling.com\/pl\/wp-json\/wp\/v2\/types\/post"}],"author":[{"embeddable":true,"href":"https:\/\/www.welovecycling.com\/pl\/wp-json\/wp\/v2\/users\/76"}],"replies":[{"embeddable":true,"href":"https:\/\/www.welovecycling.com\/pl\/wp-json\/wp\/v2\/comments?post=9826"}],"version-history":[{"count":2,"href":"https:\/\/www.welovecycling.com\/pl\/wp-json\/wp\/v2\/posts\/9826\/revisions"}],"predecessor-version":[{"id":9831,"href":"https:\/\/www.welovecycling.com\/pl\/wp-json\/wp\/v2\/posts\/9826\/revisions\/9831"}],"wp:featuredmedia":[{"embeddable":true,"href":"https:\/\/www.welovecycling.com\/pl\/wp-json\/wp\/v2\/media\/9830"}],"wp:attachment":[{"href":"https:\/\/www.welovecycling.com\/pl\/wp-json\/wp\/v2\/media?parent=9826"}],"wp:term":[{"taxonomy":"category","embeddable":true,"href":"https:\/\/www.welovecycling.com\/pl\/wp-json\/wp\/v2\/categories?post=9826"},{"taxonomy":"post_tag","embeddable":true,"href":"https:\/\/www.welovecycling.com\/pl\/wp-json\/wp\/v2\/tags?post=9826"},{"taxonomy":"global-categories","embeddable":true,"href":"https:\/\/www.welovecycling.com\/pl\/wp-json\/wp\/v2\/global-categories?post=9826"}],"curies":[{"name":"wp","href":"https:\/\/api.w.org\/{rel}","templated":true}]}}