{"id":9812,"date":"2019-10-02T12:11:47","date_gmt":"2019-10-02T12:11:47","guid":{"rendered":"https:\/\/www.welovecycling.com\/pl\/?p=9812"},"modified":"2019-10-02T12:13:03","modified_gmt":"2019-10-02T12:13:03","slug":"kolarski-armegedon-zaskakujace-rozstrzygniecie-mistrzostw-swiata","status":"publish","type":"post","link":"https:\/\/www.welovecycling.com\/pl\/2019\/10\/02\/kolarski-armegedon-zaskakujace-rozstrzygniecie-mistrzostw-swiata\/","title":{"rendered":"Kolarski armegedon! Zaskakuj\u0105ce rozstrzygni\u0119cie mistrzostw \u015bwiata"},"content":{"rendered":"<p><strong>Przy takiej pogodzie trudno z domu nos wychyli\u0107, tymczasem oni mieli do pokonania 261 kilometr\u00f3w. W paskudnych warunkach niespodziewanie mistrzem \u015bwiata w wy\u015bcigu ze startu wsp\u00f3lnego zosta\u0142 Mads Pedersen. Zawod\u00f3w nie uko\u0144czy\u0142 \u017caden z Polak\u00f3w.<\/strong><\/p>\n<p><strong>W tak\u0105 pogod\u0119 na rower wsiadaj\u0105 tylko najtwardsi kolarze lub ci, kt\u00f3rzy\u2026 walcz\u0105 o mistrzostwo \u015bwiata. W Yorkshire pogoda by\u0142a tak deszczowa, \u017ce spotkanie przy trasie kibica bez parasola lub peleryny by\u0142o r\u00f3wnie prawdopodobne jak spotkanie yeti.<\/strong><\/p>\n<p><span style=\"font-size: 18pt;\"><strong>Kraksy, wywrotki, obicia<\/strong><\/span><\/p>\n<p>La\u0142o niemal ca\u0142y czas, wi\u0119c na trasie tworzy\u0142y si\u0119 ka\u0142u\u017ce, kt\u00f3re z czasem zaczyna\u0142y przypomina\u0107 wielko\u015bci\u0105 oczka wodne. Z tego powodu zmieniono te\u017c tras\u0119, bo\u00a0 &#8211; cho\u0107 trudno w to uwierzy\u0107 \u2013 by\u0142y miejsce, gdzie pogoda by\u0142a jeszcze gorsza, wi\u0119c organizatorzy postanowili je omin\u0105\u0107.<\/p>\n<p>Na trasie dzia\u0142y si\u0119 rzeczy, kt\u00f3re zawodnicy nazywaj\u0105 kolarskim armagedonem. Kraksy, wywrotki, bolesne obicia, wymiany rower\u00f3w, praca serwisant\u00f3w \u2013 to wszystko trwa\u0142o niemal ca\u0142y wy\u015bcig.<\/p>\n<p>W takich warunkach fatalnie czuli si\u0119 Polacy. Maciej Bodnar, Micha\u0142 Go\u0142a\u015b, Rafa\u0142 Majka, \u0141ukasz Owsian, Pawe\u0142 Polja\u0144ski i \u0141ukasz Wi\u015bniowski nie dotarli do mety.<\/p>\n<p>&#8211; Samo uko\u0144czenie wy\u015bcigu nie mia\u0142o wi\u0119kszego znaczenia. To s\u0105 mistrzostwa \u015bwiata i tu jedzie si\u0119 po wynik, a nie po to, by tylko dotrze\u0107 do mety. Pewnie gdyby zacisn\u0119li z\u0119by, to dotarliby do ko\u0144ca, lecz nie by\u0142o sensu traci\u0107 si\u0142 szczeg\u00f3lnie w tak trudnych warunkach. Do mety dojechali tylko ci, kt\u00f3rzy najlepiej sobie poradzili \u2013 m\u00f3wi\u0142 Dariusz Baranowski, ekspert Eurosportu\u00a0 w rozmowie z oficjaln\u0105 stron\u0105 tej stacji.<\/p>\n<p><span style=\"font-size: 18pt;\"><strong>Nadludzkie si\u0142y<\/strong><\/span><\/p>\n<p>Przy takiej pogodzie mo\u017cna by\u0142o spodziewa\u0107 si\u0119 niespodzianki, ale wy\u015bcig zako\u0144czy\u0142 si\u0119 niemal sensacj\u0105. W fina\u0142owym odje\u017adzie znale\u017ali si\u0119 Stefan Kung, Matteo Trentin i w\u0142a\u015bnie Pedersen. Na zwyci\u0119zc\u0119 morderczego sprintu typowany by\u0142 Trentin, kt\u00f3ry uwa\u017cany jest za specjalist\u0119 od takich wyczyn\u00f3w. W\u0142och rzeczywi\u015bcie zaatakowa\u0142 jako pierwszy, ale przed met\u0105 zza jego plec\u00f3w wyskoczy\u0142 Du\u0144czyk.<\/p>\n<p>&#8211; Wyda\u0142o si\u0119, \u017ce Trentin jest bezwzgl\u0119dnym faworytem, ale Pedersen pokona\u0142 go jakimi\u015b nadprzyrodzonymi si\u0142ami i po raz pierwszy Du\u0144czyk zosta\u0142 mistrzem \u015bwiata \u2013 dziwili si\u0119 komentatorzy Eurosportu.<\/p>\n<div class=\"embed-controller-wrapper\">\n<blockquote class=\"twitter-tweet\" data-width=\"500\" data-dnt=\"true\">\n<p lang=\"en\" dir=\"ltr\">\ud83c\udf08\ud83e\udd47\ud83c\udf08\ud83e\udd47<a href=\"https:\/\/twitter.com\/Mads__Pedersen?ref_src=twsrc%5Etfw\">@Mads__Pedersen<\/a> \ud83c\udde9\ud83c\uddf0 is WORLD CHAMPION!!! <a href=\"https:\/\/twitter.com\/hashtag\/Yorkshire2019?src=hash&amp;ref_src=twsrc%5Etfw\">#Yorkshire2019<\/a> <a href=\"https:\/\/t.co\/4gCcZckJ2X\">pic.twitter.com\/4gCcZckJ2X<\/a><\/p>\n<p>&mdash; UCI (@UCI_cycling) <a href=\"https:\/\/twitter.com\/UCI_cycling\/status\/1178324887338913793?ref_src=twsrc%5Etfw\">September 29, 2019<\/a><\/p><\/blockquote>\n<p><script async data-src=\"https:\/\/platform.twitter.com\/widgets.js\" charset=\"utf-8\"><\/script><\/div>\n<p>Pedersen: &#8211; Nie mog\u0119 uwierzy\u0107 w to, co si\u0119 sta\u0142o. To co\u015b niesamowitego\u2026 Mia\u0142em nadziej\u0119, \u017ce jak zobacz\u0119 ko\u0144cow\u0105 lini\u0119, to zapomn\u0119 o b\u00f3lu oraz zm\u0119czeniu i dam z siebie wszystko. Sze\u015b\u0107 i p\u00f3\u0142 godziny na rowerze to sporo, ale wykrzesa\u0142em z siebie si\u0142y na finisz. Do tego dochodzi\u0142a jeszcze ci\u0105g\u0142a\u00a0 koncentracja, bo w takich warunkach pogodowych ca\u0142y czas trzeba by\u0107 skupionym.<\/p>\n<p><span style=\"font-size: 18pt;\"><strong>\u0141zy szcz\u0119\u015bcia <\/strong><\/span><\/p>\n<p>Z kolei tytu\u0142 mistrza \u015bwiata w je\u017adzie na czas obroni\u0142 Rohan Dennis. Patrz\u0105c na jego wzruszenie mo\u017cna zastanawia\u0107 si\u0119, czy to zwyci\u0119stwo nie smakowa\u0142o Australijczykowi jeszcze lepiej ni\u017c przed rokiem<\/p>\n<div class=\"embed-controller-wrapper\">\n<blockquote class=\"twitter-tweet\" data-width=\"500\" data-dnt=\"true\">\n<p lang=\"en\" dir=\"ltr\">He defends his WORLD TITLE! \ud83c\udf08 <\/p>\n<p>Just look what it means to Rohan Dennis \ud83c\udde6\ud83c\uddfa and his family! <a href=\"https:\/\/twitter.com\/hashtag\/Yorkshire2019?src=hash&amp;ref_src=twsrc%5Etfw\">#Yorkshire2019<\/a> <a href=\"https:\/\/t.co\/fpeKetcUKO\">pic.twitter.com\/fpeKetcUKO<\/a><\/p>\n<p>&mdash; UCI (@UCI_cycling) <a href=\"https:\/\/twitter.com\/UCI_cycling\/status\/1176871838150008832?ref_src=twsrc%5Etfw\">September 25, 2019<\/a><\/p><\/blockquote>\n<p><script async data-src=\"https:\/\/platform.twitter.com\/widgets.js\" charset=\"utf-8\"><\/script><\/div>\n<p>Drugie miejsce zaj\u0105\u0142 Belg Remco Evenepoel, trzecie W\u0142och Filippo Ganna, a najlepszy z Polak\u00f3w \u2013 Maciej Bodnar \u2013 by\u0142 20.<\/p>\n<p>Mistrzyni\u0105 \u015bwiata kobiet ze startu wsp\u00f3lnego zosta\u0142a Holenderka Annemiek van Vleuten, a w je\u017adzie na czas amerykanka Chloe Dygert.<\/p>\n<p><img loading=\"lazy\" decoding=\"async\" class=\"aligncenter size-full wp-image-9614\" src=\"https:\/\/d2p6e6u75xmxt8.cloudfront.net\/5\/2019\/06\/0aea037f-0313-431e-8895-743781c08721.jpg\" alt=\"\" width=\"640\" height=\"300\" srcset=\"https:\/\/d2p6e6u75xmxt8.cloudfront.net\/5\/2019\/06\/0aea037f-0313-431e-8895-743781c08721.jpg 640w, https:\/\/d2p6e6u75xmxt8.cloudfront.net\/5\/2019\/06\/0aea037f-0313-431e-8895-743781c08721-300x141.jpg 300w\" sizes=\"auto, (max-width: 640px) 100vw, 640px\" \/><\/p>\n","protected":false},"excerpt":{"rendered":"<p>Przy takiej pogodzie trudno z domu nos wychyli\u0107, tymczasem oni mieli do pokonania 261 kilometr\u00f3w. W paskudnych warunkach niespodziewanie mistrzem [&hellip;]<\/p>\n","protected":false},"author":76,"featured_media":9813,"comment_status":"open","ping_status":"open","sticky":false,"template":"","format":"standard","meta":{"footnotes":""},"categories":[6],"tags":[],"global-categories":[303],"class_list":["post-9812","post","type-post","status-publish","format-standard","has-post-thumbnail","hentry","category-kolarstwo-szosowe","global-categories-cycling"],"yoast_head":"<!-- This site is optimized with the Yoast SEO Premium plugin v25.3 (Yoast SEO v25.9) - https:\/\/yoast.com\/wordpress\/plugins\/seo\/ -->\n<title>Kolarski armegedon! Zaskakuj\u0105ce rozstrzygni\u0119cie mistrzostw \u015bwiata - \u0160koda We Love Cycling - Poland<\/title>\n<meta name=\"robots\" content=\"index, follow, max-snippet:-1, max-image-preview:large, max-video-preview:-1\" \/>\n<link rel=\"canonical\" href=\"https:\/\/www.welovecycling.com\/pl\/2019\/10\/02\/kolarski-armegedon-zaskakujace-rozstrzygniecie-mistrzostw-swiata\/\" \/>\n<meta property=\"og:locale\" content=\"pl_PL\" \/>\n<meta property=\"og:type\" content=\"article\" \/>\n<meta property=\"og:title\" content=\"Kolarski armegedon! Zaskakuj\u0105ce rozstrzygni\u0119cie mistrzostw \u015bwiata\" \/>\n<meta property=\"og:description\" content=\"Przy takiej pogodzie trudno z domu nos wychyli\u0107, tymczasem oni mieli do pokonania 261 kilometr\u00f3w. W paskudnych warunkach niespodziewanie mistrzem [&hellip;]\" \/>\n<meta property=\"og:url\" content=\"https:\/\/www.welovecycling.com\/pl\/2019\/10\/02\/kolarski-armegedon-zaskakujace-rozstrzygniecie-mistrzostw-swiata\/\" \/>\n<meta property=\"og:site_name\" content=\"\u0160koda We Love Cycling - Poland\" \/>\n<meta property=\"article:published_time\" content=\"2019-10-02T12:11:47+00:00\" \/>\n<meta property=\"article:modified_time\" content=\"2019-10-02T12:13:03+00:00\" \/>\n<meta property=\"og:image\" content=\"https:\/\/d2p6e6u75xmxt8.cloudfront.net\/5\/2019\/10\/mads-pedersen-of-denmark-wins-the-mens-elite-road-race.jpg\" \/>\n\t<meta property=\"og:image:width\" content=\"1850\" \/>\n\t<meta property=\"og:image:height\" content=\"1233\" \/>\n\t<meta property=\"og:image:type\" content=\"image\/jpeg\" \/>\n<meta name=\"author\" content=\"piotrboczkowski\" \/>\n<meta name=\"twitter:card\" content=\"summary_large_image\" \/>\n<meta name=\"twitter:label1\" content=\"Written by\" \/>\n\t<meta name=\"twitter:data1\" content=\"Piotr Nowik\" \/>\n\t<meta name=\"twitter:label2\" content=\"Est. reading time\" \/>\n\t<meta name=\"twitter:data2\" content=\"5\" \/>\n<script type=\"application\/ld+json\" class=\"yoast-schema-graph\">{\"@context\":\"https:\/\/schema.org\",\"@graph\":[{\"@type\":\"WebPage\",\"@id\":\"https:\/\/www.welovecycling.com\/pl\/2019\/10\/02\/kolarski-armegedon-zaskakujace-rozstrzygniecie-mistrzostw-swiata\/\",\"url\":\"https:\/\/www.welovecycling.com\/pl\/2019\/10\/02\/kolarski-armegedon-zaskakujace-rozstrzygniecie-mistrzostw-swiata\/\",\"name\":\"Kolarski armegedon! Zaskakuj\u0105ce rozstrzygni\u0119cie mistrzostw \u015bwiata - \u0160koda We Love Cycling - Poland\",\"isPartOf\":{\"@id\":\"https:\/\/www.welovecycling.com\/pl\/#website\"},\"primaryImageOfPage\":{\"@id\":\"https:\/\/www.welovecycling.com\/pl\/2019\/10\/02\/kolarski-armegedon-zaskakujace-rozstrzygniecie-mistrzostw-swiata\/#primaryimage\"},\"image\":{\"@id\":\"https:\/\/www.welovecycling.com\/pl\/2019\/10\/02\/kolarski-armegedon-zaskakujace-rozstrzygniecie-mistrzostw-swiata\/#primaryimage\"},\"thumbnailUrl\":\"https:\/\/d2p6e6u75xmxt8.cloudfront.net\/5\/2019\/10\/mads-pedersen-of-denmark-wins-the-mens-elite-road-race.jpg\",\"datePublished\":\"2019-10-02T12:11:47+00:00\",\"dateModified\":\"2019-10-02T12:13:03+00:00\",\"author\":{\"@id\":\"https:\/\/www.welovecycling.com\/pl\/#\/schema\/person\/0dba2d39da943db9df3fd8f4687e7f23\"},\"breadcrumb\":{\"@id\":\"https:\/\/www.welovecycling.com\/pl\/2019\/10\/02\/kolarski-armegedon-zaskakujace-rozstrzygniecie-mistrzostw-swiata\/#breadcrumb\"},\"inLanguage\":\"pl-PL\",\"potentialAction\":[{\"@type\":\"ReadAction\",\"target\":[\"https:\/\/www.welovecycling.com\/pl\/2019\/10\/02\/kolarski-armegedon-zaskakujace-rozstrzygniecie-mistrzostw-swiata\/\"]}]},{\"@type\":\"ImageObject\",\"inLanguage\":\"pl-PL\",\"@id\":\"https:\/\/www.welovecycling.com\/pl\/2019\/10\/02\/kolarski-armegedon-zaskakujace-rozstrzygniecie-mistrzostw-swiata\/#primaryimage\",\"url\":\"https:\/\/d2p6e6u75xmxt8.cloudfront.net\/5\/2019\/10\/mads-pedersen-of-denmark-wins-the-mens-elite-road-race.jpg\",\"contentUrl\":\"https:\/\/d2p6e6u75xmxt8.cloudfront.net\/5\/2019\/10\/mads-pedersen-of-denmark-wins-the-mens-elite-road-race.jpg\",\"width\":1850,\"height\":1233,\"caption\":\"https:\/\/worlds.yorkshire.com\/the-latest\/\"},{\"@type\":\"BreadcrumbList\",\"@id\":\"https:\/\/www.welovecycling.com\/pl\/2019\/10\/02\/kolarski-armegedon-zaskakujace-rozstrzygniecie-mistrzostw-swiata\/#breadcrumb\",\"itemListElement\":[{\"@type\":\"ListItem\",\"position\":1,\"name\":\"Home\",\"item\":\"https:\/\/www.welovecycling.com\/pl\/\"},{\"@type\":\"ListItem\",\"position\":2,\"name\":\"Kolarski armegedon! Zaskakuj\u0105ce rozstrzygni\u0119cie mistrzostw \u015bwiata\"}]},{\"@type\":\"WebSite\",\"@id\":\"https:\/\/www.welovecycling.com\/pl\/#website\",\"url\":\"https:\/\/www.welovecycling.com\/pl\/\",\"name\":\"\u0160koda We Love Cycling - Poland\",\"description\":\"\",\"potentialAction\":[{\"@type\":\"SearchAction\",\"target\":{\"@type\":\"EntryPoint\",\"urlTemplate\":\"https:\/\/www.welovecycling.com\/pl\/?s={search_term_string}\"},\"query-input\":{\"@type\":\"PropertyValueSpecification\",\"valueRequired\":true,\"valueName\":\"search_term_string\"}}],\"inLanguage\":\"pl-PL\"},{\"@type\":\"Person\",\"@id\":\"https:\/\/www.welovecycling.com\/pl\/#\/schema\/person\/0dba2d39da943db9df3fd8f4687e7f23\",\"name\":\"piotrboczkowski\",\"image\":{\"@type\":\"ImageObject\",\"inLanguage\":\"pl-PL\",\"@id\":\"https:\/\/www.welovecycling.com\/pl\/#\/schema\/person\/image\/\",\"url\":\"https:\/\/secure.gravatar.com\/avatar\/533caccae14752e03a2ce2d3fd62d1b98b93e1393c3195c27819e53344ca1ace?s=96&d=mm&r=g\",\"contentUrl\":\"https:\/\/secure.gravatar.com\/avatar\/533caccae14752e03a2ce2d3fd62d1b98b93e1393c3195c27819e53344ca1ace?s=96&d=mm&r=g\",\"caption\":\"piotrboczkowski\"},\"url\":\"https:\/\/www.welovecycling.com\/pl\/author\/piotrboczkowski\/\"}]}<\/script>\n<!-- \/ Yoast SEO Premium plugin. -->","yoast_head_json":{"title":"Kolarski armegedon! Zaskakuj\u0105ce rozstrzygni\u0119cie mistrzostw \u015bwiata - \u0160koda We Love Cycling - Poland","robots":{"index":"index","follow":"follow","max-snippet":"max-snippet:-1","max-image-preview":"max-image-preview:large","max-video-preview":"max-video-preview:-1"},"canonical":"https:\/\/www.welovecycling.com\/pl\/2019\/10\/02\/kolarski-armegedon-zaskakujace-rozstrzygniecie-mistrzostw-swiata\/","og_locale":"pl_PL","og_type":"article","og_title":"Kolarski armegedon! Zaskakuj\u0105ce rozstrzygni\u0119cie mistrzostw \u015bwiata","og_description":"Przy takiej pogodzie trudno z domu nos wychyli\u0107, tymczasem oni mieli do pokonania 261 kilometr\u00f3w. W paskudnych warunkach niespodziewanie mistrzem [&hellip;]","og_url":"https:\/\/www.welovecycling.com\/pl\/2019\/10\/02\/kolarski-armegedon-zaskakujace-rozstrzygniecie-mistrzostw-swiata\/","og_site_name":"\u0160koda We Love Cycling - Poland","article_published_time":"2019-10-02T12:11:47+00:00","article_modified_time":"2019-10-02T12:13:03+00:00","og_image":[{"width":1850,"height":1233,"url":"https:\/\/d2p6e6u75xmxt8.cloudfront.net\/5\/2019\/10\/mads-pedersen-of-denmark-wins-the-mens-elite-road-race.jpg","type":"image\/jpeg"}],"author":"piotrboczkowski","twitter_card":"summary_large_image","twitter_misc":{"Written by":"Piotr Nowik","Est. reading time":"5"},"schema":{"@context":"https:\/\/schema.org","@graph":[{"@type":"WebPage","@id":"https:\/\/www.welovecycling.com\/pl\/2019\/10\/02\/kolarski-armegedon-zaskakujace-rozstrzygniecie-mistrzostw-swiata\/","url":"https:\/\/www.welovecycling.com\/pl\/2019\/10\/02\/kolarski-armegedon-zaskakujace-rozstrzygniecie-mistrzostw-swiata\/","name":"Kolarski armegedon! Zaskakuj\u0105ce rozstrzygni\u0119cie mistrzostw \u015bwiata - \u0160koda We Love Cycling - Poland","isPartOf":{"@id":"https:\/\/www.welovecycling.com\/pl\/#website"},"primaryImageOfPage":{"@id":"https:\/\/www.welovecycling.com\/pl\/2019\/10\/02\/kolarski-armegedon-zaskakujace-rozstrzygniecie-mistrzostw-swiata\/#primaryimage"},"image":{"@id":"https:\/\/www.welovecycling.com\/pl\/2019\/10\/02\/kolarski-armegedon-zaskakujace-rozstrzygniecie-mistrzostw-swiata\/#primaryimage"},"thumbnailUrl":"https:\/\/d2p6e6u75xmxt8.cloudfront.net\/5\/2019\/10\/mads-pedersen-of-denmark-wins-the-mens-elite-road-race.jpg","datePublished":"2019-10-02T12:11:47+00:00","dateModified":"2019-10-02T12:13:03+00:00","author":{"@id":"https:\/\/www.welovecycling.com\/pl\/#\/schema\/person\/0dba2d39da943db9df3fd8f4687e7f23"},"breadcrumb":{"@id":"https:\/\/www.welovecycling.com\/pl\/2019\/10\/02\/kolarski-armegedon-zaskakujace-rozstrzygniecie-mistrzostw-swiata\/#breadcrumb"},"inLanguage":"pl-PL","potentialAction":[{"@type":"ReadAction","target":["https:\/\/www.welovecycling.com\/pl\/2019\/10\/02\/kolarski-armegedon-zaskakujace-rozstrzygniecie-mistrzostw-swiata\/"]}]},{"@type":"ImageObject","inLanguage":"pl-PL","@id":"https:\/\/www.welovecycling.com\/pl\/2019\/10\/02\/kolarski-armegedon-zaskakujace-rozstrzygniecie-mistrzostw-swiata\/#primaryimage","url":"https:\/\/d2p6e6u75xmxt8.cloudfront.net\/5\/2019\/10\/mads-pedersen-of-denmark-wins-the-mens-elite-road-race.jpg","contentUrl":"https:\/\/d2p6e6u75xmxt8.cloudfront.net\/5\/2019\/10\/mads-pedersen-of-denmark-wins-the-mens-elite-road-race.jpg","width":1850,"height":1233,"caption":"https:\/\/worlds.yorkshire.com\/the-latest\/"},{"@type":"BreadcrumbList","@id":"https:\/\/www.welovecycling.com\/pl\/2019\/10\/02\/kolarski-armegedon-zaskakujace-rozstrzygniecie-mistrzostw-swiata\/#breadcrumb","itemListElement":[{"@type":"ListItem","position":1,"name":"Home","item":"https:\/\/www.welovecycling.com\/pl\/"},{"@type":"ListItem","position":2,"name":"Kolarski armegedon! Zaskakuj\u0105ce rozstrzygni\u0119cie mistrzostw \u015bwiata"}]},{"@type":"WebSite","@id":"https:\/\/www.welovecycling.com\/pl\/#website","url":"https:\/\/www.welovecycling.com\/pl\/","name":"\u0160koda We Love Cycling - Poland","description":"","potentialAction":[{"@type":"SearchAction","target":{"@type":"EntryPoint","urlTemplate":"https:\/\/www.welovecycling.com\/pl\/?s={search_term_string}"},"query-input":{"@type":"PropertyValueSpecification","valueRequired":true,"valueName":"search_term_string"}}],"inLanguage":"pl-PL"},{"@type":"Person","@id":"https:\/\/www.welovecycling.com\/pl\/#\/schema\/person\/0dba2d39da943db9df3fd8f4687e7f23","name":"piotrboczkowski","image":{"@type":"ImageObject","inLanguage":"pl-PL","@id":"https:\/\/www.welovecycling.com\/pl\/#\/schema\/person\/image\/","url":"https:\/\/secure.gravatar.com\/avatar\/533caccae14752e03a2ce2d3fd62d1b98b93e1393c3195c27819e53344ca1ace?s=96&d=mm&r=g","contentUrl":"https:\/\/secure.gravatar.com\/avatar\/533caccae14752e03a2ce2d3fd62d1b98b93e1393c3195c27819e53344ca1ace?s=96&d=mm&r=g","caption":"piotrboczkowski"},"url":"https:\/\/www.welovecycling.com\/pl\/author\/piotrboczkowski\/"}]}},"_links":{"self":[{"href":"https:\/\/www.welovecycling.com\/pl\/wp-json\/wp\/v2\/posts\/9812","targetHints":{"allow":["GET"]}}],"collection":[{"href":"https:\/\/www.welovecycling.com\/pl\/wp-json\/wp\/v2\/posts"}],"about":[{"href":"https:\/\/www.welovecycling.com\/pl\/wp-json\/wp\/v2\/types\/post"}],"author":[{"embeddable":true,"href":"https:\/\/www.welovecycling.com\/pl\/wp-json\/wp\/v2\/users\/76"}],"replies":[{"embeddable":true,"href":"https:\/\/www.welovecycling.com\/pl\/wp-json\/wp\/v2\/comments?post=9812"}],"version-history":[{"count":2,"href":"https:\/\/www.welovecycling.com\/pl\/wp-json\/wp\/v2\/posts\/9812\/revisions"}],"predecessor-version":[{"id":9815,"href":"https:\/\/www.welovecycling.com\/pl\/wp-json\/wp\/v2\/posts\/9812\/revisions\/9815"}],"wp:featuredmedia":[{"embeddable":true,"href":"https:\/\/www.welovecycling.com\/pl\/wp-json\/wp\/v2\/media\/9813"}],"wp:attachment":[{"href":"https:\/\/www.welovecycling.com\/pl\/wp-json\/wp\/v2\/media?parent=9812"}],"wp:term":[{"taxonomy":"category","embeddable":true,"href":"https:\/\/www.welovecycling.com\/pl\/wp-json\/wp\/v2\/categories?post=9812"},{"taxonomy":"post_tag","embeddable":true,"href":"https:\/\/www.welovecycling.com\/pl\/wp-json\/wp\/v2\/tags?post=9812"},{"taxonomy":"global-categories","embeddable":true,"href":"https:\/\/www.welovecycling.com\/pl\/wp-json\/wp\/v2\/global-categories?post=9812"}],"curies":[{"name":"wp","href":"https:\/\/api.w.org\/{rel}","templated":true}]}}