{"id":9790,"date":"2019-09-26T17:19:44","date_gmt":"2019-09-26T17:19:44","guid":{"rendered":"https:\/\/www.welovecycling.com\/pl\/?p=9790"},"modified":"2019-09-26T17:21:20","modified_gmt":"2019-09-26T17:21:20","slug":"o-co-opierasz-swoj-rower","status":"publish","type":"post","link":"https:\/\/www.welovecycling.com\/pl\/2019\/09\/26\/o-co-opierasz-swoj-rower\/","title":{"rendered":"O co opierasz sw\u00f3j rower?"},"content":{"rendered":"<p><strong>Istniej\u0105 trzy powody, by zrobi\u0107 zdj\u0119cie swojego roweru. Za chwil\u0119 go sprzedasz, osi\u0105gn\u0105\u0142e\u015b nirwan\u0119 rowerow\u0105 podczas niesamowitej jazdy lub przypomnia\u0142e\u015b sobie, jak bardzo go kochasz.<\/strong><\/p>\n<p>Nie chcesz mie\u0107 na zdj\u0119ciu kogo\u015b trzymaj\u0105cego Tw\u00f3j rower, o co wi\u0119c go opierasz? Udost\u0119pnij swoj\u0105 fotk\u0119 w komentarzach.<\/p>\n<p><strong><span style=\"font-size: 18pt;\">Barierka nad kana\u0142em<\/span><\/strong><\/p>\n<p>S\u0142awne miejsce stanowi \u015bwietne t\u0142o dla roweru pod warunkiem, \u017ce jest on \u0142adniejszy od t\u0142a. Oczywi\u015bcie wszyscy wiemy, \u017ce zrobienie zdj\u0119cia to g\u0142\u00f3wny pow\u00f3d wizyty w Amsterdamie.<\/p>\n<p>https:\/\/www.instagram.com\/p\/B1B72DfHuc-\/?utm_source=ig_embed<\/p>\n<p><span style=\"font-size: 18pt;\"><strong>Brama<\/strong><\/span><\/p>\n<p>Rowery oparte o bramy to bardzo specyficzny rodzaj zdj\u0119\u0107. Zanim zdasz sobie spraw\u0119, \u017ce chcesz zrobi\u0107 tak\u0105 fotk\u0119, musisz jecha\u0107 dalej, a\u017c znajdziesz kolejn\u0105 bram\u0119. Staraj si\u0119 nie zapomina\u0107, \u017ce musisz zrobi\u0107 r\u00f3wnie\u017c zdj\u0119cie, gdy j\u0105 miniesz. Czy Strava KOM ma znaczenie, je\u015bli nie mo\u017cesz celebrowa\u0107 widoku z bram\u0105?<\/p>\n<p>https:\/\/www.instagram.com\/p\/Bl_a4bmhnus\/?utm_source=ig_embed<\/p>\n<p><strong><span style=\"font-size: 18pt;\">Pomniki nied\u017awiedzia<\/span><\/strong><\/p>\n<p>Niekt\u00f3rzy ludzie sprawiaj\u0105, \u017ce sobie my\u015blisz \u2013 to nic trudnego. Pomnik nied\u017awiedzia? Za\u0142atwione. Idealnie zrobione zdj\u0119cie? Za\u0142atwione. Odpowiednia pora? Za\u0142atwione. Triumfalna poza siedz\u0105cego na szczycie nied\u017awiedzia jest zr\u00f3wnowa\u017cona stylowym paskiem Rapha pasuj\u0105cym do kolorystycznego b\u0142ysku na Specialized. To jest @soma_ride z Instagrama, kt\u00f3ra zarabia na pozowaniu. Do\u0142\u0105cz do niej na przeja\u017cd\u017ck\u0119, je\u015bli si\u0119 odwa\u017cysz.<\/p>\n<p>https:\/\/www.instagram.com\/p\/BvA1CRoACJT\/?utm_source=ig_embed&#038;utm_campaign=dlfix<\/p>\n<p><strong><span style=\"font-size: 18pt;\">Ska\u0142y<\/span><\/strong><\/p>\n<p>Dzika przyroda jest \u015bwietnym t\u0142em dla zdj\u0119\u0107 rower\u00f3w. Czy mo\u017cesz sobie wyobrazi\u0107 lepsz\u0105 nagrod\u0119 za porann\u0105 wspinaczk\u0119 ni\u017c Granite Dells? A jednak nie ma to znaczenia \u2013 komentuj\u0105cy s\u0105 bardziej zainteresowani tym, jak dzia\u0142aj\u0105 widelce DVO. @mtb.247 powinien ju\u017c to teraz wiedzie\u0107.<\/p>\n<p>https:\/\/www.instagram.com\/p\/BoZ9neVhGTm\/?utm_source=ig_embed<\/p>\n<p><span style=\"font-size: 18pt;\"><strong>Beztrosko oparty o samoch\u00f3d<\/strong><\/span><\/p>\n<p>Wszyscy wiemy, \u017ce karbon nie jest w stanie zarysowa\u0107 \u017cadnego innego materia\u0142u, wi\u0119c dlaczego nie oprze\u0107 roweru o samoch\u00f3d? M\u00f3g\u0142by\u015b nawet nim w niego rzuci\u0107 i spowodowa\u0142oby to tyle samo szk\u00f3d co pi\u00f3rko (zreszt\u0105 taki rower wa\u017cy pewnie tyle samo). Wed\u0142ug s\u0142\u00f3w Seana Kelly&#8217;ego: \u201eRower jest najwa\u017cniejszy\u201d. Dobra, koniec \u017cart\u00f3w! W \u017cadnym wypadku nie akceptujemy rzucania rowerami w samochody.<\/p>\n<p>https:\/\/www.instagram.com\/p\/Bxus3XThNAi\/?utm_source=ig_embed<\/p>\n<p><strong><span style=\"font-size: 18pt;\">O inny rower, kt\u00f3ry opiera si\u0119 o \u015bcian\u0119<\/span><\/strong><\/p>\n<p>Pami\u0119tasz, jak by\u0142e\u015b dzieckiem i prosi\u0142e\u015b ojca, \u017ceby kupi\u0142 ci taki sam rower jaki ma Tw\u00f3j przyjaciel? To fajna sprawa i doro\u015bli nie powinni wstydzi\u0107 si\u0119 tej praktyki. Wyobra\u017a sobie, \u017ce je\u017adzisz po miejskich ulicach i parkach z Jebem, a\u017c w ko\u0144cu ten usi\u0105dzie i napije si\u0119 ciep\u0142ego kokosowego La Croix z puszki. Sp\u00f3jrz na pasuj\u0105ce do siebie z\u0142ote ramki BMX i *kliknij*. Zadanie wykonane.<\/p>\n<p>https:\/\/www.instagram.com\/p\/B1BW9gRlf1e\/?utm_source=ig_embed<\/p>\n<style type=\"text\/css\"><!--td {border: 1px solid #ccc;}br {mso-data-placement:same-cell;}--><\/style>\n<p><span data-sheets-value=\"{&quot;1&quot;:2,&quot;2&quot;:&quot;Artyku\u0142 powsta\u0142 we wsp\u00f3\u0142pracy ze skoda-auto.pl&quot;}\" data-sheets-userformat=\"{&quot;2&quot;:1,&quot;3&quot;:{&quot;1&quot;:0}}\"><a class=\"in-cell-link\" href=\"http:\/\/www.skoda-auto.pl\/\" target=\"_blank\" rel=\"noopener\">Artyku\u0142 powsta\u0142 we wsp\u00f3\u0142pracy ze skoda-auto.pl<\/a><\/span><\/p>\n<p><img loading=\"lazy\" decoding=\"async\" class=\"aligncenter size-full wp-image-9776\" src=\"https:\/\/d2p6e6u75xmxt8.cloudfront.net\/5\/2019\/09\/baner_WLC_640x350_3.png\" alt=\"\" width=\"640\" height=\"300\" srcset=\"https:\/\/d2p6e6u75xmxt8.cloudfront.net\/5\/2019\/09\/baner_WLC_640x350_3.png 640w, https:\/\/d2p6e6u75xmxt8.cloudfront.net\/5\/2019\/09\/baner_WLC_640x350_3-300x141.png 300w\" sizes=\"auto, (max-width: 640px) 100vw, 640px\" \/><\/p>\n<p>&nbsp;<\/p>\n","protected":false},"excerpt":{"rendered":"<p>Istniej\u0105 trzy powody, by zrobi\u0107 zdj\u0119cie swojego roweru. Za chwil\u0119 go sprzedasz, osi\u0105gn\u0105\u0142e\u015b nirwan\u0119 rowerow\u0105 podczas niesamowitej jazdy lub przypomnia\u0142e\u015b [&hellip;]<\/p>\n","protected":false},"author":76,"featured_media":9797,"comment_status":"open","ping_status":"open","sticky":false,"template":"","format":"standard","meta":{"footnotes":""},"categories":[226],"tags":[],"global-categories":[303],"class_list":["post-9790","post","type-post","status-publish","format-standard","has-post-thumbnail","hentry","category-ciekawostki","global-categories-cycling"],"yoast_head":"<!-- This site is optimized with the Yoast SEO Premium plugin v25.3 (Yoast SEO v25.9) - https:\/\/yoast.com\/wordpress\/plugins\/seo\/ -->\n<title>O co opierasz sw\u00f3j rower? - \u0160koda We Love Cycling - Poland<\/title>\n<meta name=\"description\" content=\"Istniej\u0105 trzy powody, by zrobi\u0107 zdj\u0119cie swojego roweru. Zaraz go sprzedasz, osi\u0105gn\u0105\u0142e\u015b nirwan\u0119 rowerow\u0105 podczas niesamowitej jazdy i przypomnia\u0142e\u015b sobie \u017ce..\" \/>\n<meta name=\"robots\" content=\"index, follow, max-snippet:-1, max-image-preview:large, max-video-preview:-1\" \/>\n<link rel=\"canonical\" href=\"https:\/\/www.welovecycling.com\/pl\/2019\/09\/26\/o-co-opierasz-swoj-rower\/\" \/>\n<meta property=\"og:locale\" content=\"pl_PL\" \/>\n<meta property=\"og:type\" content=\"article\" \/>\n<meta property=\"og:title\" content=\"O co opierasz sw\u00f3j rower?\" \/>\n<meta property=\"og:description\" content=\"Istniej\u0105 trzy powody, by zrobi\u0107 zdj\u0119cie swojego roweru. Zaraz go sprzedasz, osi\u0105gn\u0105\u0142e\u015b nirwan\u0119 rowerow\u0105 podczas niesamowitej jazdy i przypomnia\u0142e\u015b sobie \u017ce..\" \/>\n<meta property=\"og:url\" content=\"https:\/\/www.welovecycling.com\/pl\/2019\/09\/26\/o-co-opierasz-swoj-rower\/\" \/>\n<meta property=\"og:site_name\" content=\"\u0160koda We Love Cycling - Poland\" \/>\n<meta property=\"article:published_time\" content=\"2019-09-26T17:19:44+00:00\" \/>\n<meta property=\"article:modified_time\" content=\"2019-09-26T17:21:20+00:00\" \/>\n<meta property=\"og:image\" content=\"https:\/\/d2p6e6u75xmxt8.cloudfront.net\/5\/2019\/09\/Bicycle-CVR-profimedia-0316784081-1024x450.jpg\" \/>\n\t<meta property=\"og:image:width\" content=\"1024\" \/>\n\t<meta property=\"og:image:height\" content=\"450\" \/>\n\t<meta property=\"og:image:type\" content=\"image\/jpeg\" \/>\n<meta name=\"author\" content=\"piotrboczkowski\" \/>\n<meta name=\"twitter:card\" content=\"summary_large_image\" \/>\n<meta name=\"twitter:label1\" content=\"Written by\" \/>\n\t<meta name=\"twitter:data1\" content=\"Christopher Ashley\" \/>\n\t<meta name=\"twitter:label2\" content=\"Est. reading time\" \/>\n\t<meta name=\"twitter:data2\" content=\"5\" \/>\n<script type=\"application\/ld+json\" class=\"yoast-schema-graph\">{\"@context\":\"https:\/\/schema.org\",\"@graph\":[{\"@type\":\"WebPage\",\"@id\":\"https:\/\/www.welovecycling.com\/pl\/2019\/09\/26\/o-co-opierasz-swoj-rower\/\",\"url\":\"https:\/\/www.welovecycling.com\/pl\/2019\/09\/26\/o-co-opierasz-swoj-rower\/\",\"name\":\"O co opierasz sw\u00f3j rower? - \u0160koda We Love Cycling - Poland\",\"isPartOf\":{\"@id\":\"https:\/\/www.welovecycling.com\/pl\/#website\"},\"primaryImageOfPage\":{\"@id\":\"https:\/\/www.welovecycling.com\/pl\/2019\/09\/26\/o-co-opierasz-swoj-rower\/#primaryimage\"},\"image\":{\"@id\":\"https:\/\/www.welovecycling.com\/pl\/2019\/09\/26\/o-co-opierasz-swoj-rower\/#primaryimage\"},\"thumbnailUrl\":\"https:\/\/d2p6e6u75xmxt8.cloudfront.net\/5\/2019\/09\/Bicycle-CVR-profimedia-0316784081-1024x450.jpg\",\"datePublished\":\"2019-09-26T17:19:44+00:00\",\"dateModified\":\"2019-09-26T17:21:20+00:00\",\"author\":{\"@id\":\"https:\/\/www.welovecycling.com\/pl\/#\/schema\/person\/0dba2d39da943db9df3fd8f4687e7f23\"},\"description\":\"Istniej\u0105 trzy powody, by zrobi\u0107 zdj\u0119cie swojego roweru. Zaraz go sprzedasz, osi\u0105gn\u0105\u0142e\u015b nirwan\u0119 rowerow\u0105 podczas niesamowitej jazdy i przypomnia\u0142e\u015b sobie \u017ce..\",\"breadcrumb\":{\"@id\":\"https:\/\/www.welovecycling.com\/pl\/2019\/09\/26\/o-co-opierasz-swoj-rower\/#breadcrumb\"},\"inLanguage\":\"pl-PL\",\"potentialAction\":[{\"@type\":\"ReadAction\",\"target\":[\"https:\/\/www.welovecycling.com\/pl\/2019\/09\/26\/o-co-opierasz-swoj-rower\/\"]}]},{\"@type\":\"ImageObject\",\"inLanguage\":\"pl-PL\",\"@id\":\"https:\/\/www.welovecycling.com\/pl\/2019\/09\/26\/o-co-opierasz-swoj-rower\/#primaryimage\",\"url\":\"https:\/\/d2p6e6u75xmxt8.cloudfront.net\/5\/2019\/09\/Bicycle-CVR-profimedia-0316784081-1024x450.jpg\",\"contentUrl\":\"https:\/\/d2p6e6u75xmxt8.cloudfront.net\/5\/2019\/09\/Bicycle-CVR-profimedia-0316784081-1024x450.jpg\",\"width\":1024,\"height\":450},{\"@type\":\"BreadcrumbList\",\"@id\":\"https:\/\/www.welovecycling.com\/pl\/2019\/09\/26\/o-co-opierasz-swoj-rower\/#breadcrumb\",\"itemListElement\":[{\"@type\":\"ListItem\",\"position\":1,\"name\":\"Home\",\"item\":\"https:\/\/www.welovecycling.com\/pl\/\"},{\"@type\":\"ListItem\",\"position\":2,\"name\":\"O co opierasz sw\u00f3j rower?\"}]},{\"@type\":\"WebSite\",\"@id\":\"https:\/\/www.welovecycling.com\/pl\/#website\",\"url\":\"https:\/\/www.welovecycling.com\/pl\/\",\"name\":\"\u0160koda We Love Cycling - Poland\",\"description\":\"\",\"potentialAction\":[{\"@type\":\"SearchAction\",\"target\":{\"@type\":\"EntryPoint\",\"urlTemplate\":\"https:\/\/www.welovecycling.com\/pl\/?s={search_term_string}\"},\"query-input\":{\"@type\":\"PropertyValueSpecification\",\"valueRequired\":true,\"valueName\":\"search_term_string\"}}],\"inLanguage\":\"pl-PL\"},{\"@type\":\"Person\",\"@id\":\"https:\/\/www.welovecycling.com\/pl\/#\/schema\/person\/0dba2d39da943db9df3fd8f4687e7f23\",\"name\":\"piotrboczkowski\",\"image\":{\"@type\":\"ImageObject\",\"inLanguage\":\"pl-PL\",\"@id\":\"https:\/\/www.welovecycling.com\/pl\/#\/schema\/person\/image\/\",\"url\":\"https:\/\/secure.gravatar.com\/avatar\/533caccae14752e03a2ce2d3fd62d1b98b93e1393c3195c27819e53344ca1ace?s=96&d=mm&r=g\",\"contentUrl\":\"https:\/\/secure.gravatar.com\/avatar\/533caccae14752e03a2ce2d3fd62d1b98b93e1393c3195c27819e53344ca1ace?s=96&d=mm&r=g\",\"caption\":\"piotrboczkowski\"},\"url\":\"https:\/\/www.welovecycling.com\/pl\/author\/piotrboczkowski\/\"}]}<\/script>\n<!-- \/ Yoast SEO Premium plugin. -->","yoast_head_json":{"title":"O co opierasz sw\u00f3j rower? - \u0160koda We Love Cycling - Poland","description":"Istniej\u0105 trzy powody, by zrobi\u0107 zdj\u0119cie swojego roweru. Zaraz go sprzedasz, osi\u0105gn\u0105\u0142e\u015b nirwan\u0119 rowerow\u0105 podczas niesamowitej jazdy i przypomnia\u0142e\u015b sobie \u017ce..","robots":{"index":"index","follow":"follow","max-snippet":"max-snippet:-1","max-image-preview":"max-image-preview:large","max-video-preview":"max-video-preview:-1"},"canonical":"https:\/\/www.welovecycling.com\/pl\/2019\/09\/26\/o-co-opierasz-swoj-rower\/","og_locale":"pl_PL","og_type":"article","og_title":"O co opierasz sw\u00f3j rower?","og_description":"Istniej\u0105 trzy powody, by zrobi\u0107 zdj\u0119cie swojego roweru. Zaraz go sprzedasz, osi\u0105gn\u0105\u0142e\u015b nirwan\u0119 rowerow\u0105 podczas niesamowitej jazdy i przypomnia\u0142e\u015b sobie \u017ce..","og_url":"https:\/\/www.welovecycling.com\/pl\/2019\/09\/26\/o-co-opierasz-swoj-rower\/","og_site_name":"\u0160koda We Love Cycling - Poland","article_published_time":"2019-09-26T17:19:44+00:00","article_modified_time":"2019-09-26T17:21:20+00:00","og_image":[{"width":1024,"height":450,"url":"https:\/\/d2p6e6u75xmxt8.cloudfront.net\/5\/2019\/09\/Bicycle-CVR-profimedia-0316784081-1024x450.jpg","type":"image\/jpeg"}],"author":"piotrboczkowski","twitter_card":"summary_large_image","twitter_misc":{"Written by":"Christopher Ashley","Est. reading time":"5"},"schema":{"@context":"https:\/\/schema.org","@graph":[{"@type":"WebPage","@id":"https:\/\/www.welovecycling.com\/pl\/2019\/09\/26\/o-co-opierasz-swoj-rower\/","url":"https:\/\/www.welovecycling.com\/pl\/2019\/09\/26\/o-co-opierasz-swoj-rower\/","name":"O co opierasz sw\u00f3j rower? - \u0160koda We Love Cycling - Poland","isPartOf":{"@id":"https:\/\/www.welovecycling.com\/pl\/#website"},"primaryImageOfPage":{"@id":"https:\/\/www.welovecycling.com\/pl\/2019\/09\/26\/o-co-opierasz-swoj-rower\/#primaryimage"},"image":{"@id":"https:\/\/www.welovecycling.com\/pl\/2019\/09\/26\/o-co-opierasz-swoj-rower\/#primaryimage"},"thumbnailUrl":"https:\/\/d2p6e6u75xmxt8.cloudfront.net\/5\/2019\/09\/Bicycle-CVR-profimedia-0316784081-1024x450.jpg","datePublished":"2019-09-26T17:19:44+00:00","dateModified":"2019-09-26T17:21:20+00:00","author":{"@id":"https:\/\/www.welovecycling.com\/pl\/#\/schema\/person\/0dba2d39da943db9df3fd8f4687e7f23"},"description":"Istniej\u0105 trzy powody, by zrobi\u0107 zdj\u0119cie swojego roweru. Zaraz go sprzedasz, osi\u0105gn\u0105\u0142e\u015b nirwan\u0119 rowerow\u0105 podczas niesamowitej jazdy i przypomnia\u0142e\u015b sobie \u017ce..","breadcrumb":{"@id":"https:\/\/www.welovecycling.com\/pl\/2019\/09\/26\/o-co-opierasz-swoj-rower\/#breadcrumb"},"inLanguage":"pl-PL","potentialAction":[{"@type":"ReadAction","target":["https:\/\/www.welovecycling.com\/pl\/2019\/09\/26\/o-co-opierasz-swoj-rower\/"]}]},{"@type":"ImageObject","inLanguage":"pl-PL","@id":"https:\/\/www.welovecycling.com\/pl\/2019\/09\/26\/o-co-opierasz-swoj-rower\/#primaryimage","url":"https:\/\/d2p6e6u75xmxt8.cloudfront.net\/5\/2019\/09\/Bicycle-CVR-profimedia-0316784081-1024x450.jpg","contentUrl":"https:\/\/d2p6e6u75xmxt8.cloudfront.net\/5\/2019\/09\/Bicycle-CVR-profimedia-0316784081-1024x450.jpg","width":1024,"height":450},{"@type":"BreadcrumbList","@id":"https:\/\/www.welovecycling.com\/pl\/2019\/09\/26\/o-co-opierasz-swoj-rower\/#breadcrumb","itemListElement":[{"@type":"ListItem","position":1,"name":"Home","item":"https:\/\/www.welovecycling.com\/pl\/"},{"@type":"ListItem","position":2,"name":"O co opierasz sw\u00f3j rower?"}]},{"@type":"WebSite","@id":"https:\/\/www.welovecycling.com\/pl\/#website","url":"https:\/\/www.welovecycling.com\/pl\/","name":"\u0160koda We Love Cycling - Poland","description":"","potentialAction":[{"@type":"SearchAction","target":{"@type":"EntryPoint","urlTemplate":"https:\/\/www.welovecycling.com\/pl\/?s={search_term_string}"},"query-input":{"@type":"PropertyValueSpecification","valueRequired":true,"valueName":"search_term_string"}}],"inLanguage":"pl-PL"},{"@type":"Person","@id":"https:\/\/www.welovecycling.com\/pl\/#\/schema\/person\/0dba2d39da943db9df3fd8f4687e7f23","name":"piotrboczkowski","image":{"@type":"ImageObject","inLanguage":"pl-PL","@id":"https:\/\/www.welovecycling.com\/pl\/#\/schema\/person\/image\/","url":"https:\/\/secure.gravatar.com\/avatar\/533caccae14752e03a2ce2d3fd62d1b98b93e1393c3195c27819e53344ca1ace?s=96&d=mm&r=g","contentUrl":"https:\/\/secure.gravatar.com\/avatar\/533caccae14752e03a2ce2d3fd62d1b98b93e1393c3195c27819e53344ca1ace?s=96&d=mm&r=g","caption":"piotrboczkowski"},"url":"https:\/\/www.welovecycling.com\/pl\/author\/piotrboczkowski\/"}]}},"_links":{"self":[{"href":"https:\/\/www.welovecycling.com\/pl\/wp-json\/wp\/v2\/posts\/9790","targetHints":{"allow":["GET"]}}],"collection":[{"href":"https:\/\/www.welovecycling.com\/pl\/wp-json\/wp\/v2\/posts"}],"about":[{"href":"https:\/\/www.welovecycling.com\/pl\/wp-json\/wp\/v2\/types\/post"}],"author":[{"embeddable":true,"href":"https:\/\/www.welovecycling.com\/pl\/wp-json\/wp\/v2\/users\/76"}],"replies":[{"embeddable":true,"href":"https:\/\/www.welovecycling.com\/pl\/wp-json\/wp\/v2\/comments?post=9790"}],"version-history":[{"count":2,"href":"https:\/\/www.welovecycling.com\/pl\/wp-json\/wp\/v2\/posts\/9790\/revisions"}],"predecessor-version":[{"id":9799,"href":"https:\/\/www.welovecycling.com\/pl\/wp-json\/wp\/v2\/posts\/9790\/revisions\/9799"}],"wp:featuredmedia":[{"embeddable":true,"href":"https:\/\/www.welovecycling.com\/pl\/wp-json\/wp\/v2\/media\/9797"}],"wp:attachment":[{"href":"https:\/\/www.welovecycling.com\/pl\/wp-json\/wp\/v2\/media?parent=9790"}],"wp:term":[{"taxonomy":"category","embeddable":true,"href":"https:\/\/www.welovecycling.com\/pl\/wp-json\/wp\/v2\/categories?post=9790"},{"taxonomy":"post_tag","embeddable":true,"href":"https:\/\/www.welovecycling.com\/pl\/wp-json\/wp\/v2\/tags?post=9790"},{"taxonomy":"global-categories","embeddable":true,"href":"https:\/\/www.welovecycling.com\/pl\/wp-json\/wp\/v2\/global-categories?post=9790"}],"curies":[{"name":"wp","href":"https:\/\/api.w.org\/{rel}","templated":true}]}}