{"id":9787,"date":"2019-09-25T11:19:38","date_gmt":"2019-09-25T11:19:38","guid":{"rendered":"https:\/\/www.welovecycling.com\/pl\/?p=9787"},"modified":"2019-09-25T11:19:38","modified_gmt":"2019-09-25T11:19:38","slug":"jakie-foteliki-rowerowe-sa-dla-dzieci-najlepsze","status":"publish","type":"post","link":"https:\/\/www.welovecycling.com\/pl\/2019\/09\/25\/jakie-foteliki-rowerowe-sa-dla-dzieci-najlepsze\/","title":{"rendered":"Jakie foteliki rowerowe s\u0105 dla dzieci najlepsze?"},"content":{"rendered":"<p><strong>Dzieci lubi\u0105 pr\u0119dko\u015b\u0107 \u2013 niezale\u017cnie od tego, dok\u0105d i jakim pojazdem si\u0119 przemieszczaj\u0105. Jazda na rowerze to \u015bwietna okazja, aby zapewni\u0107 rozrywk\u0119, kt\u00f3ra sprawi im rado\u015b\u0107. Zanim osi\u0105gn\u0105 wiek, w kt\u00f3rym same wsi\u0105d\u0105 na rower, mo\u017cna zabiera\u0107 je na przeja\u017cd\u017cki w foteliku lub w przyczepce. Zrobili\u015bmy test, aby dowiedzie\u0107 si\u0119, gdzie dzieciaki czuj\u0105 si\u0119 najlepiej.<\/strong><\/p>\n<p>&nbsp;<\/p>\n<p><span style=\"font-size: 18pt;\"><strong>Fotelik dzieci\u0119cy montowany z ty\u0142u<\/strong><\/span><\/p>\n<p>Wyobra\u017a sobie, \u017ce ogl\u0105dasz z bliska po\u015bladki doros\u0142ego przez wiele godzin \u2013 w\u0142a\u015bnie to widz\u0105 dzieci siedz\u0105ce w tylnym foteliku. Przez ograniczon\u0105 widoczno\u015b\u0107 b\u0119d\u0105 si\u0119 wierci\u0107, \u017ceby co\u015b dostrzec. W dodatku to rozwi\u0105zanie nie zapewnia bezpiecze\u0144stwa, poniewa\u017c ci\u0119\u017car jest przesuni\u0119ty na ty\u0142, co powoduje, \u017ce rower jest niestabilny i trudny do kierowania. Zamocowanie tego samego rodzaju siedziska na g\u00f3rnej rurze ramy sprawi, \u017ce dziecko znajdzie si\u0119 przed Tob\u0105 i \u0142atwiej b\u0119dzie Ci zachowa\u0107 r\u00f3wnowag\u0119. Dzi\u0119ki temu masz ma\u0142ego cz\u0142owieka pod kontrol\u0105 i \u0142atwo mo\u017cesz go zaanga\u017cowa\u0107 w jazd\u0119.<\/p>\n<p><a class=\"colorbox-initialized cboxElement\" href=\"https:\/\/d2p6e6u75xmxt8.cloudfront.net\/2\/2019\/08\/Baby-Seat-CVR.jpg\"><img loading=\"lazy\" decoding=\"async\" class=\"alignnone size-full wp-image-174854 initial loaded\" src=\"https:\/\/d2p6e6u75xmxt8.cloudfront.net\/2\/2019\/08\/Baby-Seat-CVR.jpg\" sizes=\"auto, (max-width: 1366px) 100vw, 1366px\" srcset=\"https:\/\/d2p6e6u75xmxt8.cloudfront.net\/2\/2019\/08\/Baby-Seat-CVR.jpg 1366w, https:\/\/d2p6e6u75xmxt8.cloudfront.net\/2\/2019\/08\/Baby-Seat-CVR-300x132.jpg 300w, https:\/\/d2p6e6u75xmxt8.cloudfront.net\/2\/2019\/08\/Baby-Seat-CVR-768x337.jpg 768w, https:\/\/d2p6e6u75xmxt8.cloudfront.net\/2\/2019\/08\/Baby-Seat-CVR-1024x450.jpg 1024w\" alt=\"\" width=\"1366\" height=\"600\" data-was-processed=\"true\" \/><\/a><\/p>\n<div id=\"gallery-2\" class=\"gallery galleryid-174850 gallery-columns-2 gallery-size-large\">\n<figure class=\"gallery-item\">\n<div class=\"gallery-icon landscape\"><a class=\"colorbox-initialized cboxElement\" href=\"https:\/\/d2p6e6u75xmxt8.cloudfront.net\/2\/2019\/08\/Baby-Seat-2.jpg\"><img loading=\"lazy\" decoding=\"async\" class=\"attachment-large size-large initial loaded\" style=\"width: 100%; max-width: 100%; height: auto; max-height: none;\" src=\"https:\/\/d2p6e6u75xmxt8.cloudfront.net\/2\/2019\/08\/Baby-Seat-2-1024x768.jpg\" sizes=\"auto, (max-width: 1024px) 100vw, 1024px\" srcset=\"https:\/\/d2p6e6u75xmxt8.cloudfront.net\/2\/2019\/08\/Baby-Seat-2-1024x768.jpg 1024w, https:\/\/d2p6e6u75xmxt8.cloudfront.net\/2\/2019\/08\/Baby-Seat-2-300x225.jpg 300w, https:\/\/d2p6e6u75xmxt8.cloudfront.net\/2\/2019\/08\/Baby-Seat-2-768x576.jpg 768w, https:\/\/d2p6e6u75xmxt8.cloudfront.net\/2\/2019\/08\/Baby-Seat-2.jpg 1224w\" alt=\"\" width=\"1024\" height=\"768\" data-was-processed=\"true\" \/><\/a><\/div>\n<\/figure>\n<figure class=\"gallery-item\">\n<div class=\"gallery-icon landscape\"><a class=\"colorbox-initialized cboxElement\" href=\"https:\/\/d2p6e6u75xmxt8.cloudfront.net\/2\/2019\/08\/Baby-Seat-1.jpg\"><img loading=\"lazy\" decoding=\"async\" class=\"attachment-large size-large initial loaded\" style=\"width: 100%; max-width: 100%; height: auto; max-height: none;\" src=\"https:\/\/d2p6e6u75xmxt8.cloudfront.net\/2\/2019\/08\/Baby-Seat-1-1024x768.jpg\" sizes=\"auto, (max-width: 1024px) 100vw, 1024px\" srcset=\"https:\/\/d2p6e6u75xmxt8.cloudfront.net\/2\/2019\/08\/Baby-Seat-1-1024x768.jpg 1024w, https:\/\/d2p6e6u75xmxt8.cloudfront.net\/2\/2019\/08\/Baby-Seat-1-300x225.jpg 300w, https:\/\/d2p6e6u75xmxt8.cloudfront.net\/2\/2019\/08\/Baby-Seat-1-768x576.jpg 768w, https:\/\/d2p6e6u75xmxt8.cloudfront.net\/2\/2019\/08\/Baby-Seat-1.jpg 1224w\" alt=\"\" width=\"1024\" height=\"768\" data-was-processed=\"true\" \/><\/a><\/div>\n<\/figure>\n<\/div>\n<p>&nbsp;<\/p>\n<p><strong><span style=\"font-size: 18pt;\">Fotelik dzieci\u0119cy montowany z przodu<\/span><\/strong><\/p>\n<p>Nawet je\u015bli Tw\u00f3j maluch widzia\u0142 <em>Auta 2<\/em> sto razy, to wie, \u017ce jazda rowerem z przodu zapewnia znacznie bardziej spektakularne widoki ni\u017c te w filmie. Dobra widoczno\u015b\u0107 to najwi\u0119kszy atut takiego mocowania fotelika, ale trzeba pami\u0119ta\u0107 o jego wadach. Podczas jazdy, zw\u0142aszcza szybkiej, dzieci po\u0142ykaj\u0105 muchy i inne owady, a co gorsza w razie wypadku grozi im niebezpiecze\u0144stwo, bo wtedy jako pierwsze spadaj\u0105 z roweru i uderzaj\u0105 o ziemi\u0119. Ponadto w przypadku starszych typ\u00f3w siedze\u0144 przednich dzieci mog\u0105 \u0142atwo w\u0142o\u017cy\u0107 nog\u0119 w szprychy, co mo\u017ce zako\u0144czy\u0107 si\u0119 nawet z\u0142amaniem ko\u015bci piszczelowej. W tym ostatnim przypadku zawsze upewnij si\u0119, \u017ce nogi malucha s\u0105 odpowiednio zabezpieczone.<\/p>\n<p><strong><span style=\"font-size: 18pt;\">Rydwan\/przyczepka<\/span><\/strong><\/p>\n<p>Rydwan wydaje si\u0119 wygodn\u0105 opcj\u0105, ale b\u0142oto z drogi spada bezpo\u015brednio na niego podczas peda\u0142owania. W trakcie jazdy po mie\u015bcie trudno jest ponadto oszacowa\u0107 szeroko\u015b\u0107 pojazdu i potencjalnie mo\u017cna uderzy\u0107 w kraw\u0119\u017cnik i inne przeszkody oraz pojazdy. Wo\u017cenie dziecka na wi\u0119ksz\u0105 odleg\u0142o\u015b\u0107 w ruchu drogowym mo\u017ce zmieni\u0107 wycieczk\u0119 w koszmar.<\/p>\n<p><img loading=\"lazy\" decoding=\"async\" class=\"alignnone size-full wp-image-174853 loaded\" src=\"https:\/\/d2p6e6u75xmxt8.cloudfront.net\/2\/2019\/08\/The-Chariot.jpeg\" sizes=\"auto, (max-width: 960px) 100vw, 960px\" srcset=\"https:\/\/d2p6e6u75xmxt8.cloudfront.net\/2\/2019\/08\/The-Chariot.jpeg 960w, https:\/\/d2p6e6u75xmxt8.cloudfront.net\/2\/2019\/08\/The-Chariot-300x272.jpeg 300w, https:\/\/d2p6e6u75xmxt8.cloudfront.net\/2\/2019\/08\/The-Chariot-768x696.jpeg 768w\" alt=\"\" width=\"960\" height=\"870\" data-was-processed=\"true\" \/><\/p>\n<style type=\"text\/css\"><!--td {border: 1px solid #ccc;}br {mso-data-placement:same-cell;}--><\/style>\n<p><span data-sheets-value=\"{&quot;1&quot;:2,&quot;2&quot;:&quot;Artyku\u0142 powsta\u0142 we wsp\u00f3\u0142pracy ze skoda-auto.pl&quot;}\" data-sheets-userformat=\"{&quot;2&quot;:1,&quot;3&quot;:{&quot;1&quot;:0}}\"><a class=\"in-cell-link\" href=\"http:\/\/www.skoda-auto.pl\/\" target=\"_blank\" rel=\"noopener\">Artyku\u0142 powsta\u0142 we wsp\u00f3\u0142pracy ze skoda-auto.pl<\/a><\/span><\/p>\n<p><img loading=\"lazy\" decoding=\"async\" class=\"aligncenter size-full wp-image-9607\" src=\"https:\/\/d2p6e6u75xmxt8.cloudfront.net\/5\/2019\/08\/baner_WLC_640x350_2.png\" alt=\"\" width=\"640\" height=\"350\" srcset=\"https:\/\/d2p6e6u75xmxt8.cloudfront.net\/5\/2019\/08\/baner_WLC_640x350_2.png 640w, https:\/\/d2p6e6u75xmxt8.cloudfront.net\/5\/2019\/08\/baner_WLC_640x350_2-300x164.png 300w\" sizes=\"auto, (max-width: 640px) 100vw, 640px\" \/><\/p>\n","protected":false},"excerpt":{"rendered":"<p>Dzieci lubi\u0105 pr\u0119dko\u015b\u0107 \u2013 niezale\u017cnie od tego, dok\u0105d i jakim pojazdem si\u0119 przemieszczaj\u0105. Jazda na rowerze to \u015bwietna okazja, aby [&hellip;]<\/p>\n","protected":false},"author":76,"featured_media":9788,"comment_status":"open","ping_status":"open","sticky":false,"template":"","format":"standard","meta":{"footnotes":""},"categories":[7],"tags":[],"global-categories":[303],"class_list":["post-9787","post","type-post","status-publish","format-standard","has-post-thumbnail","hentry","category-bezpieczenstwo","global-categories-cycling"],"yoast_head":"<!-- This site is optimized with the Yoast SEO Premium plugin v25.3 (Yoast SEO v25.9) - https:\/\/yoast.com\/wordpress\/plugins\/seo\/ -->\n<title>Jakie foteliki rowerowe s\u0105 dla dzieci najlepsze? - \u0160koda We Love Cycling - Poland<\/title>\n<meta name=\"robots\" content=\"index, follow, max-snippet:-1, max-image-preview:large, max-video-preview:-1\" \/>\n<link rel=\"canonical\" href=\"https:\/\/www.welovecycling.com\/pl\/2019\/09\/25\/jakie-foteliki-rowerowe-sa-dla-dzieci-najlepsze\/\" \/>\n<meta property=\"og:locale\" content=\"pl_PL\" \/>\n<meta property=\"og:type\" content=\"article\" \/>\n<meta property=\"og:title\" content=\"Jakie foteliki rowerowe s\u0105 dla dzieci najlepsze?\" \/>\n<meta property=\"og:description\" content=\"Dzieci lubi\u0105 pr\u0119dko\u015b\u0107 \u2013 niezale\u017cnie od tego, dok\u0105d i jakim pojazdem si\u0119 przemieszczaj\u0105. Jazda na rowerze to \u015bwietna okazja, aby [&hellip;]\" \/>\n<meta property=\"og:url\" content=\"https:\/\/www.welovecycling.com\/pl\/2019\/09\/25\/jakie-foteliki-rowerowe-sa-dla-dzieci-najlepsze\/\" \/>\n<meta property=\"og:site_name\" content=\"\u0160koda We Love Cycling - Poland\" \/>\n<meta property=\"article:published_time\" content=\"2019-09-25T11:19:38+00:00\" \/>\n<meta property=\"og:image\" content=\"https:\/\/d2p6e6u75xmxt8.cloudfront.net\/5\/2019\/09\/Children-Seat-CVR-profimedia-0405746810-1024x450.jpg\" \/>\n\t<meta property=\"og:image:width\" content=\"1024\" \/>\n\t<meta property=\"og:image:height\" content=\"450\" \/>\n\t<meta property=\"og:image:type\" content=\"image\/jpeg\" \/>\n<meta name=\"author\" content=\"piotrboczkowski\" \/>\n<meta name=\"twitter:card\" content=\"summary_large_image\" \/>\n<meta name=\"twitter:label1\" content=\"Written by\" \/>\n\t<meta name=\"twitter:data1\" content=\"Adam Marsal\" \/>\n\t<meta name=\"twitter:label2\" content=\"Est. reading time\" \/>\n\t<meta name=\"twitter:data2\" content=\"4\" \/>\n<script type=\"application\/ld+json\" class=\"yoast-schema-graph\">{\"@context\":\"https:\/\/schema.org\",\"@graph\":[{\"@type\":\"WebPage\",\"@id\":\"https:\/\/www.welovecycling.com\/pl\/2019\/09\/25\/jakie-foteliki-rowerowe-sa-dla-dzieci-najlepsze\/\",\"url\":\"https:\/\/www.welovecycling.com\/pl\/2019\/09\/25\/jakie-foteliki-rowerowe-sa-dla-dzieci-najlepsze\/\",\"name\":\"Jakie foteliki rowerowe s\u0105 dla dzieci najlepsze? - \u0160koda We Love Cycling - Poland\",\"isPartOf\":{\"@id\":\"https:\/\/www.welovecycling.com\/pl\/#website\"},\"primaryImageOfPage\":{\"@id\":\"https:\/\/www.welovecycling.com\/pl\/2019\/09\/25\/jakie-foteliki-rowerowe-sa-dla-dzieci-najlepsze\/#primaryimage\"},\"image\":{\"@id\":\"https:\/\/www.welovecycling.com\/pl\/2019\/09\/25\/jakie-foteliki-rowerowe-sa-dla-dzieci-najlepsze\/#primaryimage\"},\"thumbnailUrl\":\"https:\/\/d2p6e6u75xmxt8.cloudfront.net\/5\/2019\/09\/Children-Seat-CVR-profimedia-0405746810-1024x450.jpg\",\"datePublished\":\"2019-09-25T11:19:38+00:00\",\"author\":{\"@id\":\"https:\/\/www.welovecycling.com\/pl\/#\/schema\/person\/0dba2d39da943db9df3fd8f4687e7f23\"},\"breadcrumb\":{\"@id\":\"https:\/\/www.welovecycling.com\/pl\/2019\/09\/25\/jakie-foteliki-rowerowe-sa-dla-dzieci-najlepsze\/#breadcrumb\"},\"inLanguage\":\"pl-PL\",\"potentialAction\":[{\"@type\":\"ReadAction\",\"target\":[\"https:\/\/www.welovecycling.com\/pl\/2019\/09\/25\/jakie-foteliki-rowerowe-sa-dla-dzieci-najlepsze\/\"]}]},{\"@type\":\"ImageObject\",\"inLanguage\":\"pl-PL\",\"@id\":\"https:\/\/www.welovecycling.com\/pl\/2019\/09\/25\/jakie-foteliki-rowerowe-sa-dla-dzieci-najlepsze\/#primaryimage\",\"url\":\"https:\/\/d2p6e6u75xmxt8.cloudfront.net\/5\/2019\/09\/Children-Seat-CVR-profimedia-0405746810-1024x450.jpg\",\"contentUrl\":\"https:\/\/d2p6e6u75xmxt8.cloudfront.net\/5\/2019\/09\/Children-Seat-CVR-profimedia-0405746810-1024x450.jpg\",\"width\":1024,\"height\":450},{\"@type\":\"BreadcrumbList\",\"@id\":\"https:\/\/www.welovecycling.com\/pl\/2019\/09\/25\/jakie-foteliki-rowerowe-sa-dla-dzieci-najlepsze\/#breadcrumb\",\"itemListElement\":[{\"@type\":\"ListItem\",\"position\":1,\"name\":\"Home\",\"item\":\"https:\/\/www.welovecycling.com\/pl\/\"},{\"@type\":\"ListItem\",\"position\":2,\"name\":\"Jakie foteliki rowerowe s\u0105 dla dzieci najlepsze?\"}]},{\"@type\":\"WebSite\",\"@id\":\"https:\/\/www.welovecycling.com\/pl\/#website\",\"url\":\"https:\/\/www.welovecycling.com\/pl\/\",\"name\":\"\u0160koda We Love Cycling - Poland\",\"description\":\"\",\"potentialAction\":[{\"@type\":\"SearchAction\",\"target\":{\"@type\":\"EntryPoint\",\"urlTemplate\":\"https:\/\/www.welovecycling.com\/pl\/?s={search_term_string}\"},\"query-input\":{\"@type\":\"PropertyValueSpecification\",\"valueRequired\":true,\"valueName\":\"search_term_string\"}}],\"inLanguage\":\"pl-PL\"},{\"@type\":\"Person\",\"@id\":\"https:\/\/www.welovecycling.com\/pl\/#\/schema\/person\/0dba2d39da943db9df3fd8f4687e7f23\",\"name\":\"piotrboczkowski\",\"image\":{\"@type\":\"ImageObject\",\"inLanguage\":\"pl-PL\",\"@id\":\"https:\/\/www.welovecycling.com\/pl\/#\/schema\/person\/image\/\",\"url\":\"https:\/\/secure.gravatar.com\/avatar\/533caccae14752e03a2ce2d3fd62d1b98b93e1393c3195c27819e53344ca1ace?s=96&d=mm&r=g\",\"contentUrl\":\"https:\/\/secure.gravatar.com\/avatar\/533caccae14752e03a2ce2d3fd62d1b98b93e1393c3195c27819e53344ca1ace?s=96&d=mm&r=g\",\"caption\":\"piotrboczkowski\"},\"url\":\"https:\/\/www.welovecycling.com\/pl\/author\/piotrboczkowski\/\"}]}<\/script>\n<!-- \/ Yoast SEO Premium plugin. -->","yoast_head_json":{"title":"Jakie foteliki rowerowe s\u0105 dla dzieci najlepsze? - \u0160koda We Love Cycling - Poland","robots":{"index":"index","follow":"follow","max-snippet":"max-snippet:-1","max-image-preview":"max-image-preview:large","max-video-preview":"max-video-preview:-1"},"canonical":"https:\/\/www.welovecycling.com\/pl\/2019\/09\/25\/jakie-foteliki-rowerowe-sa-dla-dzieci-najlepsze\/","og_locale":"pl_PL","og_type":"article","og_title":"Jakie foteliki rowerowe s\u0105 dla dzieci najlepsze?","og_description":"Dzieci lubi\u0105 pr\u0119dko\u015b\u0107 \u2013 niezale\u017cnie od tego, dok\u0105d i jakim pojazdem si\u0119 przemieszczaj\u0105. Jazda na rowerze to \u015bwietna okazja, aby [&hellip;]","og_url":"https:\/\/www.welovecycling.com\/pl\/2019\/09\/25\/jakie-foteliki-rowerowe-sa-dla-dzieci-najlepsze\/","og_site_name":"\u0160koda We Love Cycling - Poland","article_published_time":"2019-09-25T11:19:38+00:00","og_image":[{"width":1024,"height":450,"url":"https:\/\/d2p6e6u75xmxt8.cloudfront.net\/5\/2019\/09\/Children-Seat-CVR-profimedia-0405746810-1024x450.jpg","type":"image\/jpeg"}],"author":"piotrboczkowski","twitter_card":"summary_large_image","twitter_misc":{"Written by":"Adam Marsal","Est. reading time":"4"},"schema":{"@context":"https:\/\/schema.org","@graph":[{"@type":"WebPage","@id":"https:\/\/www.welovecycling.com\/pl\/2019\/09\/25\/jakie-foteliki-rowerowe-sa-dla-dzieci-najlepsze\/","url":"https:\/\/www.welovecycling.com\/pl\/2019\/09\/25\/jakie-foteliki-rowerowe-sa-dla-dzieci-najlepsze\/","name":"Jakie foteliki rowerowe s\u0105 dla dzieci najlepsze? - \u0160koda We Love Cycling - Poland","isPartOf":{"@id":"https:\/\/www.welovecycling.com\/pl\/#website"},"primaryImageOfPage":{"@id":"https:\/\/www.welovecycling.com\/pl\/2019\/09\/25\/jakie-foteliki-rowerowe-sa-dla-dzieci-najlepsze\/#primaryimage"},"image":{"@id":"https:\/\/www.welovecycling.com\/pl\/2019\/09\/25\/jakie-foteliki-rowerowe-sa-dla-dzieci-najlepsze\/#primaryimage"},"thumbnailUrl":"https:\/\/d2p6e6u75xmxt8.cloudfront.net\/5\/2019\/09\/Children-Seat-CVR-profimedia-0405746810-1024x450.jpg","datePublished":"2019-09-25T11:19:38+00:00","author":{"@id":"https:\/\/www.welovecycling.com\/pl\/#\/schema\/person\/0dba2d39da943db9df3fd8f4687e7f23"},"breadcrumb":{"@id":"https:\/\/www.welovecycling.com\/pl\/2019\/09\/25\/jakie-foteliki-rowerowe-sa-dla-dzieci-najlepsze\/#breadcrumb"},"inLanguage":"pl-PL","potentialAction":[{"@type":"ReadAction","target":["https:\/\/www.welovecycling.com\/pl\/2019\/09\/25\/jakie-foteliki-rowerowe-sa-dla-dzieci-najlepsze\/"]}]},{"@type":"ImageObject","inLanguage":"pl-PL","@id":"https:\/\/www.welovecycling.com\/pl\/2019\/09\/25\/jakie-foteliki-rowerowe-sa-dla-dzieci-najlepsze\/#primaryimage","url":"https:\/\/d2p6e6u75xmxt8.cloudfront.net\/5\/2019\/09\/Children-Seat-CVR-profimedia-0405746810-1024x450.jpg","contentUrl":"https:\/\/d2p6e6u75xmxt8.cloudfront.net\/5\/2019\/09\/Children-Seat-CVR-profimedia-0405746810-1024x450.jpg","width":1024,"height":450},{"@type":"BreadcrumbList","@id":"https:\/\/www.welovecycling.com\/pl\/2019\/09\/25\/jakie-foteliki-rowerowe-sa-dla-dzieci-najlepsze\/#breadcrumb","itemListElement":[{"@type":"ListItem","position":1,"name":"Home","item":"https:\/\/www.welovecycling.com\/pl\/"},{"@type":"ListItem","position":2,"name":"Jakie foteliki rowerowe s\u0105 dla dzieci najlepsze?"}]},{"@type":"WebSite","@id":"https:\/\/www.welovecycling.com\/pl\/#website","url":"https:\/\/www.welovecycling.com\/pl\/","name":"\u0160koda We Love Cycling - Poland","description":"","potentialAction":[{"@type":"SearchAction","target":{"@type":"EntryPoint","urlTemplate":"https:\/\/www.welovecycling.com\/pl\/?s={search_term_string}"},"query-input":{"@type":"PropertyValueSpecification","valueRequired":true,"valueName":"search_term_string"}}],"inLanguage":"pl-PL"},{"@type":"Person","@id":"https:\/\/www.welovecycling.com\/pl\/#\/schema\/person\/0dba2d39da943db9df3fd8f4687e7f23","name":"piotrboczkowski","image":{"@type":"ImageObject","inLanguage":"pl-PL","@id":"https:\/\/www.welovecycling.com\/pl\/#\/schema\/person\/image\/","url":"https:\/\/secure.gravatar.com\/avatar\/533caccae14752e03a2ce2d3fd62d1b98b93e1393c3195c27819e53344ca1ace?s=96&d=mm&r=g","contentUrl":"https:\/\/secure.gravatar.com\/avatar\/533caccae14752e03a2ce2d3fd62d1b98b93e1393c3195c27819e53344ca1ace?s=96&d=mm&r=g","caption":"piotrboczkowski"},"url":"https:\/\/www.welovecycling.com\/pl\/author\/piotrboczkowski\/"}]}},"_links":{"self":[{"href":"https:\/\/www.welovecycling.com\/pl\/wp-json\/wp\/v2\/posts\/9787","targetHints":{"allow":["GET"]}}],"collection":[{"href":"https:\/\/www.welovecycling.com\/pl\/wp-json\/wp\/v2\/posts"}],"about":[{"href":"https:\/\/www.welovecycling.com\/pl\/wp-json\/wp\/v2\/types\/post"}],"author":[{"embeddable":true,"href":"https:\/\/www.welovecycling.com\/pl\/wp-json\/wp\/v2\/users\/76"}],"replies":[{"embeddable":true,"href":"https:\/\/www.welovecycling.com\/pl\/wp-json\/wp\/v2\/comments?post=9787"}],"version-history":[{"count":1,"href":"https:\/\/www.welovecycling.com\/pl\/wp-json\/wp\/v2\/posts\/9787\/revisions"}],"predecessor-version":[{"id":9789,"href":"https:\/\/www.welovecycling.com\/pl\/wp-json\/wp\/v2\/posts\/9787\/revisions\/9789"}],"wp:featuredmedia":[{"embeddable":true,"href":"https:\/\/www.welovecycling.com\/pl\/wp-json\/wp\/v2\/media\/9788"}],"wp:attachment":[{"href":"https:\/\/www.welovecycling.com\/pl\/wp-json\/wp\/v2\/media?parent=9787"}],"wp:term":[{"taxonomy":"category","embeddable":true,"href":"https:\/\/www.welovecycling.com\/pl\/wp-json\/wp\/v2\/categories?post=9787"},{"taxonomy":"post_tag","embeddable":true,"href":"https:\/\/www.welovecycling.com\/pl\/wp-json\/wp\/v2\/tags?post=9787"},{"taxonomy":"global-categories","embeddable":true,"href":"https:\/\/www.welovecycling.com\/pl\/wp-json\/wp\/v2\/global-categories?post=9787"}],"curies":[{"name":"wp","href":"https:\/\/api.w.org\/{rel}","templated":true}]}}