{"id":9784,"date":"2019-09-24T17:19:27","date_gmt":"2019-09-24T17:19:27","guid":{"rendered":"https:\/\/www.welovecycling.com\/pl\/?p=9784"},"modified":"2019-09-24T18:19:47","modified_gmt":"2019-09-24T18:19:47","slug":"tego-stwora-da-sie-pokonac-tylko-rowerem-kto-podejmuje-wyzwanie","status":"publish","type":"post","link":"https:\/\/www.welovecycling.com\/pl\/2019\/09\/24\/tego-stwora-da-sie-pokonac-tylko-rowerem-kto-podejmuje-wyzwanie\/","title":{"rendered":"Tego stwora da si\u0119 pokona\u0107 tylko rowerem. Kto podejmuje wyzwanie?"},"content":{"rendered":"<p><strong>Z daleka przypomina stwora z szeroko rozdziawion\u0105 paszcz\u0105. Niejeden rowerzysta marzy jednak o tym, \u017ceby ta paszcza go wci\u0105gn\u0119\u0142a i to nawet na kilka miesi\u0119cy. Przed Wami trasa Eurovelo 10, kt\u00f3rej znaczna cz\u0119\u015b\u0107 przebiega polskim wybrze\u017cem.<\/strong><\/p>\n<p><strong>Stw\u00f3r paszcz\u0105 obejmuje teren od Estonii a\u017c po P\u00f3\u0142wysep Skandynawski, ale nogami twardo st\u0105pa po\u2026 polskim wybrze\u017cu. \u0141\u0105cznie jego obw\u00f3d ma 9 tys. km, kt\u00f3rych przejechanie reklamowane jest jako niepowtarzalna przygoda.<\/strong><\/p>\n<p><span style=\"font-size: 18pt;\"><strong>Kusz\u0105ce pla\u017ce, miasta z tradycjami\u2026<\/strong><\/span><\/p>\n<p>Pisali\u015bmy dla Was ju\u017c o nies\u0142ychanie estetycznych \u015bcie\u017ckach w Europie zachodniej, zaskakuj\u0105cych szlakach na Ba\u0142kanach, wymagaj\u0105cych przeprawach na po\u0142udniu, a tak\u017ce zahaczali\u015bmy o polskie szlaki. Ten, kt\u00f3ry tworzy tras\u0119 Eurovelo 10, jest jednak szczeg\u00f3lny, bo niemal w ca\u0142o\u015bci biegnie nad Ba\u0142tykiem.<\/p>\n<p><img loading=\"lazy\" decoding=\"async\" class=\"aligncenter size-full wp-image-9785\" src=\"https:\/\/d2p6e6u75xmxt8.cloudfront.net\/5\/2019\/09\/EUROVELO10.PNG.png\" alt=\"\" width=\"1020\" height=\"438\" srcset=\"https:\/\/d2p6e6u75xmxt8.cloudfront.net\/5\/2019\/09\/EUROVELO10.PNG.png 1020w, https:\/\/d2p6e6u75xmxt8.cloudfront.net\/5\/2019\/09\/EUROVELO10.PNG-300x129.png 300w, https:\/\/d2p6e6u75xmxt8.cloudfront.net\/5\/2019\/09\/EUROVELO10.PNG-768x330.png 768w\" sizes=\"auto, (max-width: 1020px) 100vw, 1020px\" \/><\/p>\n<p>Zacznijmy wypraw\u0119 np. w \u015awinouj\u015bciu, a nast\u0119pnie b\u0119dziemy mijali kolejno: Mi\u0119dzyzdroje, Dziwn\u00f3w, Rewal, Ko\u0142obrzeg, Mielno, Dar\u0142owo, Jaros\u0142awiec, Ustk\u0119, \u0141eb\u0119, W\u0142adys\u0142awowo, Puck, B\u0142\u0105dzikowo, Rzucewo, Gdyni\u0119, Sopot, Gda\u0144sk, Elbl\u0105g, Frombork, Braniewo i Gronowo.<\/p>\n<p>Mo\u017cna tu przepa\u015b\u0107 w nocnym \u017cyciu Gda\u0144ska, wypocz\u0105\u0107 w Gdyni Or\u0142owo, za cel obra\u0107 sobie katedr\u0119 we Fromborku lub zwiedzi\u0107 ci\u0105gle nieodkryte Braniewo. Do wyboru, do koloru &#8211; w ko\u0144cu w Polsce Eurovelo 10 ci\u0105gnie si\u0119 przez ponad 500 km.<\/p>\n<p>\u201eTrasa biegnie r\u00f3wnolegle do niezwykle atrakcyjnej polskiej linii brzegowej. Kusz\u0105ce piaszczyste pla\u017ce, bogata oferta turystyczna oraz kulturalna, pi\u0119kne tereny naturalne, a tak\u017ce miasta o wielowiekowej tradycji. To sprawia, \u017ce przejazd rowerem po tym fragmencie b\u0119dzie niezapomnian\u0105 wycieczk\u0105\u201d \u2013 tak reklamowany jest polski odcinek Eurovelo 10.<\/p>\n<p>I tu nowo\u015b\u0107 \u2013 zosta\u0142a w\u0142a\u015bnie opublikowana dok\u0142adna mapa znacznego fragmentu (ze \u015awinouj\u015bcia do\u00a0 Ustki) \u015bcie\u017cek rowerowych nad Ba\u0142tykiem, kt\u00f3ry mo\u017cna pobra\u0107 TUTAJ (<a href=\"http:\/\/www.rowery.wzp.pl\/sites\/default\/files\/ev10.pdf\">http:\/\/www.rowery.wzp.pl\/sites\/default\/files\/ev10.pdf<\/a>)<\/p>\n<p><span style=\"font-size: 18pt;\"><strong>Polecany fragment tu\u017c pod nosem Polak\u00f3w<\/strong><\/span><\/p>\n<p>Eurovelo 10 to jednak nie tylko Polska, ale te\u017c osiem innych pa\u0144stw. Szczeg\u00f3lnie polecany jest fragment biegn\u0105cy przez Niemcy. Jest on uznawany za bardzo dobrze przygotowany, do tego widoki zmieniaj\u0105 si\u0119 tam niemal co kilka kilometr\u00f3w. Szczeg\u00f3lnie warto zajrze\u0107 do Heiligendamm (zwanej bia\u0142ym miasteczkiem nad morzem) oraz Warnem\u00fcnde, gdzie w pami\u0119\u0107 zapadaj\u0105 charakterystyczne le\u017caki.<\/p>\n<p>Do tego kilometry pi\u0119knych klif\u00f3w, park\u00f3w krajobrazowych oraz zr\u00f3\u017cnicowanej fauny i flory, a wszystko tu\u017c obok polskiej granicy, bo trasa zaczyna si\u0119 nieopodal Szczecina.<\/p>\n<p>Zastrze\u017cenie jest tylko jedno \u2013 w sezonie na tych \u015bcie\u017ckach mo\u017ce by\u0107 troch\u0119 t\u0142oczno, poniewa\u017c nadba\u0142tycki fragment nale\u017cy r\u00f3wnie\u017c do jednych z najch\u0119tniej ucz\u0119szczanych przez Niemc\u00f3w.<\/p>\n<p><strong><span style=\"font-size: 18pt;\">Mo\u017ce most? Albo przeprawa promowa?<\/span><\/strong><\/p>\n<p>O mi\u0142o\u015bci Du\u0144czyk\u00f3w do rower\u00f3w nikogo nie trzeba przekonywa\u0107, a ta mi\u0142o\u015b\u0107 wyra\u017cona jest r\u00f3wnie\u017c w trasach rowerowych. Du\u0144ski fragment Eurovelo 10 prowadzi przez niesamowite mosty, kt\u00f3re \u0142\u0105cz\u0105 kolejne fragmenty tego pa\u0144stwa. Cz\u0119\u015b\u0107 trasy pokonuje si\u0119 r\u00f3wnie\u017c promami, kt\u00f3re s\u0105 jednak \u015bwietnie przygotowane na przyj\u0119cie rowerzyst\u00f3w.<\/p>\n<p>P\u00f3\u017aniej ju\u017c zaczyna si\u0119 paszcza naszego stwora, czyli blisko 2,5 tys. km jazdy po Szwecji a\u017c do fi\u0144skiej granicy. Ten fragment chwalony jest g\u0142ownie za naturalne krajobrazy, jednak nale\u017cy wzi\u0105\u0107 pod uwag\u0119, \u017ce lepiej przemierza\u0107 go latem, bo nawet wiosn\u0105 czy jesieni\u0105 mo\u017ce okaza\u0107 si\u0119 to bardzo trudne.<\/p>\n<p>Nast\u0119pnie kr\u00f3tki fragment przeje\u017cd\u017ca przez Rosj\u0119 (konieczne jest posiadanie wizy), by nast\u0119pnie wjecha\u0107 do Estonii. \u201eTu znajduje si\u0119 osza\u0142amiaj\u0105ca trasa, kt\u00f3ra zachwyca pi\u0119kn\u0105 sceneri\u0105 Parku Narodowego Lahemaa w pobli\u017cu granicy z Rosj\u0105. Warto te\u017c zobaczy\u0107 miasto Narva, gdzie ci\u0105gle wida\u0107 \u015blady po istnieniu Zwi\u0105zku Radzieckiego, a tak\u017ce bajeczny Tallin\u201d \u2013 czytamy na oficjalnej stronie Eurovelo.<\/p>\n<p>Przed ostatnim fragmentem wyprawy warto zrelaksowa\u0107 si\u0119 w Parnu, popularnym kurorcie wypoczynkowym z wieloma hotelami, restauracjami oraz wielkimi pla\u017cami.<\/p>\n<p><span style=\"font-size: 18pt;\"><strong>Rowerem po\u2026 wodzie?<\/strong><\/span><\/p>\n<p>Nast\u0119pnie Eurovelo10 wje\u017cd\u017ca do \u0141otwy, gdzie blisko 1\/3 trasy biegnie w towarzystwie pi\u0119knych bia\u0142ych pla\u017c. \u201eW niekt\u00f3rych miejscach piasek jest tak g\u0142adki i mocno \u201eubity\u201d, \u017ce rowerem mo\u017cna jecha\u0107 tu\u017c obok fal\u201d \u2013 zapewniaj\u0105 tw\u00f3rcy trasy, ale podkre\u015blaj\u0105, \u017ceby nie trzyma\u0107 si\u0119 \u015bci\u015ble wybrze\u017ca, ale te\u017c zajrze\u0107 do pi\u0119knych \u0142otewskich wiosek i miasteczek.<\/p>\n<p>Wisienk\u0105 na torcie z Eurovelo10 jest Litwa, kt\u00f3r\u0105 zaleca si\u0119 przejecha\u0107 tempem spacerowym, a na koniec i tak zarezerwowa\u0107 sobie czas na odpoczynek w K\u0142ajpedzie. To tu mo\u017cna z\u0142apa\u0107 oddech, przejrze\u0107 zdj\u0119cia z wyprawy, a na zako\u0144czenie wsi\u0105\u015b\u0107 na pr\u0105d do Niemiec, Szwecji, czy Polski.<\/p>\n<p><span data-sheets-value=\"{&quot;1&quot;:2,&quot;2&quot;:&quot;Artyku\u0142 powsta\u0142 we wsp\u00f3\u0142pracy ze skoda-auto.pl&quot;}\" data-sheets-userformat=\"{&quot;2&quot;:1,&quot;3&quot;:{&quot;1&quot;:0}}\"><a class=\"in-cell-link\" href=\"http:\/\/www.skoda-auto.pl\/\" target=\"_blank\" rel=\"noopener\">Artyku\u0142 powsta\u0142 we wsp\u00f3\u0142pracy ze skoda-auto.pl<\/a><\/span><\/p>\n<p><img loading=\"lazy\" decoding=\"async\" class=\"aligncenter size-full wp-image-9614\" src=\"https:\/\/d2p6e6u75xmxt8.cloudfront.net\/5\/2019\/06\/0aea037f-0313-431e-8895-743781c08721.jpg\" alt=\"\" width=\"640\" height=\"300\" srcset=\"https:\/\/d2p6e6u75xmxt8.cloudfront.net\/5\/2019\/06\/0aea037f-0313-431e-8895-743781c08721.jpg 640w, https:\/\/d2p6e6u75xmxt8.cloudfront.net\/5\/2019\/06\/0aea037f-0313-431e-8895-743781c08721-300x141.jpg 300w\" sizes=\"auto, (max-width: 640px) 100vw, 640px\" \/><\/p>\n","protected":false},"excerpt":{"rendered":"<p>Z daleka przypomina stwora z szeroko rozdziawion\u0105 paszcz\u0105. Niejeden rowerzysta marzy jednak o tym, \u017ceby ta paszcza go wci\u0105gn\u0119\u0142a i [&hellip;]<\/p>\n","protected":false},"author":76,"featured_media":9785,"comment_status":"open","ping_status":"open","sticky":false,"template":"","format":"standard","meta":{"footnotes":""},"categories":[226,6],"tags":[],"global-categories":[303],"class_list":["post-9784","post","type-post","status-publish","format-standard","has-post-thumbnail","hentry","category-ciekawostki","category-kolarstwo-szosowe","global-categories-cycling"],"yoast_head":"<!-- This site is optimized with the Yoast SEO Premium plugin v25.3 (Yoast SEO v25.9) - https:\/\/yoast.com\/wordpress\/plugins\/seo\/ -->\n<title>Tego stwora da si\u0119 pokona\u0107 tylko rowerem. Kto podejmuje wyzwanie?<\/title>\n<meta name=\"description\" content=\"Stw\u00f3r paszcz\u0105 obejmuje teren od Estonii po P\u00f3\u0142wysep Skandynawski, ale nogami st\u0105pa po\u2026 polskim wybrze\u017cu. \u0141\u0105cznie jego obw\u00f3d ma 9 tys. km, zobaczcie sami!\" \/>\n<meta name=\"robots\" content=\"index, follow, max-snippet:-1, max-image-preview:large, max-video-preview:-1\" \/>\n<link rel=\"canonical\" href=\"https:\/\/www.welovecycling.com\/pl\/2019\/09\/24\/tego-stwora-da-sie-pokonac-tylko-rowerem-kto-podejmuje-wyzwanie\/\" \/>\n<meta property=\"og:locale\" content=\"pl_PL\" \/>\n<meta property=\"og:type\" content=\"article\" \/>\n<meta property=\"og:title\" content=\"Tego stwora da si\u0119 pokona\u0107 tylko rowerem. Kto podejmuje wyzwanie?\" \/>\n<meta property=\"og:description\" content=\"Stw\u00f3r paszcz\u0105 obejmuje teren od Estonii po P\u00f3\u0142wysep Skandynawski, ale nogami st\u0105pa po\u2026 polskim wybrze\u017cu. \u0141\u0105cznie jego obw\u00f3d ma 9 tys. km, zobaczcie sami!\" \/>\n<meta property=\"og:url\" content=\"https:\/\/www.welovecycling.com\/pl\/2019\/09\/24\/tego-stwora-da-sie-pokonac-tylko-rowerem-kto-podejmuje-wyzwanie\/\" \/>\n<meta property=\"og:site_name\" content=\"\u0160koda We Love Cycling - Poland\" \/>\n<meta property=\"article:published_time\" content=\"2019-09-24T17:19:27+00:00\" \/>\n<meta property=\"article:modified_time\" content=\"2019-09-24T18:19:47+00:00\" \/>\n<meta property=\"og:image\" content=\"https:\/\/d2p6e6u75xmxt8.cloudfront.net\/5\/2019\/09\/EUROVELO10.PNG.png\" \/>\n\t<meta property=\"og:image:width\" content=\"1020\" \/>\n\t<meta property=\"og:image:height\" content=\"438\" \/>\n\t<meta property=\"og:image:type\" content=\"image\/png\" \/>\n<meta name=\"author\" content=\"piotrboczkowski\" \/>\n<meta name=\"twitter:card\" content=\"summary_large_image\" \/>\n<meta name=\"twitter:label1\" content=\"Written by\" \/>\n\t<meta name=\"twitter:data1\" content=\"Piotr Nowik\" \/>\n\t<meta name=\"twitter:label2\" content=\"Est. reading time\" \/>\n\t<meta name=\"twitter:data2\" content=\"4\" \/>\n<script type=\"application\/ld+json\" class=\"yoast-schema-graph\">{\"@context\":\"https:\/\/schema.org\",\"@graph\":[{\"@type\":\"WebPage\",\"@id\":\"https:\/\/www.welovecycling.com\/pl\/2019\/09\/24\/tego-stwora-da-sie-pokonac-tylko-rowerem-kto-podejmuje-wyzwanie\/\",\"url\":\"https:\/\/www.welovecycling.com\/pl\/2019\/09\/24\/tego-stwora-da-sie-pokonac-tylko-rowerem-kto-podejmuje-wyzwanie\/\",\"name\":\"Tego stwora da si\u0119 pokona\u0107 tylko rowerem. Kto podejmuje wyzwanie?\",\"isPartOf\":{\"@id\":\"https:\/\/www.welovecycling.com\/pl\/#website\"},\"primaryImageOfPage\":{\"@id\":\"https:\/\/www.welovecycling.com\/pl\/2019\/09\/24\/tego-stwora-da-sie-pokonac-tylko-rowerem-kto-podejmuje-wyzwanie\/#primaryimage\"},\"image\":{\"@id\":\"https:\/\/www.welovecycling.com\/pl\/2019\/09\/24\/tego-stwora-da-sie-pokonac-tylko-rowerem-kto-podejmuje-wyzwanie\/#primaryimage\"},\"thumbnailUrl\":\"https:\/\/d2p6e6u75xmxt8.cloudfront.net\/5\/2019\/09\/EUROVELO10.PNG.png\",\"datePublished\":\"2019-09-24T17:19:27+00:00\",\"dateModified\":\"2019-09-24T18:19:47+00:00\",\"author\":{\"@id\":\"https:\/\/www.welovecycling.com\/pl\/#\/schema\/person\/0dba2d39da943db9df3fd8f4687e7f23\"},\"description\":\"Stw\u00f3r paszcz\u0105 obejmuje teren od Estonii po P\u00f3\u0142wysep Skandynawski, ale nogami st\u0105pa po\u2026 polskim wybrze\u017cu. \u0141\u0105cznie jego obw\u00f3d ma 9 tys. km, zobaczcie sami!\",\"breadcrumb\":{\"@id\":\"https:\/\/www.welovecycling.com\/pl\/2019\/09\/24\/tego-stwora-da-sie-pokonac-tylko-rowerem-kto-podejmuje-wyzwanie\/#breadcrumb\"},\"inLanguage\":\"pl-PL\",\"potentialAction\":[{\"@type\":\"ReadAction\",\"target\":[\"https:\/\/www.welovecycling.com\/pl\/2019\/09\/24\/tego-stwora-da-sie-pokonac-tylko-rowerem-kto-podejmuje-wyzwanie\/\"]}]},{\"@type\":\"ImageObject\",\"inLanguage\":\"pl-PL\",\"@id\":\"https:\/\/www.welovecycling.com\/pl\/2019\/09\/24\/tego-stwora-da-sie-pokonac-tylko-rowerem-kto-podejmuje-wyzwanie\/#primaryimage\",\"url\":\"https:\/\/d2p6e6u75xmxt8.cloudfront.net\/5\/2019\/09\/EUROVELO10.PNG.png\",\"contentUrl\":\"https:\/\/d2p6e6u75xmxt8.cloudfront.net\/5\/2019\/09\/EUROVELO10.PNG.png\",\"width\":1020,\"height\":438},{\"@type\":\"BreadcrumbList\",\"@id\":\"https:\/\/www.welovecycling.com\/pl\/2019\/09\/24\/tego-stwora-da-sie-pokonac-tylko-rowerem-kto-podejmuje-wyzwanie\/#breadcrumb\",\"itemListElement\":[{\"@type\":\"ListItem\",\"position\":1,\"name\":\"Home\",\"item\":\"https:\/\/www.welovecycling.com\/pl\/\"},{\"@type\":\"ListItem\",\"position\":2,\"name\":\"Tego stwora da si\u0119 pokona\u0107 tylko rowerem. Kto podejmuje wyzwanie?\"}]},{\"@type\":\"WebSite\",\"@id\":\"https:\/\/www.welovecycling.com\/pl\/#website\",\"url\":\"https:\/\/www.welovecycling.com\/pl\/\",\"name\":\"\u0160koda We Love Cycling - Poland\",\"description\":\"\",\"potentialAction\":[{\"@type\":\"SearchAction\",\"target\":{\"@type\":\"EntryPoint\",\"urlTemplate\":\"https:\/\/www.welovecycling.com\/pl\/?s={search_term_string}\"},\"query-input\":{\"@type\":\"PropertyValueSpecification\",\"valueRequired\":true,\"valueName\":\"search_term_string\"}}],\"inLanguage\":\"pl-PL\"},{\"@type\":\"Person\",\"@id\":\"https:\/\/www.welovecycling.com\/pl\/#\/schema\/person\/0dba2d39da943db9df3fd8f4687e7f23\",\"name\":\"piotrboczkowski\",\"image\":{\"@type\":\"ImageObject\",\"inLanguage\":\"pl-PL\",\"@id\":\"https:\/\/www.welovecycling.com\/pl\/#\/schema\/person\/image\/\",\"url\":\"https:\/\/secure.gravatar.com\/avatar\/533caccae14752e03a2ce2d3fd62d1b98b93e1393c3195c27819e53344ca1ace?s=96&d=mm&r=g\",\"contentUrl\":\"https:\/\/secure.gravatar.com\/avatar\/533caccae14752e03a2ce2d3fd62d1b98b93e1393c3195c27819e53344ca1ace?s=96&d=mm&r=g\",\"caption\":\"piotrboczkowski\"},\"url\":\"https:\/\/www.welovecycling.com\/pl\/author\/piotrboczkowski\/\"}]}<\/script>\n<!-- \/ Yoast SEO Premium plugin. -->","yoast_head_json":{"title":"Tego stwora da si\u0119 pokona\u0107 tylko rowerem. Kto podejmuje wyzwanie?","description":"Stw\u00f3r paszcz\u0105 obejmuje teren od Estonii po P\u00f3\u0142wysep Skandynawski, ale nogami st\u0105pa po\u2026 polskim wybrze\u017cu. \u0141\u0105cznie jego obw\u00f3d ma 9 tys. km, zobaczcie sami!","robots":{"index":"index","follow":"follow","max-snippet":"max-snippet:-1","max-image-preview":"max-image-preview:large","max-video-preview":"max-video-preview:-1"},"canonical":"https:\/\/www.welovecycling.com\/pl\/2019\/09\/24\/tego-stwora-da-sie-pokonac-tylko-rowerem-kto-podejmuje-wyzwanie\/","og_locale":"pl_PL","og_type":"article","og_title":"Tego stwora da si\u0119 pokona\u0107 tylko rowerem. Kto podejmuje wyzwanie?","og_description":"Stw\u00f3r paszcz\u0105 obejmuje teren od Estonii po P\u00f3\u0142wysep Skandynawski, ale nogami st\u0105pa po\u2026 polskim wybrze\u017cu. \u0141\u0105cznie jego obw\u00f3d ma 9 tys. km, zobaczcie sami!","og_url":"https:\/\/www.welovecycling.com\/pl\/2019\/09\/24\/tego-stwora-da-sie-pokonac-tylko-rowerem-kto-podejmuje-wyzwanie\/","og_site_name":"\u0160koda We Love Cycling - Poland","article_published_time":"2019-09-24T17:19:27+00:00","article_modified_time":"2019-09-24T18:19:47+00:00","og_image":[{"width":1020,"height":438,"url":"https:\/\/d2p6e6u75xmxt8.cloudfront.net\/5\/2019\/09\/EUROVELO10.PNG.png","type":"image\/png"}],"author":"piotrboczkowski","twitter_card":"summary_large_image","twitter_misc":{"Written by":"Piotr Nowik","Est. reading time":"4"},"schema":{"@context":"https:\/\/schema.org","@graph":[{"@type":"WebPage","@id":"https:\/\/www.welovecycling.com\/pl\/2019\/09\/24\/tego-stwora-da-sie-pokonac-tylko-rowerem-kto-podejmuje-wyzwanie\/","url":"https:\/\/www.welovecycling.com\/pl\/2019\/09\/24\/tego-stwora-da-sie-pokonac-tylko-rowerem-kto-podejmuje-wyzwanie\/","name":"Tego stwora da si\u0119 pokona\u0107 tylko rowerem. Kto podejmuje wyzwanie?","isPartOf":{"@id":"https:\/\/www.welovecycling.com\/pl\/#website"},"primaryImageOfPage":{"@id":"https:\/\/www.welovecycling.com\/pl\/2019\/09\/24\/tego-stwora-da-sie-pokonac-tylko-rowerem-kto-podejmuje-wyzwanie\/#primaryimage"},"image":{"@id":"https:\/\/www.welovecycling.com\/pl\/2019\/09\/24\/tego-stwora-da-sie-pokonac-tylko-rowerem-kto-podejmuje-wyzwanie\/#primaryimage"},"thumbnailUrl":"https:\/\/d2p6e6u75xmxt8.cloudfront.net\/5\/2019\/09\/EUROVELO10.PNG.png","datePublished":"2019-09-24T17:19:27+00:00","dateModified":"2019-09-24T18:19:47+00:00","author":{"@id":"https:\/\/www.welovecycling.com\/pl\/#\/schema\/person\/0dba2d39da943db9df3fd8f4687e7f23"},"description":"Stw\u00f3r paszcz\u0105 obejmuje teren od Estonii po P\u00f3\u0142wysep Skandynawski, ale nogami st\u0105pa po\u2026 polskim wybrze\u017cu. \u0141\u0105cznie jego obw\u00f3d ma 9 tys. km, zobaczcie sami!","breadcrumb":{"@id":"https:\/\/www.welovecycling.com\/pl\/2019\/09\/24\/tego-stwora-da-sie-pokonac-tylko-rowerem-kto-podejmuje-wyzwanie\/#breadcrumb"},"inLanguage":"pl-PL","potentialAction":[{"@type":"ReadAction","target":["https:\/\/www.welovecycling.com\/pl\/2019\/09\/24\/tego-stwora-da-sie-pokonac-tylko-rowerem-kto-podejmuje-wyzwanie\/"]}]},{"@type":"ImageObject","inLanguage":"pl-PL","@id":"https:\/\/www.welovecycling.com\/pl\/2019\/09\/24\/tego-stwora-da-sie-pokonac-tylko-rowerem-kto-podejmuje-wyzwanie\/#primaryimage","url":"https:\/\/d2p6e6u75xmxt8.cloudfront.net\/5\/2019\/09\/EUROVELO10.PNG.png","contentUrl":"https:\/\/d2p6e6u75xmxt8.cloudfront.net\/5\/2019\/09\/EUROVELO10.PNG.png","width":1020,"height":438},{"@type":"BreadcrumbList","@id":"https:\/\/www.welovecycling.com\/pl\/2019\/09\/24\/tego-stwora-da-sie-pokonac-tylko-rowerem-kto-podejmuje-wyzwanie\/#breadcrumb","itemListElement":[{"@type":"ListItem","position":1,"name":"Home","item":"https:\/\/www.welovecycling.com\/pl\/"},{"@type":"ListItem","position":2,"name":"Tego stwora da si\u0119 pokona\u0107 tylko rowerem. Kto podejmuje wyzwanie?"}]},{"@type":"WebSite","@id":"https:\/\/www.welovecycling.com\/pl\/#website","url":"https:\/\/www.welovecycling.com\/pl\/","name":"\u0160koda We Love Cycling - Poland","description":"","potentialAction":[{"@type":"SearchAction","target":{"@type":"EntryPoint","urlTemplate":"https:\/\/www.welovecycling.com\/pl\/?s={search_term_string}"},"query-input":{"@type":"PropertyValueSpecification","valueRequired":true,"valueName":"search_term_string"}}],"inLanguage":"pl-PL"},{"@type":"Person","@id":"https:\/\/www.welovecycling.com\/pl\/#\/schema\/person\/0dba2d39da943db9df3fd8f4687e7f23","name":"piotrboczkowski","image":{"@type":"ImageObject","inLanguage":"pl-PL","@id":"https:\/\/www.welovecycling.com\/pl\/#\/schema\/person\/image\/","url":"https:\/\/secure.gravatar.com\/avatar\/533caccae14752e03a2ce2d3fd62d1b98b93e1393c3195c27819e53344ca1ace?s=96&d=mm&r=g","contentUrl":"https:\/\/secure.gravatar.com\/avatar\/533caccae14752e03a2ce2d3fd62d1b98b93e1393c3195c27819e53344ca1ace?s=96&d=mm&r=g","caption":"piotrboczkowski"},"url":"https:\/\/www.welovecycling.com\/pl\/author\/piotrboczkowski\/"}]}},"_links":{"self":[{"href":"https:\/\/www.welovecycling.com\/pl\/wp-json\/wp\/v2\/posts\/9784","targetHints":{"allow":["GET"]}}],"collection":[{"href":"https:\/\/www.welovecycling.com\/pl\/wp-json\/wp\/v2\/posts"}],"about":[{"href":"https:\/\/www.welovecycling.com\/pl\/wp-json\/wp\/v2\/types\/post"}],"author":[{"embeddable":true,"href":"https:\/\/www.welovecycling.com\/pl\/wp-json\/wp\/v2\/users\/76"}],"replies":[{"embeddable":true,"href":"https:\/\/www.welovecycling.com\/pl\/wp-json\/wp\/v2\/comments?post=9784"}],"version-history":[{"count":1,"href":"https:\/\/www.welovecycling.com\/pl\/wp-json\/wp\/v2\/posts\/9784\/revisions"}],"predecessor-version":[{"id":9786,"href":"https:\/\/www.welovecycling.com\/pl\/wp-json\/wp\/v2\/posts\/9784\/revisions\/9786"}],"wp:featuredmedia":[{"embeddable":true,"href":"https:\/\/www.welovecycling.com\/pl\/wp-json\/wp\/v2\/media\/9785"}],"wp:attachment":[{"href":"https:\/\/www.welovecycling.com\/pl\/wp-json\/wp\/v2\/media?parent=9784"}],"wp:term":[{"taxonomy":"category","embeddable":true,"href":"https:\/\/www.welovecycling.com\/pl\/wp-json\/wp\/v2\/categories?post=9784"},{"taxonomy":"post_tag","embeddable":true,"href":"https:\/\/www.welovecycling.com\/pl\/wp-json\/wp\/v2\/tags?post=9784"},{"taxonomy":"global-categories","embeddable":true,"href":"https:\/\/www.welovecycling.com\/pl\/wp-json\/wp\/v2\/global-categories?post=9784"}],"curies":[{"name":"wp","href":"https:\/\/api.w.org\/{rel}","templated":true}]}}