{"id":9763,"date":"2019-09-19T08:00:57","date_gmt":"2019-09-19T08:00:57","guid":{"rendered":"https:\/\/www.welovecycling.com\/pl\/?p=9763"},"modified":"2019-09-19T08:00:57","modified_gmt":"2019-09-19T08:00:57","slug":"czy-rowerzysci-powinni-ratowac-zwierzeta","status":"publish","type":"post","link":"https:\/\/www.welovecycling.com\/pl\/2019\/09\/19\/czy-rowerzysci-powinni-ratowac-zwierzeta\/","title":{"rendered":"Czy rowerzy\u015bci powinni ratowa\u0107 zwierz\u0119ta?"},"content":{"rendered":"<p><strong>Jad\u0105c na rowerze, mo\u017cna zobaczy\u0107 wi\u0119cej \u015bwiata, ni\u017c spaceruj\u0105c, ale przy wy\u017cszych pr\u0119dko\u015bciach \u0142atwo pomin\u0105\u0107 drobne szczeg\u00f3\u0142y na poboczu drogi lub te ukryte w naturze. Oto kilka niezwyk\u0142ych, wzruszaj\u0105cych spotka\u0144, z kt\u00f3rych ka\u017cde ma szcz\u0119\u015bliwe zako\u0144czenie.<\/strong><\/p>\n<p>&nbsp;<\/p>\n<p><span style=\"font-size: 18pt;\"><strong>Kot podr\u00f3\u017cnik<\/strong><\/span><\/p>\n<p>Jazda na rowerze po ca\u0142ym \u015bwiecie to dla wi\u0119kszo\u015bci z nas niepowtarzalne do\u015bwiadczenie. Dla by\u0142ego spawacza Deana Nicholsona zyska\u0142o ono nowy wymiar, gdy uratowa\u0142 chudego zb\u0142\u0105kanego kota o imieniu Nala.<\/p>\n<div class=\"embed-controller-wrapper\">\n<div class=\"embed-wrapper\"><iframe title=\"Guy biking across the world finds a kitten he can&#039;t leave behind&#039;\" width=\"500\" height=\"375\" data-src=\"https:\/\/www.youtube.com\/embed\/CEkwCkQ43X0?feature=oembed\" frameborder=\"0\" allow=\"accelerometer; autoplay; clipboard-write; encrypted-media; gyroscope; picture-in-picture; web-share\" referrerpolicy=\"strict-origin-when-cross-origin\" allowfullscreen><\/iframe><\/div>\n<\/div>\n<p>Dean mia\u0142 szcz\u0119\u015bcie, poznaj\u0105c Nal\u0119, i wkr\u00f3tce potem historia kota, kt\u00f3ry zakocha\u0142 si\u0119 w kolarzu, zyska\u0142a ogromn\u0105 popularno\u015b\u0107. Nie mog\u0119 si\u0119 powstrzyma\u0107 od zerkni\u0119cia teraz na mojego pupila w ogrodzie i s\u0105dz\u0119, \u017ce by\u0142by przera\u017cony, gdybym pr\u00f3bowa\u0142 go wsadzi\u0107 na rower, ale Dean i Nala najwyra\u017aniej byli sobie pisani.<\/p>\n<p>&nbsp;<\/p>\n<p><strong><span style=\"font-size: 18pt;\">Uroczy kotek<\/span><\/strong><\/p>\n<p>Dean nie by\u0142 pierwszym rowerzyst\u0105, kt\u00f3ry znalaz\u0142 na drodze kocie towarzystwo. W 2017 roku Viitor Fonseca zauwa\u017cy\u0142 osieroconego kotka na poboczu drogi, kt\u00f3r\u0105 w\u0142a\u015bnie jecha\u0142, wi\u0119c wzi\u0105\u0142 go ze sob\u0105 i schowa\u0142 go za pazuch\u0119. Kociak nie mia\u0142 nic przeciwko temu, a Fonsece zaj\u0119\u0142o tylko chwil\u0119, \u017ceby da\u0107 mu mn\u00f3stwo ca\u0142us\u00f3w. Odpowiadaj\u0105c na pytanie, czy rowerzy\u015bci powinni ratowa\u0107 zwierz\u0119ta, wystarczy spojrze\u0107 na twarz Viitora.<\/p>\n<div class=\"embed-controller-wrapper\">\n<div class=\"embed-wrapper\"><iframe title=\"Cyclist Saves A Lost Kitten By Tucking Him In His Shirt\" width=\"500\" height=\"375\" data-src=\"https:\/\/www.youtube.com\/embed\/HNnUWSHLvwI?feature=oembed\" frameborder=\"0\" allow=\"accelerometer; autoplay; clipboard-write; encrypted-media; gyroscope; picture-in-picture; web-share\" referrerpolicy=\"strict-origin-when-cross-origin\" allowfullscreen><\/iframe><\/div>\n<\/div>\n<p>Typowy rowerzysta uwielbia jazd\u0119 jeszcze bardziej, kiedy mo\u017ce si\u0119 ni\u0105 z kim\u015b dzieli\u0107. Nawet je\u015bli ten kto\u015b nie jest tego samego gatunku co on.<\/p>\n<p>&nbsp;<\/p>\n<p><span style=\"font-size: 18pt;\"><strong>Osamotniony szczeniak<\/strong><\/span><\/p>\n<p>Z dala od g\u0142\u00f3wnych dr\u00f3g, w Sierra de Pias w p\u00f3\u0142nocnej Portugalii, grupa rowerzyst\u00f3w g\u00f3rskich znalaz\u0142a wychudzonego psa. Ostrzegam, \u017ce teraz b\u0119dzie wzruszaj\u0105co.<\/p>\n<div class=\"embed-controller-wrapper\">\n<div class=\"embed-wrapper\"><iframe title=\"Dog tied to tree &amp; left to die.\" width=\"500\" height=\"281\" data-src=\"https:\/\/www.youtube.com\/embed\/Q6BfQ4CpIrc?feature=oembed\" frameborder=\"0\" allow=\"accelerometer; autoplay; clipboard-write; encrypted-media; gyroscope; picture-in-picture; web-share\" referrerpolicy=\"strict-origin-when-cross-origin\" allowfullscreen><\/iframe><\/div>\n<\/div>\n<p>Je\u015bli zastanawiasz si\u0119, co wydarzy\u0142o si\u0119 dalej, spiesz\u0119 z odpowiedzi\u0105. Pies zabra\u0142 troch\u0119 jedzenia i uciek\u0142, ale rowerzy\u015bci wr\u00f3cili nast\u0119pnego dnia i przekonali si\u0119, \u017ce zwierzak uzna\u0142, \u017ce w jego interesie jest r\u00f3wnie\u017c tam wr\u00f3ci\u0107. Lokalna stra\u017c po\u017carna zabra\u0142a go ze sob\u0105 i zosta\u0142 adoptowany przez \u017cyczliw\u0105 osob\u0119, kt\u00f3ra wola\u0142a pozosta\u0107 anonimowa.<\/p>\n<p>&nbsp;<\/p>\n<p><strong><span style=\"font-size: 18pt;\">Pies ratuje rowerzyst\u0119<\/span><\/strong><\/p>\n<p>My, rowerzy\u015bci, staramy si\u0119 oczywi\u015bcie unika\u0107 wypadk\u00f3w, ale czasami potrzebujemy troch\u0119 adrenaliny. Wielu z nas lubi je\u017adzi\u0107 na d\u0142ugie przeja\u017cd\u017cki i wypoczywa\u0107 w dziczy, a wtedy nietrudno o niefortunne zdarzenia. I tak w\u0142a\u015bnie by\u0142o w przypadku 40-letniego rowerzysty z Rumunii.<\/p>\n<p><img decoding=\"async\" src=\"https:\/\/d2p6e6u75xmxt8.cloudfront.net\/2\/2019\/08\/roma1.jpg\" \/><\/p>\n<p>Kiedy go znaleziono, mia\u0142 z\u0142aman\u0105 r\u0119k\u0119 i \u0142agodn\u0105 hipotermi\u0119. Gdyby nie pies, kt\u00f3ry wyszed\u0142 z lasu i sp\u0119dzi\u0142 przy nim noc, nie by\u0142oby go dzisiaj w\u015br\u00f3d \u017cywych.<\/p>\n<p><img decoding=\"async\" src=\"https:\/\/d2p6e6u75xmxt8.cloudfront.net\/2\/2019\/08\/roma2.jpg\" \/><\/p>\n<p>Ci, kt\u00f3rzy znale\u017ali rowerzyst\u0119, opatrzyli go, zabezpieczyli jego Bianchi, a psa nazwali Wybawca. W ci\u0105gu kilku dni rodzina postanowi\u0142a go odszuka\u0107 i zapewni\u0107 wygodn\u0105 emerytur\u0119. W ko\u0144cu Wybawca sp\u0119dzi\u0142 wi\u0119kszo\u015b\u0107 swojego \u017cycia, obserwuj\u0105c z g\u00f3ry zb\u0142\u0105kanych rowerzyst\u00f3w.<\/p>\n<p>Karma zawsze wraca \u2013 to najlepsze podsumowanie tego artyku\u0142u.<\/p>\n<p><a class=\"in-cell-link\" href=\"http:\/\/www.skoda-auto.pl\/\" target=\"_blank\" rel=\"noopener\">Artyku\u0142 powsta\u0142 we wsp\u00f3\u0142pracy ze skoda-auto.pl<\/a><\/p>\n<p><a href=\"https:\/\/www.skoda-auto.pl\/modele\/karoq\"><img loading=\"lazy\" decoding=\"async\" class=\"alignleft wp-image-9609 size-full loading\" src=\"https:\/\/d2p6e6u75xmxt8.cloudfront.net\/5\/2019\/08\/baner_WLC_640x350_4.png\" sizes=\"auto, (max-width: 640px) 100vw, 640px\" srcset=\"https:\/\/d2p6e6u75xmxt8.cloudfront.net\/5\/2019\/08\/baner_WLC_640x350_4.png 640w, https:\/\/d2p6e6u75xmxt8.cloudfront.net\/5\/2019\/08\/baner_WLC_640x350_4-300x164.png 300w\" alt=\"\" width=\"640\" height=\"350\" data-was-processed=\"true\" \/><\/a><\/p>\n","protected":false},"excerpt":{"rendered":"<p>Jad\u0105c na rowerze, mo\u017cna zobaczy\u0107 wi\u0119cej \u015bwiata, ni\u017c spaceruj\u0105c, ale przy wy\u017cszych pr\u0119dko\u015bciach \u0142atwo pomin\u0105\u0107 drobne szczeg\u00f3\u0142y na poboczu drogi [&hellip;]<\/p>\n","protected":false},"author":76,"featured_media":9767,"comment_status":"open","ping_status":"open","sticky":false,"template":"","format":"standard","meta":{"footnotes":""},"categories":[226],"tags":[],"global-categories":[],"class_list":["post-9763","post","type-post","status-publish","format-standard","has-post-thumbnail","hentry","category-ciekawostki"],"yoast_head":"<!-- This site is optimized with the Yoast SEO Premium plugin v25.3 (Yoast SEO v25.9) - https:\/\/yoast.com\/wordpress\/plugins\/seo\/ -->\n<title>Czy rowerzy\u015bci powinni ratowa\u0107 zwierz\u0119ta? - \u0160koda We Love Cycling - Poland<\/title>\n<meta name=\"robots\" content=\"index, follow, max-snippet:-1, max-image-preview:large, max-video-preview:-1\" \/>\n<link rel=\"canonical\" href=\"https:\/\/www.welovecycling.com\/pl\/2019\/09\/19\/czy-rowerzysci-powinni-ratowac-zwierzeta\/\" \/>\n<meta property=\"og:locale\" content=\"pl_PL\" \/>\n<meta property=\"og:type\" content=\"article\" \/>\n<meta property=\"og:title\" content=\"Czy rowerzy\u015bci powinni ratowa\u0107 zwierz\u0119ta?\" \/>\n<meta property=\"og:description\" content=\"Jad\u0105c na rowerze, mo\u017cna zobaczy\u0107 wi\u0119cej \u015bwiata, ni\u017c spaceruj\u0105c, ale przy wy\u017cszych pr\u0119dko\u015bciach \u0142atwo pomin\u0105\u0107 drobne szczeg\u00f3\u0142y na poboczu drogi [&hellip;]\" \/>\n<meta property=\"og:url\" content=\"https:\/\/www.welovecycling.com\/pl\/2019\/09\/19\/czy-rowerzysci-powinni-ratowac-zwierzeta\/\" \/>\n<meta property=\"og:site_name\" content=\"\u0160koda We Love Cycling - Poland\" \/>\n<meta property=\"article:published_time\" content=\"2019-09-19T08:00:57+00:00\" \/>\n<meta property=\"og:image\" content=\"https:\/\/d2p6e6u75xmxt8.cloudfront.net\/5\/2019\/09\/Animals-CVR-1024x450.jpg\" \/>\n\t<meta property=\"og:image:width\" content=\"1024\" \/>\n\t<meta property=\"og:image:height\" content=\"450\" \/>\n\t<meta property=\"og:image:type\" content=\"image\/jpeg\" \/>\n<meta name=\"author\" content=\"piotrboczkowski\" \/>\n<meta name=\"twitter:card\" content=\"summary_large_image\" \/>\n<meta name=\"twitter:label1\" content=\"Written by\" \/>\n\t<meta name=\"twitter:data1\" content=\"Christopher Ashley\" \/>\n\t<meta name=\"twitter:label2\" content=\"Est. reading time\" \/>\n\t<meta name=\"twitter:data2\" content=\"3 minutes\" \/>\n<script type=\"application\/ld+json\" class=\"yoast-schema-graph\">{\"@context\":\"https:\/\/schema.org\",\"@graph\":[{\"@type\":\"WebPage\",\"@id\":\"https:\/\/www.welovecycling.com\/pl\/2019\/09\/19\/czy-rowerzysci-powinni-ratowac-zwierzeta\/\",\"url\":\"https:\/\/www.welovecycling.com\/pl\/2019\/09\/19\/czy-rowerzysci-powinni-ratowac-zwierzeta\/\",\"name\":\"Czy rowerzy\u015bci powinni ratowa\u0107 zwierz\u0119ta? - \u0160koda We Love Cycling - Poland\",\"isPartOf\":{\"@id\":\"https:\/\/www.welovecycling.com\/pl\/#website\"},\"primaryImageOfPage\":{\"@id\":\"https:\/\/www.welovecycling.com\/pl\/2019\/09\/19\/czy-rowerzysci-powinni-ratowac-zwierzeta\/#primaryimage\"},\"image\":{\"@id\":\"https:\/\/www.welovecycling.com\/pl\/2019\/09\/19\/czy-rowerzysci-powinni-ratowac-zwierzeta\/#primaryimage\"},\"thumbnailUrl\":\"https:\/\/d2p6e6u75xmxt8.cloudfront.net\/5\/2019\/09\/Animals-CVR-1024x450.jpg\",\"datePublished\":\"2019-09-19T08:00:57+00:00\",\"author\":{\"@id\":\"https:\/\/www.welovecycling.com\/pl\/#\/schema\/person\/0dba2d39da943db9df3fd8f4687e7f23\"},\"breadcrumb\":{\"@id\":\"https:\/\/www.welovecycling.com\/pl\/2019\/09\/19\/czy-rowerzysci-powinni-ratowac-zwierzeta\/#breadcrumb\"},\"inLanguage\":\"pl-PL\",\"potentialAction\":[{\"@type\":\"ReadAction\",\"target\":[\"https:\/\/www.welovecycling.com\/pl\/2019\/09\/19\/czy-rowerzysci-powinni-ratowac-zwierzeta\/\"]}]},{\"@type\":\"ImageObject\",\"inLanguage\":\"pl-PL\",\"@id\":\"https:\/\/www.welovecycling.com\/pl\/2019\/09\/19\/czy-rowerzysci-powinni-ratowac-zwierzeta\/#primaryimage\",\"url\":\"https:\/\/d2p6e6u75xmxt8.cloudfront.net\/5\/2019\/09\/Animals-CVR-1024x450.jpg\",\"contentUrl\":\"https:\/\/d2p6e6u75xmxt8.cloudfront.net\/5\/2019\/09\/Animals-CVR-1024x450.jpg\",\"width\":1024,\"height\":450},{\"@type\":\"BreadcrumbList\",\"@id\":\"https:\/\/www.welovecycling.com\/pl\/2019\/09\/19\/czy-rowerzysci-powinni-ratowac-zwierzeta\/#breadcrumb\",\"itemListElement\":[{\"@type\":\"ListItem\",\"position\":1,\"name\":\"Home\",\"item\":\"https:\/\/www.welovecycling.com\/pl\/\"},{\"@type\":\"ListItem\",\"position\":2,\"name\":\"Czy rowerzy\u015bci powinni ratowa\u0107 zwierz\u0119ta?\"}]},{\"@type\":\"WebSite\",\"@id\":\"https:\/\/www.welovecycling.com\/pl\/#website\",\"url\":\"https:\/\/www.welovecycling.com\/pl\/\",\"name\":\"\u0160koda We Love Cycling - Poland\",\"description\":\"\",\"potentialAction\":[{\"@type\":\"SearchAction\",\"target\":{\"@type\":\"EntryPoint\",\"urlTemplate\":\"https:\/\/www.welovecycling.com\/pl\/?s={search_term_string}\"},\"query-input\":{\"@type\":\"PropertyValueSpecification\",\"valueRequired\":true,\"valueName\":\"search_term_string\"}}],\"inLanguage\":\"pl-PL\"},{\"@type\":\"Person\",\"@id\":\"https:\/\/www.welovecycling.com\/pl\/#\/schema\/person\/0dba2d39da943db9df3fd8f4687e7f23\",\"name\":\"piotrboczkowski\",\"image\":{\"@type\":\"ImageObject\",\"inLanguage\":\"pl-PL\",\"@id\":\"https:\/\/www.welovecycling.com\/pl\/#\/schema\/person\/image\/\",\"url\":\"https:\/\/secure.gravatar.com\/avatar\/533caccae14752e03a2ce2d3fd62d1b98b93e1393c3195c27819e53344ca1ace?s=96&d=mm&r=g\",\"contentUrl\":\"https:\/\/secure.gravatar.com\/avatar\/533caccae14752e03a2ce2d3fd62d1b98b93e1393c3195c27819e53344ca1ace?s=96&d=mm&r=g\",\"caption\":\"piotrboczkowski\"},\"url\":\"https:\/\/www.welovecycling.com\/pl\/author\/piotrboczkowski\/\"}]}<\/script>\n<!-- \/ Yoast SEO Premium plugin. -->","yoast_head_json":{"title":"Czy rowerzy\u015bci powinni ratowa\u0107 zwierz\u0119ta? - \u0160koda We Love Cycling - Poland","robots":{"index":"index","follow":"follow","max-snippet":"max-snippet:-1","max-image-preview":"max-image-preview:large","max-video-preview":"max-video-preview:-1"},"canonical":"https:\/\/www.welovecycling.com\/pl\/2019\/09\/19\/czy-rowerzysci-powinni-ratowac-zwierzeta\/","og_locale":"pl_PL","og_type":"article","og_title":"Czy rowerzy\u015bci powinni ratowa\u0107 zwierz\u0119ta?","og_description":"Jad\u0105c na rowerze, mo\u017cna zobaczy\u0107 wi\u0119cej \u015bwiata, ni\u017c spaceruj\u0105c, ale przy wy\u017cszych pr\u0119dko\u015bciach \u0142atwo pomin\u0105\u0107 drobne szczeg\u00f3\u0142y na poboczu drogi [&hellip;]","og_url":"https:\/\/www.welovecycling.com\/pl\/2019\/09\/19\/czy-rowerzysci-powinni-ratowac-zwierzeta\/","og_site_name":"\u0160koda We Love Cycling - Poland","article_published_time":"2019-09-19T08:00:57+00:00","og_image":[{"width":1024,"height":450,"url":"https:\/\/d2p6e6u75xmxt8.cloudfront.net\/5\/2019\/09\/Animals-CVR-1024x450.jpg","type":"image\/jpeg"}],"author":"piotrboczkowski","twitter_card":"summary_large_image","twitter_misc":{"Written by":"Christopher Ashley","Est. reading time":"3 minutes"},"schema":{"@context":"https:\/\/schema.org","@graph":[{"@type":"WebPage","@id":"https:\/\/www.welovecycling.com\/pl\/2019\/09\/19\/czy-rowerzysci-powinni-ratowac-zwierzeta\/","url":"https:\/\/www.welovecycling.com\/pl\/2019\/09\/19\/czy-rowerzysci-powinni-ratowac-zwierzeta\/","name":"Czy rowerzy\u015bci powinni ratowa\u0107 zwierz\u0119ta? - \u0160koda We Love Cycling - Poland","isPartOf":{"@id":"https:\/\/www.welovecycling.com\/pl\/#website"},"primaryImageOfPage":{"@id":"https:\/\/www.welovecycling.com\/pl\/2019\/09\/19\/czy-rowerzysci-powinni-ratowac-zwierzeta\/#primaryimage"},"image":{"@id":"https:\/\/www.welovecycling.com\/pl\/2019\/09\/19\/czy-rowerzysci-powinni-ratowac-zwierzeta\/#primaryimage"},"thumbnailUrl":"https:\/\/d2p6e6u75xmxt8.cloudfront.net\/5\/2019\/09\/Animals-CVR-1024x450.jpg","datePublished":"2019-09-19T08:00:57+00:00","author":{"@id":"https:\/\/www.welovecycling.com\/pl\/#\/schema\/person\/0dba2d39da943db9df3fd8f4687e7f23"},"breadcrumb":{"@id":"https:\/\/www.welovecycling.com\/pl\/2019\/09\/19\/czy-rowerzysci-powinni-ratowac-zwierzeta\/#breadcrumb"},"inLanguage":"pl-PL","potentialAction":[{"@type":"ReadAction","target":["https:\/\/www.welovecycling.com\/pl\/2019\/09\/19\/czy-rowerzysci-powinni-ratowac-zwierzeta\/"]}]},{"@type":"ImageObject","inLanguage":"pl-PL","@id":"https:\/\/www.welovecycling.com\/pl\/2019\/09\/19\/czy-rowerzysci-powinni-ratowac-zwierzeta\/#primaryimage","url":"https:\/\/d2p6e6u75xmxt8.cloudfront.net\/5\/2019\/09\/Animals-CVR-1024x450.jpg","contentUrl":"https:\/\/d2p6e6u75xmxt8.cloudfront.net\/5\/2019\/09\/Animals-CVR-1024x450.jpg","width":1024,"height":450},{"@type":"BreadcrumbList","@id":"https:\/\/www.welovecycling.com\/pl\/2019\/09\/19\/czy-rowerzysci-powinni-ratowac-zwierzeta\/#breadcrumb","itemListElement":[{"@type":"ListItem","position":1,"name":"Home","item":"https:\/\/www.welovecycling.com\/pl\/"},{"@type":"ListItem","position":2,"name":"Czy rowerzy\u015bci powinni ratowa\u0107 zwierz\u0119ta?"}]},{"@type":"WebSite","@id":"https:\/\/www.welovecycling.com\/pl\/#website","url":"https:\/\/www.welovecycling.com\/pl\/","name":"\u0160koda We Love Cycling - Poland","description":"","potentialAction":[{"@type":"SearchAction","target":{"@type":"EntryPoint","urlTemplate":"https:\/\/www.welovecycling.com\/pl\/?s={search_term_string}"},"query-input":{"@type":"PropertyValueSpecification","valueRequired":true,"valueName":"search_term_string"}}],"inLanguage":"pl-PL"},{"@type":"Person","@id":"https:\/\/www.welovecycling.com\/pl\/#\/schema\/person\/0dba2d39da943db9df3fd8f4687e7f23","name":"piotrboczkowski","image":{"@type":"ImageObject","inLanguage":"pl-PL","@id":"https:\/\/www.welovecycling.com\/pl\/#\/schema\/person\/image\/","url":"https:\/\/secure.gravatar.com\/avatar\/533caccae14752e03a2ce2d3fd62d1b98b93e1393c3195c27819e53344ca1ace?s=96&d=mm&r=g","contentUrl":"https:\/\/secure.gravatar.com\/avatar\/533caccae14752e03a2ce2d3fd62d1b98b93e1393c3195c27819e53344ca1ace?s=96&d=mm&r=g","caption":"piotrboczkowski"},"url":"https:\/\/www.welovecycling.com\/pl\/author\/piotrboczkowski\/"}]}},"_links":{"self":[{"href":"https:\/\/www.welovecycling.com\/pl\/wp-json\/wp\/v2\/posts\/9763","targetHints":{"allow":["GET"]}}],"collection":[{"href":"https:\/\/www.welovecycling.com\/pl\/wp-json\/wp\/v2\/posts"}],"about":[{"href":"https:\/\/www.welovecycling.com\/pl\/wp-json\/wp\/v2\/types\/post"}],"author":[{"embeddable":true,"href":"https:\/\/www.welovecycling.com\/pl\/wp-json\/wp\/v2\/users\/76"}],"replies":[{"embeddable":true,"href":"https:\/\/www.welovecycling.com\/pl\/wp-json\/wp\/v2\/comments?post=9763"}],"version-history":[{"count":1,"href":"https:\/\/www.welovecycling.com\/pl\/wp-json\/wp\/v2\/posts\/9763\/revisions"}],"predecessor-version":[{"id":9768,"href":"https:\/\/www.welovecycling.com\/pl\/wp-json\/wp\/v2\/posts\/9763\/revisions\/9768"}],"wp:featuredmedia":[{"embeddable":true,"href":"https:\/\/www.welovecycling.com\/pl\/wp-json\/wp\/v2\/media\/9767"}],"wp:attachment":[{"href":"https:\/\/www.welovecycling.com\/pl\/wp-json\/wp\/v2\/media?parent=9763"}],"wp:term":[{"taxonomy":"category","embeddable":true,"href":"https:\/\/www.welovecycling.com\/pl\/wp-json\/wp\/v2\/categories?post=9763"},{"taxonomy":"post_tag","embeddable":true,"href":"https:\/\/www.welovecycling.com\/pl\/wp-json\/wp\/v2\/tags?post=9763"},{"taxonomy":"global-categories","embeddable":true,"href":"https:\/\/www.welovecycling.com\/pl\/wp-json\/wp\/v2\/global-categories?post=9763"}],"curies":[{"name":"wp","href":"https:\/\/api.w.org\/{rel}","templated":true}]}}