{"id":9755,"date":"2019-09-17T09:27:55","date_gmt":"2019-09-17T09:27:55","guid":{"rendered":"https:\/\/www.welovecycling.com\/pl\/?p=9755"},"modified":"2019-09-22T20:55:25","modified_gmt":"2019-09-22T20:55:25","slug":"byly-skoczek-narciarski-wygrywa-vuelta-a-espana-swietny-wynik-22-letniego-polaka","status":"publish","type":"post","link":"https:\/\/www.welovecycling.com\/pl\/2019\/09\/17\/byly-skoczek-narciarski-wygrywa-vuelta-a-espana-swietny-wynik-22-letniego-polaka\/","title":{"rendered":"By\u0142y skoczek narciarski wygrywa Vuelta a Espana. \u015awietny wynik 22-letniego Polaka!"},"content":{"rendered":"<p><strong>Wskoczy\u0142 na pierwsze miejsce w po\u0142owie wy\u015bcigu i trzyma\u0142 si\u0119 go jak buty peda\u0142\u00f3w w najlepszym systemie SPD. Primo\u017c Rogli\u0107 (Jumbo-Visma) wygra\u0142 Vuelta a Espana, ale w Hiszpanii b\u0142ysn\u0119li r\u00f3wnie\u017c Polacy.<br \/>\n<\/strong><strong>Richard Carapaz w Giro d\u2019Italia, Egan Bernal w Tour de France oraz Primo\u017c Rogli\u0107 w Vuelta a Espana \u2013 znamy ju\u017c zwyci\u0119zc\u00f3w wielkich tour\u00f3w w tym roku. Teraz kolarze mi\u0119dzy sob\u0105 musz\u0105 jeszcze rozstrzygn\u0105\u0107 kwesti\u0119 mistrzostwa \u015bwiata i sezon kolarski powoli b\u0119dziemy mogli uznawa\u0107 za zako\u0144czony.<\/strong><\/p>\n<p><span style=\"font-size: 18pt;\"><strong>Lepsze ni\u017c skok na 150 metr\u00f3w<\/strong><\/span><\/p>\n<p>Co by si\u0119 nie wydarzy\u0142o, to Primo\u017c Rogli\u0107 ten sezon na pewno zapami\u0119ta do ko\u0144ca \u017cycia. Jeszcze siedem lat temu by\u0142\u2026 skoczkiem narciarskim i fruwa\u0142 na odleg\u0142o\u015b\u0107 blisko 150 metr\u00f3w. Nale\u017ca\u0142 do grupy utalentowanych junior\u00f3w, ale w pewnym momencie zdecydowa\u0142, \u017ce narty nie s\u0105 dla niego i zamieni\u0142 je na\u2026 rower.<\/p>\n<figure style=\"width: 815px\" class=\"wp-caption alignnone\"><img loading=\"lazy\" decoding=\"async\" class=\"img-responsive\" title=\"Vuelta a Espana. Triumf Roglicza, Majka sz\u00f3sty, sukces Sajnoka\" src=\"https:\/\/i.iplsc.com\/primoz-roglicz\/00097WJOV9ON867I-C122-F4.jpg\" alt=\"Primo\u017c Roglicz \/JAVIER LIZON \/PAP\/EPA\" width=\"815\" height=\"1266\" \/><figcaption class=\"wp-caption-text\">Primo\u017c Roglicz \/JAVIER LIZON \/PAP\/EPA<\/figcaption><\/figure>\n<p>Wiele os\u00f3b puka\u0142o si\u0119 w czo\u0142o, bo Rogli\u0107 jedn\u0105 decyzj\u0105 przekre\u015bli\u0142 d\u0142ugie lata ci\u0119\u017ckich trening\u00f3w i marzni\u0119cia na skoczniach. Okaza\u0142o si\u0119 jednak, \u017ce zrobi\u0142 s\u0142usznie. S\u0142oweniec szybko do\u0142\u0105czy\u0142 do zawodowego peletonu, a od niedzieli mo\u017ce spokojnie spojrze\u0107 w oczy tym, kt\u00f3rzy krytykowali go za od\u0142o\u017cenie nart w k\u0105t. Wykona\u0142 bowiem skok, kt\u00f3ry b\u0119dzie pami\u0119ta\u0142 do ko\u0144ca \u017cycia \u2013 skok na pierwsze miejsce Vuelta a Espana.<\/p>\n<p>&#8211;\u00a0 Im bli\u017cej ko\u0144ca, tym robi\u0142o si\u0119 trudniej. Na 19. etapie mocno si\u0119 poobija\u0142em, ale utrzyma\u0142em pozycj\u0119 lidera i jestem szcz\u0119\u015bliwy. Po raz kolejny pokazali\u015bmy, \u017ce mamy mocn\u0105 ekip\u0119 \u2013 podkre\u015bla\u0142 zawodnik Jumbo-Visma.<\/p>\n<p>Rogli\u0107 debiutowa\u0142 w Vuelcie, a ten debiut przez trzy tygodnie w napi\u0119ciu \u015bledzi\u0142a ca\u0142a S\u0142owenia, poniewa\u017c 30-latek sta\u0142 si\u0119 pierwszym S\u0142owe\u0144cem, kt\u00f3ry wygra\u0142 kt\u00f3ry\u015b z wielkich tour\u00f3w. A \u0142atwo nie by\u0142o, bo po drodze zaliczy\u0142 upadek, bra\u0142 udzia\u0142 w krasie i przez 11 etap\u00f3w musia\u0142 op\u0119dza\u0107 si\u0119 od rywali, kt\u00f3rzy za wszelk\u0105 cen\u0119 chcieli zabra\u0107 mu koszulk\u0119 lidera. Zadaniu jednak podo\u0142a\u0142.<\/p>\n<p><span style=\"font-size: 18pt;\"><strong>Majka chcia\u0142 si\u0119 odwdzi\u0119czy\u0107<\/strong><\/span><\/p>\n<p>O podium mia\u0142 r\u00f3wnie\u017c walczy\u0107 Rafa\u0142 Majka (Bora hansgrohe). Cho\u0107 zadania nie uda\u0142o si\u0119 wykona\u0107, to Polak nie ma si\u0119 czego wstydzi\u0107, bo zaj\u0105\u0142 6. miejsce, za takimi zawodnikami jak: Alejandro Valverde (2. miejsce), Tadej Pogacar (3.), Nairo Quintana (4.) i Miguel Angel Lopez (5.).<\/p>\n<p>Polakowi troch\u0119 zabrak\u0142o b\u0142ysku na poszczeg\u00f3lnych etapach. Liczono, \u017ce szczeg\u00f3lnie w g\u00f3rach b\u0119dzie rozstawia\u0142 rywali po trasie, a tak zdarzy\u0142o si\u0119 tylko na 20. etapie. Majka zaj\u0105\u0142 trzecie miejsce, a w ca\u0142ym wy\u015bcigu cztery z 21 etap\u00f3w ko\u0144czy\u0142 w pierwszej \u201e10\u201d.<\/p>\n<p>&#8211; Chcia\u0142em wygra\u0107 etap, by odwdzi\u0119czy\u0107 si\u0119 ekipie za absolutnie \u015bwietn\u0105 prac\u0119 w ostatnich trzech tygodniach. To mi si\u0119 niestety nie uda\u0142o, ale zesp\u00f3\u0142 spisa\u0142 si\u0119 wspaniale \u2013 m\u00f3wi\u0142 Majka po przedostatnim dniu Vuelty.<\/p>\n<p>Dla Polaka to drugi najlepszy wyst\u0119p w Vuelta a Espana. Lepiej spisa\u0142 si\u0119 tylko w 2015 r., gdy zaj\u0105\u0142 trzecie miejsce i do tej pory jest to jego najlepszy wynik na wielkim tourze.<\/p>\n<p><span style=\"font-size: 18pt;\"><strong>22-letni Polak na podium!<\/strong><\/span><\/p>\n<p>W cieniu Majki sw\u00f3j wy\u015bcig rozgrywa\u0142 22-letni Szymon Sajnok (CCC Team). Do tej pory najwi\u0119ksi zawodnicy \u015bwiatowego peletonu mogli go nawet nie kojarzy\u0107, ale w niedziel\u0119 Polak przedstawi\u0142 si\u0119 im g\u0142o\u015bno i wyra\u017anie, zajmuj\u0105c trzecie miejsce!<\/p>\n<p>Oczywi\u015bcie, \u017ce na ostatnim etapie cz\u0119\u015b\u0107 kolarzy nie ma ju\u017c ochoty na wykr\u0119canie kosmicznych czas\u00f3w, ale wykorzystanie takiej szansy, to nie lada umiej\u0119tno\u015b\u0107.<\/p>\n<p>&#8211; Wszystko w tym wy\u015bcigu u\u0142o\u017cy\u0142o si\u0119 dla mnie \u015bwietnie i w ko\u0144cu w Madrycie pokaza\u0142em, \u017ce licz\u0119 si\u0119 w czo\u0142\u00f3wce sprinter\u00f3w. Jestem szcz\u0119\u015bliwy, \u017ce wszystko tak si\u0119 potoczy\u0142o. Teraz chcia\u0142bym spr\u00f3bowa\u0107 si\u0142 na Tour de France \u2013 m\u00f3wi\u0142 na antenie Eurosportu Sajnok, kt\u00f3ry w klasyfikacji generalnej zaj\u0105\u0142 142. miejsce.<\/p>\n<figure id=\"attachment_9756\" aria-describedby=\"caption-attachment-9756\" style=\"width: 1000px\" class=\"wp-caption aligncenter\"><img loading=\"lazy\" decoding=\"async\" class=\"size-full wp-image-9756\" src=\"https:\/\/d2p6e6u75xmxt8.cloudfront.net\/5\/2019\/09\/c8093.jpg\" alt=\"\" width=\"1000\" height=\"666\" srcset=\"https:\/\/d2p6e6u75xmxt8.cloudfront.net\/5\/2019\/09\/c8093.jpg 1000w, https:\/\/d2p6e6u75xmxt8.cloudfront.net\/5\/2019\/09\/c8093-300x200.jpg 300w, https:\/\/d2p6e6u75xmxt8.cloudfront.net\/5\/2019\/09\/c8093-768x511.jpg 768w, https:\/\/d2p6e6u75xmxt8.cloudfront.net\/5\/2019\/09\/c8093-272x182.jpg 272w\" sizes=\"auto, (max-width: 1000px) 100vw, 1000px\" \/><figcaption id=\"caption-attachment-9756\" class=\"wp-caption-text\">\u00a9 Sarah Meyssonnier<br \/>https:\/\/www.lavuelta.es\/en\/stage-21\/image-gallery<\/figcaption><\/figure>\n<p><span style=\"font-size: 18pt;\"><strong>Czas na mistrzostwa \u015bwiata<\/strong><\/span><\/p>\n<p>Tymczasem ju\u017c w sobot\u0119 w Harrogate rozpoczynaj\u0105 si\u0119 mistrzostwa \u015bwiata. M\u0119\u017cczy\u017ani na powa\u017cnie do gry wejd\u0105 w \u015brod\u0119 (jazda dru\u017cynowa na czas) oraz niedziel\u0119, 29 wrze\u015bnia (wy\u015bcig ze startu wsp\u00f3lnego). Wcze\u015bniej b\u0119d\u0105 rywalizowali m\u0142odzie\u017cowcy, kobiety, a tak\u017ce tzw. zespo\u0142y mieszane.<\/p>\n<p>Przypomnijmy, \u017ce tytu\u0142\u00f3w z poprzedniego roku broni\u0105 m.in. Anna van der Breggen i Alejandro Valverde (wy\u015bcig ze startu wsp\u00f3lnego) oraz Annemiek van Vleuten i Rohan Dennis (jazda na czas).<\/p>\n<p><a class=\"in-cell-link\" href=\"http:\/\/www.skoda-auto.pl\/\" target=\"_blank\" rel=\"noopener\">Artyku\u0142 powsta\u0142 we wsp\u00f3\u0142pracy ze skoda-auto.pl<\/a><\/p>\n<p><img loading=\"lazy\" decoding=\"async\" class=\"aligncenter size-full wp-image-9606\" src=\"https:\/\/d2p6e6u75xmxt8.cloudfront.net\/5\/2019\/08\/baner_WLC_640x350_1.png\" alt=\"\" width=\"640\" height=\"350\" srcset=\"https:\/\/d2p6e6u75xmxt8.cloudfront.net\/5\/2019\/08\/baner_WLC_640x350_1.png 640w, https:\/\/d2p6e6u75xmxt8.cloudfront.net\/5\/2019\/08\/baner_WLC_640x350_1-300x164.png 300w\" sizes=\"auto, (max-width: 640px) 100vw, 640px\" \/><\/p>\n","protected":false},"excerpt":{"rendered":"<p>Wskoczy\u0142 na pierwsze miejsce w po\u0142owie wy\u015bcigu i trzyma\u0142 si\u0119 go jak buty peda\u0142\u00f3w w najlepszym systemie SPD. Primo\u017c Rogli\u0107 [&hellip;]<\/p>\n","protected":false},"author":76,"featured_media":9756,"comment_status":"open","ping_status":"open","sticky":false,"template":"","format":"standard","meta":{"footnotes":""},"categories":[6],"tags":[],"global-categories":[],"class_list":["post-9755","post","type-post","status-publish","format-standard","has-post-thumbnail","hentry","category-kolarstwo-szosowe"],"yoast_head":"<!-- This site is optimized with the Yoast SEO Premium plugin v25.3 (Yoast SEO v25.9) - https:\/\/yoast.com\/wordpress\/plugins\/seo\/ -->\n<title>By\u0142y skoczek narciarski wygrywa Vuelta a Espana. \u015awietny wynik Polaka!<\/title>\n<meta name=\"description\" content=\"Primo\u017c Rogli\u0107 (Jumbo-Visma) wygra\u0142 Vuelta a Espana, ale w Hiszpanii b\u0142ysn\u0119li r\u00f3wnie\u017c Polacy. Richard Carapaz w Giro d\u2019Italia, Egan Bernal w Tour de France.\" \/>\n<meta name=\"robots\" content=\"index, follow, max-snippet:-1, max-image-preview:large, max-video-preview:-1\" \/>\n<link rel=\"canonical\" href=\"https:\/\/www.welovecycling.com\/pl\/2019\/09\/17\/byly-skoczek-narciarski-wygrywa-vuelta-a-espana-swietny-wynik-22-letniego-polaka\/\" \/>\n<meta property=\"og:locale\" content=\"pl_PL\" \/>\n<meta property=\"og:type\" content=\"article\" \/>\n<meta property=\"og:title\" content=\"By\u0142y skoczek narciarski wygrywa Vuelta a Espana. \u015awietny wynik 22-letniego Polaka!\" \/>\n<meta property=\"og:description\" content=\"Primo\u017c Rogli\u0107 (Jumbo-Visma) wygra\u0142 Vuelta a Espana, ale w Hiszpanii b\u0142ysn\u0119li r\u00f3wnie\u017c Polacy. Richard Carapaz w Giro d\u2019Italia, Egan Bernal w Tour de France.\" \/>\n<meta property=\"og:url\" content=\"https:\/\/www.welovecycling.com\/pl\/2019\/09\/17\/byly-skoczek-narciarski-wygrywa-vuelta-a-espana-swietny-wynik-22-letniego-polaka\/\" \/>\n<meta property=\"og:site_name\" content=\"\u0160koda We Love Cycling - Poland\" \/>\n<meta property=\"article:published_time\" content=\"2019-09-17T09:27:55+00:00\" \/>\n<meta property=\"article:modified_time\" content=\"2019-09-22T20:55:25+00:00\" \/>\n<meta property=\"og:image\" content=\"https:\/\/d2p6e6u75xmxt8.cloudfront.net\/5\/2019\/09\/c8093.jpg\" \/>\n\t<meta property=\"og:image:width\" content=\"1000\" \/>\n\t<meta property=\"og:image:height\" content=\"666\" \/>\n\t<meta property=\"og:image:type\" content=\"image\/jpeg\" \/>\n<meta name=\"author\" content=\"piotrboczkowski\" \/>\n<meta name=\"twitter:card\" content=\"summary_large_image\" \/>\n<meta name=\"twitter:label1\" content=\"Written by\" \/>\n\t<meta name=\"twitter:data1\" content=\"Piotr Nowik\" \/>\n\t<meta name=\"twitter:label2\" content=\"Est. reading time\" \/>\n\t<meta name=\"twitter:data2\" content=\"4 minutes\" \/>\n<script type=\"application\/ld+json\" class=\"yoast-schema-graph\">{\"@context\":\"https:\/\/schema.org\",\"@graph\":[{\"@type\":\"WebPage\",\"@id\":\"https:\/\/www.welovecycling.com\/pl\/2019\/09\/17\/byly-skoczek-narciarski-wygrywa-vuelta-a-espana-swietny-wynik-22-letniego-polaka\/\",\"url\":\"https:\/\/www.welovecycling.com\/pl\/2019\/09\/17\/byly-skoczek-narciarski-wygrywa-vuelta-a-espana-swietny-wynik-22-letniego-polaka\/\",\"name\":\"By\u0142y skoczek narciarski wygrywa Vuelta a Espana. \u015awietny wynik Polaka!\",\"isPartOf\":{\"@id\":\"https:\/\/www.welovecycling.com\/pl\/#website\"},\"primaryImageOfPage\":{\"@id\":\"https:\/\/www.welovecycling.com\/pl\/2019\/09\/17\/byly-skoczek-narciarski-wygrywa-vuelta-a-espana-swietny-wynik-22-letniego-polaka\/#primaryimage\"},\"image\":{\"@id\":\"https:\/\/www.welovecycling.com\/pl\/2019\/09\/17\/byly-skoczek-narciarski-wygrywa-vuelta-a-espana-swietny-wynik-22-letniego-polaka\/#primaryimage\"},\"thumbnailUrl\":\"https:\/\/d2p6e6u75xmxt8.cloudfront.net\/5\/2019\/09\/c8093.jpg\",\"datePublished\":\"2019-09-17T09:27:55+00:00\",\"dateModified\":\"2019-09-22T20:55:25+00:00\",\"author\":{\"@id\":\"https:\/\/www.welovecycling.com\/pl\/#\/schema\/person\/0dba2d39da943db9df3fd8f4687e7f23\"},\"description\":\"Primo\u017c Rogli\u0107 (Jumbo-Visma) wygra\u0142 Vuelta a Espana, ale w Hiszpanii b\u0142ysn\u0119li r\u00f3wnie\u017c Polacy. Richard Carapaz w Giro d\u2019Italia, Egan Bernal w Tour de France.\",\"breadcrumb\":{\"@id\":\"https:\/\/www.welovecycling.com\/pl\/2019\/09\/17\/byly-skoczek-narciarski-wygrywa-vuelta-a-espana-swietny-wynik-22-letniego-polaka\/#breadcrumb\"},\"inLanguage\":\"pl-PL\",\"potentialAction\":[{\"@type\":\"ReadAction\",\"target\":[\"https:\/\/www.welovecycling.com\/pl\/2019\/09\/17\/byly-skoczek-narciarski-wygrywa-vuelta-a-espana-swietny-wynik-22-letniego-polaka\/\"]}]},{\"@type\":\"ImageObject\",\"inLanguage\":\"pl-PL\",\"@id\":\"https:\/\/www.welovecycling.com\/pl\/2019\/09\/17\/byly-skoczek-narciarski-wygrywa-vuelta-a-espana-swietny-wynik-22-letniego-polaka\/#primaryimage\",\"url\":\"https:\/\/d2p6e6u75xmxt8.cloudfront.net\/5\/2019\/09\/c8093.jpg\",\"contentUrl\":\"https:\/\/d2p6e6u75xmxt8.cloudfront.net\/5\/2019\/09\/c8093.jpg\",\"width\":1000,\"height\":666,\"caption\":\"\u00a9 Sarah Meyssonnier https:\/\/www.lavuelta.es\/en\/stage-21\/image-gallery\"},{\"@type\":\"BreadcrumbList\",\"@id\":\"https:\/\/www.welovecycling.com\/pl\/2019\/09\/17\/byly-skoczek-narciarski-wygrywa-vuelta-a-espana-swietny-wynik-22-letniego-polaka\/#breadcrumb\",\"itemListElement\":[{\"@type\":\"ListItem\",\"position\":1,\"name\":\"Home\",\"item\":\"https:\/\/www.welovecycling.com\/pl\/\"},{\"@type\":\"ListItem\",\"position\":2,\"name\":\"By\u0142y skoczek narciarski wygrywa Vuelta a Espana. \u015awietny wynik 22-letniego Polaka!\"}]},{\"@type\":\"WebSite\",\"@id\":\"https:\/\/www.welovecycling.com\/pl\/#website\",\"url\":\"https:\/\/www.welovecycling.com\/pl\/\",\"name\":\"\u0160koda We Love Cycling - Poland\",\"description\":\"\",\"potentialAction\":[{\"@type\":\"SearchAction\",\"target\":{\"@type\":\"EntryPoint\",\"urlTemplate\":\"https:\/\/www.welovecycling.com\/pl\/?s={search_term_string}\"},\"query-input\":{\"@type\":\"PropertyValueSpecification\",\"valueRequired\":true,\"valueName\":\"search_term_string\"}}],\"inLanguage\":\"pl-PL\"},{\"@type\":\"Person\",\"@id\":\"https:\/\/www.welovecycling.com\/pl\/#\/schema\/person\/0dba2d39da943db9df3fd8f4687e7f23\",\"name\":\"piotrboczkowski\",\"image\":{\"@type\":\"ImageObject\",\"inLanguage\":\"pl-PL\",\"@id\":\"https:\/\/www.welovecycling.com\/pl\/#\/schema\/person\/image\/\",\"url\":\"https:\/\/secure.gravatar.com\/avatar\/533caccae14752e03a2ce2d3fd62d1b98b93e1393c3195c27819e53344ca1ace?s=96&d=mm&r=g\",\"contentUrl\":\"https:\/\/secure.gravatar.com\/avatar\/533caccae14752e03a2ce2d3fd62d1b98b93e1393c3195c27819e53344ca1ace?s=96&d=mm&r=g\",\"caption\":\"piotrboczkowski\"},\"url\":\"https:\/\/www.welovecycling.com\/pl\/author\/piotrboczkowski\/\"}]}<\/script>\n<!-- \/ Yoast SEO Premium plugin. -->","yoast_head_json":{"title":"By\u0142y skoczek narciarski wygrywa Vuelta a Espana. \u015awietny wynik Polaka!","description":"Primo\u017c Rogli\u0107 (Jumbo-Visma) wygra\u0142 Vuelta a Espana, ale w Hiszpanii b\u0142ysn\u0119li r\u00f3wnie\u017c Polacy. Richard Carapaz w Giro d\u2019Italia, Egan Bernal w Tour de France.","robots":{"index":"index","follow":"follow","max-snippet":"max-snippet:-1","max-image-preview":"max-image-preview:large","max-video-preview":"max-video-preview:-1"},"canonical":"https:\/\/www.welovecycling.com\/pl\/2019\/09\/17\/byly-skoczek-narciarski-wygrywa-vuelta-a-espana-swietny-wynik-22-letniego-polaka\/","og_locale":"pl_PL","og_type":"article","og_title":"By\u0142y skoczek narciarski wygrywa Vuelta a Espana. \u015awietny wynik 22-letniego Polaka!","og_description":"Primo\u017c Rogli\u0107 (Jumbo-Visma) wygra\u0142 Vuelta a Espana, ale w Hiszpanii b\u0142ysn\u0119li r\u00f3wnie\u017c Polacy. Richard Carapaz w Giro d\u2019Italia, Egan Bernal w Tour de France.","og_url":"https:\/\/www.welovecycling.com\/pl\/2019\/09\/17\/byly-skoczek-narciarski-wygrywa-vuelta-a-espana-swietny-wynik-22-letniego-polaka\/","og_site_name":"\u0160koda We Love Cycling - Poland","article_published_time":"2019-09-17T09:27:55+00:00","article_modified_time":"2019-09-22T20:55:25+00:00","og_image":[{"width":1000,"height":666,"url":"https:\/\/d2p6e6u75xmxt8.cloudfront.net\/5\/2019\/09\/c8093.jpg","type":"image\/jpeg"}],"author":"piotrboczkowski","twitter_card":"summary_large_image","twitter_misc":{"Written by":"Piotr Nowik","Est. reading time":"4 minutes"},"schema":{"@context":"https:\/\/schema.org","@graph":[{"@type":"WebPage","@id":"https:\/\/www.welovecycling.com\/pl\/2019\/09\/17\/byly-skoczek-narciarski-wygrywa-vuelta-a-espana-swietny-wynik-22-letniego-polaka\/","url":"https:\/\/www.welovecycling.com\/pl\/2019\/09\/17\/byly-skoczek-narciarski-wygrywa-vuelta-a-espana-swietny-wynik-22-letniego-polaka\/","name":"By\u0142y skoczek narciarski wygrywa Vuelta a Espana. \u015awietny wynik Polaka!","isPartOf":{"@id":"https:\/\/www.welovecycling.com\/pl\/#website"},"primaryImageOfPage":{"@id":"https:\/\/www.welovecycling.com\/pl\/2019\/09\/17\/byly-skoczek-narciarski-wygrywa-vuelta-a-espana-swietny-wynik-22-letniego-polaka\/#primaryimage"},"image":{"@id":"https:\/\/www.welovecycling.com\/pl\/2019\/09\/17\/byly-skoczek-narciarski-wygrywa-vuelta-a-espana-swietny-wynik-22-letniego-polaka\/#primaryimage"},"thumbnailUrl":"https:\/\/d2p6e6u75xmxt8.cloudfront.net\/5\/2019\/09\/c8093.jpg","datePublished":"2019-09-17T09:27:55+00:00","dateModified":"2019-09-22T20:55:25+00:00","author":{"@id":"https:\/\/www.welovecycling.com\/pl\/#\/schema\/person\/0dba2d39da943db9df3fd8f4687e7f23"},"description":"Primo\u017c Rogli\u0107 (Jumbo-Visma) wygra\u0142 Vuelta a Espana, ale w Hiszpanii b\u0142ysn\u0119li r\u00f3wnie\u017c Polacy. Richard Carapaz w Giro d\u2019Italia, Egan Bernal w Tour de France.","breadcrumb":{"@id":"https:\/\/www.welovecycling.com\/pl\/2019\/09\/17\/byly-skoczek-narciarski-wygrywa-vuelta-a-espana-swietny-wynik-22-letniego-polaka\/#breadcrumb"},"inLanguage":"pl-PL","potentialAction":[{"@type":"ReadAction","target":["https:\/\/www.welovecycling.com\/pl\/2019\/09\/17\/byly-skoczek-narciarski-wygrywa-vuelta-a-espana-swietny-wynik-22-letniego-polaka\/"]}]},{"@type":"ImageObject","inLanguage":"pl-PL","@id":"https:\/\/www.welovecycling.com\/pl\/2019\/09\/17\/byly-skoczek-narciarski-wygrywa-vuelta-a-espana-swietny-wynik-22-letniego-polaka\/#primaryimage","url":"https:\/\/d2p6e6u75xmxt8.cloudfront.net\/5\/2019\/09\/c8093.jpg","contentUrl":"https:\/\/d2p6e6u75xmxt8.cloudfront.net\/5\/2019\/09\/c8093.jpg","width":1000,"height":666,"caption":"\u00a9 Sarah Meyssonnier https:\/\/www.lavuelta.es\/en\/stage-21\/image-gallery"},{"@type":"BreadcrumbList","@id":"https:\/\/www.welovecycling.com\/pl\/2019\/09\/17\/byly-skoczek-narciarski-wygrywa-vuelta-a-espana-swietny-wynik-22-letniego-polaka\/#breadcrumb","itemListElement":[{"@type":"ListItem","position":1,"name":"Home","item":"https:\/\/www.welovecycling.com\/pl\/"},{"@type":"ListItem","position":2,"name":"By\u0142y skoczek narciarski wygrywa Vuelta a Espana. \u015awietny wynik 22-letniego Polaka!"}]},{"@type":"WebSite","@id":"https:\/\/www.welovecycling.com\/pl\/#website","url":"https:\/\/www.welovecycling.com\/pl\/","name":"\u0160koda We Love Cycling - Poland","description":"","potentialAction":[{"@type":"SearchAction","target":{"@type":"EntryPoint","urlTemplate":"https:\/\/www.welovecycling.com\/pl\/?s={search_term_string}"},"query-input":{"@type":"PropertyValueSpecification","valueRequired":true,"valueName":"search_term_string"}}],"inLanguage":"pl-PL"},{"@type":"Person","@id":"https:\/\/www.welovecycling.com\/pl\/#\/schema\/person\/0dba2d39da943db9df3fd8f4687e7f23","name":"piotrboczkowski","image":{"@type":"ImageObject","inLanguage":"pl-PL","@id":"https:\/\/www.welovecycling.com\/pl\/#\/schema\/person\/image\/","url":"https:\/\/secure.gravatar.com\/avatar\/533caccae14752e03a2ce2d3fd62d1b98b93e1393c3195c27819e53344ca1ace?s=96&d=mm&r=g","contentUrl":"https:\/\/secure.gravatar.com\/avatar\/533caccae14752e03a2ce2d3fd62d1b98b93e1393c3195c27819e53344ca1ace?s=96&d=mm&r=g","caption":"piotrboczkowski"},"url":"https:\/\/www.welovecycling.com\/pl\/author\/piotrboczkowski\/"}]}},"_links":{"self":[{"href":"https:\/\/www.welovecycling.com\/pl\/wp-json\/wp\/v2\/posts\/9755","targetHints":{"allow":["GET"]}}],"collection":[{"href":"https:\/\/www.welovecycling.com\/pl\/wp-json\/wp\/v2\/posts"}],"about":[{"href":"https:\/\/www.welovecycling.com\/pl\/wp-json\/wp\/v2\/types\/post"}],"author":[{"embeddable":true,"href":"https:\/\/www.welovecycling.com\/pl\/wp-json\/wp\/v2\/users\/76"}],"replies":[{"embeddable":true,"href":"https:\/\/www.welovecycling.com\/pl\/wp-json\/wp\/v2\/comments?post=9755"}],"version-history":[{"count":2,"href":"https:\/\/www.welovecycling.com\/pl\/wp-json\/wp\/v2\/posts\/9755\/revisions"}],"predecessor-version":[{"id":9762,"href":"https:\/\/www.welovecycling.com\/pl\/wp-json\/wp\/v2\/posts\/9755\/revisions\/9762"}],"wp:featuredmedia":[{"embeddable":true,"href":"https:\/\/www.welovecycling.com\/pl\/wp-json\/wp\/v2\/media\/9756"}],"wp:attachment":[{"href":"https:\/\/www.welovecycling.com\/pl\/wp-json\/wp\/v2\/media?parent=9755"}],"wp:term":[{"taxonomy":"category","embeddable":true,"href":"https:\/\/www.welovecycling.com\/pl\/wp-json\/wp\/v2\/categories?post=9755"},{"taxonomy":"post_tag","embeddable":true,"href":"https:\/\/www.welovecycling.com\/pl\/wp-json\/wp\/v2\/tags?post=9755"},{"taxonomy":"global-categories","embeddable":true,"href":"https:\/\/www.welovecycling.com\/pl\/wp-json\/wp\/v2\/global-categories?post=9755"}],"curies":[{"name":"wp","href":"https:\/\/api.w.org\/{rel}","templated":true}]}}