{"id":9750,"date":"2019-09-16T11:36:31","date_gmt":"2019-09-16T11:36:31","guid":{"rendered":"https:\/\/www.welovecycling.com\/pl\/?p=9750"},"modified":"2019-09-16T11:36:31","modified_gmt":"2019-09-16T11:36:31","slug":"niezwykly-wyczyn-zoltodzioba-a-co-ty-robiles-majac-19-lat","status":"publish","type":"post","link":"https:\/\/www.welovecycling.com\/pl\/2019\/09\/16\/niezwykly-wyczyn-zoltodzioba-a-co-ty-robiles-majac-19-lat\/","title":{"rendered":"Niezwyk\u0142y wyczyn \u017c\u00f3\u0142todzioba! A co Ty robi\u0142e\u015b maj\u0105c 19 lat?"},"content":{"rendered":"<p><strong>Niekt\u00f3rzy zaczynaj\u0105 studia, inni czerpi\u0105 z \u017cycia pe\u0142nymi gar\u015bciami, a Henri Cornet w tym wieku\u2026 przeszed\u0142 do historii kolarstwa wygrywaj\u0105c Tour de France! Oto historia \u017c\u00f3\u0142todzioba, kt\u00f3ry w niespotykanych okoliczno\u015bciach wdar\u0142 si\u0119 do ksi\u0119gi rekord\u00f3w \u015bwiatowego kolarstwa.<\/strong><\/p>\n<p>Gdy 22-letni Egan Bernal kilka tygodni temu wygra\u0142 Tour de France, zachwytom nie by\u0142o ko\u0144ca. Podkre\u015blano, \u017ce to kosmiczne osi\u0105gni\u0119cie, kt\u00f3re mog\u0142o pa\u015b\u0107 \u0142upem tylko nieprzeci\u0119tnego talentu, kt\u00f3ry rodzi si\u0119 raz na 100 lat.<\/p>\n<p>W takim razie wyobra\u017acie sobie, \u017ce kiedy\u015b Wielk\u0105 P\u0119tl\u0119 wygra\u0142 Henri Cornet, kt\u00f3ry by\u0142 o niemal trzy lata m\u0142odszy!<\/p>\n<figure id=\"attachment_9752\" aria-describedby=\"caption-attachment-9752\" style=\"width: 960px\" class=\"wp-caption aligncenter\"><img loading=\"lazy\" decoding=\"async\" class=\"size-full wp-image-9752\" src=\"https:\/\/d2p6e6u75xmxt8.cloudfront.net\/5\/2019\/09\/z16314701VHenri-Cornet-1884-1941-w-drugiej-edycji-Tour-de-1.jpg\" alt=\"\" width=\"960\" height=\"994\" srcset=\"https:\/\/d2p6e6u75xmxt8.cloudfront.net\/5\/2019\/09\/z16314701VHenri-Cornet-1884-1941-w-drugiej-edycji-Tour-de-1.jpg 960w, https:\/\/d2p6e6u75xmxt8.cloudfront.net\/5\/2019\/09\/z16314701VHenri-Cornet-1884-1941-w-drugiej-edycji-Tour-de-1-290x300.jpg 290w, https:\/\/d2p6e6u75xmxt8.cloudfront.net\/5\/2019\/09\/z16314701VHenri-Cornet-1884-1941-w-drugiej-edycji-Tour-de-1-768x795.jpg 768w\" sizes=\"auto, (max-width: 960px) 100vw, 960px\" \/><figcaption id=\"caption-attachment-9752\" class=\"wp-caption-text\">Fot. Getty Images<\/figcaption><\/figure>\n<p><strong>\u201eJe\u015bli mnie nie zamorduj\u0105\u2026\u201d<\/strong><\/p>\n<p>M\u00f3wi si\u0119, \u017ce ten rekord Tour de France ju\u017c nigdy nie zostanie pobity. Pewnie dlatego, \u017ce wydarzy\u0142 si\u0119 w 1904 r., gdy etap\u00f3w nie by\u0142o 21, a zaledwie 6. I nie mia\u0142y po 230 km, a blisko 500 km. Do tego rowery wag\u0105 zbli\u017cone by\u0142y bardziej do skuter\u00f3w ni\u017c dzisiejszych cud\u00f3w techniki, a niekt\u00f3rzy kibice przypominali wrogich kiboli ni\u017c kolorowy korow\u00f3d obecnie dopinguj\u0105cy kolarzy.<\/p>\n<p>Zreszt\u0105 nieprzypadkowo to w\u0142a\u015bnie podczas tego wy\u015bcigu, faworyt i pierwszy w historii zwyci\u0119zca Tour de France Maurice Garin powiedzia\u0142: &#8211; Je\u015bli nie zamorduj\u0105 mnie przed dotarciem do Pary\u017ca, to ponownie wygram ten wy\u015bcig.<\/p>\n<p>I wygra\u0142, ale zwyci\u0119zc\u0105 by\u0142 przez\u2026 kilka miesi\u0119cy. P\u00f3\u017aniej tytu\u0142 musia\u0142 odda\u0107 Cornetowi, najm\u0142odszemu w historii triumfatorowi Tour de France. Jak do tego dosz\u0142o? Ju\u017c wyja\u015bniamy.<\/p>\n<p><strong>Poci\u0105g wstydu<\/strong><\/p>\n<p>Podczas Wielkiej P\u0119tli w 1904 r. Cornet jecha\u0142 dobrze, ale nie wybitnie. Rywalizowa\u0142 z 87 zawodnikami, a po pierwszym etapie nie za\u0142apa\u0142 si\u0119 nawet do \u201e10\u201d. P\u00f3\u017aniej by\u0142o ju\u017c lepiej, raz nawet uda\u0142o mu si\u0119 wpa\u015b\u0107 na met\u0119 zaraz za zwyci\u0119zc\u0105. Wynik bardzo dobry, ale nie daj\u0105cy szans na triumf. Chocia\u017c\u2026<\/p>\n<p>Cornet zako\u0144czy\u0142 wy\u015bcig na pi\u0105tym miejscu w klasyfikacji generalnej, ale wybuch rado\u015bci nast\u0105pi\u0142 p\u00f3\u0142 roku p\u00f3\u017aniej. To wtedy wysz\u0142o na jaw, \u017ce a\u017c czterech (!) pierwszych zawodnik\u00f3w klasyfikacji generalnej oszukiwa\u0142o, bo podczas wy\u015bcigu przemieszczali si\u0119 nie tylko dzi\u0119ki sile n\u00f3g, ale r\u00f3wnie\u017c\u2026 poci\u0105giem. W tej sytuacji organizatorzy nie mieli wyj\u015bcia i zdyskwalifikowali wszystkich czterech, a zwyci\u0119zc\u0105 og\u0142osili Corneta, kt\u00f3ry w dniu triumfu mia\u0142 19 lat 11 miesi\u0119cy i 20 dni!<\/p>\n<p>\u201e\u017bartowni\u015b\u201d, bo takim pseudonimem by\u0142 okre\u015blany podczas Tour de France, musia\u0142 by\u0107 w szoku, w ko\u0144cu na mecie zameldowa\u0142 si\u0119 a\u017c trzy godziny po Garinie. Gdyby zreszt\u0105 kto\u015b wtedy powiedzia\u0142, \u017ce m\u0142odzian z p\u00f3\u0142nocno-zachodniej Francji ma jakiekolwiek szanse powalczy\u0107 o podium, to zosta\u0142by uznany za ob\u0142\u0105kanego.<\/p>\n<p><strong>Najwi\u0119kszy i jedyny sukces<\/strong><\/p>\n<p>Cornet jeszcze kilka miesi\u0119cy wcze\u015bniej by\u0142 absolutnym amatorem, wi\u0119c na starcie Wielkiej P\u0119tli stawiany by\u0142 w jednym z rz\u0119dzie z zawodnikami, dla kt\u00f3rych ju\u017c uko\u0144czenie wy\u015bcigu b\u0119dzie ogromnym sukcesem. Tak zreszt\u0105 by\u0142o w kolejnych jego wyst\u0119pach w Tour de France, gdy nie by\u0142 w stanie nawet zbli\u017cy\u0107 si\u0119 do podium, a trzykrotnie zszed\u0142 z trasy.<\/p>\n<p>Czasem uda\u0142o mu si\u0119 wygra\u0107 pojedynczy wy\u015bcig (w tym presti\u017cowy Pary\u017c \u2013 Roubaix w 1906 r.), ale gdyby niesamowity triumf w Wielkiej P\u0119tli, to dzi\u015b ju\u017c nikt by o nim nie pami\u0119ta\u0142.<\/p>\n<p>Ostatni raz w Tour de France pojecha\u0142 w 1912 r. i uko\u0144czy\u0142 go na 28 pozycji. Z kolarstwa zrezygnowa\u0142 w wieku 28 lat, bo boryka\u0142 si\u0119 z problemami zdrowotnymi. Zmar\u0142 28 lat p\u00f3\u017aniej w wyniku pooperacyjnych komplikacji.<\/p>\n<p><strong>Klasyfikacja najm\u0142odszych<\/strong><\/p>\n<p>19 lat 11 miesi\u0119cy i 20 dni \u2013 do dzi\u015b \u017caden zwyci\u0119zca Tour de France wiekiem nawet nie zbli\u017cy\u0142 si\u0119 do Corneta. Drugi w tej klasyfikacji jest Francois Faber, kt\u00f3ry wygra\u0142 Wielk\u0105 P\u0119tl\u0119 w 1909 r., maj\u0105c 22 lata (jego histori\u0119 mo\u017cecie przeczyta\u0107 TUTAJ <a href=\"https:\/\/www.welovecycling.com\/pl\/2018\/12\/18\/takich-kolarzy-juz-nie-ma-niezwykla-dieta-zwyciezcy-tour-de-france\/\">https:\/\/www.welovecycling.com\/pl\/2018\/12\/18\/takich-kolarzy-juz-nie-ma-niezwykla-dieta-zwyciezcy-tour-de-france\/<\/a> ). Z kolei Luksemburczyk by\u0142 tylko o dziewi\u0119\u0107 dni m\u0142odszy od trzeciego w tym zestawieniu Bernala, tegorocznego triumfatora Tour de France.<\/p>\n<style type=\"text\/css\"><!--td {border: 1px solid #ccc;}br {mso-data-placement:same-cell;}--><\/style>\n<p><span data-sheets-value=\"{&quot;1&quot;:2,&quot;2&quot;:&quot;Artyku\u0142 powsta\u0142 we wsp\u00f3\u0142pracy ze skoda-auto.pl&quot;}\" data-sheets-userformat=\"{&quot;2&quot;:1,&quot;3&quot;:{&quot;1&quot;:0}}\"><a class=\"in-cell-link\" href=\"http:\/\/www.skoda-auto.pl\/\" target=\"_blank\" rel=\"noopener\">Artyku\u0142 powsta\u0142 we wsp\u00f3\u0142pracy ze skoda-auto.pl<\/a><\/span><\/p>\n<p><a href=\"https:\/\/sklep.skoda.pl\/pl\/sklep\/b\/331\/rowery-i-akcesoria-rowery.html\"><img loading=\"lazy\" decoding=\"async\" class=\"aligncenter wp-image-9611 size-full\" src=\"https:\/\/d2p6e6u75xmxt8.cloudfront.net\/5\/2019\/08\/8e38441b-4310-449e-9620-f70670ba05c9.jpg\" alt=\"\" width=\"640\" height=\"300\" srcset=\"https:\/\/d2p6e6u75xmxt8.cloudfront.net\/5\/2019\/08\/8e38441b-4310-449e-9620-f70670ba05c9.jpg 640w, https:\/\/d2p6e6u75xmxt8.cloudfront.net\/5\/2019\/08\/8e38441b-4310-449e-9620-f70670ba05c9-300x141.jpg 300w\" sizes=\"auto, (max-width: 640px) 100vw, 640px\" \/><\/a><\/p>\n","protected":false},"excerpt":{"rendered":"<p>Niekt\u00f3rzy zaczynaj\u0105 studia, inni czerpi\u0105 z \u017cycia pe\u0142nymi gar\u015bciami, a Henri Cornet w tym wieku\u2026 przeszed\u0142 do historii kolarstwa wygrywaj\u0105c [&hellip;]<\/p>\n","protected":false},"author":76,"featured_media":9751,"comment_status":"open","ping_status":"open","sticky":false,"template":"","format":"standard","meta":{"footnotes":""},"categories":[226],"tags":[],"global-categories":[],"class_list":["post-9750","post","type-post","status-publish","format-standard","has-post-thumbnail","hentry","category-ciekawostki"],"yoast_head":"<!-- This site is optimized with the Yoast SEO Premium plugin v25.3 (Yoast SEO v25.9) - https:\/\/yoast.com\/wordpress\/plugins\/seo\/ -->\n<title>Niezwyk\u0142y wyczyn \u017c\u00f3\u0142todzioba! A co Ty robi\u0142e\u015b maj\u0105c 19 lat? - \u0160koda We Love Cycling - Poland<\/title>\n<meta name=\"robots\" content=\"index, follow, max-snippet:-1, max-image-preview:large, max-video-preview:-1\" \/>\n<link rel=\"canonical\" href=\"https:\/\/www.welovecycling.com\/pl\/2019\/09\/16\/niezwykly-wyczyn-zoltodzioba-a-co-ty-robiles-majac-19-lat\/\" \/>\n<meta property=\"og:locale\" content=\"pl_PL\" \/>\n<meta property=\"og:type\" content=\"article\" \/>\n<meta property=\"og:title\" content=\"Niezwyk\u0142y wyczyn \u017c\u00f3\u0142todzioba! A co Ty robi\u0142e\u015b maj\u0105c 19 lat?\" \/>\n<meta property=\"og:description\" content=\"Niekt\u00f3rzy zaczynaj\u0105 studia, inni czerpi\u0105 z \u017cycia pe\u0142nymi gar\u015bciami, a Henri Cornet w tym wieku\u2026 przeszed\u0142 do historii kolarstwa wygrywaj\u0105c [&hellip;]\" \/>\n<meta property=\"og:url\" content=\"https:\/\/www.welovecycling.com\/pl\/2019\/09\/16\/niezwykly-wyczyn-zoltodzioba-a-co-ty-robiles-majac-19-lat\/\" \/>\n<meta property=\"og:site_name\" content=\"\u0160koda We Love Cycling - Poland\" \/>\n<meta property=\"article:published_time\" content=\"2019-09-16T11:36:31+00:00\" \/>\n<meta property=\"og:image\" content=\"https:\/\/d2p6e6u75xmxt8.cloudfront.net\/5\/2019\/09\/z16314701VHenri-Cornet-1884-1941-w-drugiej-edycji-Tour-de--e1568633652792.jpg\" \/>\n\t<meta property=\"og:image:width\" content=\"959\" \/>\n\t<meta property=\"og:image:height\" content=\"665\" \/>\n\t<meta property=\"og:image:type\" content=\"image\/jpeg\" \/>\n<meta name=\"author\" content=\"piotrboczkowski\" \/>\n<meta name=\"twitter:card\" content=\"summary_large_image\" \/>\n<meta name=\"twitter:label1\" content=\"Written by\" \/>\n\t<meta name=\"twitter:data1\" content=\"Piotr Nowik\" \/>\n\t<meta name=\"twitter:label2\" content=\"Est. reading time\" \/>\n\t<meta name=\"twitter:data2\" content=\"3\" \/>\n<script type=\"application\/ld+json\" class=\"yoast-schema-graph\">{\"@context\":\"https:\/\/schema.org\",\"@graph\":[{\"@type\":\"WebPage\",\"@id\":\"https:\/\/www.welovecycling.com\/pl\/2019\/09\/16\/niezwykly-wyczyn-zoltodzioba-a-co-ty-robiles-majac-19-lat\/\",\"url\":\"https:\/\/www.welovecycling.com\/pl\/2019\/09\/16\/niezwykly-wyczyn-zoltodzioba-a-co-ty-robiles-majac-19-lat\/\",\"name\":\"Niezwyk\u0142y wyczyn \u017c\u00f3\u0142todzioba! A co Ty robi\u0142e\u015b maj\u0105c 19 lat? - \u0160koda We Love Cycling - Poland\",\"isPartOf\":{\"@id\":\"https:\/\/www.welovecycling.com\/pl\/#website\"},\"primaryImageOfPage\":{\"@id\":\"https:\/\/www.welovecycling.com\/pl\/2019\/09\/16\/niezwykly-wyczyn-zoltodzioba-a-co-ty-robiles-majac-19-lat\/#primaryimage\"},\"image\":{\"@id\":\"https:\/\/www.welovecycling.com\/pl\/2019\/09\/16\/niezwykly-wyczyn-zoltodzioba-a-co-ty-robiles-majac-19-lat\/#primaryimage\"},\"thumbnailUrl\":\"https:\/\/d2p6e6u75xmxt8.cloudfront.net\/5\/2019\/09\/z16314701VHenri-Cornet-1884-1941-w-drugiej-edycji-Tour-de--e1568633652792.jpg\",\"datePublished\":\"2019-09-16T11:36:31+00:00\",\"author\":{\"@id\":\"https:\/\/www.welovecycling.com\/pl\/#\/schema\/person\/0dba2d39da943db9df3fd8f4687e7f23\"},\"breadcrumb\":{\"@id\":\"https:\/\/www.welovecycling.com\/pl\/2019\/09\/16\/niezwykly-wyczyn-zoltodzioba-a-co-ty-robiles-majac-19-lat\/#breadcrumb\"},\"inLanguage\":\"pl-PL\",\"potentialAction\":[{\"@type\":\"ReadAction\",\"target\":[\"https:\/\/www.welovecycling.com\/pl\/2019\/09\/16\/niezwykly-wyczyn-zoltodzioba-a-co-ty-robiles-majac-19-lat\/\"]}]},{\"@type\":\"ImageObject\",\"inLanguage\":\"pl-PL\",\"@id\":\"https:\/\/www.welovecycling.com\/pl\/2019\/09\/16\/niezwykly-wyczyn-zoltodzioba-a-co-ty-robiles-majac-19-lat\/#primaryimage\",\"url\":\"https:\/\/d2p6e6u75xmxt8.cloudfront.net\/5\/2019\/09\/z16314701VHenri-Cornet-1884-1941-w-drugiej-edycji-Tour-de--e1568633652792.jpg\",\"contentUrl\":\"https:\/\/d2p6e6u75xmxt8.cloudfront.net\/5\/2019\/09\/z16314701VHenri-Cornet-1884-1941-w-drugiej-edycji-Tour-de--e1568633652792.jpg\",\"width\":959,\"height\":665},{\"@type\":\"BreadcrumbList\",\"@id\":\"https:\/\/www.welovecycling.com\/pl\/2019\/09\/16\/niezwykly-wyczyn-zoltodzioba-a-co-ty-robiles-majac-19-lat\/#breadcrumb\",\"itemListElement\":[{\"@type\":\"ListItem\",\"position\":1,\"name\":\"Home\",\"item\":\"https:\/\/www.welovecycling.com\/pl\/\"},{\"@type\":\"ListItem\",\"position\":2,\"name\":\"Niezwyk\u0142y wyczyn \u017c\u00f3\u0142todzioba! A co Ty robi\u0142e\u015b maj\u0105c 19 lat?\"}]},{\"@type\":\"WebSite\",\"@id\":\"https:\/\/www.welovecycling.com\/pl\/#website\",\"url\":\"https:\/\/www.welovecycling.com\/pl\/\",\"name\":\"\u0160koda We Love Cycling - Poland\",\"description\":\"\",\"potentialAction\":[{\"@type\":\"SearchAction\",\"target\":{\"@type\":\"EntryPoint\",\"urlTemplate\":\"https:\/\/www.welovecycling.com\/pl\/?s={search_term_string}\"},\"query-input\":{\"@type\":\"PropertyValueSpecification\",\"valueRequired\":true,\"valueName\":\"search_term_string\"}}],\"inLanguage\":\"pl-PL\"},{\"@type\":\"Person\",\"@id\":\"https:\/\/www.welovecycling.com\/pl\/#\/schema\/person\/0dba2d39da943db9df3fd8f4687e7f23\",\"name\":\"piotrboczkowski\",\"image\":{\"@type\":\"ImageObject\",\"inLanguage\":\"pl-PL\",\"@id\":\"https:\/\/www.welovecycling.com\/pl\/#\/schema\/person\/image\/\",\"url\":\"https:\/\/secure.gravatar.com\/avatar\/533caccae14752e03a2ce2d3fd62d1b98b93e1393c3195c27819e53344ca1ace?s=96&d=mm&r=g\",\"contentUrl\":\"https:\/\/secure.gravatar.com\/avatar\/533caccae14752e03a2ce2d3fd62d1b98b93e1393c3195c27819e53344ca1ace?s=96&d=mm&r=g\",\"caption\":\"piotrboczkowski\"},\"url\":\"https:\/\/www.welovecycling.com\/pl\/author\/piotrboczkowski\/\"}]}<\/script>\n<!-- \/ Yoast SEO Premium plugin. -->","yoast_head_json":{"title":"Niezwyk\u0142y wyczyn \u017c\u00f3\u0142todzioba! A co Ty robi\u0142e\u015b maj\u0105c 19 lat? - \u0160koda We Love Cycling - Poland","robots":{"index":"index","follow":"follow","max-snippet":"max-snippet:-1","max-image-preview":"max-image-preview:large","max-video-preview":"max-video-preview:-1"},"canonical":"https:\/\/www.welovecycling.com\/pl\/2019\/09\/16\/niezwykly-wyczyn-zoltodzioba-a-co-ty-robiles-majac-19-lat\/","og_locale":"pl_PL","og_type":"article","og_title":"Niezwyk\u0142y wyczyn \u017c\u00f3\u0142todzioba! A co Ty robi\u0142e\u015b maj\u0105c 19 lat?","og_description":"Niekt\u00f3rzy zaczynaj\u0105 studia, inni czerpi\u0105 z \u017cycia pe\u0142nymi gar\u015bciami, a Henri Cornet w tym wieku\u2026 przeszed\u0142 do historii kolarstwa wygrywaj\u0105c [&hellip;]","og_url":"https:\/\/www.welovecycling.com\/pl\/2019\/09\/16\/niezwykly-wyczyn-zoltodzioba-a-co-ty-robiles-majac-19-lat\/","og_site_name":"\u0160koda We Love Cycling - Poland","article_published_time":"2019-09-16T11:36:31+00:00","og_image":[{"width":959,"height":665,"url":"https:\/\/d2p6e6u75xmxt8.cloudfront.net\/5\/2019\/09\/z16314701VHenri-Cornet-1884-1941-w-drugiej-edycji-Tour-de--e1568633652792.jpg","type":"image\/jpeg"}],"author":"piotrboczkowski","twitter_card":"summary_large_image","twitter_misc":{"Written by":"Piotr Nowik","Est. reading time":"3"},"schema":{"@context":"https:\/\/schema.org","@graph":[{"@type":"WebPage","@id":"https:\/\/www.welovecycling.com\/pl\/2019\/09\/16\/niezwykly-wyczyn-zoltodzioba-a-co-ty-robiles-majac-19-lat\/","url":"https:\/\/www.welovecycling.com\/pl\/2019\/09\/16\/niezwykly-wyczyn-zoltodzioba-a-co-ty-robiles-majac-19-lat\/","name":"Niezwyk\u0142y wyczyn \u017c\u00f3\u0142todzioba! A co Ty robi\u0142e\u015b maj\u0105c 19 lat? - \u0160koda We Love Cycling - Poland","isPartOf":{"@id":"https:\/\/www.welovecycling.com\/pl\/#website"},"primaryImageOfPage":{"@id":"https:\/\/www.welovecycling.com\/pl\/2019\/09\/16\/niezwykly-wyczyn-zoltodzioba-a-co-ty-robiles-majac-19-lat\/#primaryimage"},"image":{"@id":"https:\/\/www.welovecycling.com\/pl\/2019\/09\/16\/niezwykly-wyczyn-zoltodzioba-a-co-ty-robiles-majac-19-lat\/#primaryimage"},"thumbnailUrl":"https:\/\/d2p6e6u75xmxt8.cloudfront.net\/5\/2019\/09\/z16314701VHenri-Cornet-1884-1941-w-drugiej-edycji-Tour-de--e1568633652792.jpg","datePublished":"2019-09-16T11:36:31+00:00","author":{"@id":"https:\/\/www.welovecycling.com\/pl\/#\/schema\/person\/0dba2d39da943db9df3fd8f4687e7f23"},"breadcrumb":{"@id":"https:\/\/www.welovecycling.com\/pl\/2019\/09\/16\/niezwykly-wyczyn-zoltodzioba-a-co-ty-robiles-majac-19-lat\/#breadcrumb"},"inLanguage":"pl-PL","potentialAction":[{"@type":"ReadAction","target":["https:\/\/www.welovecycling.com\/pl\/2019\/09\/16\/niezwykly-wyczyn-zoltodzioba-a-co-ty-robiles-majac-19-lat\/"]}]},{"@type":"ImageObject","inLanguage":"pl-PL","@id":"https:\/\/www.welovecycling.com\/pl\/2019\/09\/16\/niezwykly-wyczyn-zoltodzioba-a-co-ty-robiles-majac-19-lat\/#primaryimage","url":"https:\/\/d2p6e6u75xmxt8.cloudfront.net\/5\/2019\/09\/z16314701VHenri-Cornet-1884-1941-w-drugiej-edycji-Tour-de--e1568633652792.jpg","contentUrl":"https:\/\/d2p6e6u75xmxt8.cloudfront.net\/5\/2019\/09\/z16314701VHenri-Cornet-1884-1941-w-drugiej-edycji-Tour-de--e1568633652792.jpg","width":959,"height":665},{"@type":"BreadcrumbList","@id":"https:\/\/www.welovecycling.com\/pl\/2019\/09\/16\/niezwykly-wyczyn-zoltodzioba-a-co-ty-robiles-majac-19-lat\/#breadcrumb","itemListElement":[{"@type":"ListItem","position":1,"name":"Home","item":"https:\/\/www.welovecycling.com\/pl\/"},{"@type":"ListItem","position":2,"name":"Niezwyk\u0142y wyczyn \u017c\u00f3\u0142todzioba! A co Ty robi\u0142e\u015b maj\u0105c 19 lat?"}]},{"@type":"WebSite","@id":"https:\/\/www.welovecycling.com\/pl\/#website","url":"https:\/\/www.welovecycling.com\/pl\/","name":"\u0160koda We Love Cycling - Poland","description":"","potentialAction":[{"@type":"SearchAction","target":{"@type":"EntryPoint","urlTemplate":"https:\/\/www.welovecycling.com\/pl\/?s={search_term_string}"},"query-input":{"@type":"PropertyValueSpecification","valueRequired":true,"valueName":"search_term_string"}}],"inLanguage":"pl-PL"},{"@type":"Person","@id":"https:\/\/www.welovecycling.com\/pl\/#\/schema\/person\/0dba2d39da943db9df3fd8f4687e7f23","name":"piotrboczkowski","image":{"@type":"ImageObject","inLanguage":"pl-PL","@id":"https:\/\/www.welovecycling.com\/pl\/#\/schema\/person\/image\/","url":"https:\/\/secure.gravatar.com\/avatar\/533caccae14752e03a2ce2d3fd62d1b98b93e1393c3195c27819e53344ca1ace?s=96&d=mm&r=g","contentUrl":"https:\/\/secure.gravatar.com\/avatar\/533caccae14752e03a2ce2d3fd62d1b98b93e1393c3195c27819e53344ca1ace?s=96&d=mm&r=g","caption":"piotrboczkowski"},"url":"https:\/\/www.welovecycling.com\/pl\/author\/piotrboczkowski\/"}]}},"_links":{"self":[{"href":"https:\/\/www.welovecycling.com\/pl\/wp-json\/wp\/v2\/posts\/9750","targetHints":{"allow":["GET"]}}],"collection":[{"href":"https:\/\/www.welovecycling.com\/pl\/wp-json\/wp\/v2\/posts"}],"about":[{"href":"https:\/\/www.welovecycling.com\/pl\/wp-json\/wp\/v2\/types\/post"}],"author":[{"embeddable":true,"href":"https:\/\/www.welovecycling.com\/pl\/wp-json\/wp\/v2\/users\/76"}],"replies":[{"embeddable":true,"href":"https:\/\/www.welovecycling.com\/pl\/wp-json\/wp\/v2\/comments?post=9750"}],"version-history":[{"count":1,"href":"https:\/\/www.welovecycling.com\/pl\/wp-json\/wp\/v2\/posts\/9750\/revisions"}],"predecessor-version":[{"id":9753,"href":"https:\/\/www.welovecycling.com\/pl\/wp-json\/wp\/v2\/posts\/9750\/revisions\/9753"}],"wp:featuredmedia":[{"embeddable":true,"href":"https:\/\/www.welovecycling.com\/pl\/wp-json\/wp\/v2\/media\/9751"}],"wp:attachment":[{"href":"https:\/\/www.welovecycling.com\/pl\/wp-json\/wp\/v2\/media?parent=9750"}],"wp:term":[{"taxonomy":"category","embeddable":true,"href":"https:\/\/www.welovecycling.com\/pl\/wp-json\/wp\/v2\/categories?post=9750"},{"taxonomy":"post_tag","embeddable":true,"href":"https:\/\/www.welovecycling.com\/pl\/wp-json\/wp\/v2\/tags?post=9750"},{"taxonomy":"global-categories","embeddable":true,"href":"https:\/\/www.welovecycling.com\/pl\/wp-json\/wp\/v2\/global-categories?post=9750"}],"curies":[{"name":"wp","href":"https:\/\/api.w.org\/{rel}","templated":true}]}}