{"id":9747,"date":"2019-09-13T15:40:18","date_gmt":"2019-09-13T15:40:18","guid":{"rendered":"https:\/\/www.welovecycling.com\/pl\/?p=9747"},"modified":"2019-09-13T15:40:18","modified_gmt":"2019-09-13T15:40:18","slug":"twoje-dziecko-jezdzi-na-rowerze-musisz-to-wiedziec","status":"publish","type":"post","link":"https:\/\/www.welovecycling.com\/pl\/2019\/09\/13\/twoje-dziecko-jezdzi-na-rowerze-musisz-to-wiedziec\/","title":{"rendered":"Twoje dziecko je\u017adzi na rowerze? Musisz to wiedzie\u0107!"},"content":{"rendered":"<p><strong>\u201eCzy dziecko mo\u017ce je\u017adzi\u0107 po chodniku?, \u201eOd kiedy nie potrzebuje opieki doros\u0142ego?\u201d, \u201eCzy karta rowerowa jest jeszcze potrzeba?\u201d. Odpowiedzi na te pytania nie s\u0105 oczywiste, bo okazuje si\u0119, \u017ce kilkuletni rowerzysta w \u015bwietle prawa\u2026 rowerzyst\u0105 nie jest! Poni\u017cej przeczytacie o prawach i obowi\u0105zkach dzieci je\u017cd\u017c\u0105cych na rowerze.<\/strong><\/p>\n<p>Sprawa jest prosta, je\u015bli chodzi o przewo\u017cenie dzieci przez rodzic\u00f3w. A mianowicie \u2013 pociecha do 7. roku \u017cycia mo\u017ce by\u0107 transportowana w foteliku lub specjalnej przyczepce<br \/>\n(pisali\u015bmy o tym TUTAJ:<\/p>\n<div class=\"shortcode-ys-post-pinup\"><article class=\"loop-simple post-9619 post type-post status-publish format-standard has-post-thumbnail hentry category-bezpieczenstwo\" data-postid=\"9619\" role=\"article\" data-post-id=\"9619\" data-word-count=\"499\" data-headline-length=\"75\" data-category=\"Bezpiecze\u0144stwo\" data-author=\"Piotr Nowik\" data-published=\"2019-08-29T11:46:07+00:00\" data-published-day=\"Thursday\">\n    <div class=\"entry-thumbnail article-thumbnail\" content=\"https:\/\/d2p6e6u75xmxt8.cloudfront.net\/5\/2018\/06\/3-2-150x150.jpg\"><a href=\"https:\/\/www.welovecycling.com\/pl\/2019\/08\/29\/odwieczny-dylemat-rodzica-rowerzysty-jak-bezpiecznie-przewozic-dziecko\/\" class=\"image-holder\" target=\"_self\"><img decoding=\"async\" loading=\"lazy\" class=\"\" src=\"https:\/\/d2p6e6u75xmxt8.cloudfront.net\/5\/2018\/06\/3-2-1024x349.jpg\" srcset=\"https:\/\/d2p6e6u75xmxt8.cloudfront.net\/5\/2018\/06\/3-2.jpg 1979w, https:\/\/d2p6e6u75xmxt8.cloudfront.net\/5\/2018\/06\/3-2-300x102.jpg 300w, https:\/\/d2p6e6u75xmxt8.cloudfront.net\/5\/2018\/06\/3-2-768x262.jpg 768w, https:\/\/d2p6e6u75xmxt8.cloudfront.net\/5\/2018\/06\/3-2-1024x349.jpg 1024w, https:\/\/d2p6e6u75xmxt8.cloudfront.net\/5\/2018\/06\/3-2-1920x654.jpg 1920w, https:\/\/d2p6e6u75xmxt8.cloudfront.net\/5\/2018\/06\/3-2-1920x654.jpg 1920w\" width=\"1024\" height=\"349\" sizes=\"auto, (min-width: 1200px) 586px, (min-width: 768px) 49vw, 100vw\" alt=\"odwieczny-dylemat-rodzica-rowerzysty-jak-bezpiecznie-przewozic-dziecko\"\/><\/a><\/div>    <div class=\"entry-meta\">\n        <a class=\"label label-secondary post-category\" href=\"https:\/\/www.welovecycling.com\/pl\/category\/bezpieczenstwo\/\" title=\"Bezpiecze\u0144stwo\">Bezpiecze\u0144stwo<\/a>\n    <\/div>\n    <div class=\"entry-details\">\n        <a href=\"https:\/\/www.welovecycling.com\/pl\/2019\/08\/29\/odwieczny-dylemat-rodzica-rowerzysty-jak-bezpiecznie-przewozic-dziecko\/\" class='entry-title-wrapper'>\n            <h3 class=\"entry-title\"><span>Odwieczny dylemat rodzica-rowerzysty\u2026 Jak bezpiecznie przewozi\u0107 dziecko?<\/span><\/h3>\n        <\/a>\n    <\/div>\n    <\/article>\n<\/div>\n<p>Co jednak, je\u015bli dziecko chce ju\u017c poczu\u0107 rowerow\u0105 samodzielno\u015bci\u0105 i a\u017c wyrywa si\u0119 do jazdy na w\u0142asnym rowerze? Przepisy do\u015b\u0107 dok\u0142adnie reguluj\u0105 prawa i obowi\u0105zki m\u0142odych cyklist\u00f3w.<\/p>\n<p><span style=\"font-size: 18pt;\"><strong>Poni\u017cej 10 lat tylko z opiekunem<\/strong><\/span><\/p>\n<p>W przypadku dzieci, granicznym wiekiem jest 10 lat. Je\u015bli nasza pociecha jeszcze go nie osi\u0105gn\u0119\u0142a, to w \u015bwietle przepis\u00f3w nie ma prawa porusza\u0107 si\u0119 na rowerze bez opieki osoby doros\u0142ej. Co wi\u0119cej \u2013 rowerzysta poni\u017cej 10. roku \u017cycia traktowany jest jako\u2026 pieszy! A to oznacza, \u017ce na rowerze mo\u017ce on porusza\u0107 si\u0119 tylko po chodniku (je\u015bli oczywi\u015bcie przy danej drodze on istnieje)!<\/p>\n<p>Co w tej sytuacji z osob\u0105, kt\u00f3ra opiekuje si\u0119 m\u0142odym rowerzyst\u0105? Ona r\u00f3wnie\u017c mo\u017ce jecha\u0107 chodnikiem obok dziecka, ale nale\u017cy pami\u0119ta\u0107, \u017ce dotyczy to tylko jednego opiekuna, wi\u0119c \u2013 zgodnie z przepisami \u2013 dziecku na chodniku nie mog\u0105 towarzyszy\u0107 np. oboje rodzic\u00f3w, a tylko jedno z nich (drugie musi korzysta\u0107 z jezdni).<\/p>\n<p>Co wi\u0119cej, zgodnie z przepisami, dziecko poni\u017cej 10. roku \u017cycia nie powinno porusza\u0107 si\u0119 r\u00f3wnie\u017c \u015bcie\u017ck\u0105 dla rower\u00f3w, bo w ko\u0144cu jest\u2026 pieszym! Co prawda policjanci na og\u00f3\u0142 uznaj\u0105 ten przepis za tzw. \u201enie\u017cyciowy\u201d, jednak w przypadku kolizji mo\u017ce sta\u0107 si\u0119 on kluczowy.<\/p>\n<p>Traktowanie rowerzysty poni\u017cej 10. roku \u017cycia jako pieszego oznacza r\u00f3wnie\u017c, \u017ce przed przej\u015bciem dla pieszych dziecko nie musi zsiada\u0107 z roweru, tylko mo\u017ce przejecha\u0107 po \u201ezebrze\u201d. Policjanci uczulaj\u0105 jednak, by tego nie robi\u0107, poniewa\u017c dziecko przeprowadzaj\u0105ce rower jest lepiej widoczne dla kierowc\u00f3w, poza tym przeprowadzanie roweru wyrabia dobry nawyk na przysz\u0142o\u015b\u0107.<\/p>\n<p><span style=\"font-size: 18pt;\"><strong>Karta rowerowa to nie prze\u017cytek<\/strong><\/span><\/p>\n<p>Prze\u0142om w rowerowym \u017cyciu nast\u0119puje po uko\u0144czeniu 10 lat i zdaniu egzaminu na kart\u0119 rowerow\u0105. To w\u0142a\u015bnie wtedy dziecko staje si\u0119 rowerzyst\u0105 pe\u0142n\u0105 g\u0119b\u0105, czyli nie do\u015b\u0107, \u017ce mo\u017ce je\u017adzi\u0107 bez opieki osoby doros\u0142ej, to jeszcze ma prawo do poruszania si\u0119 po drogach publicznych.<\/p>\n<p>To jasno pokazuje, \u017ce karta rowerowa wcale nie jest prze\u017cytkiem, ale pierwszym istotnym dokumentem m\u0142odego cz\u0142owieka zwi\u0105zanym z komunikacj\u0105. Zdarza\u0142o si\u0119 bowiem, \u017ce osoba np. 16-letnia, kt\u00f3rej przytrafi\u0142 si\u0119 wypadek na rowerze, mia\u0142a problemy z uzyskaniem ubezpieczenia, poniewa\u017c nie posiada\u0142a karty rowerowej.<\/p>\n<p>Bez tego dokumentu pe\u0142noprawnym rowerzyst\u0105 stajemy si\u0119 dopiero po uko\u0144czeniu 18 lat lub po zdobyciu prawa jazdy kategorii AM. A1 lub T.<\/p>\n<style type=\"text\/css\"><!--td {border: 1px solid #ccc;}br {mso-data-placement:same-cell;}--><\/style>\n<p><span data-sheets-value=\"{&quot;1&quot;:2,&quot;2&quot;:&quot;Artyku\u0142 powsta\u0142 we wsp\u00f3\u0142pracy ze skoda-auto.pl&quot;}\" data-sheets-userformat=\"{&quot;2&quot;:1,&quot;3&quot;:{&quot;1&quot;:0}}\"><a class=\"in-cell-link\" href=\"http:\/\/www.skoda-auto.pl\/\" target=\"_blank\" rel=\"noopener\">Artyku\u0142 powsta\u0142 we wsp\u00f3\u0142pracy ze skoda-auto.pl<\/a><\/span><\/p>\n<p><img loading=\"lazy\" decoding=\"async\" class=\"aligncenter size-full wp-image-9607\" src=\"https:\/\/d2p6e6u75xmxt8.cloudfront.net\/5\/2019\/08\/baner_WLC_640x350_2.png\" alt=\"\" width=\"640\" height=\"350\" srcset=\"https:\/\/d2p6e6u75xmxt8.cloudfront.net\/5\/2019\/08\/baner_WLC_640x350_2.png 640w, https:\/\/d2p6e6u75xmxt8.cloudfront.net\/5\/2019\/08\/baner_WLC_640x350_2-300x164.png 300w\" sizes=\"auto, (max-width: 640px) 100vw, 640px\" \/><\/p>\n","protected":false},"excerpt":{"rendered":"<p>\u201eCzy dziecko mo\u017ce je\u017adzi\u0107 po chodniku?, \u201eOd kiedy nie potrzebuje opieki doros\u0142ego?\u201d, \u201eCzy karta rowerowa jest jeszcze potrzeba?\u201d. Odpowiedzi na [&hellip;]<\/p>\n","protected":false},"author":76,"featured_media":9718,"comment_status":"open","ping_status":"open","sticky":false,"template":"","format":"standard","meta":{"footnotes":""},"categories":[7],"tags":[],"global-categories":[],"class_list":["post-9747","post","type-post","status-publish","format-standard","has-post-thumbnail","hentry","category-bezpieczenstwo"],"yoast_head":"<!-- This site is optimized with the Yoast SEO Premium plugin v25.3 (Yoast SEO v25.9) - https:\/\/yoast.com\/wordpress\/plugins\/seo\/ -->\n<title>Twoje dziecko je\u017adzi na rowerze? Musisz to wiedzie\u0107! - \u0160koda We Love Cycling - Poland<\/title>\n<meta name=\"robots\" content=\"index, follow, max-snippet:-1, max-image-preview:large, max-video-preview:-1\" \/>\n<link rel=\"canonical\" href=\"https:\/\/www.welovecycling.com\/pl\/2019\/09\/13\/twoje-dziecko-jezdzi-na-rowerze-musisz-to-wiedziec\/\" \/>\n<meta property=\"og:locale\" content=\"pl_PL\" \/>\n<meta property=\"og:type\" content=\"article\" \/>\n<meta property=\"og:title\" content=\"Twoje dziecko je\u017adzi na rowerze? Musisz to wiedzie\u0107!\" \/>\n<meta property=\"og:description\" content=\"\u201eCzy dziecko mo\u017ce je\u017adzi\u0107 po chodniku?, \u201eOd kiedy nie potrzebuje opieki doros\u0142ego?\u201d, \u201eCzy karta rowerowa jest jeszcze potrzeba?\u201d. Odpowiedzi na [&hellip;]\" \/>\n<meta property=\"og:url\" content=\"https:\/\/www.welovecycling.com\/pl\/2019\/09\/13\/twoje-dziecko-jezdzi-na-rowerze-musisz-to-wiedziec\/\" \/>\n<meta property=\"og:site_name\" content=\"\u0160koda We Love Cycling - Poland\" \/>\n<meta property=\"article:published_time\" content=\"2019-09-13T15:40:18+00:00\" \/>\n<meta property=\"og:image\" content=\"https:\/\/d2p6e6u75xmxt8.cloudfront.net\/5\/2019\/09\/kid-20.c8a911f35b8f931f3886b179770622cf.fit-1450x760.jpg\" \/>\n\t<meta property=\"og:image:width\" content=\"1140\" \/>\n\t<meta property=\"og:image:height\" content=\"760\" \/>\n\t<meta property=\"og:image:type\" content=\"image\/jpeg\" \/>\n<meta name=\"author\" content=\"piotrboczkowski\" \/>\n<meta name=\"twitter:card\" content=\"summary_large_image\" \/>\n<meta name=\"twitter:label1\" content=\"Written by\" \/>\n\t<meta name=\"twitter:data1\" content=\"Piotr Nowik\" \/>\n\t<meta name=\"twitter:label2\" content=\"Est. reading time\" \/>\n\t<meta name=\"twitter:data2\" content=\"3 minutes\" \/>\n<script type=\"application\/ld+json\" class=\"yoast-schema-graph\">{\"@context\":\"https:\/\/schema.org\",\"@graph\":[{\"@type\":\"WebPage\",\"@id\":\"https:\/\/www.welovecycling.com\/pl\/2019\/09\/13\/twoje-dziecko-jezdzi-na-rowerze-musisz-to-wiedziec\/\",\"url\":\"https:\/\/www.welovecycling.com\/pl\/2019\/09\/13\/twoje-dziecko-jezdzi-na-rowerze-musisz-to-wiedziec\/\",\"name\":\"Twoje dziecko je\u017adzi na rowerze? Musisz to wiedzie\u0107! - \u0160koda We Love Cycling - Poland\",\"isPartOf\":{\"@id\":\"https:\/\/www.welovecycling.com\/pl\/#website\"},\"primaryImageOfPage\":{\"@id\":\"https:\/\/www.welovecycling.com\/pl\/2019\/09\/13\/twoje-dziecko-jezdzi-na-rowerze-musisz-to-wiedziec\/#primaryimage\"},\"image\":{\"@id\":\"https:\/\/www.welovecycling.com\/pl\/2019\/09\/13\/twoje-dziecko-jezdzi-na-rowerze-musisz-to-wiedziec\/#primaryimage\"},\"thumbnailUrl\":\"https:\/\/d2p6e6u75xmxt8.cloudfront.net\/5\/2019\/09\/kid-20.c8a911f35b8f931f3886b179770622cf.fit-1450x760.jpg\",\"datePublished\":\"2019-09-13T15:40:18+00:00\",\"author\":{\"@id\":\"https:\/\/www.welovecycling.com\/pl\/#\/schema\/person\/0dba2d39da943db9df3fd8f4687e7f23\"},\"breadcrumb\":{\"@id\":\"https:\/\/www.welovecycling.com\/pl\/2019\/09\/13\/twoje-dziecko-jezdzi-na-rowerze-musisz-to-wiedziec\/#breadcrumb\"},\"inLanguage\":\"pl-PL\",\"potentialAction\":[{\"@type\":\"ReadAction\",\"target\":[\"https:\/\/www.welovecycling.com\/pl\/2019\/09\/13\/twoje-dziecko-jezdzi-na-rowerze-musisz-to-wiedziec\/\"]}]},{\"@type\":\"ImageObject\",\"inLanguage\":\"pl-PL\",\"@id\":\"https:\/\/www.welovecycling.com\/pl\/2019\/09\/13\/twoje-dziecko-jezdzi-na-rowerze-musisz-to-wiedziec\/#primaryimage\",\"url\":\"https:\/\/d2p6e6u75xmxt8.cloudfront.net\/5\/2019\/09\/kid-20.c8a911f35b8f931f3886b179770622cf.fit-1450x760.jpg\",\"contentUrl\":\"https:\/\/d2p6e6u75xmxt8.cloudfront.net\/5\/2019\/09\/kid-20.c8a911f35b8f931f3886b179770622cf.fit-1450x760.jpg\",\"width\":1140,\"height\":760},{\"@type\":\"BreadcrumbList\",\"@id\":\"https:\/\/www.welovecycling.com\/pl\/2019\/09\/13\/twoje-dziecko-jezdzi-na-rowerze-musisz-to-wiedziec\/#breadcrumb\",\"itemListElement\":[{\"@type\":\"ListItem\",\"position\":1,\"name\":\"Home\",\"item\":\"https:\/\/www.welovecycling.com\/pl\/\"},{\"@type\":\"ListItem\",\"position\":2,\"name\":\"Twoje dziecko je\u017adzi na rowerze? Musisz to wiedzie\u0107!\"}]},{\"@type\":\"WebSite\",\"@id\":\"https:\/\/www.welovecycling.com\/pl\/#website\",\"url\":\"https:\/\/www.welovecycling.com\/pl\/\",\"name\":\"\u0160koda We Love Cycling - Poland\",\"description\":\"\",\"potentialAction\":[{\"@type\":\"SearchAction\",\"target\":{\"@type\":\"EntryPoint\",\"urlTemplate\":\"https:\/\/www.welovecycling.com\/pl\/?s={search_term_string}\"},\"query-input\":{\"@type\":\"PropertyValueSpecification\",\"valueRequired\":true,\"valueName\":\"search_term_string\"}}],\"inLanguage\":\"pl-PL\"},{\"@type\":\"Person\",\"@id\":\"https:\/\/www.welovecycling.com\/pl\/#\/schema\/person\/0dba2d39da943db9df3fd8f4687e7f23\",\"name\":\"piotrboczkowski\",\"image\":{\"@type\":\"ImageObject\",\"inLanguage\":\"pl-PL\",\"@id\":\"https:\/\/www.welovecycling.com\/pl\/#\/schema\/person\/image\/\",\"url\":\"https:\/\/secure.gravatar.com\/avatar\/533caccae14752e03a2ce2d3fd62d1b98b93e1393c3195c27819e53344ca1ace?s=96&d=mm&r=g\",\"contentUrl\":\"https:\/\/secure.gravatar.com\/avatar\/533caccae14752e03a2ce2d3fd62d1b98b93e1393c3195c27819e53344ca1ace?s=96&d=mm&r=g\",\"caption\":\"piotrboczkowski\"},\"url\":\"https:\/\/www.welovecycling.com\/pl\/author\/piotrboczkowski\/\"}]}<\/script>\n<!-- \/ Yoast SEO Premium plugin. -->","yoast_head_json":{"title":"Twoje dziecko je\u017adzi na rowerze? Musisz to wiedzie\u0107! - \u0160koda We Love Cycling - Poland","robots":{"index":"index","follow":"follow","max-snippet":"max-snippet:-1","max-image-preview":"max-image-preview:large","max-video-preview":"max-video-preview:-1"},"canonical":"https:\/\/www.welovecycling.com\/pl\/2019\/09\/13\/twoje-dziecko-jezdzi-na-rowerze-musisz-to-wiedziec\/","og_locale":"pl_PL","og_type":"article","og_title":"Twoje dziecko je\u017adzi na rowerze? Musisz to wiedzie\u0107!","og_description":"\u201eCzy dziecko mo\u017ce je\u017adzi\u0107 po chodniku?, \u201eOd kiedy nie potrzebuje opieki doros\u0142ego?\u201d, \u201eCzy karta rowerowa jest jeszcze potrzeba?\u201d. Odpowiedzi na [&hellip;]","og_url":"https:\/\/www.welovecycling.com\/pl\/2019\/09\/13\/twoje-dziecko-jezdzi-na-rowerze-musisz-to-wiedziec\/","og_site_name":"\u0160koda We Love Cycling - Poland","article_published_time":"2019-09-13T15:40:18+00:00","og_image":[{"width":1140,"height":760,"url":"https:\/\/d2p6e6u75xmxt8.cloudfront.net\/5\/2019\/09\/kid-20.c8a911f35b8f931f3886b179770622cf.fit-1450x760.jpg","type":"image\/jpeg"}],"author":"piotrboczkowski","twitter_card":"summary_large_image","twitter_misc":{"Written by":"Piotr Nowik","Est. reading time":"3 minutes"},"schema":{"@context":"https:\/\/schema.org","@graph":[{"@type":"WebPage","@id":"https:\/\/www.welovecycling.com\/pl\/2019\/09\/13\/twoje-dziecko-jezdzi-na-rowerze-musisz-to-wiedziec\/","url":"https:\/\/www.welovecycling.com\/pl\/2019\/09\/13\/twoje-dziecko-jezdzi-na-rowerze-musisz-to-wiedziec\/","name":"Twoje dziecko je\u017adzi na rowerze? Musisz to wiedzie\u0107! - \u0160koda We Love Cycling - Poland","isPartOf":{"@id":"https:\/\/www.welovecycling.com\/pl\/#website"},"primaryImageOfPage":{"@id":"https:\/\/www.welovecycling.com\/pl\/2019\/09\/13\/twoje-dziecko-jezdzi-na-rowerze-musisz-to-wiedziec\/#primaryimage"},"image":{"@id":"https:\/\/www.welovecycling.com\/pl\/2019\/09\/13\/twoje-dziecko-jezdzi-na-rowerze-musisz-to-wiedziec\/#primaryimage"},"thumbnailUrl":"https:\/\/d2p6e6u75xmxt8.cloudfront.net\/5\/2019\/09\/kid-20.c8a911f35b8f931f3886b179770622cf.fit-1450x760.jpg","datePublished":"2019-09-13T15:40:18+00:00","author":{"@id":"https:\/\/www.welovecycling.com\/pl\/#\/schema\/person\/0dba2d39da943db9df3fd8f4687e7f23"},"breadcrumb":{"@id":"https:\/\/www.welovecycling.com\/pl\/2019\/09\/13\/twoje-dziecko-jezdzi-na-rowerze-musisz-to-wiedziec\/#breadcrumb"},"inLanguage":"pl-PL","potentialAction":[{"@type":"ReadAction","target":["https:\/\/www.welovecycling.com\/pl\/2019\/09\/13\/twoje-dziecko-jezdzi-na-rowerze-musisz-to-wiedziec\/"]}]},{"@type":"ImageObject","inLanguage":"pl-PL","@id":"https:\/\/www.welovecycling.com\/pl\/2019\/09\/13\/twoje-dziecko-jezdzi-na-rowerze-musisz-to-wiedziec\/#primaryimage","url":"https:\/\/d2p6e6u75xmxt8.cloudfront.net\/5\/2019\/09\/kid-20.c8a911f35b8f931f3886b179770622cf.fit-1450x760.jpg","contentUrl":"https:\/\/d2p6e6u75xmxt8.cloudfront.net\/5\/2019\/09\/kid-20.c8a911f35b8f931f3886b179770622cf.fit-1450x760.jpg","width":1140,"height":760},{"@type":"BreadcrumbList","@id":"https:\/\/www.welovecycling.com\/pl\/2019\/09\/13\/twoje-dziecko-jezdzi-na-rowerze-musisz-to-wiedziec\/#breadcrumb","itemListElement":[{"@type":"ListItem","position":1,"name":"Home","item":"https:\/\/www.welovecycling.com\/pl\/"},{"@type":"ListItem","position":2,"name":"Twoje dziecko je\u017adzi na rowerze? Musisz to wiedzie\u0107!"}]},{"@type":"WebSite","@id":"https:\/\/www.welovecycling.com\/pl\/#website","url":"https:\/\/www.welovecycling.com\/pl\/","name":"\u0160koda We Love Cycling - Poland","description":"","potentialAction":[{"@type":"SearchAction","target":{"@type":"EntryPoint","urlTemplate":"https:\/\/www.welovecycling.com\/pl\/?s={search_term_string}"},"query-input":{"@type":"PropertyValueSpecification","valueRequired":true,"valueName":"search_term_string"}}],"inLanguage":"pl-PL"},{"@type":"Person","@id":"https:\/\/www.welovecycling.com\/pl\/#\/schema\/person\/0dba2d39da943db9df3fd8f4687e7f23","name":"piotrboczkowski","image":{"@type":"ImageObject","inLanguage":"pl-PL","@id":"https:\/\/www.welovecycling.com\/pl\/#\/schema\/person\/image\/","url":"https:\/\/secure.gravatar.com\/avatar\/533caccae14752e03a2ce2d3fd62d1b98b93e1393c3195c27819e53344ca1ace?s=96&d=mm&r=g","contentUrl":"https:\/\/secure.gravatar.com\/avatar\/533caccae14752e03a2ce2d3fd62d1b98b93e1393c3195c27819e53344ca1ace?s=96&d=mm&r=g","caption":"piotrboczkowski"},"url":"https:\/\/www.welovecycling.com\/pl\/author\/piotrboczkowski\/"}]}},"_links":{"self":[{"href":"https:\/\/www.welovecycling.com\/pl\/wp-json\/wp\/v2\/posts\/9747","targetHints":{"allow":["GET"]}}],"collection":[{"href":"https:\/\/www.welovecycling.com\/pl\/wp-json\/wp\/v2\/posts"}],"about":[{"href":"https:\/\/www.welovecycling.com\/pl\/wp-json\/wp\/v2\/types\/post"}],"author":[{"embeddable":true,"href":"https:\/\/www.welovecycling.com\/pl\/wp-json\/wp\/v2\/users\/76"}],"replies":[{"embeddable":true,"href":"https:\/\/www.welovecycling.com\/pl\/wp-json\/wp\/v2\/comments?post=9747"}],"version-history":[{"count":1,"href":"https:\/\/www.welovecycling.com\/pl\/wp-json\/wp\/v2\/posts\/9747\/revisions"}],"predecessor-version":[{"id":9748,"href":"https:\/\/www.welovecycling.com\/pl\/wp-json\/wp\/v2\/posts\/9747\/revisions\/9748"}],"wp:featuredmedia":[{"embeddable":true,"href":"https:\/\/www.welovecycling.com\/pl\/wp-json\/wp\/v2\/media\/9718"}],"wp:attachment":[{"href":"https:\/\/www.welovecycling.com\/pl\/wp-json\/wp\/v2\/media?parent=9747"}],"wp:term":[{"taxonomy":"category","embeddable":true,"href":"https:\/\/www.welovecycling.com\/pl\/wp-json\/wp\/v2\/categories?post=9747"},{"taxonomy":"post_tag","embeddable":true,"href":"https:\/\/www.welovecycling.com\/pl\/wp-json\/wp\/v2\/tags?post=9747"},{"taxonomy":"global-categories","embeddable":true,"href":"https:\/\/www.welovecycling.com\/pl\/wp-json\/wp\/v2\/global-categories?post=9747"}],"curies":[{"name":"wp","href":"https:\/\/api.w.org\/{rel}","templated":true}]}}