{"id":974,"date":"2016-04-29T11:31:17","date_gmt":"2016-04-29T11:31:17","guid":{"rendered":"http:\/\/skoda-rowery.pl\/?p=974"},"modified":"2016-12-05T09:49:47","modified_gmt":"2016-12-05T09:49:47","slug":"jaki-kask-rowerowy-wybrac","status":"publish","type":"post","link":"https:\/\/www.welovecycling.com\/pl\/2016\/04\/29\/jaki-kask-rowerowy-wybrac\/","title":{"rendered":"Jaki kask rowerowy wybra\u0107? &#8211; Doradza roweroweporady.pl"},"content":{"rendered":"<p style=\"margin: 0cm 0cm 0.0001pt;text-align: justify\"><span style=\"font-family: 'Calibri',sans-serif\">Kask rowerowy to bardzo przydatne akcesorium rowerowe. Nie tylko zmniejsza ryzyko uszkodzenia g\u0142owy podczas upadku, ale tak\u017ce chroni j\u0105 przed promieniami s\u0142onecznymi czy owadami. Jazda w kasku nie jest w Polsce obowi\u0105zkowa i to dobry temat na osobn\u0105 dyskusj\u0119. Natomiast zdrowy rozs\u0105dek podpowiada, aby je\u017adzi\u0107 w kasku w MTB, downhillu, na BMX-ie czy w grupowych przejazdach na rowerach szosowych. Kaski s\u0105 wymagane przez organizator\u00f3w imprez rowerowych i jest to podyktowane wzgl\u0119dami bezpiecze\u0144stwa &#8211; na imprezie masowej bardzo \u0142atwo o kraks\u0119, a w takich przypadkach posiadanie kasku na g\u0142owie jest bezcenne.<\/span><!--more--><\/p>\n<p style=\"margin: 0cm 0cm 0.0001pt;text-align: justify\"><span style=\"font-family: 'Calibri',sans-serif\">Je\u017celi zdecydujesz si\u0119 na kask, osobi\u015bcie radz\u0119 zrobi\u0107 rund\u0119 po sklepach rowerowych aby przymierzy\u0107 wiele modeli. Kaski danego typu (opisz\u0119 je za chwil\u0119), cho\u0107 na pierwszy rzut oka wygl\u0105daj\u0105 podobnie, r\u00f3\u017cni\u0105 si\u0119 od siebie rozmiarem i kszta\u0142tem skorupy wewn\u0119trznej. Kask trzeba odpowiednio dobra\u0107 do obwodu g\u0142owy, bez tego albo w og\u00f3le na ni\u0105 nie wejdzie, albo b\u0119dzie po niej lu\u017ano lata\u0142. Druga sprawa to dopasowanie do samego kszta\u0142tu g\u0142owy oraz naszych preferencji. Kask mo\u017ce mocno nasuwa\u0107 si\u0119 na g\u0142ow\u0119, mo\u017ce te\u017c na niej le\u017ce\u0107 p\u0142ytko. Skorupa zewn\u0119trzna mo\u017ce by\u0107 niska, mo\u017ce te\u017c swoim kszta\u0142tem przypomina\u0107 pieczark\u0119. Warto przymierzaj\u0105c sprawdzi\u0107 wygod\u0119, ale tak\u017ce przejrze\u0107 si\u0119 w lustrze by zobaczy\u0107 jak wygl\u0105da na naszej g\u0142owie.<\/span><\/p>\n<p style=\"margin: 0cm 0cm 0.0001pt;text-align: justify\"><img loading=\"lazy\" decoding=\"async\" class=\"alignnone size-large wp-image-975\" src=\"http:\/\/skoda-rowery.pl\/wp-content\/uploads\/2016\/04\/skoda-kask-1024x683.jpg\" alt=\"skoda-kask\" width=\"1024\" height=\"683\" srcset=\"https:\/\/d2p6e6u75xmxt8.cloudfront.net\/5\/2016\/04\/skoda-kask-1024x683.jpg 1024w, https:\/\/d2p6e6u75xmxt8.cloudfront.net\/5\/2016\/04\/skoda-kask-300x200.jpg 300w, https:\/\/d2p6e6u75xmxt8.cloudfront.net\/5\/2016\/04\/skoda-kask-768x512.jpg 768w, https:\/\/d2p6e6u75xmxt8.cloudfront.net\/5\/2016\/04\/skoda-kask-272x182.jpg 272w\" sizes=\"auto, (max-width: 1024px) 100vw, 1024px\" \/><\/p>\n<p style=\"margin: 0cm 0cm 0.0001pt;text-align: justify\"><span style=\"font-family: 'Calibri',sans-serif\">\u00a0<\/span><\/p>\n<p style=\"margin: 0cm 0cm 0.0001pt;text-align: justify\"><span style=\"font-family: 'Calibri',sans-serif\">Kupuj\u0105c kask warto zwr\u00f3ci\u0107 uwag\u0119 na ilo\u015b\u0107 otwor\u00f3w wentylacyjnych, ich wielko\u015b\u0107, a tak\u017ce na wag\u0119 kasku. S\u0105 kaski, kt\u00f3re stosuje si\u0119 do ekstremalnej jazdy i skok\u00f3w &#8211; one nie posiadaj\u0105 otwor\u00f3w, b\u0105d\u017a maj\u0105 ich bardzo ma\u0142o. Natomiast pozosta\u0142e kaski warto sprawdzi\u0107 pod tym k\u0105tem. Im b\u0119dzie ich mniej (i b\u0119d\u0105 mniejsze), tym bardziej nasza g\u0142owa b\u0119dzie si\u0119 grza\u0142a podczas jazdy. W zimie jest to nawet mile widziane, wtedy zak\u0142ada si\u0119 jeszcze ocieplane czapeczki pod kask, natomiast w upalne lato, s\u0142abo wentylowany kask mo\u017ce sta\u0107 si\u0119 utrapieniem.<\/span><\/p>\n<p style=\"margin: 0cm 0cm 0.0001pt;text-align: justify\"><span style=\"font-family: 'Calibri',sans-serif\">\u00a0<\/span><\/p>\n<p style=\"margin: 0cm 0cm 0.0001pt;text-align: justify\"><span style=\"font-family: 'Calibri',sans-serif\">Istotna jest r\u00f3wnie\u017c waga kasku. Je\u017celi chcesz sp\u0119dza\u0107 na rowerze kilka godzin dziennie, warto aby by\u0142o on stosunkowo lekki. Z mojego do\u015bwiadczenia wynika, \u017ce kask MTB albo szosowy w rozmiarze XL, czyli na g\u0142ow\u0119 o obwodzie 60-65 cm powinien maksymalnie wa\u017cy\u0107 300 gram\u00f3w. Mniejsze rozmiary oczywi\u015bcie odpowiednio mniej. Ci\u0119\u017cki kask w pewnym momencie mo\u017ce sta\u0107 si\u0119 dokuczliwy i b\u0119dziemy mieli ochot\u0119 si\u0119 go pozby\u0107.<\/span><\/p>\n<p style=\"margin: 0cm 0cm 0.0001pt;text-align: justify\"><span style=\"font-family: 'Calibri',sans-serif\">\u00a0<\/span><\/p>\n<p style=\"margin: 0cm 0cm 0.0001pt;text-align: justify\"><span style=\"font-family: 'Calibri',sans-serif\">Bardzo przydatne s\u0105 dodatki, kt\u00f3re znajdziemy w wielu kaskach. Siateczka przeciwko owadom zapobiega dostawaniu si\u0119 ich we w\u0142osy. Niekt\u00f3re kaski mo\u017cna kupi\u0107 ze specjalnymi wk\u0142adkami ch\u0142odz\u0105cymi. Cz\u0119\u015b\u0107 producent\u00f3w montuje w kaskach tylne lampki. Bardzo mi\u0142ym dodatkiem jest pokrowiec transportowy, kt\u00f3ry dodatkowo zabezpiecza kask przed kurzem, gdy ten le\u017cy w domu. Je\u017cd\u017c\u0105c zim\u0105 mo\u017cemy pomy\u015ble\u0107 o zakupie kasku, kt\u00f3ry umo\u017cliwia za\u0142o\u017cenie specjalnej plastikowej os\u0142ony, zakrywaj\u0105cej otwory wentylacyjne. Dzi\u0119ki temu nie b\u0119dzie wlatywa\u0107 tam zimne powietrze.<\/span><\/p>\n<p style=\"margin: 0cm 0cm 0.0001pt;text-align: justify\"><span style=\"font-family: 'Calibri',sans-serif\">\u00a0<\/span><\/p>\n<p style=\"margin: 0cm 0cm 0.0001pt;text-align: justify\"><span style=\"font-family: 'Calibri',sans-serif\">Na zim\u0119 konieczn\u0105 spraw\u0105 jest dokupienie czapeczki pod kask. W sklepach znajdziecie r\u00f3\u017cne ich rodzaje, r\u00f3\u017cni\u0105ce si\u0119 grubo\u015bci\u0105 materia\u0142u. Na temperatury poni\u017cej zera zalecam zak\u0142adanie jak najlepiej ocieplonej czapeczki, podczas jazdy p\u0119d powietrza obni\u017ca dodatkowo temperatur\u0119. Czapeczka koniecznie musi zakrywa\u0107 uszy. Natomiast na lato mo\u017cna kupi\u0107 czapk\u0119 wykonan\u0105 z cienkiego materia\u0142u, kt\u00f3ry nie b\u0119dzie nas ogrzewa\u0142. Dzi\u0119ki temu zmniejszy si\u0119 problem potu, kt\u00f3ry zw\u0142aszcza podczas intensywnego wysi\u0142ku i w upalne dni, potrafi wartkim strumieniem p\u0142yn\u0105\u0107 po czole.<\/span><\/p>\n<p style=\"margin: 0cm 0cm 0.0001pt;text-align: justify\"><span style=\"font-family: 'Calibri',sans-serif\">\u00a0<\/span><\/p>\n<p style=\"margin: 0cm 0cm 0.0001pt;text-align: justify\"><span style=\"font-family: 'Calibri',sans-serif\">Zanim przejd\u0119 do wymienienia najpopularniejszych typ\u00f3w kask\u00f3w, jeszcze kilka s\u0142\u00f3w o jako\u015bci. Zdecydowanie odradzam kupowania taniutkich kask\u00f3w za kilkana\u015bcie z\u0142otych. Kask nie musi by\u0107 drogi, ale najwa\u017cniejsze aby by\u0142 atestowany. Wszystkie kaski sprzedawane w Unii Europejskiej musz\u0105 spe\u0142nia\u0107 norm\u0119: EN 1078. Tak oczywi\u015bcie nie jest i w wielu miejscach kupicie podejrzanie tanie kaski za kilkana\u015bcie z\u0142otych, kt\u00f3re takiej normy nie spe\u0142niaj\u0105. S\u0105 wytwarzane po linii najmniejszego oporu i w razie potrzeby, nie zapewni\u0105 bezpiecze\u0144stwa na takim poziomie jak certyfikowane kaski. Kt\u00f3re swoj\u0105 drog\u0105 nie musz\u0105 by\u0107 wcale drogie, poniewa\u017c przyzwoity kask kupimy ju\u017c za 60-80 z\u0142otych.<\/span><\/p>\n<p style=\"margin: 0cm 0cm 0.0001pt;text-align: justify\"><span style=\"font-family: 'Calibri',sans-serif\">\u00a0<\/span><\/p>\n<p style=\"margin: 0cm 0cm 0.0001pt;text-align: justify\"><span style=\"font-family: 'Calibri',sans-serif\">Druga sprawa &#8211; kask podczas wypadku mo\u017ce si\u0119 rozpa\u015b\u0107. Jest to naturalna sprawa, to on ma przej\u0105\u0107 energi\u0119 uderzenia, a nie nasza g\u0142owa. Oczywi\u015bcie nie powinno mu si\u0119 nic sta\u0107, gdy wypu\u015bcimy go z r\u0119ki, natomiast po naszym upadku &#8211; kask jak najbardziej mo\u017cna wyrzuci\u0107, bo swoje zadanie ju\u017c spe\u0142ni\u0142.<\/span><\/p>\n<p style=\"margin: 0cm 0cm 0.0001pt;text-align: justify\"><span style=\"font-family: 'Calibri',sans-serif\">\u00a0<\/span><\/p>\n<p style=\"margin: 0cm 0cm 0.0001pt;text-align: justify\"><span style=\"font-family: 'Calibri',sans-serif\">Zagl\u0105daj\u0105c do dobrze wyposa\u017conego sklepu rowerowego, mo\u017ce si\u0119 w g\u0142owie zakr\u0119ci\u0107 od ilo\u015bci kask\u00f3w na p\u00f3\u0142ce. Wymieni\u0119 teraz kilka najpopularniejszych typ\u00f3w kask\u00f3w.<\/span><\/p>\n<p style=\"margin: 0cm 0cm 0.0001pt;text-align: justify\"><span style=\"font-family: 'Calibri',sans-serif\">\u00a0<\/span><\/p>\n<p style=\"margin: 0cm 0cm 0.0001pt;text-align: justify\"><span style=\"font-family: 'Calibri',sans-serif\">Kask g\u00f3rski (MTB) &#8211; to chyba najpopularniejszy rodzaj kasku w Polsce. Z powodzeniem stosowany tak\u017ce w mie\u015bcie, w turystyce czy na szosie. Jego cech\u0105 charakterystyczn\u0105 jest daszek, chroni\u0105cy przez ga\u0142\u0119ziami oraz promieniami s\u0142onecznymi. <\/span><\/p>\n<p style=\"margin: 0cm 0cm 0.0001pt;text-align: justify\"><span style=\"font-family: 'Calibri',sans-serif\">\u00a0<\/span><\/p>\n<p style=\"margin: 0cm 0cm 0.0001pt;text-align: justify\"><span style=\"font-family: 'Calibri',sans-serif\">Kask szosowy &#8211; zazwyczaj maj\u0105 bardziej zadziorn\u0105 stylistyk\u0119, w por\u00f3wnaniu z g\u00f3rskimi &#8211; cz\u0119sto jest to powodowane aerodynamik\u0105. Nie posiadaj\u0105 daszka i wi\u0119kszo\u015b\u0107 z nich jest dobrze wentylowana.<\/span><\/p>\n<p style=\"margin: 0cm 0cm 0.0001pt;text-align: justify\"><span style=\"font-family: 'Calibri',sans-serif\">\u00a0<\/span><\/p>\n<p style=\"margin: 0cm 0cm 0.0001pt;text-align: justify\"><span style=\"font-family: 'Calibri',sans-serif\">Kask miejski &#8211; to odskocznia od sportowych kask\u00f3w. Maj\u0105 bardziej stonowany wygl\u0105d, cz\u0119sto troch\u0119 mniej otwor\u00f3w wentylacyjnych. Nie musz\u0105 krzycze\u0107 kolorami, s\u0105 bardziej stonowane i eleganckie.<\/span><\/p>\n<p style=\"margin: 0cm 0cm 0.0001pt;text-align: justify\"><span style=\"font-family: 'Calibri',sans-serif\">\u00a0<\/span><\/p>\n<p style=\"margin: 0cm 0cm 0.0001pt;text-align: justify\"><span style=\"font-family: 'Calibri',sans-serif\">Kask full-face &#8211; wygl\u0105dem przypomina kask z motocykli enduro. Jest bardzo zabudowany i os\u0142ania r\u00f3wnie\u017c szcz\u0119k\u0119. Zak\u0142ada si\u0119 go do ekstremalnych zjazd\u00f3w.<\/span><\/p>\n<p style=\"margin: 0cm 0cm 0.0001pt;text-align: justify\"><span style=\"font-family: 'Calibri',sans-serif\">\u00a0<\/span><\/p>\n<p style=\"margin: 0cm 0cm 0.0001pt;text-align: justify\"><span style=\"font-family: 'Calibri',sans-serif\">Kask BMX &#8211; nie ma na ten rodzaj kasku specjalnego okre\u015blenia, ja m\u00f3wi\u0119 na niego &#8222;orzeszek&#8221;. Nie ma otwor\u00f3w wentylacyjnych, b\u0105d\u017a ma ich bardzo ma\u0142o. Jest r\u00f3wnie\u017c ci\u0119\u017cszy od typowego kasku, ale lepiej chroni g\u0142ow\u0119 podczas mocnych uderze\u0144, kt\u00f3re mog\u0105 si\u0119 zdarzy\u0107 podczas robienia ewolucji.<\/span><\/p>\n<p style=\"margin: 0cm 0cm 0.0001pt;text-align: justify\"><span style=\"font-family: 'Calibri',sans-serif\">\u00a0<\/span><\/p>\n<p style=\"margin: 0cm 0cm 0.0001pt;text-align: justify\"><span style=\"font-family: 'Calibri',sans-serif\">Wyb\u00f3r kask\u00f3w jest naprawd\u0119 szeroki i warto dobra\u0107 go odpowiednio do stylu w jakim b\u0119dziemy je\u017adzi\u0107. Dzi\u0119ki temu nie b\u0119dzie uci\u0105\u017cliwy, szybko zapomnimy o jego obecno\u015bci na g\u0142owie, a w razie czego (odpuka\u0107) zmniejszy ryzyko obra\u017ce\u0144 g\u0142owy podczas upadku.<\/span><\/p>\n<p style=\"margin: 0cm 0cm 0.0001pt;text-align: justify\"><img loading=\"lazy\" decoding=\"async\" class=\"alignnone size-large wp-image-976\" src=\"http:\/\/skoda-rowery.pl\/wp-content\/uploads\/2016\/04\/skoda-instagram-1024x873.jpg\" alt=\"skoda-instagram\" width=\"1024\" height=\"873\" srcset=\"https:\/\/d2p6e6u75xmxt8.cloudfront.net\/5\/2016\/04\/skoda-instagram-1024x873.jpg 1024w, https:\/\/d2p6e6u75xmxt8.cloudfront.net\/5\/2016\/04\/skoda-instagram-300x256.jpg 300w, https:\/\/d2p6e6u75xmxt8.cloudfront.net\/5\/2016\/04\/skoda-instagram-768x655.jpg 768w\" sizes=\"auto, (max-width: 1024px) 100vw, 1024px\" \/><\/p>\n<p style=\"margin: 0cm 0cm 0.0001pt;text-align: justify\">Artyku\u0142 przygotowany przez blogera z\u00a0<a href=\"http:\/\/roweroweporady.pl\/\" target=\"_blank\">roweroweporady.pl<\/a>.<\/p>\n","protected":false},"excerpt":{"rendered":"<p>Kask rowerowy to bardzo przydatne akcesorium rowerowe. Nie tylko zmniejsza ryzyko uszkodzenia g\u0142owy podczas upadku, ale tak\u017ce chroni j\u0105 przed [&hellip;]<\/p>\n","protected":false},"author":1,"featured_media":977,"comment_status":"open","ping_status":"closed","sticky":false,"template":"","format":"standard","meta":{"footnotes":""},"categories":[7],"tags":[38,41,64],"global-categories":[],"class_list":["post-974","post","type-post","status-publish","format-standard","has-post-thumbnail","hentry","category-bezpieczenstwo","tag-bike","tag-cycling","tag-roweroweporady"],"yoast_head":"<!-- This site is optimized with the Yoast SEO Premium plugin v25.3 (Yoast SEO v25.9) - https:\/\/yoast.com\/wordpress\/plugins\/seo\/ -->\n<title>Jaki kask rowerowy wybra\u0107? - Doradza roweroweporady.pl - \u0160koda We Love Cycling - Poland<\/title>\n<meta name=\"robots\" content=\"index, follow, max-snippet:-1, max-image-preview:large, max-video-preview:-1\" \/>\n<link rel=\"canonical\" href=\"https:\/\/www.welovecycling.com\/pl\/2016\/04\/29\/jaki-kask-rowerowy-wybrac\/\" \/>\n<meta property=\"og:locale\" content=\"pl_PL\" \/>\n<meta property=\"og:type\" content=\"article\" \/>\n<meta property=\"og:title\" content=\"Jaki kask rowerowy wybra\u0107? - Doradza roweroweporady.pl\" \/>\n<meta property=\"og:description\" content=\"Kask rowerowy to bardzo przydatne akcesorium rowerowe. Nie tylko zmniejsza ryzyko uszkodzenia g\u0142owy podczas upadku, ale tak\u017ce chroni j\u0105 przed [&hellip;]\" \/>\n<meta property=\"og:url\" content=\"https:\/\/www.welovecycling.com\/pl\/2016\/04\/29\/jaki-kask-rowerowy-wybrac\/\" \/>\n<meta property=\"og:site_name\" content=\"\u0160koda We Love Cycling - Poland\" \/>\n<meta property=\"article:published_time\" content=\"2016-04-29T11:31:17+00:00\" \/>\n<meta property=\"article:modified_time\" content=\"2016-12-05T09:49:47+00:00\" \/>\n<meta property=\"og:image\" content=\"https:\/\/d2p6e6u75xmxt8.cloudfront.net\/5\/2016\/04\/skoda-kask-sam-1024x683.jpg\" \/>\n\t<meta property=\"og:image:width\" content=\"1024\" \/>\n\t<meta property=\"og:image:height\" content=\"683\" \/>\n\t<meta property=\"og:image:type\" content=\"image\/jpeg\" \/>\n<meta name=\"author\" content=\"WeLoveCycling\" \/>\n<meta name=\"twitter:card\" content=\"summary_large_image\" \/>\n<meta name=\"twitter:label1\" content=\"Written by\" \/>\n\t<meta name=\"twitter:data1\" content=\"WeLoveCycling\" \/>\n\t<meta name=\"twitter:label2\" content=\"Est. reading time\" \/>\n\t<meta name=\"twitter:data2\" content=\"5 minutes\" \/>\n<script type=\"application\/ld+json\" class=\"yoast-schema-graph\">{\"@context\":\"https:\/\/schema.org\",\"@graph\":[{\"@type\":\"WebPage\",\"@id\":\"https:\/\/www.welovecycling.com\/pl\/2016\/04\/29\/jaki-kask-rowerowy-wybrac\/\",\"url\":\"https:\/\/www.welovecycling.com\/pl\/2016\/04\/29\/jaki-kask-rowerowy-wybrac\/\",\"name\":\"Jaki kask rowerowy wybra\u0107? - Doradza roweroweporady.pl - \u0160koda We Love Cycling - Poland\",\"isPartOf\":{\"@id\":\"https:\/\/www.welovecycling.com\/pl\/#website\"},\"primaryImageOfPage\":{\"@id\":\"https:\/\/www.welovecycling.com\/pl\/2016\/04\/29\/jaki-kask-rowerowy-wybrac\/#primaryimage\"},\"image\":{\"@id\":\"https:\/\/www.welovecycling.com\/pl\/2016\/04\/29\/jaki-kask-rowerowy-wybrac\/#primaryimage\"},\"thumbnailUrl\":\"https:\/\/d2p6e6u75xmxt8.cloudfront.net\/5\/2016\/04\/skoda-kask-sam.jpg\",\"datePublished\":\"2016-04-29T11:31:17+00:00\",\"dateModified\":\"2016-12-05T09:49:47+00:00\",\"author\":{\"@id\":\"https:\/\/www.welovecycling.com\/pl\/#\/schema\/person\/e5187c9cac8dd619ebc7b41bd73c2fd9\"},\"breadcrumb\":{\"@id\":\"https:\/\/www.welovecycling.com\/pl\/2016\/04\/29\/jaki-kask-rowerowy-wybrac\/#breadcrumb\"},\"inLanguage\":\"pl-PL\",\"potentialAction\":[{\"@type\":\"ReadAction\",\"target\":[\"https:\/\/www.welovecycling.com\/pl\/2016\/04\/29\/jaki-kask-rowerowy-wybrac\/\"]}]},{\"@type\":\"ImageObject\",\"inLanguage\":\"pl-PL\",\"@id\":\"https:\/\/www.welovecycling.com\/pl\/2016\/04\/29\/jaki-kask-rowerowy-wybrac\/#primaryimage\",\"url\":\"https:\/\/d2p6e6u75xmxt8.cloudfront.net\/5\/2016\/04\/skoda-kask-sam.jpg\",\"contentUrl\":\"https:\/\/d2p6e6u75xmxt8.cloudfront.net\/5\/2016\/04\/skoda-kask-sam.jpg\",\"width\":5184,\"height\":3456},{\"@type\":\"BreadcrumbList\",\"@id\":\"https:\/\/www.welovecycling.com\/pl\/2016\/04\/29\/jaki-kask-rowerowy-wybrac\/#breadcrumb\",\"itemListElement\":[{\"@type\":\"ListItem\",\"position\":1,\"name\":\"Home\",\"item\":\"https:\/\/www.welovecycling.com\/pl\/\"},{\"@type\":\"ListItem\",\"position\":2,\"name\":\"Jaki kask rowerowy wybra\u0107? &#8211; Doradza roweroweporady.pl\"}]},{\"@type\":\"WebSite\",\"@id\":\"https:\/\/www.welovecycling.com\/pl\/#website\",\"url\":\"https:\/\/www.welovecycling.com\/pl\/\",\"name\":\"\u0160koda We Love Cycling - Poland\",\"description\":\"\",\"potentialAction\":[{\"@type\":\"SearchAction\",\"target\":{\"@type\":\"EntryPoint\",\"urlTemplate\":\"https:\/\/www.welovecycling.com\/pl\/?s={search_term_string}\"},\"query-input\":{\"@type\":\"PropertyValueSpecification\",\"valueRequired\":true,\"valueName\":\"search_term_string\"}}],\"inLanguage\":\"pl-PL\"},{\"@type\":\"Person\",\"@id\":\"https:\/\/www.welovecycling.com\/pl\/#\/schema\/person\/e5187c9cac8dd619ebc7b41bd73c2fd9\",\"name\":\"WeLoveCycling\",\"image\":{\"@type\":\"ImageObject\",\"inLanguage\":\"pl-PL\",\"@id\":\"https:\/\/www.welovecycling.com\/pl\/#\/schema\/person\/image\/\",\"url\":\"https:\/\/secure.gravatar.com\/avatar\/7e1ee0ecc5e294b19ef32b9f6086e0afbb9da00c3cb0d465ba4695331f4a9187?s=96&d=mm&r=g\",\"contentUrl\":\"https:\/\/secure.gravatar.com\/avatar\/7e1ee0ecc5e294b19ef32b9f6086e0afbb9da00c3cb0d465ba4695331f4a9187?s=96&d=mm&r=g\",\"caption\":\"WeLoveCycling\"},\"url\":\"https:\/\/www.welovecycling.com\/pl\/author\/lukascech\/\"}]}<\/script>\n<!-- \/ Yoast SEO Premium plugin. -->","yoast_head_json":{"title":"Jaki kask rowerowy wybra\u0107? - Doradza roweroweporady.pl - \u0160koda We Love Cycling - Poland","robots":{"index":"index","follow":"follow","max-snippet":"max-snippet:-1","max-image-preview":"max-image-preview:large","max-video-preview":"max-video-preview:-1"},"canonical":"https:\/\/www.welovecycling.com\/pl\/2016\/04\/29\/jaki-kask-rowerowy-wybrac\/","og_locale":"pl_PL","og_type":"article","og_title":"Jaki kask rowerowy wybra\u0107? - Doradza roweroweporady.pl","og_description":"Kask rowerowy to bardzo przydatne akcesorium rowerowe. Nie tylko zmniejsza ryzyko uszkodzenia g\u0142owy podczas upadku, ale tak\u017ce chroni j\u0105 przed [&hellip;]","og_url":"https:\/\/www.welovecycling.com\/pl\/2016\/04\/29\/jaki-kask-rowerowy-wybrac\/","og_site_name":"\u0160koda We Love Cycling - Poland","article_published_time":"2016-04-29T11:31:17+00:00","article_modified_time":"2016-12-05T09:49:47+00:00","og_image":[{"width":1024,"height":683,"url":"https:\/\/d2p6e6u75xmxt8.cloudfront.net\/5\/2016\/04\/skoda-kask-sam-1024x683.jpg","type":"image\/jpeg"}],"author":"WeLoveCycling","twitter_card":"summary_large_image","twitter_misc":{"Written by":"WeLoveCycling","Est. reading time":"5 minutes"},"schema":{"@context":"https:\/\/schema.org","@graph":[{"@type":"WebPage","@id":"https:\/\/www.welovecycling.com\/pl\/2016\/04\/29\/jaki-kask-rowerowy-wybrac\/","url":"https:\/\/www.welovecycling.com\/pl\/2016\/04\/29\/jaki-kask-rowerowy-wybrac\/","name":"Jaki kask rowerowy wybra\u0107? - Doradza roweroweporady.pl - \u0160koda We Love Cycling - Poland","isPartOf":{"@id":"https:\/\/www.welovecycling.com\/pl\/#website"},"primaryImageOfPage":{"@id":"https:\/\/www.welovecycling.com\/pl\/2016\/04\/29\/jaki-kask-rowerowy-wybrac\/#primaryimage"},"image":{"@id":"https:\/\/www.welovecycling.com\/pl\/2016\/04\/29\/jaki-kask-rowerowy-wybrac\/#primaryimage"},"thumbnailUrl":"https:\/\/d2p6e6u75xmxt8.cloudfront.net\/5\/2016\/04\/skoda-kask-sam.jpg","datePublished":"2016-04-29T11:31:17+00:00","dateModified":"2016-12-05T09:49:47+00:00","author":{"@id":"https:\/\/www.welovecycling.com\/pl\/#\/schema\/person\/e5187c9cac8dd619ebc7b41bd73c2fd9"},"breadcrumb":{"@id":"https:\/\/www.welovecycling.com\/pl\/2016\/04\/29\/jaki-kask-rowerowy-wybrac\/#breadcrumb"},"inLanguage":"pl-PL","potentialAction":[{"@type":"ReadAction","target":["https:\/\/www.welovecycling.com\/pl\/2016\/04\/29\/jaki-kask-rowerowy-wybrac\/"]}]},{"@type":"ImageObject","inLanguage":"pl-PL","@id":"https:\/\/www.welovecycling.com\/pl\/2016\/04\/29\/jaki-kask-rowerowy-wybrac\/#primaryimage","url":"https:\/\/d2p6e6u75xmxt8.cloudfront.net\/5\/2016\/04\/skoda-kask-sam.jpg","contentUrl":"https:\/\/d2p6e6u75xmxt8.cloudfront.net\/5\/2016\/04\/skoda-kask-sam.jpg","width":5184,"height":3456},{"@type":"BreadcrumbList","@id":"https:\/\/www.welovecycling.com\/pl\/2016\/04\/29\/jaki-kask-rowerowy-wybrac\/#breadcrumb","itemListElement":[{"@type":"ListItem","position":1,"name":"Home","item":"https:\/\/www.welovecycling.com\/pl\/"},{"@type":"ListItem","position":2,"name":"Jaki kask rowerowy wybra\u0107? &#8211; Doradza roweroweporady.pl"}]},{"@type":"WebSite","@id":"https:\/\/www.welovecycling.com\/pl\/#website","url":"https:\/\/www.welovecycling.com\/pl\/","name":"\u0160koda We Love Cycling - Poland","description":"","potentialAction":[{"@type":"SearchAction","target":{"@type":"EntryPoint","urlTemplate":"https:\/\/www.welovecycling.com\/pl\/?s={search_term_string}"},"query-input":{"@type":"PropertyValueSpecification","valueRequired":true,"valueName":"search_term_string"}}],"inLanguage":"pl-PL"},{"@type":"Person","@id":"https:\/\/www.welovecycling.com\/pl\/#\/schema\/person\/e5187c9cac8dd619ebc7b41bd73c2fd9","name":"WeLoveCycling","image":{"@type":"ImageObject","inLanguage":"pl-PL","@id":"https:\/\/www.welovecycling.com\/pl\/#\/schema\/person\/image\/","url":"https:\/\/secure.gravatar.com\/avatar\/7e1ee0ecc5e294b19ef32b9f6086e0afbb9da00c3cb0d465ba4695331f4a9187?s=96&d=mm&r=g","contentUrl":"https:\/\/secure.gravatar.com\/avatar\/7e1ee0ecc5e294b19ef32b9f6086e0afbb9da00c3cb0d465ba4695331f4a9187?s=96&d=mm&r=g","caption":"WeLoveCycling"},"url":"https:\/\/www.welovecycling.com\/pl\/author\/lukascech\/"}]}},"_links":{"self":[{"href":"https:\/\/www.welovecycling.com\/pl\/wp-json\/wp\/v2\/posts\/974","targetHints":{"allow":["GET"]}}],"collection":[{"href":"https:\/\/www.welovecycling.com\/pl\/wp-json\/wp\/v2\/posts"}],"about":[{"href":"https:\/\/www.welovecycling.com\/pl\/wp-json\/wp\/v2\/types\/post"}],"author":[{"embeddable":true,"href":"https:\/\/www.welovecycling.com\/pl\/wp-json\/wp\/v2\/users\/1"}],"replies":[{"embeddable":true,"href":"https:\/\/www.welovecycling.com\/pl\/wp-json\/wp\/v2\/comments?post=974"}],"version-history":[{"count":1,"href":"https:\/\/www.welovecycling.com\/pl\/wp-json\/wp\/v2\/posts\/974\/revisions"}],"predecessor-version":[{"id":2468,"href":"https:\/\/www.welovecycling.com\/pl\/wp-json\/wp\/v2\/posts\/974\/revisions\/2468"}],"wp:featuredmedia":[{"embeddable":true,"href":"https:\/\/www.welovecycling.com\/pl\/wp-json\/wp\/v2\/media\/977"}],"wp:attachment":[{"href":"https:\/\/www.welovecycling.com\/pl\/wp-json\/wp\/v2\/media?parent=974"}],"wp:term":[{"taxonomy":"category","embeddable":true,"href":"https:\/\/www.welovecycling.com\/pl\/wp-json\/wp\/v2\/categories?post=974"},{"taxonomy":"post_tag","embeddable":true,"href":"https:\/\/www.welovecycling.com\/pl\/wp-json\/wp\/v2\/tags?post=974"},{"taxonomy":"global-categories","embeddable":true,"href":"https:\/\/www.welovecycling.com\/pl\/wp-json\/wp\/v2\/global-categories?post=974"}],"curies":[{"name":"wp","href":"https:\/\/api.w.org\/{rel}","templated":true}]}}