{"id":9669,"date":"2019-09-06T16:38:05","date_gmt":"2019-09-06T16:38:05","guid":{"rendered":"https:\/\/www.welovecycling.com\/pl\/?p=9669"},"modified":"2019-09-06T16:38:05","modified_gmt":"2019-09-06T16:38:05","slug":"rower-jako-dzielo-sztuki","status":"publish","type":"post","link":"https:\/\/www.welovecycling.com\/pl\/2019\/09\/06\/rower-jako-dzielo-sztuki\/","title":{"rendered":"Rower jako dzie\u0142o sztuki"},"content":{"rendered":"<p><strong>Wi\u0119kszo\u015b\u0107 z nas, gdy si\u0119 nad tym g\u0142\u0119biej zastanowi\u0107, uwa\u017ca swoje \u2013 a mo\u017ce nawet wszystkie \u2013 rowery za pi\u0119kne. Jest co\u015b bardzo estetycznie przyjemnego w po\u0142\u0105czeniu prostych linii ramy z okr\u0105g\u0142ymi ko\u0142ami i zakrzywieniami kierownicy.<\/strong><\/p>\n<p>To po\u0142\u0105czenie opiera si\u0119 oczywi\u015bcie na funkcji roweru, ale architekci od dawna pokazuj\u0105, \u017ce pi\u0119kno mo\u017ce wychodzi\u0107 od funkcjonalno\u015bci. Znany ameryka\u0144ski architekt Louis Sullivan uku\u0142 fraz\u0119 \u201eforma pod\u0105\u017ca za funkcj\u0105\u201d. Zaczerpn\u0105\u0142 j\u0105 z pism rzymskiego architekta i in\u017cyniera Marka Witruwiusza Pollio, kt\u00f3ry twierdzi\u0142, \u017ce konstrukcja musi by\u0107 solidna, u\u017cyteczna i pi\u0119kna. Te trzy przymiotniki doskonale opisuj\u0105 nowoczesne rowery.<\/p>\n<p>Nic wi\u0119c dziwnego, \u017ce rower stawa\u0142 si\u0119 dla artyst\u00f3w coraz bardziej no\u015bnikiem sztuki, gdy na pocz\u0105tku XX wieku zacz\u0105\u0142 by\u0107 symbolem post\u0119pu technologicznego i spo\u0142ecznego. Dzi\u015b, gdy rower jest bardziej obecny w kulturze ni\u017c kiedykolwiek wcze\u015bniej, arty\u015bci wykorzystuj\u0105 go na r\u00f3\u017cne sposoby, w tym jako przedmiot sztuki.<\/p>\n<figure id=\"attachment_175011\" aria-describedby=\"caption-attachment-175011\" style=\"width: 1024px\" class=\"wp-caption alignnone\"><img loading=\"lazy\" decoding=\"async\" class=\"loading wp-image-175011 size-large\" src=\"https:\/\/d2p6e6u75xmxt8.cloudfront.net\/2\/2019\/08\/Ai-Weiwei-profimedia-0258875016-1024x681.jpg\" sizes=\"auto, (max-width: 1024px) 100vw, 1024px\" srcset=\"https:\/\/d2p6e6u75xmxt8.cloudfront.net\/2\/2019\/08\/Ai-Weiwei-profimedia-0258875016-1024x681.jpg 1024w, https:\/\/d2p6e6u75xmxt8.cloudfront.net\/2\/2019\/08\/Ai-Weiwei-profimedia-0258875016-300x199.jpg 300w, https:\/\/d2p6e6u75xmxt8.cloudfront.net\/2\/2019\/08\/Ai-Weiwei-profimedia-0258875016-768x511.jpg 768w, https:\/\/d2p6e6u75xmxt8.cloudfront.net\/2\/2019\/08\/Ai-Weiwei-profimedia-0258875016-272x182.jpg 272w, https:\/\/d2p6e6u75xmxt8.cloudfront.net\/2\/2019\/08\/Ai-Weiwei-profimedia-0258875016.jpg 1250w\" alt=\"\" width=\"1024\" height=\"681\" data-was-processed=\"true\" \/><figcaption id=\"caption-attachment-175011\" class=\"wp-caption-text\">Chi\u0144ski artysta Ai Weiwei stoj\u0105cy pod swoj\u0105 rze\u017ab\u0105 \u201eNa zawsze\u201d, znajduj\u0105c\u0105 si\u0119 u podstawy wie\u017cy \u201eGherkin\u201d w Londynie, podczas sesji fotograficznej z okazji uko\u0144czenia jego instalacji w ramach wystawy sztuki plenerowej \u201eRze\u017aba w mie\u015bcie\u201d. Konstrukcja mia\u0142a prawie 10 metr\u00f3w wysoko\u015bci, 16 metr\u00f3w szeroko\u015bci i sk\u0142ada\u0142a si\u0119 z 1254 ram rowerowych. \u00a9Profimedia,AFP<\/figcaption><\/figure>\n<p>&nbsp;<\/p>\n<p>Wsp\u00f3\u0142czesny chi\u0144ski artysta i aktywista Ai Weiwei, kt\u00f3ry prezentowa\u0142 swoje rze\u017aby i instalacje w muzeach na ca\u0142ym \u015bwiecie, w tym w praskiej Galerii Narodowej, cz\u0119sto u\u017cywa rower\u00f3w w swoich pracach. Opr\u00f3cz podziwiania ich formalnego pi\u0119kna Ai Weiwei wydaje si\u0119 wykorzystywa\u0107 swoje instalacje rowerowe do tego, aby pokaza\u0107, \u017ce spos\u00f3b, w jaki autorytarne systemy polityczne produkuj\u0105 konformistyczne jednostki, przypomina masow\u0105 produkcj\u0119 tych pojazd\u00f3w. Zobacz jego prace <u>tutaj<\/u> i <u>tutaj<\/u>.<\/p>\n<p>W 2007 r. arty\u015bci Mark Grieve i Ilona Spectre poddali recyklingowi rowery z wysypisk \u015bmieci oraz centr\u00f3w recyklingu i stworzyli z nich 30-metrow\u0105 bram\u0119 na festiwal Burning Man, kt\u00f3ry co roku odbywa si\u0119 na pustyni Black Rock w Nevadzie. Praca by\u0142a funkcjonalna i interesuj\u0105ca pod wzgl\u0119dem formalnym, a tak\u017ce m\u00f3wi\u0142a o problemie \u015bmieci, kt\u00f3re niszcz\u0105 nasz\u0105 planet\u0119, oraz o sposobie na poradzenie sobie z nim za pomoc\u0105 rower\u00f3w.<\/p>\n<figure id=\"attachment_175008\" aria-describedby=\"caption-attachment-175008\" style=\"width: 800px\" class=\"wp-caption alignnone\"><img loading=\"lazy\" decoding=\"async\" class=\"loading wp-image-175008 size-full\" src=\"https:\/\/d2p6e6u75xmxt8.cloudfront.net\/2\/2019\/08\/bicycle-arch.jpg\" sizes=\"auto, (max-width: 800px) 100vw, 800px\" srcset=\"https:\/\/d2p6e6u75xmxt8.cloudfront.net\/2\/2019\/08\/bicycle-arch.jpg 800w, https:\/\/d2p6e6u75xmxt8.cloudfront.net\/2\/2019\/08\/bicycle-arch-300x200.jpg 300w, https:\/\/d2p6e6u75xmxt8.cloudfront.net\/2\/2019\/08\/bicycle-arch-768x513.jpg 768w, https:\/\/d2p6e6u75xmxt8.cloudfront.net\/2\/2019\/08\/bicycle-arch-272x182.jpg 272w\" alt=\"\" width=\"800\" height=\"534\" data-was-processed=\"true\" \/><figcaption id=\"caption-attachment-175008\" class=\"wp-caption-text\">Brama rowerowa na festiwalu Burning Man. \u00a9Artists Without Borders Facebook<\/figcaption><\/figure>\n<p>&nbsp;<\/p>\n<p>Saatchi Art ma w sprzeda\u017cy ponad 1000 dzie\u0142 wschodz\u0105cych artyst\u00f3w z ca\u0142ego \u015bwiata, kt\u00f3rych g\u0142\u00f3wnym tematem jest rower, takich jak obraz olejny Taliah Lempert <u>\u201eDave\u2019s Eisentraut on Pink\u201d<\/u>, kt\u00f3ry mo\u017cna kupi\u0107 za 3410 dolar\u00f3w.<\/p>\n<p>Lempert jest artystk\u0105 rowerow\u0105, a jej wiele r\u00f3\u017cnorodnych portret\u00f3w naszego ulubionego dwuko\u0142owego pojazdu mo\u017cna znale\u017a\u0107 na stronie <a href=\"https:\/\/www.bicyclepaintings.com\">https:\/\/www.bicyclepaintings.com<\/a> i wszystkie s\u0105 na sprzeda\u017c.<\/p>\n<p>Jedno z najskuteczniejszych dzie\u0142 sztuki wykorzystuj\u0105cych rowery zosta\u0142o stworzone dla brytyjskiego Woking z okazji wy\u015bcigu, kt\u00f3ry przejecha\u0142 przez Londyn podczas letnich igrzysk olimpijskich w 2012 r. W ramach projektu artystka Sara Holmes i 5000 uczni\u00f3w stworzyli na trasie wy\u015bcigu peleton sk\u0142adaj\u0105cy si\u0119 z 50 \u201ewierzbowych rowerzyst\u00f3w\u201d.<\/p>\n<div class=\"embed-controller-wrapper\">\n<div class=\"embed-wrapper\"><iframe title=\"London Olympics 2012 Cycling Event Ghost Riders\" width=\"500\" height=\"375\" data-src=\"https:\/\/www.youtube.com\/embed\/PiQamgvd62M?feature=oembed\" frameborder=\"0\" allow=\"accelerometer; autoplay; clipboard-write; encrypted-media; gyroscope; picture-in-picture; web-share\" referrerpolicy=\"strict-origin-when-cross-origin\" allowfullscreen><\/iframe><\/div>\n<\/div>\n<p>Cz\u0119\u015bci rowerowe tak\u017ce s\u0105 tw\u00f3rczo wykorzystywane przez wielu artyst\u00f3w, z kt\u00f3rych najbardziej pomys\u0142owy jest po\u0142udniowokorea\u0144ski \u201erze\u017abiarz \u0142a\u0144cuchowy\u201d Seo Young-Deok, kt\u00f3ry u\u017cywa \u0142a\u0144cuch\u00f3w rowerowych do tworzenia du\u017cych, osza\u0142amiaj\u0105cych wizualnie dzie\u0142, takich jak <u>\u201eMy\u015bliciel\u201d<\/u>.<\/p>\n<p>R\u00f3wnie\u017c firma <u>Bike Furniture Design<\/u> wykorzystuje cz\u0119\u015bci rowerowe (i motocyklowe) do kreowania zadziwiaj\u0105co pomys\u0142owych mebli, dzi\u0119ki czemu nawet gdy przebywasz w domu i poza siode\u0142kiem, nadal jeste\u015b \u201ena rowerze\u201d.<\/p>\n<p><a href=\"https:\/\/sklep.skoda.pl\/pl\/sklep\/b\/331\/rowery-i-akcesoria-rowery.html\"><\/p>\n<style type=\"text\/css\"><!--td {border: 1px solid #ccc;}br {mso-data-placement:same-cell;}--><\/style>\n<p><span data-sheets-value=\"{&quot;1&quot;:2,&quot;2&quot;:&quot;Artyku\u0142 powsta\u0142 we wsp\u00f3\u0142pracy ze skoda-auto.pl&quot;}\" data-sheets-userformat=\"{&quot;2&quot;:1,&quot;3&quot;:{&quot;1&quot;:0}}\"><a class=\"in-cell-link\" href=\"http:\/\/www.skoda-auto.pl\/\" target=\"_blank\" rel=\"noopener\">Artyku\u0142 powsta\u0142 we wsp\u00f3\u0142pracy ze skoda-auto.pl<\/a><\/span><img loading=\"lazy\" decoding=\"async\" class=\"aligncenter wp-image-9608 size-full\" src=\"https:\/\/d2p6e6u75xmxt8.cloudfront.net\/5\/2019\/08\/baner_WLC_640x350_3.png\" alt=\"\" width=\"640\" height=\"350\" srcset=\"https:\/\/d2p6e6u75xmxt8.cloudfront.net\/5\/2019\/08\/baner_WLC_640x350_3.png 640w, https:\/\/d2p6e6u75xmxt8.cloudfront.net\/5\/2019\/08\/baner_WLC_640x350_3-300x164.png 300w\" sizes=\"auto, (max-width: 640px) 100vw, 640px\" \/><\/a><\/p>\n","protected":false},"excerpt":{"rendered":"<p>Wi\u0119kszo\u015b\u0107 z nas, gdy si\u0119 nad tym g\u0142\u0119biej zastanowi\u0107, uwa\u017ca swoje \u2013 a mo\u017ce nawet wszystkie \u2013 rowery za pi\u0119kne. [&hellip;]<\/p>\n","protected":false},"author":76,"featured_media":9671,"comment_status":"open","ping_status":"open","sticky":false,"template":"","format":"standard","meta":{"footnotes":""},"categories":[226],"tags":[],"global-categories":[],"class_list":["post-9669","post","type-post","status-publish","format-standard","has-post-thumbnail","hentry","category-ciekawostki"],"yoast_head":"<!-- This site is optimized with the Yoast SEO Premium plugin v25.3 (Yoast SEO v25.9) - https:\/\/yoast.com\/wordpress\/plugins\/seo\/ -->\n<title>Rower jako dzie\u0142o sztuki - \u0160koda We Love Cycling - Poland<\/title>\n<meta name=\"robots\" content=\"index, follow, max-snippet:-1, max-image-preview:large, max-video-preview:-1\" \/>\n<link rel=\"canonical\" href=\"https:\/\/www.welovecycling.com\/pl\/2019\/09\/06\/rower-jako-dzielo-sztuki\/\" \/>\n<meta property=\"og:locale\" content=\"pl_PL\" \/>\n<meta property=\"og:type\" content=\"article\" \/>\n<meta property=\"og:title\" content=\"Rower jako dzie\u0142o sztuki\" \/>\n<meta property=\"og:description\" content=\"Wi\u0119kszo\u015b\u0107 z nas, gdy si\u0119 nad tym g\u0142\u0119biej zastanowi\u0107, uwa\u017ca swoje \u2013 a mo\u017ce nawet wszystkie \u2013 rowery za pi\u0119kne. [&hellip;]\" \/>\n<meta property=\"og:url\" content=\"https:\/\/www.welovecycling.com\/pl\/2019\/09\/06\/rower-jako-dzielo-sztuki\/\" \/>\n<meta property=\"og:site_name\" content=\"\u0160koda We Love Cycling - Poland\" \/>\n<meta property=\"article:published_time\" content=\"2019-09-06T16:38:05+00:00\" \/>\n<meta property=\"og:image\" content=\"https:\/\/d2p6e6u75xmxt8.cloudfront.net\/5\/2019\/09\/bicycle-art-profimedia-0356998561-CVR-1024x450.jpg\" \/>\n\t<meta property=\"og:image:width\" content=\"1024\" \/>\n\t<meta property=\"og:image:height\" content=\"450\" \/>\n\t<meta property=\"og:image:type\" content=\"image\/jpeg\" \/>\n<meta name=\"author\" content=\"piotrboczkowski\" \/>\n<meta name=\"twitter:card\" content=\"summary_large_image\" \/>\n<meta name=\"twitter:label1\" content=\"Written by\" \/>\n\t<meta name=\"twitter:data1\" content=\"Siegfried Mortkowitz\" \/>\n\t<meta name=\"twitter:label2\" content=\"Est. reading time\" \/>\n\t<meta name=\"twitter:data2\" content=\"3 minutes\" \/>\n<script type=\"application\/ld+json\" class=\"yoast-schema-graph\">{\"@context\":\"https:\/\/schema.org\",\"@graph\":[{\"@type\":\"WebPage\",\"@id\":\"https:\/\/www.welovecycling.com\/pl\/2019\/09\/06\/rower-jako-dzielo-sztuki\/\",\"url\":\"https:\/\/www.welovecycling.com\/pl\/2019\/09\/06\/rower-jako-dzielo-sztuki\/\",\"name\":\"Rower jako dzie\u0142o sztuki - \u0160koda We Love Cycling - Poland\",\"isPartOf\":{\"@id\":\"https:\/\/www.welovecycling.com\/pl\/#website\"},\"primaryImageOfPage\":{\"@id\":\"https:\/\/www.welovecycling.com\/pl\/2019\/09\/06\/rower-jako-dzielo-sztuki\/#primaryimage\"},\"image\":{\"@id\":\"https:\/\/www.welovecycling.com\/pl\/2019\/09\/06\/rower-jako-dzielo-sztuki\/#primaryimage\"},\"thumbnailUrl\":\"https:\/\/d2p6e6u75xmxt8.cloudfront.net\/5\/2019\/09\/bicycle-art-profimedia-0356998561-CVR-1024x450.jpg\",\"datePublished\":\"2019-09-06T16:38:05+00:00\",\"author\":{\"@id\":\"https:\/\/www.welovecycling.com\/pl\/#\/schema\/person\/0dba2d39da943db9df3fd8f4687e7f23\"},\"breadcrumb\":{\"@id\":\"https:\/\/www.welovecycling.com\/pl\/2019\/09\/06\/rower-jako-dzielo-sztuki\/#breadcrumb\"},\"inLanguage\":\"pl-PL\",\"potentialAction\":[{\"@type\":\"ReadAction\",\"target\":[\"https:\/\/www.welovecycling.com\/pl\/2019\/09\/06\/rower-jako-dzielo-sztuki\/\"]}]},{\"@type\":\"ImageObject\",\"inLanguage\":\"pl-PL\",\"@id\":\"https:\/\/www.welovecycling.com\/pl\/2019\/09\/06\/rower-jako-dzielo-sztuki\/#primaryimage\",\"url\":\"https:\/\/d2p6e6u75xmxt8.cloudfront.net\/5\/2019\/09\/bicycle-art-profimedia-0356998561-CVR-1024x450.jpg\",\"contentUrl\":\"https:\/\/d2p6e6u75xmxt8.cloudfront.net\/5\/2019\/09\/bicycle-art-profimedia-0356998561-CVR-1024x450.jpg\",\"width\":1024,\"height\":450},{\"@type\":\"BreadcrumbList\",\"@id\":\"https:\/\/www.welovecycling.com\/pl\/2019\/09\/06\/rower-jako-dzielo-sztuki\/#breadcrumb\",\"itemListElement\":[{\"@type\":\"ListItem\",\"position\":1,\"name\":\"Home\",\"item\":\"https:\/\/www.welovecycling.com\/pl\/\"},{\"@type\":\"ListItem\",\"position\":2,\"name\":\"Rower jako dzie\u0142o sztuki\"}]},{\"@type\":\"WebSite\",\"@id\":\"https:\/\/www.welovecycling.com\/pl\/#website\",\"url\":\"https:\/\/www.welovecycling.com\/pl\/\",\"name\":\"\u0160koda We Love Cycling - Poland\",\"description\":\"\",\"potentialAction\":[{\"@type\":\"SearchAction\",\"target\":{\"@type\":\"EntryPoint\",\"urlTemplate\":\"https:\/\/www.welovecycling.com\/pl\/?s={search_term_string}\"},\"query-input\":{\"@type\":\"PropertyValueSpecification\",\"valueRequired\":true,\"valueName\":\"search_term_string\"}}],\"inLanguage\":\"pl-PL\"},{\"@type\":\"Person\",\"@id\":\"https:\/\/www.welovecycling.com\/pl\/#\/schema\/person\/0dba2d39da943db9df3fd8f4687e7f23\",\"name\":\"piotrboczkowski\",\"image\":{\"@type\":\"ImageObject\",\"inLanguage\":\"pl-PL\",\"@id\":\"https:\/\/www.welovecycling.com\/pl\/#\/schema\/person\/image\/\",\"url\":\"https:\/\/secure.gravatar.com\/avatar\/533caccae14752e03a2ce2d3fd62d1b98b93e1393c3195c27819e53344ca1ace?s=96&d=mm&r=g\",\"contentUrl\":\"https:\/\/secure.gravatar.com\/avatar\/533caccae14752e03a2ce2d3fd62d1b98b93e1393c3195c27819e53344ca1ace?s=96&d=mm&r=g\",\"caption\":\"piotrboczkowski\"},\"url\":\"https:\/\/www.welovecycling.com\/pl\/author\/piotrboczkowski\/\"}]}<\/script>\n<!-- \/ Yoast SEO Premium plugin. -->","yoast_head_json":{"title":"Rower jako dzie\u0142o sztuki - \u0160koda We Love Cycling - Poland","robots":{"index":"index","follow":"follow","max-snippet":"max-snippet:-1","max-image-preview":"max-image-preview:large","max-video-preview":"max-video-preview:-1"},"canonical":"https:\/\/www.welovecycling.com\/pl\/2019\/09\/06\/rower-jako-dzielo-sztuki\/","og_locale":"pl_PL","og_type":"article","og_title":"Rower jako dzie\u0142o sztuki","og_description":"Wi\u0119kszo\u015b\u0107 z nas, gdy si\u0119 nad tym g\u0142\u0119biej zastanowi\u0107, uwa\u017ca swoje \u2013 a mo\u017ce nawet wszystkie \u2013 rowery za pi\u0119kne. [&hellip;]","og_url":"https:\/\/www.welovecycling.com\/pl\/2019\/09\/06\/rower-jako-dzielo-sztuki\/","og_site_name":"\u0160koda We Love Cycling - Poland","article_published_time":"2019-09-06T16:38:05+00:00","og_image":[{"width":1024,"height":450,"url":"https:\/\/d2p6e6u75xmxt8.cloudfront.net\/5\/2019\/09\/bicycle-art-profimedia-0356998561-CVR-1024x450.jpg","type":"image\/jpeg"}],"author":"piotrboczkowski","twitter_card":"summary_large_image","twitter_misc":{"Written by":"Siegfried Mortkowitz","Est. reading time":"3 minutes"},"schema":{"@context":"https:\/\/schema.org","@graph":[{"@type":"WebPage","@id":"https:\/\/www.welovecycling.com\/pl\/2019\/09\/06\/rower-jako-dzielo-sztuki\/","url":"https:\/\/www.welovecycling.com\/pl\/2019\/09\/06\/rower-jako-dzielo-sztuki\/","name":"Rower jako dzie\u0142o sztuki - \u0160koda We Love Cycling - Poland","isPartOf":{"@id":"https:\/\/www.welovecycling.com\/pl\/#website"},"primaryImageOfPage":{"@id":"https:\/\/www.welovecycling.com\/pl\/2019\/09\/06\/rower-jako-dzielo-sztuki\/#primaryimage"},"image":{"@id":"https:\/\/www.welovecycling.com\/pl\/2019\/09\/06\/rower-jako-dzielo-sztuki\/#primaryimage"},"thumbnailUrl":"https:\/\/d2p6e6u75xmxt8.cloudfront.net\/5\/2019\/09\/bicycle-art-profimedia-0356998561-CVR-1024x450.jpg","datePublished":"2019-09-06T16:38:05+00:00","author":{"@id":"https:\/\/www.welovecycling.com\/pl\/#\/schema\/person\/0dba2d39da943db9df3fd8f4687e7f23"},"breadcrumb":{"@id":"https:\/\/www.welovecycling.com\/pl\/2019\/09\/06\/rower-jako-dzielo-sztuki\/#breadcrumb"},"inLanguage":"pl-PL","potentialAction":[{"@type":"ReadAction","target":["https:\/\/www.welovecycling.com\/pl\/2019\/09\/06\/rower-jako-dzielo-sztuki\/"]}]},{"@type":"ImageObject","inLanguage":"pl-PL","@id":"https:\/\/www.welovecycling.com\/pl\/2019\/09\/06\/rower-jako-dzielo-sztuki\/#primaryimage","url":"https:\/\/d2p6e6u75xmxt8.cloudfront.net\/5\/2019\/09\/bicycle-art-profimedia-0356998561-CVR-1024x450.jpg","contentUrl":"https:\/\/d2p6e6u75xmxt8.cloudfront.net\/5\/2019\/09\/bicycle-art-profimedia-0356998561-CVR-1024x450.jpg","width":1024,"height":450},{"@type":"BreadcrumbList","@id":"https:\/\/www.welovecycling.com\/pl\/2019\/09\/06\/rower-jako-dzielo-sztuki\/#breadcrumb","itemListElement":[{"@type":"ListItem","position":1,"name":"Home","item":"https:\/\/www.welovecycling.com\/pl\/"},{"@type":"ListItem","position":2,"name":"Rower jako dzie\u0142o sztuki"}]},{"@type":"WebSite","@id":"https:\/\/www.welovecycling.com\/pl\/#website","url":"https:\/\/www.welovecycling.com\/pl\/","name":"\u0160koda We Love Cycling - Poland","description":"","potentialAction":[{"@type":"SearchAction","target":{"@type":"EntryPoint","urlTemplate":"https:\/\/www.welovecycling.com\/pl\/?s={search_term_string}"},"query-input":{"@type":"PropertyValueSpecification","valueRequired":true,"valueName":"search_term_string"}}],"inLanguage":"pl-PL"},{"@type":"Person","@id":"https:\/\/www.welovecycling.com\/pl\/#\/schema\/person\/0dba2d39da943db9df3fd8f4687e7f23","name":"piotrboczkowski","image":{"@type":"ImageObject","inLanguage":"pl-PL","@id":"https:\/\/www.welovecycling.com\/pl\/#\/schema\/person\/image\/","url":"https:\/\/secure.gravatar.com\/avatar\/533caccae14752e03a2ce2d3fd62d1b98b93e1393c3195c27819e53344ca1ace?s=96&d=mm&r=g","contentUrl":"https:\/\/secure.gravatar.com\/avatar\/533caccae14752e03a2ce2d3fd62d1b98b93e1393c3195c27819e53344ca1ace?s=96&d=mm&r=g","caption":"piotrboczkowski"},"url":"https:\/\/www.welovecycling.com\/pl\/author\/piotrboczkowski\/"}]}},"_links":{"self":[{"href":"https:\/\/www.welovecycling.com\/pl\/wp-json\/wp\/v2\/posts\/9669","targetHints":{"allow":["GET"]}}],"collection":[{"href":"https:\/\/www.welovecycling.com\/pl\/wp-json\/wp\/v2\/posts"}],"about":[{"href":"https:\/\/www.welovecycling.com\/pl\/wp-json\/wp\/v2\/types\/post"}],"author":[{"embeddable":true,"href":"https:\/\/www.welovecycling.com\/pl\/wp-json\/wp\/v2\/users\/76"}],"replies":[{"embeddable":true,"href":"https:\/\/www.welovecycling.com\/pl\/wp-json\/wp\/v2\/comments?post=9669"}],"version-history":[{"count":1,"href":"https:\/\/www.welovecycling.com\/pl\/wp-json\/wp\/v2\/posts\/9669\/revisions"}],"predecessor-version":[{"id":9672,"href":"https:\/\/www.welovecycling.com\/pl\/wp-json\/wp\/v2\/posts\/9669\/revisions\/9672"}],"wp:featuredmedia":[{"embeddable":true,"href":"https:\/\/www.welovecycling.com\/pl\/wp-json\/wp\/v2\/media\/9671"}],"wp:attachment":[{"href":"https:\/\/www.welovecycling.com\/pl\/wp-json\/wp\/v2\/media?parent=9669"}],"wp:term":[{"taxonomy":"category","embeddable":true,"href":"https:\/\/www.welovecycling.com\/pl\/wp-json\/wp\/v2\/categories?post=9669"},{"taxonomy":"post_tag","embeddable":true,"href":"https:\/\/www.welovecycling.com\/pl\/wp-json\/wp\/v2\/tags?post=9669"},{"taxonomy":"global-categories","embeddable":true,"href":"https:\/\/www.welovecycling.com\/pl\/wp-json\/wp\/v2\/global-categories?post=9669"}],"curies":[{"name":"wp","href":"https:\/\/api.w.org\/{rel}","templated":true}]}}