{"id":9652,"date":"2019-09-04T09:59:49","date_gmt":"2019-09-04T09:59:49","guid":{"rendered":"https:\/\/www.welovecycling.com\/pl\/?p=9652"},"modified":"2019-09-22T21:06:10","modified_gmt":"2019-09-22T21:06:10","slug":"bartosz-huzarski-na-trasie-tour-de-france-jeden-dzien-z-zycia-dziennikarza-sportowego","status":"publish","type":"post","link":"https:\/\/www.welovecycling.com\/pl\/2019\/09\/04\/bartosz-huzarski-na-trasie-tour-de-france-jeden-dzien-z-zycia-dziennikarza-sportowego\/","title":{"rendered":"Bartosz Huzarski: Na trasie Tour de France \u2013 jeden dzie\u0144 z \u017cycia dziennikarza sportowego"},"content":{"rendered":"<p><strong>Od \u015bwitu do zmierzchu przemierza\u0142 francuskie Alpy, \u017ceby zbiera\u0107 i przekazywa\u0107 naj\u015bwie\u017csze informacje z trasy Tour de France. Porusza\u0142 si\u0119 zar\u00f3wno po trasie wy\u015bcigu, jak i bocznymi drogami, a krajobrazy, kt\u00f3re mu towarzyszy\u0142y, robi\u0142y niesamowite wra\u017cenie. Akurat tego dnia etapu mia\u0142 do przejechania 150 km \u2013 to wi\u0119cej od zawodnik\u00f3w, kt\u00f3rzy musieli pokona\u0107 126,5 km.<\/strong><\/p>\n<p>Opr\u00f3cz baga\u017cu osobistego Bartosz, jak ka\u017cdy relacjonuj\u0105cy TdF, mia\u0142 ze sob\u0105 ksi\u0105\u017ck\u0119 wy\u015bcigu. To z niej kolarze i dziennikarze dowiaduj\u0105 si\u0119, co ich czeka na danym etapie. O tym, jak wygl\u0105da i jakie jeszcze zawiera informacje, Bartosz szczeg\u00f3\u0142owo opowiada w filmie.<\/p>\n<p>TdF to nie tylko sam wy\u015bcig, ale i mn\u00f3stwo towarzysz\u0105cych mu atrakcji. Huzarski zabra\u0142 nas w te wyj\u0105tkowe miejsca.<\/p>\n<p>T\u0119tni\u0105cy \u017cyciem village to punkt obowi\u0105zkowy ka\u017cdego dnia, w kt\u00f3rym wszyscy sponsorzy maj\u0105 swoje stanowiska. To tutaj znajduje si\u0119 s\u0142ynna skrzynka TdF, do kt\u00f3rej ka\u017cdy kibic mo\u017ce wrzuci\u0107 list do ulubionego zawodnika. A skoro o kibicach mowa, to tysi\u0105ce z nich wspina si\u0119 ponad 20 km, \u017ceby dopingowa\u0107 swoich ulubionych kolarzy.<\/p>\n<p>Ogromna zona techniczna to z kolei gigantyczne centrum dowodzenia, sk\u0105d nadawany jest sygna\u0142 startu, tutaj siedz\u0105 komentatorzy i st\u0105d obserwowani s\u0105 zawodnicy.<\/p>\n<p>I wreszcie tak zwana karawana, czyli miesi\u0105c imprezowania i zwiedzania Francji w towarzystwie zakr\u0119conych fan\u00f3w TdF.<\/p>\n<p>Bartosz podsumowa\u0142 sw\u00f3j dzie\u0144 kr\u00f3tko: \u201eTo, co si\u0119 dzieje na tym wy\u015bcigu, jest kompletnie zwariowane\u201d. Tej wyj\u0105tkowej atmosfery i wspania\u0142ych widok\u00f3w mo\u017cna mu tylko pozazdro\u015bci\u0107! Zreszt\u0105 zobaczcie sami.<\/p>\n<p>Wi\u0119cej o tego rocznym TdF dowiecie si\u0119 z video.<\/p>\n<p><span data-sheets-value=\"{&quot;1&quot;:2,&quot;2&quot;:&quot;Artyku\u0142 powsta\u0142 we wsp\u00f3\u0142pracy ze skoda-auto.pl&quot;}\" data-sheets-userformat=\"{&quot;2&quot;:1,&quot;3&quot;:{&quot;1&quot;:0}}\"><a class=\"in-cell-link\" href=\"http:\/\/www.skoda-auto.pl\/\" target=\"_blank\" rel=\"noopener\">Artyku\u0142 powsta\u0142 we wsp\u00f3\u0142pracy ze skoda-auto.pl<\/a><\/span><\/p>\n<p><a href=\"https:\/\/www.skoda-auto.pl\/modele\/karoq\"><img loading=\"lazy\" decoding=\"async\" class=\"aligncenter wp-image-9606 size-full loading\" src=\"https:\/\/d2p6e6u75xmxt8.cloudfront.net\/5\/2019\/08\/baner_WLC_640x350_1.png\" sizes=\"auto, (max-width: 640px) 100vw, 640px\" srcset=\"https:\/\/d2p6e6u75xmxt8.cloudfront.net\/5\/2019\/08\/baner_WLC_640x350_1.png 640w, https:\/\/d2p6e6u75xmxt8.cloudfront.net\/5\/2019\/08\/baner_WLC_640x350_1-300x164.png 300w\" alt=\"\" width=\"640\" height=\"350\" data-was-processed=\"true\" \/><\/a><\/p>\n","protected":false},"excerpt":{"rendered":"<p>Od \u015bwitu do zmierzchu przemierza\u0142 francuskie Alpy, \u017ceby zbiera\u0107 i przekazywa\u0107 naj\u015bwie\u017csze informacje z trasy Tour de France. Porusza\u0142 si\u0119 [&hellip;]<\/p>\n","protected":false},"author":76,"featured_media":9654,"comment_status":"open","ping_status":"open","sticky":false,"template":"","format":"video","meta":{"footnotes":""},"categories":[203,300],"tags":[],"global-categories":[],"class_list":["post-9652","post","type-post","status-publish","format-video","has-post-thumbnail","hentry","category-bartosz-huzarski","category-tour-de-france-2019","post_format-post-format-video"],"yoast_head":"<!-- This site is optimized with the Yoast SEO Premium plugin v25.3 (Yoast SEO v25.9) - https:\/\/yoast.com\/wordpress\/plugins\/seo\/ -->\n<title>Bartosz Huzarski: Na trasie Tour de France \u2013 dzie\u0144 z \u017cycia dziennikarza<\/title>\n<meta name=\"description\" content=\"Tour de France to nie tylko sam wy\u015bcig, ale i mn\u00f3stwo towarzysz\u0105cych mu atrakcji. Huzarski zabra\u0142 nas w te wyj\u0105tkowe miejsca.\" \/>\n<meta name=\"robots\" content=\"index, follow, max-snippet:-1, max-image-preview:large, max-video-preview:-1\" \/>\n<link rel=\"canonical\" href=\"https:\/\/www.welovecycling.com\/pl\/2019\/09\/04\/bartosz-huzarski-na-trasie-tour-de-france-jeden-dzien-z-zycia-dziennikarza-sportowego\/\" \/>\n<meta property=\"og:locale\" content=\"pl_PL\" \/>\n<meta property=\"og:type\" content=\"article\" \/>\n<meta property=\"og:title\" content=\"Bartosz Huzarski: Na trasie Tour de France \u2013 jeden dzie\u0144 z \u017cycia dziennikarza sportowego\" \/>\n<meta property=\"og:description\" content=\"Tour de France to nie tylko sam wy\u015bcig, ale i mn\u00f3stwo towarzysz\u0105cych mu atrakcji. Huzarski zabra\u0142 nas w te wyj\u0105tkowe miejsca.\" \/>\n<meta property=\"og:url\" content=\"https:\/\/www.welovecycling.com\/pl\/2019\/09\/04\/bartosz-huzarski-na-trasie-tour-de-france-jeden-dzien-z-zycia-dziennikarza-sportowego\/\" \/>\n<meta property=\"og:site_name\" content=\"\u0160koda We Love Cycling - Poland\" \/>\n<meta property=\"article:published_time\" content=\"2019-09-04T09:59:49+00:00\" \/>\n<meta property=\"article:modified_time\" content=\"2019-09-22T21:06:10+00:00\" \/>\n<meta property=\"og:image\" content=\"https:\/\/d2p6e6u75xmxt8.cloudfront.net\/5\/2019\/09\/YT_miniatura_Skoda_rowery_2-2.jpg\" \/>\n\t<meta property=\"og:image:width\" content=\"640\" \/>\n\t<meta property=\"og:image:height\" content=\"360\" \/>\n\t<meta property=\"og:image:type\" content=\"image\/jpeg\" \/>\n<meta name=\"author\" content=\"piotrboczkowski\" \/>\n<meta name=\"twitter:card\" content=\"summary_large_image\" \/>\n<meta name=\"twitter:label1\" content=\"Written by\" \/>\n\t<meta name=\"twitter:data1\" content=\"Bartosz Huzarski\" \/>\n\t<meta name=\"twitter:label2\" content=\"Est. watching time\" \/>\n\t<meta name=\"twitter:data2\" content=\"4\" \/>\n<script type=\"application\/ld+json\" class=\"yoast-schema-graph\">{\"@context\":\"https:\/\/schema.org\",\"@graph\":[{\"@type\":\"WebPage\",\"@id\":\"https:\/\/www.welovecycling.com\/pl\/2019\/09\/04\/bartosz-huzarski-na-trasie-tour-de-france-jeden-dzien-z-zycia-dziennikarza-sportowego\/\",\"url\":\"https:\/\/www.welovecycling.com\/pl\/2019\/09\/04\/bartosz-huzarski-na-trasie-tour-de-france-jeden-dzien-z-zycia-dziennikarza-sportowego\/\",\"name\":\"Bartosz Huzarski: Na trasie Tour de France \u2013 dzie\u0144 z \u017cycia dziennikarza\",\"isPartOf\":{\"@id\":\"https:\/\/www.welovecycling.com\/pl\/#website\"},\"primaryImageOfPage\":{\"@id\":\"https:\/\/www.welovecycling.com\/pl\/2019\/09\/04\/bartosz-huzarski-na-trasie-tour-de-france-jeden-dzien-z-zycia-dziennikarza-sportowego\/#primaryimage\"},\"image\":{\"@id\":\"https:\/\/www.welovecycling.com\/pl\/2019\/09\/04\/bartosz-huzarski-na-trasie-tour-de-france-jeden-dzien-z-zycia-dziennikarza-sportowego\/#primaryimage\"},\"thumbnailUrl\":\"https:\/\/d2p6e6u75xmxt8.cloudfront.net\/5\/2019\/09\/YT_miniatura_Skoda_rowery_2-2.jpg\",\"datePublished\":\"2019-09-04T09:59:49+00:00\",\"dateModified\":\"2019-09-22T21:06:10+00:00\",\"author\":{\"@id\":\"https:\/\/www.welovecycling.com\/pl\/#\/schema\/person\/0dba2d39da943db9df3fd8f4687e7f23\"},\"description\":\"Tour de France to nie tylko sam wy\u015bcig, ale i mn\u00f3stwo towarzysz\u0105cych mu atrakcji. Huzarski zabra\u0142 nas w te wyj\u0105tkowe miejsca.\",\"breadcrumb\":{\"@id\":\"https:\/\/www.welovecycling.com\/pl\/2019\/09\/04\/bartosz-huzarski-na-trasie-tour-de-france-jeden-dzien-z-zycia-dziennikarza-sportowego\/#breadcrumb\"},\"inLanguage\":\"pl-PL\",\"potentialAction\":[{\"@type\":\"ReadAction\",\"target\":[\"https:\/\/www.welovecycling.com\/pl\/2019\/09\/04\/bartosz-huzarski-na-trasie-tour-de-france-jeden-dzien-z-zycia-dziennikarza-sportowego\/\"]}]},{\"@type\":\"ImageObject\",\"inLanguage\":\"pl-PL\",\"@id\":\"https:\/\/www.welovecycling.com\/pl\/2019\/09\/04\/bartosz-huzarski-na-trasie-tour-de-france-jeden-dzien-z-zycia-dziennikarza-sportowego\/#primaryimage\",\"url\":\"https:\/\/d2p6e6u75xmxt8.cloudfront.net\/5\/2019\/09\/YT_miniatura_Skoda_rowery_2-2.jpg\",\"contentUrl\":\"https:\/\/d2p6e6u75xmxt8.cloudfront.net\/5\/2019\/09\/YT_miniatura_Skoda_rowery_2-2.jpg\",\"width\":640,\"height\":360},{\"@type\":\"BreadcrumbList\",\"@id\":\"https:\/\/www.welovecycling.com\/pl\/2019\/09\/04\/bartosz-huzarski-na-trasie-tour-de-france-jeden-dzien-z-zycia-dziennikarza-sportowego\/#breadcrumb\",\"itemListElement\":[{\"@type\":\"ListItem\",\"position\":1,\"name\":\"Home\",\"item\":\"https:\/\/www.welovecycling.com\/pl\/\"},{\"@type\":\"ListItem\",\"position\":2,\"name\":\"Bartosz Huzarski: Na trasie Tour de France \u2013 jeden dzie\u0144 z \u017cycia dziennikarza sportowego\"}]},{\"@type\":\"WebSite\",\"@id\":\"https:\/\/www.welovecycling.com\/pl\/#website\",\"url\":\"https:\/\/www.welovecycling.com\/pl\/\",\"name\":\"\u0160koda We Love Cycling - Poland\",\"description\":\"\",\"potentialAction\":[{\"@type\":\"SearchAction\",\"target\":{\"@type\":\"EntryPoint\",\"urlTemplate\":\"https:\/\/www.welovecycling.com\/pl\/?s={search_term_string}\"},\"query-input\":{\"@type\":\"PropertyValueSpecification\",\"valueRequired\":true,\"valueName\":\"search_term_string\"}}],\"inLanguage\":\"pl-PL\"},{\"@type\":\"Person\",\"@id\":\"https:\/\/www.welovecycling.com\/pl\/#\/schema\/person\/0dba2d39da943db9df3fd8f4687e7f23\",\"name\":\"piotrboczkowski\",\"image\":{\"@type\":\"ImageObject\",\"inLanguage\":\"pl-PL\",\"@id\":\"https:\/\/www.welovecycling.com\/pl\/#\/schema\/person\/image\/\",\"url\":\"https:\/\/secure.gravatar.com\/avatar\/533caccae14752e03a2ce2d3fd62d1b98b93e1393c3195c27819e53344ca1ace?s=96&d=mm&r=g\",\"contentUrl\":\"https:\/\/secure.gravatar.com\/avatar\/533caccae14752e03a2ce2d3fd62d1b98b93e1393c3195c27819e53344ca1ace?s=96&d=mm&r=g\",\"caption\":\"piotrboczkowski\"},\"url\":\"https:\/\/www.welovecycling.com\/pl\/author\/piotrboczkowski\/\"}]}<\/script>\n<!-- \/ Yoast SEO Premium plugin. -->","yoast_head_json":{"title":"Bartosz Huzarski: Na trasie Tour de France \u2013 dzie\u0144 z \u017cycia dziennikarza","description":"Tour de France to nie tylko sam wy\u015bcig, ale i mn\u00f3stwo towarzysz\u0105cych mu atrakcji. Huzarski zabra\u0142 nas w te wyj\u0105tkowe miejsca.","robots":{"index":"index","follow":"follow","max-snippet":"max-snippet:-1","max-image-preview":"max-image-preview:large","max-video-preview":"max-video-preview:-1"},"canonical":"https:\/\/www.welovecycling.com\/pl\/2019\/09\/04\/bartosz-huzarski-na-trasie-tour-de-france-jeden-dzien-z-zycia-dziennikarza-sportowego\/","og_locale":"pl_PL","og_type":"article","og_title":"Bartosz Huzarski: Na trasie Tour de France \u2013 jeden dzie\u0144 z \u017cycia dziennikarza sportowego","og_description":"Tour de France to nie tylko sam wy\u015bcig, ale i mn\u00f3stwo towarzysz\u0105cych mu atrakcji. Huzarski zabra\u0142 nas w te wyj\u0105tkowe miejsca.","og_url":"https:\/\/www.welovecycling.com\/pl\/2019\/09\/04\/bartosz-huzarski-na-trasie-tour-de-france-jeden-dzien-z-zycia-dziennikarza-sportowego\/","og_site_name":"\u0160koda We Love Cycling - Poland","article_published_time":"2019-09-04T09:59:49+00:00","article_modified_time":"2019-09-22T21:06:10+00:00","og_image":[{"width":640,"height":360,"url":"https:\/\/d2p6e6u75xmxt8.cloudfront.net\/5\/2019\/09\/YT_miniatura_Skoda_rowery_2-2.jpg","type":"image\/jpeg"}],"author":"piotrboczkowski","twitter_card":"summary_large_image","twitter_misc":{"Written by":"Bartosz Huzarski","Est. watching time":"4"},"schema":{"@context":"https:\/\/schema.org","@graph":[{"@type":"WebPage","@id":"https:\/\/www.welovecycling.com\/pl\/2019\/09\/04\/bartosz-huzarski-na-trasie-tour-de-france-jeden-dzien-z-zycia-dziennikarza-sportowego\/","url":"https:\/\/www.welovecycling.com\/pl\/2019\/09\/04\/bartosz-huzarski-na-trasie-tour-de-france-jeden-dzien-z-zycia-dziennikarza-sportowego\/","name":"Bartosz Huzarski: Na trasie Tour de France \u2013 dzie\u0144 z \u017cycia dziennikarza","isPartOf":{"@id":"https:\/\/www.welovecycling.com\/pl\/#website"},"primaryImageOfPage":{"@id":"https:\/\/www.welovecycling.com\/pl\/2019\/09\/04\/bartosz-huzarski-na-trasie-tour-de-france-jeden-dzien-z-zycia-dziennikarza-sportowego\/#primaryimage"},"image":{"@id":"https:\/\/www.welovecycling.com\/pl\/2019\/09\/04\/bartosz-huzarski-na-trasie-tour-de-france-jeden-dzien-z-zycia-dziennikarza-sportowego\/#primaryimage"},"thumbnailUrl":"https:\/\/d2p6e6u75xmxt8.cloudfront.net\/5\/2019\/09\/YT_miniatura_Skoda_rowery_2-2.jpg","datePublished":"2019-09-04T09:59:49+00:00","dateModified":"2019-09-22T21:06:10+00:00","author":{"@id":"https:\/\/www.welovecycling.com\/pl\/#\/schema\/person\/0dba2d39da943db9df3fd8f4687e7f23"},"description":"Tour de France to nie tylko sam wy\u015bcig, ale i mn\u00f3stwo towarzysz\u0105cych mu atrakcji. Huzarski zabra\u0142 nas w te wyj\u0105tkowe miejsca.","breadcrumb":{"@id":"https:\/\/www.welovecycling.com\/pl\/2019\/09\/04\/bartosz-huzarski-na-trasie-tour-de-france-jeden-dzien-z-zycia-dziennikarza-sportowego\/#breadcrumb"},"inLanguage":"pl-PL","potentialAction":[{"@type":"ReadAction","target":["https:\/\/www.welovecycling.com\/pl\/2019\/09\/04\/bartosz-huzarski-na-trasie-tour-de-france-jeden-dzien-z-zycia-dziennikarza-sportowego\/"]}]},{"@type":"ImageObject","inLanguage":"pl-PL","@id":"https:\/\/www.welovecycling.com\/pl\/2019\/09\/04\/bartosz-huzarski-na-trasie-tour-de-france-jeden-dzien-z-zycia-dziennikarza-sportowego\/#primaryimage","url":"https:\/\/d2p6e6u75xmxt8.cloudfront.net\/5\/2019\/09\/YT_miniatura_Skoda_rowery_2-2.jpg","contentUrl":"https:\/\/d2p6e6u75xmxt8.cloudfront.net\/5\/2019\/09\/YT_miniatura_Skoda_rowery_2-2.jpg","width":640,"height":360},{"@type":"BreadcrumbList","@id":"https:\/\/www.welovecycling.com\/pl\/2019\/09\/04\/bartosz-huzarski-na-trasie-tour-de-france-jeden-dzien-z-zycia-dziennikarza-sportowego\/#breadcrumb","itemListElement":[{"@type":"ListItem","position":1,"name":"Home","item":"https:\/\/www.welovecycling.com\/pl\/"},{"@type":"ListItem","position":2,"name":"Bartosz Huzarski: Na trasie Tour de France \u2013 jeden dzie\u0144 z \u017cycia dziennikarza sportowego"}]},{"@type":"WebSite","@id":"https:\/\/www.welovecycling.com\/pl\/#website","url":"https:\/\/www.welovecycling.com\/pl\/","name":"\u0160koda We Love Cycling - Poland","description":"","potentialAction":[{"@type":"SearchAction","target":{"@type":"EntryPoint","urlTemplate":"https:\/\/www.welovecycling.com\/pl\/?s={search_term_string}"},"query-input":{"@type":"PropertyValueSpecification","valueRequired":true,"valueName":"search_term_string"}}],"inLanguage":"pl-PL"},{"@type":"Person","@id":"https:\/\/www.welovecycling.com\/pl\/#\/schema\/person\/0dba2d39da943db9df3fd8f4687e7f23","name":"piotrboczkowski","image":{"@type":"ImageObject","inLanguage":"pl-PL","@id":"https:\/\/www.welovecycling.com\/pl\/#\/schema\/person\/image\/","url":"https:\/\/secure.gravatar.com\/avatar\/533caccae14752e03a2ce2d3fd62d1b98b93e1393c3195c27819e53344ca1ace?s=96&d=mm&r=g","contentUrl":"https:\/\/secure.gravatar.com\/avatar\/533caccae14752e03a2ce2d3fd62d1b98b93e1393c3195c27819e53344ca1ace?s=96&d=mm&r=g","caption":"piotrboczkowski"},"url":"https:\/\/www.welovecycling.com\/pl\/author\/piotrboczkowski\/"}]}},"_links":{"self":[{"href":"https:\/\/www.welovecycling.com\/pl\/wp-json\/wp\/v2\/posts\/9652","targetHints":{"allow":["GET"]}}],"collection":[{"href":"https:\/\/www.welovecycling.com\/pl\/wp-json\/wp\/v2\/posts"}],"about":[{"href":"https:\/\/www.welovecycling.com\/pl\/wp-json\/wp\/v2\/types\/post"}],"author":[{"embeddable":true,"href":"https:\/\/www.welovecycling.com\/pl\/wp-json\/wp\/v2\/users\/76"}],"replies":[{"embeddable":true,"href":"https:\/\/www.welovecycling.com\/pl\/wp-json\/wp\/v2\/comments?post=9652"}],"version-history":[{"count":1,"href":"https:\/\/www.welovecycling.com\/pl\/wp-json\/wp\/v2\/posts\/9652\/revisions"}],"predecessor-version":[{"id":9655,"href":"https:\/\/www.welovecycling.com\/pl\/wp-json\/wp\/v2\/posts\/9652\/revisions\/9655"}],"wp:featuredmedia":[{"embeddable":true,"href":"https:\/\/www.welovecycling.com\/pl\/wp-json\/wp\/v2\/media\/9654"}],"wp:attachment":[{"href":"https:\/\/www.welovecycling.com\/pl\/wp-json\/wp\/v2\/media?parent=9652"}],"wp:term":[{"taxonomy":"category","embeddable":true,"href":"https:\/\/www.welovecycling.com\/pl\/wp-json\/wp\/v2\/categories?post=9652"},{"taxonomy":"post_tag","embeddable":true,"href":"https:\/\/www.welovecycling.com\/pl\/wp-json\/wp\/v2\/tags?post=9652"},{"taxonomy":"global-categories","embeddable":true,"href":"https:\/\/www.welovecycling.com\/pl\/wp-json\/wp\/v2\/global-categories?post=9652"}],"curies":[{"name":"wp","href":"https:\/\/api.w.org\/{rel}","templated":true}]}}