{"id":9644,"date":"2019-09-03T16:16:54","date_gmt":"2019-09-03T16:16:54","guid":{"rendered":"https:\/\/www.welovecycling.com\/pl\/?p=9644"},"modified":"2019-09-03T16:17:31","modified_gmt":"2019-09-03T16:17:31","slug":"bartosz-huzarski-relacja-z-poznan-bike-show","status":"publish","type":"post","link":"https:\/\/www.welovecycling.com\/pl\/2019\/09\/03\/bartosz-huzarski-relacja-z-poznan-bike-show\/","title":{"rendered":"Bartosz Huzarski: Relacja z Pozna\u0144 Bike Show"},"content":{"rendered":"<p><strong>Pierwsze targi rowerowe Bike Show za nami. Trzydniowe spotkanie bran\u017cy rowerowej na terenie Mi\u0119dzynarodowych Targ\u00f3w Pozna\u0144skich budzi\u0142o r\u00f3\u017cne emocje. Najlepszym wi\u0119c podsumowaniem tego co dzia\u0142o si\u0119 w dniach 30.08-01.09.2019r niech b\u0119dzie \u201epierwsze koty za p\u0142oty\u201d.<\/strong><\/p>\n<p><img loading=\"lazy\" decoding=\"async\" class=\"aligncenter size-full wp-image-9647\" src=\"https:\/\/d2p6e6u75xmxt8.cloudfront.net\/5\/2019\/09\/KAJ_3574.jpg\" alt=\"\" width=\"2500\" height=\"1669\" srcset=\"https:\/\/d2p6e6u75xmxt8.cloudfront.net\/5\/2019\/09\/KAJ_3574.jpg 2500w, https:\/\/d2p6e6u75xmxt8.cloudfront.net\/5\/2019\/09\/KAJ_3574-300x200.jpg 300w, https:\/\/d2p6e6u75xmxt8.cloudfront.net\/5\/2019\/09\/KAJ_3574-768x513.jpg 768w, https:\/\/d2p6e6u75xmxt8.cloudfront.net\/5\/2019\/09\/KAJ_3574-1024x684.jpg 1024w, https:\/\/d2p6e6u75xmxt8.cloudfront.net\/5\/2019\/09\/KAJ_3574-1920x1282.jpg 1920w, https:\/\/d2p6e6u75xmxt8.cloudfront.net\/5\/2019\/09\/KAJ_3574-272x182.jpg 272w, https:\/\/d2p6e6u75xmxt8.cloudfront.net\/5\/2019\/09\/KAJ_3574-1920x1282.jpg 1920w\" sizes=\"auto, (max-width: 2500px) 100vw, 2500px\" \/><\/p>\n<p>Bywa, \u017ce wszystko co nowe budzi niepewno\u015b\u0107 ale i ciekawo\u015b\u0107. Ulokowanie Bike Expo na terenie Mi\u0119dzynarodowych Targ\u00f3w Pozna\u0144skich czyli naprzeciw dworca kolejowego by\u0142o strza\u0142em w dziesi\u0105tk\u0119. Sporo os\u00f3b przyjecha\u0142o poci\u0105giem, przesz\u0142o kilkaset metr\u00f3w, wi\u0119c nie tylko dla mieszka\u0144c\u00f3w Poznania targi by\u0142y dos\u0142ownie na wyci\u0105gni\u0119cie r\u0119ki. Ja osobi\u015bcie sam nie wiedzia\u0142em czego si\u0119 spodziewa\u0107, by\u0142em kilka razy w podobnych miejscach, ale zawsze jako zwiedzaj\u0105cy. Tym razem jednak stan\u0105\u0142em po drugiej stronie barykady \u2013 moja akademia kolarska, Huzar Bike Academy, mia\u0142a w tych historycznych i mam nadziej\u0119, \u017ce nie ostatnich targach sw\u00f3j udzia\u0142. I cho\u0107 g\u0142\u00f3wnie byli\u015bmy zwr\u00f3ceni w kierunku \u00a0uczestnik\u00f3w Mistrzostw \u015awiata Gran Fondo o kt\u00f3rych pisa\u0142em tutaj:<\/p>\n<div class=\"shortcode-ys-post-pinup\"><article class=\"loop-simple post-9633 post type-post status-publish format-standard has-post-thumbnail hentry category-bartosz-huzarski category-kolarstwo-szosowe\" data-postid=\"9633\" role=\"article\" data-post-id=\"9633\" data-word-count=\"753\" data-headline-length=\"71\" data-category=\"Bartosz Huzarski\" data-author=\"Bartosz Huzarski\" data-published=\"2019-09-02T14:54:15+00:00\" data-published-day=\"Monday\">\n    <div class=\"entry-thumbnail article-thumbnail\" content=\"https:\/\/d2p6e6u75xmxt8.cloudfront.net\/5\/2019\/09\/1-150x150.jpg\"><a href=\"https:\/\/www.welovecycling.com\/pl\/2019\/09\/02\/bartosz-huzarski-2019-gran-fondo-world-championships-poznan-relacja\/\" class=\"image-holder\" target=\"_self\"><img decoding=\"async\" loading=\"lazy\" class=\"\" src=\"https:\/\/d2p6e6u75xmxt8.cloudfront.net\/5\/2019\/09\/1-1024x684.jpg\" srcset=\"https:\/\/d2p6e6u75xmxt8.cloudfront.net\/5\/2019\/09\/1.jpg 1600w, https:\/\/d2p6e6u75xmxt8.cloudfront.net\/5\/2019\/09\/1-300x200.jpg 300w, https:\/\/d2p6e6u75xmxt8.cloudfront.net\/5\/2019\/09\/1-768x513.jpg 768w, https:\/\/d2p6e6u75xmxt8.cloudfront.net\/5\/2019\/09\/1-1024x684.jpg 1024w, https:\/\/d2p6e6u75xmxt8.cloudfront.net\/5\/2019\/09\/1-272x182.jpg 272w\" width=\"1024\" height=\"684\" sizes=\"auto, (min-width: 1200px) 300px, (min-width: 768px) 25vw, 100vw\" alt=\"bartosz-huzarski-2019-gran-fondo-world-championships-poznan-relacja\"\/><\/a><\/div>    <div class=\"entry-meta\">\n        <a class=\"label label-secondary post-category\" href=\"https:\/\/www.welovecycling.com\/pl\/category\/bartosz-huzarski\/\" title=\"Bartosz Huzarski\">Bartosz Huzarski<\/a>\n    <\/div>\n    <div class=\"entry-details\">\n        <a href=\"https:\/\/www.welovecycling.com\/pl\/2019\/09\/02\/bartosz-huzarski-2019-gran-fondo-world-championships-poznan-relacja\/\" class='entry-title-wrapper'>\n            <h3 class=\"entry-title\"><span>Bartosz Huzarski: Relacja z 2019 Gran Fondo World Championships Pozna\u0144<\/span><\/h3>\n        <\/a>\n    <\/div>\n    <\/article>\n<\/div>\n<p>&#8230; to wiele ciekawych rozm\u00f3w nie tylko z nimi uda\u0142o si\u0119 przeprowadzi\u0107. Jednak jak mam by\u0107 szczery to pewien niedosyt, g\u0142\u00f3wnie po rozmowach z odwiedzaj\u0105cymi, da\u0142o si\u0119 odczu\u0107. Targi nie by\u0142y zbyt imponuj\u0105ce, co mo\u017cna by\u0142o ju\u017c wydedukowa\u0107 z przygotowanych materia\u0142\u00f3w informacyjnych, jednak ka\u017cdy z wystawc\u00f3w oraz organizatorzy dawali z siebie wszystko by nudno nie by\u0142o.<\/p>\n<p><img loading=\"lazy\" decoding=\"async\" class=\"aligncenter size-full wp-image-9648\" style=\"font-size: 16px;\" src=\"https:\/\/d2p6e6u75xmxt8.cloudfront.net\/5\/2019\/09\/Szurkowski_12-1-z-1.jpg\" alt=\"\" width=\"2500\" height=\"1669\" srcset=\"https:\/\/d2p6e6u75xmxt8.cloudfront.net\/5\/2019\/09\/Szurkowski_12-1-z-1.jpg 2500w, https:\/\/d2p6e6u75xmxt8.cloudfront.net\/5\/2019\/09\/Szurkowski_12-1-z-1-300x200.jpg 300w, https:\/\/d2p6e6u75xmxt8.cloudfront.net\/5\/2019\/09\/Szurkowski_12-1-z-1-768x513.jpg 768w, https:\/\/d2p6e6u75xmxt8.cloudfront.net\/5\/2019\/09\/Szurkowski_12-1-z-1-1024x684.jpg 1024w, https:\/\/d2p6e6u75xmxt8.cloudfront.net\/5\/2019\/09\/Szurkowski_12-1-z-1-1920x1282.jpg 1920w, https:\/\/d2p6e6u75xmxt8.cloudfront.net\/5\/2019\/09\/Szurkowski_12-1-z-1-272x182.jpg 272w, https:\/\/d2p6e6u75xmxt8.cloudfront.net\/5\/2019\/09\/Szurkowski_12-1-z-1-1920x1282.jpg 1920w\" sizes=\"auto, (max-width: 2500px) 100vw, 2500px\" \/><\/p>\n<p>Zaproszony przez Martombike Krystian Herba, nasz utalentowany rowerowy \u201eakrobata\u201d dawa\u0142 regularnie czadu na swoim torze do trialu. Kto jak nie pi\u0119ciokrotny rekordzista ksi\u0119gi Guinnessa mia\u0142by przyci\u0105gn\u0105\u0107 widz\u00f3w? Pokazy Krystiana cieszy\u0142y si\u0119 naprawd\u0119 wielkim zainteresowaniem wi\u0119c dla innych wystawc\u00f3w by\u0142 to czas na z\u0142apanie oddechu. Wielk\u0105 gratk\u0105 dla wszystkich by\u0142o spotkanie z legend\u0105 polskiego kolarstwa, Panem Ryszardem Szurkowskim. Cz\u0119\u015bciowo sparali\u017cowany po wypadku podczas wy\u015bcigu w Kolonii, Pan Ryszard wymaga ci\u0105g\u0142ej opieki i rehabilitacji. Spotkania z kibicami i przyjaci\u00f3\u0142mi z peletonu na pewno dodaj\u0105 mu otuchy i si\u0142 do dalszej walki. Pan Ryszard by\u0142 u\u015bmiechni\u0119ty, odpowiada\u0142 na pytania dziennikarzy oraz kibic\u00f3w. To ponad godzinne spotkanie zgromadzi\u0142o wielu zainteresowanych, gdy\u017c nazwisko Szurkowski zaraz ko\u0142o Szozdy, Langa i Mytnika wymienia ka\u017cdy napotkany na ulicy przechodzie\u0144. Dopiero specjali\u015bci i m\u0142odsze pokolenie znaj\u0105 takich as\u00f3w jak Majka czy Kwiatkowski. Z legend\u0105 kolarstwa szosowego w Polsce nie \u0142atwo si\u0119 spotka\u0107, tutaj by\u0142 On dos\u0142ownie na wyci\u0105gni\u0119cie r\u0119ki. Dwa tory mieli do dyspozycji testerzy rower\u00f3w. Na jednym, wiecznie obleganym, torze do MTB mo\u017cna by\u0142o sprawdzi\u0107 rowery g\u00f3rskie z do\u0142adowaniem elektrycznym. Co\u015b z czego kiedy\u015b si\u0119 \u015bmiano wchodzi na salony i robi si\u0119 coraz bardziej popularn\u0105 opcj\u0105 sp\u0119dzania wolnego czasu. Fajny przyk\u0142ad wsparcia jakie daje silnik elektryczny uda\u0142o mi si\u0119 przedstawi\u0107 w innym materiale do kt\u00f3rego mo\u017cecie si\u0119 przenie\u015b\u0107 klikaj\u0105c poni\u017cej:<\/p>\n<div class=\"shortcode-ys-post-pinup\"><article class=\"loop-simple post-5436 post type-post status-publish format-video has-post-thumbnail hentry category-bartosz-huzarski tag-bartosz-huzarski tag-bloger tag-rower-elektryczny tag-skodanapedzarowery tag-welovecycling post_format-post-format-video\" data-postid=\"5436\" role=\"article\" data-post-id=\"5436\" data-word-count=\"41\" data-headline-length=\"35\" data-category=\"Bartosz Huzarski\" data-author=\"Bartosz Huzarski\" data-published=\"2017-09-27T14:01:13+00:00\" data-published-day=\"Wednesday\">\n    <div class=\"entry-thumbnail article-thumbnail video-thumbnail\" content=\"https:\/\/d2p6e6u75xmxt8.cloudfront.net\/5\/2017\/08\/Sequence-02.00_02_53_03.Still011-150x150.jpg\"><svg class=\"play font-icon\"><use href=\"#play_round\" xlink:href=\"#play_round\"><\/use><\/svg><a href=\"https:\/\/www.welovecycling.com\/pl\/2017\/09\/27\/bartosz-huzarski-rower-elektryczny\/\" class=\"image-holder\" target=\"_self\"><img decoding=\"async\" loading=\"lazy\" class=\"\" src=\"https:\/\/d2p6e6u75xmxt8.cloudfront.net\/5\/2017\/08\/Sequence-02.00_02_53_03.Still011-1024x576.jpg\" srcset=\"https:\/\/d2p6e6u75xmxt8.cloudfront.net\/5\/2017\/08\/Sequence-02.00_02_53_03.Still011.jpg 1920w, https:\/\/d2p6e6u75xmxt8.cloudfront.net\/5\/2017\/08\/Sequence-02.00_02_53_03.Still011-300x169.jpg 300w, https:\/\/d2p6e6u75xmxt8.cloudfront.net\/5\/2017\/08\/Sequence-02.00_02_53_03.Still011-768x432.jpg 768w, https:\/\/d2p6e6u75xmxt8.cloudfront.net\/5\/2017\/08\/Sequence-02.00_02_53_03.Still011-1024x576.jpg 1024w, https:\/\/d2p6e6u75xmxt8.cloudfront.net\/5\/2017\/08\/Sequence-02.00_02_53_03.Still011-1920x1080.jpg 1920w\" width=\"1024\" height=\"576\" sizes=\"auto, (min-width: 1200px) 356px, (min-width: 768px) 30vw, 100vw\" alt=\"bartosz-huzarski-rower-elektryczny\"\/><\/a><\/div>    <div class=\"entry-meta\">\n        <a class=\"label label-secondary post-category\" href=\"https:\/\/www.welovecycling.com\/pl\/category\/bartosz-huzarski\/\" title=\"Bartosz Huzarski\">Bartosz Huzarski<\/a>\n    <\/div>\n    <div class=\"entry-details\">\n        <a href=\"https:\/\/www.welovecycling.com\/pl\/2017\/09\/27\/bartosz-huzarski-rower-elektryczny\/\" class='entry-title-wrapper'>\n            <h3 class=\"entry-title\"><span>Bartosz Huzarski: rower elektryczny<\/span><\/h3>\n        <\/a>\n    <\/div>\n    <\/article>\n<\/div>\n<p>By\u0142o te\u017c miejsce dla rower\u00f3w szosowych oraz mini skatepark dla deskorolek i rolkarzy. Ci drudzy mieli nawet swoje zawody. M\u0142odych i starszych mi\u0142o\u015bnik\u00f3w jazdy na desce by\u0142o s\u0142ycha\u0107 z daleka i my\u015bl\u0119, \u017ce oni bawili si\u0119 bardzo fajnie przez tych kilka dni. Kolejnym miejscem wartym odnotowania by\u0142o stoisko Las\u00f3w Pa\u0144stwowych, pisz\u0119 o tym w kontek\u015bcie coraz wi\u0119kszego nat\u0119\u017cenia ruchu samochodowego na drogach publicznych. W lesie jednak mo\u017cemy odnale\u017a\u0107 spok\u00f3j i \u015bwie\u017ce powietrze, ale przede wszystkim bezpiecze\u0144stwo. Przy dobrym i uniwersalnym sprz\u0119cie \u0142\u0105czenie terenu szosa-las jest rozwi\u0105zaniem idealnym. By\u0142y ju\u017c u nas materia\u0142y o rowerach prze\u0142ajowych i gravelowych, kt\u00f3re do tego typu wyjazd\u00f3w czy trening\u00f3w nadaj\u0105 si\u0119 najlepiej. Bike Show odwiedzi\u0142a jeszcze jedna wa\u017cna w kontek\u015bcie rower\u00f3w firma, \u0160koda Auto Szko\u0142a, kt\u00f3ra prowadzi szkolenia z zakresu bezpiecznego poruszania si\u0119 samochodem. Takie szkolenia otwieraj\u0105 oczy, sam przeszed\u0142em 2 poziomy i szczerze polecam. Kierowca po kursach Safety Driving ma \u015bwiadomo\u015b\u0107 tego co mo\u017ce go spotka\u0107 na drodze, wi\u0119c r\u00f3wnie\u017c w kontek\u015bcie rower\u00f3w poruszaj\u0105cych si\u0119 po drogach publicznych jest to bardzo wa\u017cne. Dodatkowo \u0160koda Auto Szko\u0142a zabra\u0142a interaktywny trena\u017cer z przygotowan\u0105 tras\u0105 na kt\u00f3rej mogli rywalizowa\u0107 odwiedzaj\u0105cy targi Bike Expo. Bywa\u0142y momenty, \u017ce kolejka oczekuj\u0105cych wi\u0142a si\u0119 na kilkana\u015bcie dobrych metr\u00f3w.<\/p>\n<p><img loading=\"lazy\" decoding=\"async\" class=\"aligncenter size-full wp-image-9645\" src=\"https:\/\/d2p6e6u75xmxt8.cloudfront.net\/5\/2019\/09\/BIKE_day2_part1-91-z-101.jpg\" alt=\"\" width=\"2500\" height=\"1669\" srcset=\"https:\/\/d2p6e6u75xmxt8.cloudfront.net\/5\/2019\/09\/BIKE_day2_part1-91-z-101.jpg 2500w, https:\/\/d2p6e6u75xmxt8.cloudfront.net\/5\/2019\/09\/BIKE_day2_part1-91-z-101-300x200.jpg 300w, https:\/\/d2p6e6u75xmxt8.cloudfront.net\/5\/2019\/09\/BIKE_day2_part1-91-z-101-768x513.jpg 768w, https:\/\/d2p6e6u75xmxt8.cloudfront.net\/5\/2019\/09\/BIKE_day2_part1-91-z-101-1024x684.jpg 1024w, https:\/\/d2p6e6u75xmxt8.cloudfront.net\/5\/2019\/09\/BIKE_day2_part1-91-z-101-1920x1282.jpg 1920w, https:\/\/d2p6e6u75xmxt8.cloudfront.net\/5\/2019\/09\/BIKE_day2_part1-91-z-101-272x182.jpg 272w, https:\/\/d2p6e6u75xmxt8.cloudfront.net\/5\/2019\/09\/BIKE_day2_part1-91-z-101-1920x1282.jpg 1920w\" sizes=\"auto, (max-width: 2500px) 100vw, 2500px\" \/><\/p>\n<p>W tegorocznej edycji targ\u00f3w by\u0142 jeszcze jeden wyj\u0105tkowy aspekt. Ot\u00f3\u017c na ich terenie by\u0142o biuro zawod\u00f3w UCI Gran Fondo World Championships czyli Mistrzostwa \u015awiata amator\u00f3w kt\u00f3re r\u00f3wnie\u017c w tych dniach odbywa\u0142y si\u0119 w Poznaniu. Kolarze przywie\u017ali ze sob\u0105 naprawd\u0119 ciekawe rowery, nietuzinkowy design stroj\u00f3w narodowych, a \u017ce w wy\u017cej wymienionych zawodach udzia\u0142 wzi\u0119li zawodnicy z 46 pa\u0144stw ca\u0142ego \u015bwiata ta mieszanka kulturowa by\u0142a bardzo ciekawa i co najwa\u017cniejsze u\u015bmiechni\u0119ta i ch\u0119tna do rozmowy.<\/p>\n<p>Rowery zabytkowe zestawione z nowoczesnym sprz\u0119tem, atrakcje bezpo\u015brednio dla zwiedzaj\u0105cych, spotkania z ciekawymi lud\u017ami, tory testowe, strefa gastronomiczna i mi\u0142y ch\u0142\u00f3d panuj\u0105cy wewn\u0105trz.\u00a0 Suplementy, stroje, akcesoria, kaski, ale r\u00f3wnie\u017c tematy bliskie kolarstwu i strefa relaksu. Mo\u017ce ma\u0142y niedosyt, \u017ce to tylko tyle, by\u0142 w oczach zwiedzaj\u0105cych, ale pami\u0119tajmy, \u017ce nie od razu Rzym zbudowano. Miejsce ma potencja\u0142, zar\u00f3wno obszar jak i lokalizacja daje nadzieje na rozw\u00f3j tego typu wydarze\u0144.<\/p>\n<p><img loading=\"lazy\" decoding=\"async\" class=\"aligncenter size-full wp-image-9649\" src=\"https:\/\/d2p6e6u75xmxt8.cloudfront.net\/5\/2019\/09\/BIKE_day2_part1-4-z-101.jpg\" alt=\"\" width=\"2500\" height=\"1669\" srcset=\"https:\/\/d2p6e6u75xmxt8.cloudfront.net\/5\/2019\/09\/BIKE_day2_part1-4-z-101.jpg 2500w, https:\/\/d2p6e6u75xmxt8.cloudfront.net\/5\/2019\/09\/BIKE_day2_part1-4-z-101-300x200.jpg 300w, https:\/\/d2p6e6u75xmxt8.cloudfront.net\/5\/2019\/09\/BIKE_day2_part1-4-z-101-768x513.jpg 768w, https:\/\/d2p6e6u75xmxt8.cloudfront.net\/5\/2019\/09\/BIKE_day2_part1-4-z-101-1024x684.jpg 1024w, https:\/\/d2p6e6u75xmxt8.cloudfront.net\/5\/2019\/09\/BIKE_day2_part1-4-z-101-1920x1282.jpg 1920w, https:\/\/d2p6e6u75xmxt8.cloudfront.net\/5\/2019\/09\/BIKE_day2_part1-4-z-101-272x182.jpg 272w, https:\/\/d2p6e6u75xmxt8.cloudfront.net\/5\/2019\/09\/BIKE_day2_part1-4-z-101-1920x1282.jpg 1920w\" sizes=\"auto, (max-width: 2500px) 100vw, 2500px\" \/><\/p>\n<p>&nbsp;<\/p>\n<p><span data-sheets-value=\"{&quot;1&quot;:2,&quot;2&quot;:&quot;Artyku\u0142 powsta\u0142 we wsp\u00f3\u0142pracy ze skoda-auto.pl&quot;}\" data-sheets-userformat=\"{&quot;2&quot;:1,&quot;3&quot;:{&quot;1&quot;:0}}\"><a class=\"in-cell-link\" href=\"http:\/\/www.skoda-auto.pl\/\" target=\"_blank\" rel=\"noopener\">Artyku\u0142 powsta\u0142 we wsp\u00f3\u0142pracy ze skoda-auto.pl<\/a><\/span><\/p>\n<p><a href=\"https:\/\/www.skoda-auto.pl\/modele\/karoq\"><img loading=\"lazy\" decoding=\"async\" class=\"aligncenter wp-image-9606 size-full loading\" src=\"https:\/\/d2p6e6u75xmxt8.cloudfront.net\/5\/2019\/08\/baner_WLC_640x350_1.png\" sizes=\"auto, (max-width: 640px) 100vw, 640px\" srcset=\"https:\/\/d2p6e6u75xmxt8.cloudfront.net\/5\/2019\/08\/baner_WLC_640x350_1.png 640w, https:\/\/d2p6e6u75xmxt8.cloudfront.net\/5\/2019\/08\/baner_WLC_640x350_1-300x164.png 300w\" alt=\"\" width=\"640\" height=\"350\" data-was-processed=\"true\" \/><\/a><\/p>\n","protected":false},"excerpt":{"rendered":"<p>Pierwsze targi rowerowe Bike Show za nami. Trzydniowe spotkanie bran\u017cy rowerowej na terenie Mi\u0119dzynarodowych Targ\u00f3w Pozna\u0144skich budzi\u0142o r\u00f3\u017cne emocje. Najlepszym [&hellip;]<\/p>\n","protected":false},"author":76,"featured_media":9645,"comment_status":"open","ping_status":"open","sticky":false,"template":"","format":"standard","meta":{"footnotes":""},"categories":[203,226],"tags":[],"global-categories":[],"class_list":["post-9644","post","type-post","status-publish","format-standard","has-post-thumbnail","hentry","category-bartosz-huzarski","category-ciekawostki"],"yoast_head":"<!-- This site is optimized with the Yoast SEO Premium plugin v25.3 (Yoast SEO v25.9) - https:\/\/yoast.com\/wordpress\/plugins\/seo\/ -->\n<title>Bartosz Huzarski: Relacja z Pozna\u0144 Bike Show - \u0160koda We Love Cycling - Poland<\/title>\n<meta name=\"robots\" content=\"index, follow, max-snippet:-1, max-image-preview:large, max-video-preview:-1\" \/>\n<link rel=\"canonical\" href=\"https:\/\/www.welovecycling.com\/pl\/2019\/09\/03\/bartosz-huzarski-relacja-z-poznan-bike-show\/\" \/>\n<meta property=\"og:locale\" content=\"pl_PL\" \/>\n<meta property=\"og:type\" content=\"article\" \/>\n<meta property=\"og:title\" content=\"Bartosz Huzarski: Relacja z Pozna\u0144 Bike Show\" \/>\n<meta property=\"og:description\" content=\"Pierwsze targi rowerowe Bike Show za nami. Trzydniowe spotkanie bran\u017cy rowerowej na terenie Mi\u0119dzynarodowych Targ\u00f3w Pozna\u0144skich budzi\u0142o r\u00f3\u017cne emocje. Najlepszym [&hellip;]\" \/>\n<meta property=\"og:url\" content=\"https:\/\/www.welovecycling.com\/pl\/2019\/09\/03\/bartosz-huzarski-relacja-z-poznan-bike-show\/\" \/>\n<meta property=\"og:site_name\" content=\"\u0160koda We Love Cycling - Poland\" \/>\n<meta property=\"article:published_time\" content=\"2019-09-03T16:16:54+00:00\" \/>\n<meta property=\"article:modified_time\" content=\"2019-09-03T16:17:31+00:00\" \/>\n<meta property=\"og:image\" content=\"https:\/\/d2p6e6u75xmxt8.cloudfront.net\/5\/2019\/09\/BIKE_day2_part1-91-z-101-1024x684.jpg\" \/>\n\t<meta property=\"og:image:width\" content=\"1024\" \/>\n\t<meta property=\"og:image:height\" content=\"684\" \/>\n\t<meta property=\"og:image:type\" content=\"image\/jpeg\" \/>\n<meta name=\"author\" content=\"piotrboczkowski\" \/>\n<meta name=\"twitter:card\" content=\"summary_large_image\" \/>\n<meta name=\"twitter:label1\" content=\"Written by\" \/>\n\t<meta name=\"twitter:data1\" content=\"Bartosz Huzarski\" \/>\n\t<meta name=\"twitter:label2\" content=\"Est. reading time\" \/>\n\t<meta name=\"twitter:data2\" content=\"5 minutes\" \/>\n<script type=\"application\/ld+json\" class=\"yoast-schema-graph\">{\"@context\":\"https:\/\/schema.org\",\"@graph\":[{\"@type\":\"WebPage\",\"@id\":\"https:\/\/www.welovecycling.com\/pl\/2019\/09\/03\/bartosz-huzarski-relacja-z-poznan-bike-show\/\",\"url\":\"https:\/\/www.welovecycling.com\/pl\/2019\/09\/03\/bartosz-huzarski-relacja-z-poznan-bike-show\/\",\"name\":\"Bartosz Huzarski: Relacja z Pozna\u0144 Bike Show - \u0160koda We Love Cycling - Poland\",\"isPartOf\":{\"@id\":\"https:\/\/www.welovecycling.com\/pl\/#website\"},\"primaryImageOfPage\":{\"@id\":\"https:\/\/www.welovecycling.com\/pl\/2019\/09\/03\/bartosz-huzarski-relacja-z-poznan-bike-show\/#primaryimage\"},\"image\":{\"@id\":\"https:\/\/www.welovecycling.com\/pl\/2019\/09\/03\/bartosz-huzarski-relacja-z-poznan-bike-show\/#primaryimage\"},\"thumbnailUrl\":\"https:\/\/d2p6e6u75xmxt8.cloudfront.net\/5\/2019\/09\/BIKE_day2_part1-91-z-101.jpg\",\"datePublished\":\"2019-09-03T16:16:54+00:00\",\"dateModified\":\"2019-09-03T16:17:31+00:00\",\"author\":{\"@id\":\"https:\/\/www.welovecycling.com\/pl\/#\/schema\/person\/0dba2d39da943db9df3fd8f4687e7f23\"},\"breadcrumb\":{\"@id\":\"https:\/\/www.welovecycling.com\/pl\/2019\/09\/03\/bartosz-huzarski-relacja-z-poznan-bike-show\/#breadcrumb\"},\"inLanguage\":\"pl-PL\",\"potentialAction\":[{\"@type\":\"ReadAction\",\"target\":[\"https:\/\/www.welovecycling.com\/pl\/2019\/09\/03\/bartosz-huzarski-relacja-z-poznan-bike-show\/\"]}]},{\"@type\":\"ImageObject\",\"inLanguage\":\"pl-PL\",\"@id\":\"https:\/\/www.welovecycling.com\/pl\/2019\/09\/03\/bartosz-huzarski-relacja-z-poznan-bike-show\/#primaryimage\",\"url\":\"https:\/\/d2p6e6u75xmxt8.cloudfront.net\/5\/2019\/09\/BIKE_day2_part1-91-z-101.jpg\",\"contentUrl\":\"https:\/\/d2p6e6u75xmxt8.cloudfront.net\/5\/2019\/09\/BIKE_day2_part1-91-z-101.jpg\",\"width\":2500,\"height\":1669},{\"@type\":\"BreadcrumbList\",\"@id\":\"https:\/\/www.welovecycling.com\/pl\/2019\/09\/03\/bartosz-huzarski-relacja-z-poznan-bike-show\/#breadcrumb\",\"itemListElement\":[{\"@type\":\"ListItem\",\"position\":1,\"name\":\"Home\",\"item\":\"https:\/\/www.welovecycling.com\/pl\/\"},{\"@type\":\"ListItem\",\"position\":2,\"name\":\"Bartosz Huzarski: Relacja z Pozna\u0144 Bike Show\"}]},{\"@type\":\"WebSite\",\"@id\":\"https:\/\/www.welovecycling.com\/pl\/#website\",\"url\":\"https:\/\/www.welovecycling.com\/pl\/\",\"name\":\"\u0160koda We Love Cycling - Poland\",\"description\":\"\",\"potentialAction\":[{\"@type\":\"SearchAction\",\"target\":{\"@type\":\"EntryPoint\",\"urlTemplate\":\"https:\/\/www.welovecycling.com\/pl\/?s={search_term_string}\"},\"query-input\":{\"@type\":\"PropertyValueSpecification\",\"valueRequired\":true,\"valueName\":\"search_term_string\"}}],\"inLanguage\":\"pl-PL\"},{\"@type\":\"Person\",\"@id\":\"https:\/\/www.welovecycling.com\/pl\/#\/schema\/person\/0dba2d39da943db9df3fd8f4687e7f23\",\"name\":\"piotrboczkowski\",\"image\":{\"@type\":\"ImageObject\",\"inLanguage\":\"pl-PL\",\"@id\":\"https:\/\/www.welovecycling.com\/pl\/#\/schema\/person\/image\/\",\"url\":\"https:\/\/secure.gravatar.com\/avatar\/533caccae14752e03a2ce2d3fd62d1b98b93e1393c3195c27819e53344ca1ace?s=96&d=mm&r=g\",\"contentUrl\":\"https:\/\/secure.gravatar.com\/avatar\/533caccae14752e03a2ce2d3fd62d1b98b93e1393c3195c27819e53344ca1ace?s=96&d=mm&r=g\",\"caption\":\"piotrboczkowski\"},\"url\":\"https:\/\/www.welovecycling.com\/pl\/author\/piotrboczkowski\/\"}]}<\/script>\n<!-- \/ Yoast SEO Premium plugin. -->","yoast_head_json":{"title":"Bartosz Huzarski: Relacja z Pozna\u0144 Bike Show - \u0160koda We Love Cycling - Poland","robots":{"index":"index","follow":"follow","max-snippet":"max-snippet:-1","max-image-preview":"max-image-preview:large","max-video-preview":"max-video-preview:-1"},"canonical":"https:\/\/www.welovecycling.com\/pl\/2019\/09\/03\/bartosz-huzarski-relacja-z-poznan-bike-show\/","og_locale":"pl_PL","og_type":"article","og_title":"Bartosz Huzarski: Relacja z Pozna\u0144 Bike Show","og_description":"Pierwsze targi rowerowe Bike Show za nami. Trzydniowe spotkanie bran\u017cy rowerowej na terenie Mi\u0119dzynarodowych Targ\u00f3w Pozna\u0144skich budzi\u0142o r\u00f3\u017cne emocje. Najlepszym [&hellip;]","og_url":"https:\/\/www.welovecycling.com\/pl\/2019\/09\/03\/bartosz-huzarski-relacja-z-poznan-bike-show\/","og_site_name":"\u0160koda We Love Cycling - Poland","article_published_time":"2019-09-03T16:16:54+00:00","article_modified_time":"2019-09-03T16:17:31+00:00","og_image":[{"width":1024,"height":684,"url":"https:\/\/d2p6e6u75xmxt8.cloudfront.net\/5\/2019\/09\/BIKE_day2_part1-91-z-101-1024x684.jpg","type":"image\/jpeg"}],"author":"piotrboczkowski","twitter_card":"summary_large_image","twitter_misc":{"Written by":"Bartosz Huzarski","Est. reading time":"5 minutes"},"schema":{"@context":"https:\/\/schema.org","@graph":[{"@type":"WebPage","@id":"https:\/\/www.welovecycling.com\/pl\/2019\/09\/03\/bartosz-huzarski-relacja-z-poznan-bike-show\/","url":"https:\/\/www.welovecycling.com\/pl\/2019\/09\/03\/bartosz-huzarski-relacja-z-poznan-bike-show\/","name":"Bartosz Huzarski: Relacja z Pozna\u0144 Bike Show - \u0160koda We Love Cycling - Poland","isPartOf":{"@id":"https:\/\/www.welovecycling.com\/pl\/#website"},"primaryImageOfPage":{"@id":"https:\/\/www.welovecycling.com\/pl\/2019\/09\/03\/bartosz-huzarski-relacja-z-poznan-bike-show\/#primaryimage"},"image":{"@id":"https:\/\/www.welovecycling.com\/pl\/2019\/09\/03\/bartosz-huzarski-relacja-z-poznan-bike-show\/#primaryimage"},"thumbnailUrl":"https:\/\/d2p6e6u75xmxt8.cloudfront.net\/5\/2019\/09\/BIKE_day2_part1-91-z-101.jpg","datePublished":"2019-09-03T16:16:54+00:00","dateModified":"2019-09-03T16:17:31+00:00","author":{"@id":"https:\/\/www.welovecycling.com\/pl\/#\/schema\/person\/0dba2d39da943db9df3fd8f4687e7f23"},"breadcrumb":{"@id":"https:\/\/www.welovecycling.com\/pl\/2019\/09\/03\/bartosz-huzarski-relacja-z-poznan-bike-show\/#breadcrumb"},"inLanguage":"pl-PL","potentialAction":[{"@type":"ReadAction","target":["https:\/\/www.welovecycling.com\/pl\/2019\/09\/03\/bartosz-huzarski-relacja-z-poznan-bike-show\/"]}]},{"@type":"ImageObject","inLanguage":"pl-PL","@id":"https:\/\/www.welovecycling.com\/pl\/2019\/09\/03\/bartosz-huzarski-relacja-z-poznan-bike-show\/#primaryimage","url":"https:\/\/d2p6e6u75xmxt8.cloudfront.net\/5\/2019\/09\/BIKE_day2_part1-91-z-101.jpg","contentUrl":"https:\/\/d2p6e6u75xmxt8.cloudfront.net\/5\/2019\/09\/BIKE_day2_part1-91-z-101.jpg","width":2500,"height":1669},{"@type":"BreadcrumbList","@id":"https:\/\/www.welovecycling.com\/pl\/2019\/09\/03\/bartosz-huzarski-relacja-z-poznan-bike-show\/#breadcrumb","itemListElement":[{"@type":"ListItem","position":1,"name":"Home","item":"https:\/\/www.welovecycling.com\/pl\/"},{"@type":"ListItem","position":2,"name":"Bartosz Huzarski: Relacja z Pozna\u0144 Bike Show"}]},{"@type":"WebSite","@id":"https:\/\/www.welovecycling.com\/pl\/#website","url":"https:\/\/www.welovecycling.com\/pl\/","name":"\u0160koda We Love Cycling - Poland","description":"","potentialAction":[{"@type":"SearchAction","target":{"@type":"EntryPoint","urlTemplate":"https:\/\/www.welovecycling.com\/pl\/?s={search_term_string}"},"query-input":{"@type":"PropertyValueSpecification","valueRequired":true,"valueName":"search_term_string"}}],"inLanguage":"pl-PL"},{"@type":"Person","@id":"https:\/\/www.welovecycling.com\/pl\/#\/schema\/person\/0dba2d39da943db9df3fd8f4687e7f23","name":"piotrboczkowski","image":{"@type":"ImageObject","inLanguage":"pl-PL","@id":"https:\/\/www.welovecycling.com\/pl\/#\/schema\/person\/image\/","url":"https:\/\/secure.gravatar.com\/avatar\/533caccae14752e03a2ce2d3fd62d1b98b93e1393c3195c27819e53344ca1ace?s=96&d=mm&r=g","contentUrl":"https:\/\/secure.gravatar.com\/avatar\/533caccae14752e03a2ce2d3fd62d1b98b93e1393c3195c27819e53344ca1ace?s=96&d=mm&r=g","caption":"piotrboczkowski"},"url":"https:\/\/www.welovecycling.com\/pl\/author\/piotrboczkowski\/"}]}},"_links":{"self":[{"href":"https:\/\/www.welovecycling.com\/pl\/wp-json\/wp\/v2\/posts\/9644","targetHints":{"allow":["GET"]}}],"collection":[{"href":"https:\/\/www.welovecycling.com\/pl\/wp-json\/wp\/v2\/posts"}],"about":[{"href":"https:\/\/www.welovecycling.com\/pl\/wp-json\/wp\/v2\/types\/post"}],"author":[{"embeddable":true,"href":"https:\/\/www.welovecycling.com\/pl\/wp-json\/wp\/v2\/users\/76"}],"replies":[{"embeddable":true,"href":"https:\/\/www.welovecycling.com\/pl\/wp-json\/wp\/v2\/comments?post=9644"}],"version-history":[{"count":2,"href":"https:\/\/www.welovecycling.com\/pl\/wp-json\/wp\/v2\/posts\/9644\/revisions"}],"predecessor-version":[{"id":9651,"href":"https:\/\/www.welovecycling.com\/pl\/wp-json\/wp\/v2\/posts\/9644\/revisions\/9651"}],"wp:featuredmedia":[{"embeddable":true,"href":"https:\/\/www.welovecycling.com\/pl\/wp-json\/wp\/v2\/media\/9645"}],"wp:attachment":[{"href":"https:\/\/www.welovecycling.com\/pl\/wp-json\/wp\/v2\/media?parent=9644"}],"wp:term":[{"taxonomy":"category","embeddable":true,"href":"https:\/\/www.welovecycling.com\/pl\/wp-json\/wp\/v2\/categories?post=9644"},{"taxonomy":"post_tag","embeddable":true,"href":"https:\/\/www.welovecycling.com\/pl\/wp-json\/wp\/v2\/tags?post=9644"},{"taxonomy":"global-categories","embeddable":true,"href":"https:\/\/www.welovecycling.com\/pl\/wp-json\/wp\/v2\/global-categories?post=9644"}],"curies":[{"name":"wp","href":"https:\/\/api.w.org\/{rel}","templated":true}]}}