{"id":9633,"date":"2019-09-02T14:54:15","date_gmt":"2019-09-02T14:54:15","guid":{"rendered":"https:\/\/www.welovecycling.com\/pl\/?p=9633"},"modified":"2019-09-22T21:08:46","modified_gmt":"2019-09-22T21:08:46","slug":"bartosz-huzarski-2019-gran-fondo-world-championships-poznan-relacja","status":"publish","type":"post","link":"https:\/\/www.welovecycling.com\/pl\/2019\/09\/02\/bartosz-huzarski-2019-gran-fondo-world-championships-poznan-relacja\/","title":{"rendered":"Bartosz Huzarski: Relacja z 2019 Gran Fondo World Championships Pozna\u0144"},"content":{"rendered":"<p><strong>Za nami historyczne, gdy\u017c pierwsze, Mistrzostwa \u015awiata Gran Fondo w Polsce. Coroczna impreza \u0160koda Pozna\u0144 Bike Challange kt\u00f3ra zazwyczaj by\u0142a jednym z etap\u00f3w eliminacji do tej najwa\u017cniejszej mistrzowskiej imprezy,\u00a0 po latach stara\u0144 otrzyma\u0142a prawo organizacji fina\u0142u. Dwa dni \u015bcigania o tytu\u0142y Mistrzy\u0144 i Mistrz\u00f3w \u015awiata swoich kategorii wiekowych za nami.\u00a0<\/strong><\/p>\n<p><img loading=\"lazy\" decoding=\"async\" class=\"aligncenter size-full wp-image-9641\" src=\"https:\/\/d2p6e6u75xmxt8.cloudfront.net\/5\/2019\/09\/3-crop.jpg\" alt=\"\" width=\"1306\" height=\"870\" srcset=\"https:\/\/d2p6e6u75xmxt8.cloudfront.net\/5\/2019\/09\/3-crop.jpg 1306w, https:\/\/d2p6e6u75xmxt8.cloudfront.net\/5\/2019\/09\/3-crop-300x200.jpg 300w, https:\/\/d2p6e6u75xmxt8.cloudfront.net\/5\/2019\/09\/3-crop-768x512.jpg 768w, https:\/\/d2p6e6u75xmxt8.cloudfront.net\/5\/2019\/09\/3-crop-1024x682.jpg 1024w, https:\/\/d2p6e6u75xmxt8.cloudfront.net\/5\/2019\/09\/3-crop-272x182.jpg 272w\" sizes=\"auto, (max-width: 1306px) 100vw, 1306px\" \/><\/p>\n<p>Ca\u0142a impreza skupiona by\u0142a wok\u00f3\u0142 Mi\u0119dzynarodowych Targ\u00f3w Pozna\u0144skich, na kt\u00f3rych przy okazji zawod\u00f3w odby\u0142y si\u0119 pierwsze targi Pozna\u0144 Bike Show (o nich kiedy indziej). Na terenie Targ\u00f3w organizator przygotowa\u0142 obszerne i bardzo dobrze dzia\u0142aj\u0105ce biuro zawod\u00f3w z najlepsz\u0105 ekip\u0105 s\u0119dziowsk\u0105 jak\u0105 mo\u017cna sobie wymarzy\u0107. Pod dow\u00f3dztwem Pana Tomasza Cichego, s\u0119dziego UCI, oraz jego zespo\u0142u wszystkie zawody s\u0105 s\u0119dziowane bardzo rzetelnie \u2013 nie inaczej by\u0142o w Poznaniu. Czwartkowa jazda indywidualna na czas odby\u0142a si\u0119 na obiekcie Autodromu Bednary Driving Center i liczy\u0142a 18,3 km. Tutaj do g\u0142osu doszli najlepsi specjali\u015bci w walce z czasem. Gdy zegar tyka, a o by\u0107 albo nie by\u0107 decyduj\u0105 sekundy, nie ma czasu na zw\u0105tpienie i p\u00f3\u017aniejsze nadrabianie strat. Podczas jazdy indywidualnej na czas ka\u017cdy jedzie to co ma pod nog\u0105 (taki kolarski slang) od startu do mety, cho\u0107 nawet na trasie o d\u0142ugo\u015bci mniej ni\u017c 19 km warto mie\u0107 taktyk\u0119 oraz strategi\u0119 roz\u0142o\u017cenia si\u0142. Zawodnicy oczywi\u015bcie zgodnie z nazw\u0105 rywalizacji, ca\u0142\u0105 tras\u0119 musz\u0105 pokonywa\u0107 indywidualnie, tak samo wygl\u0105da procedura startowa, czyli ka\u017cdy startuje indywidualnie wed\u0142ug wcze\u015bniej opublikowanej listy \u2013 starty nast\u0119puj\u0105 co 30 sekund.<\/p>\n<p>Najlepszy czas dnia uzyska\u0142 zawodnik ze Stan\u00f3w Zjednoczonych Brock Mason, kt\u00f3ry za\u0142o\u017cony dystans przejecha\u0142 w czasie 23:08.69 i uzyska\u0142 \u015bredni\u0105 pr\u0119dko\u015b\u0107 46,66 km\/h. Wynik jak na zawodnika nie \u015bcigaj\u0105cego si\u0119 zawodowo bardzo dobry. Warto tutaj odnotowa\u0107 trzeci czas dnia Miros\u0142awa W\u00f3jciaka ze strat\u0105 19 sekund do Masona oraz Piotra Klina, kt\u00f3ry ze strat\u0105 20 sekund by\u0142 4 open. Tak \u015bwietne otwarcie Mistrzostw \u015awiata da\u0142o naszym reprezentantom pierwsze miejsce w kategorii wiekowej M40-44 \u2013 W\u00f3jciaka, oraz drugie miejsce w kategorii wiekowej M19-34 Piotra Klina, kt\u00f3ry jest aktualnym rekordzist\u0105 \u015bwiata amator\u00f3w w je\u017adzie godzinnej na torze. Br\u0105zowe medale zawis\u0142y ponadto na szyjach Miros\u0142awa Jaszowskiego oraz Ksawerego Leszczy\u0144skiego. Reprezentacja \u017ce\u0144ska nie pozosta\u0142a d\u0142u\u017cna panom i koszulk\u0119 z t\u0119cz\u0105 Mistrzyni \u015awiata za\u0142o\u017cy\u0142a na scenie g\u0142\u00f3wnej Ewa Ba\u0144kowska, kt\u00f3ra z czasem 25:44 zaj\u0119\u0142a 118 miejsce open na wsp\u00f3lnej li\u015bcie damsko-m\u0119skiej. Tak wi\u0119c Pani Ewa pozostawi\u0142a w pokonanym polu kilkuset m\u0119\u017cczyzn gdy\u017c tego dnia do rywalizacji przyst\u0105pi\u0142o ponad 430 zawodnik\u00f3w. Ca\u0142a impreza ITT zamkn\u0119\u0142a si\u0119 w sze\u015bciu godzinach.<\/p>\n<div id='gallery-1' class='gallery galleryid-9633 gallery-columns-3 gallery-size-full'><figure class='gallery-item'>\n\t\t\t<div class='gallery-icon landscape'>\n\t\t\t\t<img loading=\"lazy\" decoding=\"async\" width=\"1600\" height=\"1067\" src=\"https:\/\/d2p6e6u75xmxt8.cloudfront.net\/5\/2019\/09\/5.jpg\" class=\"attachment-full size-full\" alt=\"\" srcset=\"https:\/\/d2p6e6u75xmxt8.cloudfront.net\/5\/2019\/09\/5.jpg 1600w, https:\/\/d2p6e6u75xmxt8.cloudfront.net\/5\/2019\/09\/5-300x200.jpg 300w, https:\/\/d2p6e6u75xmxt8.cloudfront.net\/5\/2019\/09\/5-768x512.jpg 768w, https:\/\/d2p6e6u75xmxt8.cloudfront.net\/5\/2019\/09\/5-1024x683.jpg 1024w, https:\/\/d2p6e6u75xmxt8.cloudfront.net\/5\/2019\/09\/5-272x182.jpg 272w\" sizes=\"auto, (max-width: 1600px) 100vw, 1600px\" \/>\n\t\t\t<\/div><\/figure><figure class='gallery-item'>\n\t\t\t<div class='gallery-icon landscape'>\n\t\t\t\t<img loading=\"lazy\" decoding=\"async\" width=\"1600\" height=\"1067\" src=\"https:\/\/d2p6e6u75xmxt8.cloudfront.net\/5\/2019\/09\/4.jpg\" class=\"attachment-full size-full\" alt=\"\" srcset=\"https:\/\/d2p6e6u75xmxt8.cloudfront.net\/5\/2019\/09\/4.jpg 1600w, https:\/\/d2p6e6u75xmxt8.cloudfront.net\/5\/2019\/09\/4-300x200.jpg 300w, https:\/\/d2p6e6u75xmxt8.cloudfront.net\/5\/2019\/09\/4-768x512.jpg 768w, https:\/\/d2p6e6u75xmxt8.cloudfront.net\/5\/2019\/09\/4-1024x683.jpg 1024w, https:\/\/d2p6e6u75xmxt8.cloudfront.net\/5\/2019\/09\/4-272x182.jpg 272w\" sizes=\"auto, (max-width: 1600px) 100vw, 1600px\" \/>\n\t\t\t<\/div><\/figure><figure class='gallery-item'>\n\t\t\t<div class='gallery-icon landscape'>\n\t\t\t\t<img loading=\"lazy\" decoding=\"async\" width=\"2694\" height=\"1891\" src=\"https:\/\/d2p6e6u75xmxt8.cloudfront.net\/5\/2019\/09\/7-crop.JPG.jpg\" class=\"attachment-full size-full\" alt=\"\" srcset=\"https:\/\/d2p6e6u75xmxt8.cloudfront.net\/5\/2019\/09\/7-crop.JPG.jpg 2694w, https:\/\/d2p6e6u75xmxt8.cloudfront.net\/5\/2019\/09\/7-crop.JPG-300x211.jpg 300w, https:\/\/d2p6e6u75xmxt8.cloudfront.net\/5\/2019\/09\/7-crop.JPG-768x539.jpg 768w, https:\/\/d2p6e6u75xmxt8.cloudfront.net\/5\/2019\/09\/7-crop.JPG-1024x719.jpg 1024w, https:\/\/d2p6e6u75xmxt8.cloudfront.net\/5\/2019\/09\/7-crop.JPG-1920x1348.jpg 1920w, https:\/\/d2p6e6u75xmxt8.cloudfront.net\/5\/2019\/09\/7-crop.JPG-1920x1348.jpg 1920w\" sizes=\"auto, (max-width: 2694px) 100vw, 2694px\" \/>\n\t\t\t<\/div><\/figure>\n\t\t<\/div>\n\n<p>Po dw\u00f3ch dniach przerwy, podczas kt\u00f3rych zawodnicy z 46 kraj\u00f3w \u015bwiata zwiedzali Pozna\u0144 i jego okolice nadszed\u0142 dzie\u0144 wy\u015bcig\u00f3w ze startu wsp\u00f3lnego. Z podzia\u0142em na sektory wiekowe i dwa dystanse Medio Fondo o d\u0142ugo\u015bci 107,7 km oraz Gran Fondo o d\u0142ugo\u015bci 150,9 km ruszy\u0142y emocje wy\u015bcigowe, kt\u00f3re doskonale znamy. O godzinie 8:50 wyruszy\u0142 na tras\u0119 pierwszy sektor, a ka\u017cdy kolejny w odst\u0119pach siedmiominutowych, to dla bezpiecze\u0144stwa uczestnik\u00f3w oraz zgodnie z wymogami UCI. Runda, kt\u00f3r\u0105 przygotowa\u0142 organizator zgodnie z restrykcyjnymi przepisami Mi\u0119dzynarodowej Unii Kolarskiej by\u0142a p\u0142aska i wietrzna, w ko\u0144cu byli\u015bmy w Poznaniu, wi\u0119c g\u00f3r tutaj szuka\u0107 na pr\u00f3\u017cno. P\u0142aska trasa bywa niebezpieczna, cho\u0107 o tym decyduj\u0105 ju\u017c sami zawodnicy g\u0142\u00f3wnie poprzez sw\u00f3j styl jazdy i do\u015bwiadczenie. Wy\u015bcig o wysokiej randze dodatkowo podkr\u0119ca\u0142 atmosfer\u0119 nerwowo\u015bci, a przy wiej\u0105cym wietrze ka\u017cdy szuka\u0142 jak najlepszego miejsca w grupie, da\u0142o si\u0119 to odczu\u0107 i zauwa\u017cy\u0107 ju\u017c na starcie, kiedy to najlepsze miejsca w sektorach by\u0142y zaj\u0119te na d\u0142ugo przed gwizdkiem startera.<\/p>\n<p>W tym roku w Poznaniu wystartowa\u0142a wyselekcjonowana grupa zawodnik\u00f3w. Prawo startu w finale Gran Fondo maj\u0105 tylko te osoby, kt\u00f3re na poszczeg\u00f3lnych eliminacjach meldowa\u0142y si\u0119 na mecie odpowiednio wysoko. Uzyskanie tzw. slota nie by\u0142o wcale takie proste, a dodatkowo odstrasza\u0142a troch\u0119 narzucona przez Mi\u0119dzynarodow\u0105 Uni\u0119 Kolarsk\u0105 op\u0142ata startowa. Tak czy siak frekwencja dopisa\u0142a a r\u00f3\u017cnorodno\u015b\u0107 koszulek na starcie naprawd\u0119 cieszy\u0142a. Tak jak ju\u017c pisa\u0142em, zawodnicy 46 narodowo\u015bci z ca\u0142ego \u015bwiata zjechali si\u0119 do Poznania. W \u015br\u00f3d nich tak odleg\u0142e lokalizacje jak Kanada, Nowa Zelandia, Meksyk czy Japonia. Nie mniej jednak najbardziej liczne grupy by\u0142y z Belgii, Austrii i Wielkiej Brytani. Trasa niedzielnego \u015bcigania sprzyja\u0142a zawodnikom szybkim, nauczonym odnale\u017a\u0107 si\u0119 przy warunkach przypominaj\u0105cych wy\u015bcig typowo Belgijski. My\u015bl\u0119, \u017ce zabrak\u0142o tylko bruku ewentualnie jakiego\u015b odcinka szutru. Ka\u017cdy kto po wy\u015bcigu dotar\u0142 na met\u0119 opowiada\u0142 to samo \u2013 tak szybko w tym roku jeszcze nie je\u017adzi\u0142em, pierwsza godzina wy\u015bcigu to ponad 50 km\/h \u015brednia pr\u0119dko\u015b\u0107, ranty, ranty i jeszcze raz ranty. Niestety, ale o kraksach te\u017c m\u00f3wi\u0142o si\u0119 sporo, ryzyko jest wpisane w uprawianie ka\u017cdego sportu na poziomie wyczynowym lub ju\u017c prawie wyczynowym, a raczej ma\u0142o kto startuj\u0105c w wy\u015bcigu o randze Mistrzostw \u015awiata by\u0142 tego dnia na rowerowej przeja\u017cd\u017cce.<\/p>\n<p><img loading=\"lazy\" decoding=\"async\" class=\"aligncenter size-full wp-image-9639\" src=\"https:\/\/d2p6e6u75xmxt8.cloudfront.net\/5\/2019\/09\/1.jpg\" alt=\"\" width=\"1600\" height=\"1068\" srcset=\"https:\/\/d2p6e6u75xmxt8.cloudfront.net\/5\/2019\/09\/1.jpg 1600w, https:\/\/d2p6e6u75xmxt8.cloudfront.net\/5\/2019\/09\/1-300x200.jpg 300w, https:\/\/d2p6e6u75xmxt8.cloudfront.net\/5\/2019\/09\/1-768x513.jpg 768w, https:\/\/d2p6e6u75xmxt8.cloudfront.net\/5\/2019\/09\/1-1024x684.jpg 1024w, https:\/\/d2p6e6u75xmxt8.cloudfront.net\/5\/2019\/09\/1-272x182.jpg 272w\" sizes=\"auto, (max-width: 1600px) 100vw, 1600px\" \/><\/p>\n<p>Zgodnie z przewidywaniami \u015bwietnie na tej trasie radzili sobie Belgowie, kt\u00f3rych reprezentant wygra\u0142 w open wy\u015bcig Gran Fondo. Maxim Pirard jad\u0105cy w kategorii 19-34 osi\u0105gn\u0105\u0142 czas 3:22.22 i by\u0142 najlepszy z uciekaj\u0105cej grupy. R\u00f3\u017cnice na mecie by\u0142y minimalne co jeszcze raz podkre\u015bla poziom sportowy imprezy. Zagraniczni kolarze dali popis \u015bcigania gdy\u017c dopiero na 16 miejscu uplasowa\u0142 si\u0119 najlepszy z bia\u0142o-czerwonych Mariusz Pa\u0142yga kt\u00f3ry straci\u0142 do zwyci\u0119scy 39 sekund. Jednak nie tylko open liczy si\u0119 na takiej imprezie, gdy\u017c by\u0142oby to po prostu nie fair, dlatego dzi\u0119ki podzia\u0142owi na kategorie wiekowe Polacy zdobyli dwa z\u0142ote medale. W\u015br\u00f3d Pa\u0144 w swojej kategorii wiekowej zn\u00f3w najlepsza okaza\u0142a si\u0119 Ewa Ba\u0144kowska, kt\u00f3ra do\u0142o\u017cy\u0142a kolejne z\u0142oto do swojej kolekcji. Pan\u00f3w na najwy\u017cszym stopniu podium w kategorii wiekowej M40-44 reprezentowa\u0142 Grzegorz Golonko.<\/p>\n<p>Na dystansie Medio Fondo, kt\u00f3ry przeznaczony by\u0142 dla zawodnik\u00f3w starszych sukces w wy\u015bcigu open \u015bwi\u0119towa\u0142 Rosjanin Vladimir Kuznetsov a w\u015br\u00f3d Pa\u0144 najlepsza by\u0142a Dunka Janni Bormann, kt\u00f3ra o ponad dwie minuty wyprzedzi\u0142a legend\u0119 kobiecego kolarstwa Jeannie Longo z Francji.<\/p>\n<p>Wszystkie dekoracje odby\u0142y si\u0119 na scenie g\u0142\u00f3wnej ustawionej na terenie Mi\u0119dzynarodowych Targ\u00f3w, ka\u017cdemu zwyci\u0119zcy odegrano hymn narodowy, ale dla nas najwa\u017cniejszy jest fakt, \u017ce tego dnia Mazurek D\u0105browskiego us\u0142yszeli\u015bmy dwa razy. Serdecznie gratuluj\u0119 wszystkim kt\u00f3rzy podj\u0119li si\u0119 startu w tym wy\u015bcigu, na pewno by\u0142o to dla Was nie lada prze\u017cycie, w ko\u0144cu nie na co dzie\u0144 mamy do czynienia z zawodami tak wysokiej rangi i to jeszcze tak blisko domu.<\/p>\n<style type=\"text\/css\"><!--td {border: 1px solid #ccc;}br {mso-data-placement:same-cell;}--><\/style>\n<p><span data-sheets-value=\"{&quot;1&quot;:2,&quot;2&quot;:&quot;Artyku\u0142 powsta\u0142 we wsp\u00f3\u0142pracy ze skoda-auto.pl&quot;}\" data-sheets-userformat=\"{&quot;2&quot;:1,&quot;3&quot;:{&quot;1&quot;:0}}\"><a class=\"in-cell-link\" href=\"http:\/\/www.skoda-auto.pl\/\" target=\"_blank\" rel=\"noopener\">Artyku\u0142 powsta\u0142 we wsp\u00f3\u0142pracy ze skoda-auto.pl<\/a><\/span><\/p>\n<p><a href=\"https:\/\/www.skoda-auto.pl\/modele\/karoq\"><img loading=\"lazy\" decoding=\"async\" class=\"aligncenter wp-image-9606 size-full\" src=\"https:\/\/d2p6e6u75xmxt8.cloudfront.net\/5\/2019\/08\/baner_WLC_640x350_1.png\" alt=\"\" width=\"640\" height=\"350\" srcset=\"https:\/\/d2p6e6u75xmxt8.cloudfront.net\/5\/2019\/08\/baner_WLC_640x350_1.png 640w, https:\/\/d2p6e6u75xmxt8.cloudfront.net\/5\/2019\/08\/baner_WLC_640x350_1-300x164.png 300w\" sizes=\"auto, (max-width: 640px) 100vw, 640px\" \/><\/a><\/p>\n","protected":false},"excerpt":{"rendered":"<p>Za nami historyczne, gdy\u017c pierwsze, Mistrzostwa \u015awiata Gran Fondo w Polsce. Coroczna impreza \u0160koda Pozna\u0144 Bike Challange kt\u00f3ra zazwyczaj by\u0142a [&hellip;]<\/p>\n","protected":false},"author":76,"featured_media":9639,"comment_status":"open","ping_status":"open","sticky":false,"template":"","format":"standard","meta":{"footnotes":""},"categories":[203,6],"tags":[],"global-categories":[],"class_list":["post-9633","post","type-post","status-publish","format-standard","has-post-thumbnail","hentry","category-bartosz-huzarski","category-kolarstwo-szosowe"],"yoast_head":"<!-- This site is optimized with the Yoast SEO Premium plugin v25.3 (Yoast SEO v25.9) - https:\/\/yoast.com\/wordpress\/plugins\/seo\/ -->\n<title>Bartosz Huzarski: Relacja z 2019 Gran Fondo World Championships<\/title>\n<meta name=\"description\" content=\"Za nami pierwsze, Mistrzostwa \u015awiata Gran Fondo w Polsce. Coroczna impreza \u0160koda Pozna\u0144 Bike Challange po latach stara\u0144 otrzyma\u0142a prawo organizacji fina\u0142u..\" \/>\n<meta name=\"robots\" content=\"index, follow, max-snippet:-1, max-image-preview:large, max-video-preview:-1\" \/>\n<link rel=\"canonical\" href=\"https:\/\/www.welovecycling.com\/pl\/2019\/09\/02\/bartosz-huzarski-2019-gran-fondo-world-championships-poznan-relacja\/\" \/>\n<meta property=\"og:locale\" content=\"pl_PL\" \/>\n<meta property=\"og:type\" content=\"article\" \/>\n<meta property=\"og:title\" content=\"Bartosz Huzarski: Relacja z 2019 Gran Fondo World Championships Pozna\u0144\" \/>\n<meta property=\"og:description\" content=\"Za nami pierwsze, Mistrzostwa \u015awiata Gran Fondo w Polsce. Coroczna impreza \u0160koda Pozna\u0144 Bike Challange po latach stara\u0144 otrzyma\u0142a prawo organizacji fina\u0142u..\" \/>\n<meta property=\"og:url\" content=\"https:\/\/www.welovecycling.com\/pl\/2019\/09\/02\/bartosz-huzarski-2019-gran-fondo-world-championships-poznan-relacja\/\" \/>\n<meta property=\"og:site_name\" content=\"\u0160koda We Love Cycling - Poland\" \/>\n<meta property=\"article:published_time\" content=\"2019-09-02T14:54:15+00:00\" \/>\n<meta property=\"article:modified_time\" content=\"2019-09-22T21:08:46+00:00\" \/>\n<meta property=\"og:image\" content=\"https:\/\/d2p6e6u75xmxt8.cloudfront.net\/5\/2019\/09\/1.jpg\" \/>\n\t<meta property=\"og:image:width\" content=\"1600\" \/>\n\t<meta property=\"og:image:height\" content=\"1068\" \/>\n\t<meta property=\"og:image:type\" content=\"image\/jpeg\" \/>\n<meta name=\"author\" content=\"piotrboczkowski\" \/>\n<meta name=\"twitter:card\" content=\"summary_large_image\" \/>\n<meta name=\"twitter:label1\" content=\"Written by\" \/>\n\t<meta name=\"twitter:data1\" content=\"Bartosz Huzarski\" \/>\n\t<meta name=\"twitter:label2\" content=\"Est. reading time\" \/>\n\t<meta name=\"twitter:data2\" content=\"5\" \/>\n<script type=\"application\/ld+json\" class=\"yoast-schema-graph\">{\"@context\":\"https:\/\/schema.org\",\"@graph\":[{\"@type\":\"WebPage\",\"@id\":\"https:\/\/www.welovecycling.com\/pl\/2019\/09\/02\/bartosz-huzarski-2019-gran-fondo-world-championships-poznan-relacja\/\",\"url\":\"https:\/\/www.welovecycling.com\/pl\/2019\/09\/02\/bartosz-huzarski-2019-gran-fondo-world-championships-poznan-relacja\/\",\"name\":\"Bartosz Huzarski: Relacja z 2019 Gran Fondo World Championships\",\"isPartOf\":{\"@id\":\"https:\/\/www.welovecycling.com\/pl\/#website\"},\"primaryImageOfPage\":{\"@id\":\"https:\/\/www.welovecycling.com\/pl\/2019\/09\/02\/bartosz-huzarski-2019-gran-fondo-world-championships-poznan-relacja\/#primaryimage\"},\"image\":{\"@id\":\"https:\/\/www.welovecycling.com\/pl\/2019\/09\/02\/bartosz-huzarski-2019-gran-fondo-world-championships-poznan-relacja\/#primaryimage\"},\"thumbnailUrl\":\"https:\/\/d2p6e6u75xmxt8.cloudfront.net\/5\/2019\/09\/1.jpg\",\"datePublished\":\"2019-09-02T14:54:15+00:00\",\"dateModified\":\"2019-09-22T21:08:46+00:00\",\"author\":{\"@id\":\"https:\/\/www.welovecycling.com\/pl\/#\/schema\/person\/0dba2d39da943db9df3fd8f4687e7f23\"},\"description\":\"Za nami pierwsze, Mistrzostwa \u015awiata Gran Fondo w Polsce. Coroczna impreza \u0160koda Pozna\u0144 Bike Challange po latach stara\u0144 otrzyma\u0142a prawo organizacji fina\u0142u..\",\"breadcrumb\":{\"@id\":\"https:\/\/www.welovecycling.com\/pl\/2019\/09\/02\/bartosz-huzarski-2019-gran-fondo-world-championships-poznan-relacja\/#breadcrumb\"},\"inLanguage\":\"pl-PL\",\"potentialAction\":[{\"@type\":\"ReadAction\",\"target\":[\"https:\/\/www.welovecycling.com\/pl\/2019\/09\/02\/bartosz-huzarski-2019-gran-fondo-world-championships-poznan-relacja\/\"]}]},{\"@type\":\"ImageObject\",\"inLanguage\":\"pl-PL\",\"@id\":\"https:\/\/www.welovecycling.com\/pl\/2019\/09\/02\/bartosz-huzarski-2019-gran-fondo-world-championships-poznan-relacja\/#primaryimage\",\"url\":\"https:\/\/d2p6e6u75xmxt8.cloudfront.net\/5\/2019\/09\/1.jpg\",\"contentUrl\":\"https:\/\/d2p6e6u75xmxt8.cloudfront.net\/5\/2019\/09\/1.jpg\",\"width\":1600,\"height\":1068},{\"@type\":\"BreadcrumbList\",\"@id\":\"https:\/\/www.welovecycling.com\/pl\/2019\/09\/02\/bartosz-huzarski-2019-gran-fondo-world-championships-poznan-relacja\/#breadcrumb\",\"itemListElement\":[{\"@type\":\"ListItem\",\"position\":1,\"name\":\"Home\",\"item\":\"https:\/\/www.welovecycling.com\/pl\/\"},{\"@type\":\"ListItem\",\"position\":2,\"name\":\"Bartosz Huzarski: Relacja z 2019 Gran Fondo World Championships Pozna\u0144\"}]},{\"@type\":\"WebSite\",\"@id\":\"https:\/\/www.welovecycling.com\/pl\/#website\",\"url\":\"https:\/\/www.welovecycling.com\/pl\/\",\"name\":\"\u0160koda We Love Cycling - Poland\",\"description\":\"\",\"potentialAction\":[{\"@type\":\"SearchAction\",\"target\":{\"@type\":\"EntryPoint\",\"urlTemplate\":\"https:\/\/www.welovecycling.com\/pl\/?s={search_term_string}\"},\"query-input\":{\"@type\":\"PropertyValueSpecification\",\"valueRequired\":true,\"valueName\":\"search_term_string\"}}],\"inLanguage\":\"pl-PL\"},{\"@type\":\"Person\",\"@id\":\"https:\/\/www.welovecycling.com\/pl\/#\/schema\/person\/0dba2d39da943db9df3fd8f4687e7f23\",\"name\":\"piotrboczkowski\",\"image\":{\"@type\":\"ImageObject\",\"inLanguage\":\"pl-PL\",\"@id\":\"https:\/\/www.welovecycling.com\/pl\/#\/schema\/person\/image\/\",\"url\":\"https:\/\/secure.gravatar.com\/avatar\/533caccae14752e03a2ce2d3fd62d1b98b93e1393c3195c27819e53344ca1ace?s=96&d=mm&r=g\",\"contentUrl\":\"https:\/\/secure.gravatar.com\/avatar\/533caccae14752e03a2ce2d3fd62d1b98b93e1393c3195c27819e53344ca1ace?s=96&d=mm&r=g\",\"caption\":\"piotrboczkowski\"},\"url\":\"https:\/\/www.welovecycling.com\/pl\/author\/piotrboczkowski\/\"}]}<\/script>\n<!-- \/ Yoast SEO Premium plugin. -->","yoast_head_json":{"title":"Bartosz Huzarski: Relacja z 2019 Gran Fondo World Championships","description":"Za nami pierwsze, Mistrzostwa \u015awiata Gran Fondo w Polsce. Coroczna impreza \u0160koda Pozna\u0144 Bike Challange po latach stara\u0144 otrzyma\u0142a prawo organizacji fina\u0142u..","robots":{"index":"index","follow":"follow","max-snippet":"max-snippet:-1","max-image-preview":"max-image-preview:large","max-video-preview":"max-video-preview:-1"},"canonical":"https:\/\/www.welovecycling.com\/pl\/2019\/09\/02\/bartosz-huzarski-2019-gran-fondo-world-championships-poznan-relacja\/","og_locale":"pl_PL","og_type":"article","og_title":"Bartosz Huzarski: Relacja z 2019 Gran Fondo World Championships Pozna\u0144","og_description":"Za nami pierwsze, Mistrzostwa \u015awiata Gran Fondo w Polsce. Coroczna impreza \u0160koda Pozna\u0144 Bike Challange po latach stara\u0144 otrzyma\u0142a prawo organizacji fina\u0142u..","og_url":"https:\/\/www.welovecycling.com\/pl\/2019\/09\/02\/bartosz-huzarski-2019-gran-fondo-world-championships-poznan-relacja\/","og_site_name":"\u0160koda We Love Cycling - Poland","article_published_time":"2019-09-02T14:54:15+00:00","article_modified_time":"2019-09-22T21:08:46+00:00","og_image":[{"width":1600,"height":1068,"url":"https:\/\/d2p6e6u75xmxt8.cloudfront.net\/5\/2019\/09\/1.jpg","type":"image\/jpeg"}],"author":"piotrboczkowski","twitter_card":"summary_large_image","twitter_misc":{"Written by":"Bartosz Huzarski","Est. reading time":"5"},"schema":{"@context":"https:\/\/schema.org","@graph":[{"@type":"WebPage","@id":"https:\/\/www.welovecycling.com\/pl\/2019\/09\/02\/bartosz-huzarski-2019-gran-fondo-world-championships-poznan-relacja\/","url":"https:\/\/www.welovecycling.com\/pl\/2019\/09\/02\/bartosz-huzarski-2019-gran-fondo-world-championships-poznan-relacja\/","name":"Bartosz Huzarski: Relacja z 2019 Gran Fondo World Championships","isPartOf":{"@id":"https:\/\/www.welovecycling.com\/pl\/#website"},"primaryImageOfPage":{"@id":"https:\/\/www.welovecycling.com\/pl\/2019\/09\/02\/bartosz-huzarski-2019-gran-fondo-world-championships-poznan-relacja\/#primaryimage"},"image":{"@id":"https:\/\/www.welovecycling.com\/pl\/2019\/09\/02\/bartosz-huzarski-2019-gran-fondo-world-championships-poznan-relacja\/#primaryimage"},"thumbnailUrl":"https:\/\/d2p6e6u75xmxt8.cloudfront.net\/5\/2019\/09\/1.jpg","datePublished":"2019-09-02T14:54:15+00:00","dateModified":"2019-09-22T21:08:46+00:00","author":{"@id":"https:\/\/www.welovecycling.com\/pl\/#\/schema\/person\/0dba2d39da943db9df3fd8f4687e7f23"},"description":"Za nami pierwsze, Mistrzostwa \u015awiata Gran Fondo w Polsce. Coroczna impreza \u0160koda Pozna\u0144 Bike Challange po latach stara\u0144 otrzyma\u0142a prawo organizacji fina\u0142u..","breadcrumb":{"@id":"https:\/\/www.welovecycling.com\/pl\/2019\/09\/02\/bartosz-huzarski-2019-gran-fondo-world-championships-poznan-relacja\/#breadcrumb"},"inLanguage":"pl-PL","potentialAction":[{"@type":"ReadAction","target":["https:\/\/www.welovecycling.com\/pl\/2019\/09\/02\/bartosz-huzarski-2019-gran-fondo-world-championships-poznan-relacja\/"]}]},{"@type":"ImageObject","inLanguage":"pl-PL","@id":"https:\/\/www.welovecycling.com\/pl\/2019\/09\/02\/bartosz-huzarski-2019-gran-fondo-world-championships-poznan-relacja\/#primaryimage","url":"https:\/\/d2p6e6u75xmxt8.cloudfront.net\/5\/2019\/09\/1.jpg","contentUrl":"https:\/\/d2p6e6u75xmxt8.cloudfront.net\/5\/2019\/09\/1.jpg","width":1600,"height":1068},{"@type":"BreadcrumbList","@id":"https:\/\/www.welovecycling.com\/pl\/2019\/09\/02\/bartosz-huzarski-2019-gran-fondo-world-championships-poznan-relacja\/#breadcrumb","itemListElement":[{"@type":"ListItem","position":1,"name":"Home","item":"https:\/\/www.welovecycling.com\/pl\/"},{"@type":"ListItem","position":2,"name":"Bartosz Huzarski: Relacja z 2019 Gran Fondo World Championships Pozna\u0144"}]},{"@type":"WebSite","@id":"https:\/\/www.welovecycling.com\/pl\/#website","url":"https:\/\/www.welovecycling.com\/pl\/","name":"\u0160koda We Love Cycling - Poland","description":"","potentialAction":[{"@type":"SearchAction","target":{"@type":"EntryPoint","urlTemplate":"https:\/\/www.welovecycling.com\/pl\/?s={search_term_string}"},"query-input":{"@type":"PropertyValueSpecification","valueRequired":true,"valueName":"search_term_string"}}],"inLanguage":"pl-PL"},{"@type":"Person","@id":"https:\/\/www.welovecycling.com\/pl\/#\/schema\/person\/0dba2d39da943db9df3fd8f4687e7f23","name":"piotrboczkowski","image":{"@type":"ImageObject","inLanguage":"pl-PL","@id":"https:\/\/www.welovecycling.com\/pl\/#\/schema\/person\/image\/","url":"https:\/\/secure.gravatar.com\/avatar\/533caccae14752e03a2ce2d3fd62d1b98b93e1393c3195c27819e53344ca1ace?s=96&d=mm&r=g","contentUrl":"https:\/\/secure.gravatar.com\/avatar\/533caccae14752e03a2ce2d3fd62d1b98b93e1393c3195c27819e53344ca1ace?s=96&d=mm&r=g","caption":"piotrboczkowski"},"url":"https:\/\/www.welovecycling.com\/pl\/author\/piotrboczkowski\/"}]}},"_links":{"self":[{"href":"https:\/\/www.welovecycling.com\/pl\/wp-json\/wp\/v2\/posts\/9633","targetHints":{"allow":["GET"]}}],"collection":[{"href":"https:\/\/www.welovecycling.com\/pl\/wp-json\/wp\/v2\/posts"}],"about":[{"href":"https:\/\/www.welovecycling.com\/pl\/wp-json\/wp\/v2\/types\/post"}],"author":[{"embeddable":true,"href":"https:\/\/www.welovecycling.com\/pl\/wp-json\/wp\/v2\/users\/76"}],"replies":[{"embeddable":true,"href":"https:\/\/www.welovecycling.com\/pl\/wp-json\/wp\/v2\/comments?post=9633"}],"version-history":[{"count":2,"href":"https:\/\/www.welovecycling.com\/pl\/wp-json\/wp\/v2\/posts\/9633\/revisions"}],"predecessor-version":[{"id":9775,"href":"https:\/\/www.welovecycling.com\/pl\/wp-json\/wp\/v2\/posts\/9633\/revisions\/9775"}],"wp:featuredmedia":[{"embeddable":true,"href":"https:\/\/www.welovecycling.com\/pl\/wp-json\/wp\/v2\/media\/9639"}],"wp:attachment":[{"href":"https:\/\/www.welovecycling.com\/pl\/wp-json\/wp\/v2\/media?parent=9633"}],"wp:term":[{"taxonomy":"category","embeddable":true,"href":"https:\/\/www.welovecycling.com\/pl\/wp-json\/wp\/v2\/categories?post=9633"},{"taxonomy":"post_tag","embeddable":true,"href":"https:\/\/www.welovecycling.com\/pl\/wp-json\/wp\/v2\/tags?post=9633"},{"taxonomy":"global-categories","embeddable":true,"href":"https:\/\/www.welovecycling.com\/pl\/wp-json\/wp\/v2\/global-categories?post=9633"}],"curies":[{"name":"wp","href":"https:\/\/api.w.org\/{rel}","templated":true}]}}