{"id":9623,"date":"2019-08-30T17:51:15","date_gmt":"2019-08-30T17:51:15","guid":{"rendered":"https:\/\/www.welovecycling.com\/pl\/?p=9623"},"modified":"2019-09-02T13:22:04","modified_gmt":"2019-09-02T13:22:04","slug":"oto-pomysl-na-wakacyjna-przejazdzke-czy-to-najbardziej-rowerowe-miasto-w-polsce","status":"publish","type":"post","link":"https:\/\/www.welovecycling.com\/pl\/2019\/08\/30\/oto-pomysl-na-wakacyjna-przejazdzke-czy-to-najbardziej-rowerowe-miasto-w-polsce\/","title":{"rendered":"Eurovelo9: Czy to najbardziej rowerowe miasto w Polsce?"},"content":{"rendered":"<p><strong>Wed\u0142ug tw\u00f3rc\u00f3w Eurovelo 9 idealnie by\u0142oby zacz\u0105\u0107 kr\u0119ci\u0107 nad Ba\u0142tykiem i sko\u0144czy\u0107 u wybrze\u017cy Adriatyku. Marzenie? Dla wielu niestety tak. Ale przygotowania do jego spe\u0142nienia mo\u017cna zacz\u0105\u0107 od przejechania pewnej jednodniowej trasy\u2026<\/strong><strong>Eurovelo 9 startuje z polskiego wybrze\u017ca i \u2013 je\u015bli chodzi o kr\u00f3tkie wyprawy \u2013 to w tym miejscu mog\u0142oby si\u0119 ko\u0144czy\u0107. Dla zwolennik\u00f3w dalekich wyjazd\u00f3w meta usytuowana jest jednak w Chorwacji, ale mimo to warto wzi\u0105\u0107 pod lup\u0119 fragment zaczynaj\u0105cy si\u0119 Ba\u0142tykiem.<\/strong><\/p>\n<p><span style=\"font-size: 18pt;\"><strong>Trzymajmy si\u0119 morza<\/strong><\/span><\/p>\n<p>Trasa startuje z Gda\u0144ska. \u201eTo wa\u017cny historycznie i komunikacyjnie miasto w Polsce\u201d \u2013 reklamuj\u0105 tw\u00f3rcy Eurovelo 9, a my z pe\u0142n\u0105 odpowiedzialno\u015bci\u0105 dodamy, \u017ce to r\u00f3wnie\u017c jedno z miast najbardziej przyjaznych rowerzystom.<\/p>\n<p>\u201ePromujemy jazd\u0119 na rowerze i chodzenie pieszo, tworz\u0105c ku temu przyjazn\u0105 infrastruktur\u0119. Integrujemy polityk\u0119 komunikacyjn\u0105 i przestrzenn\u0105, aby tworzy\u0107 \u201emiasto kr\u00f3tkich odleg\u0142o\u015bci\u201d. Od lat, w Gda\u0144sku konsekwentnie realizujemy polityk\u0119 rowerow\u0105, inwestuj\u0105c nie tylko w infrastruktur\u0119, ale tak\u017ce w starania zmiany zachowa\u0144 komunikacyjnych mieszka\u0144c\u00f3w\u201d \u2013 czytamy na stronie RowerowyGda\u0144sk i nie ma w tym wielkiej przesady.<\/p>\n<p>Je\u015bli kto\u015b zdecyduje si\u0119 na wakacje nad polskim morzem, to sp\u0119dzenie ich na rowerze b\u0119dzie \u015bwietnym pomys\u0142em. Sam Gda\u0144sk jest pokryty paj\u0119czyn\u0105 dr\u00f3g rowerowych, wi\u0119c cykli\u015bci bezpiecznie mog\u0105 porusza\u0107 si\u0119 zar\u00f3wno po centrum, jak i wzd\u0142u\u017c wybrze\u017ca.<\/p>\n<p>Ciekawy wypad mo\u017cna urz\u0105dzi\u0107 sobie np. z samego centrum miasta, w kierunku pla\u017cy Gda\u0144sk Jelitkowo, a stamt\u0105d kierowa\u0107 si\u0119 na zach\u00f3d. Nale\u017cy jednak wzi\u0105\u0107 pod uwag\u0119, \u017ce nie jest to trasa dla rowerzyst\u00f3w spragnionych mocnych wra\u017ce\u0144, a raczej rodzin z dzie\u0107mi, kt\u00f3rzy chc\u0105 mie\u0107 pla\u017cowanie na wyci\u0105gni\u0119cie r\u0119ki, ale jednocze\u015bnie aktywnie sp\u0119dzaj\u0105c czas.<\/p>\n<p>W ten spos\u00f3b z Gda\u0144ska kierujemy si\u0119 prosto do Sopotu. Ca\u0142y czas jedziemy wzd\u0142u\u017c wybrze\u017ca, a od pla\u017cy dzieli nas g\u00f3ra sto metr\u00f3w. Chcemy odpocz\u0105\u0107? Sch\u0142odzi\u0107 si\u0119 w morzu? \u017baden problem \u2013 nale\u017cy tyko wybra\u0107 zjazd i ju\u017c wida\u0107 fale.<\/p>\n<p><span style=\"font-size: 18pt;\"><strong>Wieczorna rewia czy rybackie \u0142odzie?<\/strong><\/span><\/p>\n<p>Sopot kusi jednak czym\u015b innym: parkiem, \u015bwietnymi knajpkami i znanym na ca\u0142y kraj molo. To wystarczaj\u0105ca zach\u0119ta, by sp\u0119dzi\u0107 tu kilka godzin. Nast\u0119pnie, w cieniu drzew, mo\u017cna kierowa\u0107 si\u0119 w stron\u0119 Gdyni Or\u0142owo.<\/p>\n<p>Tutaj kawa\u0142ek musimy przejecha\u0107 \u015bcie\u017ck\u0105 rowerow\u0105 wzd\u0142u\u017c drogi, ale warto, bo Or\u0142owo to miejsce zupe\u0142nie inne ni\u017c Sopot. Tutaj nie ma ju\u017c t\u0142umu turyst\u00f3w\u00a0 i wieczornych rewii mody, za to mo\u017cna obejrze\u0107 rybackie \u0142odzie, zje\u015b\u0107 \u015bwie\u017co z\u0142owion\u0105 ryb\u0119 w \u015bwietnej tawernie i wypocz\u0105\u0107 na pla\u017cy z dala od zgie\u0142ku.<\/p>\n<p>Na miejscu mo\u017ce okaza\u0107 si\u0119, \u017ce Or\u0142owo sk\u0105d\u015b ju\u017c kojarzycie. Zanim zaczniecie szpera\u0107 g\u0142\u0119boko w pami\u0119ci, przypomnijcie sobie wszystkie \u015blubne zdj\u0119cia rodziny i znajomych. Bo to w\u0142a\u015bnie tutaj t\u0142umnie zje\u017cd\u017caj\u0105 nowo\u017ce\u0144cy, by sfotografowa\u0107 si\u0119 z pi\u0119knymi klifami w tle.<\/p>\n<p><span style=\"font-size: 18pt;\"><strong>Ku Chorwacji!<\/strong><\/span><\/p>\n<p>Eurovelo 9 prowadzi nas jednak z Gda\u0144ska na p\u00f3\u0142noc, a kolejny przystanek w Polsce proponuje dopiero w Bydgoszczy. \u201eUnikalne muzea, secesyjne budynki, mi\u0119dzynarodowe festiwale i pi\u0119kne \u0142odzie na rzece &#8230; To wszystko znajduje si\u0119 w Bydgoszczy, mie\u015bcie, kt\u00f3rego nie mo\u017cna przegapi\u0107!\u201d \u2013 reklamuj\u0105 tw\u00f3rcy trasy.<\/p>\n<p>Warto tutaj posili\u0107 si\u0119 i odpocz\u0105\u0107, bo kolejny d\u0142u\u017cszy przystanek proponowany jest dopiero w Czechach, a dok\u0142adniej na Morawach &#8211; krainie jaski\u0144, wina i sma\u017conego sera.<\/p>\n<p>Nast\u0119pnie trasa prowadzi przez Wiede\u0144. Tutaj mo\u017cna zatrzyma\u0107 si\u0119 na dzie\u0144 lub dwa, ale mo\u017cna te\u017c na tydzie\u0144 lub wi\u0119cej. Przyda\u0142by si\u0119 jednak elegancki garnitur lub smoking, by w pe\u0142ni poczu\u0107 klimat miasta oper i filharmonii. A jak wiadomo \u2013 taki str\u00f3j rzadko kt\u00f3ry rowerzysta wrzuca do sakwy\u2026<\/p>\n<p><span style=\"font-size: 18pt;\"><strong>\u201eMiasto &#8211; klejnot\u201d<\/strong><\/span><\/p>\n<p>P\u00f3\u017aniej na trasie coraz mocniej czu\u0107 ju\u017c powiew znad Adriatyku. Z Austrii Eurovelo 9 prowadzi do S\u0142owenii, gdzie warto zatrzyma\u0107 si\u0119 w stolicy \u2013 Lublanie. Stamt\u0105d ju\u017c dzieli nas ostatnia prosta nad morze, a najlepiej b\u0119dzie nam si\u0119 nim delektowa\u0107 w Trie\u015bcie.<\/p>\n<p>\u201eTo miasto &#8211; klejnot ukryte w p\u00f3\u0142nocno-wschodnim zak\u0105tku W\u0142och, kt\u00f3re zosta\u0142o uznane za najbardziej niedoceniany cel turystyczny w 2012 roku\u201d \u2013 pisz\u0105 tw\u00f3rcy Eurovelo 9.<\/p>\n<p>Trasa ko\u0144czy si\u0119 P\u00f3\u0142wyspie Istria, a dok\u0142adniej w mie\u015bcie Pula, gdzie przejechanie Eurovelo 9 mo\u017cna \u015bwi\u0119towa\u0107 \u015bwie\u017cymi rybami popijanymi \u015bwietnym winem, z kt\u00f3rego s\u0142ynie ca\u0142y region.<\/p>\n<p>********************<\/p>\n<p>Eurovelo to og\u00f3lnoeuropejska sie\u0107 tras rowerowych. Wiod\u0105 one przez 43 pa\u0144stwa i \u0142\u0105cznie maj\u0105 ponad 70 tys. km d\u0142ugo\u015bci. To projekt Europejskiej Federacji Cyklist\u00f3w, wsp\u00f3\u0142finansowany przez Uni\u0119 Europejsk\u0105. Ca\u0142o\u015b\u0107 ma by\u0107 uko\u0144czona w 2020 r.<\/p>\n<p><a href=\"https:\/\/www.skoda-auto.pl\/modele\/karoq\"><img loading=\"lazy\" decoding=\"async\" class=\"aligncenter size-full wp-image-9606\" src=\"https:\/\/d2p6e6u75xmxt8.cloudfront.net\/5\/2019\/08\/baner_WLC_640x350_1.png\" alt=\"\" width=\"640\" height=\"350\" srcset=\"https:\/\/d2p6e6u75xmxt8.cloudfront.net\/5\/2019\/08\/baner_WLC_640x350_1.png 640w, https:\/\/d2p6e6u75xmxt8.cloudfront.net\/5\/2019\/08\/baner_WLC_640x350_1-300x164.png 300w\" sizes=\"auto, (max-width: 640px) 100vw, 640px\" \/><\/a><\/p>\n","protected":false},"excerpt":{"rendered":"<p>Wed\u0142ug tw\u00f3rc\u00f3w Eurovelo 9 idealnie by\u0142oby zacz\u0105\u0107 kr\u0119ci\u0107 nad Ba\u0142tykiem i sko\u0144czy\u0107 u wybrze\u017cy Adriatyku. Marzenie? Dla wielu niestety tak. [&hellip;]<\/p>\n","protected":false},"author":76,"featured_media":9624,"comment_status":"open","ping_status":"open","sticky":false,"template":"","format":"standard","meta":{"footnotes":""},"categories":[226],"tags":[319],"global-categories":[],"class_list":["post-9623","post","type-post","status-publish","format-standard","has-post-thumbnail","hentry","category-ciekawostki","tag-eurovelo"],"yoast_head":"<!-- This site is optimized with the Yoast SEO Premium plugin v25.3 (Yoast SEO v25.9) - https:\/\/yoast.com\/wordpress\/plugins\/seo\/ -->\n<title>Eurovelo 9 - Oto pomysl na wakacyjn\u0105 przejazdzk\u0119!<\/title>\n<meta name=\"description\" content=\"Eurovelo 9 startuje z polskiego wybrze\u017ca i \u2013 je\u015bli chodzi o kr\u00f3tkie wyprawy \u2013 to w tym miejscu mog\u0142oby si\u0119 ko\u0144czy\u0107. Marzenie? Dla wielu niestety tak.\" \/>\n<meta name=\"robots\" content=\"index, follow, max-snippet:-1, max-image-preview:large, max-video-preview:-1\" \/>\n<link rel=\"canonical\" href=\"https:\/\/www.welovecycling.com\/pl\/2019\/08\/30\/oto-pomysl-na-wakacyjna-przejazdzke-czy-to-najbardziej-rowerowe-miasto-w-polsce\/\" \/>\n<meta property=\"og:locale\" content=\"pl_PL\" \/>\n<meta property=\"og:type\" content=\"article\" \/>\n<meta property=\"og:title\" content=\"Eurovelo9: Czy to najbardziej rowerowe miasto w Polsce?\" \/>\n<meta property=\"og:description\" content=\"Eurovelo 9 startuje z polskiego wybrze\u017ca i \u2013 je\u015bli chodzi o kr\u00f3tkie wyprawy \u2013 to w tym miejscu mog\u0142oby si\u0119 ko\u0144czy\u0107. Marzenie? Dla wielu niestety tak.\" \/>\n<meta property=\"og:url\" content=\"https:\/\/www.welovecycling.com\/pl\/2019\/08\/30\/oto-pomysl-na-wakacyjna-przejazdzke-czy-to-najbardziej-rowerowe-miasto-w-polsce\/\" \/>\n<meta property=\"og:site_name\" content=\"\u0160koda We Love Cycling - Poland\" \/>\n<meta property=\"article:published_time\" content=\"2019-08-30T17:51:15+00:00\" \/>\n<meta property=\"article:modified_time\" content=\"2019-09-02T13:22:04+00:00\" \/>\n<meta property=\"og:image\" content=\"https:\/\/d2p6e6u75xmxt8.cloudfront.net\/5\/2019\/08\/thermenradweg.jpeg\" \/>\n\t<meta property=\"og:image:width\" content=\"780\" \/>\n\t<meta property=\"og:image:height\" content=\"440\" \/>\n\t<meta property=\"og:image:type\" content=\"image\/jpeg\" \/>\n<meta name=\"author\" content=\"piotrboczkowski\" \/>\n<meta name=\"twitter:card\" content=\"summary_large_image\" \/>\n<meta name=\"twitter:label1\" content=\"Written by\" \/>\n\t<meta name=\"twitter:data1\" content=\"Piotr Nowik\" \/>\n\t<meta name=\"twitter:label2\" content=\"Est. reading time\" \/>\n\t<meta name=\"twitter:data2\" content=\"4 minutes\" \/>\n<script type=\"application\/ld+json\" class=\"yoast-schema-graph\">{\"@context\":\"https:\/\/schema.org\",\"@graph\":[{\"@type\":\"WebPage\",\"@id\":\"https:\/\/www.welovecycling.com\/pl\/2019\/08\/30\/oto-pomysl-na-wakacyjna-przejazdzke-czy-to-najbardziej-rowerowe-miasto-w-polsce\/\",\"url\":\"https:\/\/www.welovecycling.com\/pl\/2019\/08\/30\/oto-pomysl-na-wakacyjna-przejazdzke-czy-to-najbardziej-rowerowe-miasto-w-polsce\/\",\"name\":\"Eurovelo 9 - Oto pomysl na wakacyjn\u0105 przejazdzk\u0119!\",\"isPartOf\":{\"@id\":\"https:\/\/www.welovecycling.com\/pl\/#website\"},\"primaryImageOfPage\":{\"@id\":\"https:\/\/www.welovecycling.com\/pl\/2019\/08\/30\/oto-pomysl-na-wakacyjna-przejazdzke-czy-to-najbardziej-rowerowe-miasto-w-polsce\/#primaryimage\"},\"image\":{\"@id\":\"https:\/\/www.welovecycling.com\/pl\/2019\/08\/30\/oto-pomysl-na-wakacyjna-przejazdzke-czy-to-najbardziej-rowerowe-miasto-w-polsce\/#primaryimage\"},\"thumbnailUrl\":\"https:\/\/d2p6e6u75xmxt8.cloudfront.net\/5\/2019\/08\/thermenradweg.jpeg\",\"datePublished\":\"2019-08-30T17:51:15+00:00\",\"dateModified\":\"2019-09-02T13:22:04+00:00\",\"author\":{\"@id\":\"https:\/\/www.welovecycling.com\/pl\/#\/schema\/person\/0dba2d39da943db9df3fd8f4687e7f23\"},\"description\":\"Eurovelo 9 startuje z polskiego wybrze\u017ca i \u2013 je\u015bli chodzi o kr\u00f3tkie wyprawy \u2013 to w tym miejscu mog\u0142oby si\u0119 ko\u0144czy\u0107. Marzenie? Dla wielu niestety tak.\",\"breadcrumb\":{\"@id\":\"https:\/\/www.welovecycling.com\/pl\/2019\/08\/30\/oto-pomysl-na-wakacyjna-przejazdzke-czy-to-najbardziej-rowerowe-miasto-w-polsce\/#breadcrumb\"},\"inLanguage\":\"pl-PL\",\"potentialAction\":[{\"@type\":\"ReadAction\",\"target\":[\"https:\/\/www.welovecycling.com\/pl\/2019\/08\/30\/oto-pomysl-na-wakacyjna-przejazdzke-czy-to-najbardziej-rowerowe-miasto-w-polsce\/\"]}]},{\"@type\":\"ImageObject\",\"inLanguage\":\"pl-PL\",\"@id\":\"https:\/\/www.welovecycling.com\/pl\/2019\/08\/30\/oto-pomysl-na-wakacyjna-przejazdzke-czy-to-najbardziej-rowerowe-miasto-w-polsce\/#primaryimage\",\"url\":\"https:\/\/d2p6e6u75xmxt8.cloudfront.net\/5\/2019\/08\/thermenradweg.jpeg\",\"contentUrl\":\"https:\/\/d2p6e6u75xmxt8.cloudfront.net\/5\/2019\/08\/thermenradweg.jpeg\",\"width\":780,\"height\":440},{\"@type\":\"BreadcrumbList\",\"@id\":\"https:\/\/www.welovecycling.com\/pl\/2019\/08\/30\/oto-pomysl-na-wakacyjna-przejazdzke-czy-to-najbardziej-rowerowe-miasto-w-polsce\/#breadcrumb\",\"itemListElement\":[{\"@type\":\"ListItem\",\"position\":1,\"name\":\"Home\",\"item\":\"https:\/\/www.welovecycling.com\/pl\/\"},{\"@type\":\"ListItem\",\"position\":2,\"name\":\"Eurovelo9: Czy to najbardziej rowerowe miasto w Polsce?\"}]},{\"@type\":\"WebSite\",\"@id\":\"https:\/\/www.welovecycling.com\/pl\/#website\",\"url\":\"https:\/\/www.welovecycling.com\/pl\/\",\"name\":\"\u0160koda We Love Cycling - Poland\",\"description\":\"\",\"potentialAction\":[{\"@type\":\"SearchAction\",\"target\":{\"@type\":\"EntryPoint\",\"urlTemplate\":\"https:\/\/www.welovecycling.com\/pl\/?s={search_term_string}\"},\"query-input\":{\"@type\":\"PropertyValueSpecification\",\"valueRequired\":true,\"valueName\":\"search_term_string\"}}],\"inLanguage\":\"pl-PL\"},{\"@type\":\"Person\",\"@id\":\"https:\/\/www.welovecycling.com\/pl\/#\/schema\/person\/0dba2d39da943db9df3fd8f4687e7f23\",\"name\":\"piotrboczkowski\",\"image\":{\"@type\":\"ImageObject\",\"inLanguage\":\"pl-PL\",\"@id\":\"https:\/\/www.welovecycling.com\/pl\/#\/schema\/person\/image\/\",\"url\":\"https:\/\/secure.gravatar.com\/avatar\/533caccae14752e03a2ce2d3fd62d1b98b93e1393c3195c27819e53344ca1ace?s=96&d=mm&r=g\",\"contentUrl\":\"https:\/\/secure.gravatar.com\/avatar\/533caccae14752e03a2ce2d3fd62d1b98b93e1393c3195c27819e53344ca1ace?s=96&d=mm&r=g\",\"caption\":\"piotrboczkowski\"},\"url\":\"https:\/\/www.welovecycling.com\/pl\/author\/piotrboczkowski\/\"}]}<\/script>\n<!-- \/ Yoast SEO Premium plugin. -->","yoast_head_json":{"title":"Eurovelo 9 - Oto pomysl na wakacyjn\u0105 przejazdzk\u0119!","description":"Eurovelo 9 startuje z polskiego wybrze\u017ca i \u2013 je\u015bli chodzi o kr\u00f3tkie wyprawy \u2013 to w tym miejscu mog\u0142oby si\u0119 ko\u0144czy\u0107. Marzenie? Dla wielu niestety tak.","robots":{"index":"index","follow":"follow","max-snippet":"max-snippet:-1","max-image-preview":"max-image-preview:large","max-video-preview":"max-video-preview:-1"},"canonical":"https:\/\/www.welovecycling.com\/pl\/2019\/08\/30\/oto-pomysl-na-wakacyjna-przejazdzke-czy-to-najbardziej-rowerowe-miasto-w-polsce\/","og_locale":"pl_PL","og_type":"article","og_title":"Eurovelo9: Czy to najbardziej rowerowe miasto w Polsce?","og_description":"Eurovelo 9 startuje z polskiego wybrze\u017ca i \u2013 je\u015bli chodzi o kr\u00f3tkie wyprawy \u2013 to w tym miejscu mog\u0142oby si\u0119 ko\u0144czy\u0107. Marzenie? Dla wielu niestety tak.","og_url":"https:\/\/www.welovecycling.com\/pl\/2019\/08\/30\/oto-pomysl-na-wakacyjna-przejazdzke-czy-to-najbardziej-rowerowe-miasto-w-polsce\/","og_site_name":"\u0160koda We Love Cycling - Poland","article_published_time":"2019-08-30T17:51:15+00:00","article_modified_time":"2019-09-02T13:22:04+00:00","og_image":[{"width":780,"height":440,"url":"https:\/\/d2p6e6u75xmxt8.cloudfront.net\/5\/2019\/08\/thermenradweg.jpeg","type":"image\/jpeg"}],"author":"piotrboczkowski","twitter_card":"summary_large_image","twitter_misc":{"Written by":"Piotr Nowik","Est. reading time":"4 minutes"},"schema":{"@context":"https:\/\/schema.org","@graph":[{"@type":"WebPage","@id":"https:\/\/www.welovecycling.com\/pl\/2019\/08\/30\/oto-pomysl-na-wakacyjna-przejazdzke-czy-to-najbardziej-rowerowe-miasto-w-polsce\/","url":"https:\/\/www.welovecycling.com\/pl\/2019\/08\/30\/oto-pomysl-na-wakacyjna-przejazdzke-czy-to-najbardziej-rowerowe-miasto-w-polsce\/","name":"Eurovelo 9 - Oto pomysl na wakacyjn\u0105 przejazdzk\u0119!","isPartOf":{"@id":"https:\/\/www.welovecycling.com\/pl\/#website"},"primaryImageOfPage":{"@id":"https:\/\/www.welovecycling.com\/pl\/2019\/08\/30\/oto-pomysl-na-wakacyjna-przejazdzke-czy-to-najbardziej-rowerowe-miasto-w-polsce\/#primaryimage"},"image":{"@id":"https:\/\/www.welovecycling.com\/pl\/2019\/08\/30\/oto-pomysl-na-wakacyjna-przejazdzke-czy-to-najbardziej-rowerowe-miasto-w-polsce\/#primaryimage"},"thumbnailUrl":"https:\/\/d2p6e6u75xmxt8.cloudfront.net\/5\/2019\/08\/thermenradweg.jpeg","datePublished":"2019-08-30T17:51:15+00:00","dateModified":"2019-09-02T13:22:04+00:00","author":{"@id":"https:\/\/www.welovecycling.com\/pl\/#\/schema\/person\/0dba2d39da943db9df3fd8f4687e7f23"},"description":"Eurovelo 9 startuje z polskiego wybrze\u017ca i \u2013 je\u015bli chodzi o kr\u00f3tkie wyprawy \u2013 to w tym miejscu mog\u0142oby si\u0119 ko\u0144czy\u0107. Marzenie? Dla wielu niestety tak.","breadcrumb":{"@id":"https:\/\/www.welovecycling.com\/pl\/2019\/08\/30\/oto-pomysl-na-wakacyjna-przejazdzke-czy-to-najbardziej-rowerowe-miasto-w-polsce\/#breadcrumb"},"inLanguage":"pl-PL","potentialAction":[{"@type":"ReadAction","target":["https:\/\/www.welovecycling.com\/pl\/2019\/08\/30\/oto-pomysl-na-wakacyjna-przejazdzke-czy-to-najbardziej-rowerowe-miasto-w-polsce\/"]}]},{"@type":"ImageObject","inLanguage":"pl-PL","@id":"https:\/\/www.welovecycling.com\/pl\/2019\/08\/30\/oto-pomysl-na-wakacyjna-przejazdzke-czy-to-najbardziej-rowerowe-miasto-w-polsce\/#primaryimage","url":"https:\/\/d2p6e6u75xmxt8.cloudfront.net\/5\/2019\/08\/thermenradweg.jpeg","contentUrl":"https:\/\/d2p6e6u75xmxt8.cloudfront.net\/5\/2019\/08\/thermenradweg.jpeg","width":780,"height":440},{"@type":"BreadcrumbList","@id":"https:\/\/www.welovecycling.com\/pl\/2019\/08\/30\/oto-pomysl-na-wakacyjna-przejazdzke-czy-to-najbardziej-rowerowe-miasto-w-polsce\/#breadcrumb","itemListElement":[{"@type":"ListItem","position":1,"name":"Home","item":"https:\/\/www.welovecycling.com\/pl\/"},{"@type":"ListItem","position":2,"name":"Eurovelo9: Czy to najbardziej rowerowe miasto w Polsce?"}]},{"@type":"WebSite","@id":"https:\/\/www.welovecycling.com\/pl\/#website","url":"https:\/\/www.welovecycling.com\/pl\/","name":"\u0160koda We Love Cycling - Poland","description":"","potentialAction":[{"@type":"SearchAction","target":{"@type":"EntryPoint","urlTemplate":"https:\/\/www.welovecycling.com\/pl\/?s={search_term_string}"},"query-input":{"@type":"PropertyValueSpecification","valueRequired":true,"valueName":"search_term_string"}}],"inLanguage":"pl-PL"},{"@type":"Person","@id":"https:\/\/www.welovecycling.com\/pl\/#\/schema\/person\/0dba2d39da943db9df3fd8f4687e7f23","name":"piotrboczkowski","image":{"@type":"ImageObject","inLanguage":"pl-PL","@id":"https:\/\/www.welovecycling.com\/pl\/#\/schema\/person\/image\/","url":"https:\/\/secure.gravatar.com\/avatar\/533caccae14752e03a2ce2d3fd62d1b98b93e1393c3195c27819e53344ca1ace?s=96&d=mm&r=g","contentUrl":"https:\/\/secure.gravatar.com\/avatar\/533caccae14752e03a2ce2d3fd62d1b98b93e1393c3195c27819e53344ca1ace?s=96&d=mm&r=g","caption":"piotrboczkowski"},"url":"https:\/\/www.welovecycling.com\/pl\/author\/piotrboczkowski\/"}]}},"_links":{"self":[{"href":"https:\/\/www.welovecycling.com\/pl\/wp-json\/wp\/v2\/posts\/9623","targetHints":{"allow":["GET"]}}],"collection":[{"href":"https:\/\/www.welovecycling.com\/pl\/wp-json\/wp\/v2\/posts"}],"about":[{"href":"https:\/\/www.welovecycling.com\/pl\/wp-json\/wp\/v2\/types\/post"}],"author":[{"embeddable":true,"href":"https:\/\/www.welovecycling.com\/pl\/wp-json\/wp\/v2\/users\/76"}],"replies":[{"embeddable":true,"href":"https:\/\/www.welovecycling.com\/pl\/wp-json\/wp\/v2\/comments?post=9623"}],"version-history":[{"count":2,"href":"https:\/\/www.welovecycling.com\/pl\/wp-json\/wp\/v2\/posts\/9623\/revisions"}],"predecessor-version":[{"id":9632,"href":"https:\/\/www.welovecycling.com\/pl\/wp-json\/wp\/v2\/posts\/9623\/revisions\/9632"}],"wp:featuredmedia":[{"embeddable":true,"href":"https:\/\/www.welovecycling.com\/pl\/wp-json\/wp\/v2\/media\/9624"}],"wp:attachment":[{"href":"https:\/\/www.welovecycling.com\/pl\/wp-json\/wp\/v2\/media?parent=9623"}],"wp:term":[{"taxonomy":"category","embeddable":true,"href":"https:\/\/www.welovecycling.com\/pl\/wp-json\/wp\/v2\/categories?post=9623"},{"taxonomy":"post_tag","embeddable":true,"href":"https:\/\/www.welovecycling.com\/pl\/wp-json\/wp\/v2\/tags?post=9623"},{"taxonomy":"global-categories","embeddable":true,"href":"https:\/\/www.welovecycling.com\/pl\/wp-json\/wp\/v2\/global-categories?post=9623"}],"curies":[{"name":"wp","href":"https:\/\/api.w.org\/{rel}","templated":true}]}}