{"id":9619,"date":"2019-08-29T11:46:07","date_gmt":"2019-08-29T11:46:07","guid":{"rendered":"https:\/\/www.welovecycling.com\/pl\/?p=9619"},"modified":"2019-08-29T11:48:41","modified_gmt":"2019-08-29T11:48:41","slug":"odwieczny-dylemat-rodzica-rowerzysty-jak-bezpiecznie-przewozic-dziecko","status":"publish","type":"post","link":"https:\/\/www.welovecycling.com\/pl\/2019\/08\/29\/odwieczny-dylemat-rodzica-rowerzysty-jak-bezpiecznie-przewozic-dziecko\/","title":{"rendered":"Odwieczny dylemat rodzica-rowerzysty\u2026 Jak bezpiecznie przewozi\u0107 dziecko?"},"content":{"rendered":"<p><strong>Z przodu, z ty\u0142u, w foteliku, w przyczepce? Dzi\u015b rodzice maj\u0105 wiele mo\u017cliwo\u015bci, by po\u0142\u0105czy\u0107 mi\u0142o\u015b\u0107 do dziecka z mi\u0142o\u015bci\u0105 do roweru. Jak to jednak zrobi\u0107, by pociecha czu\u0142a si\u0119 komfortowo, a przede wszystkim by\u0142a bezpieczna?<\/strong><\/p>\n<p><strong>Wed\u0142ug przepis\u00f3w dziecko na rowerze mo\u017cemy przewozi\u0107 do si\u00f3dmego roku \u017cycia. Nie mo\u017cemy jednak posadzi\u0107 go na ramie czy baga\u017cniku, tylko musimy przygotowa\u0107 dodatkowe miejsce zapewniaj\u0105ce bezpieczn\u0105 jazd\u0119. W praktyce oznacza to specjalny fotelik lub przyczepk\u0119.<\/strong><\/p>\n<p><img loading=\"lazy\" decoding=\"async\" class=\"aligncenter size-full wp-image-7212\" src=\"https:\/\/d2p6e6u75xmxt8.cloudfront.net\/5\/2018\/06\/HOM-2.jpg\" alt=\"\" width=\"1366\" height=\"600\" srcset=\"https:\/\/d2p6e6u75xmxt8.cloudfront.net\/5\/2018\/06\/HOM-2.jpg 1366w, https:\/\/d2p6e6u75xmxt8.cloudfront.net\/5\/2018\/06\/HOM-2-300x132.jpg 300w, https:\/\/d2p6e6u75xmxt8.cloudfront.net\/5\/2018\/06\/HOM-2-768x337.jpg 768w, https:\/\/d2p6e6u75xmxt8.cloudfront.net\/5\/2018\/06\/HOM-2-1024x450.jpg 1024w\" sizes=\"auto, (max-width: 1366px) 100vw, 1366px\" \/><\/p>\n<p><span style=\"font-size: 18pt;\"><strong>Fotelik z ty\u0142u czy z przodu?<\/strong><\/span><\/p>\n<p>Zalet\u0105 fotelik\u00f3w &#8211; montowanych zar\u00f3wno przed, jak i za kieruj\u0105cym rowerem &#8211; jest fakt, \u017ce dziecko ca\u0142y czas znajduje si\u0119 niemal \u201ew obrysie\u201d roweru. O ile przyczepka wraz z rowerem stanowi ju\u017c sporej d\u0142ugo\u015bci pojazd (Uwaga! Nale\u017cy pami\u0119ta\u0107, \u017ce d\u0142ugo\u015b\u0107 przyczepki wraz z rowerem nie mo\u017ce przekracza\u0107 4 metr\u00f3w), to fotelik sprawia, \u017ce na jednym rowerze jedzie po prostu dw\u00f3ch pasa\u017cer\u00f3w.<\/p>\n<p>Wygodniejszym i bardziej perspektywicznym rozwi\u0105zaniem wydaje si\u0119 fotelik montowany za rowerzyst\u0105. Mo\u017ce na nim je\u017adzi\u0107 dziecko nawet do 35 kg, poza tym nie kr\u0119puje on ruch\u00f3w rowerzysty. Z kolei fotelik umieszczany z przodu mo\u017ce by\u0107 szczeg\u00f3lnie niewygodny dla os\u00f3b o wi\u0119kszej posturze, poza tym na og\u00f3\u0142 przeznaczony jest dla dzieci wa\u017c\u0105cych 15-18 kg.<\/p>\n<p>Przewo\u017cenie dziecka przed rowerzyst\u0105 ma jednak tak\u017ce plusy, poniewa\u017c rodzic ca\u0142y czas widzi swoj\u0105 pociech\u0119, a dziecko bez problem\u00f3w mo\u017ce podziwia\u0107 widoki.<\/p>\n<p>Nale\u017cy pami\u0119ta\u0107, \u017ce dzi\u0119ki mo\u017cliwo\u015bci montowania fotelika z przodu i z ty\u0142u, nasz rower mo\u017ce sta\u0107 si\u0119 pojazdem nawet\u2026 trzyosobowym!<\/p>\n<p style=\"font-size: 16px;\"><strong style=\"font-size: 16px;\"><img loading=\"lazy\" decoding=\"async\" class=\"aligncenter size-full wp-image-7211\" src=\"https:\/\/d2p6e6u75xmxt8.cloudfront.net\/5\/2018\/06\/3-2.jpg\" alt=\"\" width=\"1979\" height=\"674\" srcset=\"https:\/\/d2p6e6u75xmxt8.cloudfront.net\/5\/2018\/06\/3-2.jpg 1979w, https:\/\/d2p6e6u75xmxt8.cloudfront.net\/5\/2018\/06\/3-2-300x102.jpg 300w, https:\/\/d2p6e6u75xmxt8.cloudfront.net\/5\/2018\/06\/3-2-768x262.jpg 768w, https:\/\/d2p6e6u75xmxt8.cloudfront.net\/5\/2018\/06\/3-2-1024x349.jpg 1024w, https:\/\/d2p6e6u75xmxt8.cloudfront.net\/5\/2018\/06\/3-2-1920x654.jpg 1920w, https:\/\/d2p6e6u75xmxt8.cloudfront.net\/5\/2018\/06\/3-2-1920x654.jpg 1920w\" sizes=\"auto, (max-width: 1979px) 100vw, 1979px\" \/><\/strong><\/p>\n<p><span style=\"font-size: 18pt;\"><strong>Plusy i minusy przyczepki<\/strong><\/span><\/p>\n<p>Bardziej bezproblemowe przewo\u017cenie dwojga dzieci r\u00f3wnocze\u015bnie daje nam przyczepka, jednak w przypadku tego rozwi\u0105zania nale\u017cy ca\u0142y czas pami\u0119ta\u0107, \u017ce nasz rower nie ko\u0144czy si\u0119 na b\u0142otniku, ale ci\u0105gnie za sob\u0105 jeszcze sporych gabaryt\u00f3w w\u00f3zek.<\/p>\n<p>Kieruj\u0105cy rowerem musi mie\u0107 wzmo\u017con\u0105 uwag\u0119 na przejazdach dla rowerzyst\u00f3w, a \u2013 szczeg\u00f3lnie w mie\u015bcie &#8211; oczy dooko\u0142a g\u0142owy, by jaki\u015b roztargniony kierowca nie przeoczy\u0142 ci\u0105gni\u0119tej przyczepki. Z tego powodu nie nale\u017cy te\u017c lekcewa\u017cy\u0107 montowania wysokiej flagi, kt\u00f3ra na og\u00f3\u0142 dodawana jest do w\u00f3zka.<\/p>\n<p>Korzystaj\u0105c z przyczepki mamy niestety niewielki kontakt z dzieckiem, cho\u0107 niekt\u00f3rzy rodzice ten problem rozwi\u0105zuj\u0105 montuj\u0105c np. kamerki lub tzw. elektroniczne nianie.<\/p>\n<p>Przyczepka ma jedn\u0105 du\u017c\u0105 przewag\u0119 w kwestii bezpiecze\u0144stwa \u2013 w razie przewr\u00f3cenia si\u0119 roweru, w\u00f3zek z dzie\u0107mi (dzi\u0119ki specjalnemu po\u0142\u0105czeniu) zostaje w tej samej pozycji, tymczasem w przypadku wywrotki z dzieckiem na foteliku sytuacja mo\u017ce zrobi\u0107 si\u0119 bardzo niebezpieczna.<\/p>\n<p><span style=\"font-size: 18pt;\"><strong>Mocny argument? Sen!<\/strong><\/span><\/p>\n<p>Podczas wybierania sposobu przewo\u017cenia dziecka nale\u017cy wzi\u0105\u0107 pod uwag\u0119 bardzo wa\u017cny fakt &#8211; podczas d\u0142u\u017cszych przeja\u017cd\u017cek nasza pociecha w ka\u017cdej chwili mo\u017ce zapa\u015b\u0107 w b\u0142ogi sen. W tym przypadku przyczepka jest znacznie wygodniejsza, ale producenci fotelik\u00f3w pr\u00f3buj\u0105 jej dor\u00f3wna\u0107. Dlatego na rynku dost\u0119pne s\u0105 tzw. foteliki odchylane, kt\u00f3re poprawiaj\u0105 komfort w czasie snu. Fizjoterapeuci podkre\u015blaj\u0105 jednak, \u017ce w przypadku snu, dla dziecka znacznie lepsza jest przyczepka.<\/p>\n<p>Bardzo utrudniona i niebezpieczna jest za to jazda ze \u015bpi\u0105cym dzieckiem na nieodchylanym foteliku, poniewa\u017c na og\u00f3\u0142 ko\u0144czy si\u0119 to tym, \u017ce g\u0142owa malucha ca\u0142y czas spada do przodu, wi\u0119c rowerzysta w ekwilibrystyczny spos\u00f3b pr\u00f3buje j\u0105 dziecku przytrzyma\u0107, a to os\u0142abia nie tylko koncentracj\u0119, ale r\u00f3wnie\u017c mo\u017cliwo\u015b\u0107 panowania nad rowerem.<\/p>\n<p>Przyczepka ma jeszcze jedn\u0105 dodatkow\u0105 zalet\u0119 &#8211; dzi\u0119ki specjalnemu hamaczkowi mog\u0105 w niej je\u017adzi\u0107 ju\u017c kilkumiesi\u0119czne dzieci. Je\u015bli chodzi o foteliki, to w tej kwestii zdania s\u0105 podzielone: jedni fizjoterapeuci twierdz\u0105, \u017ce mo\u017cna z niej korzysta\u0107, gdy dziecko zacznie siada\u0107, inni uwa\u017caj\u0105, \u017ce lepiej wstrzyma\u0107 si\u0119 a\u017c do drugiego roku \u017cycia.<\/p>\n<p><span style=\"font-size: 18pt;\"><strong>Co z komfortem rodzica?<\/strong><\/span><\/p>\n<p>Dla wielu rodzic\u00f3w istotny jest r\u00f3wnie\u017c spos\u00f3b monta\u017cu oraz gabaryt sprz\u0119tu do przewo\u017cenia dzieci. Tu przewag\u0119 ma fotelik, ale trzeba przyzna\u0107, \u017ce coraz nowocze\u015bniejsze przyczepki te\u017c mo\u017cna zdemontowa\u0107 w okamgnieniu, a po z\u0142o\u017ceniu w niczym nie przypominaj\u0105 sporych rozmiar\u00f3w w\u00f3zka, kt\u00f3ry chwil\u0119 wcze\u015bniej by\u0142 przypi\u0119ty do roweru.<\/p>\n<p>Cz\u0119sto jednak decyduj\u0105cym aspektem podczas wyboru sposobu przewo\u017cenia dziecka jest cena, bo dobrej jako\u015bci przyczepka z solidnymi amortyzatorami potrafi by\u0107 nawet kilka razy dro\u017csza od fotelika (pami\u0119tajmy jednak, \u017ce przyczepka mo\u017ce pe\u0142ni\u0107 te\u017c funkcj\u0119 w\u00f3zka). W tej sytuacji dla os\u00f3b zdecydowanych na przyczepk\u0119 dobrym rozwi\u0105zaniem mo\u017ce by\u0107 zakup sprz\u0119tu u\u017cywanego.<\/p>\n<style type=\"text\/css\"><!--td {border: 1px solid #ccc;}br {mso-data-placement:same-cell;}--><\/style>\n<p><span data-sheets-value=\"{&quot;1&quot;:2,&quot;2&quot;:&quot;Artyku\u0142 powsta\u0142 we wsp\u00f3\u0142pracy ze skoda-auto.pl&quot;}\" data-sheets-userformat=\"{&quot;2&quot;:1,&quot;3&quot;:{&quot;1&quot;:0}}\"><a class=\"in-cell-link\" href=\"http:\/\/www.skoda-auto.pl\/\" target=\"_blank\" rel=\"noopener\">Artyku\u0142 powsta\u0142 we wsp\u00f3\u0142pracy ze skoda-auto.pl<\/a><\/span><\/p>\n","protected":false},"excerpt":{"rendered":"<p>Z przodu, z ty\u0142u, w foteliku, w przyczepce? Dzi\u015b rodzice maj\u0105 wiele mo\u017cliwo\u015bci, by po\u0142\u0105czy\u0107 mi\u0142o\u015b\u0107 do dziecka z mi\u0142o\u015bci\u0105 [&hellip;]<\/p>\n","protected":false},"author":76,"featured_media":7211,"comment_status":"open","ping_status":"open","sticky":false,"template":"","format":"standard","meta":{"footnotes":""},"categories":[7],"tags":[],"global-categories":[],"class_list":["post-9619","post","type-post","status-publish","format-standard","has-post-thumbnail","hentry","category-bezpieczenstwo"],"yoast_head":"<!-- This site is optimized with the Yoast SEO Premium plugin v25.3 (Yoast SEO v25.9) - https:\/\/yoast.com\/wordpress\/plugins\/seo\/ -->\n<title>Odwieczny dylemat rodzica-rowerzysty\u2026 Jak bezpiecznie przewozi\u0107 dziecko? - \u0160koda We Love Cycling - Poland<\/title>\n<meta name=\"robots\" content=\"index, follow, max-snippet:-1, max-image-preview:large, max-video-preview:-1\" \/>\n<link rel=\"canonical\" href=\"https:\/\/www.welovecycling.com\/pl\/2019\/08\/29\/odwieczny-dylemat-rodzica-rowerzysty-jak-bezpiecznie-przewozic-dziecko\/\" \/>\n<meta property=\"og:locale\" content=\"pl_PL\" \/>\n<meta property=\"og:type\" content=\"article\" \/>\n<meta property=\"og:title\" content=\"Odwieczny dylemat rodzica-rowerzysty\u2026 Jak bezpiecznie przewozi\u0107 dziecko?\" \/>\n<meta property=\"og:description\" content=\"Z przodu, z ty\u0142u, w foteliku, w przyczepce? Dzi\u015b rodzice maj\u0105 wiele mo\u017cliwo\u015bci, by po\u0142\u0105czy\u0107 mi\u0142o\u015b\u0107 do dziecka z mi\u0142o\u015bci\u0105 [&hellip;]\" \/>\n<meta property=\"og:url\" content=\"https:\/\/www.welovecycling.com\/pl\/2019\/08\/29\/odwieczny-dylemat-rodzica-rowerzysty-jak-bezpiecznie-przewozic-dziecko\/\" \/>\n<meta property=\"og:site_name\" content=\"\u0160koda We Love Cycling - Poland\" \/>\n<meta property=\"article:published_time\" content=\"2019-08-29T11:46:07+00:00\" \/>\n<meta property=\"article:modified_time\" content=\"2019-08-29T11:48:41+00:00\" \/>\n<meta property=\"og:image\" content=\"https:\/\/d2p6e6u75xmxt8.cloudfront.net\/5\/2018\/06\/3-2.jpg\" \/>\n\t<meta property=\"og:image:width\" content=\"1979\" \/>\n\t<meta property=\"og:image:height\" content=\"674\" \/>\n\t<meta property=\"og:image:type\" content=\"image\/jpeg\" \/>\n<meta name=\"author\" content=\"piotrboczkowski\" \/>\n<meta name=\"twitter:card\" content=\"summary_large_image\" \/>\n<meta name=\"twitter:label1\" content=\"Written by\" \/>\n\t<meta name=\"twitter:data1\" content=\"Piotr Nowik\" \/>\n\t<meta name=\"twitter:label2\" content=\"Est. reading time\" \/>\n\t<meta name=\"twitter:data2\" content=\"4 minutes\" \/>\n<script type=\"application\/ld+json\" class=\"yoast-schema-graph\">{\"@context\":\"https:\/\/schema.org\",\"@graph\":[{\"@type\":\"WebPage\",\"@id\":\"https:\/\/www.welovecycling.com\/pl\/2019\/08\/29\/odwieczny-dylemat-rodzica-rowerzysty-jak-bezpiecznie-przewozic-dziecko\/\",\"url\":\"https:\/\/www.welovecycling.com\/pl\/2019\/08\/29\/odwieczny-dylemat-rodzica-rowerzysty-jak-bezpiecznie-przewozic-dziecko\/\",\"name\":\"Odwieczny dylemat rodzica-rowerzysty\u2026 Jak bezpiecznie przewozi\u0107 dziecko? - \u0160koda We Love Cycling - Poland\",\"isPartOf\":{\"@id\":\"https:\/\/www.welovecycling.com\/pl\/#website\"},\"primaryImageOfPage\":{\"@id\":\"https:\/\/www.welovecycling.com\/pl\/2019\/08\/29\/odwieczny-dylemat-rodzica-rowerzysty-jak-bezpiecznie-przewozic-dziecko\/#primaryimage\"},\"image\":{\"@id\":\"https:\/\/www.welovecycling.com\/pl\/2019\/08\/29\/odwieczny-dylemat-rodzica-rowerzysty-jak-bezpiecznie-przewozic-dziecko\/#primaryimage\"},\"thumbnailUrl\":\"https:\/\/d2p6e6u75xmxt8.cloudfront.net\/5\/2018\/06\/3-2.jpg\",\"datePublished\":\"2019-08-29T11:46:07+00:00\",\"dateModified\":\"2019-08-29T11:48:41+00:00\",\"author\":{\"@id\":\"https:\/\/www.welovecycling.com\/pl\/#\/schema\/person\/0dba2d39da943db9df3fd8f4687e7f23\"},\"breadcrumb\":{\"@id\":\"https:\/\/www.welovecycling.com\/pl\/2019\/08\/29\/odwieczny-dylemat-rodzica-rowerzysty-jak-bezpiecznie-przewozic-dziecko\/#breadcrumb\"},\"inLanguage\":\"pl-PL\",\"potentialAction\":[{\"@type\":\"ReadAction\",\"target\":[\"https:\/\/www.welovecycling.com\/pl\/2019\/08\/29\/odwieczny-dylemat-rodzica-rowerzysty-jak-bezpiecznie-przewozic-dziecko\/\"]}]},{\"@type\":\"ImageObject\",\"inLanguage\":\"pl-PL\",\"@id\":\"https:\/\/www.welovecycling.com\/pl\/2019\/08\/29\/odwieczny-dylemat-rodzica-rowerzysty-jak-bezpiecznie-przewozic-dziecko\/#primaryimage\",\"url\":\"https:\/\/d2p6e6u75xmxt8.cloudfront.net\/5\/2018\/06\/3-2.jpg\",\"contentUrl\":\"https:\/\/d2p6e6u75xmxt8.cloudfront.net\/5\/2018\/06\/3-2.jpg\",\"width\":1979,\"height\":674},{\"@type\":\"BreadcrumbList\",\"@id\":\"https:\/\/www.welovecycling.com\/pl\/2019\/08\/29\/odwieczny-dylemat-rodzica-rowerzysty-jak-bezpiecznie-przewozic-dziecko\/#breadcrumb\",\"itemListElement\":[{\"@type\":\"ListItem\",\"position\":1,\"name\":\"Home\",\"item\":\"https:\/\/www.welovecycling.com\/pl\/\"},{\"@type\":\"ListItem\",\"position\":2,\"name\":\"Odwieczny dylemat rodzica-rowerzysty\u2026 Jak bezpiecznie przewozi\u0107 dziecko?\"}]},{\"@type\":\"WebSite\",\"@id\":\"https:\/\/www.welovecycling.com\/pl\/#website\",\"url\":\"https:\/\/www.welovecycling.com\/pl\/\",\"name\":\"\u0160koda We Love Cycling - Poland\",\"description\":\"\",\"potentialAction\":[{\"@type\":\"SearchAction\",\"target\":{\"@type\":\"EntryPoint\",\"urlTemplate\":\"https:\/\/www.welovecycling.com\/pl\/?s={search_term_string}\"},\"query-input\":{\"@type\":\"PropertyValueSpecification\",\"valueRequired\":true,\"valueName\":\"search_term_string\"}}],\"inLanguage\":\"pl-PL\"},{\"@type\":\"Person\",\"@id\":\"https:\/\/www.welovecycling.com\/pl\/#\/schema\/person\/0dba2d39da943db9df3fd8f4687e7f23\",\"name\":\"piotrboczkowski\",\"image\":{\"@type\":\"ImageObject\",\"inLanguage\":\"pl-PL\",\"@id\":\"https:\/\/www.welovecycling.com\/pl\/#\/schema\/person\/image\/\",\"url\":\"https:\/\/secure.gravatar.com\/avatar\/533caccae14752e03a2ce2d3fd62d1b98b93e1393c3195c27819e53344ca1ace?s=96&d=mm&r=g\",\"contentUrl\":\"https:\/\/secure.gravatar.com\/avatar\/533caccae14752e03a2ce2d3fd62d1b98b93e1393c3195c27819e53344ca1ace?s=96&d=mm&r=g\",\"caption\":\"piotrboczkowski\"},\"url\":\"https:\/\/www.welovecycling.com\/pl\/author\/piotrboczkowski\/\"}]}<\/script>\n<!-- \/ Yoast SEO Premium plugin. -->","yoast_head_json":{"title":"Odwieczny dylemat rodzica-rowerzysty\u2026 Jak bezpiecznie przewozi\u0107 dziecko? - \u0160koda We Love Cycling - Poland","robots":{"index":"index","follow":"follow","max-snippet":"max-snippet:-1","max-image-preview":"max-image-preview:large","max-video-preview":"max-video-preview:-1"},"canonical":"https:\/\/www.welovecycling.com\/pl\/2019\/08\/29\/odwieczny-dylemat-rodzica-rowerzysty-jak-bezpiecznie-przewozic-dziecko\/","og_locale":"pl_PL","og_type":"article","og_title":"Odwieczny dylemat rodzica-rowerzysty\u2026 Jak bezpiecznie przewozi\u0107 dziecko?","og_description":"Z przodu, z ty\u0142u, w foteliku, w przyczepce? Dzi\u015b rodzice maj\u0105 wiele mo\u017cliwo\u015bci, by po\u0142\u0105czy\u0107 mi\u0142o\u015b\u0107 do dziecka z mi\u0142o\u015bci\u0105 [&hellip;]","og_url":"https:\/\/www.welovecycling.com\/pl\/2019\/08\/29\/odwieczny-dylemat-rodzica-rowerzysty-jak-bezpiecznie-przewozic-dziecko\/","og_site_name":"\u0160koda We Love Cycling - Poland","article_published_time":"2019-08-29T11:46:07+00:00","article_modified_time":"2019-08-29T11:48:41+00:00","og_image":[{"width":1979,"height":674,"url":"https:\/\/d2p6e6u75xmxt8.cloudfront.net\/5\/2018\/06\/3-2.jpg","type":"image\/jpeg"}],"author":"piotrboczkowski","twitter_card":"summary_large_image","twitter_misc":{"Written by":"Piotr Nowik","Est. reading time":"4 minutes"},"schema":{"@context":"https:\/\/schema.org","@graph":[{"@type":"WebPage","@id":"https:\/\/www.welovecycling.com\/pl\/2019\/08\/29\/odwieczny-dylemat-rodzica-rowerzysty-jak-bezpiecznie-przewozic-dziecko\/","url":"https:\/\/www.welovecycling.com\/pl\/2019\/08\/29\/odwieczny-dylemat-rodzica-rowerzysty-jak-bezpiecznie-przewozic-dziecko\/","name":"Odwieczny dylemat rodzica-rowerzysty\u2026 Jak bezpiecznie przewozi\u0107 dziecko? - \u0160koda We Love Cycling - Poland","isPartOf":{"@id":"https:\/\/www.welovecycling.com\/pl\/#website"},"primaryImageOfPage":{"@id":"https:\/\/www.welovecycling.com\/pl\/2019\/08\/29\/odwieczny-dylemat-rodzica-rowerzysty-jak-bezpiecznie-przewozic-dziecko\/#primaryimage"},"image":{"@id":"https:\/\/www.welovecycling.com\/pl\/2019\/08\/29\/odwieczny-dylemat-rodzica-rowerzysty-jak-bezpiecznie-przewozic-dziecko\/#primaryimage"},"thumbnailUrl":"https:\/\/d2p6e6u75xmxt8.cloudfront.net\/5\/2018\/06\/3-2.jpg","datePublished":"2019-08-29T11:46:07+00:00","dateModified":"2019-08-29T11:48:41+00:00","author":{"@id":"https:\/\/www.welovecycling.com\/pl\/#\/schema\/person\/0dba2d39da943db9df3fd8f4687e7f23"},"breadcrumb":{"@id":"https:\/\/www.welovecycling.com\/pl\/2019\/08\/29\/odwieczny-dylemat-rodzica-rowerzysty-jak-bezpiecznie-przewozic-dziecko\/#breadcrumb"},"inLanguage":"pl-PL","potentialAction":[{"@type":"ReadAction","target":["https:\/\/www.welovecycling.com\/pl\/2019\/08\/29\/odwieczny-dylemat-rodzica-rowerzysty-jak-bezpiecznie-przewozic-dziecko\/"]}]},{"@type":"ImageObject","inLanguage":"pl-PL","@id":"https:\/\/www.welovecycling.com\/pl\/2019\/08\/29\/odwieczny-dylemat-rodzica-rowerzysty-jak-bezpiecznie-przewozic-dziecko\/#primaryimage","url":"https:\/\/d2p6e6u75xmxt8.cloudfront.net\/5\/2018\/06\/3-2.jpg","contentUrl":"https:\/\/d2p6e6u75xmxt8.cloudfront.net\/5\/2018\/06\/3-2.jpg","width":1979,"height":674},{"@type":"BreadcrumbList","@id":"https:\/\/www.welovecycling.com\/pl\/2019\/08\/29\/odwieczny-dylemat-rodzica-rowerzysty-jak-bezpiecznie-przewozic-dziecko\/#breadcrumb","itemListElement":[{"@type":"ListItem","position":1,"name":"Home","item":"https:\/\/www.welovecycling.com\/pl\/"},{"@type":"ListItem","position":2,"name":"Odwieczny dylemat rodzica-rowerzysty\u2026 Jak bezpiecznie przewozi\u0107 dziecko?"}]},{"@type":"WebSite","@id":"https:\/\/www.welovecycling.com\/pl\/#website","url":"https:\/\/www.welovecycling.com\/pl\/","name":"\u0160koda We Love Cycling - Poland","description":"","potentialAction":[{"@type":"SearchAction","target":{"@type":"EntryPoint","urlTemplate":"https:\/\/www.welovecycling.com\/pl\/?s={search_term_string}"},"query-input":{"@type":"PropertyValueSpecification","valueRequired":true,"valueName":"search_term_string"}}],"inLanguage":"pl-PL"},{"@type":"Person","@id":"https:\/\/www.welovecycling.com\/pl\/#\/schema\/person\/0dba2d39da943db9df3fd8f4687e7f23","name":"piotrboczkowski","image":{"@type":"ImageObject","inLanguage":"pl-PL","@id":"https:\/\/www.welovecycling.com\/pl\/#\/schema\/person\/image\/","url":"https:\/\/secure.gravatar.com\/avatar\/533caccae14752e03a2ce2d3fd62d1b98b93e1393c3195c27819e53344ca1ace?s=96&d=mm&r=g","contentUrl":"https:\/\/secure.gravatar.com\/avatar\/533caccae14752e03a2ce2d3fd62d1b98b93e1393c3195c27819e53344ca1ace?s=96&d=mm&r=g","caption":"piotrboczkowski"},"url":"https:\/\/www.welovecycling.com\/pl\/author\/piotrboczkowski\/"}]}},"_links":{"self":[{"href":"https:\/\/www.welovecycling.com\/pl\/wp-json\/wp\/v2\/posts\/9619","targetHints":{"allow":["GET"]}}],"collection":[{"href":"https:\/\/www.welovecycling.com\/pl\/wp-json\/wp\/v2\/posts"}],"about":[{"href":"https:\/\/www.welovecycling.com\/pl\/wp-json\/wp\/v2\/types\/post"}],"author":[{"embeddable":true,"href":"https:\/\/www.welovecycling.com\/pl\/wp-json\/wp\/v2\/users\/76"}],"replies":[{"embeddable":true,"href":"https:\/\/www.welovecycling.com\/pl\/wp-json\/wp\/v2\/comments?post=9619"}],"version-history":[{"count":2,"href":"https:\/\/www.welovecycling.com\/pl\/wp-json\/wp\/v2\/posts\/9619\/revisions"}],"predecessor-version":[{"id":9622,"href":"https:\/\/www.welovecycling.com\/pl\/wp-json\/wp\/v2\/posts\/9619\/revisions\/9622"}],"wp:featuredmedia":[{"embeddable":true,"href":"https:\/\/www.welovecycling.com\/pl\/wp-json\/wp\/v2\/media\/7211"}],"wp:attachment":[{"href":"https:\/\/www.welovecycling.com\/pl\/wp-json\/wp\/v2\/media?parent=9619"}],"wp:term":[{"taxonomy":"category","embeddable":true,"href":"https:\/\/www.welovecycling.com\/pl\/wp-json\/wp\/v2\/categories?post=9619"},{"taxonomy":"post_tag","embeddable":true,"href":"https:\/\/www.welovecycling.com\/pl\/wp-json\/wp\/v2\/tags?post=9619"},{"taxonomy":"global-categories","embeddable":true,"href":"https:\/\/www.welovecycling.com\/pl\/wp-json\/wp\/v2\/global-categories?post=9619"}],"curies":[{"name":"wp","href":"https:\/\/api.w.org\/{rel}","templated":true}]}}