{"id":9616,"date":"2019-08-28T09:48:00","date_gmt":"2019-08-28T09:48:00","guid":{"rendered":"https:\/\/www.welovecycling.com\/pl\/?p=9616"},"modified":"2019-08-28T09:48:00","modified_gmt":"2019-08-28T09:48:00","slug":"bartosz-huzarski-dlaczego-kolarze-jezdza-parami","status":"publish","type":"post","link":"https:\/\/www.welovecycling.com\/pl\/2019\/08\/28\/bartosz-huzarski-dlaczego-kolarze-jezdza-parami\/","title":{"rendered":"Bartosz Huzarski: Dlaczego kolarze je\u017cd\u017c\u0105 parami"},"content":{"rendered":"<p><strong>Czy wiesz, ile miejsca zajmuje rowerzysta na jezdni, a ile samoch\u00f3d? Nasz ekspert, Bartosz Huzarski, by\u0142y kolarz zawodowy, dokona\u0142 niezb\u0119dnych pomiar\u00f3w na standardowych drogach, aby udowodni\u0107, \u017ce jazda parami to nie jest \u017cadne widzimisi\u0119, lecz jest podyktowana wzgl\u0119dami bezpiecze\u0144stwa.<\/strong><\/p>\n<p>Jak pomiary przek\u0142adaj\u0105 si\u0119 na realne warunki drogowe? Okazuje si\u0119, \u017ce nie ma fizycznej i realnej mo\u017cliwo\u015bci wyprzedzenia rowerzyst\u00f3w jad\u0105cych w parach przez samoch\u00f3d, je\u015bli z naprzeciwka nadje\u017cd\u017ca inny pojazd. Kiedy kolarze jad\u0105 pojedynczo, nie jest to tak bardzo widoczne, zatem jazda parami to wyra\u017any sygna\u0142 dla kierowcy, \u017ce jego manewr wyprzedzania b\u0119dzie niebezpieczny dla wszystkich.<\/p>\n<p>Dodatkowo margines, jaki zostawiaj\u0105 sobie rowerzy\u015bci, to oko\u0142o 30 cm. Z jednej strony robi\u0105 to po to, \u017ceby unikn\u0105\u0107 wpadni\u0119cia do studzienki lub bezpiecznie omin\u0105\u0107 nier\u00f3wno\u015bci na drodze, a z drugiej, je\u015bli samoch\u00f3d przeje\u017cd\u017ca zbyt blisko, to maj\u0105 miejsce, \u017ceby zrobi\u0107 unik. Tym sposobem miejsca do wyprzedzania robi si\u0119 jeszcze mniej.<\/p>\n<div class=\"embed-controller-wrapper\">\n<div class=\"embed-wrapper\"><iframe title=\"Bartosz Huzarski: Dlaczego kolarze je\u017cd\u017c\u0105 parami?\" width=\"500\" height=\"281\" data-src=\"https:\/\/www.youtube.com\/embed\/JTPVIBTwA0U?feature=oembed\" frameborder=\"0\" allow=\"accelerometer; autoplay; clipboard-write; encrypted-media; gyroscope; picture-in-picture; web-share\" referrerpolicy=\"strict-origin-when-cross-origin\" allowfullscreen><\/iframe><\/div>\n<\/div>\n<p>Zgodnie z przepisami o ruchu drogowym kolarze maj\u0105 prawo je\u017adzi\u0107 w parach, ale Bartosz zach\u0119ca, \u017ceby kierowa\u0107 si\u0119 zdrowym rozs\u0105dkiem i zawsze korzysta\u0107 ze \u015bcie\u017cek rowerowych, je\u015bli znajduj\u0105 si\u0119 one obok drogi.<\/p>\n<p>Wi\u0119cej na temat bezpiecze\u0144stwa znajdziecie tutaj:<\/p>\n<p><img loading=\"lazy\" decoding=\"async\" class=\"size-full wp-image-9447 alignleft\" src=\"https:\/\/d2p6e6u75xmxt8.cloudfront.net\/5\/2019\/07\/skoda_wlcCyclingSafety_750x100_H.jpg\" alt=\"\" width=\"750\" height=\"100\" srcset=\"https:\/\/d2p6e6u75xmxt8.cloudfront.net\/5\/2019\/07\/skoda_wlcCyclingSafety_750x100_H.jpg 750w, https:\/\/d2p6e6u75xmxt8.cloudfront.net\/5\/2019\/07\/skoda_wlcCyclingSafety_750x100_H-300x40.jpg 300w\" sizes=\"auto, (max-width: 750px) 100vw, 750px\" \/><\/p>\n<p>&nbsp;<\/p>\n<p>&nbsp;<\/p>\n<p>&nbsp;<\/p>\n<p><a class=\"in-cell-link\" href=\"http:\/\/www.skoda-auto.pl\/\" target=\"_blank\" rel=\"noopener\">Artyku\u0142 powsta\u0142 we wsp\u00f3\u0142pracy ze skoda-auto.pl<\/a><\/p>\n","protected":false},"excerpt":{"rendered":"<p>Czy wiesz, ile miejsca zajmuje rowerzysta na jezdni, a ile samoch\u00f3d? Nasz ekspert, Bartosz Huzarski, by\u0142y kolarz zawodowy, dokona\u0142 niezb\u0119dnych [&hellip;]<\/p>\n","protected":false},"author":76,"featured_media":8961,"comment_status":"open","ping_status":"open","sticky":false,"template":"","format":"standard","meta":{"footnotes":""},"categories":[203,7],"tags":[],"global-categories":[],"class_list":["post-9616","post","type-post","status-publish","format-standard","has-post-thumbnail","hentry","category-bartosz-huzarski","category-bezpieczenstwo"],"yoast_head":"<!-- This site is optimized with the Yoast SEO Premium plugin v25.3 (Yoast SEO v25.9) - https:\/\/yoast.com\/wordpress\/plugins\/seo\/ -->\n<title>Bartosz Huzarski: Dlaczego kolarze je\u017cd\u017c\u0105 parami - \u0160koda We Love Cycling - Poland<\/title>\n<meta name=\"robots\" content=\"index, follow, max-snippet:-1, max-image-preview:large, max-video-preview:-1\" \/>\n<link rel=\"canonical\" href=\"https:\/\/www.welovecycling.com\/pl\/2019\/08\/28\/bartosz-huzarski-dlaczego-kolarze-jezdza-parami\/\" \/>\n<meta property=\"og:locale\" content=\"pl_PL\" \/>\n<meta property=\"og:type\" content=\"article\" \/>\n<meta property=\"og:title\" content=\"Bartosz Huzarski: Dlaczego kolarze je\u017cd\u017c\u0105 parami\" \/>\n<meta property=\"og:description\" content=\"Czy wiesz, ile miejsca zajmuje rowerzysta na jezdni, a ile samoch\u00f3d? Nasz ekspert, Bartosz Huzarski, by\u0142y kolarz zawodowy, dokona\u0142 niezb\u0119dnych [&hellip;]\" \/>\n<meta property=\"og:url\" content=\"https:\/\/www.welovecycling.com\/pl\/2019\/08\/28\/bartosz-huzarski-dlaczego-kolarze-jezdza-parami\/\" \/>\n<meta property=\"og:site_name\" content=\"\u0160koda We Love Cycling - Poland\" \/>\n<meta property=\"article:published_time\" content=\"2019-08-28T09:48:00+00:00\" \/>\n<meta property=\"og:image\" content=\"https:\/\/d2p6e6u75xmxt8.cloudfront.net\/5\/2019\/05\/14.JPG.jpg\" \/>\n\t<meta property=\"og:image:width\" content=\"1482\" \/>\n\t<meta property=\"og:image:height\" content=\"1050\" \/>\n\t<meta property=\"og:image:type\" content=\"image\/jpeg\" \/>\n<meta name=\"author\" content=\"piotrboczkowski\" \/>\n<meta name=\"twitter:card\" content=\"summary_large_image\" \/>\n<meta name=\"twitter:label1\" content=\"Written by\" \/>\n\t<meta name=\"twitter:data1\" content=\"piotrboczkowski\" \/>\n\t<meta name=\"twitter:label2\" content=\"Est. reading time\" \/>\n\t<meta name=\"twitter:data2\" content=\"1 minute\" \/>\n<script type=\"application\/ld+json\" class=\"yoast-schema-graph\">{\"@context\":\"https:\/\/schema.org\",\"@graph\":[{\"@type\":\"WebPage\",\"@id\":\"https:\/\/www.welovecycling.com\/pl\/2019\/08\/28\/bartosz-huzarski-dlaczego-kolarze-jezdza-parami\/\",\"url\":\"https:\/\/www.welovecycling.com\/pl\/2019\/08\/28\/bartosz-huzarski-dlaczego-kolarze-jezdza-parami\/\",\"name\":\"Bartosz Huzarski: Dlaczego kolarze je\u017cd\u017c\u0105 parami - \u0160koda We Love Cycling - Poland\",\"isPartOf\":{\"@id\":\"https:\/\/www.welovecycling.com\/pl\/#website\"},\"primaryImageOfPage\":{\"@id\":\"https:\/\/www.welovecycling.com\/pl\/2019\/08\/28\/bartosz-huzarski-dlaczego-kolarze-jezdza-parami\/#primaryimage\"},\"image\":{\"@id\":\"https:\/\/www.welovecycling.com\/pl\/2019\/08\/28\/bartosz-huzarski-dlaczego-kolarze-jezdza-parami\/#primaryimage\"},\"thumbnailUrl\":\"https:\/\/d2p6e6u75xmxt8.cloudfront.net\/5\/2019\/05\/14.JPG.jpg\",\"datePublished\":\"2019-08-28T09:48:00+00:00\",\"author\":{\"@id\":\"https:\/\/www.welovecycling.com\/pl\/#\/schema\/person\/0dba2d39da943db9df3fd8f4687e7f23\"},\"breadcrumb\":{\"@id\":\"https:\/\/www.welovecycling.com\/pl\/2019\/08\/28\/bartosz-huzarski-dlaczego-kolarze-jezdza-parami\/#breadcrumb\"},\"inLanguage\":\"pl-PL\",\"potentialAction\":[{\"@type\":\"ReadAction\",\"target\":[\"https:\/\/www.welovecycling.com\/pl\/2019\/08\/28\/bartosz-huzarski-dlaczego-kolarze-jezdza-parami\/\"]}]},{\"@type\":\"ImageObject\",\"inLanguage\":\"pl-PL\",\"@id\":\"https:\/\/www.welovecycling.com\/pl\/2019\/08\/28\/bartosz-huzarski-dlaczego-kolarze-jezdza-parami\/#primaryimage\",\"url\":\"https:\/\/d2p6e6u75xmxt8.cloudfront.net\/5\/2019\/05\/14.JPG.jpg\",\"contentUrl\":\"https:\/\/d2p6e6u75xmxt8.cloudfront.net\/5\/2019\/05\/14.JPG.jpg\",\"width\":1482,\"height\":1050},{\"@type\":\"BreadcrumbList\",\"@id\":\"https:\/\/www.welovecycling.com\/pl\/2019\/08\/28\/bartosz-huzarski-dlaczego-kolarze-jezdza-parami\/#breadcrumb\",\"itemListElement\":[{\"@type\":\"ListItem\",\"position\":1,\"name\":\"Home\",\"item\":\"https:\/\/www.welovecycling.com\/pl\/\"},{\"@type\":\"ListItem\",\"position\":2,\"name\":\"Bartosz Huzarski: Dlaczego kolarze je\u017cd\u017c\u0105 parami\"}]},{\"@type\":\"WebSite\",\"@id\":\"https:\/\/www.welovecycling.com\/pl\/#website\",\"url\":\"https:\/\/www.welovecycling.com\/pl\/\",\"name\":\"\u0160koda We Love Cycling - Poland\",\"description\":\"\",\"potentialAction\":[{\"@type\":\"SearchAction\",\"target\":{\"@type\":\"EntryPoint\",\"urlTemplate\":\"https:\/\/www.welovecycling.com\/pl\/?s={search_term_string}\"},\"query-input\":{\"@type\":\"PropertyValueSpecification\",\"valueRequired\":true,\"valueName\":\"search_term_string\"}}],\"inLanguage\":\"pl-PL\"},{\"@type\":\"Person\",\"@id\":\"https:\/\/www.welovecycling.com\/pl\/#\/schema\/person\/0dba2d39da943db9df3fd8f4687e7f23\",\"name\":\"piotrboczkowski\",\"image\":{\"@type\":\"ImageObject\",\"inLanguage\":\"pl-PL\",\"@id\":\"https:\/\/www.welovecycling.com\/pl\/#\/schema\/person\/image\/\",\"url\":\"https:\/\/secure.gravatar.com\/avatar\/533caccae14752e03a2ce2d3fd62d1b98b93e1393c3195c27819e53344ca1ace?s=96&d=mm&r=g\",\"contentUrl\":\"https:\/\/secure.gravatar.com\/avatar\/533caccae14752e03a2ce2d3fd62d1b98b93e1393c3195c27819e53344ca1ace?s=96&d=mm&r=g\",\"caption\":\"piotrboczkowski\"},\"url\":\"https:\/\/www.welovecycling.com\/pl\/author\/piotrboczkowski\/\"}]}<\/script>\n<!-- \/ Yoast SEO Premium plugin. -->","yoast_head_json":{"title":"Bartosz Huzarski: Dlaczego kolarze je\u017cd\u017c\u0105 parami - \u0160koda We Love Cycling - Poland","robots":{"index":"index","follow":"follow","max-snippet":"max-snippet:-1","max-image-preview":"max-image-preview:large","max-video-preview":"max-video-preview:-1"},"canonical":"https:\/\/www.welovecycling.com\/pl\/2019\/08\/28\/bartosz-huzarski-dlaczego-kolarze-jezdza-parami\/","og_locale":"pl_PL","og_type":"article","og_title":"Bartosz Huzarski: Dlaczego kolarze je\u017cd\u017c\u0105 parami","og_description":"Czy wiesz, ile miejsca zajmuje rowerzysta na jezdni, a ile samoch\u00f3d? Nasz ekspert, Bartosz Huzarski, by\u0142y kolarz zawodowy, dokona\u0142 niezb\u0119dnych [&hellip;]","og_url":"https:\/\/www.welovecycling.com\/pl\/2019\/08\/28\/bartosz-huzarski-dlaczego-kolarze-jezdza-parami\/","og_site_name":"\u0160koda We Love Cycling - Poland","article_published_time":"2019-08-28T09:48:00+00:00","og_image":[{"width":1482,"height":1050,"url":"https:\/\/d2p6e6u75xmxt8.cloudfront.net\/5\/2019\/05\/14.JPG.jpg","type":"image\/jpeg"}],"author":"piotrboczkowski","twitter_card":"summary_large_image","twitter_misc":{"Written by":"piotrboczkowski","Est. reading time":"1 minute"},"schema":{"@context":"https:\/\/schema.org","@graph":[{"@type":"WebPage","@id":"https:\/\/www.welovecycling.com\/pl\/2019\/08\/28\/bartosz-huzarski-dlaczego-kolarze-jezdza-parami\/","url":"https:\/\/www.welovecycling.com\/pl\/2019\/08\/28\/bartosz-huzarski-dlaczego-kolarze-jezdza-parami\/","name":"Bartosz Huzarski: Dlaczego kolarze je\u017cd\u017c\u0105 parami - \u0160koda We Love Cycling - Poland","isPartOf":{"@id":"https:\/\/www.welovecycling.com\/pl\/#website"},"primaryImageOfPage":{"@id":"https:\/\/www.welovecycling.com\/pl\/2019\/08\/28\/bartosz-huzarski-dlaczego-kolarze-jezdza-parami\/#primaryimage"},"image":{"@id":"https:\/\/www.welovecycling.com\/pl\/2019\/08\/28\/bartosz-huzarski-dlaczego-kolarze-jezdza-parami\/#primaryimage"},"thumbnailUrl":"https:\/\/d2p6e6u75xmxt8.cloudfront.net\/5\/2019\/05\/14.JPG.jpg","datePublished":"2019-08-28T09:48:00+00:00","author":{"@id":"https:\/\/www.welovecycling.com\/pl\/#\/schema\/person\/0dba2d39da943db9df3fd8f4687e7f23"},"breadcrumb":{"@id":"https:\/\/www.welovecycling.com\/pl\/2019\/08\/28\/bartosz-huzarski-dlaczego-kolarze-jezdza-parami\/#breadcrumb"},"inLanguage":"pl-PL","potentialAction":[{"@type":"ReadAction","target":["https:\/\/www.welovecycling.com\/pl\/2019\/08\/28\/bartosz-huzarski-dlaczego-kolarze-jezdza-parami\/"]}]},{"@type":"ImageObject","inLanguage":"pl-PL","@id":"https:\/\/www.welovecycling.com\/pl\/2019\/08\/28\/bartosz-huzarski-dlaczego-kolarze-jezdza-parami\/#primaryimage","url":"https:\/\/d2p6e6u75xmxt8.cloudfront.net\/5\/2019\/05\/14.JPG.jpg","contentUrl":"https:\/\/d2p6e6u75xmxt8.cloudfront.net\/5\/2019\/05\/14.JPG.jpg","width":1482,"height":1050},{"@type":"BreadcrumbList","@id":"https:\/\/www.welovecycling.com\/pl\/2019\/08\/28\/bartosz-huzarski-dlaczego-kolarze-jezdza-parami\/#breadcrumb","itemListElement":[{"@type":"ListItem","position":1,"name":"Home","item":"https:\/\/www.welovecycling.com\/pl\/"},{"@type":"ListItem","position":2,"name":"Bartosz Huzarski: Dlaczego kolarze je\u017cd\u017c\u0105 parami"}]},{"@type":"WebSite","@id":"https:\/\/www.welovecycling.com\/pl\/#website","url":"https:\/\/www.welovecycling.com\/pl\/","name":"\u0160koda We Love Cycling - Poland","description":"","potentialAction":[{"@type":"SearchAction","target":{"@type":"EntryPoint","urlTemplate":"https:\/\/www.welovecycling.com\/pl\/?s={search_term_string}"},"query-input":{"@type":"PropertyValueSpecification","valueRequired":true,"valueName":"search_term_string"}}],"inLanguage":"pl-PL"},{"@type":"Person","@id":"https:\/\/www.welovecycling.com\/pl\/#\/schema\/person\/0dba2d39da943db9df3fd8f4687e7f23","name":"piotrboczkowski","image":{"@type":"ImageObject","inLanguage":"pl-PL","@id":"https:\/\/www.welovecycling.com\/pl\/#\/schema\/person\/image\/","url":"https:\/\/secure.gravatar.com\/avatar\/533caccae14752e03a2ce2d3fd62d1b98b93e1393c3195c27819e53344ca1ace?s=96&d=mm&r=g","contentUrl":"https:\/\/secure.gravatar.com\/avatar\/533caccae14752e03a2ce2d3fd62d1b98b93e1393c3195c27819e53344ca1ace?s=96&d=mm&r=g","caption":"piotrboczkowski"},"url":"https:\/\/www.welovecycling.com\/pl\/author\/piotrboczkowski\/"}]}},"_links":{"self":[{"href":"https:\/\/www.welovecycling.com\/pl\/wp-json\/wp\/v2\/posts\/9616","targetHints":{"allow":["GET"]}}],"collection":[{"href":"https:\/\/www.welovecycling.com\/pl\/wp-json\/wp\/v2\/posts"}],"about":[{"href":"https:\/\/www.welovecycling.com\/pl\/wp-json\/wp\/v2\/types\/post"}],"author":[{"embeddable":true,"href":"https:\/\/www.welovecycling.com\/pl\/wp-json\/wp\/v2\/users\/76"}],"replies":[{"embeddable":true,"href":"https:\/\/www.welovecycling.com\/pl\/wp-json\/wp\/v2\/comments?post=9616"}],"version-history":[{"count":1,"href":"https:\/\/www.welovecycling.com\/pl\/wp-json\/wp\/v2\/posts\/9616\/revisions"}],"predecessor-version":[{"id":9618,"href":"https:\/\/www.welovecycling.com\/pl\/wp-json\/wp\/v2\/posts\/9616\/revisions\/9618"}],"wp:featuredmedia":[{"embeddable":true,"href":"https:\/\/www.welovecycling.com\/pl\/wp-json\/wp\/v2\/media\/8961"}],"wp:attachment":[{"href":"https:\/\/www.welovecycling.com\/pl\/wp-json\/wp\/v2\/media?parent=9616"}],"wp:term":[{"taxonomy":"category","embeddable":true,"href":"https:\/\/www.welovecycling.com\/pl\/wp-json\/wp\/v2\/categories?post=9616"},{"taxonomy":"post_tag","embeddable":true,"href":"https:\/\/www.welovecycling.com\/pl\/wp-json\/wp\/v2\/tags?post=9616"},{"taxonomy":"global-categories","embeddable":true,"href":"https:\/\/www.welovecycling.com\/pl\/wp-json\/wp\/v2\/global-categories?post=9616"}],"curies":[{"name":"wp","href":"https:\/\/api.w.org\/{rel}","templated":true}]}}