{"id":9604,"date":"2019-08-27T12:38:56","date_gmt":"2019-08-27T12:38:56","guid":{"rendered":"https:\/\/www.welovecycling.com\/pl\/?p=9604"},"modified":"2019-08-27T12:38:56","modified_gmt":"2019-08-27T12:38:56","slug":"przed-nami-wielkie-swieto-kolarstwa-wszyscy-do-poznania","status":"publish","type":"post","link":"https:\/\/www.welovecycling.com\/pl\/2019\/08\/27\/przed-nami-wielkie-swieto-kolarstwa-wszyscy-do-poznania\/","title":{"rendered":"Przed nami wielkie \u015bwi\u0119to kolarstwa. Wszyscy do Poznania!"},"content":{"rendered":"<p><strong>Eliminacyjne sito nie wpu\u015bci\u0142o tu nikogo przypadkowego\u2026 W niedziel\u0119 w Poznaniu odb\u0119d\u0105 si\u0119 MISTRZOSTWA \u015aWIATA UCI GRAN FONDO 2019, czyli Tour de France amator\u00f3w. A to tylko wisienka na torcie przyrz\u0105dzonym z najsmakowitszych atrakcji dla fan\u00f3w kolarstwa.<\/strong><\/p>\n<p>B\u0119d\u0105 olbrzymie targi rowerowe, skate park, strefy testu sprz\u0119t\u00f3w, zawody dla ka\u017cdego i w ko\u0144cu najwa\u017cniejsze &#8211; profesjonalny wy\u015bcig, kt\u00f3ry wy\u0142oni najlepszego amatorskiego kolarza na \u015bwiecie. W najbli\u017cszych dniach w Poznaniu zapowiada si\u0119 uczta fan\u00f3w rower\u00f3w.<\/p>\n<p><span style=\"font-size: 18pt;\"><strong>Profesjonalizm pe\u0142n\u0105 g\u0119b\u0105<\/strong><\/span><\/p>\n<p>Zawodowcy maj\u0105 Tour de France, a amatorzy MISTRZOSTWA \u015aWIATA UCI GRAN FONDO 2019. Punkt\u00f3w wsp\u00f3lnych obu imprez jest sporo. W Poznaniu r\u00f3wnie\u017c zjawi\u0105 si\u0119 najlepsi zawodnicy i to z ok. 50 pa\u0144stw, kt\u00f3rzy wcze\u015bniej musieli przej\u015b\u0107 bardzo trudne eliminacje. B\u0119d\u0105 te\u017c musieli posiada\u0107 profesjonalny sprz\u0119t, kt\u00f3ry przed startem zostanie wnikliwie sprawdzony pod k\u0105tem zgodno\u015bci z regulaminem.<\/p>\n<p>Dopiero p\u00f3\u017aniej mog\u0105 odebra\u0107 numery, transpondery oraz pakiety startowe i w niedziel\u0119 wjecha\u0107 na tras\u0119 certyfikowan\u0105 przez Mi\u0119dzynarodow\u0105 Uni\u0119 Kolarsk\u0105 (UCI), najwa\u017cniejsz\u0105 organizacj\u0119 rowerow\u0105 na \u015bwiecie. Taki patronat sprawia, \u017ce wszystko musi by\u0107 dopi\u0119te na ostatni guzik, zgodnie z najwy\u017cszymi standardami.<\/p>\n<p>O bezpiecze\u0144stwo uczestnik\u00f3w zadba ponad 150 funkcjonariuszy publicznych i blisko 800 os\u00f3b, kt\u00f3rych zadaniem b\u0119dzie zabezpieczanie trasy. Z koli wzd\u0142u\u017c przejazdu w pogotowiu b\u0119dzie czeka\u0142o 25 karetek, a trasa oczywi\u015bcie zostanie zamkni\u0119ta dla ruchu. S\u0142owem \u2013 pe\u0142en profesjonalizm zgodny z najwi\u0119kszymi kolarskimi wy\u015bcigami \u015bwiata.<\/p>\n<p><span style=\"font-size: 18pt;\"><strong>Nie tylko wy\u015bcigi\u2026<\/strong><\/span><\/p>\n<p>Impreza zacznie si\u0119 ju\u017c w czwartek na unikalnym obiekcie Bednary Driving Center (45 minut od Poznania). Zawody w je\u017adzie indywidualnej na czas odb\u0119d\u0105 si\u0119 na dystansie ponad 18 kilometr\u00f3w. Dzie\u0144 p\u00f3\u017aniej nast\u0105pi uroczyste otwarcie UCI Gran Fondo World Championships Pozna\u0144 2019, a w sobot\u0119 wy\u015bcig oraz wiele atrakcji dla dzieci. Niedziela zarezerwowana jest ju\u017c na powa\u017cne \u015bciganie, kt\u00f3re wy\u0142oni amatorskich mistrz\u00f3w \u015bwiata (dok\u0142adny program podajemy poni\u017cej).<\/p>\n<p>&#8211; Przy\u015bwieca nam idea \u201eCycling For All\u201d. Opr\u00f3cz zach\u0119cania do aktywnego trybu \u017cycia oraz regularnej aktywno\u015bci fizycznej zwi\u0105zanej ze sportami rowerowymi, bez wzgl\u0119du na wiek czy umiej\u0119tno\u015bci i warunki fizyczne, idea jednocze\u015bnie ma zwraca\u0107 uwag\u0119 na warunki codziennej jazdy na rowerze w przestrzeni miejskiej \u2013 podkre\u015blaj\u0105 organizatorzy imprezy.<\/p>\n<p><span style=\"font-size: 18pt;\"><strong>Dla rowerzyst\u00f3w i nie tylko<\/strong><\/span><\/p>\n<p>M.in. dlatego od pi\u0105tku zostan\u0105 zorganizowane targi \u201eBike Show\u201d, najwa\u017cniejsze mi\u0119dzynarodowe wydarzenie bran\u017cy rowerowej i nie tylko. Na teren Mi\u0119dzynarodowych Targ\u00f3w Pozna\u0144skich powinni zajrze\u0107 r\u00f3wnie\u017c mi\u0142o\u015bnicy hulajn\u00f3g, deskorolek, longboard\u00f3w, monocykli czy rolek, bo r\u00f3wnie\u017c znajd\u0105 dla siebie wiele interesuj\u0105cych rzeczy.<\/p>\n<p>Opr\u00f3cz tego przygotowano sporo innych wyzwa\u0144 i atrakcji dla wszystkich, kt\u00f3rzy maj\u0105 ochot\u0119 poczu\u0107 atmosfer\u0119 mistrzostw \u015bwiata. Mo\u017cna sprawdzi\u0107 si\u0119 w wy\u015bcigach towarzysz\u0105cych, zapoznawa\u0107 si\u0119 z nowinkami technicznymi, a tak\u017ce wspiera\u0107 zawodnik\u00f3w wzd\u0142u\u017c trasy.<\/p>\n<p>Z kolei na terenie Mi\u0119dzynarodowych Targ\u00f3w Pozna\u0144skich znajdowa\u0142o si\u0119 b\u0119dzie Miasteczko Zawod\u00f3w, Strefa Finishera, Strefa VIP oraz scena. Na zwiedzaj\u0105cych czeka\u0107 b\u0119d\u0105 przygotowane specjalnie na t\u0119 okazj\u0119: skate park, wydzielone trasy rowerowe, strefy testu sprz\u0119t\u00f3w i wiele innych.<\/p>\n<p><span style=\"font-size: 18pt;\"><strong>Oto programy imprezy:<\/strong><\/span><\/p>\n<ul>\n<li>Czwartek, 29 sierpnia \u2013 <strong>INDIVIDUAL TIME TRIAL<\/strong> \u2013 wyzwanie jest organizowane na unikalnym obiekcie Bednary Driving Center (oko\u0142o 45 minut drogi od Poznania). Zawody w je\u017adzie indywidualnej na czas odb\u0119d\u0105 si\u0119 na dystansie ponad 18 kilometr\u00f3w. Zapoznanie si\u0119 z tras\u0105 i rozgrzewka na p\u0142ycie autodromu b\u0119dzie mo\u017cliwa od rana w dniu wydarzenia, natomiast obowi\u0105zkowe sprawdzenie zgodno\u015bci roweru b\u0119dzie mo\u017cna odby\u0107 w czwartek bezpo\u015brednio przed startem lub dzie\u0144 wcze\u015bniej \u2013 w hali 3A na terenie wydarzenia.<\/li>\n<li>Pi\u0105tek, 30 sierpnia \u2013 <strong>ceremonia otwarcia<\/strong> \u2013 o godzinie 18:00 nast\u0105pi oficjalne otwarcie UCI Gran Fondo World Championships Pozna\u0144 2019, w samym centrum Miasteczka Zawod\u00f3w. W otwarciu wezm\u0105 udzia\u0142 uczestnicy, sponsorzy, w\u0142adze Miasta Poznania, a tak\u017ce przedstawiciele UCI.<\/li>\n<li>Sobota, 31 sierpnia \u2013 <strong>rejestracja zawodnik\u00f3w na Gran Fondo oraz wy\u015bcig dla dzieci<\/strong> \u2013 opr\u00f3cz rejestracji na g\u0142\u00f3wny dystans zawod\u00f3w (od godziny 9:00 do 18:00) oraz odprawy dla zawodnik\u00f3w wieczorem (17:00-18:00), sobota to r\u00f3wnie\u017c atrakcje dla najm\u0142odszych. Organizatorzy przygotowali specjalny dystans KIDS, w kt\u00f3rym dzieci w wieku 3-7 lat b\u0119d\u0105 mog\u0142y podj\u0105\u0107 prawdopodobnie pierwsze, tak presti\u017cowe sportowe wyzwanie. Formu\u0142a nastawiona jest na wzajemn\u0105 zabaw\u0119, dlatego ka\u017cdy z uczestnik\u00f3w zostanie jednakowo nagrodzony po uko\u0144czeniu dystansu.<\/li>\n<li>Niedziela, 1 wrze\u015bnia \u2013 <strong>g\u0142\u00f3wne dystanse Mistrzostw \u015awiata: Gran Fondo i Medio Fondo (Wy\u015bcig Szosowy)<\/strong> \u2013 kolarze wystartuj\u0105 z terenu Mi\u0119dzynarodowych Targ\u00f3w Pozna\u0144skich. Odbi\u00f3r pakiet\u00f3w b\u0119dzie mo\u017cliwy od godziny 9:00 do 19:00 w Miasteczku Zawod\u00f3w na terenie Hali 3A ju\u017c od pi\u0105tku 30 sierpnia. Ka\u017cdy z zawodnik\u00f3w obligatoryjnie b\u0119dzie musia\u0142 sprawdzi\u0107 sw\u00f3j rower pod k\u0105tem zgodno\u015bci z regulaminem, dopiero po tym b\u0119d\u0105 mogli odebra\u0107 swoje numery, transponder oraz pakiety startowe na niedzielne wy\u015bcigi. Odprawa techniczna odb\u0119dzie si\u0119 o 17:00 w sobot\u0119 31 sierpnia. Start zmagania Gran Fondo na dystansie 150 km to godzina 9:00, a sektory b\u0119d\u0105 otwarte 30 minut przed startem ka\u017cdej z grup. Start na dystansie 107,7 km, wed\u0142ug grup wiekowych UCI od godziny 10:10.<\/li>\n<\/ul>\n<p>&nbsp;<\/p>\n<p><a class=\"in-cell-link\" href=\"http:\/\/www.skoda-auto.pl\/\" target=\"_blank\" rel=\"noopener\">Artyku\u0142 powsta\u0142 we wsp\u00f3\u0142pracy ze skoda-auto.pl<\/a><\/p>\n","protected":false},"excerpt":{"rendered":"<p>Eliminacyjne sito nie wpu\u015bci\u0142o tu nikogo przypadkowego\u2026 W niedziel\u0119 w Poznaniu odb\u0119d\u0105 si\u0119 MISTRZOSTWA \u015aWIATA UCI GRAN FONDO 2019, czyli [&hellip;]<\/p>\n","protected":false},"author":76,"featured_media":8005,"comment_status":"open","ping_status":"open","sticky":false,"template":"","format":"standard","meta":{"footnotes":""},"categories":[6,295],"tags":[],"global-categories":[],"class_list":["post-9604","post","type-post","status-publish","format-standard","has-post-thumbnail","hentry","category-kolarstwo-szosowe","category-zawody"],"yoast_head":"<!-- This site is optimized with the Yoast SEO Premium plugin v25.3 (Yoast SEO v25.9) - https:\/\/yoast.com\/wordpress\/plugins\/seo\/ -->\n<title>Przed nami wielkie \u015bwi\u0119to kolarstwa. Wszyscy do Poznania! - \u0160koda We Love Cycling - Poland<\/title>\n<meta name=\"robots\" content=\"index, follow, max-snippet:-1, max-image-preview:large, max-video-preview:-1\" \/>\n<link rel=\"canonical\" href=\"https:\/\/www.welovecycling.com\/pl\/2019\/08\/27\/przed-nami-wielkie-swieto-kolarstwa-wszyscy-do-poznania\/\" \/>\n<meta property=\"og:locale\" content=\"pl_PL\" \/>\n<meta property=\"og:type\" content=\"article\" \/>\n<meta property=\"og:title\" content=\"Przed nami wielkie \u015bwi\u0119to kolarstwa. Wszyscy do Poznania!\" \/>\n<meta property=\"og:description\" content=\"Eliminacyjne sito nie wpu\u015bci\u0142o tu nikogo przypadkowego\u2026 W niedziel\u0119 w Poznaniu odb\u0119d\u0105 si\u0119 MISTRZOSTWA \u015aWIATA UCI GRAN FONDO 2019, czyli [&hellip;]\" \/>\n<meta property=\"og:url\" content=\"https:\/\/www.welovecycling.com\/pl\/2019\/08\/27\/przed-nami-wielkie-swieto-kolarstwa-wszyscy-do-poznania\/\" \/>\n<meta property=\"og:site_name\" content=\"\u0160koda We Love Cycling - Poland\" \/>\n<meta property=\"article:published_time\" content=\"2019-08-27T12:38:56+00:00\" \/>\n<meta property=\"og:image\" content=\"https:\/\/d2p6e6u75xmxt8.cloudfront.net\/5\/2018\/09\/42672718_1864396070310896_7089446037240152064_o.jpg\" \/>\n\t<meta property=\"og:image:width\" content=\"2048\" \/>\n\t<meta property=\"og:image:height\" content=\"1365\" \/>\n\t<meta property=\"og:image:type\" content=\"image\/jpeg\" \/>\n<meta name=\"author\" content=\"piotrboczkowski\" \/>\n<meta name=\"twitter:card\" content=\"summary_large_image\" \/>\n<meta name=\"twitter:label1\" content=\"Written by\" \/>\n\t<meta name=\"twitter:data1\" content=\"piotrboczkowski\" \/>\n\t<meta name=\"twitter:label2\" content=\"Est. reading time\" \/>\n\t<meta name=\"twitter:data2\" content=\"4 minutes\" \/>\n<script type=\"application\/ld+json\" class=\"yoast-schema-graph\">{\"@context\":\"https:\/\/schema.org\",\"@graph\":[{\"@type\":\"WebPage\",\"@id\":\"https:\/\/www.welovecycling.com\/pl\/2019\/08\/27\/przed-nami-wielkie-swieto-kolarstwa-wszyscy-do-poznania\/\",\"url\":\"https:\/\/www.welovecycling.com\/pl\/2019\/08\/27\/przed-nami-wielkie-swieto-kolarstwa-wszyscy-do-poznania\/\",\"name\":\"Przed nami wielkie \u015bwi\u0119to kolarstwa. Wszyscy do Poznania! - \u0160koda We Love Cycling - Poland\",\"isPartOf\":{\"@id\":\"https:\/\/www.welovecycling.com\/pl\/#website\"},\"primaryImageOfPage\":{\"@id\":\"https:\/\/www.welovecycling.com\/pl\/2019\/08\/27\/przed-nami-wielkie-swieto-kolarstwa-wszyscy-do-poznania\/#primaryimage\"},\"image\":{\"@id\":\"https:\/\/www.welovecycling.com\/pl\/2019\/08\/27\/przed-nami-wielkie-swieto-kolarstwa-wszyscy-do-poznania\/#primaryimage\"},\"thumbnailUrl\":\"https:\/\/d2p6e6u75xmxt8.cloudfront.net\/5\/2018\/09\/42672718_1864396070310896_7089446037240152064_o.jpg\",\"datePublished\":\"2019-08-27T12:38:56+00:00\",\"author\":{\"@id\":\"https:\/\/www.welovecycling.com\/pl\/#\/schema\/person\/0dba2d39da943db9df3fd8f4687e7f23\"},\"breadcrumb\":{\"@id\":\"https:\/\/www.welovecycling.com\/pl\/2019\/08\/27\/przed-nami-wielkie-swieto-kolarstwa-wszyscy-do-poznania\/#breadcrumb\"},\"inLanguage\":\"pl-PL\",\"potentialAction\":[{\"@type\":\"ReadAction\",\"target\":[\"https:\/\/www.welovecycling.com\/pl\/2019\/08\/27\/przed-nami-wielkie-swieto-kolarstwa-wszyscy-do-poznania\/\"]}]},{\"@type\":\"ImageObject\",\"inLanguage\":\"pl-PL\",\"@id\":\"https:\/\/www.welovecycling.com\/pl\/2019\/08\/27\/przed-nami-wielkie-swieto-kolarstwa-wszyscy-do-poznania\/#primaryimage\",\"url\":\"https:\/\/d2p6e6u75xmxt8.cloudfront.net\/5\/2018\/09\/42672718_1864396070310896_7089446037240152064_o.jpg\",\"contentUrl\":\"https:\/\/d2p6e6u75xmxt8.cloudfront.net\/5\/2018\/09\/42672718_1864396070310896_7089446037240152064_o.jpg\",\"width\":2048,\"height\":1365},{\"@type\":\"BreadcrumbList\",\"@id\":\"https:\/\/www.welovecycling.com\/pl\/2019\/08\/27\/przed-nami-wielkie-swieto-kolarstwa-wszyscy-do-poznania\/#breadcrumb\",\"itemListElement\":[{\"@type\":\"ListItem\",\"position\":1,\"name\":\"Home\",\"item\":\"https:\/\/www.welovecycling.com\/pl\/\"},{\"@type\":\"ListItem\",\"position\":2,\"name\":\"Przed nami wielkie \u015bwi\u0119to kolarstwa. Wszyscy do Poznania!\"}]},{\"@type\":\"WebSite\",\"@id\":\"https:\/\/www.welovecycling.com\/pl\/#website\",\"url\":\"https:\/\/www.welovecycling.com\/pl\/\",\"name\":\"\u0160koda We Love Cycling - Poland\",\"description\":\"\",\"potentialAction\":[{\"@type\":\"SearchAction\",\"target\":{\"@type\":\"EntryPoint\",\"urlTemplate\":\"https:\/\/www.welovecycling.com\/pl\/?s={search_term_string}\"},\"query-input\":{\"@type\":\"PropertyValueSpecification\",\"valueRequired\":true,\"valueName\":\"search_term_string\"}}],\"inLanguage\":\"pl-PL\"},{\"@type\":\"Person\",\"@id\":\"https:\/\/www.welovecycling.com\/pl\/#\/schema\/person\/0dba2d39da943db9df3fd8f4687e7f23\",\"name\":\"piotrboczkowski\",\"image\":{\"@type\":\"ImageObject\",\"inLanguage\":\"pl-PL\",\"@id\":\"https:\/\/www.welovecycling.com\/pl\/#\/schema\/person\/image\/\",\"url\":\"https:\/\/secure.gravatar.com\/avatar\/533caccae14752e03a2ce2d3fd62d1b98b93e1393c3195c27819e53344ca1ace?s=96&d=mm&r=g\",\"contentUrl\":\"https:\/\/secure.gravatar.com\/avatar\/533caccae14752e03a2ce2d3fd62d1b98b93e1393c3195c27819e53344ca1ace?s=96&d=mm&r=g\",\"caption\":\"piotrboczkowski\"},\"url\":\"https:\/\/www.welovecycling.com\/pl\/author\/piotrboczkowski\/\"}]}<\/script>\n<!-- \/ Yoast SEO Premium plugin. -->","yoast_head_json":{"title":"Przed nami wielkie \u015bwi\u0119to kolarstwa. Wszyscy do Poznania! - \u0160koda We Love Cycling - Poland","robots":{"index":"index","follow":"follow","max-snippet":"max-snippet:-1","max-image-preview":"max-image-preview:large","max-video-preview":"max-video-preview:-1"},"canonical":"https:\/\/www.welovecycling.com\/pl\/2019\/08\/27\/przed-nami-wielkie-swieto-kolarstwa-wszyscy-do-poznania\/","og_locale":"pl_PL","og_type":"article","og_title":"Przed nami wielkie \u015bwi\u0119to kolarstwa. Wszyscy do Poznania!","og_description":"Eliminacyjne sito nie wpu\u015bci\u0142o tu nikogo przypadkowego\u2026 W niedziel\u0119 w Poznaniu odb\u0119d\u0105 si\u0119 MISTRZOSTWA \u015aWIATA UCI GRAN FONDO 2019, czyli [&hellip;]","og_url":"https:\/\/www.welovecycling.com\/pl\/2019\/08\/27\/przed-nami-wielkie-swieto-kolarstwa-wszyscy-do-poznania\/","og_site_name":"\u0160koda We Love Cycling - Poland","article_published_time":"2019-08-27T12:38:56+00:00","og_image":[{"width":2048,"height":1365,"url":"https:\/\/d2p6e6u75xmxt8.cloudfront.net\/5\/2018\/09\/42672718_1864396070310896_7089446037240152064_o.jpg","type":"image\/jpeg"}],"author":"piotrboczkowski","twitter_card":"summary_large_image","twitter_misc":{"Written by":"piotrboczkowski","Est. reading time":"4 minutes"},"schema":{"@context":"https:\/\/schema.org","@graph":[{"@type":"WebPage","@id":"https:\/\/www.welovecycling.com\/pl\/2019\/08\/27\/przed-nami-wielkie-swieto-kolarstwa-wszyscy-do-poznania\/","url":"https:\/\/www.welovecycling.com\/pl\/2019\/08\/27\/przed-nami-wielkie-swieto-kolarstwa-wszyscy-do-poznania\/","name":"Przed nami wielkie \u015bwi\u0119to kolarstwa. Wszyscy do Poznania! - \u0160koda We Love Cycling - Poland","isPartOf":{"@id":"https:\/\/www.welovecycling.com\/pl\/#website"},"primaryImageOfPage":{"@id":"https:\/\/www.welovecycling.com\/pl\/2019\/08\/27\/przed-nami-wielkie-swieto-kolarstwa-wszyscy-do-poznania\/#primaryimage"},"image":{"@id":"https:\/\/www.welovecycling.com\/pl\/2019\/08\/27\/przed-nami-wielkie-swieto-kolarstwa-wszyscy-do-poznania\/#primaryimage"},"thumbnailUrl":"https:\/\/d2p6e6u75xmxt8.cloudfront.net\/5\/2018\/09\/42672718_1864396070310896_7089446037240152064_o.jpg","datePublished":"2019-08-27T12:38:56+00:00","author":{"@id":"https:\/\/www.welovecycling.com\/pl\/#\/schema\/person\/0dba2d39da943db9df3fd8f4687e7f23"},"breadcrumb":{"@id":"https:\/\/www.welovecycling.com\/pl\/2019\/08\/27\/przed-nami-wielkie-swieto-kolarstwa-wszyscy-do-poznania\/#breadcrumb"},"inLanguage":"pl-PL","potentialAction":[{"@type":"ReadAction","target":["https:\/\/www.welovecycling.com\/pl\/2019\/08\/27\/przed-nami-wielkie-swieto-kolarstwa-wszyscy-do-poznania\/"]}]},{"@type":"ImageObject","inLanguage":"pl-PL","@id":"https:\/\/www.welovecycling.com\/pl\/2019\/08\/27\/przed-nami-wielkie-swieto-kolarstwa-wszyscy-do-poznania\/#primaryimage","url":"https:\/\/d2p6e6u75xmxt8.cloudfront.net\/5\/2018\/09\/42672718_1864396070310896_7089446037240152064_o.jpg","contentUrl":"https:\/\/d2p6e6u75xmxt8.cloudfront.net\/5\/2018\/09\/42672718_1864396070310896_7089446037240152064_o.jpg","width":2048,"height":1365},{"@type":"BreadcrumbList","@id":"https:\/\/www.welovecycling.com\/pl\/2019\/08\/27\/przed-nami-wielkie-swieto-kolarstwa-wszyscy-do-poznania\/#breadcrumb","itemListElement":[{"@type":"ListItem","position":1,"name":"Home","item":"https:\/\/www.welovecycling.com\/pl\/"},{"@type":"ListItem","position":2,"name":"Przed nami wielkie \u015bwi\u0119to kolarstwa. Wszyscy do Poznania!"}]},{"@type":"WebSite","@id":"https:\/\/www.welovecycling.com\/pl\/#website","url":"https:\/\/www.welovecycling.com\/pl\/","name":"\u0160koda We Love Cycling - Poland","description":"","potentialAction":[{"@type":"SearchAction","target":{"@type":"EntryPoint","urlTemplate":"https:\/\/www.welovecycling.com\/pl\/?s={search_term_string}"},"query-input":{"@type":"PropertyValueSpecification","valueRequired":true,"valueName":"search_term_string"}}],"inLanguage":"pl-PL"},{"@type":"Person","@id":"https:\/\/www.welovecycling.com\/pl\/#\/schema\/person\/0dba2d39da943db9df3fd8f4687e7f23","name":"piotrboczkowski","image":{"@type":"ImageObject","inLanguage":"pl-PL","@id":"https:\/\/www.welovecycling.com\/pl\/#\/schema\/person\/image\/","url":"https:\/\/secure.gravatar.com\/avatar\/533caccae14752e03a2ce2d3fd62d1b98b93e1393c3195c27819e53344ca1ace?s=96&d=mm&r=g","contentUrl":"https:\/\/secure.gravatar.com\/avatar\/533caccae14752e03a2ce2d3fd62d1b98b93e1393c3195c27819e53344ca1ace?s=96&d=mm&r=g","caption":"piotrboczkowski"},"url":"https:\/\/www.welovecycling.com\/pl\/author\/piotrboczkowski\/"}]}},"_links":{"self":[{"href":"https:\/\/www.welovecycling.com\/pl\/wp-json\/wp\/v2\/posts\/9604","targetHints":{"allow":["GET"]}}],"collection":[{"href":"https:\/\/www.welovecycling.com\/pl\/wp-json\/wp\/v2\/posts"}],"about":[{"href":"https:\/\/www.welovecycling.com\/pl\/wp-json\/wp\/v2\/types\/post"}],"author":[{"embeddable":true,"href":"https:\/\/www.welovecycling.com\/pl\/wp-json\/wp\/v2\/users\/76"}],"replies":[{"embeddable":true,"href":"https:\/\/www.welovecycling.com\/pl\/wp-json\/wp\/v2\/comments?post=9604"}],"version-history":[{"count":2,"href":"https:\/\/www.welovecycling.com\/pl\/wp-json\/wp\/v2\/posts\/9604\/revisions"}],"predecessor-version":[{"id":9615,"href":"https:\/\/www.welovecycling.com\/pl\/wp-json\/wp\/v2\/posts\/9604\/revisions\/9615"}],"wp:featuredmedia":[{"embeddable":true,"href":"https:\/\/www.welovecycling.com\/pl\/wp-json\/wp\/v2\/media\/8005"}],"wp:attachment":[{"href":"https:\/\/www.welovecycling.com\/pl\/wp-json\/wp\/v2\/media?parent=9604"}],"wp:term":[{"taxonomy":"category","embeddable":true,"href":"https:\/\/www.welovecycling.com\/pl\/wp-json\/wp\/v2\/categories?post=9604"},{"taxonomy":"post_tag","embeddable":true,"href":"https:\/\/www.welovecycling.com\/pl\/wp-json\/wp\/v2\/tags?post=9604"},{"taxonomy":"global-categories","embeddable":true,"href":"https:\/\/www.welovecycling.com\/pl\/wp-json\/wp\/v2\/global-categories?post=9604"}],"curies":[{"name":"wp","href":"https:\/\/api.w.org\/{rel}","templated":true}]}}