{"id":9562,"date":"2019-08-16T09:33:47","date_gmt":"2019-08-16T09:33:47","guid":{"rendered":"https:\/\/www.welovecycling.com\/pl\/?p=9562"},"modified":"2019-08-17T07:46:15","modified_gmt":"2019-08-17T07:46:15","slug":"tour-de-pologne-2019-okiem-bartosza-huzarskiego","status":"publish","type":"post","link":"https:\/\/www.welovecycling.com\/pl\/2019\/08\/16\/tour-de-pologne-2019-okiem-bartosza-huzarskiego\/","title":{"rendered":"Tour de Pologne 2019 okiem Bartosza Huzarskiego"},"content":{"rendered":"<p><strong>Za nami kolejna ods\u0142ona naszego narodowego wy\u015bcigu. Organizowany od 26 lat przez Czes\u0142awa Langa i jego Lang Team wy\u015bcig Tour de Pologne to najwi\u0119ksze logistyczne przedsi\u0119wzi\u0119cie w kraju. To r\u00f3wnie\u017c wielka promocja region\u00f3w, przez kt\u00f3re wy\u015bcig przeje\u017cd\u017ca tym bardziej szkoda, \u017ce ostatnimi laty trasa sk\u0142adana jest g\u0142\u00f3wnie z tych samych puzzli. Cho\u0107 w tej edycji od\u015bwie\u017cono troch\u0119 przebieg poszczeg\u00f3lnych etap\u00f3w i dodano kilka smaczk\u00f3w, tegoroczny tour zapami\u0119tamy wyj\u0105tkowo.<\/strong><\/p>\n<p>Chcia\u0142bym wi\u0119c na pocz\u0105tku po\u015bwi\u0119ci\u0107 akapit tragicznie zmar\u0142emu na trasie m\u0142odemu Belgowi. Uchodz\u0105cy za jeden z najwi\u0119kszych talent\u00f3w m\u0142odego pokolenia Bjorg Lambrecht zgin\u0105\u0142 tragicznie na trasie trzeciego etapu. Na wysoko\u015bci 48 kilometra, tego feralnego dnia, straci\u0142 panowanie nad rowerem i uderzy\u0142 w betonowy przepust, taki sam jakich setki kolarze mijaj\u0105 codziennie. Pech, wielki pech tego dwudziestodwuletniego ch\u0142opaka z ekipy Lotto-Soudal. Inaczej ci\u0119\u017cko to uj\u0105\u0107, gdyby upad\u0142 metr wcze\u015bniej, wpad\u0142 by do rowu, prawdopodobnie troch\u0119 si\u0119 poobija\u0142. Tymczasem ten kawa\u0142 betonu wywo\u0142a\u0142 tak ci\u0119\u017ckie obra\u017cenia wewn\u0119trzne, \u017ce zawodnik pomimo d\u0142ugo prowadzonej akcji ratowniczej zmar\u0142 na stole operacyjnym w Rybnickim szpitalu. To pierwszy taki przypadek w historii Lang Teamu, pierwszy taki przypadek w mojej przygodzie z kolarstwem, kiedy to wy\u015bcig, kt\u00f3ry jecha\u0142em dotkn\u0119\u0142a taka tragedia. Zapytacie mo\u017ce, jak to jecha\u0142e\u015b ? A tak \u2013 jecha\u0142em \u2013 mo\u017ce po drugiej stronie, z innej perspektywy, ale jednak znam to \u015brodowisko i uto\u017csamiam si\u0119 z nim, cho\u0107 chcia\u0142bym czasem to z siebie wyprze\u0107. Mam tam wielu znajomych i przyjaci\u00f3\u0142 i to m\u00f3g\u0142 by\u0107 ka\u017cdy z nich. Etap dnia nast\u0119pnego zapami\u0119tamy wszyscy na d\u0142ugo, ja szczeg\u00f3lnie gdy\u017c byli\u015bmy na antenie przez cztery godziny. My\u015bl\u0119, \u017ce w tym momencie na wielkie wyrazy uznania zas\u0142uguje organizator &#8211; przygotowa\u0107 si\u0119 do tej wa\u017cnej chwili, w ci\u0105gu jednej nocy to by\u0142o wielkie przedsi\u0119wzi\u0119cie. Czarne bramy, banery z nazwiskiem i numerem 143 zrobi\u0142y na wszystkich wielkie wra\u017cenie. Pi\u0119kne obrazki wsparcia i solidarno\u015bci pop\u0142yn\u0119\u0142y na ca\u0142y \u015bwiat.<\/p>\n<p>Wy\u015bcig ruszy\u0142 z now\u0105 werw\u0105 podczas etapu pi\u0105tego, kt\u00f3ry rozpocz\u0105\u0142 si\u0119 w Wieliczce. Miastem mety podobnie jak przed rokiem by\u0142a Bielsko-Bia\u0142a. Pami\u0119tamy tutaj niesamowity finisz Micha\u0142a Kwiatkowskiego po zwyci\u0119stwo etapowe oraz bonifikat\u0119 czasow\u0105, kt\u00f3ra zapewni\u0142a naszemu Mistrzowi \u015awiata zwyci\u0119stwo w ca\u0142ym wy\u015bcigu. W tym roku \u015bwietnie zafiniszowa\u0142 w tym samym miejscu Rafa\u0142 Majka, daj\u0105c nadziej\u0119 na walk\u0119 do samego ko\u0144ca o podium w 76. Tour de Pologne. Kolejne dwa dni mia\u0142y da\u0107 ostateczn\u0105 odpowied\u017a, kt\u00f3ry z Polak\u00f3w b\u0119dzie w stanie powalczy\u0107 na tym wy\u015bcigu, a do rozdania opr\u00f3cz tzw. \u201egeneralki\u201d mieli\u015bmy jeszcze etapy oraz klasyfikacj\u0119 g\u00f3rsk\u0105 i punktow\u0105. Nie ma co ukrywa\u0107, \u017ce nasi kolarze nie bardzo radzili sobie od pocz\u0105tku wy\u015bcigu i cho\u0107 tego, \u017ce byli bardzo widoczni podczas etapowych ucieczek, koszulki poszczeg\u00f3lnych klasyfikacji na podium zak\u0142adali inni. Wiemy oczywi\u015bcie, \u017ce dawali z siebie ile mogli, ale taki stan rzeczy pokazuje jak bardzo zach\u00f3d nam odjecha\u0142 i jak du\u017co jest zn\u00f3w do zrobienia. Za spraw\u0105 wsp\u00f3\u0142pracy Czes\u0142awa Langa z Przemkiem Niemcem ostatnie dwa etapy nabra\u0142y nowego kszta\u0142tu. Etap czwartkowy czyli przedostatni to skrojony na miar\u0119 najlepszych g\u00f3rali odcinek z Zakopanego do Ko\u015bcieliska. I cho\u0107 miejsca te w linii prostej dzieli mo\u017ce 4 km, rywalizacja przebiega\u0142a na bardzo wymagaj\u0105cej trasie o d\u0142ugo\u015bci 160km. Od startu, podjazd pod Guba\u0142\u00f3wk\u0119 (oficjalnie w ksi\u0105\u017cce wy\u015bcigu) podzieli\u0142 peleton, kt\u00f3ry tego dnia ruszy\u0142 tak jakby dopiero co stan\u0105\u0142 na starcie pierwszego dnia rywalizacji. Z wielk\u0105 przyjemno\u015bci\u0105 komentowa\u0142o si\u0119 taki dzie\u0144 pe\u0142en wra\u017ce\u0144 i atak\u00f3w bez wi\u0119kszych kalkulacji. Sze\u015b\u0107 kategoryzowanych podjazd\u00f3w, ale a\u017c dwana\u015bcie element\u00f3w trasy, kt\u00f3re mo\u017cna uzna\u0107 za podjazd. Jednak nie na ka\u017cdym mo\u017cna by\u0142o przygotowa\u0107 premi\u0119 g\u00f3rsk\u0105. Ten etap da\u0142 si\u0119 we znaki wszystkim, od najmocniejszych do najs\u0142abszych w tegorocznym peletonie, wszyscy jak jeden powtarzali \u2013 to by\u0142 bardzo ci\u0119\u017cki dzie\u0144.<\/p>\n<p><img loading=\"lazy\" decoding=\"async\" class=\"aligncenter size-full wp-image-9563\" src=\"https:\/\/d2p6e6u75xmxt8.cloudfront.net\/5\/2019\/08\/GRU_0885.jpg\" alt=\"\" width=\"3000\" height=\"1996\" srcset=\"https:\/\/d2p6e6u75xmxt8.cloudfront.net\/5\/2019\/08\/GRU_0885.jpg 3000w, https:\/\/d2p6e6u75xmxt8.cloudfront.net\/5\/2019\/08\/GRU_0885-300x200.jpg 300w, https:\/\/d2p6e6u75xmxt8.cloudfront.net\/5\/2019\/08\/GRU_0885-768x511.jpg 768w, https:\/\/d2p6e6u75xmxt8.cloudfront.net\/5\/2019\/08\/GRU_0885-1024x681.jpg 1024w, https:\/\/d2p6e6u75xmxt8.cloudfront.net\/5\/2019\/08\/GRU_0885-1920x1277.jpg 1920w, https:\/\/d2p6e6u75xmxt8.cloudfront.net\/5\/2019\/08\/GRU_0885-272x182.jpg 272w, https:\/\/d2p6e6u75xmxt8.cloudfront.net\/5\/2019\/08\/GRU_0885-1920x1277.jpg 1920w\" sizes=\"auto, (max-width: 3000px) 100vw, 3000px\" \/><\/p>\n<p>Zmiana m\u0142odo\u015bci. Gdy\u017c o tej mocnej zmianie m\u00f3wimy od jakiego\u015b ju\u017c czasu. Kiedy to m\u0142odzie\u017c raz za razem uciera nosa starszym i bardziej do\u015bwiadczonym kolegom. I cieszy fakt, \u017ce po raz kolejny na naszym narodowym Tourze zawodnicy \u201ebez nazwisk\u201d pokazali, \u017ce przysz\u0142o\u015b\u0107 mo\u017ce nale\u017ce\u0107 do nich. Tak jak kiedy\u015b Alberto Contador wygrywa\u0142 etap w Karpaczu, tak teraz na starcie do ostatniego etapu stan\u0105\u0142 lider w wieku 22 lat. Jonas Vingegaard, kt\u00f3ry jako pierwszy przeci\u0105\u0142 met\u0119 w Ko\u015bcielisku i wyprzedzi\u0142 swojego r\u00f3wie\u015bnika Pavla Sivakova oraz o rok starszego Australijczyka Jaia Hindley. Tutaj po raz kolejny \u015bwietny wynik na mecie zanotowa\u0142 Rafa\u0142 Majka, kt\u00f3ry by\u0142 pi\u0105ty, jednak straty czasowe z tego dnia wykluczy\u0142y Polaka z walki o wygran\u0105 w Klasyfikacji Generalnej. Warta odnotowania po etapie sz\u00f3stym jest \u015bwietna jazda Tomka Marczy\u0144skiego, kt\u00f3ry zak\u0142ada koszulk\u0119 najlepszego g\u00f3rala wy\u015bcigu.<\/p>\n<figure id=\"attachment_9565\" aria-describedby=\"caption-attachment-9565\" style=\"width: 2000px\" class=\"wp-caption aligncenter\"><img loading=\"lazy\" decoding=\"async\" class=\"wp-image-9565 size-full\" src=\"https:\/\/d2p6e6u75xmxt8.cloudfront.net\/5\/2019\/08\/TdP-Amatorow-2019-07-30-51_18K7636.jpg\" alt=\"\" width=\"2000\" height=\"1333\" srcset=\"https:\/\/d2p6e6u75xmxt8.cloudfront.net\/5\/2019\/08\/TdP-Amatorow-2019-07-30-51_18K7636.jpg 2000w, https:\/\/d2p6e6u75xmxt8.cloudfront.net\/5\/2019\/08\/TdP-Amatorow-2019-07-30-51_18K7636-300x200.jpg 300w, https:\/\/d2p6e6u75xmxt8.cloudfront.net\/5\/2019\/08\/TdP-Amatorow-2019-07-30-51_18K7636-768x512.jpg 768w, https:\/\/d2p6e6u75xmxt8.cloudfront.net\/5\/2019\/08\/TdP-Amatorow-2019-07-30-51_18K7636-1024x682.jpg 1024w, https:\/\/d2p6e6u75xmxt8.cloudfront.net\/5\/2019\/08\/TdP-Amatorow-2019-07-30-51_18K7636-1920x1280.jpg 1920w, https:\/\/d2p6e6u75xmxt8.cloudfront.net\/5\/2019\/08\/TdP-Amatorow-2019-07-30-51_18K7636-272x182.jpg 272w, https:\/\/d2p6e6u75xmxt8.cloudfront.net\/5\/2019\/08\/TdP-Amatorow-2019-07-30-51_18K7636-1920x1280.jpg 1920w\" sizes=\"auto, (max-width: 2000px) 100vw, 2000px\" \/><figcaption id=\"caption-attachment-9565\" class=\"wp-caption-text\">fot. BikeLife.pl<\/figcaption><\/figure>\n<p>Etap si\u00f3dmy to ostatni dzie\u0144 \u015bcigania zawodowc\u00f3w oraz Tour de Pologne amator\u00f3w. Wy\u015bcig, kt\u00f3ry rokrocznie gromadzi oko\u0142o 1500 uczestnik\u00f3w jest w tym \u015brodowisku bardzo presti\u017cowym startem dla sporej grupy kolarzy amator\u00f3w. W tym roku rywalizacja by\u0142a wyj\u0105tkowa, gdy\u017c wszyscy jechali dla Ryszarda Szurkowskiego. Nasz mistrz-legenda po powa\u017cnym wypadku na wy\u015bcigu masters\u00f3w w Kolonii jest sparali\u017cowany i cho\u0107 powoli wraca do sprawno\u015bci fizycznej potrzebne s\u0105 du\u017ce \u015brodki na leczenie i rehabilitacj\u0119. Jak inaczej mog\u0105 pom\u00f3c rowerzy\u015bci ? \u2013 wystartowa\u0107 w wy\u015bcigu i tym sposobem przekaza\u0107 swoj\u0105 cegie\u0142k\u0119 na szczytny cel. Zapewne w\u0142a\u015bnie ta inicjatywa zgromadzi\u0142a na starcie blisko 2700 uczestnik\u00f3w! Rywalizowali oni na trasie o d\u0142ugo\u015bci 59,6 km. Runda dobrze znana z poprzedniego roku, a na niej s\u0142ynne \u015bcianki: Harna\u015b oraz Bukovina, kt\u00f3re wielu \u015bni\u0142y si\u0119 po nocach, ale zawsze pozostawia\u0142y liczne wspomnienia i tematy do wieczornych opowie\u015bci. Od rana t\u0142umy kibic\u00f3w przy trasie, kt\u00f3re najpierw dopingowa\u0142y amator\u00f3w, a p\u00f3\u017aniej zawodnik\u00f3w elity. I tu kolejny smaczny k\u0105sek dla zwyk\u0142ego Kowalskiego, kt\u00f3ry cho\u0107 na chwil\u0119 chcia\u0142by si\u0119 zmierzy\u0107 z zawodowym kolarzem i por\u00f3wna\u0107 swoje mi\u0119dzyczasy. Dzi\u0119ki dobrze nam znanej i popularnej wi\u0119c u\u017cywanej r\u00f3wnie\u017c przez zawodowych kolarzy aplikacji Strava by\u0142o to mo\u017cliwe. Oczywi\u015bcie opr\u00f3cz licznej grupy, kt\u00f3ra przyjecha\u0142a si\u0119 tutaj \u015bciga\u0107, byli i tacy dla kt\u00f3rych celem samym w sobie by\u0142o dotarcie do mety i te osoby podziwiam najbardziej gdy\u017c naprawd\u0119 trasa w Bukowinie Tatrza\u0144skiej jest bardzo wymagaj\u0105ca, a w historii Tour de Pologne amator\u00f3w nie jeden zawodnik zdar\u0142 podeszwy but\u00f3w na Gliczarowie G\u00f3rnym.<\/p>\n<figure id=\"attachment_9564\" aria-describedby=\"caption-attachment-9564\" style=\"width: 2000px\" class=\"wp-caption aligncenter\"><img loading=\"lazy\" decoding=\"async\" class=\"wp-image-9564 size-full\" src=\"https:\/\/d2p6e6u75xmxt8.cloudfront.net\/5\/2019\/08\/TdP-Amatorow-2019-10-08-00GOPR9255.jpg\" alt=\"\" width=\"2000\" height=\"1333\" srcset=\"https:\/\/d2p6e6u75xmxt8.cloudfront.net\/5\/2019\/08\/TdP-Amatorow-2019-10-08-00GOPR9255.jpg 2000w, https:\/\/d2p6e6u75xmxt8.cloudfront.net\/5\/2019\/08\/TdP-Amatorow-2019-10-08-00GOPR9255-300x200.jpg 300w, https:\/\/d2p6e6u75xmxt8.cloudfront.net\/5\/2019\/08\/TdP-Amatorow-2019-10-08-00GOPR9255-768x512.jpg 768w, https:\/\/d2p6e6u75xmxt8.cloudfront.net\/5\/2019\/08\/TdP-Amatorow-2019-10-08-00GOPR9255-1024x682.jpg 1024w, https:\/\/d2p6e6u75xmxt8.cloudfront.net\/5\/2019\/08\/TdP-Amatorow-2019-10-08-00GOPR9255-1920x1280.jpg 1920w, https:\/\/d2p6e6u75xmxt8.cloudfront.net\/5\/2019\/08\/TdP-Amatorow-2019-10-08-00GOPR9255-272x182.jpg 272w, https:\/\/d2p6e6u75xmxt8.cloudfront.net\/5\/2019\/08\/TdP-Amatorow-2019-10-08-00GOPR9255-1920x1280.jpg 1920w\" sizes=\"auto, (max-width: 2000px) 100vw, 2000px\" \/><figcaption id=\"caption-attachment-9564\" class=\"wp-caption-text\">fot. BikeLife.pl<\/figcaption><\/figure>\n<p>Po amatorach, dok\u0142adnie dwana\u015bcie minut po po\u0142udniu na tras\u0119 wyruszyli g\u0142\u00f3wni aktorzy. Dla nich to by\u0142 etap si\u00f3dmy i ostatni wi\u0119c nie by\u0142o co kalkulowa\u0107 tylko ostro ruszy\u0107 do natarcia, gdy\u017c najwa\u017cniejsze laury by\u0142y na wyci\u0105gni\u0119cie r\u0119ki. Liczyli\u015bmy, \u017ce mo\u017ce Rafa\u0142 Majka wskoczy na podium oraz Tomek Marczy\u0144ski obroni koszulk\u0119 najlepszego g\u00f3rala wy\u015bcigu. Niestety w obu przypadkach konkurencja okaza\u0142a si\u0119 zbyt silna. Etap pada \u0142upem kolejnego m\u0142odzieniaszka, raptem dwudziestoczteroletniego Mateja Mohorica, a klasyfikacj\u0119 generaln\u0105 zgarnia drugi z Ko\u015bcieliska czyli Pavel Sivakov. Trudom etapu nie podo\u0142a\u0142 m\u0142odziutki lider, dla kt\u00f3rego zwyci\u0119stwo wcze\u015bniejszych dni by\u0142o najwi\u0119kszym sukcesem w karierze, ale pewnie i tak jest bardzo szcz\u0119\u015bliwy \u2013 pokaza\u0142 \u015bwiatu na co go sta\u0107. Podium dope\u0142nili Jai Hindley z Team Sunweb oraz Diego Ulissi z UAE-Team Emirates. Rafa\u0142 Majka sko\u0144czy\u0142 na \u015bwietnym, ale jednak daleko poza podium dziewi\u0105tym miejscu. W klasyfikacji g\u00f3rskiej drugie miejsce ze strat\u0105 3 punkt\u00f3w zajmuje Tomasz Marczy\u0144ski (Lotto Soudal). Najlepsz\u0105 dru\u017cyn\u0105 wy\u015bcigu okaza\u0142 si\u0119 Team Ineos, a do tych dw\u00f3ch zwyci\u0119stw (klasyfikacja dru\u017cynowa oraz indywidualna Sivakova) r\u0119k\u0119 przy\u0142o\u017cy\u0142 kolarski profesor Micha\u0142 Go\u0142a\u015b.<\/p>\n<figure id=\"attachment_9566\" aria-describedby=\"caption-attachment-9566\" style=\"width: 3000px\" class=\"wp-caption aligncenter\"><img loading=\"lazy\" decoding=\"async\" class=\"wp-image-9566 size-full\" src=\"https:\/\/d2p6e6u75xmxt8.cloudfront.net\/5\/2019\/08\/DSC_5149.jpg\" alt=\"\" width=\"3000\" height=\"1997\" srcset=\"https:\/\/d2p6e6u75xmxt8.cloudfront.net\/5\/2019\/08\/DSC_5149.jpg 3000w, https:\/\/d2p6e6u75xmxt8.cloudfront.net\/5\/2019\/08\/DSC_5149-300x200.jpg 300w, https:\/\/d2p6e6u75xmxt8.cloudfront.net\/5\/2019\/08\/DSC_5149-768x511.jpg 768w, https:\/\/d2p6e6u75xmxt8.cloudfront.net\/5\/2019\/08\/DSC_5149-1024x682.jpg 1024w, https:\/\/d2p6e6u75xmxt8.cloudfront.net\/5\/2019\/08\/DSC_5149-1920x1278.jpg 1920w, https:\/\/d2p6e6u75xmxt8.cloudfront.net\/5\/2019\/08\/DSC_5149-272x182.jpg 272w, https:\/\/d2p6e6u75xmxt8.cloudfront.net\/5\/2019\/08\/DSC_5149-1920x1278.jpg 1920w\" sizes=\"auto, (max-width: 3000px) 100vw, 3000px\" \/><figcaption id=\"caption-attachment-9566\" class=\"wp-caption-text\">Ko\u015bcielisko meta 6 Etapu TDP<\/figcaption><\/figure>\n<style type=\"text\/css\">\n<p><!--td {border: 1px solid #ccc;}br {mso-data-placement:same-cell;}--><\/p>\n<\/style>\n<p><img loading=\"lazy\" decoding=\"async\" class=\"aligncenter size-full wp-image-9568\" src=\"https:\/\/d2p6e6u75xmxt8.cloudfront.net\/5\/2019\/08\/PSX_20190809_143912-e1565947987351.jpg\" alt=\"\" width=\"2559\" height=\"1438\"><br \/>\n<span data-sheets-value=\"{\" _22artyku\u0142=\"_1:_22artyku\u0142\" powsta\u0142=\"powsta\u0142\" we=\"we\" wsp\u00f3\u0142pracy=\"wsp\u00f3\u0142pracy\" ze=\"ze\" skoda-auto.pl=\"skoda-auto.pl\" data-sheets-userformat=\"{\" _1310=\"_2:_1310\"><a class=\"in-cell-link\" href=\"http:\/\/www.skoda-auto.pl\/\" target=\"_blank\" rel=\"noopener\">Artyku\u0142 powsta\u0142 we wsp\u00f3\u0142pracy ze skoda-auto.pl<\/a><\/span><\/p>\n","protected":false},"excerpt":{"rendered":"<p>Za nami kolejna ods\u0142ona naszego narodowego wy\u015bcigu. Organizowany od 26 lat przez Czes\u0142awa Langa i jego Lang Team wy\u015bcig Tour [&hellip;]<\/p>\n","protected":false},"author":76,"featured_media":9570,"comment_status":"open","ping_status":"open","sticky":false,"template":"","format":"standard","meta":{"footnotes":""},"categories":[203,6],"tags":[],"global-categories":[],"class_list":["post-9562","post","type-post","status-publish","format-standard","has-post-thumbnail","hentry","category-bartosz-huzarski","category-kolarstwo-szosowe"],"yoast_head":"<!-- This site is optimized with the Yoast SEO Premium plugin v25.3 (Yoast SEO v25.9) - https:\/\/yoast.com\/wordpress\/plugins\/seo\/ -->\n<title>Tour de Pologne 2019 okiem Bartosza Huzarskiego - \u0160koda We Love Cycling - Poland<\/title>\n<meta name=\"robots\" content=\"index, follow, max-snippet:-1, max-image-preview:large, max-video-preview:-1\" \/>\n<link rel=\"canonical\" href=\"https:\/\/www.welovecycling.com\/pl\/2019\/08\/16\/tour-de-pologne-2019-okiem-bartosza-huzarskiego\/\" \/>\n<meta property=\"og:locale\" content=\"pl_PL\" \/>\n<meta property=\"og:type\" content=\"article\" \/>\n<meta property=\"og:title\" content=\"Tour de Pologne 2019 okiem Bartosza Huzarskiego\" \/>\n<meta property=\"og:description\" content=\"Za nami kolejna ods\u0142ona naszego narodowego wy\u015bcigu. Organizowany od 26 lat przez Czes\u0142awa Langa i jego Lang Team wy\u015bcig Tour [&hellip;]\" \/>\n<meta property=\"og:url\" content=\"https:\/\/www.welovecycling.com\/pl\/2019\/08\/16\/tour-de-pologne-2019-okiem-bartosza-huzarskiego\/\" \/>\n<meta property=\"og:site_name\" content=\"\u0160koda We Love Cycling - Poland\" \/>\n<meta property=\"article:published_time\" content=\"2019-08-16T09:33:47+00:00\" \/>\n<meta property=\"article:modified_time\" content=\"2019-08-17T07:46:15+00:00\" \/>\n<meta property=\"og:image\" content=\"https:\/\/d2p6e6u75xmxt8.cloudfront.net\/5\/2019\/08\/DSC_2656-1024x682.jpg\" \/>\n\t<meta property=\"og:image:width\" content=\"1024\" \/>\n\t<meta property=\"og:image:height\" content=\"682\" \/>\n\t<meta property=\"og:image:type\" content=\"image\/jpeg\" \/>\n<meta name=\"author\" content=\"piotrboczkowski\" \/>\n<meta name=\"twitter:card\" content=\"summary_large_image\" \/>\n<meta name=\"twitter:label1\" content=\"Written by\" \/>\n\t<meta name=\"twitter:data1\" content=\"Bartosz Huzarski\" \/>\n\t<meta name=\"twitter:label2\" content=\"Est. reading time\" \/>\n\t<meta name=\"twitter:data2\" content=\"5\" \/>\n<script type=\"application\/ld+json\" class=\"yoast-schema-graph\">{\"@context\":\"https:\/\/schema.org\",\"@graph\":[{\"@type\":\"WebPage\",\"@id\":\"https:\/\/www.welovecycling.com\/pl\/2019\/08\/16\/tour-de-pologne-2019-okiem-bartosza-huzarskiego\/\",\"url\":\"https:\/\/www.welovecycling.com\/pl\/2019\/08\/16\/tour-de-pologne-2019-okiem-bartosza-huzarskiego\/\",\"name\":\"Tour de Pologne 2019 okiem Bartosza Huzarskiego - \u0160koda We Love Cycling - Poland\",\"isPartOf\":{\"@id\":\"https:\/\/www.welovecycling.com\/pl\/#website\"},\"primaryImageOfPage\":{\"@id\":\"https:\/\/www.welovecycling.com\/pl\/2019\/08\/16\/tour-de-pologne-2019-okiem-bartosza-huzarskiego\/#primaryimage\"},\"image\":{\"@id\":\"https:\/\/www.welovecycling.com\/pl\/2019\/08\/16\/tour-de-pologne-2019-okiem-bartosza-huzarskiego\/#primaryimage\"},\"thumbnailUrl\":\"https:\/\/d2p6e6u75xmxt8.cloudfront.net\/5\/2019\/08\/DSC_2656.jpg\",\"datePublished\":\"2019-08-16T09:33:47+00:00\",\"dateModified\":\"2019-08-17T07:46:15+00:00\",\"author\":{\"@id\":\"https:\/\/www.welovecycling.com\/pl\/#\/schema\/person\/0dba2d39da943db9df3fd8f4687e7f23\"},\"breadcrumb\":{\"@id\":\"https:\/\/www.welovecycling.com\/pl\/2019\/08\/16\/tour-de-pologne-2019-okiem-bartosza-huzarskiego\/#breadcrumb\"},\"inLanguage\":\"pl-PL\",\"potentialAction\":[{\"@type\":\"ReadAction\",\"target\":[\"https:\/\/www.welovecycling.com\/pl\/2019\/08\/16\/tour-de-pologne-2019-okiem-bartosza-huzarskiego\/\"]}]},{\"@type\":\"ImageObject\",\"inLanguage\":\"pl-PL\",\"@id\":\"https:\/\/www.welovecycling.com\/pl\/2019\/08\/16\/tour-de-pologne-2019-okiem-bartosza-huzarskiego\/#primaryimage\",\"url\":\"https:\/\/d2p6e6u75xmxt8.cloudfront.net\/5\/2019\/08\/DSC_2656.jpg\",\"contentUrl\":\"https:\/\/d2p6e6u75xmxt8.cloudfront.net\/5\/2019\/08\/DSC_2656.jpg\",\"width\":3000,\"height\":1997},{\"@type\":\"BreadcrumbList\",\"@id\":\"https:\/\/www.welovecycling.com\/pl\/2019\/08\/16\/tour-de-pologne-2019-okiem-bartosza-huzarskiego\/#breadcrumb\",\"itemListElement\":[{\"@type\":\"ListItem\",\"position\":1,\"name\":\"Home\",\"item\":\"https:\/\/www.welovecycling.com\/pl\/\"},{\"@type\":\"ListItem\",\"position\":2,\"name\":\"Tour de Pologne 2019 okiem Bartosza Huzarskiego\"}]},{\"@type\":\"WebSite\",\"@id\":\"https:\/\/www.welovecycling.com\/pl\/#website\",\"url\":\"https:\/\/www.welovecycling.com\/pl\/\",\"name\":\"\u0160koda We Love Cycling - Poland\",\"description\":\"\",\"potentialAction\":[{\"@type\":\"SearchAction\",\"target\":{\"@type\":\"EntryPoint\",\"urlTemplate\":\"https:\/\/www.welovecycling.com\/pl\/?s={search_term_string}\"},\"query-input\":{\"@type\":\"PropertyValueSpecification\",\"valueRequired\":true,\"valueName\":\"search_term_string\"}}],\"inLanguage\":\"pl-PL\"},{\"@type\":\"Person\",\"@id\":\"https:\/\/www.welovecycling.com\/pl\/#\/schema\/person\/0dba2d39da943db9df3fd8f4687e7f23\",\"name\":\"piotrboczkowski\",\"image\":{\"@type\":\"ImageObject\",\"inLanguage\":\"pl-PL\",\"@id\":\"https:\/\/www.welovecycling.com\/pl\/#\/schema\/person\/image\/\",\"url\":\"https:\/\/secure.gravatar.com\/avatar\/533caccae14752e03a2ce2d3fd62d1b98b93e1393c3195c27819e53344ca1ace?s=96&d=mm&r=g\",\"contentUrl\":\"https:\/\/secure.gravatar.com\/avatar\/533caccae14752e03a2ce2d3fd62d1b98b93e1393c3195c27819e53344ca1ace?s=96&d=mm&r=g\",\"caption\":\"piotrboczkowski\"},\"url\":\"https:\/\/www.welovecycling.com\/pl\/author\/piotrboczkowski\/\"}]}<\/script>\n<!-- \/ Yoast SEO Premium plugin. -->","yoast_head_json":{"title":"Tour de Pologne 2019 okiem Bartosza Huzarskiego - \u0160koda We Love Cycling - Poland","robots":{"index":"index","follow":"follow","max-snippet":"max-snippet:-1","max-image-preview":"max-image-preview:large","max-video-preview":"max-video-preview:-1"},"canonical":"https:\/\/www.welovecycling.com\/pl\/2019\/08\/16\/tour-de-pologne-2019-okiem-bartosza-huzarskiego\/","og_locale":"pl_PL","og_type":"article","og_title":"Tour de Pologne 2019 okiem Bartosza Huzarskiego","og_description":"Za nami kolejna ods\u0142ona naszego narodowego wy\u015bcigu. Organizowany od 26 lat przez Czes\u0142awa Langa i jego Lang Team wy\u015bcig Tour [&hellip;]","og_url":"https:\/\/www.welovecycling.com\/pl\/2019\/08\/16\/tour-de-pologne-2019-okiem-bartosza-huzarskiego\/","og_site_name":"\u0160koda We Love Cycling - Poland","article_published_time":"2019-08-16T09:33:47+00:00","article_modified_time":"2019-08-17T07:46:15+00:00","og_image":[{"width":1024,"height":682,"url":"https:\/\/d2p6e6u75xmxt8.cloudfront.net\/5\/2019\/08\/DSC_2656-1024x682.jpg","type":"image\/jpeg"}],"author":"piotrboczkowski","twitter_card":"summary_large_image","twitter_misc":{"Written by":"Bartosz Huzarski","Est. reading time":"5"},"schema":{"@context":"https:\/\/schema.org","@graph":[{"@type":"WebPage","@id":"https:\/\/www.welovecycling.com\/pl\/2019\/08\/16\/tour-de-pologne-2019-okiem-bartosza-huzarskiego\/","url":"https:\/\/www.welovecycling.com\/pl\/2019\/08\/16\/tour-de-pologne-2019-okiem-bartosza-huzarskiego\/","name":"Tour de Pologne 2019 okiem Bartosza Huzarskiego - \u0160koda We Love Cycling - Poland","isPartOf":{"@id":"https:\/\/www.welovecycling.com\/pl\/#website"},"primaryImageOfPage":{"@id":"https:\/\/www.welovecycling.com\/pl\/2019\/08\/16\/tour-de-pologne-2019-okiem-bartosza-huzarskiego\/#primaryimage"},"image":{"@id":"https:\/\/www.welovecycling.com\/pl\/2019\/08\/16\/tour-de-pologne-2019-okiem-bartosza-huzarskiego\/#primaryimage"},"thumbnailUrl":"https:\/\/d2p6e6u75xmxt8.cloudfront.net\/5\/2019\/08\/DSC_2656.jpg","datePublished":"2019-08-16T09:33:47+00:00","dateModified":"2019-08-17T07:46:15+00:00","author":{"@id":"https:\/\/www.welovecycling.com\/pl\/#\/schema\/person\/0dba2d39da943db9df3fd8f4687e7f23"},"breadcrumb":{"@id":"https:\/\/www.welovecycling.com\/pl\/2019\/08\/16\/tour-de-pologne-2019-okiem-bartosza-huzarskiego\/#breadcrumb"},"inLanguage":"pl-PL","potentialAction":[{"@type":"ReadAction","target":["https:\/\/www.welovecycling.com\/pl\/2019\/08\/16\/tour-de-pologne-2019-okiem-bartosza-huzarskiego\/"]}]},{"@type":"ImageObject","inLanguage":"pl-PL","@id":"https:\/\/www.welovecycling.com\/pl\/2019\/08\/16\/tour-de-pologne-2019-okiem-bartosza-huzarskiego\/#primaryimage","url":"https:\/\/d2p6e6u75xmxt8.cloudfront.net\/5\/2019\/08\/DSC_2656.jpg","contentUrl":"https:\/\/d2p6e6u75xmxt8.cloudfront.net\/5\/2019\/08\/DSC_2656.jpg","width":3000,"height":1997},{"@type":"BreadcrumbList","@id":"https:\/\/www.welovecycling.com\/pl\/2019\/08\/16\/tour-de-pologne-2019-okiem-bartosza-huzarskiego\/#breadcrumb","itemListElement":[{"@type":"ListItem","position":1,"name":"Home","item":"https:\/\/www.welovecycling.com\/pl\/"},{"@type":"ListItem","position":2,"name":"Tour de Pologne 2019 okiem Bartosza Huzarskiego"}]},{"@type":"WebSite","@id":"https:\/\/www.welovecycling.com\/pl\/#website","url":"https:\/\/www.welovecycling.com\/pl\/","name":"\u0160koda We Love Cycling - Poland","description":"","potentialAction":[{"@type":"SearchAction","target":{"@type":"EntryPoint","urlTemplate":"https:\/\/www.welovecycling.com\/pl\/?s={search_term_string}"},"query-input":{"@type":"PropertyValueSpecification","valueRequired":true,"valueName":"search_term_string"}}],"inLanguage":"pl-PL"},{"@type":"Person","@id":"https:\/\/www.welovecycling.com\/pl\/#\/schema\/person\/0dba2d39da943db9df3fd8f4687e7f23","name":"piotrboczkowski","image":{"@type":"ImageObject","inLanguage":"pl-PL","@id":"https:\/\/www.welovecycling.com\/pl\/#\/schema\/person\/image\/","url":"https:\/\/secure.gravatar.com\/avatar\/533caccae14752e03a2ce2d3fd62d1b98b93e1393c3195c27819e53344ca1ace?s=96&d=mm&r=g","contentUrl":"https:\/\/secure.gravatar.com\/avatar\/533caccae14752e03a2ce2d3fd62d1b98b93e1393c3195c27819e53344ca1ace?s=96&d=mm&r=g","caption":"piotrboczkowski"},"url":"https:\/\/www.welovecycling.com\/pl\/author\/piotrboczkowski\/"}]}},"_links":{"self":[{"href":"https:\/\/www.welovecycling.com\/pl\/wp-json\/wp\/v2\/posts\/9562","targetHints":{"allow":["GET"]}}],"collection":[{"href":"https:\/\/www.welovecycling.com\/pl\/wp-json\/wp\/v2\/posts"}],"about":[{"href":"https:\/\/www.welovecycling.com\/pl\/wp-json\/wp\/v2\/types\/post"}],"author":[{"embeddable":true,"href":"https:\/\/www.welovecycling.com\/pl\/wp-json\/wp\/v2\/users\/76"}],"replies":[{"embeddable":true,"href":"https:\/\/www.welovecycling.com\/pl\/wp-json\/wp\/v2\/comments?post=9562"}],"version-history":[{"count":2,"href":"https:\/\/www.welovecycling.com\/pl\/wp-json\/wp\/v2\/posts\/9562\/revisions"}],"predecessor-version":[{"id":9571,"href":"https:\/\/www.welovecycling.com\/pl\/wp-json\/wp\/v2\/posts\/9562\/revisions\/9571"}],"wp:featuredmedia":[{"embeddable":true,"href":"https:\/\/www.welovecycling.com\/pl\/wp-json\/wp\/v2\/media\/9570"}],"wp:attachment":[{"href":"https:\/\/www.welovecycling.com\/pl\/wp-json\/wp\/v2\/media?parent=9562"}],"wp:term":[{"taxonomy":"category","embeddable":true,"href":"https:\/\/www.welovecycling.com\/pl\/wp-json\/wp\/v2\/categories?post=9562"},{"taxonomy":"post_tag","embeddable":true,"href":"https:\/\/www.welovecycling.com\/pl\/wp-json\/wp\/v2\/tags?post=9562"},{"taxonomy":"global-categories","embeddable":true,"href":"https:\/\/www.welovecycling.com\/pl\/wp-json\/wp\/v2\/global-categories?post=9562"}],"curies":[{"name":"wp","href":"https:\/\/api.w.org\/{rel}","templated":true}]}}