{"id":9524,"date":"2019-08-09T09:18:34","date_gmt":"2019-08-09T09:18:34","guid":{"rendered":"https:\/\/www.welovecycling.com\/pl\/?p=9524"},"modified":"2019-08-09T09:23:46","modified_gmt":"2019-08-09T09:23:46","slug":"zobaczcie-7-naj-tegorocznego-tour-de-france","status":"publish","type":"post","link":"https:\/\/www.welovecycling.com\/pl\/2019\/08\/09\/zobaczcie-7-naj-tegorocznego-tour-de-france\/","title":{"rendered":"Zobaczcie 7 \u201enaj\u201d tegorocznego Tour de France!"},"content":{"rendered":"<p><strong>Po trzech tygodniach pi\u0119knych kolarskich emocji, trudno tak po prostu po\u017cegna\u0107 nam si\u0119 z Tour de France. Dlatego dla naszych Czytelnik\u00f3w przygotowali\u015bmy zestawienie 7 wydarze\u0144, z kt\u00f3rych zapami\u0119tamy tegoroczn\u0105 Wielk\u0105 P\u0119tl\u0119. Oto nasz wyb\u00f3r. Zapraszamy!<\/strong><\/p>\n<p><span style=\"font-size: 18pt;\"><strong>1.Najdziwniejsza decyzja<\/strong><\/span><\/p>\n<p>Rohan Dennis to mistrz \u015bwiata w je\u017adzie indywidualnej na czas, wi\u0119c na Tour de France mia\u0142 jasny cel &#8211; wygra\u0107 czas\u00f3wk\u0119. Tyle \u017ce wycofa\u0142 si\u0119\u2026 dzie\u0144 przed ni\u0105! Australijczyk po prostu zszed\u0142 z roweru, odgoni\u0142 dziennikarzy, znikn\u0105\u0142 mi\u0119dzy cz\u0142onkami swojej ekipy i tak po\u017cegna\u0142 si\u0119 z Wielk\u0105 P\u0119tl\u0105.<\/p>\n<div class=\"embed-controller-wrapper\">\n<blockquote class=\"twitter-tweet\" data-width=\"500\" data-dnt=\"true\">\n<p lang=\"en\" dir=\"ltr\">No formal team statement yet. But Dennis stopped at the feed zone and came back in a team car, we\u2019re told. <\/p>\n<p>Dennis didn\u2019t talk to reporters. <a href=\"https:\/\/t.co\/EQ5ku4qgfJ\">pic.twitter.com\/EQ5ku4qgfJ<\/a><\/p>\n<p>&mdash; Caley Fretz (@CaleyFretz) <a href=\"https:\/\/twitter.com\/CaleyFretz\/status\/1151857231392100356?ref_src=twsrc%5Etfw\">July 18, 2019<\/a><\/p><\/blockquote>\n<p><script async data-src=\"https:\/\/platform.twitter.com\/widgets.js\" charset=\"utf-8\"><\/script><\/div>\n<p>Dennis i jego zesp\u00f3\u0142 Bahrain-Merida zacz\u0119li przerzuca\u0107 si\u0119 o\u015bwiadczeniami, ale nic z nich nie wynika\u0142o. Nieoficjalnie m\u00f3wi si\u0119, \u017ce Australijczyk pok\u0142\u00f3ci\u0142 si\u0119 z zespo\u0142em, ju\u017c wykupi\u0142 sw\u00f3j kontrakt i wkr\u00f3tce mo\u017ce zosta\u0107 zawodnikiem\u2026 polskiej grupy CCC.<\/p>\n<p><span style=\"font-size: 18pt;\"><strong>2.Najwi\u0119kszy dramat<\/strong><\/span><\/p>\n<p>Z trasy musia\u0142 zej\u015b\u0107 r\u00f3wnie\u017c Thibaut Pinot, ale on \u2013 w odr\u00f3\u017cnieniu od Denissa \u2013 da\u0142by wszystko, by m\u00f3c na ni\u0105 wr\u00f3ci\u0107. Francuz mia\u0142 wielkie szanse nawet na wygranie Wielkiej P\u0119tli, ale w pewnym momencie wizj\u0119 triumfu przys\u0142oni\u0142y mu \u0142zy b\u00f3lu.<\/p>\n<p>Zap\u0142akany Pinot, pocieszany przez koleg\u00f3w, musia\u0142 zrezygnowa\u0107. Pocz\u0105tkowo podejrzewano, \u017ce bole\u015bnie w nog\u0119 ugryz\u0142 go owad, ale okaza\u0142o si\u0119, \u017ce zawodnik Groupama \u2013 FDJ nabawi\u0142 si\u0119 kontuzji uda. Obrazy chwytaj\u0105 za serce<\/p>\n<div class=\"embed-controller-wrapper\">\n<blockquote class=\"twitter-tweet\" data-width=\"500\" data-dnt=\"true\">\n<p lang=\"fr\" dir=\"ltr\">\ud83d\ude22 It\u2019s over for Thibaut Pinot who suffers too much. Extremely sad.<\/p>\n<p>\ud83d\ude22 C\u2019est fini pour <a href=\"https:\/\/twitter.com\/ThibautPinot?ref_src=twsrc%5Etfw\">@ThibautPinot<\/a> qui souffre trop pour continuer. Un moment tr\u00e8s difficile pour lui et son \u00e9quipe.<a href=\"https:\/\/twitter.com\/hashtag\/TDF2019?src=hash&amp;ref_src=twsrc%5Etfw\">#TDF2019<\/a> <a href=\"https:\/\/t.co\/qr7Bab0iPk\">pic.twitter.com\/qr7Bab0iPk<\/a><\/p>\n<p>&mdash; Tour de France\u2122 (@LeTour) <a href=\"https:\/\/twitter.com\/LeTour\/status\/1154739227713818625?ref_src=twsrc%5Etfw\">July 26, 2019<\/a><\/p><\/blockquote>\n<p><script async data-src=\"https:\/\/platform.twitter.com\/widgets.js\" charset=\"utf-8\"><\/script><\/div>\n<p><span style=\"font-size: 18pt;\"><strong>3.Najlepszy sprint<\/strong><\/span><\/p>\n<p>Ten, kt\u00f3ry wykona\u0142 jeden z kibic\u00f3w, by zdoby\u0107 podpis Petra Sagana na jego autobiografii. Mia\u0142 szcz\u0119\u015bcie, bo S\u0142owak doskonale czuje, co oznacza dobra zabawa na Wielkiej P\u0119tli<\/p>\n<div class=\"embed-controller-wrapper\">\n<blockquote class=\"twitter-tweet\" data-width=\"500\" data-dnt=\"true\">\n<p lang=\"en\" dir=\"ltr\">While everybody else is suffering in the Pyrenees, <a href=\"https:\/\/twitter.com\/petosagan?ref_src=twsrc%5Etfw\">@PetoSagan<\/a> still has energy to sign a copy of his book to an eager spectator running alongside him. Basically, just Sagan being Sagan. <a href=\"https:\/\/twitter.com\/hashtag\/TDF2019?src=hash&amp;ref_src=twsrc%5Etfw\">#TDF2019<\/a>  <a href=\"https:\/\/t.co\/1ye7ZT6Zvv\">pic.twitter.com\/1ye7ZT6Zvv<\/a><\/p>\n<p>&mdash; Mikkel Cond\u00e9 v2.0 (@mrconde) <a href=\"https:\/\/twitter.com\/mrconde\/status\/1152943214783078400?ref_src=twsrc%5Etfw\">July 21, 2019<\/a><\/p><\/blockquote>\n<p><script async data-src=\"https:\/\/platform.twitter.com\/widgets.js\" charset=\"utf-8\"><\/script><\/div>\n<p><span style=\"font-size: 18pt;\"><strong>4.Najszybsza akcja<\/strong><\/span><\/p>\n<p>Nie za bardzo na tegorocznym Tour de France wybijali si\u0119 Polacy, bo przez wi\u0119kszo\u015b\u0107 wy\u015bcigu odgrywali role drugo- i trzecioplanowe. Nale\u017cy jednak przyzna\u0107, \u017ce Micha\u0142 Kwiatkowski zn\u00f3w sprawdzi\u0142 si\u0119 jako anio\u0142 str\u00f3\u017c. Tym razem z pr\u0119dko\u015bci\u0105 \u015bwiat\u0142a naprawi\u0142 rower Gerainta Thomsa. Szybko\u015b\u0107 mechanik\u00f3w z pitstop\u00f3w Formu\u0142y 1!<\/p>\n<div class=\"embed-controller-wrapper\">\n<blockquote class=\"twitter-tweet\" data-width=\"500\" data-dnt=\"true\">\n<p lang=\"fr\" dir=\"ltr\">\ud83d\udca5 The full effort of @TeamINEOS after their crash! That&#39;s the image of the day of Stage 8!<\/p>\n<p>\ud83d\udca5 Toute la @TeamINEOS ensemble apr\u00e8s leur crash. C&#39;est l&#39;image du jour de l&#39;\u00e9tape 8 !<a href=\"https:\/\/twitter.com\/hashtag\/TDF2019?src=hash&amp;ref_src=twsrc%5Etfw\">#TDF2019<\/a> <a href=\"https:\/\/t.co\/20sVSFxaw0\">pic.twitter.com\/20sVSFxaw0<\/a><\/p>\n<p>&mdash; Tour de France\u2122 (@LeTour) <a href=\"https:\/\/twitter.com\/LeTour\/status\/1150093351942795264?ref_src=twsrc%5Etfw\">July 13, 2019<\/a><\/p><\/blockquote>\n<p><script async data-src=\"https:\/\/platform.twitter.com\/widgets.js\" charset=\"utf-8\"><\/script><\/div>\n<p><span style=\"font-size: 18pt;\"><strong>5.Najwi\u0119ksze rozczarowanie<\/strong><\/span><\/p>\n<p>Do\u015bwiadczyli go francuscy kibice. Najpierw w walce przesta\u0142 liczy\u0107 si\u0119 Romain Bardet, nast\u0119pnie wycofa\u0142 si\u0119 Thibaut Pinot, a na samym ko\u0144cu musia\u0142 odpu\u015bci\u0107 Julian Alaphilippe. Zawodnik Deceuninck \u2013 Qiuck wygra\u0142 dwa etapy, przez dwa tygodnie (!) jecha\u0142 w \u017c\u00f3\u0142tej koszulce lidera, ale dwa ostatnie etapy sprawi\u0142y, \u017ce spad\u0142 a\u017c na pi\u0105te miejsce. Na ko\u0144cu walczy\u0142 ju\u017c tylko z samym sob\u0105<\/p>\n<p>https:\/\/www.facebook.com\/globalcyclingnetwork\/videos\/2436269603078960\/?v=2436269603078960<\/p>\n<p><span style=\"font-size: 18pt;\"><strong>6.Najwi\u0119ksze zaskoczenie<\/strong><\/span><\/p>\n<p>Oczywi\u015bcie zwyci\u0119stwo Egana Bernala, ale r\u00f3wnie\u017c pogoda podczas 19. etapu. W Alpach spad\u0142 \u015bnieg, a na tras\u0119, po kt\u00f3rej mieli jecha\u0107 zawodnicy, zsun\u0119\u0142a si\u0119 lawina b\u0142otna. Do gry wjecha\u0142 ci\u0119\u017cki sprz\u0119t, ale organizatorzy podj\u0119li s\u0142uszn\u0105 decyzj\u0119 o przerwaniu etapu.<\/p>\n<div class=\"embed-controller-wrapper\">\n<blockquote class=\"twitter-tweet\" data-width=\"500\" data-dnt=\"true\">\n<p lang=\"en\" dir=\"ltr\">\ud83d\udea8 LANDSLIDE \ud83d\udea8<\/p>\n<p>This massive landslide shows why Stage 19 of the <a href=\"https:\/\/twitter.com\/hashtag\/TDF2019?src=hash&amp;ref_src=twsrc%5Etfw\">#TDF2019<\/a> had to be cancelled \ud83d\ude32 <a href=\"https:\/\/t.co\/emv88dE3RB\">pic.twitter.com\/emv88dE3RB<\/a><\/p>\n<p>&mdash; Eurosport (@eurosport) <a href=\"https:\/\/twitter.com\/eurosport\/status\/1154777872583864325?ref_src=twsrc%5Etfw\">July 26, 2019<\/a><\/p><\/blockquote>\n<p><script async data-src=\"https:\/\/platform.twitter.com\/widgets.js\" charset=\"utf-8\"><\/script><\/div>\n<div class=\"embed-controller-wrapper\">\n<blockquote class=\"twitter-tweet\" data-width=\"500\" data-dnt=\"true\">\n<p lang=\"en\" dir=\"ltr\">Not just snow &amp; ice blocking the rider\u2019s path at <a href=\"https:\/\/twitter.com\/hashtag\/TdF19?src=hash&amp;ref_src=twsrc%5Etfw\">#TdF19<\/a> <a href=\"https:\/\/t.co\/QpzNw4WImk\">pic.twitter.com\/QpzNw4WImk<\/a><\/p>\n<p>&mdash; Robbie McEwen AM (@mcewenrobbie) <a href=\"https:\/\/twitter.com\/mcewenrobbie\/status\/1154771347496669188?ref_src=twsrc%5Etfw\">July 26, 2019<\/a><\/p><\/blockquote>\n<p><script async data-src=\"https:\/\/platform.twitter.com\/widgets.js\" charset=\"utf-8\"><\/script><\/div>\n<p><span style=\"font-size: 18pt;\"><strong>7.Najwa\u017cniejszy rekord<\/strong><\/span><\/p>\n<p>Peter Sagan po raz si\u00f3dmy (!) w karierze zdoby\u0142 zielon\u0105 koszulk\u0119 (sponsorowan\u0105 przez \u0160KOD\u0118) i tym samym zosta\u0142 najlepszym sprinterem w historii Tour de France. S\u0142owak wyprzedzi\u0142 Erika Zabela, kt\u00f3ry klasyfikacj\u0119 punktow\u0105 wygra\u0142 sze\u015bciokrotnie.<\/p>\n<p>To dobra wiadomo\u015b\u0107 dla ca\u0142ego kolarstwa, bo Sagana mi\u0142o podgl\u0105da\u0107 zar\u00f3wno w peletonie, jak i poza nim<\/p>\n<div class=\"embed-controller-wrapper\">\n<blockquote class=\"twitter-tweet\" data-width=\"500\" data-dnt=\"true\">\n<p lang=\"en\" dir=\"ltr\">The most entertaining personality in sport? \ud83e\udd2a<a href=\"https:\/\/twitter.com\/petosagan?ref_src=twsrc%5Etfw\">@PetoSagan<\/a> treated the fans to some incredible moments during the <a href=\"https:\/\/twitter.com\/hashtag\/TDF2019?src=hash&amp;ref_src=twsrc%5Etfw\">#TDF2019<\/a> and still won a record SEVENTH green jersey \ud83d\udc9a <a href=\"https:\/\/t.co\/mYPetE6kcv\">pic.twitter.com\/mYPetE6kcv<\/a><\/p>\n<p>&mdash; Eurosport (@eurosport) <a href=\"https:\/\/twitter.com\/eurosport\/status\/1155864540975968256?ref_src=twsrc%5Etfw\">July 29, 2019<\/a><\/p><\/blockquote>\n<p><script async data-src=\"https:\/\/platform.twitter.com\/widgets.js\" charset=\"utf-8\"><\/script><\/div>\n<p>Teraz przed nami ponad 10 miesi\u0119cy d\u0142ugiego oczekiwania, bo kolejny Tour de France rozpocznie si\u0119 dopiero 26 czerwca w Nicei. Do zobaczenia!<\/p>\n<style type=\"text\/css\"><!--td {border: 1px solid #ccc;}br {mso-data-placement:same-cell;}--><\/style>\n<p><span data-sheets-value=\"{&quot;1&quot;:2,&quot;2&quot;:&quot;Artyku\u0142 powsta\u0142 we wsp\u00f3\u0142pracy ze skoda-auto.pl&quot;}\" data-sheets-userformat=\"{&quot;2&quot;:1,&quot;3&quot;:{&quot;1&quot;:0}}\"><a class=\"in-cell-link\" href=\"http:\/\/www.skoda-auto.pl\/\" target=\"_blank\" rel=\"noopener\">Artyku\u0142 powsta\u0142 we wsp\u00f3\u0142pracy ze skoda-auto.pl<\/a><\/span><\/p>\n","protected":false},"excerpt":{"rendered":"<p>Po trzech tygodniach pi\u0119knych kolarskich emocji, trudno tak po prostu po\u017cegna\u0107 nam si\u0119 z Tour de France. Dlatego dla naszych [&hellip;]<\/p>\n","protected":false},"author":76,"featured_media":9302,"comment_status":"open","ping_status":"open","sticky":false,"template":"","format":"standard","meta":{"footnotes":""},"categories":[300],"tags":[],"global-categories":[],"class_list":["post-9524","post","type-post","status-publish","format-standard","has-post-thumbnail","hentry","category-tour-de-france-2019"],"yoast_head":"<!-- This site is optimized with the Yoast SEO Premium plugin v25.3 (Yoast SEO v25.9) - https:\/\/yoast.com\/wordpress\/plugins\/seo\/ -->\n<title>Zobaczcie 7 \u201enaj\u201d tegorocznego Tour de France! - WeLoveCycling.pl<\/title>\n<meta name=\"description\" content=\"Po trzech tygodniach pi\u0119knych kolarskich emocji, trudno tak po prostu po\u017cegna\u0107 nam si\u0119 z Tour de France. Dlatego przygotowali\u015bmy zestawienie 7 wydarze\u0144:\" \/>\n<meta name=\"robots\" content=\"index, follow, max-snippet:-1, max-image-preview:large, max-video-preview:-1\" \/>\n<link rel=\"canonical\" href=\"https:\/\/www.welovecycling.com\/pl\/2019\/08\/09\/zobaczcie-7-naj-tegorocznego-tour-de-france\/\" \/>\n<meta property=\"og:locale\" content=\"pl_PL\" \/>\n<meta property=\"og:type\" content=\"article\" \/>\n<meta property=\"og:title\" content=\"Zobaczcie 7 \u201enaj\u201d tegorocznego Tour de France!\" \/>\n<meta property=\"og:description\" content=\"Po trzech tygodniach pi\u0119knych kolarskich emocji, trudno tak po prostu po\u017cegna\u0107 nam si\u0119 z Tour de France. Dlatego przygotowali\u015bmy zestawienie 7 wydarze\u0144:\" \/>\n<meta property=\"og:url\" content=\"https:\/\/www.welovecycling.com\/pl\/2019\/08\/09\/zobaczcie-7-naj-tegorocznego-tour-de-france\/\" \/>\n<meta property=\"og:site_name\" content=\"\u0160koda We Love Cycling - Poland\" \/>\n<meta property=\"article:published_time\" content=\"2019-08-09T09:18:34+00:00\" \/>\n<meta property=\"article:modified_time\" content=\"2019-08-09T09:23:46+00:00\" \/>\n<meta property=\"og:image\" content=\"https:\/\/d2p6e6u75xmxt8.cloudfront.net\/5\/2019\/07\/thumbnail-1024x450.jpg\" \/>\n\t<meta property=\"og:image:width\" content=\"1024\" \/>\n\t<meta property=\"og:image:height\" content=\"450\" \/>\n\t<meta property=\"og:image:type\" content=\"image\/jpeg\" \/>\n<meta name=\"author\" content=\"piotrboczkowski\" \/>\n<meta name=\"twitter:card\" content=\"summary_large_image\" \/>\n<meta name=\"twitter:label1\" content=\"Written by\" \/>\n\t<meta name=\"twitter:data1\" content=\"Piotr Nowik\" \/>\n\t<meta name=\"twitter:label2\" content=\"Est. reading time\" \/>\n\t<meta name=\"twitter:data2\" content=\"6\" \/>\n<script type=\"application\/ld+json\" class=\"yoast-schema-graph\">{\"@context\":\"https:\/\/schema.org\",\"@graph\":[{\"@type\":\"WebPage\",\"@id\":\"https:\/\/www.welovecycling.com\/pl\/2019\/08\/09\/zobaczcie-7-naj-tegorocznego-tour-de-france\/\",\"url\":\"https:\/\/www.welovecycling.com\/pl\/2019\/08\/09\/zobaczcie-7-naj-tegorocznego-tour-de-france\/\",\"name\":\"Zobaczcie 7 \u201enaj\u201d tegorocznego Tour de France! - WeLoveCycling.pl\",\"isPartOf\":{\"@id\":\"https:\/\/www.welovecycling.com\/pl\/#website\"},\"primaryImageOfPage\":{\"@id\":\"https:\/\/www.welovecycling.com\/pl\/2019\/08\/09\/zobaczcie-7-naj-tegorocznego-tour-de-france\/#primaryimage\"},\"image\":{\"@id\":\"https:\/\/www.welovecycling.com\/pl\/2019\/08\/09\/zobaczcie-7-naj-tegorocznego-tour-de-france\/#primaryimage\"},\"thumbnailUrl\":\"https:\/\/d2p6e6u75xmxt8.cloudfront.net\/5\/2019\/07\/thumbnail-1024x450.jpg\",\"datePublished\":\"2019-08-09T09:18:34+00:00\",\"dateModified\":\"2019-08-09T09:23:46+00:00\",\"author\":{\"@id\":\"https:\/\/www.welovecycling.com\/pl\/#\/schema\/person\/0dba2d39da943db9df3fd8f4687e7f23\"},\"description\":\"Po trzech tygodniach pi\u0119knych kolarskich emocji, trudno tak po prostu po\u017cegna\u0107 nam si\u0119 z Tour de France. Dlatego przygotowali\u015bmy zestawienie 7 wydarze\u0144:\",\"breadcrumb\":{\"@id\":\"https:\/\/www.welovecycling.com\/pl\/2019\/08\/09\/zobaczcie-7-naj-tegorocznego-tour-de-france\/#breadcrumb\"},\"inLanguage\":\"pl-PL\",\"potentialAction\":[{\"@type\":\"ReadAction\",\"target\":[\"https:\/\/www.welovecycling.com\/pl\/2019\/08\/09\/zobaczcie-7-naj-tegorocznego-tour-de-france\/\"]}]},{\"@type\":\"ImageObject\",\"inLanguage\":\"pl-PL\",\"@id\":\"https:\/\/www.welovecycling.com\/pl\/2019\/08\/09\/zobaczcie-7-naj-tegorocznego-tour-de-france\/#primaryimage\",\"url\":\"https:\/\/d2p6e6u75xmxt8.cloudfront.net\/5\/2019\/07\/thumbnail-1024x450.jpg\",\"contentUrl\":\"https:\/\/d2p6e6u75xmxt8.cloudfront.net\/5\/2019\/07\/thumbnail-1024x450.jpg\",\"width\":1024,\"height\":450},{\"@type\":\"BreadcrumbList\",\"@id\":\"https:\/\/www.welovecycling.com\/pl\/2019\/08\/09\/zobaczcie-7-naj-tegorocznego-tour-de-france\/#breadcrumb\",\"itemListElement\":[{\"@type\":\"ListItem\",\"position\":1,\"name\":\"Home\",\"item\":\"https:\/\/www.welovecycling.com\/pl\/\"},{\"@type\":\"ListItem\",\"position\":2,\"name\":\"Zobaczcie 7 \u201enaj\u201d tegorocznego Tour de France!\"}]},{\"@type\":\"WebSite\",\"@id\":\"https:\/\/www.welovecycling.com\/pl\/#website\",\"url\":\"https:\/\/www.welovecycling.com\/pl\/\",\"name\":\"\u0160koda We Love Cycling - Poland\",\"description\":\"\",\"potentialAction\":[{\"@type\":\"SearchAction\",\"target\":{\"@type\":\"EntryPoint\",\"urlTemplate\":\"https:\/\/www.welovecycling.com\/pl\/?s={search_term_string}\"},\"query-input\":{\"@type\":\"PropertyValueSpecification\",\"valueRequired\":true,\"valueName\":\"search_term_string\"}}],\"inLanguage\":\"pl-PL\"},{\"@type\":\"Person\",\"@id\":\"https:\/\/www.welovecycling.com\/pl\/#\/schema\/person\/0dba2d39da943db9df3fd8f4687e7f23\",\"name\":\"piotrboczkowski\",\"image\":{\"@type\":\"ImageObject\",\"inLanguage\":\"pl-PL\",\"@id\":\"https:\/\/www.welovecycling.com\/pl\/#\/schema\/person\/image\/\",\"url\":\"https:\/\/secure.gravatar.com\/avatar\/533caccae14752e03a2ce2d3fd62d1b98b93e1393c3195c27819e53344ca1ace?s=96&d=mm&r=g\",\"contentUrl\":\"https:\/\/secure.gravatar.com\/avatar\/533caccae14752e03a2ce2d3fd62d1b98b93e1393c3195c27819e53344ca1ace?s=96&d=mm&r=g\",\"caption\":\"piotrboczkowski\"},\"url\":\"https:\/\/www.welovecycling.com\/pl\/author\/piotrboczkowski\/\"}]}<\/script>\n<!-- \/ Yoast SEO Premium plugin. -->","yoast_head_json":{"title":"Zobaczcie 7 \u201enaj\u201d tegorocznego Tour de France! - WeLoveCycling.pl","description":"Po trzech tygodniach pi\u0119knych kolarskich emocji, trudno tak po prostu po\u017cegna\u0107 nam si\u0119 z Tour de France. Dlatego przygotowali\u015bmy zestawienie 7 wydarze\u0144:","robots":{"index":"index","follow":"follow","max-snippet":"max-snippet:-1","max-image-preview":"max-image-preview:large","max-video-preview":"max-video-preview:-1"},"canonical":"https:\/\/www.welovecycling.com\/pl\/2019\/08\/09\/zobaczcie-7-naj-tegorocznego-tour-de-france\/","og_locale":"pl_PL","og_type":"article","og_title":"Zobaczcie 7 \u201enaj\u201d tegorocznego Tour de France!","og_description":"Po trzech tygodniach pi\u0119knych kolarskich emocji, trudno tak po prostu po\u017cegna\u0107 nam si\u0119 z Tour de France. Dlatego przygotowali\u015bmy zestawienie 7 wydarze\u0144:","og_url":"https:\/\/www.welovecycling.com\/pl\/2019\/08\/09\/zobaczcie-7-naj-tegorocznego-tour-de-france\/","og_site_name":"\u0160koda We Love Cycling - Poland","article_published_time":"2019-08-09T09:18:34+00:00","article_modified_time":"2019-08-09T09:23:46+00:00","og_image":[{"width":1024,"height":450,"url":"https:\/\/d2p6e6u75xmxt8.cloudfront.net\/5\/2019\/07\/thumbnail-1024x450.jpg","type":"image\/jpeg"}],"author":"piotrboczkowski","twitter_card":"summary_large_image","twitter_misc":{"Written by":"Piotr Nowik","Est. reading time":"6"},"schema":{"@context":"https:\/\/schema.org","@graph":[{"@type":"WebPage","@id":"https:\/\/www.welovecycling.com\/pl\/2019\/08\/09\/zobaczcie-7-naj-tegorocznego-tour-de-france\/","url":"https:\/\/www.welovecycling.com\/pl\/2019\/08\/09\/zobaczcie-7-naj-tegorocznego-tour-de-france\/","name":"Zobaczcie 7 \u201enaj\u201d tegorocznego Tour de France! - WeLoveCycling.pl","isPartOf":{"@id":"https:\/\/www.welovecycling.com\/pl\/#website"},"primaryImageOfPage":{"@id":"https:\/\/www.welovecycling.com\/pl\/2019\/08\/09\/zobaczcie-7-naj-tegorocznego-tour-de-france\/#primaryimage"},"image":{"@id":"https:\/\/www.welovecycling.com\/pl\/2019\/08\/09\/zobaczcie-7-naj-tegorocznego-tour-de-france\/#primaryimage"},"thumbnailUrl":"https:\/\/d2p6e6u75xmxt8.cloudfront.net\/5\/2019\/07\/thumbnail-1024x450.jpg","datePublished":"2019-08-09T09:18:34+00:00","dateModified":"2019-08-09T09:23:46+00:00","author":{"@id":"https:\/\/www.welovecycling.com\/pl\/#\/schema\/person\/0dba2d39da943db9df3fd8f4687e7f23"},"description":"Po trzech tygodniach pi\u0119knych kolarskich emocji, trudno tak po prostu po\u017cegna\u0107 nam si\u0119 z Tour de France. Dlatego przygotowali\u015bmy zestawienie 7 wydarze\u0144:","breadcrumb":{"@id":"https:\/\/www.welovecycling.com\/pl\/2019\/08\/09\/zobaczcie-7-naj-tegorocznego-tour-de-france\/#breadcrumb"},"inLanguage":"pl-PL","potentialAction":[{"@type":"ReadAction","target":["https:\/\/www.welovecycling.com\/pl\/2019\/08\/09\/zobaczcie-7-naj-tegorocznego-tour-de-france\/"]}]},{"@type":"ImageObject","inLanguage":"pl-PL","@id":"https:\/\/www.welovecycling.com\/pl\/2019\/08\/09\/zobaczcie-7-naj-tegorocznego-tour-de-france\/#primaryimage","url":"https:\/\/d2p6e6u75xmxt8.cloudfront.net\/5\/2019\/07\/thumbnail-1024x450.jpg","contentUrl":"https:\/\/d2p6e6u75xmxt8.cloudfront.net\/5\/2019\/07\/thumbnail-1024x450.jpg","width":1024,"height":450},{"@type":"BreadcrumbList","@id":"https:\/\/www.welovecycling.com\/pl\/2019\/08\/09\/zobaczcie-7-naj-tegorocznego-tour-de-france\/#breadcrumb","itemListElement":[{"@type":"ListItem","position":1,"name":"Home","item":"https:\/\/www.welovecycling.com\/pl\/"},{"@type":"ListItem","position":2,"name":"Zobaczcie 7 \u201enaj\u201d tegorocznego Tour de France!"}]},{"@type":"WebSite","@id":"https:\/\/www.welovecycling.com\/pl\/#website","url":"https:\/\/www.welovecycling.com\/pl\/","name":"\u0160koda We Love Cycling - Poland","description":"","potentialAction":[{"@type":"SearchAction","target":{"@type":"EntryPoint","urlTemplate":"https:\/\/www.welovecycling.com\/pl\/?s={search_term_string}"},"query-input":{"@type":"PropertyValueSpecification","valueRequired":true,"valueName":"search_term_string"}}],"inLanguage":"pl-PL"},{"@type":"Person","@id":"https:\/\/www.welovecycling.com\/pl\/#\/schema\/person\/0dba2d39da943db9df3fd8f4687e7f23","name":"piotrboczkowski","image":{"@type":"ImageObject","inLanguage":"pl-PL","@id":"https:\/\/www.welovecycling.com\/pl\/#\/schema\/person\/image\/","url":"https:\/\/secure.gravatar.com\/avatar\/533caccae14752e03a2ce2d3fd62d1b98b93e1393c3195c27819e53344ca1ace?s=96&d=mm&r=g","contentUrl":"https:\/\/secure.gravatar.com\/avatar\/533caccae14752e03a2ce2d3fd62d1b98b93e1393c3195c27819e53344ca1ace?s=96&d=mm&r=g","caption":"piotrboczkowski"},"url":"https:\/\/www.welovecycling.com\/pl\/author\/piotrboczkowski\/"}]}},"_links":{"self":[{"href":"https:\/\/www.welovecycling.com\/pl\/wp-json\/wp\/v2\/posts\/9524","targetHints":{"allow":["GET"]}}],"collection":[{"href":"https:\/\/www.welovecycling.com\/pl\/wp-json\/wp\/v2\/posts"}],"about":[{"href":"https:\/\/www.welovecycling.com\/pl\/wp-json\/wp\/v2\/types\/post"}],"author":[{"embeddable":true,"href":"https:\/\/www.welovecycling.com\/pl\/wp-json\/wp\/v2\/users\/76"}],"replies":[{"embeddable":true,"href":"https:\/\/www.welovecycling.com\/pl\/wp-json\/wp\/v2\/comments?post=9524"}],"version-history":[{"count":2,"href":"https:\/\/www.welovecycling.com\/pl\/wp-json\/wp\/v2\/posts\/9524\/revisions"}],"predecessor-version":[{"id":9531,"href":"https:\/\/www.welovecycling.com\/pl\/wp-json\/wp\/v2\/posts\/9524\/revisions\/9531"}],"wp:featuredmedia":[{"embeddable":true,"href":"https:\/\/www.welovecycling.com\/pl\/wp-json\/wp\/v2\/media\/9302"}],"wp:attachment":[{"href":"https:\/\/www.welovecycling.com\/pl\/wp-json\/wp\/v2\/media?parent=9524"}],"wp:term":[{"taxonomy":"category","embeddable":true,"href":"https:\/\/www.welovecycling.com\/pl\/wp-json\/wp\/v2\/categories?post=9524"},{"taxonomy":"post_tag","embeddable":true,"href":"https:\/\/www.welovecycling.com\/pl\/wp-json\/wp\/v2\/tags?post=9524"},{"taxonomy":"global-categories","embeddable":true,"href":"https:\/\/www.welovecycling.com\/pl\/wp-json\/wp\/v2\/global-categories?post=9524"}],"curies":[{"name":"wp","href":"https:\/\/api.w.org\/{rel}","templated":true}]}}