{"id":952,"date":"2016-04-28T15:34:59","date_gmt":"2016-04-28T15:34:59","guid":{"rendered":"http:\/\/skoda-rowery.pl\/?p=952"},"modified":"2016-12-05T09:49:55","modified_gmt":"2016-12-05T09:49:55","slug":"skoda-napedza-rowery-w-lublinie","status":"publish","type":"post","link":"https:\/\/www.welovecycling.com\/pl\/2016\/04\/28\/skoda-napedza-rowery-w-lublinie\/","title":{"rendered":"\u0160koda nap\u0119dza rowery w Lublinie"},"content":{"rendered":"<p style=\"text-align: justify\">24 kwietnia w Lublinie odby\u0142 si\u0119 \u201ePiknik na dw\u00f3ch k\u00f3\u0142kach\u201d, wsp\u00f3\u0142organizowany przez autoryzowanego dealera \u0160KODY &#8211; \u017bagiel Auto. Cieszymy si\u0119, \u017ce \u0160koda nap\u0119dza rowery w coraz wi\u0119kszej ilo\u015bci miast.<!--more-->Imprez\u0119 rowerow\u0105 rozpocz\u0105\u0142 wyst\u0119p charyzmatycznego Krystiana Herby, kt\u00f3ry mocno rozgrza\u0142 atmosfer\u0119 akrobacjami trialowymi. Herba na co dzie\u0144 zdobywa na rowerze najwy\u017csze budynki \u015bwiata. Trzeba przyzna\u0107, \u017ce zdobycie serc lubli\u0144skiej publiczno\u015bci r\u00f3wnie\u017c nie sprawi\u0142o mu trudu.<\/p>\n<p style=\"text-align: justify\"><img loading=\"lazy\" decoding=\"async\" class=\"alignnone size-large wp-image-955\" src=\"http:\/\/skoda-rowery.pl\/wp-content\/uploads\/2016\/04\/k.-herba-podczas-wystepu-1024x683.jpg\" alt=\"k. herba podczas wystepu\" width=\"1024\" height=\"683\" srcset=\"https:\/\/d2p6e6u75xmxt8.cloudfront.net\/5\/2016\/04\/k.-herba-podczas-wystepu-1024x683.jpg 1024w, https:\/\/d2p6e6u75xmxt8.cloudfront.net\/5\/2016\/04\/k.-herba-podczas-wystepu-300x200.jpg 300w, https:\/\/d2p6e6u75xmxt8.cloudfront.net\/5\/2016\/04\/k.-herba-podczas-wystepu-768x512.jpg 768w, https:\/\/d2p6e6u75xmxt8.cloudfront.net\/5\/2016\/04\/k.-herba-podczas-wystepu-272x182.jpg 272w\" sizes=\"auto, (max-width: 1024px) 100vw, 1024px\" \/><\/p>\n<p style=\"text-align: justify\"><img loading=\"lazy\" decoding=\"async\" class=\"alignnone size-large wp-image-971\" src=\"http:\/\/skoda-rowery.pl\/wp-content\/uploads\/2016\/04\/kristian-herba-podczas-wystepu-1024x683.jpg\" alt=\"kristian herba podczas wystepu\" width=\"1024\" height=\"683\" srcset=\"https:\/\/d2p6e6u75xmxt8.cloudfront.net\/5\/2016\/04\/kristian-herba-podczas-wystepu-1024x683.jpg 1024w, https:\/\/d2p6e6u75xmxt8.cloudfront.net\/5\/2016\/04\/kristian-herba-podczas-wystepu-300x200.jpg 300w, https:\/\/d2p6e6u75xmxt8.cloudfront.net\/5\/2016\/04\/kristian-herba-podczas-wystepu-768x512.jpg 768w, https:\/\/d2p6e6u75xmxt8.cloudfront.net\/5\/2016\/04\/kristian-herba-podczas-wystepu-272x182.jpg 272w\" sizes=\"auto, (max-width: 1024px) 100vw, 1024px\" \/><\/p>\n<p style=\"text-align: justify\">Krystian Herba to jeden z najbardziej utytu\u0142owanych polskich zawodnik\u00f3w, kt\u00f3ry skacz\u0105c na rowerze po schodach pobi\u0142 ju\u017c trzy rekordy Guinessa.<\/p>\n<p style=\"text-align: justify\">Mimo brzydkiej pogody Krystian da\u0142 z siebie wszystko i uda\u0142o mu si\u0119 rozgrza\u0107 uczestnik\u00f3w imprezy. Niekt\u00f3rych z nich wywo\u0142a\u0142 na ochotnik\u00f3w, by troch\u0119 sobie przez nich \u201epoprzeskakiwa\u0107\u201d na rowerze. Niezwyk\u0142a precyzja i umiej\u0119tno\u015bci Herby sprawi\u0142y, \u017ce uczestnicy pokazu wyszli z niego bez szwanku.<\/p>\n<p style=\"text-align: justify\"><img loading=\"lazy\" decoding=\"async\" class=\"alignnone size-large wp-image-957\" src=\"http:\/\/skoda-rowery.pl\/wp-content\/uploads\/2016\/04\/wyst\u0119p-ochotnik-groza-2-1024x683.jpg\" alt=\"wyst\u0119p ochotnik groza 2\" width=\"1024\" height=\"683\" srcset=\"https:\/\/d2p6e6u75xmxt8.cloudfront.net\/5\/2016\/04\/wyst\u0119p-ochotnik-groza-2-1024x683.jpg 1024w, https:\/\/d2p6e6u75xmxt8.cloudfront.net\/5\/2016\/04\/wyst\u0119p-ochotnik-groza-2-300x200.jpg 300w, https:\/\/d2p6e6u75xmxt8.cloudfront.net\/5\/2016\/04\/wyst\u0119p-ochotnik-groza-2-768x512.jpg 768w, https:\/\/d2p6e6u75xmxt8.cloudfront.net\/5\/2016\/04\/wyst\u0119p-ochotnik-groza-2-272x182.jpg 272w\" sizes=\"auto, (max-width: 1024px) 100vw, 1024px\" \/><\/p>\n<p style=\"text-align: justify\"><img loading=\"lazy\" decoding=\"async\" class=\"alignnone size-large wp-image-958\" src=\"http:\/\/skoda-rowery.pl\/wp-content\/uploads\/2016\/04\/wystep-ochotnik-groza-1024x683.jpg\" alt=\"wystep ochotnik groza\" width=\"1024\" height=\"683\" srcset=\"https:\/\/d2p6e6u75xmxt8.cloudfront.net\/5\/2016\/04\/wystep-ochotnik-groza-1024x683.jpg 1024w, https:\/\/d2p6e6u75xmxt8.cloudfront.net\/5\/2016\/04\/wystep-ochotnik-groza-300x200.jpg 300w, https:\/\/d2p6e6u75xmxt8.cloudfront.net\/5\/2016\/04\/wystep-ochotnik-groza-768x512.jpg 768w, https:\/\/d2p6e6u75xmxt8.cloudfront.net\/5\/2016\/04\/wystep-ochotnik-groza-272x182.jpg 272w\" sizes=\"auto, (max-width: 1024px) 100vw, 1024px\" \/><\/p>\n<p style=\"text-align: justify\">Na placu obok swoje umiej\u0119tno\u015bci podczas pokaz\u00f3w stuntu zaprezentowali motocykli\u015bci. Podczas imprezy nie zabrak\u0142o r\u00f3wnie\u017c atrakcji dla najm\u0142odszych. Dzieci ch\u0119tnie korzysta\u0142y z miasteczka ruchu drogowego, dzi\u0119ki kt\u00f3remu mog\u0142y przyswaja\u0107 wiedz\u0119 o bezpiecznej je\u017adzie na rowerze. Pomagali im w tym policjanci, kt\u00f3rzy czuwali r\u00f3wnie\u017c nad bezpiecze\u0144stwem podczas wydarzenia.<\/p>\n<p style=\"text-align: justify\"><img loading=\"lazy\" decoding=\"async\" class=\"alignnone size-large wp-image-959\" src=\"http:\/\/skoda-rowery.pl\/wp-content\/uploads\/2016\/04\/misteczko-ruchu-drogowego-1024x683.jpg\" alt=\"misteczko ruchu drogowego\" width=\"1024\" height=\"683\" srcset=\"https:\/\/d2p6e6u75xmxt8.cloudfront.net\/5\/2016\/04\/misteczko-ruchu-drogowego-1024x683.jpg 1024w, https:\/\/d2p6e6u75xmxt8.cloudfront.net\/5\/2016\/04\/misteczko-ruchu-drogowego-300x200.jpg 300w, https:\/\/d2p6e6u75xmxt8.cloudfront.net\/5\/2016\/04\/misteczko-ruchu-drogowego-768x512.jpg 768w, https:\/\/d2p6e6u75xmxt8.cloudfront.net\/5\/2016\/04\/misteczko-ruchu-drogowego-272x182.jpg 272w\" sizes=\"auto, (max-width: 1024px) 100vw, 1024px\" \/><\/p>\n<p style=\"text-align: justify\">\n<p style=\"text-align: justify\"><img loading=\"lazy\" decoding=\"async\" class=\"alignnone size-large wp-image-965\" src=\"http:\/\/skoda-rowery.pl\/wp-content\/uploads\/2016\/04\/tor-przeszk\u00f3d-1024x683.jpg\" alt=\"tor przeszk\u00f3d\" width=\"1024\" height=\"683\" srcset=\"https:\/\/d2p6e6u75xmxt8.cloudfront.net\/5\/2016\/04\/tor-przeszk\u00f3d-1024x683.jpg 1024w, https:\/\/d2p6e6u75xmxt8.cloudfront.net\/5\/2016\/04\/tor-przeszk\u00f3d-300x200.jpg 300w, https:\/\/d2p6e6u75xmxt8.cloudfront.net\/5\/2016\/04\/tor-przeszk\u00f3d-768x512.jpg 768w, https:\/\/d2p6e6u75xmxt8.cloudfront.net\/5\/2016\/04\/tor-przeszk\u00f3d-272x182.jpg 272w\" sizes=\"auto, (max-width: 1024px) 100vw, 1024px\" \/><\/p>\n<p style=\"text-align: justify\">Mi\u0142o\u015bnicy rower\u00f3w mieli okazj\u0119 wygra\u0107 wyj\u0105tkowy rower sygnowany logo \u0160KODY. Wystarczy\u0142o wzi\u0105\u0107 udzia\u0142 w konkursie sprawno\u015bciowym prowadzonym przez Krystiana Herb\u0119, a w kolejnym etapie w konkursie wiedzy na temat \u0160KODY. Zwyci\u0119zca zdobywaj\u0105c najwi\u0119ksz\u0105 ilo\u015b\u0107 punkt\u00f3w wygra\u0142 rower i od razu ruszy\u0142 w tras\u0119. Gratulujemy!<\/p>\n<p style=\"text-align: justify\"><img loading=\"lazy\" decoding=\"async\" class=\"alignnone size-large wp-image-963\" src=\"http:\/\/skoda-rowery.pl\/wp-content\/uploads\/2016\/04\/przekazanie-nagrody-g\u0142ownej-w-konkursie-1024x683.jpg\" alt=\"przekazanie nagrody g\u0142ownej w konkursie\" width=\"1024\" height=\"683\" srcset=\"https:\/\/d2p6e6u75xmxt8.cloudfront.net\/5\/2016\/04\/przekazanie-nagrody-g\u0142ownej-w-konkursie-1024x683.jpg 1024w, https:\/\/d2p6e6u75xmxt8.cloudfront.net\/5\/2016\/04\/przekazanie-nagrody-g\u0142ownej-w-konkursie-300x200.jpg 300w, https:\/\/d2p6e6u75xmxt8.cloudfront.net\/5\/2016\/04\/przekazanie-nagrody-g\u0142ownej-w-konkursie-768x512.jpg 768w, https:\/\/d2p6e6u75xmxt8.cloudfront.net\/5\/2016\/04\/przekazanie-nagrody-g\u0142ownej-w-konkursie-272x182.jpg 272w\" sizes=\"auto, (max-width: 1024px) 100vw, 1024px\" \/><\/p>\n<p style=\"text-align: justify\"><img loading=\"lazy\" decoding=\"async\" class=\"alignnone size-large wp-image-961\" src=\"http:\/\/skoda-rowery.pl\/wp-content\/uploads\/2016\/04\/zwyci\u0119zca-w-konkursie-znagrod\u0105-g\u0142\u00f3wn\u0105-1024x683.jpg\" alt=\"zwyci\u0119zca w konkursie  znagrod\u0105 g\u0142\u00f3wn\u0105\" width=\"1024\" height=\"683\" srcset=\"https:\/\/d2p6e6u75xmxt8.cloudfront.net\/5\/2016\/04\/zwyci\u0119zca-w-konkursie-znagrod\u0105-g\u0142\u00f3wn\u0105-1024x683.jpg 1024w, https:\/\/d2p6e6u75xmxt8.cloudfront.net\/5\/2016\/04\/zwyci\u0119zca-w-konkursie-znagrod\u0105-g\u0142\u00f3wn\u0105-300x200.jpg 300w, https:\/\/d2p6e6u75xmxt8.cloudfront.net\/5\/2016\/04\/zwyci\u0119zca-w-konkursie-znagrod\u0105-g\u0142\u00f3wn\u0105-768x512.jpg 768w, https:\/\/d2p6e6u75xmxt8.cloudfront.net\/5\/2016\/04\/zwyci\u0119zca-w-konkursie-znagrod\u0105-g\u0142\u00f3wn\u0105-272x182.jpg 272w\" sizes=\"auto, (max-width: 1024px) 100vw, 1024px\" \/><\/p>\n<p style=\"text-align: justify\"><img loading=\"lazy\" decoding=\"async\" class=\"alignnone size-large wp-image-964\" src=\"http:\/\/skoda-rowery.pl\/wp-content\/uploads\/2016\/04\/g\u0142owna-nagroda-i-sponsor-skoda-\u017cagiel-auto-1024x683.jpg\" alt=\"g\u0142owna nagroda i sponsor skoda \u017cagiel auto\" width=\"1024\" height=\"683\" srcset=\"https:\/\/d2p6e6u75xmxt8.cloudfront.net\/5\/2016\/04\/g\u0142owna-nagroda-i-sponsor-skoda-\u017cagiel-auto-1024x683.jpg 1024w, https:\/\/d2p6e6u75xmxt8.cloudfront.net\/5\/2016\/04\/g\u0142owna-nagroda-i-sponsor-skoda-\u017cagiel-auto-300x200.jpg 300w, https:\/\/d2p6e6u75xmxt8.cloudfront.net\/5\/2016\/04\/g\u0142owna-nagroda-i-sponsor-skoda-\u017cagiel-auto-768x512.jpg 768w, https:\/\/d2p6e6u75xmxt8.cloudfront.net\/5\/2016\/04\/g\u0142owna-nagroda-i-sponsor-skoda-\u017cagiel-auto-272x182.jpg 272w\" sizes=\"auto, (max-width: 1024px) 100vw, 1024px\" \/><\/p>\n<p style=\"text-align: justify\">W czasie pikniku ka\u017cdy z go\u015bci m\u00f3g\u0142 dok\u0142adnie obejrze\u0107 i wygodnie usi\u0105\u015b\u0107 w trzech modelach \u0160KODY. Szczeg\u00f3lnie zachwycone by\u0142y dzieci, kt\u00f3re przy okazji otrzyma\u0142y od organizator\u00f3w rowerowe upominki.<\/p>\n<p style=\"text-align: justify\"><img loading=\"lazy\" decoding=\"async\" class=\"alignnone size-large wp-image-966\" src=\"http:\/\/skoda-rowery.pl\/wp-content\/uploads\/2016\/04\/dzieci-upominki-1024x683.jpg\" alt=\"dzieci upominki\" width=\"1024\" height=\"683\" srcset=\"https:\/\/d2p6e6u75xmxt8.cloudfront.net\/5\/2016\/04\/dzieci-upominki-1024x683.jpg 1024w, https:\/\/d2p6e6u75xmxt8.cloudfront.net\/5\/2016\/04\/dzieci-upominki-300x200.jpg 300w, https:\/\/d2p6e6u75xmxt8.cloudfront.net\/5\/2016\/04\/dzieci-upominki-768x512.jpg 768w, https:\/\/d2p6e6u75xmxt8.cloudfront.net\/5\/2016\/04\/dzieci-upominki-272x182.jpg 272w\" sizes=\"auto, (max-width: 1024px) 100vw, 1024px\" \/><\/p>\n<p style=\"text-align: justify\"><img loading=\"lazy\" decoding=\"async\" class=\"alignnone size-large wp-image-967\" src=\"http:\/\/skoda-rowery.pl\/wp-content\/uploads\/2016\/04\/nasze-modele-na-stoisku-1024x683.jpg\" alt=\"nasze modele na stoisku\" width=\"1024\" height=\"683\" srcset=\"https:\/\/d2p6e6u75xmxt8.cloudfront.net\/5\/2016\/04\/nasze-modele-na-stoisku-1024x683.jpg 1024w, https:\/\/d2p6e6u75xmxt8.cloudfront.net\/5\/2016\/04\/nasze-modele-na-stoisku-300x200.jpg 300w, https:\/\/d2p6e6u75xmxt8.cloudfront.net\/5\/2016\/04\/nasze-modele-na-stoisku-768x512.jpg 768w, https:\/\/d2p6e6u75xmxt8.cloudfront.net\/5\/2016\/04\/nasze-modele-na-stoisku-272x182.jpg 272w\" sizes=\"auto, (max-width: 1024px) 100vw, 1024px\" \/><\/p>\n<p style=\"text-align: justify\"><img loading=\"lazy\" decoding=\"async\" class=\"alignnone size-large wp-image-970\" src=\"http:\/\/skoda-rowery.pl\/wp-content\/uploads\/2016\/04\/kliecni-ogl\u0105daj\u0105cy-modele-sklody-2-1024x683.jpg\" alt=\"kliecni ogl\u0105daj\u0105cy modele sklody 2\" width=\"1024\" height=\"683\" srcset=\"https:\/\/d2p6e6u75xmxt8.cloudfront.net\/5\/2016\/04\/kliecni-ogl\u0105daj\u0105cy-modele-sklody-2-1024x683.jpg 1024w, https:\/\/d2p6e6u75xmxt8.cloudfront.net\/5\/2016\/04\/kliecni-ogl\u0105daj\u0105cy-modele-sklody-2-300x200.jpg 300w, https:\/\/d2p6e6u75xmxt8.cloudfront.net\/5\/2016\/04\/kliecni-ogl\u0105daj\u0105cy-modele-sklody-2-768x512.jpg 768w, https:\/\/d2p6e6u75xmxt8.cloudfront.net\/5\/2016\/04\/kliecni-ogl\u0105daj\u0105cy-modele-sklody-2-272x182.jpg 272w\" sizes=\"auto, (max-width: 1024px) 100vw, 1024px\" \/><\/p>\n<p style=\"text-align: justify\">Dzi\u0119kujemy wszystkim uczestnikom pikniku, kt\u00f3rzy mimo braku s\u0142o\u0144ca zjawili si\u0119 w Lublinie. Cieszymy si\u0119, \u017ce pasja do rower\u00f3w wygra\u0142a z brzydk\u0105 pogod\u0105 i wywo\u0142a\u0142a u\u015bmiech na twarzach tak wielu os\u00f3b.<\/p>\n<p style=\"text-align: justify\"><img loading=\"lazy\" decoding=\"async\" class=\"alignnone size-large wp-image-968\" src=\"http:\/\/skoda-rowery.pl\/wp-content\/uploads\/2016\/04\/nasi-zaanga\u017cowani-pracownicy-1024x683.jpg\" alt=\"nasi zaanga\u017cowani pracownicy\" width=\"1024\" height=\"683\" srcset=\"https:\/\/d2p6e6u75xmxt8.cloudfront.net\/5\/2016\/04\/nasi-zaanga\u017cowani-pracownicy-1024x683.jpg 1024w, https:\/\/d2p6e6u75xmxt8.cloudfront.net\/5\/2016\/04\/nasi-zaanga\u017cowani-pracownicy-300x200.jpg 300w, https:\/\/d2p6e6u75xmxt8.cloudfront.net\/5\/2016\/04\/nasi-zaanga\u017cowani-pracownicy-768x512.jpg 768w, https:\/\/d2p6e6u75xmxt8.cloudfront.net\/5\/2016\/04\/nasi-zaanga\u017cowani-pracownicy-272x182.jpg 272w\" sizes=\"auto, (max-width: 1024px) 100vw, 1024px\" \/><\/p>\n<p style=\"text-align: justify\"><img loading=\"lazy\" decoding=\"async\" class=\"alignnone size-large wp-image-969\" src=\"http:\/\/skoda-rowery.pl\/wp-content\/uploads\/2016\/04\/publiczno\u015b\u0107-1024x683.jpg\" alt=\"publiczno\u015b\u0107\" width=\"1024\" height=\"683\" srcset=\"https:\/\/d2p6e6u75xmxt8.cloudfront.net\/5\/2016\/04\/publiczno\u015b\u0107-1024x683.jpg 1024w, https:\/\/d2p6e6u75xmxt8.cloudfront.net\/5\/2016\/04\/publiczno\u015b\u0107-300x200.jpg 300w, https:\/\/d2p6e6u75xmxt8.cloudfront.net\/5\/2016\/04\/publiczno\u015b\u0107-768x512.jpg 768w, https:\/\/d2p6e6u75xmxt8.cloudfront.net\/5\/2016\/04\/publiczno\u015b\u0107-272x182.jpg 272w\" sizes=\"auto, (max-width: 1024px) 100vw, 1024px\" \/><\/p>\n<p style=\"text-align: justify\">\n<p style=\"text-align: justify\">\n","protected":false},"excerpt":{"rendered":"<p>24 kwietnia w Lublinie odby\u0142 si\u0119 \u201ePiknik na dw\u00f3ch k\u00f3\u0142kach\u201d, wsp\u00f3\u0142organizowany przez autoryzowanego dealera \u0160KODY &#8211; \u017bagiel Auto. Cieszymy si\u0119, [&hellip;]<\/p>\n","protected":false},"author":1,"featured_media":954,"comment_status":"closed","ping_status":"closed","sticky":false,"template":"","format":"standard","meta":{"footnotes":""},"categories":[1],"tags":[66],"global-categories":[],"class_list":["post-952","post","type-post","status-publish","format-standard","has-post-thumbnail","hentry","category-uncategorized","tag-skodanapedzarowery"],"yoast_head":"<!-- This site is optimized with the Yoast SEO Premium plugin v25.3 (Yoast SEO v25.9) - https:\/\/yoast.com\/wordpress\/plugins\/seo\/ -->\n<title>\u0160koda nap\u0119dza rowery w Lublinie - \u0160koda We Love Cycling - Poland<\/title>\n<meta name=\"robots\" content=\"index, follow, max-snippet:-1, max-image-preview:large, max-video-preview:-1\" \/>\n<link rel=\"canonical\" href=\"https:\/\/www.welovecycling.com\/pl\/2016\/04\/28\/skoda-napedza-rowery-w-lublinie\/\" \/>\n<meta property=\"og:locale\" content=\"pl_PL\" \/>\n<meta property=\"og:type\" content=\"article\" \/>\n<meta property=\"og:title\" content=\"\u0160koda nap\u0119dza rowery w Lublinie\" \/>\n<meta property=\"og:description\" content=\"24 kwietnia w Lublinie odby\u0142 si\u0119 \u201ePiknik na dw\u00f3ch k\u00f3\u0142kach\u201d, wsp\u00f3\u0142organizowany przez autoryzowanego dealera \u0160KODY &#8211; \u017bagiel Auto. Cieszymy si\u0119, [&hellip;]\" \/>\n<meta property=\"og:url\" content=\"https:\/\/www.welovecycling.com\/pl\/2016\/04\/28\/skoda-napedza-rowery-w-lublinie\/\" \/>\n<meta property=\"og:site_name\" content=\"\u0160koda We Love Cycling - Poland\" \/>\n<meta property=\"article:published_time\" content=\"2016-04-28T15:34:59+00:00\" \/>\n<meta property=\"article:modified_time\" content=\"2016-12-05T09:49:55+00:00\" \/>\n<meta property=\"og:image\" content=\"https:\/\/d2p6e6u75xmxt8.cloudfront.net\/5\/2016\/04\/k.-herba-podczas-wystepu-2-1024x683.jpg\" \/>\n\t<meta property=\"og:image:width\" content=\"1024\" \/>\n\t<meta property=\"og:image:height\" content=\"683\" \/>\n\t<meta property=\"og:image:type\" content=\"image\/jpeg\" \/>\n<meta name=\"author\" content=\"WeLoveCycling\" \/>\n<meta name=\"twitter:card\" content=\"summary_large_image\" \/>\n<meta name=\"twitter:label1\" content=\"Written by\" \/>\n\t<meta name=\"twitter:data1\" content=\"WeLoveCycling\" \/>\n\t<meta name=\"twitter:label2\" content=\"Est. reading time\" \/>\n\t<meta name=\"twitter:data2\" content=\"2 minutes\" \/>\n<script type=\"application\/ld+json\" class=\"yoast-schema-graph\">{\"@context\":\"https:\/\/schema.org\",\"@graph\":[{\"@type\":\"WebPage\",\"@id\":\"https:\/\/www.welovecycling.com\/pl\/2016\/04\/28\/skoda-napedza-rowery-w-lublinie\/\",\"url\":\"https:\/\/www.welovecycling.com\/pl\/2016\/04\/28\/skoda-napedza-rowery-w-lublinie\/\",\"name\":\"\u0160koda nap\u0119dza rowery w Lublinie - \u0160koda We Love Cycling - Poland\",\"isPartOf\":{\"@id\":\"https:\/\/www.welovecycling.com\/pl\/#website\"},\"primaryImageOfPage\":{\"@id\":\"https:\/\/www.welovecycling.com\/pl\/2016\/04\/28\/skoda-napedza-rowery-w-lublinie\/#primaryimage\"},\"image\":{\"@id\":\"https:\/\/www.welovecycling.com\/pl\/2016\/04\/28\/skoda-napedza-rowery-w-lublinie\/#primaryimage\"},\"thumbnailUrl\":\"https:\/\/d2p6e6u75xmxt8.cloudfront.net\/5\/2016\/04\/k.-herba-podczas-wystepu-2.jpg\",\"datePublished\":\"2016-04-28T15:34:59+00:00\",\"dateModified\":\"2016-12-05T09:49:55+00:00\",\"author\":{\"@id\":\"https:\/\/www.welovecycling.com\/pl\/#\/schema\/person\/e5187c9cac8dd619ebc7b41bd73c2fd9\"},\"breadcrumb\":{\"@id\":\"https:\/\/www.welovecycling.com\/pl\/2016\/04\/28\/skoda-napedza-rowery-w-lublinie\/#breadcrumb\"},\"inLanguage\":\"pl-PL\",\"potentialAction\":[{\"@type\":\"ReadAction\",\"target\":[\"https:\/\/www.welovecycling.com\/pl\/2016\/04\/28\/skoda-napedza-rowery-w-lublinie\/\"]}]},{\"@type\":\"ImageObject\",\"inLanguage\":\"pl-PL\",\"@id\":\"https:\/\/www.welovecycling.com\/pl\/2016\/04\/28\/skoda-napedza-rowery-w-lublinie\/#primaryimage\",\"url\":\"https:\/\/d2p6e6u75xmxt8.cloudfront.net\/5\/2016\/04\/k.-herba-podczas-wystepu-2.jpg\",\"contentUrl\":\"https:\/\/d2p6e6u75xmxt8.cloudfront.net\/5\/2016\/04\/k.-herba-podczas-wystepu-2.jpg\",\"width\":5760,\"height\":3840},{\"@type\":\"BreadcrumbList\",\"@id\":\"https:\/\/www.welovecycling.com\/pl\/2016\/04\/28\/skoda-napedza-rowery-w-lublinie\/#breadcrumb\",\"itemListElement\":[{\"@type\":\"ListItem\",\"position\":1,\"name\":\"Home\",\"item\":\"https:\/\/www.welovecycling.com\/pl\/\"},{\"@type\":\"ListItem\",\"position\":2,\"name\":\"\u0160koda nap\u0119dza rowery w Lublinie\"}]},{\"@type\":\"WebSite\",\"@id\":\"https:\/\/www.welovecycling.com\/pl\/#website\",\"url\":\"https:\/\/www.welovecycling.com\/pl\/\",\"name\":\"\u0160koda We Love Cycling - Poland\",\"description\":\"\",\"potentialAction\":[{\"@type\":\"SearchAction\",\"target\":{\"@type\":\"EntryPoint\",\"urlTemplate\":\"https:\/\/www.welovecycling.com\/pl\/?s={search_term_string}\"},\"query-input\":{\"@type\":\"PropertyValueSpecification\",\"valueRequired\":true,\"valueName\":\"search_term_string\"}}],\"inLanguage\":\"pl-PL\"},{\"@type\":\"Person\",\"@id\":\"https:\/\/www.welovecycling.com\/pl\/#\/schema\/person\/e5187c9cac8dd619ebc7b41bd73c2fd9\",\"name\":\"WeLoveCycling\",\"image\":{\"@type\":\"ImageObject\",\"inLanguage\":\"pl-PL\",\"@id\":\"https:\/\/www.welovecycling.com\/pl\/#\/schema\/person\/image\/\",\"url\":\"https:\/\/secure.gravatar.com\/avatar\/7e1ee0ecc5e294b19ef32b9f6086e0afbb9da00c3cb0d465ba4695331f4a9187?s=96&d=mm&r=g\",\"contentUrl\":\"https:\/\/secure.gravatar.com\/avatar\/7e1ee0ecc5e294b19ef32b9f6086e0afbb9da00c3cb0d465ba4695331f4a9187?s=96&d=mm&r=g\",\"caption\":\"WeLoveCycling\"},\"url\":\"https:\/\/www.welovecycling.com\/pl\/author\/lukascech\/\"}]}<\/script>\n<!-- \/ Yoast SEO Premium plugin. -->","yoast_head_json":{"title":"\u0160koda nap\u0119dza rowery w Lublinie - \u0160koda We Love Cycling - Poland","robots":{"index":"index","follow":"follow","max-snippet":"max-snippet:-1","max-image-preview":"max-image-preview:large","max-video-preview":"max-video-preview:-1"},"canonical":"https:\/\/www.welovecycling.com\/pl\/2016\/04\/28\/skoda-napedza-rowery-w-lublinie\/","og_locale":"pl_PL","og_type":"article","og_title":"\u0160koda nap\u0119dza rowery w Lublinie","og_description":"24 kwietnia w Lublinie odby\u0142 si\u0119 \u201ePiknik na dw\u00f3ch k\u00f3\u0142kach\u201d, wsp\u00f3\u0142organizowany przez autoryzowanego dealera \u0160KODY &#8211; \u017bagiel Auto. Cieszymy si\u0119, [&hellip;]","og_url":"https:\/\/www.welovecycling.com\/pl\/2016\/04\/28\/skoda-napedza-rowery-w-lublinie\/","og_site_name":"\u0160koda We Love Cycling - Poland","article_published_time":"2016-04-28T15:34:59+00:00","article_modified_time":"2016-12-05T09:49:55+00:00","og_image":[{"width":1024,"height":683,"url":"https:\/\/d2p6e6u75xmxt8.cloudfront.net\/5\/2016\/04\/k.-herba-podczas-wystepu-2-1024x683.jpg","type":"image\/jpeg"}],"author":"WeLoveCycling","twitter_card":"summary_large_image","twitter_misc":{"Written by":"WeLoveCycling","Est. reading time":"2 minutes"},"schema":{"@context":"https:\/\/schema.org","@graph":[{"@type":"WebPage","@id":"https:\/\/www.welovecycling.com\/pl\/2016\/04\/28\/skoda-napedza-rowery-w-lublinie\/","url":"https:\/\/www.welovecycling.com\/pl\/2016\/04\/28\/skoda-napedza-rowery-w-lublinie\/","name":"\u0160koda nap\u0119dza rowery w Lublinie - \u0160koda We Love Cycling - Poland","isPartOf":{"@id":"https:\/\/www.welovecycling.com\/pl\/#website"},"primaryImageOfPage":{"@id":"https:\/\/www.welovecycling.com\/pl\/2016\/04\/28\/skoda-napedza-rowery-w-lublinie\/#primaryimage"},"image":{"@id":"https:\/\/www.welovecycling.com\/pl\/2016\/04\/28\/skoda-napedza-rowery-w-lublinie\/#primaryimage"},"thumbnailUrl":"https:\/\/d2p6e6u75xmxt8.cloudfront.net\/5\/2016\/04\/k.-herba-podczas-wystepu-2.jpg","datePublished":"2016-04-28T15:34:59+00:00","dateModified":"2016-12-05T09:49:55+00:00","author":{"@id":"https:\/\/www.welovecycling.com\/pl\/#\/schema\/person\/e5187c9cac8dd619ebc7b41bd73c2fd9"},"breadcrumb":{"@id":"https:\/\/www.welovecycling.com\/pl\/2016\/04\/28\/skoda-napedza-rowery-w-lublinie\/#breadcrumb"},"inLanguage":"pl-PL","potentialAction":[{"@type":"ReadAction","target":["https:\/\/www.welovecycling.com\/pl\/2016\/04\/28\/skoda-napedza-rowery-w-lublinie\/"]}]},{"@type":"ImageObject","inLanguage":"pl-PL","@id":"https:\/\/www.welovecycling.com\/pl\/2016\/04\/28\/skoda-napedza-rowery-w-lublinie\/#primaryimage","url":"https:\/\/d2p6e6u75xmxt8.cloudfront.net\/5\/2016\/04\/k.-herba-podczas-wystepu-2.jpg","contentUrl":"https:\/\/d2p6e6u75xmxt8.cloudfront.net\/5\/2016\/04\/k.-herba-podczas-wystepu-2.jpg","width":5760,"height":3840},{"@type":"BreadcrumbList","@id":"https:\/\/www.welovecycling.com\/pl\/2016\/04\/28\/skoda-napedza-rowery-w-lublinie\/#breadcrumb","itemListElement":[{"@type":"ListItem","position":1,"name":"Home","item":"https:\/\/www.welovecycling.com\/pl\/"},{"@type":"ListItem","position":2,"name":"\u0160koda nap\u0119dza rowery w Lublinie"}]},{"@type":"WebSite","@id":"https:\/\/www.welovecycling.com\/pl\/#website","url":"https:\/\/www.welovecycling.com\/pl\/","name":"\u0160koda We Love Cycling - Poland","description":"","potentialAction":[{"@type":"SearchAction","target":{"@type":"EntryPoint","urlTemplate":"https:\/\/www.welovecycling.com\/pl\/?s={search_term_string}"},"query-input":{"@type":"PropertyValueSpecification","valueRequired":true,"valueName":"search_term_string"}}],"inLanguage":"pl-PL"},{"@type":"Person","@id":"https:\/\/www.welovecycling.com\/pl\/#\/schema\/person\/e5187c9cac8dd619ebc7b41bd73c2fd9","name":"WeLoveCycling","image":{"@type":"ImageObject","inLanguage":"pl-PL","@id":"https:\/\/www.welovecycling.com\/pl\/#\/schema\/person\/image\/","url":"https:\/\/secure.gravatar.com\/avatar\/7e1ee0ecc5e294b19ef32b9f6086e0afbb9da00c3cb0d465ba4695331f4a9187?s=96&d=mm&r=g","contentUrl":"https:\/\/secure.gravatar.com\/avatar\/7e1ee0ecc5e294b19ef32b9f6086e0afbb9da00c3cb0d465ba4695331f4a9187?s=96&d=mm&r=g","caption":"WeLoveCycling"},"url":"https:\/\/www.welovecycling.com\/pl\/author\/lukascech\/"}]}},"_links":{"self":[{"href":"https:\/\/www.welovecycling.com\/pl\/wp-json\/wp\/v2\/posts\/952","targetHints":{"allow":["GET"]}}],"collection":[{"href":"https:\/\/www.welovecycling.com\/pl\/wp-json\/wp\/v2\/posts"}],"about":[{"href":"https:\/\/www.welovecycling.com\/pl\/wp-json\/wp\/v2\/types\/post"}],"author":[{"embeddable":true,"href":"https:\/\/www.welovecycling.com\/pl\/wp-json\/wp\/v2\/users\/1"}],"replies":[{"embeddable":true,"href":"https:\/\/www.welovecycling.com\/pl\/wp-json\/wp\/v2\/comments?post=952"}],"version-history":[{"count":1,"href":"https:\/\/www.welovecycling.com\/pl\/wp-json\/wp\/v2\/posts\/952\/revisions"}],"predecessor-version":[{"id":2469,"href":"https:\/\/www.welovecycling.com\/pl\/wp-json\/wp\/v2\/posts\/952\/revisions\/2469"}],"wp:featuredmedia":[{"embeddable":true,"href":"https:\/\/www.welovecycling.com\/pl\/wp-json\/wp\/v2\/media\/954"}],"wp:attachment":[{"href":"https:\/\/www.welovecycling.com\/pl\/wp-json\/wp\/v2\/media?parent=952"}],"wp:term":[{"taxonomy":"category","embeddable":true,"href":"https:\/\/www.welovecycling.com\/pl\/wp-json\/wp\/v2\/categories?post=952"},{"taxonomy":"post_tag","embeddable":true,"href":"https:\/\/www.welovecycling.com\/pl\/wp-json\/wp\/v2\/tags?post=952"},{"taxonomy":"global-categories","embeddable":true,"href":"https:\/\/www.welovecycling.com\/pl\/wp-json\/wp\/v2\/global-categories?post=952"}],"curies":[{"name":"wp","href":"https:\/\/api.w.org\/{rel}","templated":true}]}}