{"id":9516,"date":"2019-08-07T15:25:59","date_gmt":"2019-08-07T15:25:59","guid":{"rendered":"https:\/\/www.welovecycling.com\/pl\/?p=9516"},"modified":"2019-08-12T08:49:11","modified_gmt":"2019-08-12T08:49:11","slug":"swiat-kolarstwa-oplakuje-odejscie-bjorga-lambrechta","status":"publish","type":"post","link":"https:\/\/www.welovecycling.com\/pl\/2019\/08\/07\/swiat-kolarstwa-oplakuje-odejscie-bjorga-lambrechta\/","title":{"rendered":"\u015awiat kolarstwa op\u0142akuje odej\u015bcie Bjorga Lambrechta"},"content":{"rendered":"<p><strong>Data 5 sierpnia 2019 roku zostawi ponury \u015blad w historii kolarstwa. Po odniesieniu powa\u017cnych obra\u017ce\u0144 podczas wypadku na Tour de Pologne 2019 Bjorg Lambrecht, cho\u0107 zosta\u0142 natychmiast przewieziony do szpitala, zmar\u0142 w wieku zaledwie 22 lat.<\/strong><\/p>\n<p>Ten belgijski utalentowany zawodnik, kt\u00f3ry dopiero zaczyna\u0142 karier\u0119 w profesjonalnym kolarstwie, jecha\u0142 w barwach dru\u017cyny Lotto-Soudal. W wyniku wypadku spad\u0142 z roweru i uderzy\u0142 w przepust drogowy.<\/p>\n<p>Lambrecht rozbi\u0142 si\u0119 na ostatnich 100 km trzeciego etapu Tour de Pologne i zosta\u0142 zabrany do szpitala przez karetk\u0119, poniewa\u017c jego stan nie pozwala\u0142 na transport helikopterem. Organizatorzy wy\u015bcigu wydali kilka oficjalnych o\u015bwiadcze\u0144 na Twitterze, jeszcze zanim okaza\u0142o si\u0119, \u017ce wypadek mia\u0142 tragiczne konsekwencje. Mi\u0119dzy innymi pisali wtedy z nadziej\u0105: \u201eBardzo nam przykro, \u017ce Bjorg Lambrecht z Lotto-Soudal uleg\u0142 wypadkowi, z powodu kt\u00f3rego potrzebowa\u0142 natychmiastowej reanimacji oraz transportu do szpitala. Odezwiemy si\u0119, gdy b\u0119dziemy wiedzie\u0107 wi\u0119cej, ale mamy nadziej\u0119, \u017ce to nic powa\u017cnego, i \u017cyczymy mu szybkiego powrotu do zdrowia\u201d.<\/p>\n<figure id=\"attachment_174900\" aria-describedby=\"caption-attachment-174900\" style=\"width: 1250px\" class=\"wp-caption alignnone\"><img loading=\"lazy\" decoding=\"async\" class=\"loading wp-image-174900 size-full\" src=\"https:\/\/d2p6e6u75xmxt8.cloudfront.net\/2\/2019\/08\/profimedia-0462622146.jpg\" sizes=\"auto, (max-width: 1250px) 100vw, 1250px\" srcset=\"https:\/\/d2p6e6u75xmxt8.cloudfront.net\/2\/2019\/08\/profimedia-0462622146.jpg 1250w, https:\/\/d2p6e6u75xmxt8.cloudfront.net\/2\/2019\/08\/profimedia-0462622146-300x199.jpg 300w, https:\/\/d2p6e6u75xmxt8.cloudfront.net\/2\/2019\/08\/profimedia-0462622146-768x511.jpg 768w, https:\/\/d2p6e6u75xmxt8.cloudfront.net\/2\/2019\/08\/profimedia-0462622146-1024x681.jpg 1024w, https:\/\/d2p6e6u75xmxt8.cloudfront.net\/2\/2019\/08\/profimedia-0462622146-272x182.jpg 272w\" alt=\"\" width=\"1250\" height=\"831\" data-was-processed=\"true\" \/><figcaption id=\"caption-attachment-174900\" class=\"wp-caption-text\">Bjorg ze srebrnym medalem na podium po wy\u015bcigu mistrzostw \u015bwiata w kolarstwie szosowym m\u0119\u017cczyzn U23, 28 wrze\u015bnia 2018 r. \u00a9 Profimedia, Sipa Press<\/figcaption><\/figure>\n<p>Lotto-Soudal potwierdzi\u0142 transport Bjorga do szpitala i ujawni\u0142 \u201enieoficjalne informacje\u201d, wed\u0142ug kt\u00f3rych lekarzom uda\u0142o si\u0119 przywr\u00f3ci\u0107 mu funkcje \u017cyciowe. P\u00f3\u017aniej, jeszcze tego samego dnia oko\u0142o godziny 18:00, zesp\u00f3\u0142 opublikowa\u0142 o\u015bwiadczenie potwierdzaj\u0105ce najgorsze obawy \u2013 Bjorg Lambrecht zmar\u0142.<\/p>\n<p>O\u015bwiadczenie brzmia\u0142o: \u201eDosz\u0142o do najwi\u0119kszej tragedii, jaka mog\u0142a przytrafi\u0107 si\u0119 rodzinie, przyjacio\u0142om i kolegom z dru\u017cyny Bjorga. Spoczywaj w pokoju, Bjorg\u201d.<\/p>\n<p>Wiele dru\u017cyn i zawodnik\u00f3w z\u0142o\u017cy\u0142o kondolencje i wyrazi\u0142o szacunek w mediach spo\u0142eczno\u015bciowych wobec zmar\u0142ego zawodnika. Przejawy solidarno\u015bci i wyrazy \u017calu p\u0142yn\u0119\u0142y z ca\u0142ego \u015bwiata.<\/p>\n<p>CCC Team napisa\u0142: \u201eZawodnicy i ca\u0142y sztab CCC Team s\u0105 g\u0142\u0119boko zasmuceni wiadomo\u015bci\u0105 o odej\u015bciu Bjorga Lambrechta. Najszczersze wyrazy wsp\u00f3\u0142czucia kierujemy do rodziny i przyjaci\u00f3\u0142 Bjorga oraz ca\u0142ego zespo\u0142u Lotto-Soudal w tym niezwykle smutnym czasie\u201d.<\/p>\n<p>Mistrz \u015bwiata Alejandro Valverde og\u0142osi\u0142: \u201eG\u0142\u0119boko prze\u017cywam utrat\u0119 Bjorga Lambrechta, kolarza, kt\u00f3ry pokazywa\u0142, co potrafi, ju\u017c od kilku lat. Moje najg\u0142\u0119bsze kondolencje dla rodziny, przyjaci\u00f3\u0142 i zespo\u0142u\u201d. Zesp\u00f3\u0142 Valverde\u2019a, Movistar, r\u00f3wnie\u017c wyda\u0142 o\u015bwiadczenie: \u201eCzasami \u017cycie jest po prostu niesprawiedliwe. Tak m\u0142ody, z tyloma rzeczami do zrobienia. Wszystkie nasze my\u015bli s\u0105 z rodzin\u0105, przyjaci\u00f3\u0142mi i kolegami z dru\u017cyny Lotto-Soudal. Spoczywaj w pokoju\u201d.<\/p>\n<div class=\"embed-controller-wrapper\">\n<blockquote class=\"twitter-tweet\" data-width=\"500\" data-dnt=\"true\">\n<p lang=\"en\" dir=\"ltr\">My thoughts to Bjorg\u2019s family, friends and everyone @Lotto_Soudal, such tragic news \ud83d\ude22 Rest in peace. <a href=\"https:\/\/t.co\/XxZH7r1DqF\">https:\/\/t.co\/XxZH7r1DqF<\/a><\/p>\n<p>&mdash; Alex Dowsett (@alexdowsett) <a href=\"https:\/\/twitter.com\/alexdowsett\/status\/1158430729661014017?ref_src=twsrc%5Etfw\">August 5, 2019<\/a><\/p><\/blockquote>\n<p><script async data-src=\"https:\/\/platform.twitter.com\/widgets.js\" charset=\"utf-8\"><\/script><\/div>\n<p>Zesp\u00f3\u0142 INEOS napisa\u0142 na Twitterze: \u201eCa\u0142ym zespo\u0142em jeste\u015bmy my\u015blami z rodzin\u0105 Bjorga, jego przyjaci\u00f3\u0142mi i ze wszystkimi z Lotto- Soudal. Niech spoczywa w pokoju\u201d.<\/p>\n<div class=\"embed-controller-wrapper\">\n<blockquote class=\"twitter-tweet\" data-width=\"500\" data-dnt=\"true\">\n<p lang=\"en\" dir=\"ltr\">The biggest tragedy possible that could happen to the family, friends and teammates of Bjorg has happened\u2026 Rest in peace Bjorg&#8230; \u2764\ufe0f <a href=\"https:\/\/t.co\/9u9LZkp2Rt\">pic.twitter.com\/9u9LZkp2Rt<\/a><\/p>\n<p>&mdash; Lotto Dstny (@lotto_dstny) <a href=\"https:\/\/twitter.com\/lotto_dstny\/status\/1158422647287504899?ref_src=twsrc%5Etfw\">August 5, 2019<\/a><\/p><\/blockquote>\n<p><script async data-src=\"https:\/\/platform.twitter.com\/widgets.js\" charset=\"utf-8\"><\/script><\/div>\n<p>Pascal Ackermann z zespo\u0142u Bora-Hansgrohe, kt\u00f3ry ostatecznie wygra\u0142 fatalny trzeci etap Tour de Pologne, powiedzia\u0142: \u201eDzisiaj wynik wy\u015bcigu nie ma znaczenia. By\u0142em zdruzgotany, s\u0142ysz\u0105c dzisiejsze tragiczne wiadomo\u015bci, i chcia\u0142bym osobi\u015bcie z\u0142o\u017cy\u0107 najg\u0142\u0119bsze kondolencje rodzinie i przyjacio\u0142om Bjorga Lambrechta oraz wszystkim w Lotto-Soudal\u201d.<\/p>\n<p>W podobnym tonie wyrazi\u0142 si\u0119 szef Deceuninck\u2013Quick-Step, Patrick Lefevere, po tym, jak zawodnik tego zespo\u0142u, Fabio Jacobsen, kt\u00f3ry pocz\u0105tkowo mia\u0142 szans\u0119 na zwyci\u0119stwo, zosta\u0142 zdegradowany. \u201eDyskwalifikacja nie jest wa\u017cna w \u015bwietle dramatycznych wiadomo\u015bci o Bjorgu Lambrechcie. Brak mi s\u0142\u00f3w, by wyrazi\u0107 m\u00f3j smutek. Moje kondolencje dla zespo\u0142u, koleg\u00f3w z dru\u017cyny i rodziny\u201d.<\/p>\n<figure id=\"attachment_174901\" aria-describedby=\"caption-attachment-174901\" style=\"width: 1250px\" class=\"wp-caption alignnone\"><img loading=\"lazy\" decoding=\"async\" class=\"loading wp-image-174901 size-full\" src=\"https:\/\/d2p6e6u75xmxt8.cloudfront.net\/2\/2019\/08\/profimedia-0385276584.jpg\" sizes=\"auto, (max-width: 1250px) 100vw, 1250px\" srcset=\"https:\/\/d2p6e6u75xmxt8.cloudfront.net\/2\/2019\/08\/profimedia-0385276584.jpg 1250w, https:\/\/d2p6e6u75xmxt8.cloudfront.net\/2\/2019\/08\/profimedia-0385276584-300x200.jpg 300w, https:\/\/d2p6e6u75xmxt8.cloudfront.net\/2\/2019\/08\/profimedia-0385276584-768x512.jpg 768w, https:\/\/d2p6e6u75xmxt8.cloudfront.net\/2\/2019\/08\/profimedia-0385276584-1024x682.jpg 1024w, https:\/\/d2p6e6u75xmxt8.cloudfront.net\/2\/2019\/08\/profimedia-0385276584-272x182.jpg 272w\" alt=\"\" width=\"1250\" height=\"833\" data-was-processed=\"true\" \/><figcaption id=\"caption-attachment-174901\" class=\"wp-caption-text\">Bjorg na zdj\u0119ciu podczas dziesi\u0105tego etapu \u201eVuelta a Espana\u201d. \u00a9 Profimedia, AFP<\/figcaption><\/figure>\n<p>&nbsp;<\/p>\n<p>Zesp\u00f3\u0142 Astana zamie\u015bci\u0142 sw\u00f3j komentarz w mediach spo\u0142eczno\u015bciowych: \u201eTo ogromna tragedia i ci\u0119\u017cko znale\u017a\u0107 s\u0142owa, by wyrazi\u0107 nasz smutek. Bjorg Lambrecht by\u0142 taki m\u0142ody i utalentowany. Ma to ogromny wp\u0142yw na ca\u0142y \u015bwiat kolarski. Sk\u0142adamy najg\u0142\u0119bsze kondolencje rodzinie i zespo\u0142owi Lotto-Soudal\u201d.<\/p>\n<p>Bjorg bra\u0142 udzia\u0142 w drugim sezonie na poziomie World Tour i by\u0142 jedn\u0105 ze wschodz\u0105cych gwiazd Belgii. Mistrzostwa \u015bwiata do lat 23 w 2018 roku uko\u0144czy\u0142 na drugim miejscu, a nast\u0119pnie zaj\u0105\u0142 12. miejsce w Criterium du Dauphine w klasyfikacji m\u0142odzie\u017cy.<\/p>\n<div class=\"embed-controller-wrapper\">\n<blockquote class=\"twitter-tweet\" data-width=\"500\" data-dnt=\"true\">\n<p lang=\"en\" dir=\"ltr\">The race organisers, the jury and the cycling teams have made a decision to neutralize the 4th stage of Tour de Pologne to pay our respects to Bjorg Lambrecht. The stage route is reduced to 133.7km and the final laps cut to 1. <br \/>More &#8211; <a href=\"https:\/\/t.co\/xPRQ5l8Jhs\">https:\/\/t.co\/xPRQ5l8Jhs<\/a> <a href=\"https:\/\/t.co\/QkEJSdTFq7\">pic.twitter.com\/QkEJSdTFq7<\/a><\/p>\n<p>&mdash; Tour de Pologne (@Tour_de_Pologne) <a href=\"https:\/\/twitter.com\/Tour_de_Pologne\/status\/1158504111710625792?ref_src=twsrc%5Etfw\">August 5, 2019<\/a><\/p><\/blockquote>\n<p><script async data-src=\"https:\/\/platform.twitter.com\/widgets.js\" charset=\"utf-8\"><\/script><\/div>\n<p>Wczoraj podczas 4 etapu 76. Tour de Pologne kolarze oddali ho\u0142d swojemu tragicznie zmar\u0142emu koledze. Tego dnia nie odby\u0142a si\u0119 \u017cadna ceremonia wr\u0119czania nagr\u00f3d. Zawodnicy grupy Lotto Soudal poprowadzili peleton, kt\u00f3ry zatrzyma\u0142 si\u0119 przed met\u0105 na namalowanym numerze 143, z kt\u00f3rym startowa\u0142 Bjorg Lambrecht. Kolarze, kibice i organizatorzy, mi\u0119dzy innymi Czes\u0142aw Lang, minut\u0105 ciszy uhonorowali pami\u0119\u0107 o tragicznie zmar\u0142ym zawodniku.<\/p>\n<style type=\"text\/css\"><!--td {border: 1px solid #ccc;}br {mso-data-placement:same-cell;}--><\/style>\n<p><span data-sheets-value=\"{&quot;1&quot;:2,&quot;2&quot;:&quot;Artyku\u0142 powsta\u0142 we wsp\u00f3\u0142pracy ze skoda-auto.pl&quot;}\" data-sheets-userformat=\"{&quot;2&quot;:1,&quot;3&quot;:{&quot;1&quot;:0}}\"><a class=\"in-cell-link\" href=\"http:\/\/www.skoda-auto.pl\/\" target=\"_blank\" rel=\"noopener\">Artyku\u0142 powsta\u0142 we wsp\u00f3\u0142pracy ze skoda-auto.pl<\/a><\/span><\/p>\n","protected":false},"excerpt":{"rendered":"<p>Data 5 sierpnia 2019 roku zostawi ponury \u015blad w historii kolarstwa. Po odniesieniu powa\u017cnych obra\u017ce\u0144 podczas wypadku na Tour de [&hellip;]<\/p>\n","protected":false},"author":76,"featured_media":9520,"comment_status":"open","ping_status":"open","sticky":false,"template":"","format":"standard","meta":{"footnotes":""},"categories":[6],"tags":[],"global-categories":[],"class_list":["post-9516","post","type-post","status-publish","format-standard","has-post-thumbnail","hentry","category-kolarstwo-szosowe"],"yoast_head":"<!-- This site is optimized with the Yoast SEO Premium plugin v25.3 (Yoast SEO v25.9) - https:\/\/yoast.com\/wordpress\/plugins\/seo\/ -->\n<title>\u015awiat kolarstwa op\u0142akuje odej\u015bcie Bjorga Lambrechta - \u0160koda We Love Cycling - Poland<\/title>\n<meta name=\"robots\" content=\"index, follow, max-snippet:-1, max-image-preview:large, max-video-preview:-1\" \/>\n<link rel=\"canonical\" href=\"https:\/\/www.welovecycling.com\/pl\/2019\/08\/07\/swiat-kolarstwa-oplakuje-odejscie-bjorga-lambrechta\/\" \/>\n<meta property=\"og:locale\" content=\"pl_PL\" \/>\n<meta property=\"og:type\" content=\"article\" \/>\n<meta property=\"og:title\" content=\"\u015awiat kolarstwa op\u0142akuje odej\u015bcie Bjorga Lambrechta\" \/>\n<meta property=\"og:description\" content=\"Data 5 sierpnia 2019 roku zostawi ponury \u015blad w historii kolarstwa. Po odniesieniu powa\u017cnych obra\u017ce\u0144 podczas wypadku na Tour de [&hellip;]\" \/>\n<meta property=\"og:url\" content=\"https:\/\/www.welovecycling.com\/pl\/2019\/08\/07\/swiat-kolarstwa-oplakuje-odejscie-bjorga-lambrechta\/\" \/>\n<meta property=\"og:site_name\" content=\"\u0160koda We Love Cycling - Poland\" \/>\n<meta property=\"article:published_time\" content=\"2019-08-07T15:25:59+00:00\" \/>\n<meta property=\"article:modified_time\" content=\"2019-08-12T08:49:11+00:00\" \/>\n<meta property=\"og:image\" content=\"https:\/\/d2p6e6u75xmxt8.cloudfront.net\/5\/2019\/08\/Bjorg-Lambrecht-CVR-profimedia-0402916482-1024x450.jpg\" \/>\n\t<meta property=\"og:image:width\" content=\"1024\" \/>\n\t<meta property=\"og:image:height\" content=\"450\" \/>\n\t<meta property=\"og:image:type\" content=\"image\/jpeg\" \/>\n<meta name=\"author\" content=\"piotrboczkowski\" \/>\n<meta name=\"twitter:card\" content=\"summary_large_image\" \/>\n<meta name=\"twitter:label1\" content=\"Written by\" \/>\n\t<meta name=\"twitter:data1\" content=\"Frantiska Blazkova\" \/>\n\t<meta name=\"twitter:label2\" content=\"Est. reading time\" \/>\n\t<meta name=\"twitter:data2\" content=\"4 minutes\" \/>\n<script type=\"application\/ld+json\" class=\"yoast-schema-graph\">{\"@context\":\"https:\/\/schema.org\",\"@graph\":[{\"@type\":\"WebPage\",\"@id\":\"https:\/\/www.welovecycling.com\/pl\/2019\/08\/07\/swiat-kolarstwa-oplakuje-odejscie-bjorga-lambrechta\/\",\"url\":\"https:\/\/www.welovecycling.com\/pl\/2019\/08\/07\/swiat-kolarstwa-oplakuje-odejscie-bjorga-lambrechta\/\",\"name\":\"\u015awiat kolarstwa op\u0142akuje odej\u015bcie Bjorga Lambrechta - \u0160koda We Love Cycling - Poland\",\"isPartOf\":{\"@id\":\"https:\/\/www.welovecycling.com\/pl\/#website\"},\"primaryImageOfPage\":{\"@id\":\"https:\/\/www.welovecycling.com\/pl\/2019\/08\/07\/swiat-kolarstwa-oplakuje-odejscie-bjorga-lambrechta\/#primaryimage\"},\"image\":{\"@id\":\"https:\/\/www.welovecycling.com\/pl\/2019\/08\/07\/swiat-kolarstwa-oplakuje-odejscie-bjorga-lambrechta\/#primaryimage\"},\"thumbnailUrl\":\"https:\/\/d2p6e6u75xmxt8.cloudfront.net\/5\/2019\/08\/Bjorg-Lambrecht-CVR-profimedia-0402916482-1024x450.jpg\",\"datePublished\":\"2019-08-07T15:25:59+00:00\",\"dateModified\":\"2019-08-12T08:49:11+00:00\",\"author\":{\"@id\":\"https:\/\/www.welovecycling.com\/pl\/#\/schema\/person\/0dba2d39da943db9df3fd8f4687e7f23\"},\"breadcrumb\":{\"@id\":\"https:\/\/www.welovecycling.com\/pl\/2019\/08\/07\/swiat-kolarstwa-oplakuje-odejscie-bjorga-lambrechta\/#breadcrumb\"},\"inLanguage\":\"pl-PL\",\"potentialAction\":[{\"@type\":\"ReadAction\",\"target\":[\"https:\/\/www.welovecycling.com\/pl\/2019\/08\/07\/swiat-kolarstwa-oplakuje-odejscie-bjorga-lambrechta\/\"]}]},{\"@type\":\"ImageObject\",\"inLanguage\":\"pl-PL\",\"@id\":\"https:\/\/www.welovecycling.com\/pl\/2019\/08\/07\/swiat-kolarstwa-oplakuje-odejscie-bjorga-lambrechta\/#primaryimage\",\"url\":\"https:\/\/d2p6e6u75xmxt8.cloudfront.net\/5\/2019\/08\/Bjorg-Lambrecht-CVR-profimedia-0402916482-1024x450.jpg\",\"contentUrl\":\"https:\/\/d2p6e6u75xmxt8.cloudfront.net\/5\/2019\/08\/Bjorg-Lambrecht-CVR-profimedia-0402916482-1024x450.jpg\",\"width\":1024,\"height\":450},{\"@type\":\"BreadcrumbList\",\"@id\":\"https:\/\/www.welovecycling.com\/pl\/2019\/08\/07\/swiat-kolarstwa-oplakuje-odejscie-bjorga-lambrechta\/#breadcrumb\",\"itemListElement\":[{\"@type\":\"ListItem\",\"position\":1,\"name\":\"Home\",\"item\":\"https:\/\/www.welovecycling.com\/pl\/\"},{\"@type\":\"ListItem\",\"position\":2,\"name\":\"\u015awiat kolarstwa op\u0142akuje odej\u015bcie Bjorga Lambrechta\"}]},{\"@type\":\"WebSite\",\"@id\":\"https:\/\/www.welovecycling.com\/pl\/#website\",\"url\":\"https:\/\/www.welovecycling.com\/pl\/\",\"name\":\"\u0160koda We Love Cycling - Poland\",\"description\":\"\",\"potentialAction\":[{\"@type\":\"SearchAction\",\"target\":{\"@type\":\"EntryPoint\",\"urlTemplate\":\"https:\/\/www.welovecycling.com\/pl\/?s={search_term_string}\"},\"query-input\":{\"@type\":\"PropertyValueSpecification\",\"valueRequired\":true,\"valueName\":\"search_term_string\"}}],\"inLanguage\":\"pl-PL\"},{\"@type\":\"Person\",\"@id\":\"https:\/\/www.welovecycling.com\/pl\/#\/schema\/person\/0dba2d39da943db9df3fd8f4687e7f23\",\"name\":\"piotrboczkowski\",\"image\":{\"@type\":\"ImageObject\",\"inLanguage\":\"pl-PL\",\"@id\":\"https:\/\/www.welovecycling.com\/pl\/#\/schema\/person\/image\/\",\"url\":\"https:\/\/secure.gravatar.com\/avatar\/533caccae14752e03a2ce2d3fd62d1b98b93e1393c3195c27819e53344ca1ace?s=96&d=mm&r=g\",\"contentUrl\":\"https:\/\/secure.gravatar.com\/avatar\/533caccae14752e03a2ce2d3fd62d1b98b93e1393c3195c27819e53344ca1ace?s=96&d=mm&r=g\",\"caption\":\"piotrboczkowski\"},\"url\":\"https:\/\/www.welovecycling.com\/pl\/author\/piotrboczkowski\/\"}]}<\/script>\n<!-- \/ Yoast SEO Premium plugin. -->","yoast_head_json":{"title":"\u015awiat kolarstwa op\u0142akuje odej\u015bcie Bjorga Lambrechta - \u0160koda We Love Cycling - Poland","robots":{"index":"index","follow":"follow","max-snippet":"max-snippet:-1","max-image-preview":"max-image-preview:large","max-video-preview":"max-video-preview:-1"},"canonical":"https:\/\/www.welovecycling.com\/pl\/2019\/08\/07\/swiat-kolarstwa-oplakuje-odejscie-bjorga-lambrechta\/","og_locale":"pl_PL","og_type":"article","og_title":"\u015awiat kolarstwa op\u0142akuje odej\u015bcie Bjorga Lambrechta","og_description":"Data 5 sierpnia 2019 roku zostawi ponury \u015blad w historii kolarstwa. Po odniesieniu powa\u017cnych obra\u017ce\u0144 podczas wypadku na Tour de [&hellip;]","og_url":"https:\/\/www.welovecycling.com\/pl\/2019\/08\/07\/swiat-kolarstwa-oplakuje-odejscie-bjorga-lambrechta\/","og_site_name":"\u0160koda We Love Cycling - Poland","article_published_time":"2019-08-07T15:25:59+00:00","article_modified_time":"2019-08-12T08:49:11+00:00","og_image":[{"width":1024,"height":450,"url":"https:\/\/d2p6e6u75xmxt8.cloudfront.net\/5\/2019\/08\/Bjorg-Lambrecht-CVR-profimedia-0402916482-1024x450.jpg","type":"image\/jpeg"}],"author":"piotrboczkowski","twitter_card":"summary_large_image","twitter_misc":{"Written by":"Frantiska Blazkova","Est. reading time":"4 minutes"},"schema":{"@context":"https:\/\/schema.org","@graph":[{"@type":"WebPage","@id":"https:\/\/www.welovecycling.com\/pl\/2019\/08\/07\/swiat-kolarstwa-oplakuje-odejscie-bjorga-lambrechta\/","url":"https:\/\/www.welovecycling.com\/pl\/2019\/08\/07\/swiat-kolarstwa-oplakuje-odejscie-bjorga-lambrechta\/","name":"\u015awiat kolarstwa op\u0142akuje odej\u015bcie Bjorga Lambrechta - \u0160koda We Love Cycling - Poland","isPartOf":{"@id":"https:\/\/www.welovecycling.com\/pl\/#website"},"primaryImageOfPage":{"@id":"https:\/\/www.welovecycling.com\/pl\/2019\/08\/07\/swiat-kolarstwa-oplakuje-odejscie-bjorga-lambrechta\/#primaryimage"},"image":{"@id":"https:\/\/www.welovecycling.com\/pl\/2019\/08\/07\/swiat-kolarstwa-oplakuje-odejscie-bjorga-lambrechta\/#primaryimage"},"thumbnailUrl":"https:\/\/d2p6e6u75xmxt8.cloudfront.net\/5\/2019\/08\/Bjorg-Lambrecht-CVR-profimedia-0402916482-1024x450.jpg","datePublished":"2019-08-07T15:25:59+00:00","dateModified":"2019-08-12T08:49:11+00:00","author":{"@id":"https:\/\/www.welovecycling.com\/pl\/#\/schema\/person\/0dba2d39da943db9df3fd8f4687e7f23"},"breadcrumb":{"@id":"https:\/\/www.welovecycling.com\/pl\/2019\/08\/07\/swiat-kolarstwa-oplakuje-odejscie-bjorga-lambrechta\/#breadcrumb"},"inLanguage":"pl-PL","potentialAction":[{"@type":"ReadAction","target":["https:\/\/www.welovecycling.com\/pl\/2019\/08\/07\/swiat-kolarstwa-oplakuje-odejscie-bjorga-lambrechta\/"]}]},{"@type":"ImageObject","inLanguage":"pl-PL","@id":"https:\/\/www.welovecycling.com\/pl\/2019\/08\/07\/swiat-kolarstwa-oplakuje-odejscie-bjorga-lambrechta\/#primaryimage","url":"https:\/\/d2p6e6u75xmxt8.cloudfront.net\/5\/2019\/08\/Bjorg-Lambrecht-CVR-profimedia-0402916482-1024x450.jpg","contentUrl":"https:\/\/d2p6e6u75xmxt8.cloudfront.net\/5\/2019\/08\/Bjorg-Lambrecht-CVR-profimedia-0402916482-1024x450.jpg","width":1024,"height":450},{"@type":"BreadcrumbList","@id":"https:\/\/www.welovecycling.com\/pl\/2019\/08\/07\/swiat-kolarstwa-oplakuje-odejscie-bjorga-lambrechta\/#breadcrumb","itemListElement":[{"@type":"ListItem","position":1,"name":"Home","item":"https:\/\/www.welovecycling.com\/pl\/"},{"@type":"ListItem","position":2,"name":"\u015awiat kolarstwa op\u0142akuje odej\u015bcie Bjorga Lambrechta"}]},{"@type":"WebSite","@id":"https:\/\/www.welovecycling.com\/pl\/#website","url":"https:\/\/www.welovecycling.com\/pl\/","name":"\u0160koda We Love Cycling - Poland","description":"","potentialAction":[{"@type":"SearchAction","target":{"@type":"EntryPoint","urlTemplate":"https:\/\/www.welovecycling.com\/pl\/?s={search_term_string}"},"query-input":{"@type":"PropertyValueSpecification","valueRequired":true,"valueName":"search_term_string"}}],"inLanguage":"pl-PL"},{"@type":"Person","@id":"https:\/\/www.welovecycling.com\/pl\/#\/schema\/person\/0dba2d39da943db9df3fd8f4687e7f23","name":"piotrboczkowski","image":{"@type":"ImageObject","inLanguage":"pl-PL","@id":"https:\/\/www.welovecycling.com\/pl\/#\/schema\/person\/image\/","url":"https:\/\/secure.gravatar.com\/avatar\/533caccae14752e03a2ce2d3fd62d1b98b93e1393c3195c27819e53344ca1ace?s=96&d=mm&r=g","contentUrl":"https:\/\/secure.gravatar.com\/avatar\/533caccae14752e03a2ce2d3fd62d1b98b93e1393c3195c27819e53344ca1ace?s=96&d=mm&r=g","caption":"piotrboczkowski"},"url":"https:\/\/www.welovecycling.com\/pl\/author\/piotrboczkowski\/"}]}},"_links":{"self":[{"href":"https:\/\/www.welovecycling.com\/pl\/wp-json\/wp\/v2\/posts\/9516","targetHints":{"allow":["GET"]}}],"collection":[{"href":"https:\/\/www.welovecycling.com\/pl\/wp-json\/wp\/v2\/posts"}],"about":[{"href":"https:\/\/www.welovecycling.com\/pl\/wp-json\/wp\/v2\/types\/post"}],"author":[{"embeddable":true,"href":"https:\/\/www.welovecycling.com\/pl\/wp-json\/wp\/v2\/users\/76"}],"replies":[{"embeddable":true,"href":"https:\/\/www.welovecycling.com\/pl\/wp-json\/wp\/v2\/comments?post=9516"}],"version-history":[{"count":2,"href":"https:\/\/www.welovecycling.com\/pl\/wp-json\/wp\/v2\/posts\/9516\/revisions"}],"predecessor-version":[{"id":9532,"href":"https:\/\/www.welovecycling.com\/pl\/wp-json\/wp\/v2\/posts\/9516\/revisions\/9532"}],"wp:featuredmedia":[{"embeddable":true,"href":"https:\/\/www.welovecycling.com\/pl\/wp-json\/wp\/v2\/media\/9520"}],"wp:attachment":[{"href":"https:\/\/www.welovecycling.com\/pl\/wp-json\/wp\/v2\/media?parent=9516"}],"wp:term":[{"taxonomy":"category","embeddable":true,"href":"https:\/\/www.welovecycling.com\/pl\/wp-json\/wp\/v2\/categories?post=9516"},{"taxonomy":"post_tag","embeddable":true,"href":"https:\/\/www.welovecycling.com\/pl\/wp-json\/wp\/v2\/tags?post=9516"},{"taxonomy":"global-categories","embeddable":true,"href":"https:\/\/www.welovecycling.com\/pl\/wp-json\/wp\/v2\/global-categories?post=9516"}],"curies":[{"name":"wp","href":"https:\/\/api.w.org\/{rel}","templated":true}]}}