{"id":9509,"date":"2019-08-06T08:35:15","date_gmt":"2019-08-06T08:35:15","guid":{"rendered":"https:\/\/www.welovecycling.com\/pl\/?p=9509"},"modified":"2019-08-06T08:35:15","modified_gmt":"2019-08-06T08:35:15","slug":"co-by-bylo-gdyby-le-tour-byl-rodzinna-wycieczka","status":"publish","type":"post","link":"https:\/\/www.welovecycling.com\/pl\/2019\/08\/06\/co-by-bylo-gdyby-le-tour-byl-rodzinna-wycieczka\/","title":{"rendered":"Co by by\u0142o, gdyby Le Tour by\u0142 rodzinn\u0105 wycieczk\u0105?"},"content":{"rendered":"<p><strong>Zagrajmy w gr\u0119 z przymru\u017ceniem oka. Ka\u017cdy z nas jako dziecko bra\u0142 zapewne udzia\u0142 w co najmniej jednej rodzinnej wycieczce. S\u0142yszeli\u015bmy wtedy dobre rady, kt\u00f3re wywo\u0142ywa\u0142y w nas konsternacj\u0119. Takie niezamierzone \u201e\u017carty\u201d to zestaw obowi\u0105zkowy ka\u017cdej podr\u00f3\u017cy z rodzicami. Przy okazji Tour de France zastanawiali\u015bmy si\u0119, co taki rodzic m\u00f3g\u0142by powiedzie\u0107 swojemu dziecku staj\u0105cemu na linii startowej Grand Boucle, i specjalnie na potrzeby naszej gry wymy\u015blili\u015bmy poni\u017csze dobre rady. Twoje w\u0142asne pomys\u0142y s\u0105 jak zwykle mile widziane, zostaw je w komentarzach poni\u017cej!<\/strong><\/p>\n<ol>\n<li>Nie b\u00f3j si\u0119 strasznego diab\u0142a, kt\u00f3ry wymachuje wid\u0142ami przy drodze.<\/li>\n<\/ol>\n<p>&nbsp;<\/p>\n<ol start=\"2\">\n<li>Nie wyrzucaj na drog\u0119 \u015bmieci, butelek po wodzie, zapasowych k\u00f3\u0142, inhalator\u00f3w do astmy\u2026<\/li>\n<\/ol>\n<p>&nbsp;<\/p>\n<ol start=\"3\">\n<li>Zapewniaj wszystkich, \u017ce u ciebie wszystko w porz\u0105dku, nawet je\u015bli trzymasz kierownic\u0119 z\u0142amanymi r\u0119kami, a twoja twarz krwawi.<\/li>\n<\/ol>\n<p>&nbsp;<\/p>\n<ol start=\"4\">\n<li>Nie bierz od obcych jedzenia, napoj\u00f3w ani narkotyk\u00f3w.<\/li>\n<\/ol>\n<p>&nbsp;<\/p>\n<ol start=\"5\">\n<li>Nie sikaj podczas jazdy, a przynajmniej nie wtedy, gdy jeste\u015b na \u017cywo w telewizji.<\/li>\n<\/ol>\n<p>&nbsp;<\/p>\n<ol start=\"6\">\n<li>Pom\u00f3\u017c s\u0142abszym przyjacio\u0142om (zw\u0142aszcza je\u015bli s\u0105 liderami swoich zespo\u0142\u00f3w).<\/li>\n<\/ol>\n<p>&nbsp;<\/p>\n<ol start=\"7\">\n<li>Nie m\u00f3w mediom, \u017ce w tym kraju ludzie jedz\u0105 \u017caby, nawet je\u015bli to prawda.<\/li>\n<\/ol>\n<p>&nbsp;<\/p>\n<ol start=\"8\">\n<li>Umyj r\u0119ce, zanim zaczniesz wyjmowa\u0107 z oczu owady.<\/li>\n<\/ol>\n<p>&nbsp;<\/p>\n<ol start=\"9\">\n<li>Zapomnij o wszystkim, co s\u0142ysza\u0142e\u015b na temat ukrytych silnik\u00f3w w rowerach.<\/li>\n<\/ol>\n","protected":false},"excerpt":{"rendered":"<p>Zagrajmy w gr\u0119 z przymru\u017ceniem oka. Ka\u017cdy z nas jako dziecko bra\u0142 zapewne udzia\u0142 w co najmniej jednej rodzinnej wycieczce. [&hellip;]<\/p>\n","protected":false},"author":76,"featured_media":9510,"comment_status":"open","ping_status":"open","sticky":false,"template":"","format":"standard","meta":{"footnotes":""},"categories":[300],"tags":[],"global-categories":[],"class_list":["post-9509","post","type-post","status-publish","format-standard","has-post-thumbnail","hentry","category-tour-de-france-2019"],"yoast_head":"<!-- This site is optimized with the Yoast SEO Premium plugin v25.3 (Yoast SEO v25.9) - https:\/\/yoast.com\/wordpress\/plugins\/seo\/ -->\n<title>Co by by\u0142o, gdyby Le Tour by\u0142 rodzinn\u0105 wycieczk\u0105? - \u0160koda We Love Cycling - Poland<\/title>\n<meta name=\"robots\" content=\"index, follow, max-snippet:-1, max-image-preview:large, max-video-preview:-1\" \/>\n<link rel=\"canonical\" href=\"https:\/\/www.welovecycling.com\/pl\/2019\/08\/06\/co-by-bylo-gdyby-le-tour-byl-rodzinna-wycieczka\/\" \/>\n<meta property=\"og:locale\" content=\"pl_PL\" \/>\n<meta property=\"og:type\" content=\"article\" \/>\n<meta property=\"og:title\" content=\"Co by by\u0142o, gdyby Le Tour by\u0142 rodzinn\u0105 wycieczk\u0105?\" \/>\n<meta property=\"og:description\" content=\"Zagrajmy w gr\u0119 z przymru\u017ceniem oka. Ka\u017cdy z nas jako dziecko bra\u0142 zapewne udzia\u0142 w co najmniej jednej rodzinnej wycieczce. [&hellip;]\" \/>\n<meta property=\"og:url\" content=\"https:\/\/www.welovecycling.com\/pl\/2019\/08\/06\/co-by-bylo-gdyby-le-tour-byl-rodzinna-wycieczka\/\" \/>\n<meta property=\"og:site_name\" content=\"\u0160koda We Love Cycling - Poland\" \/>\n<meta property=\"article:published_time\" content=\"2019-08-06T08:35:15+00:00\" \/>\n<meta property=\"og:image\" content=\"https:\/\/d2p6e6u75xmxt8.cloudfront.net\/5\/2019\/08\/SKODApeloton-1024x450.jpg\" \/>\n\t<meta property=\"og:image:width\" content=\"1024\" \/>\n\t<meta property=\"og:image:height\" content=\"450\" \/>\n\t<meta property=\"og:image:type\" content=\"image\/jpeg\" \/>\n<meta name=\"author\" content=\"piotrboczkowski\" \/>\n<meta name=\"twitter:card\" content=\"summary_large_image\" \/>\n<meta name=\"twitter:label1\" content=\"Written by\" \/>\n\t<meta name=\"twitter:data1\" content=\"Adam Marsal\" \/>\n\t<meta name=\"twitter:label2\" content=\"Est. reading time\" \/>\n\t<meta name=\"twitter:data2\" content=\"3\" \/>\n<script type=\"application\/ld+json\" class=\"yoast-schema-graph\">{\"@context\":\"https:\/\/schema.org\",\"@graph\":[{\"@type\":\"WebPage\",\"@id\":\"https:\/\/www.welovecycling.com\/pl\/2019\/08\/06\/co-by-bylo-gdyby-le-tour-byl-rodzinna-wycieczka\/\",\"url\":\"https:\/\/www.welovecycling.com\/pl\/2019\/08\/06\/co-by-bylo-gdyby-le-tour-byl-rodzinna-wycieczka\/\",\"name\":\"Co by by\u0142o, gdyby Le Tour by\u0142 rodzinn\u0105 wycieczk\u0105? - \u0160koda We Love Cycling - Poland\",\"isPartOf\":{\"@id\":\"https:\/\/www.welovecycling.com\/pl\/#website\"},\"primaryImageOfPage\":{\"@id\":\"https:\/\/www.welovecycling.com\/pl\/2019\/08\/06\/co-by-bylo-gdyby-le-tour-byl-rodzinna-wycieczka\/#primaryimage\"},\"image\":{\"@id\":\"https:\/\/www.welovecycling.com\/pl\/2019\/08\/06\/co-by-bylo-gdyby-le-tour-byl-rodzinna-wycieczka\/#primaryimage\"},\"thumbnailUrl\":\"https:\/\/d2p6e6u75xmxt8.cloudfront.net\/5\/2019\/08\/SKODApeloton-1024x450.jpg\",\"datePublished\":\"2019-08-06T08:35:15+00:00\",\"author\":{\"@id\":\"https:\/\/www.welovecycling.com\/pl\/#\/schema\/person\/0dba2d39da943db9df3fd8f4687e7f23\"},\"breadcrumb\":{\"@id\":\"https:\/\/www.welovecycling.com\/pl\/2019\/08\/06\/co-by-bylo-gdyby-le-tour-byl-rodzinna-wycieczka\/#breadcrumb\"},\"inLanguage\":\"pl-PL\",\"potentialAction\":[{\"@type\":\"ReadAction\",\"target\":[\"https:\/\/www.welovecycling.com\/pl\/2019\/08\/06\/co-by-bylo-gdyby-le-tour-byl-rodzinna-wycieczka\/\"]}]},{\"@type\":\"ImageObject\",\"inLanguage\":\"pl-PL\",\"@id\":\"https:\/\/www.welovecycling.com\/pl\/2019\/08\/06\/co-by-bylo-gdyby-le-tour-byl-rodzinna-wycieczka\/#primaryimage\",\"url\":\"https:\/\/d2p6e6u75xmxt8.cloudfront.net\/5\/2019\/08\/SKODApeloton-1024x450.jpg\",\"contentUrl\":\"https:\/\/d2p6e6u75xmxt8.cloudfront.net\/5\/2019\/08\/SKODApeloton-1024x450.jpg\",\"width\":1024,\"height\":450},{\"@type\":\"BreadcrumbList\",\"@id\":\"https:\/\/www.welovecycling.com\/pl\/2019\/08\/06\/co-by-bylo-gdyby-le-tour-byl-rodzinna-wycieczka\/#breadcrumb\",\"itemListElement\":[{\"@type\":\"ListItem\",\"position\":1,\"name\":\"Home\",\"item\":\"https:\/\/www.welovecycling.com\/pl\/\"},{\"@type\":\"ListItem\",\"position\":2,\"name\":\"Co by by\u0142o, gdyby Le Tour by\u0142 rodzinn\u0105 wycieczk\u0105?\"}]},{\"@type\":\"WebSite\",\"@id\":\"https:\/\/www.welovecycling.com\/pl\/#website\",\"url\":\"https:\/\/www.welovecycling.com\/pl\/\",\"name\":\"\u0160koda We Love Cycling - Poland\",\"description\":\"\",\"potentialAction\":[{\"@type\":\"SearchAction\",\"target\":{\"@type\":\"EntryPoint\",\"urlTemplate\":\"https:\/\/www.welovecycling.com\/pl\/?s={search_term_string}\"},\"query-input\":{\"@type\":\"PropertyValueSpecification\",\"valueRequired\":true,\"valueName\":\"search_term_string\"}}],\"inLanguage\":\"pl-PL\"},{\"@type\":\"Person\",\"@id\":\"https:\/\/www.welovecycling.com\/pl\/#\/schema\/person\/0dba2d39da943db9df3fd8f4687e7f23\",\"name\":\"piotrboczkowski\",\"image\":{\"@type\":\"ImageObject\",\"inLanguage\":\"pl-PL\",\"@id\":\"https:\/\/www.welovecycling.com\/pl\/#\/schema\/person\/image\/\",\"url\":\"https:\/\/secure.gravatar.com\/avatar\/533caccae14752e03a2ce2d3fd62d1b98b93e1393c3195c27819e53344ca1ace?s=96&d=mm&r=g\",\"contentUrl\":\"https:\/\/secure.gravatar.com\/avatar\/533caccae14752e03a2ce2d3fd62d1b98b93e1393c3195c27819e53344ca1ace?s=96&d=mm&r=g\",\"caption\":\"piotrboczkowski\"},\"url\":\"https:\/\/www.welovecycling.com\/pl\/author\/piotrboczkowski\/\"}]}<\/script>\n<!-- \/ Yoast SEO Premium plugin. -->","yoast_head_json":{"title":"Co by by\u0142o, gdyby Le Tour by\u0142 rodzinn\u0105 wycieczk\u0105? - \u0160koda We Love Cycling - Poland","robots":{"index":"index","follow":"follow","max-snippet":"max-snippet:-1","max-image-preview":"max-image-preview:large","max-video-preview":"max-video-preview:-1"},"canonical":"https:\/\/www.welovecycling.com\/pl\/2019\/08\/06\/co-by-bylo-gdyby-le-tour-byl-rodzinna-wycieczka\/","og_locale":"pl_PL","og_type":"article","og_title":"Co by by\u0142o, gdyby Le Tour by\u0142 rodzinn\u0105 wycieczk\u0105?","og_description":"Zagrajmy w gr\u0119 z przymru\u017ceniem oka. Ka\u017cdy z nas jako dziecko bra\u0142 zapewne udzia\u0142 w co najmniej jednej rodzinnej wycieczce. [&hellip;]","og_url":"https:\/\/www.welovecycling.com\/pl\/2019\/08\/06\/co-by-bylo-gdyby-le-tour-byl-rodzinna-wycieczka\/","og_site_name":"\u0160koda We Love Cycling - Poland","article_published_time":"2019-08-06T08:35:15+00:00","og_image":[{"width":1024,"height":450,"url":"https:\/\/d2p6e6u75xmxt8.cloudfront.net\/5\/2019\/08\/SKODApeloton-1024x450.jpg","type":"image\/jpeg"}],"author":"piotrboczkowski","twitter_card":"summary_large_image","twitter_misc":{"Written by":"Adam Marsal","Est. reading time":"3"},"schema":{"@context":"https:\/\/schema.org","@graph":[{"@type":"WebPage","@id":"https:\/\/www.welovecycling.com\/pl\/2019\/08\/06\/co-by-bylo-gdyby-le-tour-byl-rodzinna-wycieczka\/","url":"https:\/\/www.welovecycling.com\/pl\/2019\/08\/06\/co-by-bylo-gdyby-le-tour-byl-rodzinna-wycieczka\/","name":"Co by by\u0142o, gdyby Le Tour by\u0142 rodzinn\u0105 wycieczk\u0105? - \u0160koda We Love Cycling - Poland","isPartOf":{"@id":"https:\/\/www.welovecycling.com\/pl\/#website"},"primaryImageOfPage":{"@id":"https:\/\/www.welovecycling.com\/pl\/2019\/08\/06\/co-by-bylo-gdyby-le-tour-byl-rodzinna-wycieczka\/#primaryimage"},"image":{"@id":"https:\/\/www.welovecycling.com\/pl\/2019\/08\/06\/co-by-bylo-gdyby-le-tour-byl-rodzinna-wycieczka\/#primaryimage"},"thumbnailUrl":"https:\/\/d2p6e6u75xmxt8.cloudfront.net\/5\/2019\/08\/SKODApeloton-1024x450.jpg","datePublished":"2019-08-06T08:35:15+00:00","author":{"@id":"https:\/\/www.welovecycling.com\/pl\/#\/schema\/person\/0dba2d39da943db9df3fd8f4687e7f23"},"breadcrumb":{"@id":"https:\/\/www.welovecycling.com\/pl\/2019\/08\/06\/co-by-bylo-gdyby-le-tour-byl-rodzinna-wycieczka\/#breadcrumb"},"inLanguage":"pl-PL","potentialAction":[{"@type":"ReadAction","target":["https:\/\/www.welovecycling.com\/pl\/2019\/08\/06\/co-by-bylo-gdyby-le-tour-byl-rodzinna-wycieczka\/"]}]},{"@type":"ImageObject","inLanguage":"pl-PL","@id":"https:\/\/www.welovecycling.com\/pl\/2019\/08\/06\/co-by-bylo-gdyby-le-tour-byl-rodzinna-wycieczka\/#primaryimage","url":"https:\/\/d2p6e6u75xmxt8.cloudfront.net\/5\/2019\/08\/SKODApeloton-1024x450.jpg","contentUrl":"https:\/\/d2p6e6u75xmxt8.cloudfront.net\/5\/2019\/08\/SKODApeloton-1024x450.jpg","width":1024,"height":450},{"@type":"BreadcrumbList","@id":"https:\/\/www.welovecycling.com\/pl\/2019\/08\/06\/co-by-bylo-gdyby-le-tour-byl-rodzinna-wycieczka\/#breadcrumb","itemListElement":[{"@type":"ListItem","position":1,"name":"Home","item":"https:\/\/www.welovecycling.com\/pl\/"},{"@type":"ListItem","position":2,"name":"Co by by\u0142o, gdyby Le Tour by\u0142 rodzinn\u0105 wycieczk\u0105?"}]},{"@type":"WebSite","@id":"https:\/\/www.welovecycling.com\/pl\/#website","url":"https:\/\/www.welovecycling.com\/pl\/","name":"\u0160koda We Love Cycling - Poland","description":"","potentialAction":[{"@type":"SearchAction","target":{"@type":"EntryPoint","urlTemplate":"https:\/\/www.welovecycling.com\/pl\/?s={search_term_string}"},"query-input":{"@type":"PropertyValueSpecification","valueRequired":true,"valueName":"search_term_string"}}],"inLanguage":"pl-PL"},{"@type":"Person","@id":"https:\/\/www.welovecycling.com\/pl\/#\/schema\/person\/0dba2d39da943db9df3fd8f4687e7f23","name":"piotrboczkowski","image":{"@type":"ImageObject","inLanguage":"pl-PL","@id":"https:\/\/www.welovecycling.com\/pl\/#\/schema\/person\/image\/","url":"https:\/\/secure.gravatar.com\/avatar\/533caccae14752e03a2ce2d3fd62d1b98b93e1393c3195c27819e53344ca1ace?s=96&d=mm&r=g","contentUrl":"https:\/\/secure.gravatar.com\/avatar\/533caccae14752e03a2ce2d3fd62d1b98b93e1393c3195c27819e53344ca1ace?s=96&d=mm&r=g","caption":"piotrboczkowski"},"url":"https:\/\/www.welovecycling.com\/pl\/author\/piotrboczkowski\/"}]}},"_links":{"self":[{"href":"https:\/\/www.welovecycling.com\/pl\/wp-json\/wp\/v2\/posts\/9509","targetHints":{"allow":["GET"]}}],"collection":[{"href":"https:\/\/www.welovecycling.com\/pl\/wp-json\/wp\/v2\/posts"}],"about":[{"href":"https:\/\/www.welovecycling.com\/pl\/wp-json\/wp\/v2\/types\/post"}],"author":[{"embeddable":true,"href":"https:\/\/www.welovecycling.com\/pl\/wp-json\/wp\/v2\/users\/76"}],"replies":[{"embeddable":true,"href":"https:\/\/www.welovecycling.com\/pl\/wp-json\/wp\/v2\/comments?post=9509"}],"version-history":[{"count":1,"href":"https:\/\/www.welovecycling.com\/pl\/wp-json\/wp\/v2\/posts\/9509\/revisions"}],"predecessor-version":[{"id":9511,"href":"https:\/\/www.welovecycling.com\/pl\/wp-json\/wp\/v2\/posts\/9509\/revisions\/9511"}],"wp:featuredmedia":[{"embeddable":true,"href":"https:\/\/www.welovecycling.com\/pl\/wp-json\/wp\/v2\/media\/9510"}],"wp:attachment":[{"href":"https:\/\/www.welovecycling.com\/pl\/wp-json\/wp\/v2\/media?parent=9509"}],"wp:term":[{"taxonomy":"category","embeddable":true,"href":"https:\/\/www.welovecycling.com\/pl\/wp-json\/wp\/v2\/categories?post=9509"},{"taxonomy":"post_tag","embeddable":true,"href":"https:\/\/www.welovecycling.com\/pl\/wp-json\/wp\/v2\/tags?post=9509"},{"taxonomy":"global-categories","embeddable":true,"href":"https:\/\/www.welovecycling.com\/pl\/wp-json\/wp\/v2\/global-categories?post=9509"}],"curies":[{"name":"wp","href":"https:\/\/api.w.org\/{rel}","templated":true}]}}