{"id":9490,"date":"2019-08-21T11:28:59","date_gmt":"2019-08-21T11:28:59","guid":{"rendered":"https:\/\/www.welovecycling.com\/pl\/?p=9490"},"modified":"2019-08-21T12:35:22","modified_gmt":"2019-08-21T12:35:22","slug":"jak-byc-widocznym-na-rowerze","status":"publish","type":"post","link":"https:\/\/www.welovecycling.com\/pl\/2019\/08\/21\/jak-byc-widocznym-na-rowerze\/","title":{"rendered":"Jak by\u0107 widocznym na rowerze?"},"content":{"rendered":"<p><strong>Rowerzy\u015bci cz\u0119sto przeceniaj\u0105 swoj\u0105 widoczno\u015b\u0107 na drodze i zrzucaj\u0105 win\u0119 za niebezpieczne sytuacje drogowe na nieuwag\u0119 kierowc\u00f3w. Nie pope\u0142niajcie tego b\u0142\u0119du!<\/strong><\/p>\n<p>Bardzo \u0142atwo zauwa\u017cy\u0107 na drodze inne auto. Jest du\u017ce, pod\u015bwietlone, a jego silnik wydaje d\u017awi\u0119ki. Rower zazwyczaj cicho przemyka gdzie\u015b bokiem, a jego gabaryty nie przyci\u0105gaj\u0105 raczej uwagi innych uczestnik\u00f3w ruchu. Dlatego w\u0142a\u015bnie nale\u017cy o ni\u0105 powalczy\u0107 odpowiednim strojem.<\/p>\n<p>To oczywiste, ale warte powt\u00f3rzenia \u2013 je\u015bli planujecie zjecha\u0107 ze \u015bcie\u017cki rowerowej na zwyk\u0142\u0105 drog\u0119, niewa\u017cne, czy w \u015brodku miasta, czy z dala od niego, miejcie na sobie element garderoby we fluorescencyjnym kolorze. Najlepiej, \u017ceby by\u0142y to \u017c\u00f3\u0142te lub pomara\u0144czowe legginsy (badania pokazuj\u0105, \u017ce kierowcy zauwa\u017caj\u0105 je szybciej ni\u017c kurtk\u0119). Jaskrawe barwy trac\u0105 swoje w\u0142a\u015bciwo\u015bci po zmroku, dlatego podczas nocnej przeja\u017cd\u017cki potrzebujesz czego\u015b odblaskowego \u2013 na przyk\u0142ad kamizelki.<\/p>\n<p>Tak wyposa\u017ceni u\u0142atwicie samochodom zauwa\u017cenie Was na drodze i unikniecie potencjalnie niebezpiecznej sytuacji. Naturalnie kierowcy powinni uwa\u017cnie si\u0119 rozgl\u0105da\u0107, ale czasem po\u0142\u0105czenie pogody i pory dnia ze strojem zlewaj\u0105cym si\u0119 z otoczeniem czyni rowerzyst\u00f3w wr\u0119cz niewidzialnymi.<\/p>\n<p>Niespodziewany skr\u0119t w prawo to manewr, kt\u00f3ry rowerzy\u015bcie zostawia bardzo ma\u0142o czasu na reakcj\u0119, dlatego nie zapominajmy nigdy o sygnalizowaniu swoich drogowych zamiar\u00f3w.<\/p>\n<p><a href=\"https:\/\/www.welovecycling.com\/pl\/safety\/\"><img loading=\"lazy\" decoding=\"async\" class=\"alignnone loading\" src=\"https:\/\/d2p6e6u75xmxt8.cloudfront.net\/5\/2019\/07\/skoda_wlcCyclingSafety_750x100_H.jpg\" alt=\"\" width=\"750\" height=\"100\" data-was-processed=\"true\" \/><\/a><\/p>\n<p><a class=\"in-cell-link\" href=\"http:\/\/www.skoda-auto.pl\/\" target=\"_blank\" rel=\"noopener\">Artyku\u0142 powsta\u0142 we wsp\u00f3\u0142pracy ze skoda-auto.pl<\/a><\/p>\n","protected":false},"excerpt":{"rendered":"<p>Rowerzy\u015bci cz\u0119sto przeceniaj\u0105 swoj\u0105 widoczno\u015b\u0107 na drodze i zrzucaj\u0105 win\u0119 za niebezpieczne sytuacje drogowe na nieuwag\u0119 kierowc\u00f3w. Nie pope\u0142niajcie tego [&hellip;]<\/p>\n","protected":false},"author":76,"featured_media":9475,"comment_status":"open","ping_status":"open","sticky":false,"template":"","format":"video","meta":{"footnotes":""},"categories":[7,301],"tags":[],"global-categories":[],"class_list":["post-9490","post","type-post","status-publish","format-video","has-post-thumbnail","hentry","category-bezpieczenstwo","category-safety","post_format-post-format-video"],"yoast_head":"<!-- This site is optimized with the Yoast SEO Premium plugin v25.3 (Yoast SEO v25.9) - https:\/\/yoast.com\/wordpress\/plugins\/seo\/ -->\n<title>Jak by\u0107 widocznym na rowerze? - \u0160koda We Love Cycling - Poland<\/title>\n<meta name=\"robots\" content=\"index, follow, max-snippet:-1, max-image-preview:large, max-video-preview:-1\" \/>\n<link rel=\"canonical\" href=\"https:\/\/www.welovecycling.com\/pl\/2019\/08\/21\/jak-byc-widocznym-na-rowerze\/\" \/>\n<meta property=\"og:locale\" content=\"pl_PL\" \/>\n<meta property=\"og:type\" content=\"article\" \/>\n<meta property=\"og:title\" content=\"Jak by\u0107 widocznym na rowerze?\" \/>\n<meta property=\"og:description\" content=\"Rowerzy\u015bci cz\u0119sto przeceniaj\u0105 swoj\u0105 widoczno\u015b\u0107 na drodze i zrzucaj\u0105 win\u0119 za niebezpieczne sytuacje drogowe na nieuwag\u0119 kierowc\u00f3w. Nie pope\u0142niajcie tego [&hellip;]\" \/>\n<meta property=\"og:url\" content=\"https:\/\/www.welovecycling.com\/pl\/2019\/08\/21\/jak-byc-widocznym-na-rowerze\/\" \/>\n<meta property=\"og:site_name\" content=\"\u0160koda We Love Cycling - Poland\" \/>\n<meta property=\"article:published_time\" content=\"2019-08-21T11:28:59+00:00\" \/>\n<meta property=\"article:modified_time\" content=\"2019-08-21T12:35:22+00:00\" \/>\n<meta property=\"og:image\" content=\"https:\/\/d2p6e6u75xmxt8.cloudfront.net\/5\/2019\/08\/WLC_SAFETY_widocznosc.png\" \/>\n\t<meta property=\"og:image:width\" content=\"1280\" \/>\n\t<meta property=\"og:image:height\" content=\"720\" \/>\n\t<meta property=\"og:image:type\" content=\"image\/png\" \/>\n<meta name=\"author\" content=\"piotrboczkowski\" \/>\n<meta name=\"twitter:card\" content=\"summary_large_image\" \/>\n<meta name=\"twitter:label1\" content=\"Written by\" \/>\n\t<meta name=\"twitter:data1\" content=\"piotrboczkowski\" \/>\n\t<meta name=\"twitter:label2\" content=\"Est. reading time\" \/>\n\t<meta name=\"twitter:data2\" content=\"1 minute\" \/>\n<script type=\"application\/ld+json\" class=\"yoast-schema-graph\">{\"@context\":\"https:\/\/schema.org\",\"@graph\":[{\"@type\":\"WebPage\",\"@id\":\"https:\/\/www.welovecycling.com\/pl\/2019\/08\/21\/jak-byc-widocznym-na-rowerze\/\",\"url\":\"https:\/\/www.welovecycling.com\/pl\/2019\/08\/21\/jak-byc-widocznym-na-rowerze\/\",\"name\":\"Jak by\u0107 widocznym na rowerze? - \u0160koda We Love Cycling - Poland\",\"isPartOf\":{\"@id\":\"https:\/\/www.welovecycling.com\/pl\/#website\"},\"primaryImageOfPage\":{\"@id\":\"https:\/\/www.welovecycling.com\/pl\/2019\/08\/21\/jak-byc-widocznym-na-rowerze\/#primaryimage\"},\"image\":{\"@id\":\"https:\/\/www.welovecycling.com\/pl\/2019\/08\/21\/jak-byc-widocznym-na-rowerze\/#primaryimage\"},\"thumbnailUrl\":\"https:\/\/d2p6e6u75xmxt8.cloudfront.net\/5\/2019\/08\/WLC_SAFETY_widocznosc.png\",\"datePublished\":\"2019-08-21T11:28:59+00:00\",\"dateModified\":\"2019-08-21T12:35:22+00:00\",\"author\":{\"@id\":\"https:\/\/www.welovecycling.com\/pl\/#\/schema\/person\/0dba2d39da943db9df3fd8f4687e7f23\"},\"breadcrumb\":{\"@id\":\"https:\/\/www.welovecycling.com\/pl\/2019\/08\/21\/jak-byc-widocznym-na-rowerze\/#breadcrumb\"},\"inLanguage\":\"pl-PL\",\"potentialAction\":[{\"@type\":\"ReadAction\",\"target\":[\"https:\/\/www.welovecycling.com\/pl\/2019\/08\/21\/jak-byc-widocznym-na-rowerze\/\"]}]},{\"@type\":\"ImageObject\",\"inLanguage\":\"pl-PL\",\"@id\":\"https:\/\/www.welovecycling.com\/pl\/2019\/08\/21\/jak-byc-widocznym-na-rowerze\/#primaryimage\",\"url\":\"https:\/\/d2p6e6u75xmxt8.cloudfront.net\/5\/2019\/08\/WLC_SAFETY_widocznosc.png\",\"contentUrl\":\"https:\/\/d2p6e6u75xmxt8.cloudfront.net\/5\/2019\/08\/WLC_SAFETY_widocznosc.png\",\"width\":1280,\"height\":720},{\"@type\":\"BreadcrumbList\",\"@id\":\"https:\/\/www.welovecycling.com\/pl\/2019\/08\/21\/jak-byc-widocznym-na-rowerze\/#breadcrumb\",\"itemListElement\":[{\"@type\":\"ListItem\",\"position\":1,\"name\":\"Home\",\"item\":\"https:\/\/www.welovecycling.com\/pl\/\"},{\"@type\":\"ListItem\",\"position\":2,\"name\":\"Jak by\u0107 widocznym na rowerze?\"}]},{\"@type\":\"WebSite\",\"@id\":\"https:\/\/www.welovecycling.com\/pl\/#website\",\"url\":\"https:\/\/www.welovecycling.com\/pl\/\",\"name\":\"\u0160koda We Love Cycling - Poland\",\"description\":\"\",\"potentialAction\":[{\"@type\":\"SearchAction\",\"target\":{\"@type\":\"EntryPoint\",\"urlTemplate\":\"https:\/\/www.welovecycling.com\/pl\/?s={search_term_string}\"},\"query-input\":{\"@type\":\"PropertyValueSpecification\",\"valueRequired\":true,\"valueName\":\"search_term_string\"}}],\"inLanguage\":\"pl-PL\"},{\"@type\":\"Person\",\"@id\":\"https:\/\/www.welovecycling.com\/pl\/#\/schema\/person\/0dba2d39da943db9df3fd8f4687e7f23\",\"name\":\"piotrboczkowski\",\"image\":{\"@type\":\"ImageObject\",\"inLanguage\":\"pl-PL\",\"@id\":\"https:\/\/www.welovecycling.com\/pl\/#\/schema\/person\/image\/\",\"url\":\"https:\/\/secure.gravatar.com\/avatar\/533caccae14752e03a2ce2d3fd62d1b98b93e1393c3195c27819e53344ca1ace?s=96&d=mm&r=g\",\"contentUrl\":\"https:\/\/secure.gravatar.com\/avatar\/533caccae14752e03a2ce2d3fd62d1b98b93e1393c3195c27819e53344ca1ace?s=96&d=mm&r=g\",\"caption\":\"piotrboczkowski\"},\"url\":\"https:\/\/www.welovecycling.com\/pl\/author\/piotrboczkowski\/\"}]}<\/script>\n<!-- \/ Yoast SEO Premium plugin. -->","yoast_head_json":{"title":"Jak by\u0107 widocznym na rowerze? - \u0160koda We Love Cycling - Poland","robots":{"index":"index","follow":"follow","max-snippet":"max-snippet:-1","max-image-preview":"max-image-preview:large","max-video-preview":"max-video-preview:-1"},"canonical":"https:\/\/www.welovecycling.com\/pl\/2019\/08\/21\/jak-byc-widocznym-na-rowerze\/","og_locale":"pl_PL","og_type":"article","og_title":"Jak by\u0107 widocznym na rowerze?","og_description":"Rowerzy\u015bci cz\u0119sto przeceniaj\u0105 swoj\u0105 widoczno\u015b\u0107 na drodze i zrzucaj\u0105 win\u0119 za niebezpieczne sytuacje drogowe na nieuwag\u0119 kierowc\u00f3w. Nie pope\u0142niajcie tego [&hellip;]","og_url":"https:\/\/www.welovecycling.com\/pl\/2019\/08\/21\/jak-byc-widocznym-na-rowerze\/","og_site_name":"\u0160koda We Love Cycling - Poland","article_published_time":"2019-08-21T11:28:59+00:00","article_modified_time":"2019-08-21T12:35:22+00:00","og_image":[{"width":1280,"height":720,"url":"https:\/\/d2p6e6u75xmxt8.cloudfront.net\/5\/2019\/08\/WLC_SAFETY_widocznosc.png","type":"image\/png"}],"author":"piotrboczkowski","twitter_card":"summary_large_image","twitter_misc":{"Written by":"piotrboczkowski","Est. reading time":"1 minute"},"schema":{"@context":"https:\/\/schema.org","@graph":[{"@type":"WebPage","@id":"https:\/\/www.welovecycling.com\/pl\/2019\/08\/21\/jak-byc-widocznym-na-rowerze\/","url":"https:\/\/www.welovecycling.com\/pl\/2019\/08\/21\/jak-byc-widocznym-na-rowerze\/","name":"Jak by\u0107 widocznym na rowerze? - \u0160koda We Love Cycling - Poland","isPartOf":{"@id":"https:\/\/www.welovecycling.com\/pl\/#website"},"primaryImageOfPage":{"@id":"https:\/\/www.welovecycling.com\/pl\/2019\/08\/21\/jak-byc-widocznym-na-rowerze\/#primaryimage"},"image":{"@id":"https:\/\/www.welovecycling.com\/pl\/2019\/08\/21\/jak-byc-widocznym-na-rowerze\/#primaryimage"},"thumbnailUrl":"https:\/\/d2p6e6u75xmxt8.cloudfront.net\/5\/2019\/08\/WLC_SAFETY_widocznosc.png","datePublished":"2019-08-21T11:28:59+00:00","dateModified":"2019-08-21T12:35:22+00:00","author":{"@id":"https:\/\/www.welovecycling.com\/pl\/#\/schema\/person\/0dba2d39da943db9df3fd8f4687e7f23"},"breadcrumb":{"@id":"https:\/\/www.welovecycling.com\/pl\/2019\/08\/21\/jak-byc-widocznym-na-rowerze\/#breadcrumb"},"inLanguage":"pl-PL","potentialAction":[{"@type":"ReadAction","target":["https:\/\/www.welovecycling.com\/pl\/2019\/08\/21\/jak-byc-widocznym-na-rowerze\/"]}]},{"@type":"ImageObject","inLanguage":"pl-PL","@id":"https:\/\/www.welovecycling.com\/pl\/2019\/08\/21\/jak-byc-widocznym-na-rowerze\/#primaryimage","url":"https:\/\/d2p6e6u75xmxt8.cloudfront.net\/5\/2019\/08\/WLC_SAFETY_widocznosc.png","contentUrl":"https:\/\/d2p6e6u75xmxt8.cloudfront.net\/5\/2019\/08\/WLC_SAFETY_widocznosc.png","width":1280,"height":720},{"@type":"BreadcrumbList","@id":"https:\/\/www.welovecycling.com\/pl\/2019\/08\/21\/jak-byc-widocznym-na-rowerze\/#breadcrumb","itemListElement":[{"@type":"ListItem","position":1,"name":"Home","item":"https:\/\/www.welovecycling.com\/pl\/"},{"@type":"ListItem","position":2,"name":"Jak by\u0107 widocznym na rowerze?"}]},{"@type":"WebSite","@id":"https:\/\/www.welovecycling.com\/pl\/#website","url":"https:\/\/www.welovecycling.com\/pl\/","name":"\u0160koda We Love Cycling - Poland","description":"","potentialAction":[{"@type":"SearchAction","target":{"@type":"EntryPoint","urlTemplate":"https:\/\/www.welovecycling.com\/pl\/?s={search_term_string}"},"query-input":{"@type":"PropertyValueSpecification","valueRequired":true,"valueName":"search_term_string"}}],"inLanguage":"pl-PL"},{"@type":"Person","@id":"https:\/\/www.welovecycling.com\/pl\/#\/schema\/person\/0dba2d39da943db9df3fd8f4687e7f23","name":"piotrboczkowski","image":{"@type":"ImageObject","inLanguage":"pl-PL","@id":"https:\/\/www.welovecycling.com\/pl\/#\/schema\/person\/image\/","url":"https:\/\/secure.gravatar.com\/avatar\/533caccae14752e03a2ce2d3fd62d1b98b93e1393c3195c27819e53344ca1ace?s=96&d=mm&r=g","contentUrl":"https:\/\/secure.gravatar.com\/avatar\/533caccae14752e03a2ce2d3fd62d1b98b93e1393c3195c27819e53344ca1ace?s=96&d=mm&r=g","caption":"piotrboczkowski"},"url":"https:\/\/www.welovecycling.com\/pl\/author\/piotrboczkowski\/"}]}},"_links":{"self":[{"href":"https:\/\/www.welovecycling.com\/pl\/wp-json\/wp\/v2\/posts\/9490","targetHints":{"allow":["GET"]}}],"collection":[{"href":"https:\/\/www.welovecycling.com\/pl\/wp-json\/wp\/v2\/posts"}],"about":[{"href":"https:\/\/www.welovecycling.com\/pl\/wp-json\/wp\/v2\/types\/post"}],"author":[{"embeddable":true,"href":"https:\/\/www.welovecycling.com\/pl\/wp-json\/wp\/v2\/users\/76"}],"replies":[{"embeddable":true,"href":"https:\/\/www.welovecycling.com\/pl\/wp-json\/wp\/v2\/comments?post=9490"}],"version-history":[{"count":2,"href":"https:\/\/www.welovecycling.com\/pl\/wp-json\/wp\/v2\/posts\/9490\/revisions"}],"predecessor-version":[{"id":9583,"href":"https:\/\/www.welovecycling.com\/pl\/wp-json\/wp\/v2\/posts\/9490\/revisions\/9583"}],"wp:featuredmedia":[{"embeddable":true,"href":"https:\/\/www.welovecycling.com\/pl\/wp-json\/wp\/v2\/media\/9475"}],"wp:attachment":[{"href":"https:\/\/www.welovecycling.com\/pl\/wp-json\/wp\/v2\/media?parent=9490"}],"wp:term":[{"taxonomy":"category","embeddable":true,"href":"https:\/\/www.welovecycling.com\/pl\/wp-json\/wp\/v2\/categories?post=9490"},{"taxonomy":"post_tag","embeddable":true,"href":"https:\/\/www.welovecycling.com\/pl\/wp-json\/wp\/v2\/tags?post=9490"},{"taxonomy":"global-categories","embeddable":true,"href":"https:\/\/www.welovecycling.com\/pl\/wp-json\/wp\/v2\/global-categories?post=9490"}],"curies":[{"name":"wp","href":"https:\/\/api.w.org\/{rel}","templated":true}]}}