{"id":9486,"date":"2019-08-14T07:24:37","date_gmt":"2019-08-14T07:24:37","guid":{"rendered":"https:\/\/www.welovecycling.com\/pl\/?p=9486"},"modified":"2019-08-14T14:46:43","modified_gmt":"2019-08-14T14:46:43","slug":"czy-rowerzysci-moga-jezdzic-obok-siebie","status":"publish","type":"post","link":"https:\/\/www.welovecycling.com\/pl\/2019\/08\/14\/czy-rowerzysci-moga-jezdzic-obok-siebie\/","title":{"rendered":"Czy rowerzy\u015bci mog\u0105 je\u017adzi\u0107 obok siebie?"},"content":{"rendered":"<p><strong>Rowerzy\u015bci ch\u0119tnie je\u017cd\u017c\u0105 po ulicy parami, obok siebie. I cho\u0107 to zrozumia\u0142e oraz niezabronione przez prawo, to czy powinno mie\u0107 miejsce?<\/strong><\/p>\n<p>Zobaczcie, co jeszcze na temat jazdy r\u00f3wnoleg\u0142ej ma do powiedzenia nasz ekspert, Bartosz Huzarski.<\/p>\n<p>Poza miastem, na rzadko ucz\u0119szczanej drodze jazda r\u00f3wnoleg\u0142a nie powinna nikomu przeszkadza\u0107. Wyprzedzaj\u0105ce nas auto ma mn\u00f3stwo miejsca, aby bezpiecznie nas wymin\u0105\u0107, a to jest najwa\u017cniejszy aspekt oceny zasadno\u015bci jazdy parami. Dlatego znacznie trudniej usprawiedliwi\u0107 tak\u0105 sytuacj\u0119 w mie\u015bcie, gdzie dw\u00f3ch rowerzyst\u00f3w obok siebie z regu\u0142y blokuje pas ruchu dla jad\u0105cych szybciej od nich aut.<\/p>\n<p>Takie zachowanie w ocenie by\u0142ego kolarza zawodowego, Bartosza Huzarskiego, bywa czasem odbierane jako prowokacja i mo\u017ce doprowadzi\u0107 do podj\u0119cia przez zirytowanego kierowc\u0119 niepotrzebnego ryzyka.<\/p>\n<p>Cieszmy si\u0119 wsp\u00f3lnymi rowerowymi wypadami z przyjaci\u00f3\u0142mi, ale niech ta rado\u015b\u0107 nie przes\u0142ania nam zdrowego rozs\u0105dku.<\/p>\n<p><a href=\"https:\/\/www.welovecycling.com\/pl\/safety\/\"><img loading=\"lazy\" decoding=\"async\" class=\"size-full wp-image-9163 alignleft\" style=\"display: none !important; visibility: hidden !important; opacity: 0 !important; background-position: 0px 0px;\" src=\"https:\/\/d2p6e6u75xmxt8.cloudfront.net\/5\/2019\/06\/skoda_wlcCyclingSafety_750x100.jpg\" alt=\"\" width=\"0\" height=\"0\" srcset=\"https:\/\/d2p6e6u75xmxt8.cloudfront.net\/5\/2019\/06\/skoda_wlcCyclingSafety_750x100.jpg 750w, https:\/\/d2p6e6u75xmxt8.cloudfront.net\/5\/2019\/06\/skoda_wlcCyclingSafety_750x100-300x40.jpg 300w\" sizes=\"auto, (max-width: 750px) 100vw, 750px\" \/><\/a><\/p>\n<style type=\"text\/css\"><!--td {border: 1px solid #ccc;}br {mso-data-placement:same-cell;}--><\/style>\n<p>&nbsp;<\/p>\n<p>&nbsp;<\/p>\n<p><span data-sheets-value=\"{&quot;1&quot;:2,&quot;2&quot;:&quot;Artyku\u0142 powsta\u0142 we wsp\u00f3\u0142pracy ze skoda-auto.pl&quot;}\" data-sheets-userformat=\"{&quot;2&quot;:1,&quot;3&quot;:{&quot;1&quot;:0}}\"><a class=\"in-cell-link\" href=\"http:\/\/www.skoda-auto.pl\/\" target=\"_blank\" rel=\"noopener\">Artyku\u0142 powsta\u0142 we wsp\u00f3\u0142pracy ze skoda-auto.pl<\/a><\/span><\/p>\n","protected":false},"excerpt":{"rendered":"<p>Rowerzy\u015bci ch\u0119tnie je\u017cd\u017c\u0105 po ulicy parami, obok siebie. I cho\u0107 to zrozumia\u0142e oraz niezabronione przez prawo, to czy powinno mie\u0107 [&hellip;]<\/p>\n","protected":false},"author":76,"featured_media":9551,"comment_status":"open","ping_status":"open","sticky":false,"template":"","format":"video","meta":{"footnotes":""},"categories":[203,7,301],"tags":[],"global-categories":[],"class_list":["post-9486","post","type-post","status-publish","format-video","has-post-thumbnail","hentry","category-bartosz-huzarski","category-bezpieczenstwo","category-safety","post_format-post-format-video"],"yoast_head":"<!-- This site is optimized with the Yoast SEO Premium plugin v25.3 (Yoast SEO v25.9) - https:\/\/yoast.com\/wordpress\/plugins\/seo\/ -->\n<title>Czy rowerzy\u015bci mog\u0105 je\u017adzi\u0107 obok siebie? - \u0160koda We Love Cycling - Poland<\/title>\n<meta name=\"robots\" content=\"index, follow, max-snippet:-1, max-image-preview:large, max-video-preview:-1\" \/>\n<link rel=\"canonical\" href=\"https:\/\/www.welovecycling.com\/pl\/2019\/08\/14\/czy-rowerzysci-moga-jezdzic-obok-siebie\/\" \/>\n<meta property=\"og:locale\" content=\"pl_PL\" \/>\n<meta property=\"og:type\" content=\"article\" \/>\n<meta property=\"og:title\" content=\"Czy rowerzy\u015bci mog\u0105 je\u017adzi\u0107 obok siebie?\" \/>\n<meta property=\"og:description\" content=\"Rowerzy\u015bci ch\u0119tnie je\u017cd\u017c\u0105 po ulicy parami, obok siebie. I cho\u0107 to zrozumia\u0142e oraz niezabronione przez prawo, to czy powinno mie\u0107 [&hellip;]\" \/>\n<meta property=\"og:url\" content=\"https:\/\/www.welovecycling.com\/pl\/2019\/08\/14\/czy-rowerzysci-moga-jezdzic-obok-siebie\/\" \/>\n<meta property=\"og:site_name\" content=\"\u0160koda We Love Cycling - Poland\" \/>\n<meta property=\"article:published_time\" content=\"2019-08-14T07:24:37+00:00\" \/>\n<meta property=\"article:modified_time\" content=\"2019-08-14T14:46:43+00:00\" \/>\n<meta property=\"og:image\" content=\"https:\/\/d2p6e6u75xmxt8.cloudfront.net\/5\/2019\/08\/1920x1080_thumb_ulica.jpg\" \/>\n\t<meta property=\"og:image:width\" content=\"1280\" \/>\n\t<meta property=\"og:image:height\" content=\"720\" \/>\n\t<meta property=\"og:image:type\" content=\"image\/jpeg\" \/>\n<meta name=\"author\" content=\"piotrboczkowski\" \/>\n<meta name=\"twitter:card\" content=\"summary_large_image\" \/>\n<meta name=\"twitter:label1\" content=\"Written by\" \/>\n\t<meta name=\"twitter:data1\" content=\"Bartosz Huzarski\" \/>\n\t<meta name=\"twitter:label2\" content=\"Est. reading time\" \/>\n\t<meta name=\"twitter:data2\" content=\"1 minute\" \/>\n<script type=\"application\/ld+json\" class=\"yoast-schema-graph\">{\"@context\":\"https:\/\/schema.org\",\"@graph\":[{\"@type\":\"WebPage\",\"@id\":\"https:\/\/www.welovecycling.com\/pl\/2019\/08\/14\/czy-rowerzysci-moga-jezdzic-obok-siebie\/\",\"url\":\"https:\/\/www.welovecycling.com\/pl\/2019\/08\/14\/czy-rowerzysci-moga-jezdzic-obok-siebie\/\",\"name\":\"Czy rowerzy\u015bci mog\u0105 je\u017adzi\u0107 obok siebie? - \u0160koda We Love Cycling - Poland\",\"isPartOf\":{\"@id\":\"https:\/\/www.welovecycling.com\/pl\/#website\"},\"primaryImageOfPage\":{\"@id\":\"https:\/\/www.welovecycling.com\/pl\/2019\/08\/14\/czy-rowerzysci-moga-jezdzic-obok-siebie\/#primaryimage\"},\"image\":{\"@id\":\"https:\/\/www.welovecycling.com\/pl\/2019\/08\/14\/czy-rowerzysci-moga-jezdzic-obok-siebie\/#primaryimage\"},\"thumbnailUrl\":\"https:\/\/d2p6e6u75xmxt8.cloudfront.net\/5\/2019\/08\/1920x1080_thumb_ulica.jpg\",\"datePublished\":\"2019-08-14T07:24:37+00:00\",\"dateModified\":\"2019-08-14T14:46:43+00:00\",\"author\":{\"@id\":\"https:\/\/www.welovecycling.com\/pl\/#\/schema\/person\/0dba2d39da943db9df3fd8f4687e7f23\"},\"breadcrumb\":{\"@id\":\"https:\/\/www.welovecycling.com\/pl\/2019\/08\/14\/czy-rowerzysci-moga-jezdzic-obok-siebie\/#breadcrumb\"},\"inLanguage\":\"pl-PL\",\"potentialAction\":[{\"@type\":\"ReadAction\",\"target\":[\"https:\/\/www.welovecycling.com\/pl\/2019\/08\/14\/czy-rowerzysci-moga-jezdzic-obok-siebie\/\"]}]},{\"@type\":\"ImageObject\",\"inLanguage\":\"pl-PL\",\"@id\":\"https:\/\/www.welovecycling.com\/pl\/2019\/08\/14\/czy-rowerzysci-moga-jezdzic-obok-siebie\/#primaryimage\",\"url\":\"https:\/\/d2p6e6u75xmxt8.cloudfront.net\/5\/2019\/08\/1920x1080_thumb_ulica.jpg\",\"contentUrl\":\"https:\/\/d2p6e6u75xmxt8.cloudfront.net\/5\/2019\/08\/1920x1080_thumb_ulica.jpg\",\"width\":1280,\"height\":720},{\"@type\":\"BreadcrumbList\",\"@id\":\"https:\/\/www.welovecycling.com\/pl\/2019\/08\/14\/czy-rowerzysci-moga-jezdzic-obok-siebie\/#breadcrumb\",\"itemListElement\":[{\"@type\":\"ListItem\",\"position\":1,\"name\":\"Home\",\"item\":\"https:\/\/www.welovecycling.com\/pl\/\"},{\"@type\":\"ListItem\",\"position\":2,\"name\":\"Czy rowerzy\u015bci mog\u0105 je\u017adzi\u0107 obok siebie?\"}]},{\"@type\":\"WebSite\",\"@id\":\"https:\/\/www.welovecycling.com\/pl\/#website\",\"url\":\"https:\/\/www.welovecycling.com\/pl\/\",\"name\":\"\u0160koda We Love Cycling - Poland\",\"description\":\"\",\"potentialAction\":[{\"@type\":\"SearchAction\",\"target\":{\"@type\":\"EntryPoint\",\"urlTemplate\":\"https:\/\/www.welovecycling.com\/pl\/?s={search_term_string}\"},\"query-input\":{\"@type\":\"PropertyValueSpecification\",\"valueRequired\":true,\"valueName\":\"search_term_string\"}}],\"inLanguage\":\"pl-PL\"},{\"@type\":\"Person\",\"@id\":\"https:\/\/www.welovecycling.com\/pl\/#\/schema\/person\/0dba2d39da943db9df3fd8f4687e7f23\",\"name\":\"piotrboczkowski\",\"image\":{\"@type\":\"ImageObject\",\"inLanguage\":\"pl-PL\",\"@id\":\"https:\/\/www.welovecycling.com\/pl\/#\/schema\/person\/image\/\",\"url\":\"https:\/\/secure.gravatar.com\/avatar\/533caccae14752e03a2ce2d3fd62d1b98b93e1393c3195c27819e53344ca1ace?s=96&d=mm&r=g\",\"contentUrl\":\"https:\/\/secure.gravatar.com\/avatar\/533caccae14752e03a2ce2d3fd62d1b98b93e1393c3195c27819e53344ca1ace?s=96&d=mm&r=g\",\"caption\":\"piotrboczkowski\"},\"url\":\"https:\/\/www.welovecycling.com\/pl\/author\/piotrboczkowski\/\"}]}<\/script>\n<!-- \/ Yoast SEO Premium plugin. -->","yoast_head_json":{"title":"Czy rowerzy\u015bci mog\u0105 je\u017adzi\u0107 obok siebie? - \u0160koda We Love Cycling - Poland","robots":{"index":"index","follow":"follow","max-snippet":"max-snippet:-1","max-image-preview":"max-image-preview:large","max-video-preview":"max-video-preview:-1"},"canonical":"https:\/\/www.welovecycling.com\/pl\/2019\/08\/14\/czy-rowerzysci-moga-jezdzic-obok-siebie\/","og_locale":"pl_PL","og_type":"article","og_title":"Czy rowerzy\u015bci mog\u0105 je\u017adzi\u0107 obok siebie?","og_description":"Rowerzy\u015bci ch\u0119tnie je\u017cd\u017c\u0105 po ulicy parami, obok siebie. I cho\u0107 to zrozumia\u0142e oraz niezabronione przez prawo, to czy powinno mie\u0107 [&hellip;]","og_url":"https:\/\/www.welovecycling.com\/pl\/2019\/08\/14\/czy-rowerzysci-moga-jezdzic-obok-siebie\/","og_site_name":"\u0160koda We Love Cycling - Poland","article_published_time":"2019-08-14T07:24:37+00:00","article_modified_time":"2019-08-14T14:46:43+00:00","og_image":[{"width":1280,"height":720,"url":"https:\/\/d2p6e6u75xmxt8.cloudfront.net\/5\/2019\/08\/1920x1080_thumb_ulica.jpg","type":"image\/jpeg"}],"author":"piotrboczkowski","twitter_card":"summary_large_image","twitter_misc":{"Written by":"Bartosz Huzarski","Est. reading time":"1 minute"},"schema":{"@context":"https:\/\/schema.org","@graph":[{"@type":"WebPage","@id":"https:\/\/www.welovecycling.com\/pl\/2019\/08\/14\/czy-rowerzysci-moga-jezdzic-obok-siebie\/","url":"https:\/\/www.welovecycling.com\/pl\/2019\/08\/14\/czy-rowerzysci-moga-jezdzic-obok-siebie\/","name":"Czy rowerzy\u015bci mog\u0105 je\u017adzi\u0107 obok siebie? - \u0160koda We Love Cycling - Poland","isPartOf":{"@id":"https:\/\/www.welovecycling.com\/pl\/#website"},"primaryImageOfPage":{"@id":"https:\/\/www.welovecycling.com\/pl\/2019\/08\/14\/czy-rowerzysci-moga-jezdzic-obok-siebie\/#primaryimage"},"image":{"@id":"https:\/\/www.welovecycling.com\/pl\/2019\/08\/14\/czy-rowerzysci-moga-jezdzic-obok-siebie\/#primaryimage"},"thumbnailUrl":"https:\/\/d2p6e6u75xmxt8.cloudfront.net\/5\/2019\/08\/1920x1080_thumb_ulica.jpg","datePublished":"2019-08-14T07:24:37+00:00","dateModified":"2019-08-14T14:46:43+00:00","author":{"@id":"https:\/\/www.welovecycling.com\/pl\/#\/schema\/person\/0dba2d39da943db9df3fd8f4687e7f23"},"breadcrumb":{"@id":"https:\/\/www.welovecycling.com\/pl\/2019\/08\/14\/czy-rowerzysci-moga-jezdzic-obok-siebie\/#breadcrumb"},"inLanguage":"pl-PL","potentialAction":[{"@type":"ReadAction","target":["https:\/\/www.welovecycling.com\/pl\/2019\/08\/14\/czy-rowerzysci-moga-jezdzic-obok-siebie\/"]}]},{"@type":"ImageObject","inLanguage":"pl-PL","@id":"https:\/\/www.welovecycling.com\/pl\/2019\/08\/14\/czy-rowerzysci-moga-jezdzic-obok-siebie\/#primaryimage","url":"https:\/\/d2p6e6u75xmxt8.cloudfront.net\/5\/2019\/08\/1920x1080_thumb_ulica.jpg","contentUrl":"https:\/\/d2p6e6u75xmxt8.cloudfront.net\/5\/2019\/08\/1920x1080_thumb_ulica.jpg","width":1280,"height":720},{"@type":"BreadcrumbList","@id":"https:\/\/www.welovecycling.com\/pl\/2019\/08\/14\/czy-rowerzysci-moga-jezdzic-obok-siebie\/#breadcrumb","itemListElement":[{"@type":"ListItem","position":1,"name":"Home","item":"https:\/\/www.welovecycling.com\/pl\/"},{"@type":"ListItem","position":2,"name":"Czy rowerzy\u015bci mog\u0105 je\u017adzi\u0107 obok siebie?"}]},{"@type":"WebSite","@id":"https:\/\/www.welovecycling.com\/pl\/#website","url":"https:\/\/www.welovecycling.com\/pl\/","name":"\u0160koda We Love Cycling - Poland","description":"","potentialAction":[{"@type":"SearchAction","target":{"@type":"EntryPoint","urlTemplate":"https:\/\/www.welovecycling.com\/pl\/?s={search_term_string}"},"query-input":{"@type":"PropertyValueSpecification","valueRequired":true,"valueName":"search_term_string"}}],"inLanguage":"pl-PL"},{"@type":"Person","@id":"https:\/\/www.welovecycling.com\/pl\/#\/schema\/person\/0dba2d39da943db9df3fd8f4687e7f23","name":"piotrboczkowski","image":{"@type":"ImageObject","inLanguage":"pl-PL","@id":"https:\/\/www.welovecycling.com\/pl\/#\/schema\/person\/image\/","url":"https:\/\/secure.gravatar.com\/avatar\/533caccae14752e03a2ce2d3fd62d1b98b93e1393c3195c27819e53344ca1ace?s=96&d=mm&r=g","contentUrl":"https:\/\/secure.gravatar.com\/avatar\/533caccae14752e03a2ce2d3fd62d1b98b93e1393c3195c27819e53344ca1ace?s=96&d=mm&r=g","caption":"piotrboczkowski"},"url":"https:\/\/www.welovecycling.com\/pl\/author\/piotrboczkowski\/"}]}},"_links":{"self":[{"href":"https:\/\/www.welovecycling.com\/pl\/wp-json\/wp\/v2\/posts\/9486","targetHints":{"allow":["GET"]}}],"collection":[{"href":"https:\/\/www.welovecycling.com\/pl\/wp-json\/wp\/v2\/posts"}],"about":[{"href":"https:\/\/www.welovecycling.com\/pl\/wp-json\/wp\/v2\/types\/post"}],"author":[{"embeddable":true,"href":"https:\/\/www.welovecycling.com\/pl\/wp-json\/wp\/v2\/users\/76"}],"replies":[{"embeddable":true,"href":"https:\/\/www.welovecycling.com\/pl\/wp-json\/wp\/v2\/comments?post=9486"}],"version-history":[{"count":2,"href":"https:\/\/www.welovecycling.com\/pl\/wp-json\/wp\/v2\/posts\/9486\/revisions"}],"predecessor-version":[{"id":9555,"href":"https:\/\/www.welovecycling.com\/pl\/wp-json\/wp\/v2\/posts\/9486\/revisions\/9555"}],"wp:featuredmedia":[{"embeddable":true,"href":"https:\/\/www.welovecycling.com\/pl\/wp-json\/wp\/v2\/media\/9551"}],"wp:attachment":[{"href":"https:\/\/www.welovecycling.com\/pl\/wp-json\/wp\/v2\/media?parent=9486"}],"wp:term":[{"taxonomy":"category","embeddable":true,"href":"https:\/\/www.welovecycling.com\/pl\/wp-json\/wp\/v2\/categories?post=9486"},{"taxonomy":"post_tag","embeddable":true,"href":"https:\/\/www.welovecycling.com\/pl\/wp-json\/wp\/v2\/tags?post=9486"},{"taxonomy":"global-categories","embeddable":true,"href":"https:\/\/www.welovecycling.com\/pl\/wp-json\/wp\/v2\/global-categories?post=9486"}],"curies":[{"name":"wp","href":"https:\/\/api.w.org\/{rel}","templated":true}]}}