{"id":9469,"date":"2019-08-02T07:49:20","date_gmt":"2019-08-02T07:49:20","guid":{"rendered":"https:\/\/www.welovecycling.com\/pl\/?p=9469"},"modified":"2019-08-02T07:49:20","modified_gmt":"2019-08-02T07:49:20","slug":"rywale-nie-mieli-litosci-tour-de-france-brutalnie-sprowadzil-go-na-ziemie","status":"publish","type":"post","link":"https:\/\/www.welovecycling.com\/pl\/2019\/08\/02\/rywale-nie-mieli-litosci-tour-de-france-brutalnie-sprowadzil-go-na-ziemie\/","title":{"rendered":"Rywale nie mieli lito\u015bci! Tour de France brutalnie sprowadzi\u0142 go na ziemi\u0119"},"content":{"rendered":"<p><strong>To by\u0142o bolesne jak kraksa, z\u0142apanie gumy, zerwanie \u0142a\u0144cucha i wszystkie kolarskie plagi razem wzi\u0119te. Julian Alaphilippe przez dwa tygodnie by\u0142 najszcz\u0119\u015bliwszym zawodnikiem na \u015bwiecie, ale wystarczy\u0142 jeden etap, by ca\u0142y wysi\u0142ek poszed\u0142 na marne. Na pocieszenie wybrano go najaktywniejszym kolarzem tegorocznego Tour de France.<\/strong><\/p>\n<p>Wyobra\u017acie sobie, \u017ce zajmujecie si\u0119 dan\u0105 dyscyplin\u0105 przez lata. Trenujecie niemal codziennie i podporz\u0105dkowujecie temu ca\u0142e \u017cycie: rezygnujecie z normalnych wakacji, znosicie roz\u0142\u0105k\u0119 z najbli\u017cszymi, \u015bci\u015ble trzymacie si\u0119 diety i\u2026 czekacie na efekty. A\u017c tu nagle s\u0105, po latach przychodz\u0105!<\/p>\n<p>Jeste\u015bcie na najlepszej drodze do sukcesu, tr\u0105bi\u0105 o Was w telewizji, kciuki trzymaj\u0105 miliony rodak\u00f3w. Ju\u017c jeste\u015bcie przy ko\u0144cu, ju\u017c niemal widzicie met\u0119 i nagle bum! Wszystko na nic, konkurencja wci\u0105ga was na ostatniej prostej i zamiast pierwszego miejsca, zajmujecie pi\u0105te, o kt\u00f3rym za kilka tygodni nikt ju\u017c nie b\u0119dzie pami\u0119ta\u0142.<\/p>\n<p>Widzicie to przed oczami? W takim razie widzicie dok\u0142adnie to samo, co teraz Julian Alaphilippe.<\/p>\n<p><span style=\"font-size: 18pt;\"><strong>\u201eTo by\u0142o co\u015b wyj\u0105tkowego\u201d<\/strong><\/span><\/p>\n<p>Wygra\u0142 dwa etapy, a w czternastu (!) jecha\u0142 w \u017c\u00f3\u0142tej koszulce lidera. W tegorocznym Tour de France prowadzi\u0142 niemal od samego pocz\u0105tku a\u017c do ostatniego weekendu, w kt\u00f3rym wszystko mia\u0142o si\u0119 rozstrzygn\u0105\u0107. Francuzi szaleli na jego punkcie: krzyczeli przed telewizorami, ustawiali si\u0119 wzd\u0142u\u017c trasy w \u017c\u00f3\u0142tych koszulkach i czapeczkach, a dziennikarze pytali: \u201eCzy wytrzyma?!\u201d.<\/p>\n<p>Nie wytrzyma\u0142, a w otch\u0142a\u0144 peletonu zepchn\u0105\u0142 go najwi\u0119kszy skarb Tour de France, czyli Alpy. To tutaj rok wcze\u015bniej Alaphilippe przypiecz\u0119towa\u0142 zwyci\u0119stwo w klasyfikacji g\u00f3rskiej, a w tegorocznej edycji zosta\u0142 brutalnie sprowadzonym na ziemi\u0119 przez Egana Bernala i Gerainta Thomasa. Koszmar!<\/p>\n<figure id=\"attachment_9470\" aria-describedby=\"caption-attachment-9470\" style=\"width: 1000px\" class=\"wp-caption aligncenter\"><img loading=\"lazy\" decoding=\"async\" class=\"size-full wp-image-9470\" src=\"https:\/\/d2p6e6u75xmxt8.cloudfront.net\/5\/2019\/08\/27177.jpg\" alt=\"\" width=\"1000\" height=\"666\" srcset=\"https:\/\/d2p6e6u75xmxt8.cloudfront.net\/5\/2019\/08\/27177.jpg 1000w, https:\/\/d2p6e6u75xmxt8.cloudfront.net\/5\/2019\/08\/27177-300x200.jpg 300w, https:\/\/d2p6e6u75xmxt8.cloudfront.net\/5\/2019\/08\/27177-768x511.jpg 768w, https:\/\/d2p6e6u75xmxt8.cloudfront.net\/5\/2019\/08\/27177-272x182.jpg 272w\" sizes=\"auto, (max-width: 1000px) 100vw, 1000px\" \/><figcaption id=\"caption-attachment-9470\" class=\"wp-caption-text\">Tour de France 2019 &#8211; 27\/07\/2019 &#8211; Etape 20 &#8211; Albertville \/ Val Thorens (59,5 km) &#8211; Julian ALAPHILIPPE (TEAM INEOS) \u00a9 A.S.O.\/Alex BROADWAY<\/figcaption><\/figure>\n<p>&#8211; Noszenie \u017c\u00f3\u0142tej koszulki przez tak d\u0142ugi czas by\u0142o czym\u015b wyj\u0105tkowym. Nigdy nawet nie marzy\u0142em, \u017ce b\u0119d\u0119 jej broni\u0142 w taki spos\u00f3b! Codziennie motywowa\u0142em si\u0119 do wielkiego wysi\u0142ku, ale w ko\u0144cu nie da\u0142em rady. Dzi\u0119kuj\u0119 kibicom. Niestety, ale nie mam dla nich \u017cadnego wyt\u0142umaczenia \u2013 m\u00f3wi\u0142 Alaphilippe po morderczym wdrapaniu si\u0119 na Col d\u2019Iseran.<\/p>\n<p>Po tym etapie by\u0142 jeszcze drugi, ale na kolejnym rywale nie mieli dla niego lito\u015bci i Francuz nie za\u0142apa\u0142 si\u0119 nawet na podium, ko\u0144cz\u0105c wy\u015bcig na pi\u0105tym miejscu.<\/p>\n<p>Mimo to kibice mieli okazj\u0119 podzi\u0119kowa\u0107 mu na Polach Elizejskich, bo Alaphilippe zosta\u0142 uznany najaktywniejszym zawodnikiem Wielkiej P\u0119tli. W przypadku tego wyr\u00f3\u017cnienia nie prowadzi si\u0119 klasyfikacji (tak jak punktowej czy g\u00f3rskiej), tylko decyzja nale\u017cy do organizator\u00f3w Tour de France. Mo\u017cna przypuszcza\u0107, \u017ce ta zosta\u0142a podj\u0119ta jednog\u0142o\u015bnie, bo Alaphilippe walczy\u0142 d\u0142ugo i pi\u0119knie.<\/p>\n<p>&#8211; Zas\u0142u\u017cy\u0142 jak nikt inny, by wej\u015b\u0107 na podium na Polach Elizejskich. Ta nagroda jest dla niego i dla ca\u0142ej Francji \u2013 podkre\u015bla\u0142 Dariusz Baranowski, kt\u00f3ry ceremoni\u0119 zako\u0144czenia komentowa\u0142 w Eurosporcie.<\/p>\n<p><span style=\"font-size: 18pt;\"><strong>34 lata oczekiwa\u0144<\/strong><\/span><\/p>\n<p>Pora\u017cka Alaphillipe by\u0142a dla gospodarzy tym bardziej bolesna, \u017ce z powodu kontuzji z wy\u015bcigu musia\u0142 wycofa\u0107 si\u0119 Thibaut Pinot, inny Francuz, kt\u00f3ry mia\u0142 szans\u0119 na triumf. Z kolei Romaina Bardeta (drugie i trzecie miejsce w poprzednich edycjach Tour de France) sta\u0107 by\u0142o na wygranie klasyfikacji g\u00f3rskiej, ale w generalnej by\u0142 dopiero 15.<\/p>\n<p>To oznacza, \u017ce Francja na zwyci\u0119zc\u0119 Wielkiej P\u0119tli czeka ju\u017c 34 lata i poczeka jeszcze przynajmniej rok. Ostatnim francuskim triumfatorem by\u0142 legendarny Berbard Hinault, a sta\u0142o si\u0119 to w 1985 roku.<\/p>\n<style type=\"text\/css\"><!--td {border: 1px solid #ccc;}br {mso-data-placement:same-cell;}--><\/style>\n<p><span data-sheets-value=\"{&quot;1&quot;:2,&quot;2&quot;:&quot;Artyku\u0142 powsta\u0142 we wsp\u00f3\u0142pracy ze skoda-auto.pl&quot;}\" data-sheets-userformat=\"{&quot;2&quot;:1,&quot;3&quot;:{&quot;1&quot;:0}}\"><a class=\"in-cell-link\" href=\"http:\/\/www.skoda-auto.pl\/\" target=\"_blank\" rel=\"noopener\">Artyku\u0142 powsta\u0142 we wsp\u00f3\u0142pracy ze skoda-auto.pl<\/a><\/span><\/p>\n","protected":false},"excerpt":{"rendered":"<p>To by\u0142o bolesne jak kraksa, z\u0142apanie gumy, zerwanie \u0142a\u0144cucha i wszystkie kolarskie plagi razem wzi\u0119te. Julian Alaphilippe przez dwa tygodnie [&hellip;]<\/p>\n","protected":false},"author":76,"featured_media":9470,"comment_status":"open","ping_status":"open","sticky":false,"template":"","format":"standard","meta":{"footnotes":""},"categories":[300],"tags":[],"global-categories":[],"class_list":["post-9469","post","type-post","status-publish","format-standard","has-post-thumbnail","hentry","category-tour-de-france-2019"],"yoast_head":"<!-- This site is optimized with the Yoast SEO Premium plugin v25.3 (Yoast SEO v25.9) - https:\/\/yoast.com\/wordpress\/plugins\/seo\/ -->\n<title>Rywale nie mieli lito\u015bci! Tour de France brutalnie sprowadzi\u0142 go na ziemi\u0119 - \u0160koda We Love Cycling - Poland<\/title>\n<meta name=\"robots\" content=\"index, follow, max-snippet:-1, max-image-preview:large, max-video-preview:-1\" \/>\n<link rel=\"canonical\" href=\"https:\/\/www.welovecycling.com\/pl\/2019\/08\/02\/rywale-nie-mieli-litosci-tour-de-france-brutalnie-sprowadzil-go-na-ziemie\/\" \/>\n<meta property=\"og:locale\" content=\"pl_PL\" \/>\n<meta property=\"og:type\" content=\"article\" \/>\n<meta property=\"og:title\" content=\"Rywale nie mieli lito\u015bci! Tour de France brutalnie sprowadzi\u0142 go na ziemi\u0119\" \/>\n<meta property=\"og:description\" content=\"To by\u0142o bolesne jak kraksa, z\u0142apanie gumy, zerwanie \u0142a\u0144cucha i wszystkie kolarskie plagi razem wzi\u0119te. Julian Alaphilippe przez dwa tygodnie [&hellip;]\" \/>\n<meta property=\"og:url\" content=\"https:\/\/www.welovecycling.com\/pl\/2019\/08\/02\/rywale-nie-mieli-litosci-tour-de-france-brutalnie-sprowadzil-go-na-ziemie\/\" \/>\n<meta property=\"og:site_name\" content=\"\u0160koda We Love Cycling - Poland\" \/>\n<meta property=\"article:published_time\" content=\"2019-08-02T07:49:20+00:00\" \/>\n<meta property=\"og:image\" content=\"https:\/\/d2p6e6u75xmxt8.cloudfront.net\/5\/2019\/08\/27177.jpg\" \/>\n\t<meta property=\"og:image:width\" content=\"1000\" \/>\n\t<meta property=\"og:image:height\" content=\"666\" \/>\n\t<meta property=\"og:image:type\" content=\"image\/jpeg\" \/>\n<meta name=\"author\" content=\"piotrboczkowski\" \/>\n<meta name=\"twitter:card\" content=\"summary_large_image\" \/>\n<meta name=\"twitter:label1\" content=\"Written by\" \/>\n\t<meta name=\"twitter:data1\" content=\"Piotr Nowik\" \/>\n\t<meta name=\"twitter:label2\" content=\"Est. reading time\" \/>\n\t<meta name=\"twitter:data2\" content=\"3 minutes\" \/>\n<script type=\"application\/ld+json\" class=\"yoast-schema-graph\">{\"@context\":\"https:\/\/schema.org\",\"@graph\":[{\"@type\":\"WebPage\",\"@id\":\"https:\/\/www.welovecycling.com\/pl\/2019\/08\/02\/rywale-nie-mieli-litosci-tour-de-france-brutalnie-sprowadzil-go-na-ziemie\/\",\"url\":\"https:\/\/www.welovecycling.com\/pl\/2019\/08\/02\/rywale-nie-mieli-litosci-tour-de-france-brutalnie-sprowadzil-go-na-ziemie\/\",\"name\":\"Rywale nie mieli lito\u015bci! Tour de France brutalnie sprowadzi\u0142 go na ziemi\u0119 - \u0160koda We Love Cycling - Poland\",\"isPartOf\":{\"@id\":\"https:\/\/www.welovecycling.com\/pl\/#website\"},\"primaryImageOfPage\":{\"@id\":\"https:\/\/www.welovecycling.com\/pl\/2019\/08\/02\/rywale-nie-mieli-litosci-tour-de-france-brutalnie-sprowadzil-go-na-ziemie\/#primaryimage\"},\"image\":{\"@id\":\"https:\/\/www.welovecycling.com\/pl\/2019\/08\/02\/rywale-nie-mieli-litosci-tour-de-france-brutalnie-sprowadzil-go-na-ziemie\/#primaryimage\"},\"thumbnailUrl\":\"https:\/\/d2p6e6u75xmxt8.cloudfront.net\/5\/2019\/08\/27177.jpg\",\"datePublished\":\"2019-08-02T07:49:20+00:00\",\"author\":{\"@id\":\"https:\/\/www.welovecycling.com\/pl\/#\/schema\/person\/0dba2d39da943db9df3fd8f4687e7f23\"},\"breadcrumb\":{\"@id\":\"https:\/\/www.welovecycling.com\/pl\/2019\/08\/02\/rywale-nie-mieli-litosci-tour-de-france-brutalnie-sprowadzil-go-na-ziemie\/#breadcrumb\"},\"inLanguage\":\"pl-PL\",\"potentialAction\":[{\"@type\":\"ReadAction\",\"target\":[\"https:\/\/www.welovecycling.com\/pl\/2019\/08\/02\/rywale-nie-mieli-litosci-tour-de-france-brutalnie-sprowadzil-go-na-ziemie\/\"]}]},{\"@type\":\"ImageObject\",\"inLanguage\":\"pl-PL\",\"@id\":\"https:\/\/www.welovecycling.com\/pl\/2019\/08\/02\/rywale-nie-mieli-litosci-tour-de-france-brutalnie-sprowadzil-go-na-ziemie\/#primaryimage\",\"url\":\"https:\/\/d2p6e6u75xmxt8.cloudfront.net\/5\/2019\/08\/27177.jpg\",\"contentUrl\":\"https:\/\/d2p6e6u75xmxt8.cloudfront.net\/5\/2019\/08\/27177.jpg\",\"width\":1000,\"height\":666,\"caption\":\"Tour de France 2019 - 27\/07\/2019 - Etape 20 - Albertville \/ Val Thorens (59,5 km) - Julian ALAPHILIPPE (TEAM INEOS) \u00a9 A.S.O.\/Alex BROADWAY\"},{\"@type\":\"BreadcrumbList\",\"@id\":\"https:\/\/www.welovecycling.com\/pl\/2019\/08\/02\/rywale-nie-mieli-litosci-tour-de-france-brutalnie-sprowadzil-go-na-ziemie\/#breadcrumb\",\"itemListElement\":[{\"@type\":\"ListItem\",\"position\":1,\"name\":\"Home\",\"item\":\"https:\/\/www.welovecycling.com\/pl\/\"},{\"@type\":\"ListItem\",\"position\":2,\"name\":\"Rywale nie mieli lito\u015bci! Tour de France brutalnie sprowadzi\u0142 go na ziemi\u0119\"}]},{\"@type\":\"WebSite\",\"@id\":\"https:\/\/www.welovecycling.com\/pl\/#website\",\"url\":\"https:\/\/www.welovecycling.com\/pl\/\",\"name\":\"\u0160koda We Love Cycling - Poland\",\"description\":\"\",\"potentialAction\":[{\"@type\":\"SearchAction\",\"target\":{\"@type\":\"EntryPoint\",\"urlTemplate\":\"https:\/\/www.welovecycling.com\/pl\/?s={search_term_string}\"},\"query-input\":{\"@type\":\"PropertyValueSpecification\",\"valueRequired\":true,\"valueName\":\"search_term_string\"}}],\"inLanguage\":\"pl-PL\"},{\"@type\":\"Person\",\"@id\":\"https:\/\/www.welovecycling.com\/pl\/#\/schema\/person\/0dba2d39da943db9df3fd8f4687e7f23\",\"name\":\"piotrboczkowski\",\"image\":{\"@type\":\"ImageObject\",\"inLanguage\":\"pl-PL\",\"@id\":\"https:\/\/www.welovecycling.com\/pl\/#\/schema\/person\/image\/\",\"url\":\"https:\/\/secure.gravatar.com\/avatar\/533caccae14752e03a2ce2d3fd62d1b98b93e1393c3195c27819e53344ca1ace?s=96&d=mm&r=g\",\"contentUrl\":\"https:\/\/secure.gravatar.com\/avatar\/533caccae14752e03a2ce2d3fd62d1b98b93e1393c3195c27819e53344ca1ace?s=96&d=mm&r=g\",\"caption\":\"piotrboczkowski\"},\"url\":\"https:\/\/www.welovecycling.com\/pl\/author\/piotrboczkowski\/\"}]}<\/script>\n<!-- \/ Yoast SEO Premium plugin. -->","yoast_head_json":{"title":"Rywale nie mieli lito\u015bci! Tour de France brutalnie sprowadzi\u0142 go na ziemi\u0119 - \u0160koda We Love Cycling - Poland","robots":{"index":"index","follow":"follow","max-snippet":"max-snippet:-1","max-image-preview":"max-image-preview:large","max-video-preview":"max-video-preview:-1"},"canonical":"https:\/\/www.welovecycling.com\/pl\/2019\/08\/02\/rywale-nie-mieli-litosci-tour-de-france-brutalnie-sprowadzil-go-na-ziemie\/","og_locale":"pl_PL","og_type":"article","og_title":"Rywale nie mieli lito\u015bci! Tour de France brutalnie sprowadzi\u0142 go na ziemi\u0119","og_description":"To by\u0142o bolesne jak kraksa, z\u0142apanie gumy, zerwanie \u0142a\u0144cucha i wszystkie kolarskie plagi razem wzi\u0119te. Julian Alaphilippe przez dwa tygodnie [&hellip;]","og_url":"https:\/\/www.welovecycling.com\/pl\/2019\/08\/02\/rywale-nie-mieli-litosci-tour-de-france-brutalnie-sprowadzil-go-na-ziemie\/","og_site_name":"\u0160koda We Love Cycling - Poland","article_published_time":"2019-08-02T07:49:20+00:00","og_image":[{"width":1000,"height":666,"url":"https:\/\/d2p6e6u75xmxt8.cloudfront.net\/5\/2019\/08\/27177.jpg","type":"image\/jpeg"}],"author":"piotrboczkowski","twitter_card":"summary_large_image","twitter_misc":{"Written by":"Piotr Nowik","Est. reading time":"3 minutes"},"schema":{"@context":"https:\/\/schema.org","@graph":[{"@type":"WebPage","@id":"https:\/\/www.welovecycling.com\/pl\/2019\/08\/02\/rywale-nie-mieli-litosci-tour-de-france-brutalnie-sprowadzil-go-na-ziemie\/","url":"https:\/\/www.welovecycling.com\/pl\/2019\/08\/02\/rywale-nie-mieli-litosci-tour-de-france-brutalnie-sprowadzil-go-na-ziemie\/","name":"Rywale nie mieli lito\u015bci! Tour de France brutalnie sprowadzi\u0142 go na ziemi\u0119 - \u0160koda We Love Cycling - Poland","isPartOf":{"@id":"https:\/\/www.welovecycling.com\/pl\/#website"},"primaryImageOfPage":{"@id":"https:\/\/www.welovecycling.com\/pl\/2019\/08\/02\/rywale-nie-mieli-litosci-tour-de-france-brutalnie-sprowadzil-go-na-ziemie\/#primaryimage"},"image":{"@id":"https:\/\/www.welovecycling.com\/pl\/2019\/08\/02\/rywale-nie-mieli-litosci-tour-de-france-brutalnie-sprowadzil-go-na-ziemie\/#primaryimage"},"thumbnailUrl":"https:\/\/d2p6e6u75xmxt8.cloudfront.net\/5\/2019\/08\/27177.jpg","datePublished":"2019-08-02T07:49:20+00:00","author":{"@id":"https:\/\/www.welovecycling.com\/pl\/#\/schema\/person\/0dba2d39da943db9df3fd8f4687e7f23"},"breadcrumb":{"@id":"https:\/\/www.welovecycling.com\/pl\/2019\/08\/02\/rywale-nie-mieli-litosci-tour-de-france-brutalnie-sprowadzil-go-na-ziemie\/#breadcrumb"},"inLanguage":"pl-PL","potentialAction":[{"@type":"ReadAction","target":["https:\/\/www.welovecycling.com\/pl\/2019\/08\/02\/rywale-nie-mieli-litosci-tour-de-france-brutalnie-sprowadzil-go-na-ziemie\/"]}]},{"@type":"ImageObject","inLanguage":"pl-PL","@id":"https:\/\/www.welovecycling.com\/pl\/2019\/08\/02\/rywale-nie-mieli-litosci-tour-de-france-brutalnie-sprowadzil-go-na-ziemie\/#primaryimage","url":"https:\/\/d2p6e6u75xmxt8.cloudfront.net\/5\/2019\/08\/27177.jpg","contentUrl":"https:\/\/d2p6e6u75xmxt8.cloudfront.net\/5\/2019\/08\/27177.jpg","width":1000,"height":666,"caption":"Tour de France 2019 - 27\/07\/2019 - Etape 20 - Albertville \/ Val Thorens (59,5 km) - Julian ALAPHILIPPE (TEAM INEOS) \u00a9 A.S.O.\/Alex BROADWAY"},{"@type":"BreadcrumbList","@id":"https:\/\/www.welovecycling.com\/pl\/2019\/08\/02\/rywale-nie-mieli-litosci-tour-de-france-brutalnie-sprowadzil-go-na-ziemie\/#breadcrumb","itemListElement":[{"@type":"ListItem","position":1,"name":"Home","item":"https:\/\/www.welovecycling.com\/pl\/"},{"@type":"ListItem","position":2,"name":"Rywale nie mieli lito\u015bci! Tour de France brutalnie sprowadzi\u0142 go na ziemi\u0119"}]},{"@type":"WebSite","@id":"https:\/\/www.welovecycling.com\/pl\/#website","url":"https:\/\/www.welovecycling.com\/pl\/","name":"\u0160koda We Love Cycling - Poland","description":"","potentialAction":[{"@type":"SearchAction","target":{"@type":"EntryPoint","urlTemplate":"https:\/\/www.welovecycling.com\/pl\/?s={search_term_string}"},"query-input":{"@type":"PropertyValueSpecification","valueRequired":true,"valueName":"search_term_string"}}],"inLanguage":"pl-PL"},{"@type":"Person","@id":"https:\/\/www.welovecycling.com\/pl\/#\/schema\/person\/0dba2d39da943db9df3fd8f4687e7f23","name":"piotrboczkowski","image":{"@type":"ImageObject","inLanguage":"pl-PL","@id":"https:\/\/www.welovecycling.com\/pl\/#\/schema\/person\/image\/","url":"https:\/\/secure.gravatar.com\/avatar\/533caccae14752e03a2ce2d3fd62d1b98b93e1393c3195c27819e53344ca1ace?s=96&d=mm&r=g","contentUrl":"https:\/\/secure.gravatar.com\/avatar\/533caccae14752e03a2ce2d3fd62d1b98b93e1393c3195c27819e53344ca1ace?s=96&d=mm&r=g","caption":"piotrboczkowski"},"url":"https:\/\/www.welovecycling.com\/pl\/author\/piotrboczkowski\/"}]}},"_links":{"self":[{"href":"https:\/\/www.welovecycling.com\/pl\/wp-json\/wp\/v2\/posts\/9469","targetHints":{"allow":["GET"]}}],"collection":[{"href":"https:\/\/www.welovecycling.com\/pl\/wp-json\/wp\/v2\/posts"}],"about":[{"href":"https:\/\/www.welovecycling.com\/pl\/wp-json\/wp\/v2\/types\/post"}],"author":[{"embeddable":true,"href":"https:\/\/www.welovecycling.com\/pl\/wp-json\/wp\/v2\/users\/76"}],"replies":[{"embeddable":true,"href":"https:\/\/www.welovecycling.com\/pl\/wp-json\/wp\/v2\/comments?post=9469"}],"version-history":[{"count":1,"href":"https:\/\/www.welovecycling.com\/pl\/wp-json\/wp\/v2\/posts\/9469\/revisions"}],"predecessor-version":[{"id":9471,"href":"https:\/\/www.welovecycling.com\/pl\/wp-json\/wp\/v2\/posts\/9469\/revisions\/9471"}],"wp:featuredmedia":[{"embeddable":true,"href":"https:\/\/www.welovecycling.com\/pl\/wp-json\/wp\/v2\/media\/9470"}],"wp:attachment":[{"href":"https:\/\/www.welovecycling.com\/pl\/wp-json\/wp\/v2\/media?parent=9469"}],"wp:term":[{"taxonomy":"category","embeddable":true,"href":"https:\/\/www.welovecycling.com\/pl\/wp-json\/wp\/v2\/categories?post=9469"},{"taxonomy":"post_tag","embeddable":true,"href":"https:\/\/www.welovecycling.com\/pl\/wp-json\/wp\/v2\/tags?post=9469"},{"taxonomy":"global-categories","embeddable":true,"href":"https:\/\/www.welovecycling.com\/pl\/wp-json\/wp\/v2\/global-categories?post=9469"}],"curies":[{"name":"wp","href":"https:\/\/api.w.org\/{rel}","templated":true}]}}