{"id":9461,"date":"2019-08-01T08:09:27","date_gmt":"2019-08-01T08:09:27","guid":{"rendered":"https:\/\/www.welovecycling.com\/pl\/?p=9461"},"modified":"2019-08-01T08:10:44","modified_gmt":"2019-08-01T08:10:44","slug":"najlepszy-z-najlepszych-na-tour-de-france-pobil-niesamowity-rekord","status":"publish","type":"post","link":"https:\/\/www.welovecycling.com\/pl\/2019\/08\/01\/najlepszy-z-najlepszych-na-tour-de-france-pobil-niesamowity-rekord\/","title":{"rendered":"Najlepszy z najlepszych! Na Tour de France pobi\u0142 niesamowity rekord"},"content":{"rendered":"<p><strong>To nie tylko najlepszy sprinter tegorocznego Tour de France. Ba, to nawet nie najlepszy sprinter naszych czas\u00f3w. Peter Sagan w\u0142a\u015bnie zosta\u0142 najlepszym sprinterem w 116-letni historii Wielkiej P\u0119tli! S\u0142owak zielon\u0105 koszulk\u0119, sponsorowan\u0105 przez \u0160KOD\u0118, wygra\u0142 po raz si\u00f3dmy!<\/strong><\/p>\n<p>\u201eTo ju\u017c robi si\u0119 nudne. Niech powalczy o klasyfikacj\u0119 generaln\u0105\u201d \u2013 pisz\u0105 na forach kibice, kt\u00f3rzy s\u0105 mu niezbyt przychylni. Ale nawet oni musz\u0105 przyzna\u0107, \u017ce \u017cyj\u0105 w czasach kolarskiego fenomenu, kt\u00f3ry w\u0142a\u015bnie zapisa\u0142 pi\u0119kn\u0105 kart\u0119 w historii tej dyscypliny. I co wi\u0119cej \u2013 Sagan na pewno nie powiedzia\u0142 jeszcze ostatniego s\u0142owa!<\/p>\n<p>&#8211; Jestem bardzo szcz\u0119\u015bliwy, \u017ce si\u00f3dmy raz wygra\u0142em klasyfikacj\u0119 punktow\u0105. Pami\u0119tam, \u017ce moja pierwsza zielona koszulka by\u0142a zaskoczeniem, ale po wygraniu kolejnej by\u0142o ju\u017c \u0142atwiej. Co roku przyje\u017cd\u017cam na Tour de France, by dawa\u0107 z siebie wszystko \u2013 podkre\u015bla\u0142 29-letni S\u0142owak po zako\u0144czeniu tegorocznej Wielkiej P\u0119tli.<\/p>\n<p><strong>Tak wygl\u0105da kolarski karnawa\u0142 <\/strong><\/p>\n<p>Urodzi\u0142 si\u0119 w \u017bylinie, 40 km od Polski. Jak wi\u0119kszo\u015b\u0107 s\u0142owackich dzieciak\u00f3w m\u00f3g\u0142 pr\u00f3bowa\u0107 gry w hokeja na lodzie lub pi\u0142k\u0119 no\u017cn\u0105, ale od zawsze poci\u0105ga\u0142 go rower. Najpierw g\u00f3rski, p\u00f3\u017aniej szosowy.<\/p>\n<p>Jako m\u0142ody ch\u0142opak startowa\u0142 w tenis\u00f3wkach, przydu\u017cym podkoszulku, a pierwszy wy\u015bcig wygra\u0142 na rowerze po\u017cyczonym od siostry. Od 10 lat nie ma ju\u017c jednak najmniejszych problem\u00f3w ze sprz\u0119tem, bo przeszed\u0142 na zawodowstwo, a dzi\u015b z otwartymi r\u0119kami przyj\u0119\u0142aby go ka\u017cda z najpot\u0119\u017cniejszych dru\u017cyn \u015bwiata.<\/p>\n<p>No mo\u017ce niekt\u00f3re by si\u0119 zawaha\u0142y, bo Sagan gwarantuje nie tylko najwy\u017cszy \u015bwiatowy poziom, ale tak\u017ce doprowadza do sytuacji, kt\u00f3re szefom ekip nawet nie przysz\u0142yby do g\u0142owy. Przyk\u0142ad? Kilka lat temu na podium uszczypn\u0105\u0142 hostess\u0119 w po\u015bladek, a przed dwoma laty zosta\u0142 wykluczony z Tour de France za uderzenie \u0142okciem Marka Cavendisha. W 2016 r. chwilowo znudzi\u0142o mu si\u0119 za to \u015bciganie na szosie, wi\u0119c postanowi\u0142 przesi\u0105\u015b\u0107 si\u0119 na rower MTB i wystartowa\u0107 w\u2026 igrzyskach olimpijskich.<\/p>\n<p>W tym roku S\u0142owak nie wykr\u0119ci\u0142 \u017cadnego kontrowersyjnego numeru, ale pokaza\u0142, \u017ce Tour de France to momentami kolarski karnawa\u0142, a nie nieustaj\u0105ca walka na \u015bmier\u0107 i \u017cycie. Podczas jednego z etap\u00f3w, jad\u0105c na rowerze, podpisywa\u0142 fanom swoj\u0105 ksi\u0105\u017ck\u0119, a na etapie przyja\u017ani \u2013 ku zdziwieniu zawodnik\u00f3w Team Ineos \u2013 postanowi\u0142 \u201epodpi\u0105\u0107\u201d si\u0119 pod ich pami\u0105tkowe zdj\u0119cie podczas \u015bwi\u0119towania zdobycia pierwszego (Egan Bernal) i drugiego (Geraint Thomas) miejsca w klasyfikacji generalnej. \u2013 Oto ca\u0142y Peter Sagan \u2013 u\u015bmiechali si\u0119 eksperci Eurosportu.<\/p>\n<p>&nbsp;<\/p>\n<div class=\"embed-controller-wrapper\">\n<blockquote class=\"twitter-tweet\" data-width=\"500\" data-dnt=\"true\">\n<p lang=\"fr\" dir=\"ltr\">\ud83e\udd42 Champagne for @TeamINEOS ! &#8230; And <a href=\"https:\/\/twitter.com\/petosagan?ref_src=twsrc%5Etfw\">@petosagan<\/a>! \ud83d\ude04<\/p>\n<p>\ud83e\udd42 Champagne pour l&#39;\u00e9quipe Ineos ! &#8230; Et Peter Sagan ! \ud83d\ude04 <a href=\"https:\/\/t.co\/itkJ2j3iJ5\">pic.twitter.com\/itkJ2j3iJ5<\/a><\/p>\n<p>&mdash; Tour de France\u2122 (@LeTour) <a href=\"https:\/\/twitter.com\/LeTour\/status\/1155515020379402240?ref_src=twsrc%5Etfw\">July 28, 2019<\/a><\/p><\/blockquote>\n<p><script async data-src=\"https:\/\/platform.twitter.com\/widgets.js\" charset=\"utf-8\"><\/script><\/div>\n<p>S\u0142owak te\u017c mia\u0142 swoje pi\u0119\u0107 minut i to na Polach Elizejskich. Zaprezentowa\u0142 si\u0119 na nich po raz si\u00f3dmy (wygra\u0142 niemal wszystkie klasyfikacje punktowe w latach 2012 \u2013 2019, opr\u00f3cz tej w 2017 r., gdy zosta\u0142 wykluczony) i tym samym m\u00f3g\u0142 \u015bmia\u0142o powiedzie\u0107: \u201eTo ja jestem najlepszym sprinterem w historii Tour de France!\u201d.<\/p>\n<p>Wcze\u015bniej o ten tytu\u0142 bi\u0142 si\u0119 z Niemcem Erikiem Zabelem, kt\u00f3ry zielon\u0105 koszulk\u0119 zak\u0142ada\u0142 w latach 1996 \u2013 2001. Teraz jednak ju\u017c nikt nie mo\u017ce mie\u0107 w\u0105tpliwo\u015bci, kto w tym pojedynku jest g\u00f3r\u0105.<\/p>\n<p><strong>Jest pasja, s\u0105 zwyci\u0119stwa<\/strong><\/p>\n<p>Co wi\u0119cej, w tym roku Sagan wygra\u0142 12. etap w historii swoich wyst\u0119p\u00f3w w Wielkiej P\u0119tli, co ceni niemal r\u00f3wnie wysoko jak zielon\u0105 koszulk\u0119.<\/p>\n<p>&#8211; Je\u017cd\u017c\u0119 z pasj\u0105, a wtedy zwyci\u0119stwa same przychodz\u0105 \u2013 podkre\u015bla S\u0142owak. \u2013 Wygrana etapowa by\u0142a dla mnie bardzo wa\u017cna, ale cieszy\u0142em si\u0119 r\u00f3wnie\u017c ze\u2026 skr\u00f3cenia g\u00f3rskich odcink\u00f3w. Dzi\u0119ki temu poczu\u0142em wielk\u0105 ulg\u0119 i na mecie w Pary\u017cu by\u0142o mi naprawd\u0119 \u015bwietnie \u2013 u\u015bmiecha\u0142 si\u0119 S\u0142owak, kt\u00f3ry na koncie ma ju\u017c zaliczonych 151 etap\u00f3w Tour de France, w kt\u00f3rych uzbiera\u0142 kosmiczn\u0105 liczb\u0119 3006 punkt\u00f3w!<\/p>\n<figure id=\"attachment_9462\" aria-describedby=\"caption-attachment-9462\" style=\"width: 1000px\" class=\"wp-caption aligncenter\"><img loading=\"lazy\" decoding=\"async\" class=\"size-full wp-image-9462\" src=\"https:\/\/d2p6e6u75xmxt8.cloudfront.net\/5\/2019\/08\/21ab8.jpg\" alt=\"\" width=\"1000\" height=\"667\" srcset=\"https:\/\/d2p6e6u75xmxt8.cloudfront.net\/5\/2019\/08\/21ab8.jpg 1000w, https:\/\/d2p6e6u75xmxt8.cloudfront.net\/5\/2019\/08\/21ab8-300x200.jpg 300w, https:\/\/d2p6e6u75xmxt8.cloudfront.net\/5\/2019\/08\/21ab8-768x512.jpg 768w, https:\/\/d2p6e6u75xmxt8.cloudfront.net\/5\/2019\/08\/21ab8-272x182.jpg 272w\" sizes=\"auto, (max-width: 1000px) 100vw, 1000px\" \/><figcaption id=\"caption-attachment-9462\" class=\"wp-caption-text\">Tour de France 2019 &#8211; 28\/07\/2019 &#8211; Etape 21 &#8211; Rambouillet \/ Paris Champs-Elys\u00e9es (128 km) &#8211; Peter SAGAN (BORA &#8211; HANSGROHE) et EGAN BERNAL (TEAM INEOS) \u00a9 A.S.O.\/Alex BROADWAY<\/figcaption><\/figure>\n<style type=\"text\/css\"><!--td {border: 1px solid #ccc;}br {mso-data-placement:same-cell;}--><\/style>\n<p><span data-sheets-value=\"{&quot;1&quot;:2,&quot;2&quot;:&quot;Artyku\u0142 powsta\u0142 we wsp\u00f3\u0142pracy ze skoda-auto.pl&quot;}\" data-sheets-userformat=\"{&quot;2&quot;:1,&quot;3&quot;:{&quot;1&quot;:0}}\"><a class=\"in-cell-link\" href=\"http:\/\/www.skoda-auto.pl\/\" target=\"_blank\" rel=\"noopener\">Artyku\u0142 powsta\u0142 we wsp\u00f3\u0142pracy ze skoda-auto.pl<\/a><\/span><\/p>\n","protected":false},"excerpt":{"rendered":"<p>To nie tylko najlepszy sprinter tegorocznego Tour de France. Ba, to nawet nie najlepszy sprinter naszych czas\u00f3w. Peter Sagan w\u0142a\u015bnie [&hellip;]<\/p>\n","protected":false},"author":76,"featured_media":9462,"comment_status":"open","ping_status":"open","sticky":false,"template":"","format":"standard","meta":{"footnotes":""},"categories":[300],"tags":[],"global-categories":[],"class_list":["post-9461","post","type-post","status-publish","format-standard","has-post-thumbnail","hentry","category-tour-de-france-2019"],"yoast_head":"<!-- This site is optimized with the Yoast SEO Premium plugin v25.3 (Yoast SEO v25.9) - https:\/\/yoast.com\/wordpress\/plugins\/seo\/ -->\n<title>Najlepszy z najlepszych! Na Tour de France pobi\u0142 niesamowity rekord - \u0160koda We Love Cycling - Poland<\/title>\n<meta name=\"robots\" content=\"index, follow, max-snippet:-1, max-image-preview:large, max-video-preview:-1\" \/>\n<link rel=\"canonical\" href=\"https:\/\/www.welovecycling.com\/pl\/2019\/08\/01\/najlepszy-z-najlepszych-na-tour-de-france-pobil-niesamowity-rekord\/\" \/>\n<meta property=\"og:locale\" content=\"pl_PL\" \/>\n<meta property=\"og:type\" content=\"article\" \/>\n<meta property=\"og:title\" content=\"Najlepszy z najlepszych! Na Tour de France pobi\u0142 niesamowity rekord\" \/>\n<meta property=\"og:description\" content=\"To nie tylko najlepszy sprinter tegorocznego Tour de France. Ba, to nawet nie najlepszy sprinter naszych czas\u00f3w. Peter Sagan w\u0142a\u015bnie [&hellip;]\" \/>\n<meta property=\"og:url\" content=\"https:\/\/www.welovecycling.com\/pl\/2019\/08\/01\/najlepszy-z-najlepszych-na-tour-de-france-pobil-niesamowity-rekord\/\" \/>\n<meta property=\"og:site_name\" content=\"\u0160koda We Love Cycling - Poland\" \/>\n<meta property=\"article:published_time\" content=\"2019-08-01T08:09:27+00:00\" \/>\n<meta property=\"article:modified_time\" content=\"2019-08-01T08:10:44+00:00\" \/>\n<meta property=\"og:image\" content=\"https:\/\/d2p6e6u75xmxt8.cloudfront.net\/5\/2019\/08\/21ab8.jpg\" \/>\n\t<meta property=\"og:image:width\" content=\"1000\" \/>\n\t<meta property=\"og:image:height\" content=\"667\" \/>\n\t<meta property=\"og:image:type\" content=\"image\/jpeg\" \/>\n<meta name=\"author\" content=\"piotrboczkowski\" \/>\n<meta name=\"twitter:card\" content=\"summary_large_image\" \/>\n<meta name=\"twitter:label1\" content=\"Written by\" \/>\n\t<meta name=\"twitter:data1\" content=\"piotrboczkowski\" \/>\n\t<meta name=\"twitter:label2\" content=\"Est. reading time\" \/>\n\t<meta name=\"twitter:data2\" content=\"3 minutes\" \/>\n<script type=\"application\/ld+json\" class=\"yoast-schema-graph\">{\"@context\":\"https:\/\/schema.org\",\"@graph\":[{\"@type\":\"WebPage\",\"@id\":\"https:\/\/www.welovecycling.com\/pl\/2019\/08\/01\/najlepszy-z-najlepszych-na-tour-de-france-pobil-niesamowity-rekord\/\",\"url\":\"https:\/\/www.welovecycling.com\/pl\/2019\/08\/01\/najlepszy-z-najlepszych-na-tour-de-france-pobil-niesamowity-rekord\/\",\"name\":\"Najlepszy z najlepszych! Na Tour de France pobi\u0142 niesamowity rekord - \u0160koda We Love Cycling - Poland\",\"isPartOf\":{\"@id\":\"https:\/\/www.welovecycling.com\/pl\/#website\"},\"primaryImageOfPage\":{\"@id\":\"https:\/\/www.welovecycling.com\/pl\/2019\/08\/01\/najlepszy-z-najlepszych-na-tour-de-france-pobil-niesamowity-rekord\/#primaryimage\"},\"image\":{\"@id\":\"https:\/\/www.welovecycling.com\/pl\/2019\/08\/01\/najlepszy-z-najlepszych-na-tour-de-france-pobil-niesamowity-rekord\/#primaryimage\"},\"thumbnailUrl\":\"https:\/\/d2p6e6u75xmxt8.cloudfront.net\/5\/2019\/08\/21ab8.jpg\",\"datePublished\":\"2019-08-01T08:09:27+00:00\",\"dateModified\":\"2019-08-01T08:10:44+00:00\",\"author\":{\"@id\":\"https:\/\/www.welovecycling.com\/pl\/#\/schema\/person\/0dba2d39da943db9df3fd8f4687e7f23\"},\"breadcrumb\":{\"@id\":\"https:\/\/www.welovecycling.com\/pl\/2019\/08\/01\/najlepszy-z-najlepszych-na-tour-de-france-pobil-niesamowity-rekord\/#breadcrumb\"},\"inLanguage\":\"pl-PL\",\"potentialAction\":[{\"@type\":\"ReadAction\",\"target\":[\"https:\/\/www.welovecycling.com\/pl\/2019\/08\/01\/najlepszy-z-najlepszych-na-tour-de-france-pobil-niesamowity-rekord\/\"]}]},{\"@type\":\"ImageObject\",\"inLanguage\":\"pl-PL\",\"@id\":\"https:\/\/www.welovecycling.com\/pl\/2019\/08\/01\/najlepszy-z-najlepszych-na-tour-de-france-pobil-niesamowity-rekord\/#primaryimage\",\"url\":\"https:\/\/d2p6e6u75xmxt8.cloudfront.net\/5\/2019\/08\/21ab8.jpg\",\"contentUrl\":\"https:\/\/d2p6e6u75xmxt8.cloudfront.net\/5\/2019\/08\/21ab8.jpg\",\"width\":1000,\"height\":667,\"caption\":\"Tour de France 2019 - 28\/07\/2019 - Etape 21 - Rambouillet \/ Paris Champs-Elys\u00e9es (128 km) - Peter SAGAN (BORA - HANSGROHE) et EGAN BERNAL (TEAM INEOS) \u00a9 A.S.O.\/Alex BROADWAY\"},{\"@type\":\"BreadcrumbList\",\"@id\":\"https:\/\/www.welovecycling.com\/pl\/2019\/08\/01\/najlepszy-z-najlepszych-na-tour-de-france-pobil-niesamowity-rekord\/#breadcrumb\",\"itemListElement\":[{\"@type\":\"ListItem\",\"position\":1,\"name\":\"Home\",\"item\":\"https:\/\/www.welovecycling.com\/pl\/\"},{\"@type\":\"ListItem\",\"position\":2,\"name\":\"Najlepszy z najlepszych! Na Tour de France pobi\u0142 niesamowity rekord\"}]},{\"@type\":\"WebSite\",\"@id\":\"https:\/\/www.welovecycling.com\/pl\/#website\",\"url\":\"https:\/\/www.welovecycling.com\/pl\/\",\"name\":\"\u0160koda We Love Cycling - Poland\",\"description\":\"\",\"potentialAction\":[{\"@type\":\"SearchAction\",\"target\":{\"@type\":\"EntryPoint\",\"urlTemplate\":\"https:\/\/www.welovecycling.com\/pl\/?s={search_term_string}\"},\"query-input\":{\"@type\":\"PropertyValueSpecification\",\"valueRequired\":true,\"valueName\":\"search_term_string\"}}],\"inLanguage\":\"pl-PL\"},{\"@type\":\"Person\",\"@id\":\"https:\/\/www.welovecycling.com\/pl\/#\/schema\/person\/0dba2d39da943db9df3fd8f4687e7f23\",\"name\":\"piotrboczkowski\",\"image\":{\"@type\":\"ImageObject\",\"inLanguage\":\"pl-PL\",\"@id\":\"https:\/\/www.welovecycling.com\/pl\/#\/schema\/person\/image\/\",\"url\":\"https:\/\/secure.gravatar.com\/avatar\/533caccae14752e03a2ce2d3fd62d1b98b93e1393c3195c27819e53344ca1ace?s=96&d=mm&r=g\",\"contentUrl\":\"https:\/\/secure.gravatar.com\/avatar\/533caccae14752e03a2ce2d3fd62d1b98b93e1393c3195c27819e53344ca1ace?s=96&d=mm&r=g\",\"caption\":\"piotrboczkowski\"},\"url\":\"https:\/\/www.welovecycling.com\/pl\/author\/piotrboczkowski\/\"}]}<\/script>\n<!-- \/ Yoast SEO Premium plugin. -->","yoast_head_json":{"title":"Najlepszy z najlepszych! Na Tour de France pobi\u0142 niesamowity rekord - \u0160koda We Love Cycling - Poland","robots":{"index":"index","follow":"follow","max-snippet":"max-snippet:-1","max-image-preview":"max-image-preview:large","max-video-preview":"max-video-preview:-1"},"canonical":"https:\/\/www.welovecycling.com\/pl\/2019\/08\/01\/najlepszy-z-najlepszych-na-tour-de-france-pobil-niesamowity-rekord\/","og_locale":"pl_PL","og_type":"article","og_title":"Najlepszy z najlepszych! Na Tour de France pobi\u0142 niesamowity rekord","og_description":"To nie tylko najlepszy sprinter tegorocznego Tour de France. Ba, to nawet nie najlepszy sprinter naszych czas\u00f3w. Peter Sagan w\u0142a\u015bnie [&hellip;]","og_url":"https:\/\/www.welovecycling.com\/pl\/2019\/08\/01\/najlepszy-z-najlepszych-na-tour-de-france-pobil-niesamowity-rekord\/","og_site_name":"\u0160koda We Love Cycling - Poland","article_published_time":"2019-08-01T08:09:27+00:00","article_modified_time":"2019-08-01T08:10:44+00:00","og_image":[{"width":1000,"height":667,"url":"https:\/\/d2p6e6u75xmxt8.cloudfront.net\/5\/2019\/08\/21ab8.jpg","type":"image\/jpeg"}],"author":"piotrboczkowski","twitter_card":"summary_large_image","twitter_misc":{"Written by":"piotrboczkowski","Est. reading time":"3 minutes"},"schema":{"@context":"https:\/\/schema.org","@graph":[{"@type":"WebPage","@id":"https:\/\/www.welovecycling.com\/pl\/2019\/08\/01\/najlepszy-z-najlepszych-na-tour-de-france-pobil-niesamowity-rekord\/","url":"https:\/\/www.welovecycling.com\/pl\/2019\/08\/01\/najlepszy-z-najlepszych-na-tour-de-france-pobil-niesamowity-rekord\/","name":"Najlepszy z najlepszych! Na Tour de France pobi\u0142 niesamowity rekord - \u0160koda We Love Cycling - Poland","isPartOf":{"@id":"https:\/\/www.welovecycling.com\/pl\/#website"},"primaryImageOfPage":{"@id":"https:\/\/www.welovecycling.com\/pl\/2019\/08\/01\/najlepszy-z-najlepszych-na-tour-de-france-pobil-niesamowity-rekord\/#primaryimage"},"image":{"@id":"https:\/\/www.welovecycling.com\/pl\/2019\/08\/01\/najlepszy-z-najlepszych-na-tour-de-france-pobil-niesamowity-rekord\/#primaryimage"},"thumbnailUrl":"https:\/\/d2p6e6u75xmxt8.cloudfront.net\/5\/2019\/08\/21ab8.jpg","datePublished":"2019-08-01T08:09:27+00:00","dateModified":"2019-08-01T08:10:44+00:00","author":{"@id":"https:\/\/www.welovecycling.com\/pl\/#\/schema\/person\/0dba2d39da943db9df3fd8f4687e7f23"},"breadcrumb":{"@id":"https:\/\/www.welovecycling.com\/pl\/2019\/08\/01\/najlepszy-z-najlepszych-na-tour-de-france-pobil-niesamowity-rekord\/#breadcrumb"},"inLanguage":"pl-PL","potentialAction":[{"@type":"ReadAction","target":["https:\/\/www.welovecycling.com\/pl\/2019\/08\/01\/najlepszy-z-najlepszych-na-tour-de-france-pobil-niesamowity-rekord\/"]}]},{"@type":"ImageObject","inLanguage":"pl-PL","@id":"https:\/\/www.welovecycling.com\/pl\/2019\/08\/01\/najlepszy-z-najlepszych-na-tour-de-france-pobil-niesamowity-rekord\/#primaryimage","url":"https:\/\/d2p6e6u75xmxt8.cloudfront.net\/5\/2019\/08\/21ab8.jpg","contentUrl":"https:\/\/d2p6e6u75xmxt8.cloudfront.net\/5\/2019\/08\/21ab8.jpg","width":1000,"height":667,"caption":"Tour de France 2019 - 28\/07\/2019 - Etape 21 - Rambouillet \/ Paris Champs-Elys\u00e9es (128 km) - Peter SAGAN (BORA - HANSGROHE) et EGAN BERNAL (TEAM INEOS) \u00a9 A.S.O.\/Alex BROADWAY"},{"@type":"BreadcrumbList","@id":"https:\/\/www.welovecycling.com\/pl\/2019\/08\/01\/najlepszy-z-najlepszych-na-tour-de-france-pobil-niesamowity-rekord\/#breadcrumb","itemListElement":[{"@type":"ListItem","position":1,"name":"Home","item":"https:\/\/www.welovecycling.com\/pl\/"},{"@type":"ListItem","position":2,"name":"Najlepszy z najlepszych! Na Tour de France pobi\u0142 niesamowity rekord"}]},{"@type":"WebSite","@id":"https:\/\/www.welovecycling.com\/pl\/#website","url":"https:\/\/www.welovecycling.com\/pl\/","name":"\u0160koda We Love Cycling - Poland","description":"","potentialAction":[{"@type":"SearchAction","target":{"@type":"EntryPoint","urlTemplate":"https:\/\/www.welovecycling.com\/pl\/?s={search_term_string}"},"query-input":{"@type":"PropertyValueSpecification","valueRequired":true,"valueName":"search_term_string"}}],"inLanguage":"pl-PL"},{"@type":"Person","@id":"https:\/\/www.welovecycling.com\/pl\/#\/schema\/person\/0dba2d39da943db9df3fd8f4687e7f23","name":"piotrboczkowski","image":{"@type":"ImageObject","inLanguage":"pl-PL","@id":"https:\/\/www.welovecycling.com\/pl\/#\/schema\/person\/image\/","url":"https:\/\/secure.gravatar.com\/avatar\/533caccae14752e03a2ce2d3fd62d1b98b93e1393c3195c27819e53344ca1ace?s=96&d=mm&r=g","contentUrl":"https:\/\/secure.gravatar.com\/avatar\/533caccae14752e03a2ce2d3fd62d1b98b93e1393c3195c27819e53344ca1ace?s=96&d=mm&r=g","caption":"piotrboczkowski"},"url":"https:\/\/www.welovecycling.com\/pl\/author\/piotrboczkowski\/"}]}},"_links":{"self":[{"href":"https:\/\/www.welovecycling.com\/pl\/wp-json\/wp\/v2\/posts\/9461","targetHints":{"allow":["GET"]}}],"collection":[{"href":"https:\/\/www.welovecycling.com\/pl\/wp-json\/wp\/v2\/posts"}],"about":[{"href":"https:\/\/www.welovecycling.com\/pl\/wp-json\/wp\/v2\/types\/post"}],"author":[{"embeddable":true,"href":"https:\/\/www.welovecycling.com\/pl\/wp-json\/wp\/v2\/users\/76"}],"replies":[{"embeddable":true,"href":"https:\/\/www.welovecycling.com\/pl\/wp-json\/wp\/v2\/comments?post=9461"}],"version-history":[{"count":2,"href":"https:\/\/www.welovecycling.com\/pl\/wp-json\/wp\/v2\/posts\/9461\/revisions"}],"predecessor-version":[{"id":9465,"href":"https:\/\/www.welovecycling.com\/pl\/wp-json\/wp\/v2\/posts\/9461\/revisions\/9465"}],"wp:featuredmedia":[{"embeddable":true,"href":"https:\/\/www.welovecycling.com\/pl\/wp-json\/wp\/v2\/media\/9462"}],"wp:attachment":[{"href":"https:\/\/www.welovecycling.com\/pl\/wp-json\/wp\/v2\/media?parent=9461"}],"wp:term":[{"taxonomy":"category","embeddable":true,"href":"https:\/\/www.welovecycling.com\/pl\/wp-json\/wp\/v2\/categories?post=9461"},{"taxonomy":"post_tag","embeddable":true,"href":"https:\/\/www.welovecycling.com\/pl\/wp-json\/wp\/v2\/tags?post=9461"},{"taxonomy":"global-categories","embeddable":true,"href":"https:\/\/www.welovecycling.com\/pl\/wp-json\/wp\/v2\/global-categories?post=9461"}],"curies":[{"name":"wp","href":"https:\/\/api.w.org\/{rel}","templated":true}]}}