{"id":9457,"date":"2019-07-31T08:35:21","date_gmt":"2019-07-31T08:35:21","guid":{"rendered":"https:\/\/www.welovecycling.com\/pl\/?p=9457"},"modified":"2019-07-31T09:05:23","modified_gmt":"2019-07-31T09:05:23","slug":"profesor-znow-zaatakowal-plan-na-tour-de-france-byl-jednak-troche-inny","status":"publish","type":"post","link":"https:\/\/www.welovecycling.com\/pl\/2019\/07\/31\/profesor-znow-zaatakowal-plan-na-tour-de-france-byl-jednak-troche-inny\/","title":{"rendered":"\u201eProfesor\u201d zn\u00f3w zaatakowa\u0142! Plan na Tour de France by\u0142 jednak troch\u0119 inny\u2026"},"content":{"rendered":"<ul>\n<li><strong>Na Polach Elizejskich jakby mia\u0142 zarezerwowan\u0105 miejsc\u00f3wk\u0119. I to najlepsz\u0105, bo na samym podium. W tym roku Romain Bardet stan\u0105\u0142 na nim jako zwyci\u0119zca klasyfikacji g\u00f3rskiej, ale po drodze musia\u0142 prze\u0142ama\u0107 powa\u017cany kryzys.<\/strong><\/li>\n<\/ul>\n<p>Wielka P\u0119tla bez Bardeta na podium to jak etap przyja\u017ani bez szampana, bo w ostatnich pi\u0119ciu latach Francuza w\u015br\u00f3d najlepszych zabrak\u0142o tylko raz! Jest tylko jeden problem &#8211; ani razu po Polach Elizejskich nie paradowa\u0142 w \u017c\u00f3\u0142tej koszulce zwyci\u0119zcy.<\/p>\n<p><span style=\"font-size: 18pt;\"><strong>Koszmar trwa<\/strong><\/span><\/p>\n<p>Miliony Francuz\u00f3w liczy\u0142o, \u017ce to b\u0119dzie ten wy\u015bcig. \u017be w\u0142a\u015bnie w 2019 roku zostanie przerwany ich trwaj\u0105cy od 35 lat koszmar, kt\u00f3rego fina\u0142 jest zawsze ten sam \u2013 brak zwyci\u0119stwa ich rodaka w Tour de France.<\/p>\n<p>Gdy okaza\u0142o si\u0119, \u017ce w tym roku w Wielkiej P\u0119tli nie pojedzie Christopher Fromme, nadzieje w gospodarzach od\u017cy\u0142y jeszcze mocniej. W\u015br\u00f3d kandydat\u00f3w do zwyci\u0119stwa wymieniali Thibauta Pinot, Juliana Alaphilippe\u2019a, a tak\u017ce Bardeta.<\/p>\n<p>&#8211; Musimy \u017cy\u0107 oczekiwaniami kibic\u00f3w, medi\u00f3w i naszych partner\u00f3w, kt\u00f3rzy chc\u0105 widzie\u0107 blask bij\u0105cy od francuskiego zespo\u0142u. Mamy mocn\u0105 ekip\u0119 zbudowan\u0105 wok\u00f3\u0142 Romaina Bardeta \u2013 podkre\u015bla\u0142 Laurent Biondi, mened\u017cer AG2R La Mondiale.<\/p>\n<p>Cho\u0107 29-letni Francuz wygra\u0142 klasyfikacj\u0119 g\u00f3rsk\u0105, to jednak \u2013 szczeg\u00f3lnie na pocz\u0105tku wy\u015bcigu &#8211; czu\u0142 wielkie rozczarowanie i pogrzeba\u0142 szans\u0119 na zwyci\u0119stwo w klasyfikacji generalnej.<\/p>\n<p><span style=\"font-size: 18pt;\"><strong>Gorzka prawda<\/strong><\/span><\/p>\n<p>W peletonie czasem nazywaj\u0105 go \u201eprofesorem\u201d. I nie chodzi nawet o kolarskie do\u015bwiadczenie, ale zaci\u0119cie do nauki. Syn piel\u0119gniarki oraz nauczyciela postanowi\u0142 zaprzeczy\u0107 teorii, \u017ce profesjonalni kolarze nie mog\u0105 r\u00f3wnocze\u015bnie si\u0119 kszta\u0142ci\u0107 i wraz z przej\u015bciem na zawodowstwo, rozpocz\u0105\u0142 studia z zakresu biznesu dostosowane do profesjonalnych sportowc\u00f3w.<\/p>\n<p>Wkr\u00f3tce po tym by\u0142 ju\u017c jednym z najbardziej znanych student\u00f3w, bo w Wielkiej P\u0119tli zaj\u0105\u0142 drugie i trzecie miejsce w klasyfikacji generalnej, z podium odbiera\u0142 r\u00f3wnie\u017c nagrod\u0119 dla najaktywniejszego zawodnika wy\u015bcigu. Te wszystkie trofea ch\u0119tnie wrzuci\u0142by jednak do wielkiego kub\u0142a i wymieni\u0142 na \u017c\u00f3\u0142t\u0105 koszulk\u0119 lidera Tour de France.<\/p>\n<p>W tym roku spad\u0142o na niego jednak zbyt wiele kolarskich plag. Tu\u017c przed Tour de France dopad\u0142a go infekcja, nast\u0119pnie szuka\u0142 odpowiedniego sprz\u0119tu, ale najwi\u0119kszym problemem by\u0142y jednak nogi, kt\u00f3ry nie naciska\u0142y na peda\u0142y z tak\u0105 moc\u0105 oraz si\u0142\u0105, jak chcia\u0142by Bardet.<\/p>\n<p>&#8211; Gorzka prawda jest taka, \u017ce to nie by\u0142 m\u00f3j poziom i szybko musz\u0119 zdiagnozowa\u0107 co si\u0119 sta\u0142o. Nie wiem, czemu a\u017c tak cierpia\u0142em \u2013 m\u00f3wi\u0142 Bardet po etapie w Pirenejach, kt\u00f3ry kosztowa\u0142 go wiele si\u0142 i pokaza\u0142, \u017ce plany wygrania Wielkiej P\u0119tli zn\u00f3w b\u0119dzie trzeba od\u0142o\u017cy\u0107.<\/p>\n<p><span style=\"font-size: 18pt;\"><strong>Seria Francuz\u00f3w<\/strong><\/span><\/p>\n<p>Mimo kryzysu formy i nie najlepszego samopoczucia, Bardet systematycznie zbiera\u0142 punkty w klasyfikacji g\u00f3rskiej. \u2013 W tym wy\u015bcigu jest jeszcze wiele do zrobienia \u2013 podkre\u015bla\u0142.<\/p>\n<p>A walczy\u0142 z nie byle kim, bo w czo\u0142\u00f3wce klasyfikacji g\u00f3rskiej czai\u0142 si\u0119 niesamowity Egan Bernal, zwyci\u0119zca ca\u0142ego wy\u015bcigu, kt\u00f3ry w wy\u015bcigu po koszulk\u0119 w grochy ostatecznie by\u0142 drugi.<\/p>\n<p>\u2013 Tegoroczna Wielka P\u0119tla nie by\u0142a \u0142atwa, ale jako dru\u017cyna dali\u015bmy rad\u0119. Dzi\u0119ki wygraniu klasyfikacji g\u00f3rskiej zn\u00f3w stan\u0105\u0142em na podium. Ta koszulka pokazuje, \u017ce nigdy nie wolno si\u0119 poddawa\u0107. Dla mnie nie by\u0142 to mo\u017ce \u015bwietny rok, ale nigdy nie mo\u017cna traci\u0107 wiary w siebie\u2013 podkre\u015bla Bardet.<\/p>\n<figure id=\"attachment_9458\" aria-describedby=\"caption-attachment-9458\" style=\"width: 1000px\" class=\"wp-caption aligncenter\"><img loading=\"lazy\" decoding=\"async\" class=\"size-full wp-image-9458\" src=\"https:\/\/d2p6e6u75xmxt8.cloudfront.net\/5\/2019\/07\/101ee.jpg\" alt=\"\" width=\"1000\" height=\"666\" srcset=\"https:\/\/d2p6e6u75xmxt8.cloudfront.net\/5\/2019\/07\/101ee.jpg 1000w, https:\/\/d2p6e6u75xmxt8.cloudfront.net\/5\/2019\/07\/101ee-300x200.jpg 300w, https:\/\/d2p6e6u75xmxt8.cloudfront.net\/5\/2019\/07\/101ee-768x511.jpg 768w, https:\/\/d2p6e6u75xmxt8.cloudfront.net\/5\/2019\/07\/101ee-272x182.jpg 272w\" sizes=\"auto, (max-width: 1000px) 100vw, 1000px\" \/><figcaption id=\"caption-attachment-9458\" class=\"wp-caption-text\">Tour de France 2019 &#8211; 27\/07\/2019 &#8211; Etape 20 &#8211; Albertville \/ Val Thorens (59,5 km) &#8211; Romain BARDET (AG2R LA MONDIALE) Avec le maillot \u00e0 pois \u00a9 A.S.O.\/Alex BROADWAY<\/figcaption><\/figure>\n<p>29-letni kolarz zosta\u0142 trzecim Francuzem z rz\u0119du, kt\u00f3ry wygra\u0142 klasyfikacj\u0119 g\u00f3rsk\u0105 Wielkiej P\u0119tli. W ubieg\u0142orocznym wy\u015bcigu zdoby\u0142 j\u0105 Julian Alaphilippe, a wcze\u015bniej Warren Barguil. Ostatnim triumfatorem w tej klasyfikacji, kt\u00f3ry nie by\u0142 Francuzem, jest Rafa\u0142 Majka, kt\u00f3ry w koszulce w grochy po Polach Elizejskich paradowa\u0142 w 2016 i 2014 roku.<\/p>\n<style type=\"text\/css\"><!--td {border: 1px solid #ccc;}br {mso-data-placement:same-cell;}--><\/style>\n<p><span data-sheets-value=\"{&quot;1&quot;:2,&quot;2&quot;:&quot;Artyku\u0142 powsta\u0142 we wsp\u00f3\u0142pracy ze skoda-auto.pl&quot;}\" data-sheets-userformat=\"{&quot;2&quot;:1,&quot;3&quot;:{&quot;1&quot;:0}}\"><a class=\"in-cell-link\" href=\"http:\/\/www.skoda-auto.pl\/\" target=\"_blank\" rel=\"noopener\">Artyku\u0142 powsta\u0142 we wsp\u00f3\u0142pracy ze skoda-auto.pl<\/a><\/span><\/p>\n","protected":false},"excerpt":{"rendered":"<p>Na Polach Elizejskich jakby mia\u0142 zarezerwowan\u0105 miejsc\u00f3wk\u0119. I to najlepsz\u0105, bo na samym podium. W tym roku Romain Bardet stan\u0105\u0142 [&hellip;]<\/p>\n","protected":false},"author":76,"featured_media":9458,"comment_status":"open","ping_status":"open","sticky":false,"template":"","format":"standard","meta":{"footnotes":""},"categories":[300],"tags":[],"global-categories":[],"class_list":["post-9457","post","type-post","status-publish","format-standard","has-post-thumbnail","hentry","category-tour-de-france-2019"],"yoast_head":"<!-- This site is optimized with the Yoast SEO Premium plugin v25.3 (Yoast SEO v25.9) - https:\/\/yoast.com\/wordpress\/plugins\/seo\/ -->\n<title>\u201eProfesor\u201d zn\u00f3w zaatakowa\u0142! Plan na Tour de France by\u0142 jednak troch\u0119 inny\u2026 - \u0160koda We Love Cycling - Poland<\/title>\n<meta name=\"robots\" content=\"index, follow, max-snippet:-1, max-image-preview:large, max-video-preview:-1\" \/>\n<link rel=\"canonical\" href=\"https:\/\/www.welovecycling.com\/pl\/2019\/07\/31\/profesor-znow-zaatakowal-plan-na-tour-de-france-byl-jednak-troche-inny\/\" \/>\n<meta property=\"og:locale\" content=\"pl_PL\" \/>\n<meta property=\"og:type\" content=\"article\" \/>\n<meta property=\"og:title\" content=\"\u201eProfesor\u201d zn\u00f3w zaatakowa\u0142! Plan na Tour de France by\u0142 jednak troch\u0119 inny\u2026\" \/>\n<meta property=\"og:description\" content=\"Na Polach Elizejskich jakby mia\u0142 zarezerwowan\u0105 miejsc\u00f3wk\u0119. I to najlepsz\u0105, bo na samym podium. W tym roku Romain Bardet stan\u0105\u0142 [&hellip;]\" \/>\n<meta property=\"og:url\" content=\"https:\/\/www.welovecycling.com\/pl\/2019\/07\/31\/profesor-znow-zaatakowal-plan-na-tour-de-france-byl-jednak-troche-inny\/\" \/>\n<meta property=\"og:site_name\" content=\"\u0160koda We Love Cycling - Poland\" \/>\n<meta property=\"article:published_time\" content=\"2019-07-31T08:35:21+00:00\" \/>\n<meta property=\"article:modified_time\" content=\"2019-07-31T09:05:23+00:00\" \/>\n<meta property=\"og:image\" content=\"https:\/\/d2p6e6u75xmxt8.cloudfront.net\/5\/2019\/07\/101ee.jpg\" \/>\n\t<meta property=\"og:image:width\" content=\"1000\" \/>\n\t<meta property=\"og:image:height\" content=\"666\" \/>\n\t<meta property=\"og:image:type\" content=\"image\/jpeg\" \/>\n<meta name=\"author\" content=\"piotrboczkowski\" \/>\n<meta name=\"twitter:card\" content=\"summary_large_image\" \/>\n<meta name=\"twitter:label1\" content=\"Written by\" \/>\n\t<meta name=\"twitter:data1\" content=\"Piotr Nowik\" \/>\n\t<meta name=\"twitter:label2\" content=\"Est. reading time\" \/>\n\t<meta name=\"twitter:data2\" content=\"3 minutes\" \/>\n<script type=\"application\/ld+json\" class=\"yoast-schema-graph\">{\"@context\":\"https:\/\/schema.org\",\"@graph\":[{\"@type\":\"WebPage\",\"@id\":\"https:\/\/www.welovecycling.com\/pl\/2019\/07\/31\/profesor-znow-zaatakowal-plan-na-tour-de-france-byl-jednak-troche-inny\/\",\"url\":\"https:\/\/www.welovecycling.com\/pl\/2019\/07\/31\/profesor-znow-zaatakowal-plan-na-tour-de-france-byl-jednak-troche-inny\/\",\"name\":\"\u201eProfesor\u201d zn\u00f3w zaatakowa\u0142! Plan na Tour de France by\u0142 jednak troch\u0119 inny\u2026 - \u0160koda We Love Cycling - Poland\",\"isPartOf\":{\"@id\":\"https:\/\/www.welovecycling.com\/pl\/#website\"},\"primaryImageOfPage\":{\"@id\":\"https:\/\/www.welovecycling.com\/pl\/2019\/07\/31\/profesor-znow-zaatakowal-plan-na-tour-de-france-byl-jednak-troche-inny\/#primaryimage\"},\"image\":{\"@id\":\"https:\/\/www.welovecycling.com\/pl\/2019\/07\/31\/profesor-znow-zaatakowal-plan-na-tour-de-france-byl-jednak-troche-inny\/#primaryimage\"},\"thumbnailUrl\":\"https:\/\/d2p6e6u75xmxt8.cloudfront.net\/5\/2019\/07\/101ee.jpg\",\"datePublished\":\"2019-07-31T08:35:21+00:00\",\"dateModified\":\"2019-07-31T09:05:23+00:00\",\"author\":{\"@id\":\"https:\/\/www.welovecycling.com\/pl\/#\/schema\/person\/0dba2d39da943db9df3fd8f4687e7f23\"},\"breadcrumb\":{\"@id\":\"https:\/\/www.welovecycling.com\/pl\/2019\/07\/31\/profesor-znow-zaatakowal-plan-na-tour-de-france-byl-jednak-troche-inny\/#breadcrumb\"},\"inLanguage\":\"pl-PL\",\"potentialAction\":[{\"@type\":\"ReadAction\",\"target\":[\"https:\/\/www.welovecycling.com\/pl\/2019\/07\/31\/profesor-znow-zaatakowal-plan-na-tour-de-france-byl-jednak-troche-inny\/\"]}]},{\"@type\":\"ImageObject\",\"inLanguage\":\"pl-PL\",\"@id\":\"https:\/\/www.welovecycling.com\/pl\/2019\/07\/31\/profesor-znow-zaatakowal-plan-na-tour-de-france-byl-jednak-troche-inny\/#primaryimage\",\"url\":\"https:\/\/d2p6e6u75xmxt8.cloudfront.net\/5\/2019\/07\/101ee.jpg\",\"contentUrl\":\"https:\/\/d2p6e6u75xmxt8.cloudfront.net\/5\/2019\/07\/101ee.jpg\",\"width\":1000,\"height\":666,\"caption\":\"Tour de France 2019 - 27\/07\/2019 - Etape 20 - Albertville \/ Val Thorens (59,5 km) - Romain BARDET (AG2R LA MONDIALE) Avec le maillot \u00e0 pois \u00a9 A.S.O.\/Alex BROADWAY\"},{\"@type\":\"BreadcrumbList\",\"@id\":\"https:\/\/www.welovecycling.com\/pl\/2019\/07\/31\/profesor-znow-zaatakowal-plan-na-tour-de-france-byl-jednak-troche-inny\/#breadcrumb\",\"itemListElement\":[{\"@type\":\"ListItem\",\"position\":1,\"name\":\"Home\",\"item\":\"https:\/\/www.welovecycling.com\/pl\/\"},{\"@type\":\"ListItem\",\"position\":2,\"name\":\"\u201eProfesor\u201d zn\u00f3w zaatakowa\u0142! Plan na Tour de France by\u0142 jednak troch\u0119 inny\u2026\"}]},{\"@type\":\"WebSite\",\"@id\":\"https:\/\/www.welovecycling.com\/pl\/#website\",\"url\":\"https:\/\/www.welovecycling.com\/pl\/\",\"name\":\"\u0160koda We Love Cycling - Poland\",\"description\":\"\",\"potentialAction\":[{\"@type\":\"SearchAction\",\"target\":{\"@type\":\"EntryPoint\",\"urlTemplate\":\"https:\/\/www.welovecycling.com\/pl\/?s={search_term_string}\"},\"query-input\":{\"@type\":\"PropertyValueSpecification\",\"valueRequired\":true,\"valueName\":\"search_term_string\"}}],\"inLanguage\":\"pl-PL\"},{\"@type\":\"Person\",\"@id\":\"https:\/\/www.welovecycling.com\/pl\/#\/schema\/person\/0dba2d39da943db9df3fd8f4687e7f23\",\"name\":\"piotrboczkowski\",\"image\":{\"@type\":\"ImageObject\",\"inLanguage\":\"pl-PL\",\"@id\":\"https:\/\/www.welovecycling.com\/pl\/#\/schema\/person\/image\/\",\"url\":\"https:\/\/secure.gravatar.com\/avatar\/533caccae14752e03a2ce2d3fd62d1b98b93e1393c3195c27819e53344ca1ace?s=96&d=mm&r=g\",\"contentUrl\":\"https:\/\/secure.gravatar.com\/avatar\/533caccae14752e03a2ce2d3fd62d1b98b93e1393c3195c27819e53344ca1ace?s=96&d=mm&r=g\",\"caption\":\"piotrboczkowski\"},\"url\":\"https:\/\/www.welovecycling.com\/pl\/author\/piotrboczkowski\/\"}]}<\/script>\n<!-- \/ Yoast SEO Premium plugin. -->","yoast_head_json":{"title":"\u201eProfesor\u201d zn\u00f3w zaatakowa\u0142! Plan na Tour de France by\u0142 jednak troch\u0119 inny\u2026 - \u0160koda We Love Cycling - Poland","robots":{"index":"index","follow":"follow","max-snippet":"max-snippet:-1","max-image-preview":"max-image-preview:large","max-video-preview":"max-video-preview:-1"},"canonical":"https:\/\/www.welovecycling.com\/pl\/2019\/07\/31\/profesor-znow-zaatakowal-plan-na-tour-de-france-byl-jednak-troche-inny\/","og_locale":"pl_PL","og_type":"article","og_title":"\u201eProfesor\u201d zn\u00f3w zaatakowa\u0142! Plan na Tour de France by\u0142 jednak troch\u0119 inny\u2026","og_description":"Na Polach Elizejskich jakby mia\u0142 zarezerwowan\u0105 miejsc\u00f3wk\u0119. I to najlepsz\u0105, bo na samym podium. W tym roku Romain Bardet stan\u0105\u0142 [&hellip;]","og_url":"https:\/\/www.welovecycling.com\/pl\/2019\/07\/31\/profesor-znow-zaatakowal-plan-na-tour-de-france-byl-jednak-troche-inny\/","og_site_name":"\u0160koda We Love Cycling - Poland","article_published_time":"2019-07-31T08:35:21+00:00","article_modified_time":"2019-07-31T09:05:23+00:00","og_image":[{"width":1000,"height":666,"url":"https:\/\/d2p6e6u75xmxt8.cloudfront.net\/5\/2019\/07\/101ee.jpg","type":"image\/jpeg"}],"author":"piotrboczkowski","twitter_card":"summary_large_image","twitter_misc":{"Written by":"Piotr Nowik","Est. reading time":"3 minutes"},"schema":{"@context":"https:\/\/schema.org","@graph":[{"@type":"WebPage","@id":"https:\/\/www.welovecycling.com\/pl\/2019\/07\/31\/profesor-znow-zaatakowal-plan-na-tour-de-france-byl-jednak-troche-inny\/","url":"https:\/\/www.welovecycling.com\/pl\/2019\/07\/31\/profesor-znow-zaatakowal-plan-na-tour-de-france-byl-jednak-troche-inny\/","name":"\u201eProfesor\u201d zn\u00f3w zaatakowa\u0142! Plan na Tour de France by\u0142 jednak troch\u0119 inny\u2026 - \u0160koda We Love Cycling - Poland","isPartOf":{"@id":"https:\/\/www.welovecycling.com\/pl\/#website"},"primaryImageOfPage":{"@id":"https:\/\/www.welovecycling.com\/pl\/2019\/07\/31\/profesor-znow-zaatakowal-plan-na-tour-de-france-byl-jednak-troche-inny\/#primaryimage"},"image":{"@id":"https:\/\/www.welovecycling.com\/pl\/2019\/07\/31\/profesor-znow-zaatakowal-plan-na-tour-de-france-byl-jednak-troche-inny\/#primaryimage"},"thumbnailUrl":"https:\/\/d2p6e6u75xmxt8.cloudfront.net\/5\/2019\/07\/101ee.jpg","datePublished":"2019-07-31T08:35:21+00:00","dateModified":"2019-07-31T09:05:23+00:00","author":{"@id":"https:\/\/www.welovecycling.com\/pl\/#\/schema\/person\/0dba2d39da943db9df3fd8f4687e7f23"},"breadcrumb":{"@id":"https:\/\/www.welovecycling.com\/pl\/2019\/07\/31\/profesor-znow-zaatakowal-plan-na-tour-de-france-byl-jednak-troche-inny\/#breadcrumb"},"inLanguage":"pl-PL","potentialAction":[{"@type":"ReadAction","target":["https:\/\/www.welovecycling.com\/pl\/2019\/07\/31\/profesor-znow-zaatakowal-plan-na-tour-de-france-byl-jednak-troche-inny\/"]}]},{"@type":"ImageObject","inLanguage":"pl-PL","@id":"https:\/\/www.welovecycling.com\/pl\/2019\/07\/31\/profesor-znow-zaatakowal-plan-na-tour-de-france-byl-jednak-troche-inny\/#primaryimage","url":"https:\/\/d2p6e6u75xmxt8.cloudfront.net\/5\/2019\/07\/101ee.jpg","contentUrl":"https:\/\/d2p6e6u75xmxt8.cloudfront.net\/5\/2019\/07\/101ee.jpg","width":1000,"height":666,"caption":"Tour de France 2019 - 27\/07\/2019 - Etape 20 - Albertville \/ Val Thorens (59,5 km) - Romain BARDET (AG2R LA MONDIALE) Avec le maillot \u00e0 pois \u00a9 A.S.O.\/Alex BROADWAY"},{"@type":"BreadcrumbList","@id":"https:\/\/www.welovecycling.com\/pl\/2019\/07\/31\/profesor-znow-zaatakowal-plan-na-tour-de-france-byl-jednak-troche-inny\/#breadcrumb","itemListElement":[{"@type":"ListItem","position":1,"name":"Home","item":"https:\/\/www.welovecycling.com\/pl\/"},{"@type":"ListItem","position":2,"name":"\u201eProfesor\u201d zn\u00f3w zaatakowa\u0142! Plan na Tour de France by\u0142 jednak troch\u0119 inny\u2026"}]},{"@type":"WebSite","@id":"https:\/\/www.welovecycling.com\/pl\/#website","url":"https:\/\/www.welovecycling.com\/pl\/","name":"\u0160koda We Love Cycling - Poland","description":"","potentialAction":[{"@type":"SearchAction","target":{"@type":"EntryPoint","urlTemplate":"https:\/\/www.welovecycling.com\/pl\/?s={search_term_string}"},"query-input":{"@type":"PropertyValueSpecification","valueRequired":true,"valueName":"search_term_string"}}],"inLanguage":"pl-PL"},{"@type":"Person","@id":"https:\/\/www.welovecycling.com\/pl\/#\/schema\/person\/0dba2d39da943db9df3fd8f4687e7f23","name":"piotrboczkowski","image":{"@type":"ImageObject","inLanguage":"pl-PL","@id":"https:\/\/www.welovecycling.com\/pl\/#\/schema\/person\/image\/","url":"https:\/\/secure.gravatar.com\/avatar\/533caccae14752e03a2ce2d3fd62d1b98b93e1393c3195c27819e53344ca1ace?s=96&d=mm&r=g","contentUrl":"https:\/\/secure.gravatar.com\/avatar\/533caccae14752e03a2ce2d3fd62d1b98b93e1393c3195c27819e53344ca1ace?s=96&d=mm&r=g","caption":"piotrboczkowski"},"url":"https:\/\/www.welovecycling.com\/pl\/author\/piotrboczkowski\/"}]}},"_links":{"self":[{"href":"https:\/\/www.welovecycling.com\/pl\/wp-json\/wp\/v2\/posts\/9457","targetHints":{"allow":["GET"]}}],"collection":[{"href":"https:\/\/www.welovecycling.com\/pl\/wp-json\/wp\/v2\/posts"}],"about":[{"href":"https:\/\/www.welovecycling.com\/pl\/wp-json\/wp\/v2\/types\/post"}],"author":[{"embeddable":true,"href":"https:\/\/www.welovecycling.com\/pl\/wp-json\/wp\/v2\/users\/76"}],"replies":[{"embeddable":true,"href":"https:\/\/www.welovecycling.com\/pl\/wp-json\/wp\/v2\/comments?post=9457"}],"version-history":[{"count":2,"href":"https:\/\/www.welovecycling.com\/pl\/wp-json\/wp\/v2\/posts\/9457\/revisions"}],"predecessor-version":[{"id":9460,"href":"https:\/\/www.welovecycling.com\/pl\/wp-json\/wp\/v2\/posts\/9457\/revisions\/9460"}],"wp:featuredmedia":[{"embeddable":true,"href":"https:\/\/www.welovecycling.com\/pl\/wp-json\/wp\/v2\/media\/9458"}],"wp:attachment":[{"href":"https:\/\/www.welovecycling.com\/pl\/wp-json\/wp\/v2\/media?parent=9457"}],"wp:term":[{"taxonomy":"category","embeddable":true,"href":"https:\/\/www.welovecycling.com\/pl\/wp-json\/wp\/v2\/categories?post=9457"},{"taxonomy":"post_tag","embeddable":true,"href":"https:\/\/www.welovecycling.com\/pl\/wp-json\/wp\/v2\/tags?post=9457"},{"taxonomy":"global-categories","embeddable":true,"href":"https:\/\/www.welovecycling.com\/pl\/wp-json\/wp\/v2\/global-categories?post=9457"}],"curies":[{"name":"wp","href":"https:\/\/api.w.org\/{rel}","templated":true}]}}